{"id":161393,"date":"2026-04-28T13:37:38","date_gmt":"2026-04-28T13:37:38","guid":{"rendered":"http:\/\/04c18bfe-4301-11f1-b1e6-71be85c15ee8"},"modified":"2026-04-28T13:37:38","modified_gmt":"2026-04-28T13:37:38","slug":"%f0%9f%94%b4-en-directo-emiratos-arabes-unidos-anuncia-su-salida-de-la-opep-y-opep-a-partir-del-1-de-mayo","status":"publish","type":"post","link":"https:\/\/sarmiento24h.com\/?p=161393","title":{"rendered":"\ud83d\udd34 En directo: Emiratos \u00c1rabes Unidos anuncia su salida de la OPEP y OPEP+ a partir del 1 de mayo"},"content":{"rendered":"<nav class=\"m-breadcrumb\" role=\"navigation\">\n<ol class=\"m-breadcrumb__list\">\n<li class=\"m-breadcrumb__list__item\"><a href=\"https:\/\/www.france24.com\/es\/\" class=\"m-breadcrumb__list__item__link\"> Portada <\/a><\/li>\n<li class=\"m-breadcrumb__list__item\"> <svg class=\"a-svg a-svg--icon-caret-right a-svg--rotate-minus-90\"> <use xlink:href=\"\/build\/images\/svg\/sprite.c98bf387c90bc4a87186b0b783f15ba0.svg#icon-caret-down\" href=\"\/build\/images\/svg\/sprite.c98bf387c90bc4a87186b0b783f15ba0.svg#icon-caret-down\" \/> <\/svg><br \/>\n<a href=\"https:\/\/www.france24.com\/es\/medio-oriente\/\" class=\"m-breadcrumb__list__item__link\"> Medio Oriente <\/a><\/li>\n<\/ol>\n<\/nav>\n<div class=\"t-content__above-main\">\n<p>En Directo<\/p>\n<div class=\"m-master-tag\">\n<p> <span class=\"a-section-color\"><\/span> Medio Oriente <\/p>\n<\/p><\/div>\n<div class=\"t-content__metadata\" readability=\"5.4953271028037\">\n<div class=\"t-content__dates\" readability=\"32\">\n<p class=\"m-pub-dates\"><span class=\"m-pub-dates__date\">Primera modificaci\u00f3n: <time datetime=\"2026-04-28T12:14:40+00:00\" pubdate=\"pubdate\">28\/04\/2026 &#8211; 14:14<\/time><\/span><span class=\"m-pub-dates__date\">\u00daltima modificaci\u00f3n: <time datetime=\"2026-04-28T13:07:50+00:00\">28\/04\/2026 &#8211; 15:07<\/time><\/span><\/p>\n<\/p><\/div>\n<\/p><\/div>\n<div class=\"t-content__main-media\">\n<figure class=\"m-item-image m-item-image--16x9 m-item-image--has-caption\"> <picture class=\"a-picture a-picture--16x9\"><source type=\"image\/webp\" srcset=\"https:\/\/s.france24.com\/media\/display\/0ff3f42a-4302-11f1-911c-005056a90284\/w:388\/p:16x9\/000-A98C6CQ.webp 388w, https:\/\/s.france24.com\/media\/display\/0ff3f42a-4302-11f1-911c-005056a90284\/w:720\/p:16x9\/000-A98C6CQ.webp 720w, https:\/\/s.france24.com\/media\/display\/0ff3f42a-4302-11f1-911c-005056a90284\/w:1024\/p:16x9\/000-A98C6CQ.webp 1024w\" sizes=\"(max-width: 1076px) 100vw, 1012px\"><img fetchpriority=\"high\" decoding=\"auto\" src=\"https:\/\/s.france24.com\/media\/display\/0ff3f42a-4302-11f1-911c-005056a90284\/w:1024\/p:16x9\/000-A98C6CQ.jpg\" srcset=\"https:\/\/s.france24.com\/media\/display\/0ff3f42a-4302-11f1-911c-005056a90284\/w:388\/p:16x9\/000-A98C6CQ.jpg 388w, https:\/\/s.france24.com\/media\/display\/0ff3f42a-4302-11f1-911c-005056a90284\/w:720\/p:16x9\/000-A98C6CQ.jpg 720w, https:\/\/s.france24.com\/media\/display\/0ff3f42a-4302-11f1-911c-005056a90284\/w:1024\/p:16x9\/000-A98C6CQ.jpg 1024w\" sizes=\"(max-width: 1076px) 100vw, 1012px\" width=\"1024\" height=\"576\" alt=\"(FILES) An Emirati man stands at the oil terminal of Fujairah during the inauguration ceremony of a dock for supertankers on September 21, 2016. The United Arab Emirates will withdraw from the OPEC an\" loading=\"eager\" class=\"a-img \">\n<\/picture><figcaption class=\"a-figcaption\"> <span>ARCHIVADO) Un hombre emirat\u00ed permanece en la terminal petrolera de Fujairah durante la ceremonia de inauguraci\u00f3n de un muelle para superpetroleros el 21 de septiembre de 2016. Los Emiratos \u00c1rabes Unidos se retirar\u00e1n de los c\u00e1rteles petroleros OPEP y OPEP+ el 1 de mayo de 2026, informaron los medios estatales el 28 de abril de 2026, calific\u00e1ndolo como una decisi\u00f3n estrat\u00e9gica del importante productor.<\/span> <span>AFP &#8211; KARIM SAHIB<\/span> <\/figcaption><\/figure>\n<\/p><\/div>\n<\/p><\/div>\n<div class=\"t-content__main\" data-article-content readability=\"43.202143004327\">\n<p class=\"t-content__chapo\"> Emiratos \u00c1rabes Unidos abandona la OPEP el 1 de mayo para acelerar su producci\u00f3n energ\u00e9tica propia, una decisi\u00f3n que profundiza su distanciamiento con Arabia Saudita por discrepancias econ\u00f3micas y el conflicto en Yemen, contra los rebeldes hut\u00edes, respaldados por Ir\u00e1n. Mientras el Ej\u00e9rcito de Israel orden\u00f3 la evacuaci\u00f3n inmediata de 17 localidades en el sur del L\u00edbano, alegando violaciones al alto el fuego por parte de Hezbol\u00e1 y advirtiendo sobre ataques inminentes en zonas situadas m\u00e1s all\u00e1 de la \u00abl\u00ednea amarilla\u00bb.&nbsp; <\/p>\n<div class=\"t-content__body u-clearfix\" readability=\"39.184241019699\">\n<h2><strong>Lo esencial:<\/strong><\/h2>\n<ul>\n<li>El <a href=\"https:\/\/www.france24.com\/es\/tag\/ej\u00e9rcito\/\" target=\"_self\" class=\"gtm-add-suggested-tag\">Ej\u00e9rcito<\/a> de <a href=\"https:\/\/www.france24.com\/es\/tag\/israel\/\" target=\"_self\" class=\"gtm-add-suggested-tag\">Israel<\/a>&nbsp;pide&nbsp;<strong>evacuar&nbsp;urgentemente&nbsp;17 localidades en el sur del <a href=\"https:\/\/www.france24.com\/es\/tag\/l\u00edbano\/\" target=\"_self\" class=\"gtm-add-suggested-tag\">L\u00edbano<\/a><\/strong> situadas m\u00e1s all\u00e1 de la \u00abl\u00ednea amarilla\u00bb de demarcaci\u00f3n, argumentando violaciones del alto el fuego por parte de <a href=\"https:\/\/www.france24.com\/es\/tag\/hezbol\u00e1\/\" target=\"_self\" class=\"gtm-add-suggested-tag\">Hezbol\u00e1<\/a>.<\/li>\n<li>Emiratos \u00c1rabes Unidos (EAU) anuncia&nbsp;su salida formal de la OPEP y OPEP+ a partir del 1 de mayo.<\/li>\n<li>La Asociaci\u00f3n de <a href=\"https:\/\/www.france24.com\/es\/tag\/transporte\/\" target=\"_self\" class=\"gtm-add-suggested-tag\">Transporte<\/a> A\u00e9reo Internacional (IATA) advirti\u00f3 un <strong>posible desabastecimiento de combustible para este verano<\/strong> debido al conflicto con Ir\u00e1n.<\/li>\n<li>El <a href=\"https:\/\/www.france24.com\/es\/tag\/gobierno\/\" target=\"_self\" class=\"gtm-add-suggested-tag\">Gobierno<\/a> de <a href=\"https:\/\/www.france24.com\/es\/tag\/ir\u00e1n\/\" target=\"_self\" class=\"gtm-add-suggested-tag\">Ir\u00e1n<\/a> anunci\u00f3 el <strong>mecanismo \u00ab<a href=\"https:\/\/www.france24.com\/es\/tag\/internet\/\" target=\"_self\" class=\"gtm-add-suggested-tag\">Internet<\/a> Pro\u00bb para flexibilizar las restricciones de red a las empresas<\/strong> tras dos meses de bloqueo digital.<\/li>\n<\/ul>\n<p>A continuaci\u00f3n, la actualizaci\u00f3n de la informaci\u00f3n relacionada con la guerra en <a href=\"https:\/\/www.france24.com\/es\/tag\/medio-oriente\/\" target=\"_self\" class=\"gtm-add-suggested-tag\">Medio Oriente<\/a> iniciada el 28 de febrero por un <a href=\"https:\/\/www.france24.com\/es\/tag\/ataque\/\" target=\"_self\" class=\"gtm-add-suggested-tag\">ataque<\/a> conjunto de Estados Unidos e Israel contra Ir\u00e1n y la posterior respuesta de <a href=\"https:\/\/www.france24.com\/es\/tag\/teher\u00e1n\/\" target=\"_self\" class=\"gtm-add-suggested-tag\">Teher\u00e1n<\/a>:<\/p>\n<div id=\"em-WBMZ387080-F24-ES-20260428\" class=\"m-em-liveblog\" data-liveblog>\n<div readability=\"31\">\n<div readability=\"9\"> <time datetime=\"2026-04-28T12:47:46+00:00\">28\/04\/2026 &#8211; 14:47<\/time><\/p>\n<h2 aria-level=\"3\">Emiratos \u00c1rabes Unidos anuncia que abandonar\u00e1 el c\u00e1rtel petrolero de la OPEP a partir del 1 de mayo<\/h2>\n<p>Los Emiratos \u00c1rabes Unidos se retirar\u00e1n de los c\u00e1rteles petroleros OPEP y OPEP+ el 1 de mayo, informaron los medios estatales.<\/p>\n<blockquote><p>\u00abEsta decisi\u00f3n refleja la visi\u00f3n estrat\u00e9gica y econ\u00f3mica a largo plazo de los EAU, as\u00ed como su evoluci\u00f3n en el perfil energ\u00e9tico\u00bb, se\u00f1al\u00f3 la agencia oficial de noticias WAM.<\/p><\/blockquote><\/div>\n<div readability=\"12\"> <time datetime=\"2026-04-28T12:30:54+00:00\">28\/04\/2026 &#8211; 14:30<\/time><\/p>\n<h2 aria-level=\"3\">Israel no tiene \u00abninguna ambici\u00f3n territorial\u00bb en el L\u00edbano: ministro de Asuntos Exteriores <\/h2>\n<p>Israel no tiene \u00abninguna ambici\u00f3n territorial\u00bb en el L\u00edbano, afirm\u00f3 el ministro de Asuntos Exteriores, Gideon Saar, mientras el ej\u00e9rcito israel\u00ed contin\u00faa sus ataques contra el movimiento proiran\u00ed Hezbol\u00e1 en el pa\u00eds vecino a pesar del alto el fuego.<\/p>\n<blockquote><p>\u00abIsrael no tiene ninguna ambici\u00f3n territorial en el L\u00edbano. Nuestra presencia en las zonas situadas a lo largo de nuestra frontera norte tiene un \u00fanico objetivo: proteger a nuestros ciudadanos\u00bb, insisti\u00f3 Gideon Saar durante una rueda de prensa junto a su hom\u00f3logo serbio, Marko Djuric.<\/p><\/blockquote><\/div>\n<div readability=\"21\"> <time datetime=\"2026-04-28T11:59:24+00:00\">28\/04\/2026 &#8211; 13:59<\/time><\/p>\n<h2 aria-level=\"3\">La aviaci\u00f3n mundial alerta por el riesgo de desabastecimiento de combustible este verano<\/h2>\n<p>El director de la Asociaci\u00f3n de Transporte A\u00e9reo Internacional, Willie Walsh, ha advertido que la falta de combustible derivada del conflicto con Ir\u00e1n podr\u00eda tensionar el sector a\u00e9reo durante los meses de mayor tr\u00e1fico en el hemisferio norte. <\/p>\n<p>Aunque la situaci\u00f3n no ha llegado a los niveles de la pandemia, Walsh apunta que Asia ser\u00eda la primera regi\u00f3n en resentirlo, seguida de Europa, \u00c1frica y Am\u00e9rica Latina, y no descarta cancelaciones de vuelos si finalmente se impone el racionamiento. A pesar de ello, la demanda de pasajeros se mantiene firme a escala global.<\/p>\n<\/p><\/div>\n<div readability=\"18\"> <time datetime=\"2026-04-28T11:56:21+00:00\">28\/04\/2026 &#8211; 13:56<\/time><\/p>\n<h2 aria-level=\"3\">Ir\u00e1n flexibiliza el acceso a internet para empresas tras dos meses de bloqueo por la guerra<\/h2>\n<p>El Consejo Supremo de Seguridad Nacional de Ir\u00e1n ha aprobado el mecanismo \u00abInternet Pro\u00bb, una medida temporal que permite a las empresas operar con menos restricciones en el acceso a la red, despu\u00e9s de que el Gobierno impusiera un apag\u00f3n digital coincidiendo con el inicio del conflicto b\u00e9lico con Estados Unidos e Israel. <\/p>\n<p>La portavoz gubernamental Fatemeh Mohajerani anunci\u00f3 la medida sin precisar su fecha de implementaci\u00f3n, y aclar\u00f3 que el acceso pleno se normalizar\u00e1 en cuanto las autoridades declaren superada la situaci\u00f3n de crisis, reconociendo adem\u00e1s el acceso a internet como un derecho civil.<\/p>\n<\/p><\/div>\n<div readability=\"14\"> <time datetime=\"2026-04-28T11:52:09+00:00\">28\/04\/2026 &#8211; 13:52<\/time><\/p>\n<h2 aria-level=\"3\">El ej\u00e9rcito israel\u00ed ordena la evacuaci\u00f3n de 17 ciudades del sur del L\u00edbano<\/h2>\n<blockquote><p>\u00abAdvertencia urgente a los residentes del L\u00edbano que se encuentren en las siguientes aldeas y localidades\u00bb, indic\u00f3 en la red social X el portavoz en \u00e1rabe del ej\u00e9rcito israel\u00ed, Avichay Adraee, enumerando una lista de 17 aldeas.<\/p><\/blockquote>\n<p>Las aldeas designadas se encuentran todas m\u00e1s all\u00e1 de la \u00abl\u00ednea amarilla\u00bb de demarcaci\u00f3n que el ej\u00e9rcito israel\u00ed estableci\u00f3 hace diez d\u00edas en el sur del L\u00edbano para, seg\u00fan el gobierno, garantizar la seguridad de los israel\u00edes.<\/p>\n<p>La advertencia precisaba que esta acci\u00f3n era necesaria debido a la violaci\u00f3n por parte de Hezbol\u00e1 del acuerdo de alto el fuego entre los Gobiernos de L\u00edbano e Israel.<\/p>\n<\/p><\/div>\n<div readability=\"8\"> <time datetime=\"2026-04-28T11:49:28+00:00\">28\/04\/2026 &#8211; 13:49<\/time> <\/p>\n<p>Bienvenidos al cubrimiento de los hechos m\u00e1s relevantes de la jornada del 28 de abril relacionados con la guerra en Medio Oriente.<\/p>\n<\/p><\/div>\n<\/p><\/div>\n<\/p><\/div>\n<p>Con informaci\u00f3n de EFE, AFP, Reuters, AP y medios locales&nbsp;<\/p>\n<\/p><\/div>\n<\/p><\/div>\n","protected":false},"excerpt":{"rendered":"<p>Portada Medio Oriente En Directo Medio Oriente&#46;&#46;&#46;<\/p>\n","protected":false},"author":1,"featured_media":161394,"comment_status":"closed","ping_status":"closed","sticky":false,"template":"","format":"standard","meta":{"_jetpack_memberships_contains_paid_content":false,"footnotes":"","jetpack_publicize_message":"","jetpack_publicize_feature_enabled":true,"jetpack_social_post_already_shared":true,"jetpack_social_options":{"image_generator_settings":{"template":"highway","default_image_id":0,"font":"","enabled":false},"version":2}},"categories":[43],"tags":[],"class_list":["post-161393","post","type-post","status-publish","format-standard","has-post-thumbnail","hentry","category-internacionales"],"yoast_head":"<!-- This site is optimized with the Yoast SEO plugin v27.3 - https:\/\/yoast.com\/product\/yoast-seo-wordpress\/ -->\n<title>\ud83d\udd34 En directo: Emiratos \u00c1rabes Unidos anuncia su salida de la OPEP y OPEP+ a partir del 1 de mayo - Sarmiento24h<\/title>\n<meta name=\"robots\" content=\"index, follow, max-snippet:-1, max-image-preview:large, max-video-preview:-1\" \/>\n<link rel=\"canonical\" href=\"https:\/\/sarmiento24h.com\/?p=161393\" \/>\n<meta property=\"og:locale\" content=\"es_ES\" \/>\n<meta property=\"og:type\" content=\"article\" \/>\n<meta property=\"og:title\" content=\"\ud83d\udd34 En directo: Emiratos \u00c1rabes Unidos anuncia su salida de la OPEP y OPEP+ a partir del 1 de mayo - Sarmiento24h\" \/>\n<meta property=\"og:description\" content=\"Portada Medio Oriente En Directo Medio Oriente&#046;&#046;&#046;\" \/>\n<meta property=\"og:url\" content=\"https:\/\/sarmiento24h.com\/?p=161393\" \/>\n<meta property=\"og:site_name\" content=\"Sarmiento24h\" \/>\n<meta property=\"article:publisher\" content=\"https:\/\/facebook.com\/s24hnoticias\" \/>\n<meta property=\"article:published_time\" content=\"2026-04-28T13:37:38+00:00\" \/>\n<meta property=\"og:image\" content=\"https:\/\/s.france24.com\/media\/display\/0ff3f42a-4302-11f1-911c-005056a90284\/w:1024\/p:16x9\/000-A98C6CQ.jpg\" \/>\n<meta name=\"author\" content=\"sarmiento24h@gmail.com\" \/>\n<meta name=\"twitter:card\" content=\"summary_large_image\" \/>\n<meta name=\"twitter:creator\" content=\"@sarmiento24h\" \/>\n<meta name=\"twitter:site\" content=\"@sarmiento24h\" \/>\n<meta name=\"twitter:label1\" content=\"Escrito por\" \/>\n\t<meta name=\"twitter:data1\" content=\"sarmiento24h@gmail.com\" \/>\n\t<meta name=\"twitter:label2\" content=\"Tiempo de lectura\" \/>\n\t<meta name=\"twitter:data2\" content=\"5 minutos\" \/>\n<script type=\"application\/ld+json\" class=\"yoast-schema-graph\">{\"@context\":\"https:\\\/\\\/schema.org\",\"@graph\":[{\"@type\":\"Article\",\"@id\":\"https:\\\/\\\/sarmiento24h.com\\\/?p=161393#article\",\"isPartOf\":{\"@id\":\"https:\\\/\\\/sarmiento24h.com\\\/?p=161393\"},\"author\":{\"name\":\"sarmiento24h@gmail.com\",\"@id\":\"https:\\\/\\\/sarmiento24h.com\\\/#\\\/schema\\\/person\\\/d653a59725ad629a7e0429af7b939d4d\"},\"headline\":\"\ud83d\udd34 En directo: Emiratos \u00c1rabes Unidos anuncia su salida de la OPEP y OPEP+ a partir del 1 de mayo\",\"datePublished\":\"2026-04-28T13:37:38+00:00\",\"mainEntityOfPage\":{\"@id\":\"https:\\\/\\\/sarmiento24h.com\\\/?p=161393\"},\"wordCount\":932,\"publisher\":{\"@id\":\"https:\\\/\\\/sarmiento24h.com\\\/#organization\"},\"image\":{\"@id\":\"https:\\\/\\\/sarmiento24h.com\\\/?p=161393#primaryimage\"},\"thumbnailUrl\":\"https:\\\/\\\/sarmiento24h.com\\\/wp-content\\\/uploads\\\/2026\\\/04\\\/f09f94b4-en-directo-emiratos-arabes-unidos-anuncia-su-salida-de-la-opep-y-opep-a-partir-del-1-de-mayo.jpg\",\"articleSection\":[\"Internacionales\"],\"inLanguage\":\"es\"},{\"@type\":\"WebPage\",\"@id\":\"https:\\\/\\\/sarmiento24h.com\\\/?p=161393\",\"url\":\"https:\\\/\\\/sarmiento24h.com\\\/?p=161393\",\"name\":\"\ud83d\udd34 En directo: Emiratos \u00c1rabes Unidos anuncia su salida de la OPEP y OPEP+ a partir del 1 de mayo - Sarmiento24h\",\"isPartOf\":{\"@id\":\"https:\\\/\\\/sarmiento24h.com\\\/#website\"},\"primaryImageOfPage\":{\"@id\":\"https:\\\/\\\/sarmiento24h.com\\\/?p=161393#primaryimage\"},\"image\":{\"@id\":\"https:\\\/\\\/sarmiento24h.com\\\/?p=161393#primaryimage\"},\"thumbnailUrl\":\"https:\\\/\\\/sarmiento24h.com\\\/wp-content\\\/uploads\\\/2026\\\/04\\\/f09f94b4-en-directo-emiratos-arabes-unidos-anuncia-su-salida-de-la-opep-y-opep-a-partir-del-1-de-mayo.jpg\",\"datePublished\":\"2026-04-28T13:37:38+00:00\",\"breadcrumb\":{\"@id\":\"https:\\\/\\\/sarmiento24h.com\\\/?p=161393#breadcrumb\"},\"inLanguage\":\"es\",\"potentialAction\":[{\"@type\":\"ReadAction\",\"target\":[\"https:\\\/\\\/sarmiento24h.com\\\/?p=161393\"]}]},{\"@type\":\"ImageObject\",\"inLanguage\":\"es\",\"@id\":\"https:\\\/\\\/sarmiento24h.com\\\/?p=161393#primaryimage\",\"url\":\"https:\\\/\\\/sarmiento24h.com\\\/wp-content\\\/uploads\\\/2026\\\/04\\\/f09f94b4-en-directo-emiratos-arabes-unidos-anuncia-su-salida-de-la-opep-y-opep-a-partir-del-1-de-mayo.jpg\",\"contentUrl\":\"https:\\\/\\\/sarmiento24h.com\\\/wp-content\\\/uploads\\\/2026\\\/04\\\/f09f94b4-en-directo-emiratos-arabes-unidos-anuncia-su-salida-de-la-opep-y-opep-a-partir-del-1-de-mayo.jpg\",\"width\":1024,\"height\":576},{\"@type\":\"BreadcrumbList\",\"@id\":\"https:\\\/\\\/sarmiento24h.com\\\/?p=161393#breadcrumb\",\"itemListElement\":[{\"@type\":\"ListItem\",\"position\":1,\"name\":\"Home\",\"item\":\"https:\\\/\\\/sarmiento24h.com\\\/\"},{\"@type\":\"ListItem\",\"position\":2,\"name\":\"\ud83d\udd34 En directo: Emiratos \u00c1rabes Unidos anuncia su salida de la OPEP y OPEP+ a partir del 1 de mayo\"}]},{\"@type\":\"WebSite\",\"@id\":\"https:\\\/\\\/sarmiento24h.com\\\/#website\",\"url\":\"https:\\\/\\\/sarmiento24h.com\\\/\",\"name\":\"Sarmiento24h\",\"description\":\"\",\"publisher\":{\"@id\":\"https:\\\/\\\/sarmiento24h.com\\\/#organization\"},\"potentialAction\":[{\"@type\":\"SearchAction\",\"target\":{\"@type\":\"EntryPoint\",\"urlTemplate\":\"https:\\\/\\\/sarmiento24h.com\\\/?s={search_term_string}\"},\"query-input\":{\"@type\":\"PropertyValueSpecification\",\"valueRequired\":true,\"valueName\":\"search_term_string\"}}],\"inLanguage\":\"es\"},{\"@type\":\"Organization\",\"@id\":\"https:\\\/\\\/sarmiento24h.com\\\/#organization\",\"name\":\"Sarmiento24h\",\"url\":\"https:\\\/\\\/sarmiento24h.com\\\/\",\"logo\":{\"@type\":\"ImageObject\",\"inLanguage\":\"es\",\"@id\":\"https:\\\/\\\/sarmiento24h.com\\\/#\\\/schema\\\/logo\\\/image\\\/\",\"url\":\"https:\\\/\\\/sarmiento24h.com\\\/wp-content\\\/uploads\\\/2025\\\/12\\\/AddText_12-16-10.30.52.jpg\",\"contentUrl\":\"https:\\\/\\\/sarmiento24h.com\\\/wp-content\\\/uploads\\\/2025\\\/12\\\/AddText_12-16-10.30.52.jpg\",\"width\":1220,\"height\":324,\"caption\":\"Sarmiento24h\"},\"image\":{\"@id\":\"https:\\\/\\\/sarmiento24h.com\\\/#\\\/schema\\\/logo\\\/image\\\/\"},\"sameAs\":[\"https:\\\/\\\/facebook.com\\\/s24hnoticias\",\"https:\\\/\\\/x.com\\\/sarmiento24h\"]},{\"@type\":\"Person\",\"@id\":\"https:\\\/\\\/sarmiento24h.com\\\/#\\\/schema\\\/person\\\/d653a59725ad629a7e0429af7b939d4d\",\"name\":\"sarmiento24h@gmail.com\",\"image\":{\"@type\":\"ImageObject\",\"inLanguage\":\"es\",\"@id\":\"https:\\\/\\\/sarmiento24h.com\\\/wp-content\\\/litespeed\\\/avatar\\\/d02cbc4e23c747e6659cd45907173c8f.jpg?ver=1777157796\",\"url\":\"https:\\\/\\\/sarmiento24h.com\\\/wp-content\\\/litespeed\\\/avatar\\\/d02cbc4e23c747e6659cd45907173c8f.jpg?ver=1777157796\",\"contentUrl\":\"https:\\\/\\\/sarmiento24h.com\\\/wp-content\\\/litespeed\\\/avatar\\\/d02cbc4e23c747e6659cd45907173c8f.jpg?ver=1777157796\",\"caption\":\"sarmiento24h@gmail.com\"},\"sameAs\":[\"https:\\\/\\\/sarmiento24h.com\"],\"url\":\"https:\\\/\\\/sarmiento24h.com\\\/?author=1\"}]}<\/script>\n<!-- \/ Yoast SEO plugin. -->","yoast_head_json":{"title":"\ud83d\udd34 En directo: Emiratos \u00c1rabes Unidos anuncia su salida de la OPEP y OPEP+ a partir del 1 de mayo - Sarmiento24h","robots":{"index":"index","follow":"follow","max-snippet":"max-snippet:-1","max-image-preview":"max-image-preview:large","max-video-preview":"max-video-preview:-1"},"canonical":"https:\/\/sarmiento24h.com\/?p=161393","og_locale":"es_ES","og_type":"article","og_title":"\ud83d\udd34 En directo: Emiratos \u00c1rabes Unidos anuncia su salida de la OPEP y OPEP+ a partir del 1 de mayo - Sarmiento24h","og_description":"Portada Medio Oriente En Directo Medio Oriente&#46;&#46;&#46;","og_url":"https:\/\/sarmiento24h.com\/?p=161393","og_site_name":"Sarmiento24h","article_publisher":"https:\/\/facebook.com\/s24hnoticias","article_published_time":"2026-04-28T13:37:38+00:00","og_image":[{"url":"https:\/\/s.france24.com\/media\/display\/0ff3f42a-4302-11f1-911c-005056a90284\/w:1024\/p:16x9\/000-A98C6CQ.jpg","type":"","width":"","height":""}],"author":"sarmiento24h@gmail.com","twitter_card":"summary_large_image","twitter_creator":"@sarmiento24h","twitter_site":"@sarmiento24h","twitter_misc":{"Escrito por":"sarmiento24h@gmail.com","Tiempo de lectura":"5 minutos"},"schema":{"@context":"https:\/\/schema.org","@graph":[{"@type":"Article","@id":"https:\/\/sarmiento24h.com\/?p=161393#article","isPartOf":{"@id":"https:\/\/sarmiento24h.com\/?p=161393"},"author":{"name":"sarmiento24h@gmail.com","@id":"https:\/\/sarmiento24h.com\/#\/schema\/person\/d653a59725ad629a7e0429af7b939d4d"},"headline":"\ud83d\udd34 En directo: Emiratos \u00c1rabes Unidos anuncia su salida de la OPEP y OPEP+ a partir del 1 de mayo","datePublished":"2026-04-28T13:37:38+00:00","mainEntityOfPage":{"@id":"https:\/\/sarmiento24h.com\/?p=161393"},"wordCount":932,"publisher":{"@id":"https:\/\/sarmiento24h.com\/#organization"},"image":{"@id":"https:\/\/sarmiento24h.com\/?p=161393#primaryimage"},"thumbnailUrl":"https:\/\/sarmiento24h.com\/wp-content\/uploads\/2026\/04\/f09f94b4-en-directo-emiratos-arabes-unidos-anuncia-su-salida-de-la-opep-y-opep-a-partir-del-1-de-mayo.jpg","articleSection":["Internacionales"],"inLanguage":"es"},{"@type":"WebPage","@id":"https:\/\/sarmiento24h.com\/?p=161393","url":"https:\/\/sarmiento24h.com\/?p=161393","name":"\ud83d\udd34 En directo: Emiratos \u00c1rabes Unidos anuncia su salida de la OPEP y OPEP+ a partir del 1 de mayo - Sarmiento24h","isPartOf":{"@id":"https:\/\/sarmiento24h.com\/#website"},"primaryImageOfPage":{"@id":"https:\/\/sarmiento24h.com\/?p=161393#primaryimage"},"image":{"@id":"https:\/\/sarmiento24h.com\/?p=161393#primaryimage"},"thumbnailUrl":"https:\/\/sarmiento24h.com\/wp-content\/uploads\/2026\/04\/f09f94b4-en-directo-emiratos-arabes-unidos-anuncia-su-salida-de-la-opep-y-opep-a-partir-del-1-de-mayo.jpg","datePublished":"2026-04-28T13:37:38+00:00","breadcrumb":{"@id":"https:\/\/sarmiento24h.com\/?p=161393#breadcrumb"},"inLanguage":"es","potentialAction":[{"@type":"ReadAction","target":["https:\/\/sarmiento24h.com\/?p=161393"]}]},{"@type":"ImageObject","inLanguage":"es","@id":"https:\/\/sarmiento24h.com\/?p=161393#primaryimage","url":"https:\/\/sarmiento24h.com\/wp-content\/uploads\/2026\/04\/f09f94b4-en-directo-emiratos-arabes-unidos-anuncia-su-salida-de-la-opep-y-opep-a-partir-del-1-de-mayo.jpg","contentUrl":"https:\/\/sarmiento24h.com\/wp-content\/uploads\/2026\/04\/f09f94b4-en-directo-emiratos-arabes-unidos-anuncia-su-salida-de-la-opep-y-opep-a-partir-del-1-de-mayo.jpg","width":1024,"height":576},{"@type":"BreadcrumbList","@id":"https:\/\/sarmiento24h.com\/?p=161393#breadcrumb","itemListElement":[{"@type":"ListItem","position":1,"name":"Home","item":"https:\/\/sarmiento24h.com\/"},{"@type":"ListItem","position":2,"name":"\ud83d\udd34 En directo: Emiratos \u00c1rabes Unidos anuncia su salida de la OPEP y OPEP+ a partir del 1 de mayo"}]},{"@type":"WebSite","@id":"https:\/\/sarmiento24h.com\/#website","url":"https:\/\/sarmiento24h.com\/","name":"Sarmiento24h","description":"","publisher":{"@id":"https:\/\/sarmiento24h.com\/#organization"},"potentialAction":[{"@type":"SearchAction","target":{"@type":"EntryPoint","urlTemplate":"https:\/\/sarmiento24h.com\/?s={search_term_string}"},"query-input":{"@type":"PropertyValueSpecification","valueRequired":true,"valueName":"search_term_string"}}],"inLanguage":"es"},{"@type":"Organization","@id":"https:\/\/sarmiento24h.com\/#organization","name":"Sarmiento24h","url":"https:\/\/sarmiento24h.com\/","logo":{"@type":"ImageObject","inLanguage":"es","@id":"https:\/\/sarmiento24h.com\/#\/schema\/logo\/image\/","url":"https:\/\/sarmiento24h.com\/wp-content\/uploads\/2025\/12\/AddText_12-16-10.30.52.jpg","contentUrl":"https:\/\/sarmiento24h.com\/wp-content\/uploads\/2025\/12\/AddText_12-16-10.30.52.jpg","width":1220,"height":324,"caption":"Sarmiento24h"},"image":{"@id":"https:\/\/sarmiento24h.com\/#\/schema\/logo\/image\/"},"sameAs":["https:\/\/facebook.com\/s24hnoticias","https:\/\/x.com\/sarmiento24h"]},{"@type":"Person","@id":"https:\/\/sarmiento24h.com\/#\/schema\/person\/d653a59725ad629a7e0429af7b939d4d","name":"sarmiento24h@gmail.com","image":{"@type":"ImageObject","inLanguage":"es","@id":"https:\/\/sarmiento24h.com\/wp-content\/litespeed\/avatar\/d02cbc4e23c747e6659cd45907173c8f.jpg?ver=1777157796","url":"https:\/\/sarmiento24h.com\/wp-content\/litespeed\/avatar\/d02cbc4e23c747e6659cd45907173c8f.jpg?ver=1777157796","contentUrl":"https:\/\/sarmiento24h.com\/wp-content\/litespeed\/avatar\/d02cbc4e23c747e6659cd45907173c8f.jpg?ver=1777157796","caption":"sarmiento24h@gmail.com"},"sameAs":["https:\/\/sarmiento24h.com"],"url":"https:\/\/sarmiento24h.com\/?author=1"}]}},"jetpack_publicize_connections":[],"jetpack_featured_media_url":"https:\/\/sarmiento24h.com\/wp-content\/uploads\/2026\/04\/f09f94b4-en-directo-emiratos-arabes-unidos-anuncia-su-salida-de-la-opep-y-opep-a-partir-del-1-de-mayo.jpg","jetpack_sharing_enabled":true,"_links":{"self":[{"href":"https:\/\/sarmiento24h.com\/index.php?rest_route=\/wp\/v2\/posts\/161393","targetHints":{"allow":["GET"]}}],"collection":[{"href":"https:\/\/sarmiento24h.com\/index.php?rest_route=\/wp\/v2\/posts"}],"about":[{"href":"https:\/\/sarmiento24h.com\/index.php?rest_route=\/wp\/v2\/types\/post"}],"author":[{"embeddable":true,"href":"https:\/\/sarmiento24h.com\/index.php?rest_route=\/wp\/v2\/users\/1"}],"replies":[{"embeddable":true,"href":"https:\/\/sarmiento24h.com\/index.php?rest_route=%2Fwp%2Fv2%2Fcomments&post=161393"}],"version-history":[{"count":0,"href":"https:\/\/sarmiento24h.com\/index.php?rest_route=\/wp\/v2\/posts\/161393\/revisions"}],"wp:featuredmedia":[{"embeddable":true,"href":"https:\/\/sarmiento24h.com\/index.php?rest_route=\/wp\/v2\/media\/161394"}],"wp:attachment":[{"href":"https:\/\/sarmiento24h.com\/index.php?rest_route=%2Fwp%2Fv2%2Fmedia&parent=161393"}],"wp:term":[{"taxonomy":"category","embeddable":true,"href":"https:\/\/sarmiento24h.com\/index.php?rest_route=%2Fwp%2Fv2%2Fcategories&post=161393"},{"taxonomy":"post_tag","embeddable":true,"href":"https:\/\/sarmiento24h.com\/index.php?rest_route=%2Fwp%2Fv2%2Ftags&post=161393"}],"curies":[{"name":"wp","href":"https:\/\/api.w.org\/{rel}","templated":true}]}}