{"id":161516,"date":"2026-04-28T14:47:23","date_gmt":"2026-04-28T14:47:23","guid":{"rendered":"http:\/\/ff33ebbc-42f8-11f1-a62d-9be12302325a"},"modified":"2026-04-28T14:47:23","modified_gmt":"2026-04-28T14:47:23","slug":"el-parlamento-britanico-decide-si-investiga-a-starmer-por-nombrar-a-mandelson-pese-a-sus-vinculos-con-epstein","status":"publish","type":"post","link":"https:\/\/sarmiento24h.com\/?p=161516","title":{"rendered":"El Parlamento brit\u00e1nico decide si investiga a Starmer por nombrar a Mandelson pese a sus v\u00ednculos con Epstein"},"content":{"rendered":"<p>El primer ministro brit\u00e1nico, <a href=\"https:\/\/www.france24.com\/es\/tag\/keir-starmer\/\" target=\"_self\" class=\"gtm-add-suggested-tag\">Keir Starmer<\/a>, se encuentra al borde de una investigaci\u00f3n parlamentaria por el nombramiento&nbsp;de <a href=\"https:\/\/www.france24.com\/es\/tag\/peter-mandelson\/\" target=\"_self\" class=\"gtm-add-suggested-tag\">Peter Mandelson<\/a> como embajador en <a href=\"https:\/\/www.france24.com\/es\/tag\/estados-unidos\/\" target=\"_self\" class=\"gtm-add-suggested-tag\">Estados Unidos<\/a>&nbsp;en 2024, a pesar de sus antecedentes y sus conocidos v\u00ednculos con el fallecido delincuente sexual estadounidense <a href=\"https:\/\/www.france24.com\/es\/tag\/jeffrey-epstein\/\" target=\"_self\" class=\"gtm-add-suggested-tag\">Jeffrey Epstein<\/a>.&nbsp;<\/p>\n<p>Aunque el l\u00edder del <a href=\"https:\/\/www.france24.com\/es\/tag\/gobierno\/\" target=\"_self\" class=\"gtm-add-suggested-tag\">Gobierno<\/a> asegura que se respetaron todos los protocolos de contrataci\u00f3n en el nombramiento de Mandelson, la l\u00edder del Partido Conservador de la oposici\u00f3n, Kemi Badenoch, lo acusa de \u00abenga\u00f1ar repetidamente a la C\u00e1mara de los Comunes\u00bb al decir que se sigui\u00f3 el debido proceso.<\/p>\n<p class=\"a-read-more\"><span class=\"a-read-more__label\">Leer tambi\u00e9n<\/span><a href=\"https:\/\/www.france24.com\/es\/europa\/20260422-caso-epstein-mandelson-starmer-insiste-en-que-desconoc\u00eda-veto-de-seguridad-antes-de-designar-al-exembajador\" target=\"_self\" class=\"a-read-more__link\">Caso Epstein-Mandelson: Starmer insiste en que desconoc\u00eda veto de seguridad antes de designar al exembajador<\/a><\/p>\n<p>El presidente de la C\u00e1mara, <a href=\"https:\/\/www.france24.com\/es\/tag\/lindsay-hoyle\/\" target=\"_self\" class=\"gtm-add-suggested-tag\">Lindsay Hoyle<\/a>, explic\u00f3 que hab\u00eda aprobado una solicitud de Badenoch para que <strong>el Parlamento debatiera y votara este martes si el Comit\u00e9 de Privilegios deber\u00eda investigar el asunto<\/strong>. La convocatoria, destac\u00f3 Lindsay, no debe interpretarse como un indicador de que Starmer&nbsp;hizo algo malo o no.<\/p>\n<p>La oficina del primer ministro brit\u00e1nico reclam\u00f3 el lunes que la presi\u00f3n de los conservadores opositores para que&nbsp;se vote sobre el juicio a Starmer era una \u00abmaniobra pol\u00edtica desesperada\u00bb y que \u00absus afirmaciones carecen de fundamento\u00bb, seg\u00fan el comunicado de <a href=\"https:\/\/www.france24.com\/es\/tag\/downing-street\/\" target=\"_self\" class=\"gtm-add-suggested-tag\">Downing Street<\/a>.<\/p>\n<p>La pol\u00e9mica llega en plena campa\u00f1a de las elecciones locales y regionales del 7 de mayo, que suelen interpretarse como un veredicto de mitad de mandato sobre la gesti\u00f3n del Ejecutivo.<\/p>\n<p>El <a href=\"https:\/\/www.france24.com\/es\/tag\/partido-laborista\/\" target=\"_self\" class=\"gtm-add-suggested-tag\">Partido Laborista<\/a> de centroizquierda de&nbsp;Starmer cuenta con una amplia mayor\u00eda en el parlamento, lo que podr\u00eda permitirle al Gobierno instruir a sus legisladores para que voten en contra del inicio de una investigaci\u00f3n.<\/p>\n<p>Sin embargo, si el Legislativo vota a favor de esta iniciativa, <strong>un comit\u00e9 integrado por los tres partidos m\u00e1s grandes examinar\u00e1 si&nbsp;las declaraciones de&nbsp;Starmer sobre Mandelson constituyen un enga\u00f1o,<\/strong> ya sea intencionado o no, a la C\u00e1mara de los Comunes.<\/p>\n<p>En ese caso, se prev\u00e9 que cualquier investigaci\u00f3n derivada se centre en determinar si se sigui\u00f3 el debido proceso en la contrataci\u00f3n.<\/p>\n<h2><strong>Un exasesor de Starmer asume la responsabilidad<\/strong><\/h2>\n<p>Citado a declarar ante la Comisi\u00f3n Parlamentaria de Asuntos Exteriores, Morgan McSweeney,&nbsp;exjefe de gabinete del&nbsp;primer ministro brit\u00e1nico y quien fuera su asesor m\u00e1s cercano, acept\u00f3 este martes que \u00abel nombramiento de Mandelson como embajador fue un grave error de juicio\u00bb.<\/p>\n<p>\u00abAconsej\u00e9 al primer ministro que apoyara ese nombramiento y me equivoqu\u00e9 al hacerlo\u00bb, a\u00f1adi\u00f3 ante el comit\u00e9.&nbsp;No obstante, resalt\u00f3 que nunca pidi\u00f3&nbsp;a ning\u00fan funcionario \u00abque se ignoraran los procedimientos\u00bb o que \u00abse omitieran pasos\u00bb&nbsp;durante la verificaci\u00f3n de antecedentes y contrataci\u00f3n, lo que respalda la versi\u00f3n del primer ministro sobre la legalidad del nombramiento.&nbsp;<\/p>\n<div class=\"m-em-image\">\n<figure class=\"m-item-image m-item-image--original m-item-image--has-caption\"> <picture class=\"a-picture a-picture--original\"><source type=\"image\/webp\" srcset=\"https:\/\/s.france24.com\/media\/display\/6017da86-4300-11f1-b4c5-005056bfb2b6\/w:246\/AP26118378100935.webp 246w, https:\/\/s.france24.com\/media\/display\/6017da86-4300-11f1-b4c5-005056bfb2b6\/w:388\/AP26118378100935.webp 388w, https:\/\/s.france24.com\/media\/display\/6017da86-4300-11f1-b4c5-005056bfb2b6\/w:720\/AP26118378100935.webp 720w, https:\/\/s.france24.com\/media\/display\/6017da86-4300-11f1-b4c5-005056bfb2b6\/w:980\/AP26118378100935.webp 980w\" sizes=\"(max-width: 1023px) calc(100vw - 32px), (min-width: 1024px) 850px\"><img fetchpriority=\"low\" decoding=\"async\" src=\"https:\/\/s.france24.com\/media\/display\/6017da86-4300-11f1-b4c5-005056bfb2b6\/w:980\/AP26118378100935.jpg\" srcset=\"https:\/\/s.france24.com\/media\/display\/6017da86-4300-11f1-b4c5-005056bfb2b6\/w:246\/AP26118378100935.jpg 246w, https:\/\/s.france24.com\/media\/display\/6017da86-4300-11f1-b4c5-005056bfb2b6\/w:388\/AP26118378100935.jpg 388w, https:\/\/s.france24.com\/media\/display\/6017da86-4300-11f1-b4c5-005056bfb2b6\/w:720\/AP26118378100935.jpg 720w, https:\/\/s.france24.com\/media\/display\/6017da86-4300-11f1-b4c5-005056bfb2b6\/w:980\/AP26118378100935.jpg 980w\" sizes=\"(max-width: 1023px) calc(100vw - 32px), (min-width: 1024px) 850px\" alt=\"Morgan McSweeney, exjefe de gabinete del gobierno brit\u00e1nico, comparece ante la Comisi\u00f3n de Asuntos Exteriores para hablar sobre el proceso de verificaci\u00f3n de antecedentes de Peter Mandelson, en el Parlamento brit\u00e1nico, en Londres, el martes 28 de abril de 2026.\" loading=\"lazy\" class=\"a-img \">\n<\/picture><figcaption class=\"a-figcaption\"> <span>Morgan McSweeney, exjefe de gabinete del gobierno brit\u00e1nico, comparece ante la Comisi\u00f3n de Asuntos Exteriores para hablar sobre el proceso de verificaci\u00f3n de antecedentes de Peter Mandelson, en el Parlamento brit\u00e1nico, en Londres, el martes 28 de abril de 2026.<\/span> <span>AP &#8211; House of Commons\/UK Parliament<\/span> <\/figcaption><\/figure>\n<\/p><\/div>\n<p>McSweeney, que afirm\u00f3 ante el Parlamento haber&nbsp;advertido a Starmer sobre las \u00abventajas y desventajas\u00bb de la designaci\u00f3n&nbsp;de Peter Mandelson,&nbsp;dijo que el Gobierno ve\u00eda en aquel veterano laborista un buen perfil para ayudar a conseguir un acuerdo comercial con Estados Unidos tras el regreso de <a href=\"https:\/\/www.france24.com\/es\/tag\/donald-trump\/\" target=\"_self\" class=\"gtm-add-suggested-tag\">Donald Trump<\/a> a la <a href=\"https:\/\/www.france24.com\/es\/tag\/casa-blanca\/\" target=\"_self\" class=\"gtm-add-suggested-tag\">Casa Blanca<\/a>.<\/p>\n<blockquote class=\"quote\" readability=\"6.2479338842975\">\n<p>\u00abNo creo que el primer ministro hubiera nombrado a Mandelson si <a href=\"https:\/\/www.france24.com\/es\/tag\/kamala-harris\/\" target=\"_self\" class=\"gtm-add-suggested-tag\">Kamala Harris<\/a> hubiera sido elegida presidenta\u00bb, recalc\u00f3.<\/p>\n<\/blockquote>\n<p>El funcionario asegur\u00f3 que pensaba que Mandelson era \u00abun simple conocido\u00bb&nbsp;de Epstein, por lo que la revelaci\u00f3n de una relaci\u00f3n m\u00e1s estrecha&nbsp;\u00abfue como una pu\u00f1alada en el alma\u00bb, describi\u00f3&nbsp;McSweeney.&nbsp;<\/p>\n<p>Adem\u00e1s, pidi\u00f3 disculpas a las v\u00edctimas de Epstein al lamentar \u00abcualquier papel que esta controversia haya desempe\u00f1ado al causarles m\u00e1s da\u00f1o o angustia\u00bb.<\/p>\n<h2><strong>\u00bfPresi\u00f3n por el nombramiento?<\/strong><\/h2>\n<p>Mandelson fue&nbsp;<a href=\"https:\/\/cnnespanol.cnn.com\/2025\/09\/11\/mundo\/reino-unido-despide-embajador-ee-uu-epstein-trax\" target=\"_blank\">despedido&nbsp;en septiembre de 2025<\/a> tras la desclasificaci\u00f3n de una serie de correos electr\u00f3nicos que evidenciaban que su relaci\u00f3n con el fallecido delincuente sexual estadounidense Jeffrey Epstein fue m\u00e1s cercana de lo que sostuvo por a\u00f1os.<\/p>\n<p>La polic\u00eda brit\u00e1nica <a href=\"https:\/\/www.france24.com\/es\/europa\/20260223-exembajador-brit\u00e1nico-peter-mandelson-detenido-ante-investigaci\u00f3n-por-sus-lazos-con-el-pederasta-epstein\" target=\"_self\">lo arrest\u00f3 en febrero<\/a> bajo sospecha de mala conducta en el ejercicio de sus funciones p\u00fablicas y lo liber\u00f3 bajo fianza, aunque no se le han imputado cargos. Tampoco enfrenta acusaciones de conducta sexual inapropiada.<\/p>\n<div class=\"m-em-image\">\n<figure class=\"m-item-image m-item-image--original m-item-image--has-caption\"> <picture class=\"a-picture a-picture--original\"><source type=\"image\/webp\" srcset=\"https:\/\/s.france24.com\/media\/display\/0928c9f8-3c5f-11f1-ad12-005056a97e36\/w:246\/a8d49a6ac7ef5ffd3398f068873cf4359fb38c0a.webp 246w, https:\/\/s.france24.com\/media\/display\/0928c9f8-3c5f-11f1-ad12-005056a97e36\/w:388\/a8d49a6ac7ef5ffd3398f068873cf4359fb38c0a.webp 388w, https:\/\/s.france24.com\/media\/display\/0928c9f8-3c5f-11f1-ad12-005056a97e36\/w:720\/a8d49a6ac7ef5ffd3398f068873cf4359fb38c0a.webp 720w, https:\/\/s.france24.com\/media\/display\/0928c9f8-3c5f-11f1-ad12-005056a97e36\/w:980\/a8d49a6ac7ef5ffd3398f068873cf4359fb38c0a.webp 980w\" sizes=\"(max-width: 1023px) calc(100vw - 32px), (min-width: 1024px) 850px\"><img fetchpriority=\"low\" decoding=\"async\" src=\"https:\/\/s.france24.com\/media\/display\/0928c9f8-3c5f-11f1-ad12-005056a97e36\/w:980\/a8d49a6ac7ef5ffd3398f068873cf4359fb38c0a.jpg\" srcset=\"https:\/\/s.france24.com\/media\/display\/0928c9f8-3c5f-11f1-ad12-005056a97e36\/w:246\/a8d49a6ac7ef5ffd3398f068873cf4359fb38c0a.jpg 246w, https:\/\/s.france24.com\/media\/display\/0928c9f8-3c5f-11f1-ad12-005056a97e36\/w:388\/a8d49a6ac7ef5ffd3398f068873cf4359fb38c0a.jpg 388w, https:\/\/s.france24.com\/media\/display\/0928c9f8-3c5f-11f1-ad12-005056a97e36\/w:720\/a8d49a6ac7ef5ffd3398f068873cf4359fb38c0a.jpg 720w, https:\/\/s.france24.com\/media\/display\/0928c9f8-3c5f-11f1-ad12-005056a97e36\/w:980\/a8d49a6ac7ef5ffd3398f068873cf4359fb38c0a.jpg 980w\" sizes=\"(max-width: 1023px) calc(100vw - 32px), (min-width: 1024px) 850px\" alt=\"El exembajador brit\u00e1nico en Washington, Peter Mandelson, el 11 de marzo de 2026, en Londres.\" loading=\"lazy\" class=\"a-img \">\n<\/picture><figcaption class=\"a-figcaption\"> <span>El exembajador brit\u00e1nico en Washington, Peter Mandelson, el 11 de marzo de 2026, en Londres.<\/span> <span>\u00a9 JUSTIN TALLIS \/ AFP\/Archives<\/span> <\/figcaption><\/figure>\n<\/p><\/div>\n<p>La dimensi\u00f3n de la amistad de Mandelson y Epstein ha generado&nbsp;dudas sobre&nbsp;el criterio de&nbsp;Starmer&nbsp;al contratarlo, avivadas por la revelaci\u00f3n de que un organismo de control de seguridad hab\u00eda desaconsejado el nombramiento. Ese criterio fue descartado&nbsp;por funcionarios del ministerio de Asuntos Exteriores aparentemente sin informar al primer ministro.<\/p>\n<p class=\"a-read-more\"><span class=\"a-read-more__label\">Leer tambi\u00e9n<\/span><a href=\"https:\/\/www.france24.com\/es\/programas\/en-contexto\/20260204-los-archivos-epstein-sacuden-al-gobierno-brit\u00e1nico-qu\u00e9-dicen-los-correos-de-peter-mandelson\" target=\"_self\" class=\"a-read-more__link\">Los archivos Epstein sacuden al Gobierno brit\u00e1nico: \u00bfqu\u00e9 dicen los correos de Peter Mandelson?<\/a><\/p>\n<p><strong><a href=\"https:\/\/www.reutersconnect.com\/all?search=all:L8N41009C&amp;linkedFromStory=true\" target=\"_blank\" class=\"bold1 mr5 tr-link tr-pnac tr-link-story-internal\">Starmer<\/a>&nbsp;ha reconocido que se equivoc\u00f3 al nombrar a Mandelson y ha expresado su arrepentimiento<\/strong>, pero asegura que se siguieron todos los procedimientos adecuados. Tambi\u00e9n ha criticado a los empleados de Exteriores por no informarle del pronunciamiento del organismo de seguridad.<\/p>\n<p>Olly Robbins, un ex alto funcionario del ministerio de Asuntos Exteriores, describi\u00f3 el 21 de abril que hab\u00eda enfrentado una \u00abpresi\u00f3n constante\u00bb por parte de la oficina del primer ministro para acelerar el nombramiento de su candidato como embajador en Estados Unidos.<\/p>\n<p>Antes que \u00e9l, otros funcionarios del gobierno describieron cierta urgencia de Downing Street por acelerar el nombramiento de Mandelson, aunque sin \u00f3rdenes de saltarse los protocolos.<\/p>\n<p>En la antesala del debate parlamentario, el Gobierno public\u00f3 una carta enviada en septiembre por el exsecretario del gabinete, Chris Wormald, en la que afirmaba haber llegado a la conclusi\u00f3n de que \u00abse siguieron los procedimientos adecuados tanto en el nombramiento como en la <a href=\"https:\/\/www.france24.com\/es\/tag\/destituci\u00f3n\/\" target=\"_self\" class=\"gtm-add-suggested-tag\">destituci\u00f3n<\/a>\u00bb de Mandelson como embajador.<\/p>\n<p>Con las elecciones a la vuelta de la esquina y una oposici\u00f3n deseosa de capitalizar un esc\u00e1ndalo sexual de repercusi\u00f3n mundial, el primer ministro brit\u00e1nico enfrenta la presi\u00f3n parlamentaria por la designaci\u00f3n del cargo diplom\u00e1tico m\u00e1s importante del pa\u00eds, una elecci\u00f3n que tal vez agrad\u00f3 en su momento a Donald Trump, pero que, a la luz de los acontecimientos, no fue as\u00ed al interior de sus fronteras.<\/p>\n<p>Con informaci\u00f3n de Reuters y AP y medios locales.<\/p>\n","protected":false},"excerpt":{"rendered":"<p>El primer ministro brit\u00e1nico, Keir Starmer, se&#46;&#46;&#46;<\/p>\n","protected":false},"author":1,"featured_media":161517,"comment_status":"closed","ping_status":"closed","sticky":false,"template":"","format":"standard","meta":{"_jetpack_memberships_contains_paid_content":false,"footnotes":"","jetpack_publicize_message":"","jetpack_publicize_feature_enabled":true,"jetpack_social_post_already_shared":true,"jetpack_social_options":{"image_generator_settings":{"template":"highway","default_image_id":0,"font":"","enabled":false},"version":2}},"categories":[43],"tags":[],"class_list":["post-161516","post","type-post","status-publish","format-standard","has-post-thumbnail","hentry","category-internacionales"],"yoast_head":"<!-- This site is optimized with the Yoast SEO plugin v27.3 - https:\/\/yoast.com\/product\/yoast-seo-wordpress\/ -->\n<title>El Parlamento brit\u00e1nico decide si investiga a Starmer por nombrar a Mandelson pese a sus v\u00ednculos con Epstein - Sarmiento24h<\/title>\n<meta name=\"robots\" content=\"index, follow, max-snippet:-1, max-image-preview:large, max-video-preview:-1\" \/>\n<link rel=\"canonical\" href=\"https:\/\/sarmiento24h.com\/?p=161516\" \/>\n<meta property=\"og:locale\" content=\"es_ES\" \/>\n<meta property=\"og:type\" content=\"article\" \/>\n<meta property=\"og:title\" content=\"El Parlamento brit\u00e1nico decide si investiga a Starmer por nombrar a Mandelson pese a sus v\u00ednculos con Epstein - Sarmiento24h\" \/>\n<meta property=\"og:description\" content=\"El primer ministro brit\u00e1nico, Keir Starmer, se&#046;&#046;&#046;\" \/>\n<meta property=\"og:url\" content=\"https:\/\/sarmiento24h.com\/?p=161516\" \/>\n<meta property=\"og:site_name\" content=\"Sarmiento24h\" \/>\n<meta property=\"article:publisher\" content=\"https:\/\/facebook.com\/s24hnoticias\" \/>\n<meta property=\"article:published_time\" content=\"2026-04-28T14:47:23+00:00\" \/>\n<meta property=\"og:image\" content=\"https:\/\/s.france24.com\/media\/display\/6017da86-4300-11f1-b4c5-005056bfb2b6\/w:980\/AP26118378100935.jpg\" \/>\n<meta name=\"author\" content=\"sarmiento24h@gmail.com\" \/>\n<meta name=\"twitter:card\" content=\"summary_large_image\" \/>\n<meta name=\"twitter:creator\" content=\"@sarmiento24h\" \/>\n<meta name=\"twitter:site\" content=\"@sarmiento24h\" \/>\n<meta name=\"twitter:label1\" content=\"Escrito por\" \/>\n\t<meta name=\"twitter:data1\" content=\"sarmiento24h@gmail.com\" \/>\n\t<meta name=\"twitter:label2\" content=\"Tiempo de lectura\" \/>\n\t<meta name=\"twitter:data2\" content=\"6 minutos\" \/>\n<script type=\"application\/ld+json\" class=\"yoast-schema-graph\">{\"@context\":\"https:\\\/\\\/schema.org\",\"@graph\":[{\"@type\":\"Article\",\"@id\":\"https:\\\/\\\/sarmiento24h.com\\\/?p=161516#article\",\"isPartOf\":{\"@id\":\"https:\\\/\\\/sarmiento24h.com\\\/?p=161516\"},\"author\":{\"name\":\"sarmiento24h@gmail.com\",\"@id\":\"https:\\\/\\\/sarmiento24h.com\\\/#\\\/schema\\\/person\\\/d653a59725ad629a7e0429af7b939d4d\"},\"headline\":\"El Parlamento brit\u00e1nico decide si investiga a Starmer por nombrar a Mandelson pese a sus v\u00ednculos con Epstein\",\"datePublished\":\"2026-04-28T14:47:23+00:00\",\"mainEntityOfPage\":{\"@id\":\"https:\\\/\\\/sarmiento24h.com\\\/?p=161516\"},\"wordCount\":1136,\"publisher\":{\"@id\":\"https:\\\/\\\/sarmiento24h.com\\\/#organization\"},\"image\":{\"@id\":\"https:\\\/\\\/sarmiento24h.com\\\/?p=161516#primaryimage\"},\"thumbnailUrl\":\"https:\\\/\\\/sarmiento24h.com\\\/wp-content\\\/uploads\\\/2026\\\/04\\\/el-parlamento-britanico-decide-si-investiga-a-starmer-por-nombrar-a-mandelson-pese-a-sus-vinculos-con-epstein.jpg\",\"articleSection\":[\"Internacionales\"],\"inLanguage\":\"es\"},{\"@type\":\"WebPage\",\"@id\":\"https:\\\/\\\/sarmiento24h.com\\\/?p=161516\",\"url\":\"https:\\\/\\\/sarmiento24h.com\\\/?p=161516\",\"name\":\"El Parlamento brit\u00e1nico decide si investiga a Starmer por nombrar a Mandelson pese a sus v\u00ednculos con Epstein - Sarmiento24h\",\"isPartOf\":{\"@id\":\"https:\\\/\\\/sarmiento24h.com\\\/#website\"},\"primaryImageOfPage\":{\"@id\":\"https:\\\/\\\/sarmiento24h.com\\\/?p=161516#primaryimage\"},\"image\":{\"@id\":\"https:\\\/\\\/sarmiento24h.com\\\/?p=161516#primaryimage\"},\"thumbnailUrl\":\"https:\\\/\\\/sarmiento24h.com\\\/wp-content\\\/uploads\\\/2026\\\/04\\\/el-parlamento-britanico-decide-si-investiga-a-starmer-por-nombrar-a-mandelson-pese-a-sus-vinculos-con-epstein.jpg\",\"datePublished\":\"2026-04-28T14:47:23+00:00\",\"breadcrumb\":{\"@id\":\"https:\\\/\\\/sarmiento24h.com\\\/?p=161516#breadcrumb\"},\"inLanguage\":\"es\",\"potentialAction\":[{\"@type\":\"ReadAction\",\"target\":[\"https:\\\/\\\/sarmiento24h.com\\\/?p=161516\"]}]},{\"@type\":\"ImageObject\",\"inLanguage\":\"es\",\"@id\":\"https:\\\/\\\/sarmiento24h.com\\\/?p=161516#primaryimage\",\"url\":\"https:\\\/\\\/sarmiento24h.com\\\/wp-content\\\/uploads\\\/2026\\\/04\\\/el-parlamento-britanico-decide-si-investiga-a-starmer-por-nombrar-a-mandelson-pese-a-sus-vinculos-con-epstein.jpg\",\"contentUrl\":\"https:\\\/\\\/sarmiento24h.com\\\/wp-content\\\/uploads\\\/2026\\\/04\\\/el-parlamento-britanico-decide-si-investiga-a-starmer-por-nombrar-a-mandelson-pese-a-sus-vinculos-con-epstein.jpg\",\"width\":980,\"height\":551},{\"@type\":\"BreadcrumbList\",\"@id\":\"https:\\\/\\\/sarmiento24h.com\\\/?p=161516#breadcrumb\",\"itemListElement\":[{\"@type\":\"ListItem\",\"position\":1,\"name\":\"Home\",\"item\":\"https:\\\/\\\/sarmiento24h.com\\\/\"},{\"@type\":\"ListItem\",\"position\":2,\"name\":\"El Parlamento brit\u00e1nico decide si investiga a Starmer por nombrar a Mandelson pese a sus v\u00ednculos con Epstein\"}]},{\"@type\":\"WebSite\",\"@id\":\"https:\\\/\\\/sarmiento24h.com\\\/#website\",\"url\":\"https:\\\/\\\/sarmiento24h.com\\\/\",\"name\":\"Sarmiento24h\",\"description\":\"\",\"publisher\":{\"@id\":\"https:\\\/\\\/sarmiento24h.com\\\/#organization\"},\"potentialAction\":[{\"@type\":\"SearchAction\",\"target\":{\"@type\":\"EntryPoint\",\"urlTemplate\":\"https:\\\/\\\/sarmiento24h.com\\\/?s={search_term_string}\"},\"query-input\":{\"@type\":\"PropertyValueSpecification\",\"valueRequired\":true,\"valueName\":\"search_term_string\"}}],\"inLanguage\":\"es\"},{\"@type\":\"Organization\",\"@id\":\"https:\\\/\\\/sarmiento24h.com\\\/#organization\",\"name\":\"Sarmiento24h\",\"url\":\"https:\\\/\\\/sarmiento24h.com\\\/\",\"logo\":{\"@type\":\"ImageObject\",\"inLanguage\":\"es\",\"@id\":\"https:\\\/\\\/sarmiento24h.com\\\/#\\\/schema\\\/logo\\\/image\\\/\",\"url\":\"https:\\\/\\\/sarmiento24h.com\\\/wp-content\\\/uploads\\\/2025\\\/12\\\/AddText_12-16-10.30.52.jpg\",\"contentUrl\":\"https:\\\/\\\/sarmiento24h.com\\\/wp-content\\\/uploads\\\/2025\\\/12\\\/AddText_12-16-10.30.52.jpg\",\"width\":1220,\"height\":324,\"caption\":\"Sarmiento24h\"},\"image\":{\"@id\":\"https:\\\/\\\/sarmiento24h.com\\\/#\\\/schema\\\/logo\\\/image\\\/\"},\"sameAs\":[\"https:\\\/\\\/facebook.com\\\/s24hnoticias\",\"https:\\\/\\\/x.com\\\/sarmiento24h\"]},{\"@type\":\"Person\",\"@id\":\"https:\\\/\\\/sarmiento24h.com\\\/#\\\/schema\\\/person\\\/d653a59725ad629a7e0429af7b939d4d\",\"name\":\"sarmiento24h@gmail.com\",\"image\":{\"@type\":\"ImageObject\",\"inLanguage\":\"es\",\"@id\":\"https:\\\/\\\/sarmiento24h.com\\\/wp-content\\\/litespeed\\\/avatar\\\/d02cbc4e23c747e6659cd45907173c8f.jpg?ver=1777157796\",\"url\":\"https:\\\/\\\/sarmiento24h.com\\\/wp-content\\\/litespeed\\\/avatar\\\/d02cbc4e23c747e6659cd45907173c8f.jpg?ver=1777157796\",\"contentUrl\":\"https:\\\/\\\/sarmiento24h.com\\\/wp-content\\\/litespeed\\\/avatar\\\/d02cbc4e23c747e6659cd45907173c8f.jpg?ver=1777157796\",\"caption\":\"sarmiento24h@gmail.com\"},\"sameAs\":[\"https:\\\/\\\/sarmiento24h.com\"],\"url\":\"https:\\\/\\\/sarmiento24h.com\\\/?author=1\"}]}<\/script>\n<!-- \/ Yoast SEO plugin. -->","yoast_head_json":{"title":"El Parlamento brit\u00e1nico decide si investiga a Starmer por nombrar a Mandelson pese a sus v\u00ednculos con Epstein - Sarmiento24h","robots":{"index":"index","follow":"follow","max-snippet":"max-snippet:-1","max-image-preview":"max-image-preview:large","max-video-preview":"max-video-preview:-1"},"canonical":"https:\/\/sarmiento24h.com\/?p=161516","og_locale":"es_ES","og_type":"article","og_title":"El Parlamento brit\u00e1nico decide si investiga a Starmer por nombrar a Mandelson pese a sus v\u00ednculos con Epstein - Sarmiento24h","og_description":"El primer ministro brit\u00e1nico, Keir Starmer, se&#46;&#46;&#46;","og_url":"https:\/\/sarmiento24h.com\/?p=161516","og_site_name":"Sarmiento24h","article_publisher":"https:\/\/facebook.com\/s24hnoticias","article_published_time":"2026-04-28T14:47:23+00:00","og_image":[{"url":"https:\/\/s.france24.com\/media\/display\/6017da86-4300-11f1-b4c5-005056bfb2b6\/w:980\/AP26118378100935.jpg","type":"","width":"","height":""}],"author":"sarmiento24h@gmail.com","twitter_card":"summary_large_image","twitter_creator":"@sarmiento24h","twitter_site":"@sarmiento24h","twitter_misc":{"Escrito por":"sarmiento24h@gmail.com","Tiempo de lectura":"6 minutos"},"schema":{"@context":"https:\/\/schema.org","@graph":[{"@type":"Article","@id":"https:\/\/sarmiento24h.com\/?p=161516#article","isPartOf":{"@id":"https:\/\/sarmiento24h.com\/?p=161516"},"author":{"name":"sarmiento24h@gmail.com","@id":"https:\/\/sarmiento24h.com\/#\/schema\/person\/d653a59725ad629a7e0429af7b939d4d"},"headline":"El Parlamento brit\u00e1nico decide si investiga a Starmer por nombrar a Mandelson pese a sus v\u00ednculos con Epstein","datePublished":"2026-04-28T14:47:23+00:00","mainEntityOfPage":{"@id":"https:\/\/sarmiento24h.com\/?p=161516"},"wordCount":1136,"publisher":{"@id":"https:\/\/sarmiento24h.com\/#organization"},"image":{"@id":"https:\/\/sarmiento24h.com\/?p=161516#primaryimage"},"thumbnailUrl":"https:\/\/sarmiento24h.com\/wp-content\/uploads\/2026\/04\/el-parlamento-britanico-decide-si-investiga-a-starmer-por-nombrar-a-mandelson-pese-a-sus-vinculos-con-epstein.jpg","articleSection":["Internacionales"],"inLanguage":"es"},{"@type":"WebPage","@id":"https:\/\/sarmiento24h.com\/?p=161516","url":"https:\/\/sarmiento24h.com\/?p=161516","name":"El Parlamento brit\u00e1nico decide si investiga a Starmer por nombrar a Mandelson pese a sus v\u00ednculos con Epstein - Sarmiento24h","isPartOf":{"@id":"https:\/\/sarmiento24h.com\/#website"},"primaryImageOfPage":{"@id":"https:\/\/sarmiento24h.com\/?p=161516#primaryimage"},"image":{"@id":"https:\/\/sarmiento24h.com\/?p=161516#primaryimage"},"thumbnailUrl":"https:\/\/sarmiento24h.com\/wp-content\/uploads\/2026\/04\/el-parlamento-britanico-decide-si-investiga-a-starmer-por-nombrar-a-mandelson-pese-a-sus-vinculos-con-epstein.jpg","datePublished":"2026-04-28T14:47:23+00:00","breadcrumb":{"@id":"https:\/\/sarmiento24h.com\/?p=161516#breadcrumb"},"inLanguage":"es","potentialAction":[{"@type":"ReadAction","target":["https:\/\/sarmiento24h.com\/?p=161516"]}]},{"@type":"ImageObject","inLanguage":"es","@id":"https:\/\/sarmiento24h.com\/?p=161516#primaryimage","url":"https:\/\/sarmiento24h.com\/wp-content\/uploads\/2026\/04\/el-parlamento-britanico-decide-si-investiga-a-starmer-por-nombrar-a-mandelson-pese-a-sus-vinculos-con-epstein.jpg","contentUrl":"https:\/\/sarmiento24h.com\/wp-content\/uploads\/2026\/04\/el-parlamento-britanico-decide-si-investiga-a-starmer-por-nombrar-a-mandelson-pese-a-sus-vinculos-con-epstein.jpg","width":980,"height":551},{"@type":"BreadcrumbList","@id":"https:\/\/sarmiento24h.com\/?p=161516#breadcrumb","itemListElement":[{"@type":"ListItem","position":1,"name":"Home","item":"https:\/\/sarmiento24h.com\/"},{"@type":"ListItem","position":2,"name":"El Parlamento brit\u00e1nico decide si investiga a Starmer por nombrar a Mandelson pese a sus v\u00ednculos con Epstein"}]},{"@type":"WebSite","@id":"https:\/\/sarmiento24h.com\/#website","url":"https:\/\/sarmiento24h.com\/","name":"Sarmiento24h","description":"","publisher":{"@id":"https:\/\/sarmiento24h.com\/#organization"},"potentialAction":[{"@type":"SearchAction","target":{"@type":"EntryPoint","urlTemplate":"https:\/\/sarmiento24h.com\/?s={search_term_string}"},"query-input":{"@type":"PropertyValueSpecification","valueRequired":true,"valueName":"search_term_string"}}],"inLanguage":"es"},{"@type":"Organization","@id":"https:\/\/sarmiento24h.com\/#organization","name":"Sarmiento24h","url":"https:\/\/sarmiento24h.com\/","logo":{"@type":"ImageObject","inLanguage":"es","@id":"https:\/\/sarmiento24h.com\/#\/schema\/logo\/image\/","url":"https:\/\/sarmiento24h.com\/wp-content\/uploads\/2025\/12\/AddText_12-16-10.30.52.jpg","contentUrl":"https:\/\/sarmiento24h.com\/wp-content\/uploads\/2025\/12\/AddText_12-16-10.30.52.jpg","width":1220,"height":324,"caption":"Sarmiento24h"},"image":{"@id":"https:\/\/sarmiento24h.com\/#\/schema\/logo\/image\/"},"sameAs":["https:\/\/facebook.com\/s24hnoticias","https:\/\/x.com\/sarmiento24h"]},{"@type":"Person","@id":"https:\/\/sarmiento24h.com\/#\/schema\/person\/d653a59725ad629a7e0429af7b939d4d","name":"sarmiento24h@gmail.com","image":{"@type":"ImageObject","inLanguage":"es","@id":"https:\/\/sarmiento24h.com\/wp-content\/litespeed\/avatar\/d02cbc4e23c747e6659cd45907173c8f.jpg?ver=1777157796","url":"https:\/\/sarmiento24h.com\/wp-content\/litespeed\/avatar\/d02cbc4e23c747e6659cd45907173c8f.jpg?ver=1777157796","contentUrl":"https:\/\/sarmiento24h.com\/wp-content\/litespeed\/avatar\/d02cbc4e23c747e6659cd45907173c8f.jpg?ver=1777157796","caption":"sarmiento24h@gmail.com"},"sameAs":["https:\/\/sarmiento24h.com"],"url":"https:\/\/sarmiento24h.com\/?author=1"}]}},"jetpack_publicize_connections":[],"jetpack_featured_media_url":"https:\/\/sarmiento24h.com\/wp-content\/uploads\/2026\/04\/el-parlamento-britanico-decide-si-investiga-a-starmer-por-nombrar-a-mandelson-pese-a-sus-vinculos-con-epstein.jpg","jetpack_sharing_enabled":true,"_links":{"self":[{"href":"https:\/\/sarmiento24h.com\/index.php?rest_route=\/wp\/v2\/posts\/161516","targetHints":{"allow":["GET"]}}],"collection":[{"href":"https:\/\/sarmiento24h.com\/index.php?rest_route=\/wp\/v2\/posts"}],"about":[{"href":"https:\/\/sarmiento24h.com\/index.php?rest_route=\/wp\/v2\/types\/post"}],"author":[{"embeddable":true,"href":"https:\/\/sarmiento24h.com\/index.php?rest_route=\/wp\/v2\/users\/1"}],"replies":[{"embeddable":true,"href":"https:\/\/sarmiento24h.com\/index.php?rest_route=%2Fwp%2Fv2%2Fcomments&post=161516"}],"version-history":[{"count":0,"href":"https:\/\/sarmiento24h.com\/index.php?rest_route=\/wp\/v2\/posts\/161516\/revisions"}],"wp:featuredmedia":[{"embeddable":true,"href":"https:\/\/sarmiento24h.com\/index.php?rest_route=\/wp\/v2\/media\/161517"}],"wp:attachment":[{"href":"https:\/\/sarmiento24h.com\/index.php?rest_route=%2Fwp%2Fv2%2Fmedia&parent=161516"}],"wp:term":[{"taxonomy":"category","embeddable":true,"href":"https:\/\/sarmiento24h.com\/index.php?rest_route=%2Fwp%2Fv2%2Fcategories&post=161516"},{"taxonomy":"post_tag","embeddable":true,"href":"https:\/\/sarmiento24h.com\/index.php?rest_route=%2Fwp%2Fv2%2Ftags&post=161516"}],"curies":[{"name":"wp","href":"https:\/\/api.w.org\/{rel}","templated":true}]}}