{"id":161693,"date":"2026-04-28T16:08:06","date_gmt":"2026-04-28T16:08:06","guid":{"rendered":"https:\/\/diariodigitalrd.com\/?p=701455"},"modified":"2026-04-28T16:08:06","modified_gmt":"2026-04-28T16:08:06","slug":"pld-rememora-invasion-de-eeuu-a-republica-dominicana","status":"publish","type":"post","link":"https:\/\/sarmiento24h.com\/?p=161693","title":{"rendered":"PLD rememora invasi\u00f3n de EEUU a Rep\u00fablica Dominicana"},"content":{"rendered":"<div><img decoding=\"async\" src=\"https:\/\/diariodigitalrd.b-cdn.net\/2026\/04\/tanques-de-eeuu-en-rd.jpg\" class=\"ff-og-image-inserted\"><\/div>\n<p><strong>El desembarco estadounidense de mil novecientos sesenta y cinco que detuvo la constitucionalidad<\/strong><\/p>\n<p class=\"has-drop-cap has-medium-font-size\"><strong>El 28 de abril de 1965 qued\u00f3 grabado en la historia como el d\u00eda en que la autodeterminaci\u00f3n dominicana fue interrumpida por fuerzas extranjeras. El Partido de la Liberaci\u00f3n Dominicana (PLD) lo recuerda como el momento que inici\u00f3 un movimiento c\u00edvico-militar para restaurar la Constituci\u00f3n de 1963, devolver al poder al profesor Juan Bosch, y que se transform\u00f3 abruptamente en un escenario de resistencia internacional.&nbsp;<\/strong><\/p>\n<p>A seis d\u00e9cadas de aquel suceso, el recuerdo de la invasi\u00f3n sigue siendo un pilar en la identidad pol\u00edtica y social de la naci\u00f3n, indica la organizaci\u00f3n pol\u00edtica.<\/p>\n<p><a href=\"https:\/\/diariodigitalrd.com\/2026\/04\/23\/desmiente-alianza-del-pld-con-el-prm.html\/\">Desmiente alianza del PLD con el PRM<\/a><\/p>\n<h3 class=\"wp-block-heading has-medium-font-size\"><strong>Tropas extranjeras frenan la voluntad popular<\/strong><\/h3>\n<p>Apenas cuatro d\u00edas despu\u00e9s de que estallara la insurrecci\u00f3n contra el gobierno de facto, el presidente de los Estados Unidos, <strong>Lyndon B. Johnson<\/strong>, autoriz\u00f3 el env\u00edo de un contingente de infanter\u00eda.&nbsp;<\/p>\n<p>Bajo el pretexto oficial de proteger el per\u00edmetro de su embajada y salvar vidas extranjeras, miles de soldados de la <strong>82.\u00aa Divisi\u00f3n Aerotransportada<\/strong> desembarcaron en Santo Domingo.<\/p>\n<p>Sin embargo, historiadores y testigos de la \u00e9poca coinciden en que el verdadero objetivo era frenar un triunfo popular que ya parec\u00eda inminente.<\/p>\n<p>La llegada de los marines no solo alter\u00f3 el curso de los combates, sino que redefini\u00f3 la naturaleza de la lucha. Seg\u00fan el historiador Rafael P\u00e9rez Modesto, el t\u00e9rmino \u00abintervenci\u00f3n\u00bb resulta insuficiente para describir un acto de fuerza que se impuso contra un pueblo movilizado.&nbsp;<\/p>\n<p>As\u00ed, la superioridad b\u00e9lica estadounidense logr\u00f3 controlar el territorio, pero no pudo doblegar el esp\u00edritu de los constitucionalistas.<\/p>\n<p><a href=\"https:\/\/diariodigitalrd.com\/2026\/04\/21\/francisco-javier-garcia-lidera-preferencias-internas-del-pld.html\/\">Francisco Javier Garc\u00eda lidera preferencias internas del PLD<\/a><\/p>\n<h3 class=\"wp-block-heading has-medium-font-size\"><strong>Resistencia nacional durante la Guerra Patria<\/strong><\/h3>\n<p>El enfrentamiento interno entre sectores militares se unific\u00f3 ante la bota extranjera, dando paso a lo que se conoce como la <strong>Guerra Patria<\/strong>. Los ciudadanos, convertidos en soldados de la soberan\u00eda, defendieron cada barrio de la capital en una lucha desigual.&nbsp;<\/p>\n<p>El <strong>PLD destaca que <\/strong>junto a diversas instituciones mantienen viva la efem\u00e9ride como un ejercicio de <strong>memoria hist\u00f3rica<\/strong>.<\/p>\n<p>Hoy, el an\u00e1lisis de este conflicto permite entender la complejidad de las relaciones interamericanas de la \u00e9poca. La invasi\u00f3n de 1965 no solo fue un despliegue de poder militar, sino el recordatorio de un pueblo que, a pesar de la ocupaci\u00f3n, mantuvo firme su reclamo de <strong>legalidad y democracia<\/strong>.&nbsp;<\/p>\n<p>La soberan\u00eda, defendida en las calles hace m\u00e1s de medio siglo, sigue siendo el eje central de este aniversario.<\/p>\n","protected":false},"excerpt":{"rendered":"<p>El desembarco estadounidense de mil novecientos sesenta&#46;&#46;&#46;<\/p>\n","protected":false},"author":1,"featured_media":161694,"comment_status":"closed","ping_status":"closed","sticky":false,"template":"","format":"standard","meta":{"_jetpack_memberships_contains_paid_content":false,"footnotes":"","jetpack_publicize_message":"","jetpack_publicize_feature_enabled":true,"jetpack_social_post_already_shared":true,"jetpack_social_options":{"image_generator_settings":{"template":"highway","default_image_id":0,"font":"","enabled":false},"version":2}},"categories":[59,61],"tags":[],"class_list":["post-161693","post","type-post","status-publish","format-standard","has-post-thumbnail","hentry","category-actualidad","category-politica"],"yoast_head":"<!-- This site is optimized with the Yoast SEO plugin v27.3 - https:\/\/yoast.com\/product\/yoast-seo-wordpress\/ -->\n<title>PLD rememora invasi\u00f3n de EEUU a Rep\u00fablica Dominicana - Sarmiento24h<\/title>\n<meta name=\"robots\" content=\"index, follow, max-snippet:-1, max-image-preview:large, max-video-preview:-1\" \/>\n<link rel=\"canonical\" href=\"https:\/\/sarmiento24h.com\/?p=161693\" \/>\n<meta property=\"og:locale\" content=\"es_ES\" \/>\n<meta property=\"og:type\" content=\"article\" \/>\n<meta property=\"og:title\" content=\"PLD rememora invasi\u00f3n de EEUU a Rep\u00fablica Dominicana - Sarmiento24h\" \/>\n<meta property=\"og:description\" content=\"El desembarco estadounidense de mil novecientos sesenta&#046;&#046;&#046;\" \/>\n<meta property=\"og:url\" content=\"https:\/\/sarmiento24h.com\/?p=161693\" \/>\n<meta property=\"og:site_name\" content=\"Sarmiento24h\" \/>\n<meta property=\"article:publisher\" content=\"https:\/\/facebook.com\/s24hnoticias\" \/>\n<meta property=\"article:published_time\" content=\"2026-04-28T16:08:06+00:00\" \/>\n<meta property=\"og:image\" content=\"https:\/\/diariodigitalrd.b-cdn.net\/2026\/04\/tanques-de-eeuu-en-rd.jpg\" \/>\n<meta name=\"author\" content=\"sarmiento24h@gmail.com\" \/>\n<meta name=\"twitter:card\" content=\"summary_large_image\" \/>\n<meta name=\"twitter:creator\" content=\"@sarmiento24h\" \/>\n<meta name=\"twitter:site\" content=\"@sarmiento24h\" \/>\n<meta name=\"twitter:label1\" content=\"Escrito por\" \/>\n\t<meta name=\"twitter:data1\" content=\"sarmiento24h@gmail.com\" \/>\n\t<meta name=\"twitter:label2\" content=\"Tiempo de lectura\" \/>\n\t<meta name=\"twitter:data2\" content=\"2 minutos\" \/>\n<script type=\"application\/ld+json\" class=\"yoast-schema-graph\">{\"@context\":\"https:\\\/\\\/schema.org\",\"@graph\":[{\"@type\":\"Article\",\"@id\":\"https:\\\/\\\/sarmiento24h.com\\\/?p=161693#article\",\"isPartOf\":{\"@id\":\"https:\\\/\\\/sarmiento24h.com\\\/?p=161693\"},\"author\":{\"name\":\"sarmiento24h@gmail.com\",\"@id\":\"https:\\\/\\\/sarmiento24h.com\\\/#\\\/schema\\\/person\\\/d653a59725ad629a7e0429af7b939d4d\"},\"headline\":\"PLD rememora invasi\u00f3n de EEUU a Rep\u00fablica Dominicana\",\"datePublished\":\"2026-04-28T16:08:06+00:00\",\"mainEntityOfPage\":{\"@id\":\"https:\\\/\\\/sarmiento24h.com\\\/?p=161693\"},\"wordCount\":448,\"publisher\":{\"@id\":\"https:\\\/\\\/sarmiento24h.com\\\/#organization\"},\"image\":{\"@id\":\"https:\\\/\\\/sarmiento24h.com\\\/?p=161693#primaryimage\"},\"thumbnailUrl\":\"https:\\\/\\\/sarmiento24h.com\\\/wp-content\\\/uploads\\\/2026\\\/04\\\/pld-rememora-invasion-de-eeuu-a-republica-dominicana.jpg\",\"articleSection\":[\"Actualidad\",\"Politica\"],\"inLanguage\":\"es\"},{\"@type\":\"WebPage\",\"@id\":\"https:\\\/\\\/sarmiento24h.com\\\/?p=161693\",\"url\":\"https:\\\/\\\/sarmiento24h.com\\\/?p=161693\",\"name\":\"PLD rememora invasi\u00f3n de EEUU a Rep\u00fablica Dominicana - Sarmiento24h\",\"isPartOf\":{\"@id\":\"https:\\\/\\\/sarmiento24h.com\\\/#website\"},\"primaryImageOfPage\":{\"@id\":\"https:\\\/\\\/sarmiento24h.com\\\/?p=161693#primaryimage\"},\"image\":{\"@id\":\"https:\\\/\\\/sarmiento24h.com\\\/?p=161693#primaryimage\"},\"thumbnailUrl\":\"https:\\\/\\\/sarmiento24h.com\\\/wp-content\\\/uploads\\\/2026\\\/04\\\/pld-rememora-invasion-de-eeuu-a-republica-dominicana.jpg\",\"datePublished\":\"2026-04-28T16:08:06+00:00\",\"breadcrumb\":{\"@id\":\"https:\\\/\\\/sarmiento24h.com\\\/?p=161693#breadcrumb\"},\"inLanguage\":\"es\",\"potentialAction\":[{\"@type\":\"ReadAction\",\"target\":[\"https:\\\/\\\/sarmiento24h.com\\\/?p=161693\"]}]},{\"@type\":\"ImageObject\",\"inLanguage\":\"es\",\"@id\":\"https:\\\/\\\/sarmiento24h.com\\\/?p=161693#primaryimage\",\"url\":\"https:\\\/\\\/sarmiento24h.com\\\/wp-content\\\/uploads\\\/2026\\\/04\\\/pld-rememora-invasion-de-eeuu-a-republica-dominicana.jpg\",\"contentUrl\":\"https:\\\/\\\/sarmiento24h.com\\\/wp-content\\\/uploads\\\/2026\\\/04\\\/pld-rememora-invasion-de-eeuu-a-republica-dominicana.jpg\",\"width\":1000,\"height\":600},{\"@type\":\"BreadcrumbList\",\"@id\":\"https:\\\/\\\/sarmiento24h.com\\\/?p=161693#breadcrumb\",\"itemListElement\":[{\"@type\":\"ListItem\",\"position\":1,\"name\":\"Home\",\"item\":\"https:\\\/\\\/sarmiento24h.com\\\/\"},{\"@type\":\"ListItem\",\"position\":2,\"name\":\"PLD rememora invasi\u00f3n de EEUU a Rep\u00fablica Dominicana\"}]},{\"@type\":\"WebSite\",\"@id\":\"https:\\\/\\\/sarmiento24h.com\\\/#website\",\"url\":\"https:\\\/\\\/sarmiento24h.com\\\/\",\"name\":\"Sarmiento24h\",\"description\":\"\",\"publisher\":{\"@id\":\"https:\\\/\\\/sarmiento24h.com\\\/#organization\"},\"potentialAction\":[{\"@type\":\"SearchAction\",\"target\":{\"@type\":\"EntryPoint\",\"urlTemplate\":\"https:\\\/\\\/sarmiento24h.com\\\/?s={search_term_string}\"},\"query-input\":{\"@type\":\"PropertyValueSpecification\",\"valueRequired\":true,\"valueName\":\"search_term_string\"}}],\"inLanguage\":\"es\"},{\"@type\":\"Organization\",\"@id\":\"https:\\\/\\\/sarmiento24h.com\\\/#organization\",\"name\":\"Sarmiento24h\",\"url\":\"https:\\\/\\\/sarmiento24h.com\\\/\",\"logo\":{\"@type\":\"ImageObject\",\"inLanguage\":\"es\",\"@id\":\"https:\\\/\\\/sarmiento24h.com\\\/#\\\/schema\\\/logo\\\/image\\\/\",\"url\":\"https:\\\/\\\/sarmiento24h.com\\\/wp-content\\\/uploads\\\/2025\\\/12\\\/AddText_12-16-10.30.52.jpg\",\"contentUrl\":\"https:\\\/\\\/sarmiento24h.com\\\/wp-content\\\/uploads\\\/2025\\\/12\\\/AddText_12-16-10.30.52.jpg\",\"width\":1220,\"height\":324,\"caption\":\"Sarmiento24h\"},\"image\":{\"@id\":\"https:\\\/\\\/sarmiento24h.com\\\/#\\\/schema\\\/logo\\\/image\\\/\"},\"sameAs\":[\"https:\\\/\\\/facebook.com\\\/s24hnoticias\",\"https:\\\/\\\/x.com\\\/sarmiento24h\"]},{\"@type\":\"Person\",\"@id\":\"https:\\\/\\\/sarmiento24h.com\\\/#\\\/schema\\\/person\\\/d653a59725ad629a7e0429af7b939d4d\",\"name\":\"sarmiento24h@gmail.com\",\"image\":{\"@type\":\"ImageObject\",\"inLanguage\":\"es\",\"@id\":\"https:\\\/\\\/sarmiento24h.com\\\/wp-content\\\/litespeed\\\/avatar\\\/d02cbc4e23c747e6659cd45907173c8f.jpg?ver=1777157796\",\"url\":\"https:\\\/\\\/sarmiento24h.com\\\/wp-content\\\/litespeed\\\/avatar\\\/d02cbc4e23c747e6659cd45907173c8f.jpg?ver=1777157796\",\"contentUrl\":\"https:\\\/\\\/sarmiento24h.com\\\/wp-content\\\/litespeed\\\/avatar\\\/d02cbc4e23c747e6659cd45907173c8f.jpg?ver=1777157796\",\"caption\":\"sarmiento24h@gmail.com\"},\"sameAs\":[\"https:\\\/\\\/sarmiento24h.com\"],\"url\":\"https:\\\/\\\/sarmiento24h.com\\\/?author=1\"}]}<\/script>\n<!-- \/ Yoast SEO plugin. -->","yoast_head_json":{"title":"PLD rememora invasi\u00f3n de EEUU a Rep\u00fablica Dominicana - Sarmiento24h","robots":{"index":"index","follow":"follow","max-snippet":"max-snippet:-1","max-image-preview":"max-image-preview:large","max-video-preview":"max-video-preview:-1"},"canonical":"https:\/\/sarmiento24h.com\/?p=161693","og_locale":"es_ES","og_type":"article","og_title":"PLD rememora invasi\u00f3n de EEUU a Rep\u00fablica Dominicana - Sarmiento24h","og_description":"El desembarco estadounidense de mil novecientos sesenta&#46;&#46;&#46;","og_url":"https:\/\/sarmiento24h.com\/?p=161693","og_site_name":"Sarmiento24h","article_publisher":"https:\/\/facebook.com\/s24hnoticias","article_published_time":"2026-04-28T16:08:06+00:00","og_image":[{"url":"https:\/\/diariodigitalrd.b-cdn.net\/2026\/04\/tanques-de-eeuu-en-rd.jpg","type":"","width":"","height":""}],"author":"sarmiento24h@gmail.com","twitter_card":"summary_large_image","twitter_creator":"@sarmiento24h","twitter_site":"@sarmiento24h","twitter_misc":{"Escrito por":"sarmiento24h@gmail.com","Tiempo de lectura":"2 minutos"},"schema":{"@context":"https:\/\/schema.org","@graph":[{"@type":"Article","@id":"https:\/\/sarmiento24h.com\/?p=161693#article","isPartOf":{"@id":"https:\/\/sarmiento24h.com\/?p=161693"},"author":{"name":"sarmiento24h@gmail.com","@id":"https:\/\/sarmiento24h.com\/#\/schema\/person\/d653a59725ad629a7e0429af7b939d4d"},"headline":"PLD rememora invasi\u00f3n de EEUU a Rep\u00fablica Dominicana","datePublished":"2026-04-28T16:08:06+00:00","mainEntityOfPage":{"@id":"https:\/\/sarmiento24h.com\/?p=161693"},"wordCount":448,"publisher":{"@id":"https:\/\/sarmiento24h.com\/#organization"},"image":{"@id":"https:\/\/sarmiento24h.com\/?p=161693#primaryimage"},"thumbnailUrl":"https:\/\/sarmiento24h.com\/wp-content\/uploads\/2026\/04\/pld-rememora-invasion-de-eeuu-a-republica-dominicana.jpg","articleSection":["Actualidad","Politica"],"inLanguage":"es"},{"@type":"WebPage","@id":"https:\/\/sarmiento24h.com\/?p=161693","url":"https:\/\/sarmiento24h.com\/?p=161693","name":"PLD rememora invasi\u00f3n de EEUU a Rep\u00fablica Dominicana - Sarmiento24h","isPartOf":{"@id":"https:\/\/sarmiento24h.com\/#website"},"primaryImageOfPage":{"@id":"https:\/\/sarmiento24h.com\/?p=161693#primaryimage"},"image":{"@id":"https:\/\/sarmiento24h.com\/?p=161693#primaryimage"},"thumbnailUrl":"https:\/\/sarmiento24h.com\/wp-content\/uploads\/2026\/04\/pld-rememora-invasion-de-eeuu-a-republica-dominicana.jpg","datePublished":"2026-04-28T16:08:06+00:00","breadcrumb":{"@id":"https:\/\/sarmiento24h.com\/?p=161693#breadcrumb"},"inLanguage":"es","potentialAction":[{"@type":"ReadAction","target":["https:\/\/sarmiento24h.com\/?p=161693"]}]},{"@type":"ImageObject","inLanguage":"es","@id":"https:\/\/sarmiento24h.com\/?p=161693#primaryimage","url":"https:\/\/sarmiento24h.com\/wp-content\/uploads\/2026\/04\/pld-rememora-invasion-de-eeuu-a-republica-dominicana.jpg","contentUrl":"https:\/\/sarmiento24h.com\/wp-content\/uploads\/2026\/04\/pld-rememora-invasion-de-eeuu-a-republica-dominicana.jpg","width":1000,"height":600},{"@type":"BreadcrumbList","@id":"https:\/\/sarmiento24h.com\/?p=161693#breadcrumb","itemListElement":[{"@type":"ListItem","position":1,"name":"Home","item":"https:\/\/sarmiento24h.com\/"},{"@type":"ListItem","position":2,"name":"PLD rememora invasi\u00f3n de EEUU a Rep\u00fablica Dominicana"}]},{"@type":"WebSite","@id":"https:\/\/sarmiento24h.com\/#website","url":"https:\/\/sarmiento24h.com\/","name":"Sarmiento24h","description":"","publisher":{"@id":"https:\/\/sarmiento24h.com\/#organization"},"potentialAction":[{"@type":"SearchAction","target":{"@type":"EntryPoint","urlTemplate":"https:\/\/sarmiento24h.com\/?s={search_term_string}"},"query-input":{"@type":"PropertyValueSpecification","valueRequired":true,"valueName":"search_term_string"}}],"inLanguage":"es"},{"@type":"Organization","@id":"https:\/\/sarmiento24h.com\/#organization","name":"Sarmiento24h","url":"https:\/\/sarmiento24h.com\/","logo":{"@type":"ImageObject","inLanguage":"es","@id":"https:\/\/sarmiento24h.com\/#\/schema\/logo\/image\/","url":"https:\/\/sarmiento24h.com\/wp-content\/uploads\/2025\/12\/AddText_12-16-10.30.52.jpg","contentUrl":"https:\/\/sarmiento24h.com\/wp-content\/uploads\/2025\/12\/AddText_12-16-10.30.52.jpg","width":1220,"height":324,"caption":"Sarmiento24h"},"image":{"@id":"https:\/\/sarmiento24h.com\/#\/schema\/logo\/image\/"},"sameAs":["https:\/\/facebook.com\/s24hnoticias","https:\/\/x.com\/sarmiento24h"]},{"@type":"Person","@id":"https:\/\/sarmiento24h.com\/#\/schema\/person\/d653a59725ad629a7e0429af7b939d4d","name":"sarmiento24h@gmail.com","image":{"@type":"ImageObject","inLanguage":"es","@id":"https:\/\/sarmiento24h.com\/wp-content\/litespeed\/avatar\/d02cbc4e23c747e6659cd45907173c8f.jpg?ver=1777157796","url":"https:\/\/sarmiento24h.com\/wp-content\/litespeed\/avatar\/d02cbc4e23c747e6659cd45907173c8f.jpg?ver=1777157796","contentUrl":"https:\/\/sarmiento24h.com\/wp-content\/litespeed\/avatar\/d02cbc4e23c747e6659cd45907173c8f.jpg?ver=1777157796","caption":"sarmiento24h@gmail.com"},"sameAs":["https:\/\/sarmiento24h.com"],"url":"https:\/\/sarmiento24h.com\/?author=1"}]}},"jetpack_publicize_connections":[],"jetpack_featured_media_url":"https:\/\/sarmiento24h.com\/wp-content\/uploads\/2026\/04\/pld-rememora-invasion-de-eeuu-a-republica-dominicana.jpg","jetpack_sharing_enabled":true,"_links":{"self":[{"href":"https:\/\/sarmiento24h.com\/index.php?rest_route=\/wp\/v2\/posts\/161693","targetHints":{"allow":["GET"]}}],"collection":[{"href":"https:\/\/sarmiento24h.com\/index.php?rest_route=\/wp\/v2\/posts"}],"about":[{"href":"https:\/\/sarmiento24h.com\/index.php?rest_route=\/wp\/v2\/types\/post"}],"author":[{"embeddable":true,"href":"https:\/\/sarmiento24h.com\/index.php?rest_route=\/wp\/v2\/users\/1"}],"replies":[{"embeddable":true,"href":"https:\/\/sarmiento24h.com\/index.php?rest_route=%2Fwp%2Fv2%2Fcomments&post=161693"}],"version-history":[{"count":0,"href":"https:\/\/sarmiento24h.com\/index.php?rest_route=\/wp\/v2\/posts\/161693\/revisions"}],"wp:featuredmedia":[{"embeddable":true,"href":"https:\/\/sarmiento24h.com\/index.php?rest_route=\/wp\/v2\/media\/161694"}],"wp:attachment":[{"href":"https:\/\/sarmiento24h.com\/index.php?rest_route=%2Fwp%2Fv2%2Fmedia&parent=161693"}],"wp:term":[{"taxonomy":"category","embeddable":true,"href":"https:\/\/sarmiento24h.com\/index.php?rest_route=%2Fwp%2Fv2%2Fcategories&post=161693"},{"taxonomy":"post_tag","embeddable":true,"href":"https:\/\/sarmiento24h.com\/index.php?rest_route=%2Fwp%2Fv2%2Ftags&post=161693"}],"curies":[{"name":"wp","href":"https:\/\/api.w.org\/{rel}","templated":true}]}}