{"id":161781,"date":"2026-04-28T17:07:16","date_gmt":"2026-04-28T17:07:16","guid":{"rendered":"http:\/\/bd11d92e-429e-11f1-8c72-5dc4dc4bbd1d"},"modified":"2026-04-28T17:07:16","modified_gmt":"2026-04-28T17:07:16","slug":"mas-de-20-atentados-en-48-horas-la-violencia-amenaza-las-elecciones-en-colombia","status":"publish","type":"post","link":"https:\/\/sarmiento24h.com\/?p=161781","title":{"rendered":"M\u00e1s de 20 atentados en 48 horas: \u00bfla violencia amenaza las elecciones en Colombia?"},"content":{"rendered":"<div><img decoding=\"async\" src=\"https:\/\/s.france24.com\/media\/display\/419c7a46-4321-11f1-8f19-005056bf30b7\/w:1280\/p:16x9\/AP26116548767032.jpg\" class=\"ff-og-image-inserted\"><\/div>\n<p> M\u00e1s de 20 ataques registrados en 48 horas reflejan un repunte de la violencia en Colombia, en un contexto marcado por la campa\u00f1a electoral. Este escenario plantea interrogantes sobre las condiciones de seguridad en el pa\u00eds y su posible impacto en la legitimidad de las elecciones de 2026. Lo analizamos en El Debate de France 24. <\/p>\n<div readability=\"94.849163679809\">\n<p>Explosiones, r\u00e1fagas de fusil y ataques contra estaciones de polic\u00eda y establecimientos comerciales marcaron un fin de semana especialmente violento en Colombia. Seg\u00fan la Fiscal\u00eda General de la Naci\u00f3n, se registraron m\u00e1s de 20 atentados en distintos puntos del pa\u00eds.<\/p>\n<p>El hecho m\u00e1s grave ocurri\u00f3 en la <a href=\"https:\/\/www.france24.com\/es\/video\/20260426-colombia-ataque-en-la-v\u00eda-panamericana-y-desaf\u00edos-de-seguridad-antes-de-las-elecciones\" target=\"_self\">v\u00eda Panamericana<\/a>, donde un artefacto explosivo impact\u00f3 un autob\u00fas, dejando al menos 20 muertos y decenas de heridos. Las autoridades atribuyen el ataque a disidencias de las extintas&nbsp;<a href=\"https:\/\/www.france24.com\/es\/tag\/farc\/\" target=\"_self\">FARC<\/a> que no se acogieron a los A<a href=\"https:\/\/www.france24.com\/es\/video\/20260416-directo-latam-y-los-10-a\u00f1os-de-la-firma-del-acuerdo-de-paz-con-las-farc\" target=\"_self\">cuerdos de Paz de 2016.<\/a>&nbsp;En este contexto, crecen las alertas por posibles presiones e intimidaciones contra candidatos, en medio de un <a href=\"https:\/\/www.france24.com\/es\/programas\/el-debate\/20260310-colombia-entre-derecha-e-izquierda-qu\u00e9-explica-esta-polarizaci\u00f3n\" target=\"_self\">clima pol\u00edtico<\/a> cada vez m\u00e1s tenso.<\/p>\n<p class=\"a-read-more\"><span class=\"a-read-more__label\">Leer tambi\u00e9n<\/span><a href=\"https:\/\/www.france24.com\/es\/programas\/en-contexto\/20260428-escalada-de-ataques-en-colombia-qu\u00e9-tanto-aumentan-la-tensi\u00f3n-a-semanas-de-las-elecciones\" target=\"_self\" class=\"a-read-more__link\">Escalada de ataques en Colombia: \u00bfqu\u00e9 tanto aumentan la tensi\u00f3n a semanas de las elecciones?<\/a><\/p>\n<p><strong>\u00bfHasta qu\u00e9 punto esta escalada puede afectar la seguridad y la legitimidad de las elecciones de 2026? <\/strong>Lo analizamos en El Debate de France 24.<\/p>\n<p>Carlos Augusto Chac\u00f3n, especialista en seguridad y defensa nacional, califica estos hechos como \u201c<strong>el resultado de la pol\u00edtica de paz total, que habr\u00eda generado incentivos perversos para el crecimiento de los grupos criminales\u201d.<\/strong><\/p>\n<p>En una l\u00ednea similar, el analista pol\u00edtico Omar Bula Escobar sostiene que \u201clo que vemos es, en realidad, lo contrario al objetivo principal, que es la paz. Llevamos ya 13 a\u00f1os entre di\u00e1logos y negociaciones, y el balance es preocupante: ha aumentado lo que alimenta la guerra\u00bb<\/p>\n<blockquote class=\"quote\" readability=\"8\">\n<p><strong>\u00abLas cifras de Naciones Unidas son claras: pasamos de 48.000 hect\u00e1reas en 2012 a 96.000 al cierre del proceso de paz, y luego a 250.000\u201d, asegura Bula.<\/strong><\/p>\n<\/blockquote>\n<p class=\"a-read-more\"><span class=\"a-read-more__label\">Leer tambi\u00e9n<\/span><a href=\"https:\/\/www.france24.com\/es\/am\u00e9rica-latina\/20260416-conflicto-por-la-tierra-violencia-y-esperanza-el-factor-del-cauca-en-las-presidenciales-de-colombia\" target=\"_self\" class=\"a-read-more__link\">Conflicto por la tierra, violencia y esperanza: el factor del Cauca en las presidenciales de Colombia<\/a><\/p>\n<p>Frente a los hechos violentos del fin de semana, Pastor Alape, firmante del Acuerdo de Paz y coordinador de su implementaci\u00f3n por parte del <a href=\"https:\/\/www.france24.com\/es\/am\u00e9rica-latina\/20210125-colombia-exguerrilla-de-las-farc-transformada-en-partido-pol\u00edtico-cambia-su-nombre-a-comunes\" target=\"_self\">Partido Comunes,<\/a> sostiene que el Estado no ha logrado una presencia integral en los territorios.<\/p>\n<p>\u201cLo que vemos es que el Estado no ha llegado de manera integral. No se trata solo de las Fuerzas Militares, sino de toda la institucionalidad: Fiscal\u00eda, Defensor\u00eda del Pueblo, Procuradur\u00eda. Es el Estado en su conjunto el que debe volcarse, como lo planteaba el Acuerdo de 2016&#8243;.<\/p>\n<blockquote class=\"quote\" readability=\"9\">\n<p><strong>\u00abEstas acciones no responden a una expresi\u00f3n pol\u00edtica armada, sino a din\u00e1micas de econom\u00edas ilegales como el narcotr\u00e1fico, la miner\u00eda ilegal y la extorsi\u00f3n\u00bb, dice Alape.<\/strong><\/p>\n<\/blockquote>\n<p>Seg\u00fan el firmante de Paz, el objetivo es claro: <strong>afectar a la poblaci\u00f3n civil, generar inestabilidad y producir una crisis en un contexto electoral.<\/strong><\/p>\n<p>Sin duda, un escenario que deja en evidencia la fragilidad del contexto en el que se desarrollan las elecciones presidenciales en Colombia, un pa\u00eds cuya historia de violencia pol\u00edtica sigue marcando el presente.<\/p>\n<p><strong>Nos acompa\u00f1an en el an\u00e1lisis:<\/strong><\/p>\n<ul>\n<li><strong>Carlos Augusto Chac\u00f3n,<\/strong> especialista en seguridad y defensa nacional y director ejecutivo del Instituto de Ciencia Pol\u00edtica Hern\u00e1n Echavarr\u00eda Ol\u00f3zaga.<\/li>\n<li><strong>Pastor Alape,<\/strong> firmante del Acuerdo de Paz y coordinador general de su implementaci\u00f3n por parte de Comunes, el partido surgido de la antigua guerrilla de las FARC.<\/li>\n<li><strong>Omar Bula Escobar,<\/strong> analista pol\u00edtico e internacionalista.<\/li>\n<\/ul>\n<p>\ud83d\udcf2<a href=\"https:\/\/whatsapp.com\/channel\/0029VaoOiJc0gcfEHFjq5V2e\" target=\"_blank\"><em><u>Suscr\u00edbete aqu\u00ed al canal de France 24 en WhatsApp y accede a todo el contenido para entender lo que acontece en el mundo.<\/u><\/em><\/a><em>&nbsp;<\/em>&nbsp;&nbsp;<\/p>\n<\/p><\/div>\n","protected":false},"excerpt":{"rendered":"<p>M\u00e1s de 20 ataques registrados en 48&#46;&#46;&#46;<\/p>\n","protected":false},"author":1,"featured_media":161782,"comment_status":"closed","ping_status":"closed","sticky":false,"template":"","format":"standard","meta":{"_jetpack_memberships_contains_paid_content":false,"footnotes":"","jetpack_publicize_message":"","jetpack_publicize_feature_enabled":true,"jetpack_social_post_already_shared":true,"jetpack_social_options":{"image_generator_settings":{"template":"highway","default_image_id":0,"font":"","enabled":false},"version":2}},"categories":[43],"tags":[],"class_list":["post-161781","post","type-post","status-publish","format-standard","has-post-thumbnail","hentry","category-internacionales"],"yoast_head":"<!-- This site is optimized with the Yoast SEO plugin v27.3 - https:\/\/yoast.com\/product\/yoast-seo-wordpress\/ -->\n<title>M\u00e1s de 20 atentados en 48 horas: \u00bfla violencia amenaza las elecciones en Colombia? - Sarmiento24h<\/title>\n<meta name=\"robots\" content=\"index, follow, max-snippet:-1, max-image-preview:large, max-video-preview:-1\" \/>\n<link rel=\"canonical\" href=\"https:\/\/sarmiento24h.com\/?p=161781\" \/>\n<meta property=\"og:locale\" content=\"es_ES\" \/>\n<meta property=\"og:type\" content=\"article\" \/>\n<meta property=\"og:title\" content=\"M\u00e1s de 20 atentados en 48 horas: \u00bfla violencia amenaza las elecciones en Colombia? - Sarmiento24h\" \/>\n<meta property=\"og:description\" content=\"M\u00e1s de 20 ataques registrados en 48&#046;&#046;&#046;\" \/>\n<meta property=\"og:url\" content=\"https:\/\/sarmiento24h.com\/?p=161781\" \/>\n<meta property=\"og:site_name\" content=\"Sarmiento24h\" \/>\n<meta property=\"article:publisher\" content=\"https:\/\/facebook.com\/s24hnoticias\" \/>\n<meta property=\"article:published_time\" content=\"2026-04-28T17:07:16+00:00\" \/>\n<meta property=\"og:image\" content=\"https:\/\/s.france24.com\/media\/display\/419c7a46-4321-11f1-8f19-005056bf30b7\/w:1280\/p:16x9\/AP26116548767032.jpg\" \/>\n<meta name=\"author\" content=\"sarmiento24h@gmail.com\" \/>\n<meta name=\"twitter:card\" content=\"summary_large_image\" \/>\n<meta name=\"twitter:creator\" content=\"@sarmiento24h\" \/>\n<meta name=\"twitter:site\" content=\"@sarmiento24h\" \/>\n<meta name=\"twitter:label1\" content=\"Escrito por\" \/>\n\t<meta name=\"twitter:data1\" content=\"sarmiento24h@gmail.com\" \/>\n\t<meta name=\"twitter:label2\" content=\"Tiempo de lectura\" \/>\n\t<meta name=\"twitter:data2\" content=\"3 minutos\" \/>\n<script type=\"application\/ld+json\" class=\"yoast-schema-graph\">{\"@context\":\"https:\\\/\\\/schema.org\",\"@graph\":[{\"@type\":\"Article\",\"@id\":\"https:\\\/\\\/sarmiento24h.com\\\/?p=161781#article\",\"isPartOf\":{\"@id\":\"https:\\\/\\\/sarmiento24h.com\\\/?p=161781\"},\"author\":{\"name\":\"sarmiento24h@gmail.com\",\"@id\":\"https:\\\/\\\/sarmiento24h.com\\\/#\\\/schema\\\/person\\\/d653a59725ad629a7e0429af7b939d4d\"},\"headline\":\"M\u00e1s de 20 atentados en 48 horas: \u00bfla violencia amenaza las elecciones en Colombia?\",\"datePublished\":\"2026-04-28T17:07:16+00:00\",\"mainEntityOfPage\":{\"@id\":\"https:\\\/\\\/sarmiento24h.com\\\/?p=161781\"},\"wordCount\":638,\"publisher\":{\"@id\":\"https:\\\/\\\/sarmiento24h.com\\\/#organization\"},\"image\":{\"@id\":\"https:\\\/\\\/sarmiento24h.com\\\/?p=161781#primaryimage\"},\"thumbnailUrl\":\"https:\\\/\\\/sarmiento24h.com\\\/wp-content\\\/uploads\\\/2026\\\/04\\\/mas-de-20-atentados-en-48-horas-la-violencia-amenaza-las-elecciones-en-colombia.jpg\",\"articleSection\":[\"Internacionales\"],\"inLanguage\":\"es\"},{\"@type\":\"WebPage\",\"@id\":\"https:\\\/\\\/sarmiento24h.com\\\/?p=161781\",\"url\":\"https:\\\/\\\/sarmiento24h.com\\\/?p=161781\",\"name\":\"M\u00e1s de 20 atentados en 48 horas: \u00bfla violencia amenaza las elecciones en Colombia? - Sarmiento24h\",\"isPartOf\":{\"@id\":\"https:\\\/\\\/sarmiento24h.com\\\/#website\"},\"primaryImageOfPage\":{\"@id\":\"https:\\\/\\\/sarmiento24h.com\\\/?p=161781#primaryimage\"},\"image\":{\"@id\":\"https:\\\/\\\/sarmiento24h.com\\\/?p=161781#primaryimage\"},\"thumbnailUrl\":\"https:\\\/\\\/sarmiento24h.com\\\/wp-content\\\/uploads\\\/2026\\\/04\\\/mas-de-20-atentados-en-48-horas-la-violencia-amenaza-las-elecciones-en-colombia.jpg\",\"datePublished\":\"2026-04-28T17:07:16+00:00\",\"breadcrumb\":{\"@id\":\"https:\\\/\\\/sarmiento24h.com\\\/?p=161781#breadcrumb\"},\"inLanguage\":\"es\",\"potentialAction\":[{\"@type\":\"ReadAction\",\"target\":[\"https:\\\/\\\/sarmiento24h.com\\\/?p=161781\"]}]},{\"@type\":\"ImageObject\",\"inLanguage\":\"es\",\"@id\":\"https:\\\/\\\/sarmiento24h.com\\\/?p=161781#primaryimage\",\"url\":\"https:\\\/\\\/sarmiento24h.com\\\/wp-content\\\/uploads\\\/2026\\\/04\\\/mas-de-20-atentados-en-48-horas-la-violencia-amenaza-las-elecciones-en-colombia.jpg\",\"contentUrl\":\"https:\\\/\\\/sarmiento24h.com\\\/wp-content\\\/uploads\\\/2026\\\/04\\\/mas-de-20-atentados-en-48-horas-la-violencia-amenaza-las-elecciones-en-colombia.jpg\",\"width\":1280,\"height\":720},{\"@type\":\"BreadcrumbList\",\"@id\":\"https:\\\/\\\/sarmiento24h.com\\\/?p=161781#breadcrumb\",\"itemListElement\":[{\"@type\":\"ListItem\",\"position\":1,\"name\":\"Home\",\"item\":\"https:\\\/\\\/sarmiento24h.com\\\/\"},{\"@type\":\"ListItem\",\"position\":2,\"name\":\"M\u00e1s de 20 atentados en 48 horas: \u00bfla violencia amenaza las elecciones en Colombia?\"}]},{\"@type\":\"WebSite\",\"@id\":\"https:\\\/\\\/sarmiento24h.com\\\/#website\",\"url\":\"https:\\\/\\\/sarmiento24h.com\\\/\",\"name\":\"Sarmiento24h\",\"description\":\"\",\"publisher\":{\"@id\":\"https:\\\/\\\/sarmiento24h.com\\\/#organization\"},\"potentialAction\":[{\"@type\":\"SearchAction\",\"target\":{\"@type\":\"EntryPoint\",\"urlTemplate\":\"https:\\\/\\\/sarmiento24h.com\\\/?s={search_term_string}\"},\"query-input\":{\"@type\":\"PropertyValueSpecification\",\"valueRequired\":true,\"valueName\":\"search_term_string\"}}],\"inLanguage\":\"es\"},{\"@type\":\"Organization\",\"@id\":\"https:\\\/\\\/sarmiento24h.com\\\/#organization\",\"name\":\"Sarmiento24h\",\"url\":\"https:\\\/\\\/sarmiento24h.com\\\/\",\"logo\":{\"@type\":\"ImageObject\",\"inLanguage\":\"es\",\"@id\":\"https:\\\/\\\/sarmiento24h.com\\\/#\\\/schema\\\/logo\\\/image\\\/\",\"url\":\"https:\\\/\\\/sarmiento24h.com\\\/wp-content\\\/uploads\\\/2025\\\/12\\\/AddText_12-16-10.30.52.jpg\",\"contentUrl\":\"https:\\\/\\\/sarmiento24h.com\\\/wp-content\\\/uploads\\\/2025\\\/12\\\/AddText_12-16-10.30.52.jpg\",\"width\":1220,\"height\":324,\"caption\":\"Sarmiento24h\"},\"image\":{\"@id\":\"https:\\\/\\\/sarmiento24h.com\\\/#\\\/schema\\\/logo\\\/image\\\/\"},\"sameAs\":[\"https:\\\/\\\/facebook.com\\\/s24hnoticias\",\"https:\\\/\\\/x.com\\\/sarmiento24h\"]},{\"@type\":\"Person\",\"@id\":\"https:\\\/\\\/sarmiento24h.com\\\/#\\\/schema\\\/person\\\/d653a59725ad629a7e0429af7b939d4d\",\"name\":\"sarmiento24h@gmail.com\",\"image\":{\"@type\":\"ImageObject\",\"inLanguage\":\"es\",\"@id\":\"https:\\\/\\\/sarmiento24h.com\\\/wp-content\\\/litespeed\\\/avatar\\\/d02cbc4e23c747e6659cd45907173c8f.jpg?ver=1777157796\",\"url\":\"https:\\\/\\\/sarmiento24h.com\\\/wp-content\\\/litespeed\\\/avatar\\\/d02cbc4e23c747e6659cd45907173c8f.jpg?ver=1777157796\",\"contentUrl\":\"https:\\\/\\\/sarmiento24h.com\\\/wp-content\\\/litespeed\\\/avatar\\\/d02cbc4e23c747e6659cd45907173c8f.jpg?ver=1777157796\",\"caption\":\"sarmiento24h@gmail.com\"},\"sameAs\":[\"https:\\\/\\\/sarmiento24h.com\"],\"url\":\"https:\\\/\\\/sarmiento24h.com\\\/?author=1\"}]}<\/script>\n<!-- \/ Yoast SEO plugin. -->","yoast_head_json":{"title":"M\u00e1s de 20 atentados en 48 horas: \u00bfla violencia amenaza las elecciones en Colombia? - Sarmiento24h","robots":{"index":"index","follow":"follow","max-snippet":"max-snippet:-1","max-image-preview":"max-image-preview:large","max-video-preview":"max-video-preview:-1"},"canonical":"https:\/\/sarmiento24h.com\/?p=161781","og_locale":"es_ES","og_type":"article","og_title":"M\u00e1s de 20 atentados en 48 horas: \u00bfla violencia amenaza las elecciones en Colombia? - Sarmiento24h","og_description":"M\u00e1s de 20 ataques registrados en 48&#46;&#46;&#46;","og_url":"https:\/\/sarmiento24h.com\/?p=161781","og_site_name":"Sarmiento24h","article_publisher":"https:\/\/facebook.com\/s24hnoticias","article_published_time":"2026-04-28T17:07:16+00:00","og_image":[{"url":"https:\/\/s.france24.com\/media\/display\/419c7a46-4321-11f1-8f19-005056bf30b7\/w:1280\/p:16x9\/AP26116548767032.jpg","type":"","width":"","height":""}],"author":"sarmiento24h@gmail.com","twitter_card":"summary_large_image","twitter_creator":"@sarmiento24h","twitter_site":"@sarmiento24h","twitter_misc":{"Escrito por":"sarmiento24h@gmail.com","Tiempo de lectura":"3 minutos"},"schema":{"@context":"https:\/\/schema.org","@graph":[{"@type":"Article","@id":"https:\/\/sarmiento24h.com\/?p=161781#article","isPartOf":{"@id":"https:\/\/sarmiento24h.com\/?p=161781"},"author":{"name":"sarmiento24h@gmail.com","@id":"https:\/\/sarmiento24h.com\/#\/schema\/person\/d653a59725ad629a7e0429af7b939d4d"},"headline":"M\u00e1s de 20 atentados en 48 horas: \u00bfla violencia amenaza las elecciones en Colombia?","datePublished":"2026-04-28T17:07:16+00:00","mainEntityOfPage":{"@id":"https:\/\/sarmiento24h.com\/?p=161781"},"wordCount":638,"publisher":{"@id":"https:\/\/sarmiento24h.com\/#organization"},"image":{"@id":"https:\/\/sarmiento24h.com\/?p=161781#primaryimage"},"thumbnailUrl":"https:\/\/sarmiento24h.com\/wp-content\/uploads\/2026\/04\/mas-de-20-atentados-en-48-horas-la-violencia-amenaza-las-elecciones-en-colombia.jpg","articleSection":["Internacionales"],"inLanguage":"es"},{"@type":"WebPage","@id":"https:\/\/sarmiento24h.com\/?p=161781","url":"https:\/\/sarmiento24h.com\/?p=161781","name":"M\u00e1s de 20 atentados en 48 horas: \u00bfla violencia amenaza las elecciones en Colombia? - Sarmiento24h","isPartOf":{"@id":"https:\/\/sarmiento24h.com\/#website"},"primaryImageOfPage":{"@id":"https:\/\/sarmiento24h.com\/?p=161781#primaryimage"},"image":{"@id":"https:\/\/sarmiento24h.com\/?p=161781#primaryimage"},"thumbnailUrl":"https:\/\/sarmiento24h.com\/wp-content\/uploads\/2026\/04\/mas-de-20-atentados-en-48-horas-la-violencia-amenaza-las-elecciones-en-colombia.jpg","datePublished":"2026-04-28T17:07:16+00:00","breadcrumb":{"@id":"https:\/\/sarmiento24h.com\/?p=161781#breadcrumb"},"inLanguage":"es","potentialAction":[{"@type":"ReadAction","target":["https:\/\/sarmiento24h.com\/?p=161781"]}]},{"@type":"ImageObject","inLanguage":"es","@id":"https:\/\/sarmiento24h.com\/?p=161781#primaryimage","url":"https:\/\/sarmiento24h.com\/wp-content\/uploads\/2026\/04\/mas-de-20-atentados-en-48-horas-la-violencia-amenaza-las-elecciones-en-colombia.jpg","contentUrl":"https:\/\/sarmiento24h.com\/wp-content\/uploads\/2026\/04\/mas-de-20-atentados-en-48-horas-la-violencia-amenaza-las-elecciones-en-colombia.jpg","width":1280,"height":720},{"@type":"BreadcrumbList","@id":"https:\/\/sarmiento24h.com\/?p=161781#breadcrumb","itemListElement":[{"@type":"ListItem","position":1,"name":"Home","item":"https:\/\/sarmiento24h.com\/"},{"@type":"ListItem","position":2,"name":"M\u00e1s de 20 atentados en 48 horas: \u00bfla violencia amenaza las elecciones en Colombia?"}]},{"@type":"WebSite","@id":"https:\/\/sarmiento24h.com\/#website","url":"https:\/\/sarmiento24h.com\/","name":"Sarmiento24h","description":"","publisher":{"@id":"https:\/\/sarmiento24h.com\/#organization"},"potentialAction":[{"@type":"SearchAction","target":{"@type":"EntryPoint","urlTemplate":"https:\/\/sarmiento24h.com\/?s={search_term_string}"},"query-input":{"@type":"PropertyValueSpecification","valueRequired":true,"valueName":"search_term_string"}}],"inLanguage":"es"},{"@type":"Organization","@id":"https:\/\/sarmiento24h.com\/#organization","name":"Sarmiento24h","url":"https:\/\/sarmiento24h.com\/","logo":{"@type":"ImageObject","inLanguage":"es","@id":"https:\/\/sarmiento24h.com\/#\/schema\/logo\/image\/","url":"https:\/\/sarmiento24h.com\/wp-content\/uploads\/2025\/12\/AddText_12-16-10.30.52.jpg","contentUrl":"https:\/\/sarmiento24h.com\/wp-content\/uploads\/2025\/12\/AddText_12-16-10.30.52.jpg","width":1220,"height":324,"caption":"Sarmiento24h"},"image":{"@id":"https:\/\/sarmiento24h.com\/#\/schema\/logo\/image\/"},"sameAs":["https:\/\/facebook.com\/s24hnoticias","https:\/\/x.com\/sarmiento24h"]},{"@type":"Person","@id":"https:\/\/sarmiento24h.com\/#\/schema\/person\/d653a59725ad629a7e0429af7b939d4d","name":"sarmiento24h@gmail.com","image":{"@type":"ImageObject","inLanguage":"es","@id":"https:\/\/sarmiento24h.com\/wp-content\/litespeed\/avatar\/d02cbc4e23c747e6659cd45907173c8f.jpg?ver=1777157796","url":"https:\/\/sarmiento24h.com\/wp-content\/litespeed\/avatar\/d02cbc4e23c747e6659cd45907173c8f.jpg?ver=1777157796","contentUrl":"https:\/\/sarmiento24h.com\/wp-content\/litespeed\/avatar\/d02cbc4e23c747e6659cd45907173c8f.jpg?ver=1777157796","caption":"sarmiento24h@gmail.com"},"sameAs":["https:\/\/sarmiento24h.com"],"url":"https:\/\/sarmiento24h.com\/?author=1"}]}},"jetpack_publicize_connections":[],"jetpack_featured_media_url":"https:\/\/sarmiento24h.com\/wp-content\/uploads\/2026\/04\/mas-de-20-atentados-en-48-horas-la-violencia-amenaza-las-elecciones-en-colombia.jpg","jetpack_sharing_enabled":true,"_links":{"self":[{"href":"https:\/\/sarmiento24h.com\/index.php?rest_route=\/wp\/v2\/posts\/161781","targetHints":{"allow":["GET"]}}],"collection":[{"href":"https:\/\/sarmiento24h.com\/index.php?rest_route=\/wp\/v2\/posts"}],"about":[{"href":"https:\/\/sarmiento24h.com\/index.php?rest_route=\/wp\/v2\/types\/post"}],"author":[{"embeddable":true,"href":"https:\/\/sarmiento24h.com\/index.php?rest_route=\/wp\/v2\/users\/1"}],"replies":[{"embeddable":true,"href":"https:\/\/sarmiento24h.com\/index.php?rest_route=%2Fwp%2Fv2%2Fcomments&post=161781"}],"version-history":[{"count":0,"href":"https:\/\/sarmiento24h.com\/index.php?rest_route=\/wp\/v2\/posts\/161781\/revisions"}],"wp:featuredmedia":[{"embeddable":true,"href":"https:\/\/sarmiento24h.com\/index.php?rest_route=\/wp\/v2\/media\/161782"}],"wp:attachment":[{"href":"https:\/\/sarmiento24h.com\/index.php?rest_route=%2Fwp%2Fv2%2Fmedia&parent=161781"}],"wp:term":[{"taxonomy":"category","embeddable":true,"href":"https:\/\/sarmiento24h.com\/index.php?rest_route=%2Fwp%2Fv2%2Fcategories&post=161781"},{"taxonomy":"post_tag","embeddable":true,"href":"https:\/\/sarmiento24h.com\/index.php?rest_route=%2Fwp%2Fv2%2Ftags&post=161781"}],"curies":[{"name":"wp","href":"https:\/\/api.w.org\/{rel}","templated":true}]}}