{"id":161783,"date":"2026-04-28T17:07:20","date_gmt":"2026-04-28T17:07:20","guid":{"rendered":"http:\/\/29682ac2-430a-11f1-abf3-f1a9edd52756"},"modified":"2026-04-28T17:07:20","modified_gmt":"2026-04-28T17:07:20","slug":"el-conflicto-con-iran-es-la-nueva-guerra-fria-axios","status":"publish","type":"post","link":"https:\/\/sarmiento24h.com\/?p=161783","title":{"rendered":"\u00abEl conflicto con Ir\u00e1n es la nueva Guerra Fr\u00eda\u00bb: &#8216;Axios&#8217;"},"content":{"rendered":"<div class=\"m-master-tag\">\n<p> <span class=\"a-section-color\"><\/span> Medio Oriente <\/p>\n<\/p><\/div>\n<div class=\"t-content__main-media\" data-media-video-a4e6bb94-2848-4430-8e67-ae02fffb43de data-wrapper-video-player data-show-hidden-video-player=\"A4E6BB94-2848-4430-8E67-AE02FFFB43DE\" data-autoplay-video-link data-youtube-script>\n<div class=\"o-em-consent \" readability=\"7\">\n<div class=\"o-em-consent__content\" readability=\"9\">\n<p class=\"o-em-consent__content__text\">Para mostrar este contenido de YouTube, debe autorizar las cookies de medici\u00f3n de audiencia y publicidad.<\/p>\n<p> <button class=\"a-master-button a-master-button--dark\" data-action=\"accept\"> Aceptar <svg class=\"a-svg a-svg--icon-check\"> <use xlink:href=\"\/build\/images\/svg\/sprite.c98bf387c90bc4a87186b0b783f15ba0.svg#icon-check\" href=\"\/build\/images\/svg\/sprite.c98bf387c90bc4a87186b0b783f15ba0.svg#icon-check\" \/> <\/svg> <\/button> <button class=\"a-link\" data-action=\"manage\">Gestionar mis opciones<i class=\"a-svg a-svg--icon-edit\"><\/i><\/button> <\/div>\n<\/div>\n<div class=\"o-em-adblock\" data-adblock-content readability=\"7\">\n<div class=\"o-em-adblock__content\" readability=\"9\">\n<p class=\"o-em-adblock__content__text\">Una extensi\u00f3n de tu navegador parece estar bloqueando la carga del reproductor de video. Para poder ver este contenido, debes desactivarla en este sitio.<\/p>\n<p> <button class=\"a-master-button a-master-button--dark\" data-action=\"reload\">Reintentar<\/button> <\/div>\n<\/div>\n<figure class=\"m-item-image m-item-image--16x9 m-item-image--has-caption\"> <picture class=\"a-picture a-picture--16x9\"><source type=\"image\/webp\" srcset=\"https:\/\/s.france24.com\/media\/display\/e6765b24-4306-11f1-bd87-005056a97e36\/w:388\/p:16x9\/ES-20260428-081520-082130-CS.webp 388w, https:\/\/s.france24.com\/media\/display\/e6765b24-4306-11f1-bd87-005056a97e36\/w:720\/p:16x9\/ES-20260428-081520-082130-CS.webp 720w, https:\/\/s.france24.com\/media\/display\/e6765b24-4306-11f1-bd87-005056a97e36\/w:1024\/p:16x9\/ES-20260428-081520-082130-CS.webp 1024w\" sizes=\"(max-width: 1076px) 100vw, 1012px\"><img fetchpriority=\"high\" decoding=\"auto\" src=\"https:\/\/s.france24.com\/media\/display\/e6765b24-4306-11f1-bd87-005056a97e36\/w:1024\/p:16x9\/ES-20260428-081520-082130-CS.jpg\" srcset=\"https:\/\/s.france24.com\/media\/display\/e6765b24-4306-11f1-bd87-005056a97e36\/w:388\/p:16x9\/ES-20260428-081520-082130-CS.jpg 388w, https:\/\/s.france24.com\/media\/display\/e6765b24-4306-11f1-bd87-005056a97e36\/w:720\/p:16x9\/ES-20260428-081520-082130-CS.jpg 720w, https:\/\/s.france24.com\/media\/display\/e6765b24-4306-11f1-bd87-005056a97e36\/w:1024\/p:16x9\/ES-20260428-081520-082130-CS.jpg 1024w\" sizes=\"(max-width: 1076px) 100vw, 1012px\" width=\"1024\" height=\"576\" alt=\"Crisis en Medio Oriente\" loading=\"eager\" class=\"a-img \">\n<\/picture><figcaption class=\"a-figcaption\"> <span>Crisis en Medio Oriente<\/span> <span>\u00a9 France 24<\/span> <\/figcaption><\/figure>\n<\/p><\/div>\n<div class=\"t-content__metadata\" readability=\"6\">\n<div class=\"t-content__dates\" readability=\"7\">\n<p class=\"m-pub-dates\"><span class=\"m-pub-dates__date\">Primera modificaci\u00f3n: <time datetime=\"2026-04-28T15:28:54+00:00\" pubdate=\"pubdate\">28\/04\/2026 &#8211; 17:28<\/time><\/span><span class=\"m-pub-dates__date\">\u00daltima modificaci\u00f3n: <time datetime=\"2026-04-28T15:29:26+00:00\">28\/04\/2026 &#8211; 17:29<\/time><\/span><\/p>\n<\/p><\/div>\n<p> <svg class=\"a-svg a-svg--icon-replay\"> <use xlink:href=\"\/build\/images\/svg\/sprite.c98bf387c90bc4a87186b0b783f15ba0.svg#icon-replay\" href=\"\/build\/images\/svg\/sprite.c98bf387c90bc4a87186b0b783f15ba0.svg#icon-replay\" \/> <\/svg> 06:09 min <\/p>\n<\/p><\/div>\n<p> <a href=\"https:\/\/www.france24.com\/es\/programas\/revista-de-prensa\/\" class=\"t-content__program m-program\"> <\/p>\n<p>Viene del show<\/p>\n<p> <svg class=\"a-svg a-svg--icon-caret-right a-svg--rotate-minus-90\"> <use xlink:href=\"\/build\/images\/svg\/sprite.c98bf387c90bc4a87186b0b783f15ba0.svg#icon-caret-down\" href=\"\/build\/images\/svg\/sprite.c98bf387c90bc4a87186b0b783f15ba0.svg#icon-caret-down\" \/> <\/svg> <picture class=\"a-picture a-picture--original\"> <img fetchpriority=\"low\" decoding=\"async\" src=\"https:\/\/s.france24.com\/media\/display\/cfb3743c-09f5-11ee-8b83-005056bf30b7\/ES-revista-de-prensa.svg\" srcset=\"https:\/\/s.france24.com\/media\/display\/cfb3743c-09f5-11ee-8b83-005056bf30b7\/ES-revista-de-prensa.svg\" alt=\"Revista de prensa\" loading=\"eager\" class=\"a-img a-img--svg\">\n<\/picture> <\/a> <\/p>\n<p> <svg class=\"a-svg a-svg--icon-clock\"> <use xlink:href=\"\/build\/images\/svg\/sprite.c98bf387c90bc4a87186b0b783f15ba0.svg#icon-clock\" href=\"\/build\/images\/svg\/sprite.c98bf387c90bc4a87186b0b783f15ba0.svg#icon-clock\" \/> <\/svg> <span class=\"t-content__reading-time__label\">Tiempo de lectura<\/span> 1 min<\/p>\n<p class=\"t-content__chapo\"> El conflicto con Ir\u00e1n ha entrado en una etapa similar a la de la Guerra Fr\u00eda, seg\u00fan el medio &#8216;Axios&#8217;, que destaca la existencia de sanciones econ\u00f3micas, interceptaciones de lanchas patrulleras y negociaciones constantes, advirtiendo que una guerra abierta podr\u00eda estallar en cualquier momento. Por otro lado, el medio &#8216;Politico&#8217; se\u00f1ala que el congelamiento de este conflicto tendr\u00eda consecuencias en las elecciones de 2026, ya que el alto costo de la energ\u00eda y la ralentizaci\u00f3n econ\u00f3mica empujar\u00edan a los electores a optar por opciones de derecha radica.&nbsp; <\/p>\n<div class=\"t-content__authors\">\n<div class=\"m-from-author\"> <span class=\"m-from-author__by-label\"> Por: <\/span> <\/p>\n<div class=\"m-author m-author--small m-author--has-image\">\n<div class=\"m-author__image\"> <picture class=\"a-picture a-picture--1x1\"><source type=\"image\/webp\" srcset=\"https:\/\/s.france24.com\/media\/display\/3d5ecbc2-083a-11f1-a3dc-005056bf30b7\/w:177\/p:1x1\/Captura-de-pantalla-2026-02-12-a-la-s-12-42-29.webp 177w, https:\/\/s.france24.com\/media\/display\/3d5ecbc2-083a-11f1-a3dc-005056bf30b7\/w:388\/p:1x1\/Captura-de-pantalla-2026-02-12-a-la-s-12-42-29.webp 388w\" sizes=\"(max-width: 639px) 100px, 170px\"><img fetchpriority=\"low\" decoding=\"async\" src=\"https:\/\/s.france24.com\/media\/display\/3d5ecbc2-083a-11f1-a3dc-005056bf30b7\/w:388\/p:1x1\/Captura-de-pantalla-2026-02-12-a-la-s-12-42-29.png\" srcset=\"https:\/\/s.france24.com\/media\/display\/3d5ecbc2-083a-11f1-a3dc-005056bf30b7\/w:177\/p:1x1\/Captura-de-pantalla-2026-02-12-a-la-s-12-42-29.png 177w, https:\/\/s.france24.com\/media\/display\/3d5ecbc2-083a-11f1-a3dc-005056bf30b7\/w:388\/p:1x1\/Captura-de-pantalla-2026-02-12-a-la-s-12-42-29.png 388w\" sizes=\"auto, (max-width: 639px) 100px, 170px\" width=\"388\" height=\"388\" alt=\"Patricio Peralta\" loading=\"lazy\" class=\"a-img \">\n<\/picture> <\/div>\n<\/p><\/div>\n<\/p><\/div>\n<\/p><\/div>\n","protected":false},"excerpt":{"rendered":"<p>Medio Oriente Para mostrar este contenido de&#46;&#46;&#46;<\/p>\n","protected":false},"author":1,"featured_media":161784,"comment_status":"closed","ping_status":"closed","sticky":false,"template":"","format":"standard","meta":{"_jetpack_memberships_contains_paid_content":false,"footnotes":"","jetpack_publicize_message":"","jetpack_publicize_feature_enabled":true,"jetpack_social_post_already_shared":true,"jetpack_social_options":{"image_generator_settings":{"template":"highway","default_image_id":0,"font":"","enabled":false},"version":2}},"categories":[43],"tags":[],"class_list":["post-161783","post","type-post","status-publish","format-standard","has-post-thumbnail","hentry","category-internacionales"],"yoast_head":"<!-- This site is optimized with the Yoast SEO plugin v27.3 - https:\/\/yoast.com\/product\/yoast-seo-wordpress\/ -->\n<title>&quot;El conflicto con Ir\u00e1n es la nueva Guerra Fr\u00eda&quot;: &#039;Axios&#039; - Sarmiento24h<\/title>\n<meta name=\"robots\" content=\"index, follow, max-snippet:-1, max-image-preview:large, max-video-preview:-1\" \/>\n<link rel=\"canonical\" href=\"https:\/\/sarmiento24h.com\/?p=161783\" \/>\n<meta property=\"og:locale\" content=\"es_ES\" \/>\n<meta property=\"og:type\" content=\"article\" \/>\n<meta property=\"og:title\" content=\"&quot;El conflicto con Ir\u00e1n es la nueva Guerra Fr\u00eda&quot;: &#039;Axios&#039; - Sarmiento24h\" \/>\n<meta property=\"og:description\" content=\"Medio Oriente Para mostrar este contenido de&#046;&#046;&#046;\" \/>\n<meta property=\"og:url\" content=\"https:\/\/sarmiento24h.com\/?p=161783\" \/>\n<meta property=\"og:site_name\" content=\"Sarmiento24h\" \/>\n<meta property=\"article:publisher\" content=\"https:\/\/facebook.com\/s24hnoticias\" \/>\n<meta property=\"article:published_time\" content=\"2026-04-28T17:07:20+00:00\" \/>\n<meta property=\"og:image\" content=\"https:\/\/s.france24.com\/media\/display\/e6765b24-4306-11f1-bd87-005056a97e36\/w:1024\/p:16x9\/ES-20260428-081520-082130-CS.jpg\" \/>\n<meta name=\"author\" content=\"sarmiento24h@gmail.com\" \/>\n<meta name=\"twitter:card\" content=\"summary_large_image\" \/>\n<meta name=\"twitter:creator\" content=\"@sarmiento24h\" \/>\n<meta name=\"twitter:site\" content=\"@sarmiento24h\" \/>\n<meta name=\"twitter:label1\" content=\"Escrito por\" \/>\n\t<meta name=\"twitter:data1\" content=\"sarmiento24h@gmail.com\" \/>\n\t<meta name=\"twitter:label2\" content=\"Tiempo de lectura\" \/>\n\t<meta name=\"twitter:data2\" content=\"1 minuto\" \/>\n<script type=\"application\/ld+json\" class=\"yoast-schema-graph\">{\"@context\":\"https:\\\/\\\/schema.org\",\"@graph\":[{\"@type\":\"Article\",\"@id\":\"https:\\\/\\\/sarmiento24h.com\\\/?p=161783#article\",\"isPartOf\":{\"@id\":\"https:\\\/\\\/sarmiento24h.com\\\/?p=161783\"},\"author\":{\"name\":\"sarmiento24h@gmail.com\",\"@id\":\"https:\\\/\\\/sarmiento24h.com\\\/#\\\/schema\\\/person\\\/d653a59725ad629a7e0429af7b939d4d\"},\"headline\":\"\u00abEl conflicto con Ir\u00e1n es la nueva Guerra Fr\u00eda\u00bb: &#8216;Axios&#8217;\",\"datePublished\":\"2026-04-28T17:07:20+00:00\",\"mainEntityOfPage\":{\"@id\":\"https:\\\/\\\/sarmiento24h.com\\\/?p=161783\"},\"wordCount\":181,\"publisher\":{\"@id\":\"https:\\\/\\\/sarmiento24h.com\\\/#organization\"},\"image\":{\"@id\":\"https:\\\/\\\/sarmiento24h.com\\\/?p=161783#primaryimage\"},\"thumbnailUrl\":\"https:\\\/\\\/sarmiento24h.com\\\/wp-content\\\/uploads\\\/2026\\\/04\\\/el-conflicto-con-iran-es-la-nueva-guerra-fria-axios.jpg\",\"articleSection\":[\"Internacionales\"],\"inLanguage\":\"es\"},{\"@type\":\"WebPage\",\"@id\":\"https:\\\/\\\/sarmiento24h.com\\\/?p=161783\",\"url\":\"https:\\\/\\\/sarmiento24h.com\\\/?p=161783\",\"name\":\"\\\"El conflicto con Ir\u00e1n es la nueva Guerra Fr\u00eda\\\": 'Axios' - Sarmiento24h\",\"isPartOf\":{\"@id\":\"https:\\\/\\\/sarmiento24h.com\\\/#website\"},\"primaryImageOfPage\":{\"@id\":\"https:\\\/\\\/sarmiento24h.com\\\/?p=161783#primaryimage\"},\"image\":{\"@id\":\"https:\\\/\\\/sarmiento24h.com\\\/?p=161783#primaryimage\"},\"thumbnailUrl\":\"https:\\\/\\\/sarmiento24h.com\\\/wp-content\\\/uploads\\\/2026\\\/04\\\/el-conflicto-con-iran-es-la-nueva-guerra-fria-axios.jpg\",\"datePublished\":\"2026-04-28T17:07:20+00:00\",\"breadcrumb\":{\"@id\":\"https:\\\/\\\/sarmiento24h.com\\\/?p=161783#breadcrumb\"},\"inLanguage\":\"es\",\"potentialAction\":[{\"@type\":\"ReadAction\",\"target\":[\"https:\\\/\\\/sarmiento24h.com\\\/?p=161783\"]}]},{\"@type\":\"ImageObject\",\"inLanguage\":\"es\",\"@id\":\"https:\\\/\\\/sarmiento24h.com\\\/?p=161783#primaryimage\",\"url\":\"https:\\\/\\\/sarmiento24h.com\\\/wp-content\\\/uploads\\\/2026\\\/04\\\/el-conflicto-con-iran-es-la-nueva-guerra-fria-axios.jpg\",\"contentUrl\":\"https:\\\/\\\/sarmiento24h.com\\\/wp-content\\\/uploads\\\/2026\\\/04\\\/el-conflicto-con-iran-es-la-nueva-guerra-fria-axios.jpg\",\"width\":1024,\"height\":576},{\"@type\":\"BreadcrumbList\",\"@id\":\"https:\\\/\\\/sarmiento24h.com\\\/?p=161783#breadcrumb\",\"itemListElement\":[{\"@type\":\"ListItem\",\"position\":1,\"name\":\"Home\",\"item\":\"https:\\\/\\\/sarmiento24h.com\\\/\"},{\"@type\":\"ListItem\",\"position\":2,\"name\":\"\u00abEl conflicto con Ir\u00e1n es la nueva Guerra Fr\u00eda\u00bb: &#8216;Axios&#8217;\"}]},{\"@type\":\"WebSite\",\"@id\":\"https:\\\/\\\/sarmiento24h.com\\\/#website\",\"url\":\"https:\\\/\\\/sarmiento24h.com\\\/\",\"name\":\"Sarmiento24h\",\"description\":\"\",\"publisher\":{\"@id\":\"https:\\\/\\\/sarmiento24h.com\\\/#organization\"},\"potentialAction\":[{\"@type\":\"SearchAction\",\"target\":{\"@type\":\"EntryPoint\",\"urlTemplate\":\"https:\\\/\\\/sarmiento24h.com\\\/?s={search_term_string}\"},\"query-input\":{\"@type\":\"PropertyValueSpecification\",\"valueRequired\":true,\"valueName\":\"search_term_string\"}}],\"inLanguage\":\"es\"},{\"@type\":\"Organization\",\"@id\":\"https:\\\/\\\/sarmiento24h.com\\\/#organization\",\"name\":\"Sarmiento24h\",\"url\":\"https:\\\/\\\/sarmiento24h.com\\\/\",\"logo\":{\"@type\":\"ImageObject\",\"inLanguage\":\"es\",\"@id\":\"https:\\\/\\\/sarmiento24h.com\\\/#\\\/schema\\\/logo\\\/image\\\/\",\"url\":\"https:\\\/\\\/sarmiento24h.com\\\/wp-content\\\/uploads\\\/2025\\\/12\\\/AddText_12-16-10.30.52.jpg\",\"contentUrl\":\"https:\\\/\\\/sarmiento24h.com\\\/wp-content\\\/uploads\\\/2025\\\/12\\\/AddText_12-16-10.30.52.jpg\",\"width\":1220,\"height\":324,\"caption\":\"Sarmiento24h\"},\"image\":{\"@id\":\"https:\\\/\\\/sarmiento24h.com\\\/#\\\/schema\\\/logo\\\/image\\\/\"},\"sameAs\":[\"https:\\\/\\\/facebook.com\\\/s24hnoticias\",\"https:\\\/\\\/x.com\\\/sarmiento24h\"]},{\"@type\":\"Person\",\"@id\":\"https:\\\/\\\/sarmiento24h.com\\\/#\\\/schema\\\/person\\\/d653a59725ad629a7e0429af7b939d4d\",\"name\":\"sarmiento24h@gmail.com\",\"image\":{\"@type\":\"ImageObject\",\"inLanguage\":\"es\",\"@id\":\"https:\\\/\\\/sarmiento24h.com\\\/wp-content\\\/litespeed\\\/avatar\\\/d02cbc4e23c747e6659cd45907173c8f.jpg?ver=1777157796\",\"url\":\"https:\\\/\\\/sarmiento24h.com\\\/wp-content\\\/litespeed\\\/avatar\\\/d02cbc4e23c747e6659cd45907173c8f.jpg?ver=1777157796\",\"contentUrl\":\"https:\\\/\\\/sarmiento24h.com\\\/wp-content\\\/litespeed\\\/avatar\\\/d02cbc4e23c747e6659cd45907173c8f.jpg?ver=1777157796\",\"caption\":\"sarmiento24h@gmail.com\"},\"sameAs\":[\"https:\\\/\\\/sarmiento24h.com\"],\"url\":\"https:\\\/\\\/sarmiento24h.com\\\/?author=1\"}]}<\/script>\n<!-- \/ Yoast SEO plugin. -->","yoast_head_json":{"title":"\"El conflicto con Ir\u00e1n es la nueva Guerra Fr\u00eda\": 'Axios' - Sarmiento24h","robots":{"index":"index","follow":"follow","max-snippet":"max-snippet:-1","max-image-preview":"max-image-preview:large","max-video-preview":"max-video-preview:-1"},"canonical":"https:\/\/sarmiento24h.com\/?p=161783","og_locale":"es_ES","og_type":"article","og_title":"\"El conflicto con Ir\u00e1n es la nueva Guerra Fr\u00eda\": 'Axios' - Sarmiento24h","og_description":"Medio Oriente Para mostrar este contenido de&#46;&#46;&#46;","og_url":"https:\/\/sarmiento24h.com\/?p=161783","og_site_name":"Sarmiento24h","article_publisher":"https:\/\/facebook.com\/s24hnoticias","article_published_time":"2026-04-28T17:07:20+00:00","og_image":[{"url":"https:\/\/s.france24.com\/media\/display\/e6765b24-4306-11f1-bd87-005056a97e36\/w:1024\/p:16x9\/ES-20260428-081520-082130-CS.jpg","type":"","width":"","height":""}],"author":"sarmiento24h@gmail.com","twitter_card":"summary_large_image","twitter_creator":"@sarmiento24h","twitter_site":"@sarmiento24h","twitter_misc":{"Escrito por":"sarmiento24h@gmail.com","Tiempo de lectura":"1 minuto"},"schema":{"@context":"https:\/\/schema.org","@graph":[{"@type":"Article","@id":"https:\/\/sarmiento24h.com\/?p=161783#article","isPartOf":{"@id":"https:\/\/sarmiento24h.com\/?p=161783"},"author":{"name":"sarmiento24h@gmail.com","@id":"https:\/\/sarmiento24h.com\/#\/schema\/person\/d653a59725ad629a7e0429af7b939d4d"},"headline":"\u00abEl conflicto con Ir\u00e1n es la nueva Guerra Fr\u00eda\u00bb: &#8216;Axios&#8217;","datePublished":"2026-04-28T17:07:20+00:00","mainEntityOfPage":{"@id":"https:\/\/sarmiento24h.com\/?p=161783"},"wordCount":181,"publisher":{"@id":"https:\/\/sarmiento24h.com\/#organization"},"image":{"@id":"https:\/\/sarmiento24h.com\/?p=161783#primaryimage"},"thumbnailUrl":"https:\/\/sarmiento24h.com\/wp-content\/uploads\/2026\/04\/el-conflicto-con-iran-es-la-nueva-guerra-fria-axios.jpg","articleSection":["Internacionales"],"inLanguage":"es"},{"@type":"WebPage","@id":"https:\/\/sarmiento24h.com\/?p=161783","url":"https:\/\/sarmiento24h.com\/?p=161783","name":"\"El conflicto con Ir\u00e1n es la nueva Guerra Fr\u00eda\": 'Axios' - Sarmiento24h","isPartOf":{"@id":"https:\/\/sarmiento24h.com\/#website"},"primaryImageOfPage":{"@id":"https:\/\/sarmiento24h.com\/?p=161783#primaryimage"},"image":{"@id":"https:\/\/sarmiento24h.com\/?p=161783#primaryimage"},"thumbnailUrl":"https:\/\/sarmiento24h.com\/wp-content\/uploads\/2026\/04\/el-conflicto-con-iran-es-la-nueva-guerra-fria-axios.jpg","datePublished":"2026-04-28T17:07:20+00:00","breadcrumb":{"@id":"https:\/\/sarmiento24h.com\/?p=161783#breadcrumb"},"inLanguage":"es","potentialAction":[{"@type":"ReadAction","target":["https:\/\/sarmiento24h.com\/?p=161783"]}]},{"@type":"ImageObject","inLanguage":"es","@id":"https:\/\/sarmiento24h.com\/?p=161783#primaryimage","url":"https:\/\/sarmiento24h.com\/wp-content\/uploads\/2026\/04\/el-conflicto-con-iran-es-la-nueva-guerra-fria-axios.jpg","contentUrl":"https:\/\/sarmiento24h.com\/wp-content\/uploads\/2026\/04\/el-conflicto-con-iran-es-la-nueva-guerra-fria-axios.jpg","width":1024,"height":576},{"@type":"BreadcrumbList","@id":"https:\/\/sarmiento24h.com\/?p=161783#breadcrumb","itemListElement":[{"@type":"ListItem","position":1,"name":"Home","item":"https:\/\/sarmiento24h.com\/"},{"@type":"ListItem","position":2,"name":"\u00abEl conflicto con Ir\u00e1n es la nueva Guerra Fr\u00eda\u00bb: &#8216;Axios&#8217;"}]},{"@type":"WebSite","@id":"https:\/\/sarmiento24h.com\/#website","url":"https:\/\/sarmiento24h.com\/","name":"Sarmiento24h","description":"","publisher":{"@id":"https:\/\/sarmiento24h.com\/#organization"},"potentialAction":[{"@type":"SearchAction","target":{"@type":"EntryPoint","urlTemplate":"https:\/\/sarmiento24h.com\/?s={search_term_string}"},"query-input":{"@type":"PropertyValueSpecification","valueRequired":true,"valueName":"search_term_string"}}],"inLanguage":"es"},{"@type":"Organization","@id":"https:\/\/sarmiento24h.com\/#organization","name":"Sarmiento24h","url":"https:\/\/sarmiento24h.com\/","logo":{"@type":"ImageObject","inLanguage":"es","@id":"https:\/\/sarmiento24h.com\/#\/schema\/logo\/image\/","url":"https:\/\/sarmiento24h.com\/wp-content\/uploads\/2025\/12\/AddText_12-16-10.30.52.jpg","contentUrl":"https:\/\/sarmiento24h.com\/wp-content\/uploads\/2025\/12\/AddText_12-16-10.30.52.jpg","width":1220,"height":324,"caption":"Sarmiento24h"},"image":{"@id":"https:\/\/sarmiento24h.com\/#\/schema\/logo\/image\/"},"sameAs":["https:\/\/facebook.com\/s24hnoticias","https:\/\/x.com\/sarmiento24h"]},{"@type":"Person","@id":"https:\/\/sarmiento24h.com\/#\/schema\/person\/d653a59725ad629a7e0429af7b939d4d","name":"sarmiento24h@gmail.com","image":{"@type":"ImageObject","inLanguage":"es","@id":"https:\/\/sarmiento24h.com\/wp-content\/litespeed\/avatar\/d02cbc4e23c747e6659cd45907173c8f.jpg?ver=1777157796","url":"https:\/\/sarmiento24h.com\/wp-content\/litespeed\/avatar\/d02cbc4e23c747e6659cd45907173c8f.jpg?ver=1777157796","contentUrl":"https:\/\/sarmiento24h.com\/wp-content\/litespeed\/avatar\/d02cbc4e23c747e6659cd45907173c8f.jpg?ver=1777157796","caption":"sarmiento24h@gmail.com"},"sameAs":["https:\/\/sarmiento24h.com"],"url":"https:\/\/sarmiento24h.com\/?author=1"}]}},"jetpack_publicize_connections":[],"jetpack_featured_media_url":"https:\/\/sarmiento24h.com\/wp-content\/uploads\/2026\/04\/el-conflicto-con-iran-es-la-nueva-guerra-fria-axios.jpg","jetpack_sharing_enabled":true,"_links":{"self":[{"href":"https:\/\/sarmiento24h.com\/index.php?rest_route=\/wp\/v2\/posts\/161783","targetHints":{"allow":["GET"]}}],"collection":[{"href":"https:\/\/sarmiento24h.com\/index.php?rest_route=\/wp\/v2\/posts"}],"about":[{"href":"https:\/\/sarmiento24h.com\/index.php?rest_route=\/wp\/v2\/types\/post"}],"author":[{"embeddable":true,"href":"https:\/\/sarmiento24h.com\/index.php?rest_route=\/wp\/v2\/users\/1"}],"replies":[{"embeddable":true,"href":"https:\/\/sarmiento24h.com\/index.php?rest_route=%2Fwp%2Fv2%2Fcomments&post=161783"}],"version-history":[{"count":0,"href":"https:\/\/sarmiento24h.com\/index.php?rest_route=\/wp\/v2\/posts\/161783\/revisions"}],"wp:featuredmedia":[{"embeddable":true,"href":"https:\/\/sarmiento24h.com\/index.php?rest_route=\/wp\/v2\/media\/161784"}],"wp:attachment":[{"href":"https:\/\/sarmiento24h.com\/index.php?rest_route=%2Fwp%2Fv2%2Fmedia&parent=161783"}],"wp:term":[{"taxonomy":"category","embeddable":true,"href":"https:\/\/sarmiento24h.com\/index.php?rest_route=%2Fwp%2Fv2%2Fcategories&post=161783"},{"taxonomy":"post_tag","embeddable":true,"href":"https:\/\/sarmiento24h.com\/index.php?rest_route=%2Fwp%2Fv2%2Ftags&post=161783"}],"curies":[{"name":"wp","href":"https:\/\/api.w.org\/{rel}","templated":true}]}}