{"id":162083,"date":"2026-04-28T19:27:02","date_gmt":"2026-04-28T19:27:02","guid":{"rendered":"https:\/\/noticiassin.com\/?p=1987939"},"modified":"2026-04-28T19:27:02","modified_gmt":"2026-04-28T19:27:02","slug":"abinader-entrega-25-vehiculos-al-inespre-para-fortalecer-su-capacidad-operativa","status":"publish","type":"post","link":"https:\/\/sarmiento24h.com\/?p=162083","title":{"rendered":"Abinader entrega 25 veh\u00edculos al Inespre para fortalecer su capacidad operativa"},"content":{"rendered":"<div><img decoding=\"async\" src=\"https:\/\/multimedia.noticiassin.com\/wp-content\/uploads\/2026\/04\/abinader-entrega-25-vehiculos-al-inespre-para-fortalecer-su-capacidad-operativa-20260428-183553-0871-scaled-1200x675.jpeg\" class=\"ff-og-image-inserted\"><\/div>\n<p><strong>Santo Domingo<\/strong>. \u2013 El presidente de la Rep\u00fablica, Luis Abinader, encabez\u00f3 este martes la entrega de 25 nuevos veh\u00edculos al Instituto de Estabilizaci\u00f3n de Precios (Inespre), como parte de una flotilla total de 60 unidades destinadas a fortalecer la capacidad operativa de la instituci\u00f3n y ampliar la distribuci\u00f3n de alimentos a precios asequibles en todo el territorio nacional.<\/p>\n<p>El mandatario realiz\u00f3 la entrega simb\u00f3lica de las llaves de la flotilla de veh\u00edculos correspondiente a la primera fase de entrega, al director del Inespre, David Herrera, la cual fue gestionada a trav\u00e9s del Ministerio Administrativo de la Presidencia, bajo la direcci\u00f3n del ministro Andr\u00e9s Bautista.<\/p>\n<p>Durante el acto, el presidente Abinader destac\u00f3 el papel del Instituto Nacional de Estabilizaci\u00f3n de Precios ante el contexto actual de crisis mundial, asegurando que est\u00e1n atendiendo diariamente con la mesa de precios para estabilizarlos y cumplir con la misi\u00f3n del Inespre.<\/p>\n<p>Asimismo, explic\u00f3 que el objetivo es mejorar la eficiencia en la cadena de distribuci\u00f3n. \u201cLlegar m\u00e1s r\u00e1pido, m\u00e1s eficiente entre el productor y el consumidor\u201d.<\/p>\n<p>El mandatario indic\u00f3 que la incorporaci\u00f3n de los 60 nuevos veh\u00edculos, de los cuales hoy se entrega la primera partida y los restantes en los pr\u00f3ximos d\u00edas, permitir\u00e1 ampliar la presencia de la instituci\u00f3n en los sectores. \u201cVan a cumplir eso, para que la gente, cuando vea en los barrios al Inespre, vea la garant\u00eda de un precio justo de los productos, que eso es lo que nosotros buscamos\u201d.<\/p>\n<p>El jefe de Estado insisti\u00f3 en que el Instituto Nacional de Estabilizaci\u00f3n de Precios tiene que ser el puente entre el productor y el consumidor. \u201cEn eso est\u00e1 el Gobierno, buscando precios justos para toda la poblaci\u00f3n dominicana\u201d.<\/p>\n<p>Finalmente, exhort\u00f3 a continuar fortaleciendo el alcance de la instituci\u00f3n en todo el pa\u00eds. \u201cDavid estamos seguros de que seguir\u00e1s haciendo un gran trabajo en b\u00fasqueda de llevar estos precios justos a los barrios y a los diferentes sectores y a las diferentes provincias de todo el pa\u00eds\u201d.<\/p>\n<h2 class=\"wp-block-heading\">Decisi\u00f3n firme y una visi\u00f3n clara del presidente Abinader<\/h2>\n<p>De su lado, el ministro Administrativo de la Presidencia, Andr\u00e9s Bautista Garc\u00eda, inform\u00f3 que la entrega de 25 veh\u00edculos forma parte de una flotilla total de 60 unidades destinadas a fortalecer la capacidad de distribuci\u00f3n del Instituto de Estabilizaci\u00f3n de Precios y dijo que los 35 restantes ser\u00e1n entregados en el curso del pr\u00f3ximo mes de mayo.<\/p>\n<p>\u201cEsta es una decisi\u00f3n firme y una visi\u00f3n clara del presidente Luis Abinader: lograr que los alimentos lleguen directamente al pueblo sin abusos y a precios justos\u201d, sentenci\u00f3 Bautista.<\/p>\n<p>Explic\u00f3 que los nuevos veh\u00edculos operar\u00e1n tanto en fr\u00edo como a temperatura ambiente, impactando directamente a los<strong> dos actores principales <\/strong>de la cadena de comercializaci\u00f3n: por un lado, el productor, que podr\u00e1 colocar sus productos sin distorsiones, y por el otro el consumidor, que podr\u00e1 adquirirlos a precio de costo.<\/p>\n","protected":false},"excerpt":{"rendered":"<p>Santo Domingo. \u2013 El presidente de la&#46;&#46;&#46;<\/p>\n","protected":false},"author":1,"featured_media":162084,"comment_status":"closed","ping_status":"closed","sticky":false,"template":"","format":"standard","meta":{"_jetpack_memberships_contains_paid_content":false,"footnotes":"","jetpack_publicize_message":"","jetpack_publicize_feature_enabled":true,"jetpack_social_post_already_shared":true,"jetpack_social_options":{"image_generator_settings":{"template":"highway","default_image_id":0,"font":"","enabled":false},"version":2}},"categories":[42],"tags":[],"class_list":["post-162083","post","type-post","status-publish","format-standard","has-post-thumbnail","hentry","category-nacionales"],"yoast_head":"<!-- This site is optimized with the Yoast SEO plugin v27.3 - https:\/\/yoast.com\/product\/yoast-seo-wordpress\/ -->\n<title>Abinader entrega 25 veh\u00edculos al Inespre para fortalecer su capacidad operativa - Sarmiento24h<\/title>\n<meta name=\"robots\" content=\"index, follow, max-snippet:-1, max-image-preview:large, max-video-preview:-1\" \/>\n<link rel=\"canonical\" href=\"https:\/\/sarmiento24h.com\/?p=162083\" \/>\n<meta property=\"og:locale\" content=\"es_ES\" \/>\n<meta property=\"og:type\" content=\"article\" \/>\n<meta property=\"og:title\" content=\"Abinader entrega 25 veh\u00edculos al Inespre para fortalecer su capacidad operativa - Sarmiento24h\" \/>\n<meta property=\"og:description\" content=\"Santo Domingo. \u2013 El presidente de la&#046;&#046;&#046;\" \/>\n<meta property=\"og:url\" content=\"https:\/\/sarmiento24h.com\/?p=162083\" \/>\n<meta property=\"og:site_name\" content=\"Sarmiento24h\" \/>\n<meta property=\"article:publisher\" content=\"https:\/\/facebook.com\/s24hnoticias\" \/>\n<meta property=\"article:published_time\" content=\"2026-04-28T19:27:02+00:00\" \/>\n<meta property=\"og:image\" content=\"https:\/\/multimedia.noticiassin.com\/wp-content\/uploads\/2026\/04\/abinader-entrega-25-vehiculos-al-inespre-para-fortalecer-su-capacidad-operativa-20260428-183553-0871-scaled-1200x675.jpeg\" \/>\n<meta name=\"author\" content=\"sarmiento24h@gmail.com\" \/>\n<meta name=\"twitter:card\" content=\"summary_large_image\" \/>\n<meta name=\"twitter:creator\" content=\"@sarmiento24h\" \/>\n<meta name=\"twitter:site\" content=\"@sarmiento24h\" \/>\n<meta name=\"twitter:label1\" content=\"Escrito por\" \/>\n\t<meta name=\"twitter:data1\" content=\"sarmiento24h@gmail.com\" \/>\n\t<meta name=\"twitter:label2\" content=\"Tiempo de lectura\" \/>\n\t<meta name=\"twitter:data2\" content=\"3 minutos\" \/>\n<script type=\"application\/ld+json\" class=\"yoast-schema-graph\">{\"@context\":\"https:\\\/\\\/schema.org\",\"@graph\":[{\"@type\":\"Article\",\"@id\":\"https:\\\/\\\/sarmiento24h.com\\\/?p=162083#article\",\"isPartOf\":{\"@id\":\"https:\\\/\\\/sarmiento24h.com\\\/?p=162083\"},\"author\":{\"name\":\"sarmiento24h@gmail.com\",\"@id\":\"https:\\\/\\\/sarmiento24h.com\\\/#\\\/schema\\\/person\\\/d653a59725ad629a7e0429af7b939d4d\"},\"headline\":\"Abinader entrega 25 veh\u00edculos al Inespre para fortalecer su capacidad operativa\",\"datePublished\":\"2026-04-28T19:27:02+00:00\",\"mainEntityOfPage\":{\"@id\":\"https:\\\/\\\/sarmiento24h.com\\\/?p=162083\"},\"wordCount\":520,\"publisher\":{\"@id\":\"https:\\\/\\\/sarmiento24h.com\\\/#organization\"},\"image\":{\"@id\":\"https:\\\/\\\/sarmiento24h.com\\\/?p=162083#primaryimage\"},\"thumbnailUrl\":\"https:\\\/\\\/sarmiento24h.com\\\/wp-content\\\/uploads\\\/2026\\\/04\\\/abinader-entrega-25-vehiculos-al-inespre-para-fortalecer-su-capacidad-operativa.jpg\",\"articleSection\":[\"Nacionales\"],\"inLanguage\":\"es\"},{\"@type\":\"WebPage\",\"@id\":\"https:\\\/\\\/sarmiento24h.com\\\/?p=162083\",\"url\":\"https:\\\/\\\/sarmiento24h.com\\\/?p=162083\",\"name\":\"Abinader entrega 25 veh\u00edculos al Inespre para fortalecer su capacidad operativa - Sarmiento24h\",\"isPartOf\":{\"@id\":\"https:\\\/\\\/sarmiento24h.com\\\/#website\"},\"primaryImageOfPage\":{\"@id\":\"https:\\\/\\\/sarmiento24h.com\\\/?p=162083#primaryimage\"},\"image\":{\"@id\":\"https:\\\/\\\/sarmiento24h.com\\\/?p=162083#primaryimage\"},\"thumbnailUrl\":\"https:\\\/\\\/sarmiento24h.com\\\/wp-content\\\/uploads\\\/2026\\\/04\\\/abinader-entrega-25-vehiculos-al-inespre-para-fortalecer-su-capacidad-operativa.jpg\",\"datePublished\":\"2026-04-28T19:27:02+00:00\",\"breadcrumb\":{\"@id\":\"https:\\\/\\\/sarmiento24h.com\\\/?p=162083#breadcrumb\"},\"inLanguage\":\"es\",\"potentialAction\":[{\"@type\":\"ReadAction\",\"target\":[\"https:\\\/\\\/sarmiento24h.com\\\/?p=162083\"]}]},{\"@type\":\"ImageObject\",\"inLanguage\":\"es\",\"@id\":\"https:\\\/\\\/sarmiento24h.com\\\/?p=162083#primaryimage\",\"url\":\"https:\\\/\\\/sarmiento24h.com\\\/wp-content\\\/uploads\\\/2026\\\/04\\\/abinader-entrega-25-vehiculos-al-inespre-para-fortalecer-su-capacidad-operativa.jpg\",\"contentUrl\":\"https:\\\/\\\/sarmiento24h.com\\\/wp-content\\\/uploads\\\/2026\\\/04\\\/abinader-entrega-25-vehiculos-al-inespre-para-fortalecer-su-capacidad-operativa.jpg\",\"width\":1200,\"height\":675},{\"@type\":\"BreadcrumbList\",\"@id\":\"https:\\\/\\\/sarmiento24h.com\\\/?p=162083#breadcrumb\",\"itemListElement\":[{\"@type\":\"ListItem\",\"position\":1,\"name\":\"Home\",\"item\":\"https:\\\/\\\/sarmiento24h.com\\\/\"},{\"@type\":\"ListItem\",\"position\":2,\"name\":\"Abinader entrega 25 veh\u00edculos al Inespre para fortalecer su capacidad operativa\"}]},{\"@type\":\"WebSite\",\"@id\":\"https:\\\/\\\/sarmiento24h.com\\\/#website\",\"url\":\"https:\\\/\\\/sarmiento24h.com\\\/\",\"name\":\"Sarmiento24h\",\"description\":\"\",\"publisher\":{\"@id\":\"https:\\\/\\\/sarmiento24h.com\\\/#organization\"},\"potentialAction\":[{\"@type\":\"SearchAction\",\"target\":{\"@type\":\"EntryPoint\",\"urlTemplate\":\"https:\\\/\\\/sarmiento24h.com\\\/?s={search_term_string}\"},\"query-input\":{\"@type\":\"PropertyValueSpecification\",\"valueRequired\":true,\"valueName\":\"search_term_string\"}}],\"inLanguage\":\"es\"},{\"@type\":\"Organization\",\"@id\":\"https:\\\/\\\/sarmiento24h.com\\\/#organization\",\"name\":\"Sarmiento24h\",\"url\":\"https:\\\/\\\/sarmiento24h.com\\\/\",\"logo\":{\"@type\":\"ImageObject\",\"inLanguage\":\"es\",\"@id\":\"https:\\\/\\\/sarmiento24h.com\\\/#\\\/schema\\\/logo\\\/image\\\/\",\"url\":\"https:\\\/\\\/sarmiento24h.com\\\/wp-content\\\/uploads\\\/2025\\\/12\\\/AddText_12-16-10.30.52.jpg\",\"contentUrl\":\"https:\\\/\\\/sarmiento24h.com\\\/wp-content\\\/uploads\\\/2025\\\/12\\\/AddText_12-16-10.30.52.jpg\",\"width\":1220,\"height\":324,\"caption\":\"Sarmiento24h\"},\"image\":{\"@id\":\"https:\\\/\\\/sarmiento24h.com\\\/#\\\/schema\\\/logo\\\/image\\\/\"},\"sameAs\":[\"https:\\\/\\\/facebook.com\\\/s24hnoticias\",\"https:\\\/\\\/x.com\\\/sarmiento24h\"]},{\"@type\":\"Person\",\"@id\":\"https:\\\/\\\/sarmiento24h.com\\\/#\\\/schema\\\/person\\\/d653a59725ad629a7e0429af7b939d4d\",\"name\":\"sarmiento24h@gmail.com\",\"image\":{\"@type\":\"ImageObject\",\"inLanguage\":\"es\",\"@id\":\"https:\\\/\\\/sarmiento24h.com\\\/wp-content\\\/litespeed\\\/avatar\\\/d02cbc4e23c747e6659cd45907173c8f.jpg?ver=1777157796\",\"url\":\"https:\\\/\\\/sarmiento24h.com\\\/wp-content\\\/litespeed\\\/avatar\\\/d02cbc4e23c747e6659cd45907173c8f.jpg?ver=1777157796\",\"contentUrl\":\"https:\\\/\\\/sarmiento24h.com\\\/wp-content\\\/litespeed\\\/avatar\\\/d02cbc4e23c747e6659cd45907173c8f.jpg?ver=1777157796\",\"caption\":\"sarmiento24h@gmail.com\"},\"sameAs\":[\"https:\\\/\\\/sarmiento24h.com\"],\"url\":\"https:\\\/\\\/sarmiento24h.com\\\/?author=1\"}]}<\/script>\n<!-- \/ Yoast SEO plugin. -->","yoast_head_json":{"title":"Abinader entrega 25 veh\u00edculos al Inespre para fortalecer su capacidad operativa - Sarmiento24h","robots":{"index":"index","follow":"follow","max-snippet":"max-snippet:-1","max-image-preview":"max-image-preview:large","max-video-preview":"max-video-preview:-1"},"canonical":"https:\/\/sarmiento24h.com\/?p=162083","og_locale":"es_ES","og_type":"article","og_title":"Abinader entrega 25 veh\u00edculos al Inespre para fortalecer su capacidad operativa - Sarmiento24h","og_description":"Santo Domingo. \u2013 El presidente de la&#46;&#46;&#46;","og_url":"https:\/\/sarmiento24h.com\/?p=162083","og_site_name":"Sarmiento24h","article_publisher":"https:\/\/facebook.com\/s24hnoticias","article_published_time":"2026-04-28T19:27:02+00:00","og_image":[{"url":"https:\/\/multimedia.noticiassin.com\/wp-content\/uploads\/2026\/04\/abinader-entrega-25-vehiculos-al-inespre-para-fortalecer-su-capacidad-operativa-20260428-183553-0871-scaled-1200x675.jpeg","type":"","width":"","height":""}],"author":"sarmiento24h@gmail.com","twitter_card":"summary_large_image","twitter_creator":"@sarmiento24h","twitter_site":"@sarmiento24h","twitter_misc":{"Escrito por":"sarmiento24h@gmail.com","Tiempo de lectura":"3 minutos"},"schema":{"@context":"https:\/\/schema.org","@graph":[{"@type":"Article","@id":"https:\/\/sarmiento24h.com\/?p=162083#article","isPartOf":{"@id":"https:\/\/sarmiento24h.com\/?p=162083"},"author":{"name":"sarmiento24h@gmail.com","@id":"https:\/\/sarmiento24h.com\/#\/schema\/person\/d653a59725ad629a7e0429af7b939d4d"},"headline":"Abinader entrega 25 veh\u00edculos al Inespre para fortalecer su capacidad operativa","datePublished":"2026-04-28T19:27:02+00:00","mainEntityOfPage":{"@id":"https:\/\/sarmiento24h.com\/?p=162083"},"wordCount":520,"publisher":{"@id":"https:\/\/sarmiento24h.com\/#organization"},"image":{"@id":"https:\/\/sarmiento24h.com\/?p=162083#primaryimage"},"thumbnailUrl":"https:\/\/sarmiento24h.com\/wp-content\/uploads\/2026\/04\/abinader-entrega-25-vehiculos-al-inespre-para-fortalecer-su-capacidad-operativa.jpg","articleSection":["Nacionales"],"inLanguage":"es"},{"@type":"WebPage","@id":"https:\/\/sarmiento24h.com\/?p=162083","url":"https:\/\/sarmiento24h.com\/?p=162083","name":"Abinader entrega 25 veh\u00edculos al Inespre para fortalecer su capacidad operativa - Sarmiento24h","isPartOf":{"@id":"https:\/\/sarmiento24h.com\/#website"},"primaryImageOfPage":{"@id":"https:\/\/sarmiento24h.com\/?p=162083#primaryimage"},"image":{"@id":"https:\/\/sarmiento24h.com\/?p=162083#primaryimage"},"thumbnailUrl":"https:\/\/sarmiento24h.com\/wp-content\/uploads\/2026\/04\/abinader-entrega-25-vehiculos-al-inespre-para-fortalecer-su-capacidad-operativa.jpg","datePublished":"2026-04-28T19:27:02+00:00","breadcrumb":{"@id":"https:\/\/sarmiento24h.com\/?p=162083#breadcrumb"},"inLanguage":"es","potentialAction":[{"@type":"ReadAction","target":["https:\/\/sarmiento24h.com\/?p=162083"]}]},{"@type":"ImageObject","inLanguage":"es","@id":"https:\/\/sarmiento24h.com\/?p=162083#primaryimage","url":"https:\/\/sarmiento24h.com\/wp-content\/uploads\/2026\/04\/abinader-entrega-25-vehiculos-al-inespre-para-fortalecer-su-capacidad-operativa.jpg","contentUrl":"https:\/\/sarmiento24h.com\/wp-content\/uploads\/2026\/04\/abinader-entrega-25-vehiculos-al-inespre-para-fortalecer-su-capacidad-operativa.jpg","width":1200,"height":675},{"@type":"BreadcrumbList","@id":"https:\/\/sarmiento24h.com\/?p=162083#breadcrumb","itemListElement":[{"@type":"ListItem","position":1,"name":"Home","item":"https:\/\/sarmiento24h.com\/"},{"@type":"ListItem","position":2,"name":"Abinader entrega 25 veh\u00edculos al Inespre para fortalecer su capacidad operativa"}]},{"@type":"WebSite","@id":"https:\/\/sarmiento24h.com\/#website","url":"https:\/\/sarmiento24h.com\/","name":"Sarmiento24h","description":"","publisher":{"@id":"https:\/\/sarmiento24h.com\/#organization"},"potentialAction":[{"@type":"SearchAction","target":{"@type":"EntryPoint","urlTemplate":"https:\/\/sarmiento24h.com\/?s={search_term_string}"},"query-input":{"@type":"PropertyValueSpecification","valueRequired":true,"valueName":"search_term_string"}}],"inLanguage":"es"},{"@type":"Organization","@id":"https:\/\/sarmiento24h.com\/#organization","name":"Sarmiento24h","url":"https:\/\/sarmiento24h.com\/","logo":{"@type":"ImageObject","inLanguage":"es","@id":"https:\/\/sarmiento24h.com\/#\/schema\/logo\/image\/","url":"https:\/\/sarmiento24h.com\/wp-content\/uploads\/2025\/12\/AddText_12-16-10.30.52.jpg","contentUrl":"https:\/\/sarmiento24h.com\/wp-content\/uploads\/2025\/12\/AddText_12-16-10.30.52.jpg","width":1220,"height":324,"caption":"Sarmiento24h"},"image":{"@id":"https:\/\/sarmiento24h.com\/#\/schema\/logo\/image\/"},"sameAs":["https:\/\/facebook.com\/s24hnoticias","https:\/\/x.com\/sarmiento24h"]},{"@type":"Person","@id":"https:\/\/sarmiento24h.com\/#\/schema\/person\/d653a59725ad629a7e0429af7b939d4d","name":"sarmiento24h@gmail.com","image":{"@type":"ImageObject","inLanguage":"es","@id":"https:\/\/sarmiento24h.com\/wp-content\/litespeed\/avatar\/d02cbc4e23c747e6659cd45907173c8f.jpg?ver=1777157796","url":"https:\/\/sarmiento24h.com\/wp-content\/litespeed\/avatar\/d02cbc4e23c747e6659cd45907173c8f.jpg?ver=1777157796","contentUrl":"https:\/\/sarmiento24h.com\/wp-content\/litespeed\/avatar\/d02cbc4e23c747e6659cd45907173c8f.jpg?ver=1777157796","caption":"sarmiento24h@gmail.com"},"sameAs":["https:\/\/sarmiento24h.com"],"url":"https:\/\/sarmiento24h.com\/?author=1"}]}},"jetpack_publicize_connections":[],"jetpack_featured_media_url":"https:\/\/sarmiento24h.com\/wp-content\/uploads\/2026\/04\/abinader-entrega-25-vehiculos-al-inespre-para-fortalecer-su-capacidad-operativa.jpg","jetpack_sharing_enabled":true,"_links":{"self":[{"href":"https:\/\/sarmiento24h.com\/index.php?rest_route=\/wp\/v2\/posts\/162083","targetHints":{"allow":["GET"]}}],"collection":[{"href":"https:\/\/sarmiento24h.com\/index.php?rest_route=\/wp\/v2\/posts"}],"about":[{"href":"https:\/\/sarmiento24h.com\/index.php?rest_route=\/wp\/v2\/types\/post"}],"author":[{"embeddable":true,"href":"https:\/\/sarmiento24h.com\/index.php?rest_route=\/wp\/v2\/users\/1"}],"replies":[{"embeddable":true,"href":"https:\/\/sarmiento24h.com\/index.php?rest_route=%2Fwp%2Fv2%2Fcomments&post=162083"}],"version-history":[{"count":0,"href":"https:\/\/sarmiento24h.com\/index.php?rest_route=\/wp\/v2\/posts\/162083\/revisions"}],"wp:featuredmedia":[{"embeddable":true,"href":"https:\/\/sarmiento24h.com\/index.php?rest_route=\/wp\/v2\/media\/162084"}],"wp:attachment":[{"href":"https:\/\/sarmiento24h.com\/index.php?rest_route=%2Fwp%2Fv2%2Fmedia&parent=162083"}],"wp:term":[{"taxonomy":"category","embeddable":true,"href":"https:\/\/sarmiento24h.com\/index.php?rest_route=%2Fwp%2Fv2%2Fcategories&post=162083"},{"taxonomy":"post_tag","embeddable":true,"href":"https:\/\/sarmiento24h.com\/index.php?rest_route=%2Fwp%2Fv2%2Ftags&post=162083"}],"curies":[{"name":"wp","href":"https:\/\/api.w.org\/{rel}","templated":true}]}}