{"id":162095,"date":"2026-04-28T19:27:24","date_gmt":"2026-04-28T19:27:24","guid":{"rendered":"https:\/\/qpasa.com\/?p=107294"},"modified":"2026-04-28T19:27:24","modified_gmt":"2026-04-28T19:27:24","slug":"llega-el-eclipse-solar-mas-largo-del-siglo-el-dia-se-convertira-en-noche-y-no-se-repetira-en-mas-de-157-anos","status":"publish","type":"post","link":"https:\/\/sarmiento24h.com\/?p=162095","title":{"rendered":"Llega el eclipse solar m\u00e1s largo del siglo, el d\u00eda se convertir\u00e1 en noche y no se repetir\u00e1 en m\u00e1s de 157 a\u00f1os"},"content":{"rendered":"<div><img decoding=\"async\" src=\"https:\/\/qpasa.com\/wp-content\/uploads\/2026\/04\/Llega-el-eclipse-solar-mas-largo-del-siglo-el-dia-se-convertira-en-noche.jpg\" class=\"ff-og-image-inserted\"><\/div>\n<p>El <strong>eclipse solar m\u00e1s largo del siglo<\/strong> ya tiene fecha confirmada y se perfila como uno de los eventos astron\u00f3micos m\u00e1s impactantes de las pr\u00f3ximas d\u00e9cadas. El 2 de agosto de 2027, el cielo se oscurecer\u00e1 en pleno d\u00eda durante un tiempo inusual, generando una experiencia que pocas generaciones podr\u00e1n presenciar.<\/p>\n<p>A diferencia de otros eclipses, este fen\u00f3meno alcanzar\u00e1 una duraci\u00f3n m\u00e1xima de <strong>6 minutos y 23 segundos de oscuridad total<\/strong>, una cifra que supera ampliamente el promedio habitual y lo convierte en un evento destacado dentro del siglo XXI.<\/p>\n<h2 class=\"wp-block-heading\" id=\"h-por-que-el-eclipse-solar-mas-largo-del-siglo-sera-diferente\">Por qu\u00e9 el eclipse solar m\u00e1s largo del siglo ser\u00e1 diferente<\/h2>\n<p>Este eclipse no ser\u00e1 igual a los dem\u00e1s. Su duraci\u00f3n se explica por una combinaci\u00f3n precisa de factores astron\u00f3micos que no ocurre con frecuencia.<\/p>\n<p>Por un lado, la Luna estar\u00e1 m\u00e1s cerca de la Tierra, lo que har\u00e1 que se vea m\u00e1s grande en el cielo. Adem\u00e1s, la Tierra se encontrar\u00e1 en un punto de su \u00f3rbita m\u00e1s alejado del Sol, lo que hace que el Sol se perciba ligeramente m\u00e1s peque\u00f1o.<\/p>\n<p>Gracias a esta alineaci\u00f3n, la Luna cubrir\u00e1 completamente el disco solar durante m\u00e1s tiempo del habitual, prolongando la fase de oscuridad total.<\/p>\n<h2 class=\"wp-block-heading\" id=\"h-donde-se-podra-ver-el-eclipse-solar-mas-largo-del-siglo\">D\u00f3nde se podr\u00e1 ver el eclipse solar m\u00e1s largo del siglo<\/h2>\n<p>El fen\u00f3meno no ser\u00e1 visible en todo el mundo, pero s\u00ed atravesar\u00e1 zonas con alta poblaci\u00f3n, lo que aumenta el inter\u00e9s global.<\/p>\n<p>La franja de totalidad pasar\u00e1 por regiones del sur de Europa, el norte de \u00c1frica y parte de Medio Oriente. Algunos de los pa\u00edses donde podr\u00e1 observarse en su totalidad incluyen:<\/p>\n<ul class=\"wp-block-list\">\n<li>Espa\u00f1a<\/li>\n<li>Marruecos<\/li>\n<li>Argelia<\/li>\n<li>Egipto<\/li>\n<li>Arabia Saudita<\/li>\n<\/ul>\n<p>Uno de los puntos m\u00e1s privilegiados para observarlo ser\u00e1 Luxor, en Egipto, donde se espera que el eclipse alcance su m\u00e1xima duraci\u00f3n.<\/p>\n<h2 class=\"wp-block-heading\" id=\"h-que-ocurrira-durante-los-minutos-de-oscuridad\">Qu\u00e9 ocurrir\u00e1 durante los minutos de oscuridad<\/h2>\n<p>Durante la fase de totalidad, el entorno cambia de forma evidente. El cielo se oscurece casi por completo y la luz del d\u00eda desaparece por unos minutos.<\/p>\n<p>En ese breve periodo, ser\u00e1 posible observar estrellas y algunos planetas, algo poco habitual durante el d\u00eda. Tambi\u00e9n se producir\u00e1 un descenso leve en la temperatura.<\/p>\n<p><span class=\"td-adspot-title\">&#8211; Patrocinado &#8211;<\/span><br \/>\n<!-- popi2 --><br \/>\n<ins class=\"adsbygoogle\" data-ad-client=\"ca-pub-1729935282101551\" data-ad-slot=\"2133646425\" data-ad-format=\"auto\" data-full-width-responsive=\"true\"><\/ins>\n<\/p>\n<p>Adem\u00e1s, se podr\u00e1 ver la corona solar, una capa externa del Sol que normalmente no es visible desde la Tierra y que solo aparece en eclipses totales.<\/p>\n<h2 class=\"wp-block-heading\" id=\"h-un-evento-que-no-se-repetira-en-mas-de-157-anos\">Un evento que no se repetir\u00e1 en m\u00e1s de 157 a\u00f1os<\/h2>\n<p>El eclipse solar m\u00e1s largo del siglo destaca no solo por su duraci\u00f3n, sino tambi\u00e9n por su rareza. Aunque los eclipses solares ocurren con cierta frecuencia en distintas partes del mundo, no todos alcanzan este nivel de extensi\u00f3n.<\/p>\n<p>De acuerdo con estimaciones astron\u00f3micas, no se espera otro eclipse con caracter\u00edsticas similares y una duraci\u00f3n comparable en m\u00e1s de 157 a\u00f1os, lo que lo convierte en una oportunidad \u00fanica dentro de una escala de tiempo generacional.<\/p>\n<h2 class=\"wp-block-heading\" id=\"h-como-observar-el-eclipse-de-forma-segura\">C\u00f3mo observar el eclipse de forma segura<\/h2>\n<p>Observar un eclipse solar requiere tomar precauciones. Mirar directamente al Sol sin protecci\u00f3n adecuada puede causar da\u00f1os en la vista.<\/p>\n<p>Para disfrutar del fen\u00f3meno de forma segura, se recomienda utilizar gafas especiales certificadas para eclipses o m\u00e9todos indirectos de observaci\u00f3n.<\/p>\n<p>Solo durante el breve momento de totalidad, cuando el Sol est\u00e1 completamente cubierto, es seguro observarlo sin protecci\u00f3n.<\/p>\n","protected":false},"excerpt":{"rendered":"<p>El eclipse solar m\u00e1s largo del siglo&#46;&#46;&#46;<\/p>\n","protected":false},"author":1,"featured_media":162096,"comment_status":"closed","ping_status":"closed","sticky":false,"template":"","format":"standard","meta":{"_jetpack_memberships_contains_paid_content":false,"footnotes":"","jetpack_publicize_message":"","jetpack_publicize_feature_enabled":true,"jetpack_social_post_already_shared":true,"jetpack_social_options":{"image_generator_settings":{"template":"highway","default_image_id":0,"font":"","enabled":false},"version":2}},"categories":[59,73],"tags":[],"class_list":["post-162095","post","type-post","status-publish","format-standard","has-post-thumbnail","hentry","category-actualidad","category-videos"],"yoast_head":"<!-- This site is optimized with the Yoast SEO plugin v27.3 - https:\/\/yoast.com\/product\/yoast-seo-wordpress\/ -->\n<title>Llega el eclipse solar m\u00e1s largo del siglo, el d\u00eda se convertir\u00e1 en noche y no se repetir\u00e1 en m\u00e1s de 157 a\u00f1os - Sarmiento24h<\/title>\n<meta name=\"robots\" content=\"index, follow, max-snippet:-1, max-image-preview:large, max-video-preview:-1\" \/>\n<link rel=\"canonical\" href=\"https:\/\/sarmiento24h.com\/?p=162095\" \/>\n<meta property=\"og:locale\" content=\"es_ES\" \/>\n<meta property=\"og:type\" content=\"article\" \/>\n<meta property=\"og:title\" content=\"Llega el eclipse solar m\u00e1s largo del siglo, el d\u00eda se convertir\u00e1 en noche y no se repetir\u00e1 en m\u00e1s de 157 a\u00f1os - Sarmiento24h\" \/>\n<meta property=\"og:description\" content=\"El eclipse solar m\u00e1s largo del siglo&#046;&#046;&#046;\" \/>\n<meta property=\"og:url\" content=\"https:\/\/sarmiento24h.com\/?p=162095\" \/>\n<meta property=\"og:site_name\" content=\"Sarmiento24h\" \/>\n<meta property=\"article:publisher\" content=\"https:\/\/facebook.com\/s24hnoticias\" \/>\n<meta property=\"article:published_time\" content=\"2026-04-28T19:27:24+00:00\" \/>\n<meta property=\"og:image\" content=\"https:\/\/qpasa.com\/wp-content\/uploads\/2026\/04\/Llega-el-eclipse-solar-mas-largo-del-siglo-el-dia-se-convertira-en-noche.jpg\" \/>\n<meta name=\"author\" content=\"sarmiento24h@gmail.com\" \/>\n<meta name=\"twitter:card\" content=\"summary_large_image\" \/>\n<meta name=\"twitter:creator\" content=\"@sarmiento24h\" \/>\n<meta name=\"twitter:site\" content=\"@sarmiento24h\" \/>\n<meta name=\"twitter:label1\" content=\"Escrito por\" \/>\n\t<meta name=\"twitter:data1\" content=\"sarmiento24h@gmail.com\" \/>\n\t<meta name=\"twitter:label2\" content=\"Tiempo de lectura\" \/>\n\t<meta name=\"twitter:data2\" content=\"3 minutos\" \/>\n<script type=\"application\/ld+json\" class=\"yoast-schema-graph\">{\"@context\":\"https:\\\/\\\/schema.org\",\"@graph\":[{\"@type\":\"Article\",\"@id\":\"https:\\\/\\\/sarmiento24h.com\\\/?p=162095#article\",\"isPartOf\":{\"@id\":\"https:\\\/\\\/sarmiento24h.com\\\/?p=162095\"},\"author\":{\"name\":\"sarmiento24h@gmail.com\",\"@id\":\"https:\\\/\\\/sarmiento24h.com\\\/#\\\/schema\\\/person\\\/d653a59725ad629a7e0429af7b939d4d\"},\"headline\":\"Llega el eclipse solar m\u00e1s largo del siglo, el d\u00eda se convertir\u00e1 en noche y no se repetir\u00e1 en m\u00e1s de 157 a\u00f1os\",\"datePublished\":\"2026-04-28T19:27:24+00:00\",\"mainEntityOfPage\":{\"@id\":\"https:\\\/\\\/sarmiento24h.com\\\/?p=162095\"},\"wordCount\":603,\"publisher\":{\"@id\":\"https:\\\/\\\/sarmiento24h.com\\\/#organization\"},\"image\":{\"@id\":\"https:\\\/\\\/sarmiento24h.com\\\/?p=162095#primaryimage\"},\"thumbnailUrl\":\"https:\\\/\\\/sarmiento24h.com\\\/wp-content\\\/uploads\\\/2026\\\/04\\\/llega-el-eclipse-solar-mas-largo-del-siglo-el-dia-se-convertira-en-noche-y-no-se-repetira-en-mas-de-157-anos.jpg\",\"articleSection\":[\"Actualidad\",\"Videos\"],\"inLanguage\":\"es\"},{\"@type\":\"WebPage\",\"@id\":\"https:\\\/\\\/sarmiento24h.com\\\/?p=162095\",\"url\":\"https:\\\/\\\/sarmiento24h.com\\\/?p=162095\",\"name\":\"Llega el eclipse solar m\u00e1s largo del siglo, el d\u00eda se convertir\u00e1 en noche y no se repetir\u00e1 en m\u00e1s de 157 a\u00f1os - Sarmiento24h\",\"isPartOf\":{\"@id\":\"https:\\\/\\\/sarmiento24h.com\\\/#website\"},\"primaryImageOfPage\":{\"@id\":\"https:\\\/\\\/sarmiento24h.com\\\/?p=162095#primaryimage\"},\"image\":{\"@id\":\"https:\\\/\\\/sarmiento24h.com\\\/?p=162095#primaryimage\"},\"thumbnailUrl\":\"https:\\\/\\\/sarmiento24h.com\\\/wp-content\\\/uploads\\\/2026\\\/04\\\/llega-el-eclipse-solar-mas-largo-del-siglo-el-dia-se-convertira-en-noche-y-no-se-repetira-en-mas-de-157-anos.jpg\",\"datePublished\":\"2026-04-28T19:27:24+00:00\",\"breadcrumb\":{\"@id\":\"https:\\\/\\\/sarmiento24h.com\\\/?p=162095#breadcrumb\"},\"inLanguage\":\"es\",\"potentialAction\":[{\"@type\":\"ReadAction\",\"target\":[\"https:\\\/\\\/sarmiento24h.com\\\/?p=162095\"]}]},{\"@type\":\"ImageObject\",\"inLanguage\":\"es\",\"@id\":\"https:\\\/\\\/sarmiento24h.com\\\/?p=162095#primaryimage\",\"url\":\"https:\\\/\\\/sarmiento24h.com\\\/wp-content\\\/uploads\\\/2026\\\/04\\\/llega-el-eclipse-solar-mas-largo-del-siglo-el-dia-se-convertira-en-noche-y-no-se-repetira-en-mas-de-157-anos.jpg\",\"contentUrl\":\"https:\\\/\\\/sarmiento24h.com\\\/wp-content\\\/uploads\\\/2026\\\/04\\\/llega-el-eclipse-solar-mas-largo-del-siglo-el-dia-se-convertira-en-noche-y-no-se-repetira-en-mas-de-157-anos.jpg\",\"width\":1280,\"height\":720},{\"@type\":\"BreadcrumbList\",\"@id\":\"https:\\\/\\\/sarmiento24h.com\\\/?p=162095#breadcrumb\",\"itemListElement\":[{\"@type\":\"ListItem\",\"position\":1,\"name\":\"Home\",\"item\":\"https:\\\/\\\/sarmiento24h.com\\\/\"},{\"@type\":\"ListItem\",\"position\":2,\"name\":\"Llega el eclipse solar m\u00e1s largo del siglo, el d\u00eda se convertir\u00e1 en noche y no se repetir\u00e1 en m\u00e1s de 157 a\u00f1os\"}]},{\"@type\":\"WebSite\",\"@id\":\"https:\\\/\\\/sarmiento24h.com\\\/#website\",\"url\":\"https:\\\/\\\/sarmiento24h.com\\\/\",\"name\":\"Sarmiento24h\",\"description\":\"\",\"publisher\":{\"@id\":\"https:\\\/\\\/sarmiento24h.com\\\/#organization\"},\"potentialAction\":[{\"@type\":\"SearchAction\",\"target\":{\"@type\":\"EntryPoint\",\"urlTemplate\":\"https:\\\/\\\/sarmiento24h.com\\\/?s={search_term_string}\"},\"query-input\":{\"@type\":\"PropertyValueSpecification\",\"valueRequired\":true,\"valueName\":\"search_term_string\"}}],\"inLanguage\":\"es\"},{\"@type\":\"Organization\",\"@id\":\"https:\\\/\\\/sarmiento24h.com\\\/#organization\",\"name\":\"Sarmiento24h\",\"url\":\"https:\\\/\\\/sarmiento24h.com\\\/\",\"logo\":{\"@type\":\"ImageObject\",\"inLanguage\":\"es\",\"@id\":\"https:\\\/\\\/sarmiento24h.com\\\/#\\\/schema\\\/logo\\\/image\\\/\",\"url\":\"https:\\\/\\\/sarmiento24h.com\\\/wp-content\\\/uploads\\\/2025\\\/12\\\/AddText_12-16-10.30.52.jpg\",\"contentUrl\":\"https:\\\/\\\/sarmiento24h.com\\\/wp-content\\\/uploads\\\/2025\\\/12\\\/AddText_12-16-10.30.52.jpg\",\"width\":1220,\"height\":324,\"caption\":\"Sarmiento24h\"},\"image\":{\"@id\":\"https:\\\/\\\/sarmiento24h.com\\\/#\\\/schema\\\/logo\\\/image\\\/\"},\"sameAs\":[\"https:\\\/\\\/facebook.com\\\/s24hnoticias\",\"https:\\\/\\\/x.com\\\/sarmiento24h\"]},{\"@type\":\"Person\",\"@id\":\"https:\\\/\\\/sarmiento24h.com\\\/#\\\/schema\\\/person\\\/d653a59725ad629a7e0429af7b939d4d\",\"name\":\"sarmiento24h@gmail.com\",\"image\":{\"@type\":\"ImageObject\",\"inLanguage\":\"es\",\"@id\":\"https:\\\/\\\/sarmiento24h.com\\\/wp-content\\\/litespeed\\\/avatar\\\/d02cbc4e23c747e6659cd45907173c8f.jpg?ver=1777157796\",\"url\":\"https:\\\/\\\/sarmiento24h.com\\\/wp-content\\\/litespeed\\\/avatar\\\/d02cbc4e23c747e6659cd45907173c8f.jpg?ver=1777157796\",\"contentUrl\":\"https:\\\/\\\/sarmiento24h.com\\\/wp-content\\\/litespeed\\\/avatar\\\/d02cbc4e23c747e6659cd45907173c8f.jpg?ver=1777157796\",\"caption\":\"sarmiento24h@gmail.com\"},\"sameAs\":[\"https:\\\/\\\/sarmiento24h.com\"],\"url\":\"https:\\\/\\\/sarmiento24h.com\\\/?author=1\"}]}<\/script>\n<!-- \/ Yoast SEO plugin. -->","yoast_head_json":{"title":"Llega el eclipse solar m\u00e1s largo del siglo, el d\u00eda se convertir\u00e1 en noche y no se repetir\u00e1 en m\u00e1s de 157 a\u00f1os - Sarmiento24h","robots":{"index":"index","follow":"follow","max-snippet":"max-snippet:-1","max-image-preview":"max-image-preview:large","max-video-preview":"max-video-preview:-1"},"canonical":"https:\/\/sarmiento24h.com\/?p=162095","og_locale":"es_ES","og_type":"article","og_title":"Llega el eclipse solar m\u00e1s largo del siglo, el d\u00eda se convertir\u00e1 en noche y no se repetir\u00e1 en m\u00e1s de 157 a\u00f1os - Sarmiento24h","og_description":"El eclipse solar m\u00e1s largo del siglo&#46;&#46;&#46;","og_url":"https:\/\/sarmiento24h.com\/?p=162095","og_site_name":"Sarmiento24h","article_publisher":"https:\/\/facebook.com\/s24hnoticias","article_published_time":"2026-04-28T19:27:24+00:00","og_image":[{"url":"https:\/\/qpasa.com\/wp-content\/uploads\/2026\/04\/Llega-el-eclipse-solar-mas-largo-del-siglo-el-dia-se-convertira-en-noche.jpg","type":"","width":"","height":""}],"author":"sarmiento24h@gmail.com","twitter_card":"summary_large_image","twitter_creator":"@sarmiento24h","twitter_site":"@sarmiento24h","twitter_misc":{"Escrito por":"sarmiento24h@gmail.com","Tiempo de lectura":"3 minutos"},"schema":{"@context":"https:\/\/schema.org","@graph":[{"@type":"Article","@id":"https:\/\/sarmiento24h.com\/?p=162095#article","isPartOf":{"@id":"https:\/\/sarmiento24h.com\/?p=162095"},"author":{"name":"sarmiento24h@gmail.com","@id":"https:\/\/sarmiento24h.com\/#\/schema\/person\/d653a59725ad629a7e0429af7b939d4d"},"headline":"Llega el eclipse solar m\u00e1s largo del siglo, el d\u00eda se convertir\u00e1 en noche y no se repetir\u00e1 en m\u00e1s de 157 a\u00f1os","datePublished":"2026-04-28T19:27:24+00:00","mainEntityOfPage":{"@id":"https:\/\/sarmiento24h.com\/?p=162095"},"wordCount":603,"publisher":{"@id":"https:\/\/sarmiento24h.com\/#organization"},"image":{"@id":"https:\/\/sarmiento24h.com\/?p=162095#primaryimage"},"thumbnailUrl":"https:\/\/sarmiento24h.com\/wp-content\/uploads\/2026\/04\/llega-el-eclipse-solar-mas-largo-del-siglo-el-dia-se-convertira-en-noche-y-no-se-repetira-en-mas-de-157-anos.jpg","articleSection":["Actualidad","Videos"],"inLanguage":"es"},{"@type":"WebPage","@id":"https:\/\/sarmiento24h.com\/?p=162095","url":"https:\/\/sarmiento24h.com\/?p=162095","name":"Llega el eclipse solar m\u00e1s largo del siglo, el d\u00eda se convertir\u00e1 en noche y no se repetir\u00e1 en m\u00e1s de 157 a\u00f1os - Sarmiento24h","isPartOf":{"@id":"https:\/\/sarmiento24h.com\/#website"},"primaryImageOfPage":{"@id":"https:\/\/sarmiento24h.com\/?p=162095#primaryimage"},"image":{"@id":"https:\/\/sarmiento24h.com\/?p=162095#primaryimage"},"thumbnailUrl":"https:\/\/sarmiento24h.com\/wp-content\/uploads\/2026\/04\/llega-el-eclipse-solar-mas-largo-del-siglo-el-dia-se-convertira-en-noche-y-no-se-repetira-en-mas-de-157-anos.jpg","datePublished":"2026-04-28T19:27:24+00:00","breadcrumb":{"@id":"https:\/\/sarmiento24h.com\/?p=162095#breadcrumb"},"inLanguage":"es","potentialAction":[{"@type":"ReadAction","target":["https:\/\/sarmiento24h.com\/?p=162095"]}]},{"@type":"ImageObject","inLanguage":"es","@id":"https:\/\/sarmiento24h.com\/?p=162095#primaryimage","url":"https:\/\/sarmiento24h.com\/wp-content\/uploads\/2026\/04\/llega-el-eclipse-solar-mas-largo-del-siglo-el-dia-se-convertira-en-noche-y-no-se-repetira-en-mas-de-157-anos.jpg","contentUrl":"https:\/\/sarmiento24h.com\/wp-content\/uploads\/2026\/04\/llega-el-eclipse-solar-mas-largo-del-siglo-el-dia-se-convertira-en-noche-y-no-se-repetira-en-mas-de-157-anos.jpg","width":1280,"height":720},{"@type":"BreadcrumbList","@id":"https:\/\/sarmiento24h.com\/?p=162095#breadcrumb","itemListElement":[{"@type":"ListItem","position":1,"name":"Home","item":"https:\/\/sarmiento24h.com\/"},{"@type":"ListItem","position":2,"name":"Llega el eclipse solar m\u00e1s largo del siglo, el d\u00eda se convertir\u00e1 en noche y no se repetir\u00e1 en m\u00e1s de 157 a\u00f1os"}]},{"@type":"WebSite","@id":"https:\/\/sarmiento24h.com\/#website","url":"https:\/\/sarmiento24h.com\/","name":"Sarmiento24h","description":"","publisher":{"@id":"https:\/\/sarmiento24h.com\/#organization"},"potentialAction":[{"@type":"SearchAction","target":{"@type":"EntryPoint","urlTemplate":"https:\/\/sarmiento24h.com\/?s={search_term_string}"},"query-input":{"@type":"PropertyValueSpecification","valueRequired":true,"valueName":"search_term_string"}}],"inLanguage":"es"},{"@type":"Organization","@id":"https:\/\/sarmiento24h.com\/#organization","name":"Sarmiento24h","url":"https:\/\/sarmiento24h.com\/","logo":{"@type":"ImageObject","inLanguage":"es","@id":"https:\/\/sarmiento24h.com\/#\/schema\/logo\/image\/","url":"https:\/\/sarmiento24h.com\/wp-content\/uploads\/2025\/12\/AddText_12-16-10.30.52.jpg","contentUrl":"https:\/\/sarmiento24h.com\/wp-content\/uploads\/2025\/12\/AddText_12-16-10.30.52.jpg","width":1220,"height":324,"caption":"Sarmiento24h"},"image":{"@id":"https:\/\/sarmiento24h.com\/#\/schema\/logo\/image\/"},"sameAs":["https:\/\/facebook.com\/s24hnoticias","https:\/\/x.com\/sarmiento24h"]},{"@type":"Person","@id":"https:\/\/sarmiento24h.com\/#\/schema\/person\/d653a59725ad629a7e0429af7b939d4d","name":"sarmiento24h@gmail.com","image":{"@type":"ImageObject","inLanguage":"es","@id":"https:\/\/sarmiento24h.com\/wp-content\/litespeed\/avatar\/d02cbc4e23c747e6659cd45907173c8f.jpg?ver=1777157796","url":"https:\/\/sarmiento24h.com\/wp-content\/litespeed\/avatar\/d02cbc4e23c747e6659cd45907173c8f.jpg?ver=1777157796","contentUrl":"https:\/\/sarmiento24h.com\/wp-content\/litespeed\/avatar\/d02cbc4e23c747e6659cd45907173c8f.jpg?ver=1777157796","caption":"sarmiento24h@gmail.com"},"sameAs":["https:\/\/sarmiento24h.com"],"url":"https:\/\/sarmiento24h.com\/?author=1"}]}},"jetpack_publicize_connections":[],"jetpack_featured_media_url":"https:\/\/sarmiento24h.com\/wp-content\/uploads\/2026\/04\/llega-el-eclipse-solar-mas-largo-del-siglo-el-dia-se-convertira-en-noche-y-no-se-repetira-en-mas-de-157-anos.jpg","jetpack_sharing_enabled":true,"_links":{"self":[{"href":"https:\/\/sarmiento24h.com\/index.php?rest_route=\/wp\/v2\/posts\/162095","targetHints":{"allow":["GET"]}}],"collection":[{"href":"https:\/\/sarmiento24h.com\/index.php?rest_route=\/wp\/v2\/posts"}],"about":[{"href":"https:\/\/sarmiento24h.com\/index.php?rest_route=\/wp\/v2\/types\/post"}],"author":[{"embeddable":true,"href":"https:\/\/sarmiento24h.com\/index.php?rest_route=\/wp\/v2\/users\/1"}],"replies":[{"embeddable":true,"href":"https:\/\/sarmiento24h.com\/index.php?rest_route=%2Fwp%2Fv2%2Fcomments&post=162095"}],"version-history":[{"count":0,"href":"https:\/\/sarmiento24h.com\/index.php?rest_route=\/wp\/v2\/posts\/162095\/revisions"}],"wp:featuredmedia":[{"embeddable":true,"href":"https:\/\/sarmiento24h.com\/index.php?rest_route=\/wp\/v2\/media\/162096"}],"wp:attachment":[{"href":"https:\/\/sarmiento24h.com\/index.php?rest_route=%2Fwp%2Fv2%2Fmedia&parent=162095"}],"wp:term":[{"taxonomy":"category","embeddable":true,"href":"https:\/\/sarmiento24h.com\/index.php?rest_route=%2Fwp%2Fv2%2Fcategories&post=162095"},{"taxonomy":"post_tag","embeddable":true,"href":"https:\/\/sarmiento24h.com\/index.php?rest_route=%2Fwp%2Fv2%2Ftags&post=162095"}],"curies":[{"name":"wp","href":"https:\/\/api.w.org\/{rel}","templated":true}]}}