{"id":162343,"date":"2026-04-28T21:37:04","date_gmt":"2026-04-28T21:37:04","guid":{"rendered":"https:\/\/noticiassin.com\/?p=1988102"},"modified":"2026-04-28T21:37:04","modified_gmt":"2026-04-28T21:37:04","slug":"presentan-el-primer-festival-inmobiliario-de-las-terrenas-con-enfoque-en-inversion-y-desarrollo","status":"publish","type":"post","link":"https:\/\/sarmiento24h.com\/?p=162343","title":{"rendered":"Presentan el Primer Festival Inmobiliario de Las Terrenas con enfoque en inversi\u00f3n y desarrollo"},"content":{"rendered":"<div><img decoding=\"async\" src=\"https:\/\/multimedia.noticiassin.com\/wp-content\/uploads\/2026\/04\/presentan-el-primer-festival-inmobiliario-de-las-terrenas-con-enfoque-en-inversi-20260428-212152-sEAO-1200x675.jpeg\" class=\"ff-og-image-inserted\"><\/div>\n<p><strong>Las Terrenas<\/strong>, <strong>Saman\u00e1<\/strong>. \u2014 Con la participaci\u00f3n de empresarios, medios de comunicaci\u00f3n y representantes del sector, fue presentado oficialmente el Primer Festival Inmobiliario de <strong>Las Terrenas<\/strong>, un evento que busca posicionar este destino como uno de los principales polos de inversi\u00f3n en la <strong>Rep\u00fablica Dominicana<\/strong>.<\/p>\n<h2 class=\"wp-block-heading\">Fechas del festival<\/h2>\n<p>Durante una rueda de prensa, el empresario <strong>Fede Busquets<\/strong> ofreci\u00f3 detalles del evento, que se celebrar\u00e1 los d\u00edas 9 y 10 de mayo. La jornada del s\u00e1bado se desarrollar\u00e1 de 10:00 de la ma\u00f1ana a 10:00 de la noche, mientras que el domingo ser\u00e1 de 9:00 de la ma\u00f1ana a 3:00 de la tarde.<\/p>\n<p>Busquets explic\u00f3 que el objetivo principal del festival es promover y consolidar a <strong>Las Terrenas<\/strong> como destino inmobiliario y tur\u00edstico, destacando su crecimiento urban\u00edstico y atractivo para inversionistas nacionales e internacionales.<\/p>\n<h2 class=\"wp-block-heading\">Inversi\u00f3n y econom\u00eda<\/h2>\n<p>El evento incluir\u00e1 exposiciones de proyectos residenciales, tur\u00edsticos y comerciales, as\u00ed como paneles con expertos sobre inversi\u00f3n, <strong>financiamiento <\/strong>y tendencias del mercado. Adem\u00e1s, se realizar\u00e1n reconocimientos a figuras destacadas del sector, espacios de networking, actividades culturales y \u00e1reas familiares.<\/p>\n<p>Los organizadores indicaron que el festival tambi\u00e9n busca dinamizar la econom\u00eda local en <strong>Saman\u00e1<\/strong>, impulsando sectores como la construcci\u00f3n, el turismo y los servicios, adem\u00e1s de generar nuevas oportunidades de empleo.<\/p>\n<ul class=\"wp-block-list\">\n<li>La actividad estar\u00e1 abierta al p\u00fablico general y contar\u00e1 con cobertura medi\u00e1tica nacional e internacional, con miras a proyectar a <strong>Las Terrenas<\/strong> como un destino clave dentro del mercado inmobiliario del <strong>Caribe<\/strong>.<\/li>\n<\/ul>\n","protected":false},"excerpt":{"rendered":"<p>Las Terrenas, Saman\u00e1. \u2014 Con la participaci\u00f3n&#46;&#46;&#46;<\/p>\n","protected":false},"author":1,"featured_media":162344,"comment_status":"closed","ping_status":"closed","sticky":false,"template":"","format":"standard","meta":{"_jetpack_memberships_contains_paid_content":false,"footnotes":"","jetpack_publicize_message":"","jetpack_publicize_feature_enabled":true,"jetpack_social_post_already_shared":true,"jetpack_social_options":{"image_generator_settings":{"template":"highway","default_image_id":0,"font":"","enabled":false},"version":2}},"categories":[42],"tags":[],"class_list":["post-162343","post","type-post","status-publish","format-standard","has-post-thumbnail","hentry","category-nacionales"],"yoast_head":"<!-- This site is optimized with the Yoast SEO plugin v27.3 - https:\/\/yoast.com\/product\/yoast-seo-wordpress\/ -->\n<title>Presentan el Primer Festival Inmobiliario de Las Terrenas con enfoque en inversi\u00f3n y desarrollo - Sarmiento24h<\/title>\n<meta name=\"robots\" content=\"index, follow, max-snippet:-1, max-image-preview:large, max-video-preview:-1\" \/>\n<link rel=\"canonical\" href=\"https:\/\/sarmiento24h.com\/?p=162343\" \/>\n<meta property=\"og:locale\" content=\"es_ES\" \/>\n<meta property=\"og:type\" content=\"article\" \/>\n<meta property=\"og:title\" content=\"Presentan el Primer Festival Inmobiliario de Las Terrenas con enfoque en inversi\u00f3n y desarrollo - Sarmiento24h\" \/>\n<meta property=\"og:description\" content=\"Las Terrenas, Saman\u00e1. \u2014 Con la participaci\u00f3n&#046;&#046;&#046;\" \/>\n<meta property=\"og:url\" content=\"https:\/\/sarmiento24h.com\/?p=162343\" \/>\n<meta property=\"og:site_name\" content=\"Sarmiento24h\" \/>\n<meta property=\"article:publisher\" content=\"https:\/\/facebook.com\/s24hnoticias\" \/>\n<meta property=\"article:published_time\" content=\"2026-04-28T21:37:04+00:00\" \/>\n<meta property=\"og:image\" content=\"https:\/\/multimedia.noticiassin.com\/wp-content\/uploads\/2026\/04\/presentan-el-primer-festival-inmobiliario-de-las-terrenas-con-enfoque-en-inversi-20260428-212152-sEAO-1200x675.jpeg\" \/>\n<meta name=\"author\" content=\"sarmiento24h@gmail.com\" \/>\n<meta name=\"twitter:card\" content=\"summary_large_image\" \/>\n<meta name=\"twitter:creator\" content=\"@sarmiento24h\" \/>\n<meta name=\"twitter:site\" content=\"@sarmiento24h\" \/>\n<meta name=\"twitter:label1\" content=\"Escrito por\" \/>\n\t<meta name=\"twitter:data1\" content=\"sarmiento24h@gmail.com\" \/>\n\t<meta name=\"twitter:label2\" content=\"Tiempo de lectura\" \/>\n\t<meta name=\"twitter:data2\" content=\"1 minuto\" \/>\n<script type=\"application\/ld+json\" class=\"yoast-schema-graph\">{\"@context\":\"https:\\\/\\\/schema.org\",\"@graph\":[{\"@type\":\"Article\",\"@id\":\"https:\\\/\\\/sarmiento24h.com\\\/?p=162343#article\",\"isPartOf\":{\"@id\":\"https:\\\/\\\/sarmiento24h.com\\\/?p=162343\"},\"author\":{\"name\":\"sarmiento24h@gmail.com\",\"@id\":\"https:\\\/\\\/sarmiento24h.com\\\/#\\\/schema\\\/person\\\/d653a59725ad629a7e0429af7b939d4d\"},\"headline\":\"Presentan el Primer Festival Inmobiliario de Las Terrenas con enfoque en inversi\u00f3n y desarrollo\",\"datePublished\":\"2026-04-28T21:37:04+00:00\",\"mainEntityOfPage\":{\"@id\":\"https:\\\/\\\/sarmiento24h.com\\\/?p=162343\"},\"wordCount\":268,\"publisher\":{\"@id\":\"https:\\\/\\\/sarmiento24h.com\\\/#organization\"},\"image\":{\"@id\":\"https:\\\/\\\/sarmiento24h.com\\\/?p=162343#primaryimage\"},\"thumbnailUrl\":\"https:\\\/\\\/sarmiento24h.com\\\/wp-content\\\/uploads\\\/2026\\\/04\\\/presentan-el-primer-festival-inmobiliario-de-las-terrenas-con-enfoque-en-inversion-y-desarrollo.jpg\",\"articleSection\":[\"Nacionales\"],\"inLanguage\":\"es\"},{\"@type\":\"WebPage\",\"@id\":\"https:\\\/\\\/sarmiento24h.com\\\/?p=162343\",\"url\":\"https:\\\/\\\/sarmiento24h.com\\\/?p=162343\",\"name\":\"Presentan el Primer Festival Inmobiliario de Las Terrenas con enfoque en inversi\u00f3n y desarrollo - Sarmiento24h\",\"isPartOf\":{\"@id\":\"https:\\\/\\\/sarmiento24h.com\\\/#website\"},\"primaryImageOfPage\":{\"@id\":\"https:\\\/\\\/sarmiento24h.com\\\/?p=162343#primaryimage\"},\"image\":{\"@id\":\"https:\\\/\\\/sarmiento24h.com\\\/?p=162343#primaryimage\"},\"thumbnailUrl\":\"https:\\\/\\\/sarmiento24h.com\\\/wp-content\\\/uploads\\\/2026\\\/04\\\/presentan-el-primer-festival-inmobiliario-de-las-terrenas-con-enfoque-en-inversion-y-desarrollo.jpg\",\"datePublished\":\"2026-04-28T21:37:04+00:00\",\"breadcrumb\":{\"@id\":\"https:\\\/\\\/sarmiento24h.com\\\/?p=162343#breadcrumb\"},\"inLanguage\":\"es\",\"potentialAction\":[{\"@type\":\"ReadAction\",\"target\":[\"https:\\\/\\\/sarmiento24h.com\\\/?p=162343\"]}]},{\"@type\":\"ImageObject\",\"inLanguage\":\"es\",\"@id\":\"https:\\\/\\\/sarmiento24h.com\\\/?p=162343#primaryimage\",\"url\":\"https:\\\/\\\/sarmiento24h.com\\\/wp-content\\\/uploads\\\/2026\\\/04\\\/presentan-el-primer-festival-inmobiliario-de-las-terrenas-con-enfoque-en-inversion-y-desarrollo.jpg\",\"contentUrl\":\"https:\\\/\\\/sarmiento24h.com\\\/wp-content\\\/uploads\\\/2026\\\/04\\\/presentan-el-primer-festival-inmobiliario-de-las-terrenas-con-enfoque-en-inversion-y-desarrollo.jpg\",\"width\":1200,\"height\":675},{\"@type\":\"BreadcrumbList\",\"@id\":\"https:\\\/\\\/sarmiento24h.com\\\/?p=162343#breadcrumb\",\"itemListElement\":[{\"@type\":\"ListItem\",\"position\":1,\"name\":\"Home\",\"item\":\"https:\\\/\\\/sarmiento24h.com\\\/\"},{\"@type\":\"ListItem\",\"position\":2,\"name\":\"Presentan el Primer Festival Inmobiliario de Las Terrenas con enfoque en inversi\u00f3n y desarrollo\"}]},{\"@type\":\"WebSite\",\"@id\":\"https:\\\/\\\/sarmiento24h.com\\\/#website\",\"url\":\"https:\\\/\\\/sarmiento24h.com\\\/\",\"name\":\"Sarmiento24h\",\"description\":\"\",\"publisher\":{\"@id\":\"https:\\\/\\\/sarmiento24h.com\\\/#organization\"},\"potentialAction\":[{\"@type\":\"SearchAction\",\"target\":{\"@type\":\"EntryPoint\",\"urlTemplate\":\"https:\\\/\\\/sarmiento24h.com\\\/?s={search_term_string}\"},\"query-input\":{\"@type\":\"PropertyValueSpecification\",\"valueRequired\":true,\"valueName\":\"search_term_string\"}}],\"inLanguage\":\"es\"},{\"@type\":\"Organization\",\"@id\":\"https:\\\/\\\/sarmiento24h.com\\\/#organization\",\"name\":\"Sarmiento24h\",\"url\":\"https:\\\/\\\/sarmiento24h.com\\\/\",\"logo\":{\"@type\":\"ImageObject\",\"inLanguage\":\"es\",\"@id\":\"https:\\\/\\\/sarmiento24h.com\\\/#\\\/schema\\\/logo\\\/image\\\/\",\"url\":\"https:\\\/\\\/sarmiento24h.com\\\/wp-content\\\/uploads\\\/2025\\\/12\\\/AddText_12-16-10.30.52.jpg\",\"contentUrl\":\"https:\\\/\\\/sarmiento24h.com\\\/wp-content\\\/uploads\\\/2025\\\/12\\\/AddText_12-16-10.30.52.jpg\",\"width\":1220,\"height\":324,\"caption\":\"Sarmiento24h\"},\"image\":{\"@id\":\"https:\\\/\\\/sarmiento24h.com\\\/#\\\/schema\\\/logo\\\/image\\\/\"},\"sameAs\":[\"https:\\\/\\\/facebook.com\\\/s24hnoticias\",\"https:\\\/\\\/x.com\\\/sarmiento24h\"]},{\"@type\":\"Person\",\"@id\":\"https:\\\/\\\/sarmiento24h.com\\\/#\\\/schema\\\/person\\\/d653a59725ad629a7e0429af7b939d4d\",\"name\":\"sarmiento24h@gmail.com\",\"image\":{\"@type\":\"ImageObject\",\"inLanguage\":\"es\",\"@id\":\"https:\\\/\\\/sarmiento24h.com\\\/wp-content\\\/litespeed\\\/avatar\\\/d02cbc4e23c747e6659cd45907173c8f.jpg?ver=1777157796\",\"url\":\"https:\\\/\\\/sarmiento24h.com\\\/wp-content\\\/litespeed\\\/avatar\\\/d02cbc4e23c747e6659cd45907173c8f.jpg?ver=1777157796\",\"contentUrl\":\"https:\\\/\\\/sarmiento24h.com\\\/wp-content\\\/litespeed\\\/avatar\\\/d02cbc4e23c747e6659cd45907173c8f.jpg?ver=1777157796\",\"caption\":\"sarmiento24h@gmail.com\"},\"sameAs\":[\"https:\\\/\\\/sarmiento24h.com\"],\"url\":\"https:\\\/\\\/sarmiento24h.com\\\/?author=1\"}]}<\/script>\n<!-- \/ Yoast SEO plugin. -->","yoast_head_json":{"title":"Presentan el Primer Festival Inmobiliario de Las Terrenas con enfoque en inversi\u00f3n y desarrollo - Sarmiento24h","robots":{"index":"index","follow":"follow","max-snippet":"max-snippet:-1","max-image-preview":"max-image-preview:large","max-video-preview":"max-video-preview:-1"},"canonical":"https:\/\/sarmiento24h.com\/?p=162343","og_locale":"es_ES","og_type":"article","og_title":"Presentan el Primer Festival Inmobiliario de Las Terrenas con enfoque en inversi\u00f3n y desarrollo - Sarmiento24h","og_description":"Las Terrenas, Saman\u00e1. \u2014 Con la participaci\u00f3n&#46;&#46;&#46;","og_url":"https:\/\/sarmiento24h.com\/?p=162343","og_site_name":"Sarmiento24h","article_publisher":"https:\/\/facebook.com\/s24hnoticias","article_published_time":"2026-04-28T21:37:04+00:00","og_image":[{"url":"https:\/\/multimedia.noticiassin.com\/wp-content\/uploads\/2026\/04\/presentan-el-primer-festival-inmobiliario-de-las-terrenas-con-enfoque-en-inversi-20260428-212152-sEAO-1200x675.jpeg","type":"","width":"","height":""}],"author":"sarmiento24h@gmail.com","twitter_card":"summary_large_image","twitter_creator":"@sarmiento24h","twitter_site":"@sarmiento24h","twitter_misc":{"Escrito por":"sarmiento24h@gmail.com","Tiempo de lectura":"1 minuto"},"schema":{"@context":"https:\/\/schema.org","@graph":[{"@type":"Article","@id":"https:\/\/sarmiento24h.com\/?p=162343#article","isPartOf":{"@id":"https:\/\/sarmiento24h.com\/?p=162343"},"author":{"name":"sarmiento24h@gmail.com","@id":"https:\/\/sarmiento24h.com\/#\/schema\/person\/d653a59725ad629a7e0429af7b939d4d"},"headline":"Presentan el Primer Festival Inmobiliario de Las Terrenas con enfoque en inversi\u00f3n y desarrollo","datePublished":"2026-04-28T21:37:04+00:00","mainEntityOfPage":{"@id":"https:\/\/sarmiento24h.com\/?p=162343"},"wordCount":268,"publisher":{"@id":"https:\/\/sarmiento24h.com\/#organization"},"image":{"@id":"https:\/\/sarmiento24h.com\/?p=162343#primaryimage"},"thumbnailUrl":"https:\/\/sarmiento24h.com\/wp-content\/uploads\/2026\/04\/presentan-el-primer-festival-inmobiliario-de-las-terrenas-con-enfoque-en-inversion-y-desarrollo.jpg","articleSection":["Nacionales"],"inLanguage":"es"},{"@type":"WebPage","@id":"https:\/\/sarmiento24h.com\/?p=162343","url":"https:\/\/sarmiento24h.com\/?p=162343","name":"Presentan el Primer Festival Inmobiliario de Las Terrenas con enfoque en inversi\u00f3n y desarrollo - Sarmiento24h","isPartOf":{"@id":"https:\/\/sarmiento24h.com\/#website"},"primaryImageOfPage":{"@id":"https:\/\/sarmiento24h.com\/?p=162343#primaryimage"},"image":{"@id":"https:\/\/sarmiento24h.com\/?p=162343#primaryimage"},"thumbnailUrl":"https:\/\/sarmiento24h.com\/wp-content\/uploads\/2026\/04\/presentan-el-primer-festival-inmobiliario-de-las-terrenas-con-enfoque-en-inversion-y-desarrollo.jpg","datePublished":"2026-04-28T21:37:04+00:00","breadcrumb":{"@id":"https:\/\/sarmiento24h.com\/?p=162343#breadcrumb"},"inLanguage":"es","potentialAction":[{"@type":"ReadAction","target":["https:\/\/sarmiento24h.com\/?p=162343"]}]},{"@type":"ImageObject","inLanguage":"es","@id":"https:\/\/sarmiento24h.com\/?p=162343#primaryimage","url":"https:\/\/sarmiento24h.com\/wp-content\/uploads\/2026\/04\/presentan-el-primer-festival-inmobiliario-de-las-terrenas-con-enfoque-en-inversion-y-desarrollo.jpg","contentUrl":"https:\/\/sarmiento24h.com\/wp-content\/uploads\/2026\/04\/presentan-el-primer-festival-inmobiliario-de-las-terrenas-con-enfoque-en-inversion-y-desarrollo.jpg","width":1200,"height":675},{"@type":"BreadcrumbList","@id":"https:\/\/sarmiento24h.com\/?p=162343#breadcrumb","itemListElement":[{"@type":"ListItem","position":1,"name":"Home","item":"https:\/\/sarmiento24h.com\/"},{"@type":"ListItem","position":2,"name":"Presentan el Primer Festival Inmobiliario de Las Terrenas con enfoque en inversi\u00f3n y desarrollo"}]},{"@type":"WebSite","@id":"https:\/\/sarmiento24h.com\/#website","url":"https:\/\/sarmiento24h.com\/","name":"Sarmiento24h","description":"","publisher":{"@id":"https:\/\/sarmiento24h.com\/#organization"},"potentialAction":[{"@type":"SearchAction","target":{"@type":"EntryPoint","urlTemplate":"https:\/\/sarmiento24h.com\/?s={search_term_string}"},"query-input":{"@type":"PropertyValueSpecification","valueRequired":true,"valueName":"search_term_string"}}],"inLanguage":"es"},{"@type":"Organization","@id":"https:\/\/sarmiento24h.com\/#organization","name":"Sarmiento24h","url":"https:\/\/sarmiento24h.com\/","logo":{"@type":"ImageObject","inLanguage":"es","@id":"https:\/\/sarmiento24h.com\/#\/schema\/logo\/image\/","url":"https:\/\/sarmiento24h.com\/wp-content\/uploads\/2025\/12\/AddText_12-16-10.30.52.jpg","contentUrl":"https:\/\/sarmiento24h.com\/wp-content\/uploads\/2025\/12\/AddText_12-16-10.30.52.jpg","width":1220,"height":324,"caption":"Sarmiento24h"},"image":{"@id":"https:\/\/sarmiento24h.com\/#\/schema\/logo\/image\/"},"sameAs":["https:\/\/facebook.com\/s24hnoticias","https:\/\/x.com\/sarmiento24h"]},{"@type":"Person","@id":"https:\/\/sarmiento24h.com\/#\/schema\/person\/d653a59725ad629a7e0429af7b939d4d","name":"sarmiento24h@gmail.com","image":{"@type":"ImageObject","inLanguage":"es","@id":"https:\/\/sarmiento24h.com\/wp-content\/litespeed\/avatar\/d02cbc4e23c747e6659cd45907173c8f.jpg?ver=1777157796","url":"https:\/\/sarmiento24h.com\/wp-content\/litespeed\/avatar\/d02cbc4e23c747e6659cd45907173c8f.jpg?ver=1777157796","contentUrl":"https:\/\/sarmiento24h.com\/wp-content\/litespeed\/avatar\/d02cbc4e23c747e6659cd45907173c8f.jpg?ver=1777157796","caption":"sarmiento24h@gmail.com"},"sameAs":["https:\/\/sarmiento24h.com"],"url":"https:\/\/sarmiento24h.com\/?author=1"}]}},"jetpack_publicize_connections":[],"jetpack_featured_media_url":"https:\/\/sarmiento24h.com\/wp-content\/uploads\/2026\/04\/presentan-el-primer-festival-inmobiliario-de-las-terrenas-con-enfoque-en-inversion-y-desarrollo.jpg","jetpack_sharing_enabled":true,"_links":{"self":[{"href":"https:\/\/sarmiento24h.com\/index.php?rest_route=\/wp\/v2\/posts\/162343","targetHints":{"allow":["GET"]}}],"collection":[{"href":"https:\/\/sarmiento24h.com\/index.php?rest_route=\/wp\/v2\/posts"}],"about":[{"href":"https:\/\/sarmiento24h.com\/index.php?rest_route=\/wp\/v2\/types\/post"}],"author":[{"embeddable":true,"href":"https:\/\/sarmiento24h.com\/index.php?rest_route=\/wp\/v2\/users\/1"}],"replies":[{"embeddable":true,"href":"https:\/\/sarmiento24h.com\/index.php?rest_route=%2Fwp%2Fv2%2Fcomments&post=162343"}],"version-history":[{"count":0,"href":"https:\/\/sarmiento24h.com\/index.php?rest_route=\/wp\/v2\/posts\/162343\/revisions"}],"wp:featuredmedia":[{"embeddable":true,"href":"https:\/\/sarmiento24h.com\/index.php?rest_route=\/wp\/v2\/media\/162344"}],"wp:attachment":[{"href":"https:\/\/sarmiento24h.com\/index.php?rest_route=%2Fwp%2Fv2%2Fmedia&parent=162343"}],"wp:term":[{"taxonomy":"category","embeddable":true,"href":"https:\/\/sarmiento24h.com\/index.php?rest_route=%2Fwp%2Fv2%2Fcategories&post=162343"},{"taxonomy":"post_tag","embeddable":true,"href":"https:\/\/sarmiento24h.com\/index.php?rest_route=%2Fwp%2Fv2%2Ftags&post=162343"}],"curies":[{"name":"wp","href":"https:\/\/api.w.org\/{rel}","templated":true}]}}