{"id":162659,"date":"2026-04-29T00:07:16","date_gmt":"2026-04-29T00:07:16","guid":{"rendered":"https:\/\/noticiassin.com\/?p=1988218"},"modified":"2026-04-29T00:07:16","modified_gmt":"2026-04-29T00:07:16","slug":"denuncian-irregularidades-en-caso-de-hombre-golpeado-y-detenido-tras-presunto-robo-en-una-metalera-de-la-victoria","status":"publish","type":"post","link":"https:\/\/sarmiento24h.com\/?p=162659","title":{"rendered":"Denuncian irregularidades en caso de hombre golpeado y detenido tras presunto robo en una metalera de La Victoria"},"content":{"rendered":"<p>Santo Domingo.\u2014 Un ciudadano identificado como <strong>Elido Rosario Garc\u00eda<\/strong> denunci\u00f3 una presunta <strong>agresi\u00f3n<\/strong> contra su hermano, <strong>Jos\u00e9 Manuel Rosario Garc\u00eda<\/strong>, en un hecho ocurrido el pasado 25 de marzo en la calle principal de la comunidad de La Victoria, provincia Santo Domingo.<\/p>\n<p>Seg\u00fan su testimonio, el incidente se origin\u00f3 cuando su hermano habr\u00eda sido se\u00f1alado de un presunto <strong>robo en una metalera<\/strong> de la zona. Sin embargo, la familia sostiene que la <strong>agresi\u00f3n<\/strong> ocurri\u00f3 en la v\u00eda p\u00fablica y no dentro del establecimiento, como alegadamente se ha indicado en la investigaci\u00f3n.<\/p>\n<p>El denunciante afirm\u00f3 que la persona se\u00f1alada como agresor es un individuo conocido como <strong>\u201cStalin\u201d, alias \u201cDT\u201d<\/strong>, quien presuntamente le habr\u00eda propinado una fuerte <strong>golpiza<\/strong> a su hermano, dej\u00e1ndolo con heridas de consideraci\u00f3n.<\/p>\n<ul class=\"wp-block-list\">\n<li>\u201cTengo fotos y videos de la agresi\u00f3n\u201d, asegur\u00f3.<\/li>\n<\/ul>\n<figure class=\"wp-block-image size-full\"><img loading=\"lazy\" decoding=\"async\" width=\"1280\" height=\"720\" src=\"https:\/\/multimedia.noticiassin.com\/wp-content\/uploads\/2026\/04\/denuncian-presunta-golpiza-a-hombre-sordo-y-mudo-detenido-por-supuesto-robo-en-m-20260428-225150-zsO8.png\" alt class=\"wp-image-1988235 lazy\" data-sizes=\"(max-width: 1280px) 100vw, 1280px\" srcset=\"https:\/\/multimedia.noticiassin.com\/wp-content\/uploads\/2026\/04\/denuncian-presunta-golpiza-a-hombre-sordo-y-mudo-detenido-por-supuesto-robo-en-m-20260428-225150-zsO8.png 1280w, https:\/\/multimedia.noticiassin.com\/wp-content\/uploads\/2026\/04\/denuncian-presunta-golpiza-a-hombre-sordo-y-mudo-detenido-por-supuesto-robo-en-m-20260428-225150-zsO8-768x432.png 768w, https:\/\/multimedia.noticiassin.com\/wp-content\/uploads\/2026\/04\/denuncian-presunta-golpiza-a-hombre-sordo-y-mudo-detenido-por-supuesto-robo-en-m-20260428-225150-zsO8-288x162.png 288w, https:\/\/multimedia.noticiassin.com\/wp-content\/uploads\/2026\/04\/denuncian-presunta-golpiza-a-hombre-sordo-y-mudo-detenido-por-supuesto-robo-en-m-20260428-225150-zsO8-588x330.png 588w, https:\/\/multimedia.noticiassin.com\/wp-content\/uploads\/2026\/04\/denuncian-presunta-golpiza-a-hombre-sordo-y-mudo-detenido-por-supuesto-robo-en-m-20260428-225150-zsO8-608x342.png 608w, https:\/\/multimedia.noticiassin.com\/wp-content\/uploads\/2026\/04\/denuncian-presunta-golpiza-a-hombre-sordo-y-mudo-detenido-por-supuesto-robo-en-m-20260428-225150-zsO8-742x418.png 742w, https:\/\/multimedia.noticiassin.com\/wp-content\/uploads\/2026\/04\/denuncian-presunta-golpiza-a-hombre-sordo-y-mudo-detenido-por-supuesto-robo-en-m-20260428-225150-zsO8-150x85.png 150w, https:\/\/multimedia.noticiassin.com\/wp-content\/uploads\/2026\/04\/denuncian-presunta-golpiza-a-hombre-sordo-y-mudo-detenido-por-supuesto-robo-en-m-20260428-225150-zsO8-1200x675.png 1200w\"><\/figure>\n<p>De acuerdo con <strong>Rosario Garc\u00eda<\/strong>, el afectado fue trasladado posteriormente a un centro de salud debido a la gravedad de las lesiones, llegando seg\u00fan dijo a <strong>vomitar sangre<\/strong>. Adem\u00e1s, indic\u00f3 que su hermano, de 47 a\u00f1os, presenta una condici\u00f3n de <strong>discapacidad auditiva y del habla<\/strong>, lo que agrava su situaci\u00f3n.<\/p>\n<h3 class=\"wp-block-heading\">Denuncia sobre actuaci\u00f3n policial<\/h3>\n<p>El denunciante tambi\u00e9n <strong>cuestion\u00f3 el manejo del caso <\/strong>por parte de las autoridades, asegurando que al presentar la denuncia junto a un certificado m\u00e9dico con entre 21 y 30 d\u00edas de incapacidad, en el destacamento policial se le habr\u00eda indicado que deb\u00eda ubicar por su cuenta al presunto agresor.<\/p>\n<p>Asimismo, afirm\u00f3 que posteriormente se emiti\u00f3 una <strong>orden de arresto<\/strong> contra su hermano, lo que considera una respuesta irregular frente a la denuncia inicial.<\/p>\n<p>En el relato tambi\u00e9n se menciona al magistrado <strong>Francisco Gonz\u00e1lez Granado<\/strong>, quien habr\u00eda intervenido en el proceso judicial, seg\u00fan lo expresado por la familia.<\/p>\n<h3 class=\"wp-block-heading\">Detenci\u00f3n y traslado<\/h3>\n<p>El caso, seg\u00fan explicaron los familiares, ha tenido varios movimientos en el sistema de custodia. El presunto agresor habr\u00eda sido detenido y posteriormente liberado, mientras que el hermano del denunciante permanece actualmente en el destacamento de <strong>La Ceiba<\/strong>, en La Victoria, bajo condiciones que la familia califica como <strong>aislamiento<\/strong>.<\/p>\n<p>El denunciante tambi\u00e9n afirm\u00f3 que el traslado a dicho destacamento dificulta el a<strong>cceso de los familiares<\/strong> debido a la distancia y los costos de transporte.<\/p>\n<h3 class=\"wp-block-heading\">Acusaciones cruzadas<\/h3>\n<p>De acuerdo con la informaci\u00f3n ofrecida, existen dos denuncias paralelas: una por la presunta <strong>agresi\u00f3n f\u00edsica<\/strong> contra <strong>Jos\u00e9 Manuel Rosario Garc\u00eda<\/strong> y otra por el supuesto <strong>robo en la metalera<\/strong>, hecho que habr\u00eda motivado el enfrentamiento.<\/p>\n<p>La familia sostiene que <strong>el video presentado como evidencia del supuesto robo es poco claro<\/strong> y no permite identificar con certeza a la persona involucrada.<\/p>\n<h3 class=\"wp-block-heading\">Condiciones de salud y custodia<\/h3>\n<p>Los familiares aseguran que el detenido habr\u00eda presentado complicaciones de salud dentro del destacamento, requiriendo<strong> asistencia m\u00e9dica de emergencia<\/strong>. Tambi\u00e9n alegan que personal policial habr\u00eda interferido en la administraci\u00f3n del tratamiento m\u00e9dico.<\/p>\n<p>Los parientes de <strong>Rosario Garc\u00eda<\/strong> exigen una investigaci\u00f3n transparente del caso y solicitan su <strong>liberaci\u00f3n<\/strong>, al tiempo que piden que se procese al presunto agresor conforme a la ley.<\/p>\n<p>\u201cQueremos <strong>justicia<\/strong> y que se esclarezca todo lo ocurrido\u201d, expres\u00f3 la familia, que insiste en que existen pruebas audiovisuales de la agresi\u00f3n.<\/p>\n<ul class=\"wp-block-list\">\n<li>Hasta el momento, no ha habido una versi\u00f3n oficial ampliada de las autoridades sobre los se\u00f1alamientos presentados por los familiares.<\/li>\n<\/ul>\n","protected":false},"excerpt":{"rendered":"<p>Santo Domingo.\u2014 Un ciudadano identificado como Elido&#46;&#46;&#46;<\/p>\n","protected":false},"author":1,"featured_media":162660,"comment_status":"closed","ping_status":"closed","sticky":false,"template":"","format":"standard","meta":{"_jetpack_memberships_contains_paid_content":false,"footnotes":"","jetpack_publicize_message":"","jetpack_publicize_feature_enabled":true,"jetpack_social_post_already_shared":true,"jetpack_social_options":{"image_generator_settings":{"template":"highway","default_image_id":0,"font":"","enabled":false},"version":2}},"categories":[42],"tags":[],"class_list":["post-162659","post","type-post","status-publish","format-standard","has-post-thumbnail","hentry","category-nacionales"],"yoast_head":"<!-- This site is optimized with the Yoast SEO plugin v27.3 - https:\/\/yoast.com\/product\/yoast-seo-wordpress\/ -->\n<title>Denuncian irregularidades en caso de hombre golpeado y detenido tras presunto robo en una metalera de La Victoria - Sarmiento24h<\/title>\n<meta name=\"robots\" content=\"index, follow, max-snippet:-1, max-image-preview:large, max-video-preview:-1\" \/>\n<link rel=\"canonical\" href=\"https:\/\/sarmiento24h.com\/?p=162659\" \/>\n<meta property=\"og:locale\" content=\"es_ES\" \/>\n<meta property=\"og:type\" content=\"article\" \/>\n<meta property=\"og:title\" content=\"Denuncian irregularidades en caso de hombre golpeado y detenido tras presunto robo en una metalera de La Victoria - Sarmiento24h\" \/>\n<meta property=\"og:description\" content=\"Santo Domingo.\u2014 Un ciudadano identificado como Elido&#046;&#046;&#046;\" \/>\n<meta property=\"og:url\" content=\"https:\/\/sarmiento24h.com\/?p=162659\" \/>\n<meta property=\"og:site_name\" content=\"Sarmiento24h\" \/>\n<meta property=\"article:publisher\" content=\"https:\/\/facebook.com\/s24hnoticias\" \/>\n<meta property=\"article:published_time\" content=\"2026-04-29T00:07:16+00:00\" \/>\n<meta name=\"author\" content=\"sarmiento24h@gmail.com\" \/>\n<meta name=\"twitter:card\" content=\"summary_large_image\" \/>\n<meta name=\"twitter:creator\" content=\"@sarmiento24h\" \/>\n<meta name=\"twitter:site\" content=\"@sarmiento24h\" \/>\n<meta name=\"twitter:label1\" content=\"Escrito por\" \/>\n\t<meta name=\"twitter:data1\" content=\"sarmiento24h@gmail.com\" \/>\n\t<meta name=\"twitter:label2\" content=\"Tiempo de lectura\" \/>\n\t<meta name=\"twitter:data2\" content=\"3 minutos\" \/>\n<script type=\"application\/ld+json\" class=\"yoast-schema-graph\">{\"@context\":\"https:\\\/\\\/schema.org\",\"@graph\":[{\"@type\":\"Article\",\"@id\":\"https:\\\/\\\/sarmiento24h.com\\\/?p=162659#article\",\"isPartOf\":{\"@id\":\"https:\\\/\\\/sarmiento24h.com\\\/?p=162659\"},\"author\":{\"name\":\"sarmiento24h@gmail.com\",\"@id\":\"https:\\\/\\\/sarmiento24h.com\\\/#\\\/schema\\\/person\\\/d653a59725ad629a7e0429af7b939d4d\"},\"headline\":\"Denuncian irregularidades en caso de hombre golpeado y detenido tras presunto robo en una metalera de La Victoria\",\"datePublished\":\"2026-04-29T00:07:16+00:00\",\"mainEntityOfPage\":{\"@id\":\"https:\\\/\\\/sarmiento24h.com\\\/?p=162659\"},\"wordCount\":597,\"publisher\":{\"@id\":\"https:\\\/\\\/sarmiento24h.com\\\/#organization\"},\"image\":{\"@id\":\"https:\\\/\\\/sarmiento24h.com\\\/?p=162659#primaryimage\"},\"thumbnailUrl\":\"https:\\\/\\\/sarmiento24h.com\\\/wp-content\\\/uploads\\\/2026\\\/04\\\/denuncian-irregularidades-en-caso-de-hombre-golpeado-y-detenido-tras-presunto-robo-en-una-metalera-de-la-victoria.png\",\"articleSection\":[\"Nacionales\"],\"inLanguage\":\"es\"},{\"@type\":\"WebPage\",\"@id\":\"https:\\\/\\\/sarmiento24h.com\\\/?p=162659\",\"url\":\"https:\\\/\\\/sarmiento24h.com\\\/?p=162659\",\"name\":\"Denuncian irregularidades en caso de hombre golpeado y detenido tras presunto robo en una metalera de La Victoria - Sarmiento24h\",\"isPartOf\":{\"@id\":\"https:\\\/\\\/sarmiento24h.com\\\/#website\"},\"primaryImageOfPage\":{\"@id\":\"https:\\\/\\\/sarmiento24h.com\\\/?p=162659#primaryimage\"},\"image\":{\"@id\":\"https:\\\/\\\/sarmiento24h.com\\\/?p=162659#primaryimage\"},\"thumbnailUrl\":\"https:\\\/\\\/sarmiento24h.com\\\/wp-content\\\/uploads\\\/2026\\\/04\\\/denuncian-irregularidades-en-caso-de-hombre-golpeado-y-detenido-tras-presunto-robo-en-una-metalera-de-la-victoria.png\",\"datePublished\":\"2026-04-29T00:07:16+00:00\",\"breadcrumb\":{\"@id\":\"https:\\\/\\\/sarmiento24h.com\\\/?p=162659#breadcrumb\"},\"inLanguage\":\"es\",\"potentialAction\":[{\"@type\":\"ReadAction\",\"target\":[\"https:\\\/\\\/sarmiento24h.com\\\/?p=162659\"]}]},{\"@type\":\"ImageObject\",\"inLanguage\":\"es\",\"@id\":\"https:\\\/\\\/sarmiento24h.com\\\/?p=162659#primaryimage\",\"url\":\"https:\\\/\\\/sarmiento24h.com\\\/wp-content\\\/uploads\\\/2026\\\/04\\\/denuncian-irregularidades-en-caso-de-hombre-golpeado-y-detenido-tras-presunto-robo-en-una-metalera-de-la-victoria.png\",\"contentUrl\":\"https:\\\/\\\/sarmiento24h.com\\\/wp-content\\\/uploads\\\/2026\\\/04\\\/denuncian-irregularidades-en-caso-de-hombre-golpeado-y-detenido-tras-presunto-robo-en-una-metalera-de-la-victoria.png\",\"width\":1280,\"height\":720},{\"@type\":\"BreadcrumbList\",\"@id\":\"https:\\\/\\\/sarmiento24h.com\\\/?p=162659#breadcrumb\",\"itemListElement\":[{\"@type\":\"ListItem\",\"position\":1,\"name\":\"Home\",\"item\":\"https:\\\/\\\/sarmiento24h.com\\\/\"},{\"@type\":\"ListItem\",\"position\":2,\"name\":\"Denuncian irregularidades en caso de hombre golpeado y detenido tras presunto robo en una metalera de La Victoria\"}]},{\"@type\":\"WebSite\",\"@id\":\"https:\\\/\\\/sarmiento24h.com\\\/#website\",\"url\":\"https:\\\/\\\/sarmiento24h.com\\\/\",\"name\":\"Sarmiento24h\",\"description\":\"\",\"publisher\":{\"@id\":\"https:\\\/\\\/sarmiento24h.com\\\/#organization\"},\"potentialAction\":[{\"@type\":\"SearchAction\",\"target\":{\"@type\":\"EntryPoint\",\"urlTemplate\":\"https:\\\/\\\/sarmiento24h.com\\\/?s={search_term_string}\"},\"query-input\":{\"@type\":\"PropertyValueSpecification\",\"valueRequired\":true,\"valueName\":\"search_term_string\"}}],\"inLanguage\":\"es\"},{\"@type\":\"Organization\",\"@id\":\"https:\\\/\\\/sarmiento24h.com\\\/#organization\",\"name\":\"Sarmiento24h\",\"url\":\"https:\\\/\\\/sarmiento24h.com\\\/\",\"logo\":{\"@type\":\"ImageObject\",\"inLanguage\":\"es\",\"@id\":\"https:\\\/\\\/sarmiento24h.com\\\/#\\\/schema\\\/logo\\\/image\\\/\",\"url\":\"https:\\\/\\\/sarmiento24h.com\\\/wp-content\\\/uploads\\\/2025\\\/12\\\/AddText_12-16-10.30.52.jpg\",\"contentUrl\":\"https:\\\/\\\/sarmiento24h.com\\\/wp-content\\\/uploads\\\/2025\\\/12\\\/AddText_12-16-10.30.52.jpg\",\"width\":1220,\"height\":324,\"caption\":\"Sarmiento24h\"},\"image\":{\"@id\":\"https:\\\/\\\/sarmiento24h.com\\\/#\\\/schema\\\/logo\\\/image\\\/\"},\"sameAs\":[\"https:\\\/\\\/facebook.com\\\/s24hnoticias\",\"https:\\\/\\\/x.com\\\/sarmiento24h\"]},{\"@type\":\"Person\",\"@id\":\"https:\\\/\\\/sarmiento24h.com\\\/#\\\/schema\\\/person\\\/d653a59725ad629a7e0429af7b939d4d\",\"name\":\"sarmiento24h@gmail.com\",\"image\":{\"@type\":\"ImageObject\",\"inLanguage\":\"es\",\"@id\":\"https:\\\/\\\/sarmiento24h.com\\\/wp-content\\\/litespeed\\\/avatar\\\/d02cbc4e23c747e6659cd45907173c8f.jpg?ver=1777157796\",\"url\":\"https:\\\/\\\/sarmiento24h.com\\\/wp-content\\\/litespeed\\\/avatar\\\/d02cbc4e23c747e6659cd45907173c8f.jpg?ver=1777157796\",\"contentUrl\":\"https:\\\/\\\/sarmiento24h.com\\\/wp-content\\\/litespeed\\\/avatar\\\/d02cbc4e23c747e6659cd45907173c8f.jpg?ver=1777157796\",\"caption\":\"sarmiento24h@gmail.com\"},\"sameAs\":[\"https:\\\/\\\/sarmiento24h.com\"],\"url\":\"https:\\\/\\\/sarmiento24h.com\\\/?author=1\"}]}<\/script>\n<!-- \/ Yoast SEO plugin. -->","yoast_head_json":{"title":"Denuncian irregularidades en caso de hombre golpeado y detenido tras presunto robo en una metalera de La Victoria - Sarmiento24h","robots":{"index":"index","follow":"follow","max-snippet":"max-snippet:-1","max-image-preview":"max-image-preview:large","max-video-preview":"max-video-preview:-1"},"canonical":"https:\/\/sarmiento24h.com\/?p=162659","og_locale":"es_ES","og_type":"article","og_title":"Denuncian irregularidades en caso de hombre golpeado y detenido tras presunto robo en una metalera de La Victoria - Sarmiento24h","og_description":"Santo Domingo.\u2014 Un ciudadano identificado como Elido&#46;&#46;&#46;","og_url":"https:\/\/sarmiento24h.com\/?p=162659","og_site_name":"Sarmiento24h","article_publisher":"https:\/\/facebook.com\/s24hnoticias","article_published_time":"2026-04-29T00:07:16+00:00","author":"sarmiento24h@gmail.com","twitter_card":"summary_large_image","twitter_creator":"@sarmiento24h","twitter_site":"@sarmiento24h","twitter_misc":{"Escrito por":"sarmiento24h@gmail.com","Tiempo de lectura":"3 minutos"},"schema":{"@context":"https:\/\/schema.org","@graph":[{"@type":"Article","@id":"https:\/\/sarmiento24h.com\/?p=162659#article","isPartOf":{"@id":"https:\/\/sarmiento24h.com\/?p=162659"},"author":{"name":"sarmiento24h@gmail.com","@id":"https:\/\/sarmiento24h.com\/#\/schema\/person\/d653a59725ad629a7e0429af7b939d4d"},"headline":"Denuncian irregularidades en caso de hombre golpeado y detenido tras presunto robo en una metalera de La Victoria","datePublished":"2026-04-29T00:07:16+00:00","mainEntityOfPage":{"@id":"https:\/\/sarmiento24h.com\/?p=162659"},"wordCount":597,"publisher":{"@id":"https:\/\/sarmiento24h.com\/#organization"},"image":{"@id":"https:\/\/sarmiento24h.com\/?p=162659#primaryimage"},"thumbnailUrl":"https:\/\/sarmiento24h.com\/wp-content\/uploads\/2026\/04\/denuncian-irregularidades-en-caso-de-hombre-golpeado-y-detenido-tras-presunto-robo-en-una-metalera-de-la-victoria.png","articleSection":["Nacionales"],"inLanguage":"es"},{"@type":"WebPage","@id":"https:\/\/sarmiento24h.com\/?p=162659","url":"https:\/\/sarmiento24h.com\/?p=162659","name":"Denuncian irregularidades en caso de hombre golpeado y detenido tras presunto robo en una metalera de La Victoria - Sarmiento24h","isPartOf":{"@id":"https:\/\/sarmiento24h.com\/#website"},"primaryImageOfPage":{"@id":"https:\/\/sarmiento24h.com\/?p=162659#primaryimage"},"image":{"@id":"https:\/\/sarmiento24h.com\/?p=162659#primaryimage"},"thumbnailUrl":"https:\/\/sarmiento24h.com\/wp-content\/uploads\/2026\/04\/denuncian-irregularidades-en-caso-de-hombre-golpeado-y-detenido-tras-presunto-robo-en-una-metalera-de-la-victoria.png","datePublished":"2026-04-29T00:07:16+00:00","breadcrumb":{"@id":"https:\/\/sarmiento24h.com\/?p=162659#breadcrumb"},"inLanguage":"es","potentialAction":[{"@type":"ReadAction","target":["https:\/\/sarmiento24h.com\/?p=162659"]}]},{"@type":"ImageObject","inLanguage":"es","@id":"https:\/\/sarmiento24h.com\/?p=162659#primaryimage","url":"https:\/\/sarmiento24h.com\/wp-content\/uploads\/2026\/04\/denuncian-irregularidades-en-caso-de-hombre-golpeado-y-detenido-tras-presunto-robo-en-una-metalera-de-la-victoria.png","contentUrl":"https:\/\/sarmiento24h.com\/wp-content\/uploads\/2026\/04\/denuncian-irregularidades-en-caso-de-hombre-golpeado-y-detenido-tras-presunto-robo-en-una-metalera-de-la-victoria.png","width":1280,"height":720},{"@type":"BreadcrumbList","@id":"https:\/\/sarmiento24h.com\/?p=162659#breadcrumb","itemListElement":[{"@type":"ListItem","position":1,"name":"Home","item":"https:\/\/sarmiento24h.com\/"},{"@type":"ListItem","position":2,"name":"Denuncian irregularidades en caso de hombre golpeado y detenido tras presunto robo en una metalera de La Victoria"}]},{"@type":"WebSite","@id":"https:\/\/sarmiento24h.com\/#website","url":"https:\/\/sarmiento24h.com\/","name":"Sarmiento24h","description":"","publisher":{"@id":"https:\/\/sarmiento24h.com\/#organization"},"potentialAction":[{"@type":"SearchAction","target":{"@type":"EntryPoint","urlTemplate":"https:\/\/sarmiento24h.com\/?s={search_term_string}"},"query-input":{"@type":"PropertyValueSpecification","valueRequired":true,"valueName":"search_term_string"}}],"inLanguage":"es"},{"@type":"Organization","@id":"https:\/\/sarmiento24h.com\/#organization","name":"Sarmiento24h","url":"https:\/\/sarmiento24h.com\/","logo":{"@type":"ImageObject","inLanguage":"es","@id":"https:\/\/sarmiento24h.com\/#\/schema\/logo\/image\/","url":"https:\/\/sarmiento24h.com\/wp-content\/uploads\/2025\/12\/AddText_12-16-10.30.52.jpg","contentUrl":"https:\/\/sarmiento24h.com\/wp-content\/uploads\/2025\/12\/AddText_12-16-10.30.52.jpg","width":1220,"height":324,"caption":"Sarmiento24h"},"image":{"@id":"https:\/\/sarmiento24h.com\/#\/schema\/logo\/image\/"},"sameAs":["https:\/\/facebook.com\/s24hnoticias","https:\/\/x.com\/sarmiento24h"]},{"@type":"Person","@id":"https:\/\/sarmiento24h.com\/#\/schema\/person\/d653a59725ad629a7e0429af7b939d4d","name":"sarmiento24h@gmail.com","image":{"@type":"ImageObject","inLanguage":"es","@id":"https:\/\/sarmiento24h.com\/wp-content\/litespeed\/avatar\/d02cbc4e23c747e6659cd45907173c8f.jpg?ver=1777157796","url":"https:\/\/sarmiento24h.com\/wp-content\/litespeed\/avatar\/d02cbc4e23c747e6659cd45907173c8f.jpg?ver=1777157796","contentUrl":"https:\/\/sarmiento24h.com\/wp-content\/litespeed\/avatar\/d02cbc4e23c747e6659cd45907173c8f.jpg?ver=1777157796","caption":"sarmiento24h@gmail.com"},"sameAs":["https:\/\/sarmiento24h.com"],"url":"https:\/\/sarmiento24h.com\/?author=1"}]}},"jetpack_publicize_connections":[],"jetpack_featured_media_url":"https:\/\/sarmiento24h.com\/wp-content\/uploads\/2026\/04\/denuncian-irregularidades-en-caso-de-hombre-golpeado-y-detenido-tras-presunto-robo-en-una-metalera-de-la-victoria.png","jetpack_sharing_enabled":true,"_links":{"self":[{"href":"https:\/\/sarmiento24h.com\/index.php?rest_route=\/wp\/v2\/posts\/162659","targetHints":{"allow":["GET"]}}],"collection":[{"href":"https:\/\/sarmiento24h.com\/index.php?rest_route=\/wp\/v2\/posts"}],"about":[{"href":"https:\/\/sarmiento24h.com\/index.php?rest_route=\/wp\/v2\/types\/post"}],"author":[{"embeddable":true,"href":"https:\/\/sarmiento24h.com\/index.php?rest_route=\/wp\/v2\/users\/1"}],"replies":[{"embeddable":true,"href":"https:\/\/sarmiento24h.com\/index.php?rest_route=%2Fwp%2Fv2%2Fcomments&post=162659"}],"version-history":[{"count":0,"href":"https:\/\/sarmiento24h.com\/index.php?rest_route=\/wp\/v2\/posts\/162659\/revisions"}],"wp:featuredmedia":[{"embeddable":true,"href":"https:\/\/sarmiento24h.com\/index.php?rest_route=\/wp\/v2\/media\/162660"}],"wp:attachment":[{"href":"https:\/\/sarmiento24h.com\/index.php?rest_route=%2Fwp%2Fv2%2Fmedia&parent=162659"}],"wp:term":[{"taxonomy":"category","embeddable":true,"href":"https:\/\/sarmiento24h.com\/index.php?rest_route=%2Fwp%2Fv2%2Fcategories&post=162659"},{"taxonomy":"post_tag","embeddable":true,"href":"https:\/\/sarmiento24h.com\/index.php?rest_route=%2Fwp%2Fv2%2Ftags&post=162659"}],"curies":[{"name":"wp","href":"https:\/\/api.w.org\/{rel}","templated":true}]}}