{"id":162759,"date":"2026-04-29T01:17:14","date_gmt":"2026-04-29T01:17:14","guid":{"rendered":"https:\/\/pinceldigital.do\/?p=66974"},"modified":"2026-04-29T01:17:14","modified_gmt":"2026-04-29T01:17:14","slug":"presidente-abinader-encabeza-reapertura-del-museo-nacional-de-historia-y-geografia-que-fortalece-la-memoria-historica-nacional-con-valiosa-coleccion-de-objetos-y-obras","status":"publish","type":"post","link":"https:\/\/sarmiento24h.com\/?p=162759","title":{"rendered":"Presidente Abinader encabeza reapertura del Museo Nacional de Historia y Geograf\u00eda que fortalece la memoria hist\u00f3rica nacional con valiosa colecci\u00f3n de objetos y obras"},"content":{"rendered":"<p>Santo Domingo. \u2013 El presidente Luis Abinader, acompa\u00f1ado por la primera dama Raquel Arbaje, asisti\u00f3 al acto de reapertura del Museo Nacional de Historia y Geograf\u00eda (MNHG), ubicado en la Plaza de la Cultura Juan Pablo Duarte, que ahora narra la historia dominicana en renovadas salas expositivas.<\/p>\n<p>Sus espacios exhiben una valiosa colecci\u00f3n de objetos y obras que refuerzan la identidad nacional y ofrecen una mirada cercana a \u00e9pocas y hechos que dieron paso a la conformaci\u00f3n de la Rep\u00fablica, como la Guerra de Independencia. Asimismo, el recorrido muestra lo ocurrido durante la Guerra de la Restauraci\u00f3n y la Revoluci\u00f3n de Abril de 1965.<\/p>\n<p>Durante el acto, autoridades culturales destacaron el empe\u00f1o y respaldo del presidente Luis Abinader para rescatar y fortalecer los espacios culturales y muse\u00edsticos del pa\u00eds y acercar a las nuevas generaciones al conocimiento de la historia dominicana.<\/p>\n<p>De su lado, el ministro de Cultura, Roberto \u00c1ngel Salcedo, resalt\u00f3 la integraci\u00f3n de unos 35 museos en diferentes puntos del pa\u00eds, tanto del sector p\u00fablico como privado, con el prop\u00f3sito de preservar el patrimonio material e inmaterial del pa\u00eds y contribuyendo con la habilitaci\u00f3n de espacios para que estudiantes y toda la ciudadan\u00eda pueda conocer los procesos hist\u00f3ricos de la Rep\u00fablica Dominicana.<\/p>\n<p>Las siete salas renovadas son: Guerra de Abril, La Patria, Los Presidentes, Trujillo: una era de terror, La Guerrilla de Caama\u00f1o, la colecci\u00f3n de piezas museogr\u00e1ficas y El Jard\u00edn de Hostos, espacios dedicados a episodios y figuras fundamentales de la historia nacional que recuperan protagonismo en el principal museo hist\u00f3rico del pa\u00eds.<\/p>\n<p>Tras el corte de cinta, el presidente Abinader recorri\u00f3 las remodeladas instalaciones junto al ministro Salcedo, acompa\u00f1ados por el director del MNHG, Jos\u00e9 Guerrero S\u00e1nchez, el director general de Museos, Carlos And\u00fajar, y el presidente del Voluntariado del museo, Marcial Najri, quienes ofrecieron detalles de las diversas \u00e1reas.<\/p>\n<p>Asimismo, Carlos And\u00fajar agradeci\u00f3 al presidente Abinader el respaldo brindado para revitalizar las instituciones muse\u00edsticas en todo el territorio nacional, fortaleciendo la oferta cultural, el sano entretenimiento y el apoyo a la econom\u00eda y el turismo.<\/p>\n<p>Jos\u00e9 Guerrero S\u00e1nchez, por su parte, destac\u00f3 que la instituci\u00f3n recibir\u00e1 a estudiantes, investigadores y visitantes nacionales y extranjeros con una misi\u00f3n clara: preservar y difundir la memoria hist\u00f3rica y los valores que definen a la Rep\u00fablica Dominicana.<\/p>\n<p>La intervenci\u00f3n incluy\u00f3 trabajos en las \u00e1reas interiores y exteriores del edificio, orientados a mejorar las condiciones de conservaci\u00f3n, accesibilidad y experiencia de los visitantes.<\/p>\n<p>Historia del museo<\/p>\n<p>Fundado en 1981 e inaugurado el 1 de marzo de 1982 en el edificio del antiguo Liceo Uni\u00f3n Panamericana, el Museo Nacional de Historia y Geograf\u00eda tiene como misi\u00f3n resguardar el patrimonio hist\u00f3rico y geogr\u00e1fico dominicano, as\u00ed como promover su investigaci\u00f3n cient\u00edfica.<\/p>\n<p>Desde 2023, el edificio lleva oficialmente el nombre del historiador Emilio Cordero Michel, en virtud de la Ley 23-23, promulgada el 28 de febrero de ese a\u00f1o.<\/p>\n<p>Estuvieron presentes, el presidente de la Comisi\u00f3n de Cultura de la C\u00e1mara de Diputados, Jorge Cavoli y el rector de la Universidad Aut\u00f3noma de Santo Domingo (UASD), Editrudis Beltr\u00e1n, as\u00ed como destacadas personalidades del \u00e1mbito cultural nacional.<\/p>\n<figure class=\"wp-block-gallery has-nested-images columns-default is-cropped wp-block-gallery-1 is-layout-flex wp-block-gallery-is-layout-flex\">\n<figure class=\"wp-block-image size-full\"><img loading=\"lazy\" decoding=\"async\" data-recalc-dims=\"1\" width=\"696\" height=\"464\" data-id=\"66985\" src=\"https:\/\/i0.wp.com\/pinceldigital.do\/wp-content\/uploads\/2026\/04\/WhatsApp-Image-2026-04-28-at-20.25.23-7.jpeg?resize=696%2C464&amp;ssl=1\" alt class=\"wp-image-66985\" srcset=\"https:\/\/i0.wp.com\/pinceldigital.do\/wp-content\/uploads\/2026\/04\/WhatsApp-Image-2026-04-28-at-20.25.23-7.jpeg?w=696&amp;ssl=1 696w, https:\/\/i0.wp.com\/pinceldigital.do\/wp-content\/uploads\/2026\/04\/WhatsApp-Image-2026-04-28-at-20.25.23-7.jpeg?resize=300%2C200&amp;ssl=1 300w, https:\/\/i0.wp.com\/pinceldigital.do\/wp-content\/uploads\/2026\/04\/WhatsApp-Image-2026-04-28-at-20.25.23-7.jpeg?resize=630%2C420&amp;ssl=1 630w\" sizes=\"auto, (max-width: 696px) 100vw, 696px\"><\/figure>\n<\/figure>\n<figure class=\"wp-block-gallery has-nested-images columns-default is-cropped wp-block-gallery-2 is-layout-flex wp-block-gallery-is-layout-flex\">\n<figure class=\"wp-block-image size-full\"><img loading=\"lazy\" decoding=\"async\" data-recalc-dims=\"1\" width=\"696\" height=\"464\" data-id=\"66978\" src=\"https:\/\/i0.wp.com\/pinceldigital.do\/wp-content\/uploads\/2026\/04\/WhatsApp-Image-2026-04-28-at-20.25.22-3.jpeg?resize=696%2C464&amp;ssl=1\" alt class=\"wp-image-66978\" srcset=\"https:\/\/i0.wp.com\/pinceldigital.do\/wp-content\/uploads\/2026\/04\/WhatsApp-Image-2026-04-28-at-20.25.22-3.jpeg?w=696&amp;ssl=1 696w, https:\/\/i0.wp.com\/pinceldigital.do\/wp-content\/uploads\/2026\/04\/WhatsApp-Image-2026-04-28-at-20.25.22-3.jpeg?resize=300%2C200&amp;ssl=1 300w, https:\/\/i0.wp.com\/pinceldigital.do\/wp-content\/uploads\/2026\/04\/WhatsApp-Image-2026-04-28-at-20.25.22-3.jpeg?resize=630%2C420&amp;ssl=1 630w\" sizes=\"auto, (max-width: 696px) 100vw, 696px\"><\/figure>\n<\/figure>\n<figure class=\"wp-block-gallery has-nested-images columns-default is-cropped wp-block-gallery-3 is-layout-flex wp-block-gallery-is-layout-flex\">\n<figure class=\"wp-block-image size-large\"><img loading=\"lazy\" decoding=\"async\" data-recalc-dims=\"1\" width=\"696\" height=\"464\" data-id=\"66979\" src=\"https:\/\/i0.wp.com\/pinceldigital.do\/wp-content\/uploads\/2026\/04\/WhatsApp-Image-2026-04-28-at-20.25.23-8.jpeg?resize=696%2C464&amp;ssl=1\" alt class=\"wp-image-66979\" srcset=\"https:\/\/i0.wp.com\/pinceldigital.do\/wp-content\/uploads\/2026\/04\/WhatsApp-Image-2026-04-28-at-20.25.23-8.jpeg?w=696&amp;ssl=1 696w, https:\/\/i0.wp.com\/pinceldigital.do\/wp-content\/uploads\/2026\/04\/WhatsApp-Image-2026-04-28-at-20.25.23-8.jpeg?resize=300%2C200&amp;ssl=1 300w, https:\/\/i0.wp.com\/pinceldigital.do\/wp-content\/uploads\/2026\/04\/WhatsApp-Image-2026-04-28-at-20.25.23-8.jpeg?resize=630%2C420&amp;ssl=1 630w\" sizes=\"auto, (max-width: 696px) 100vw, 696px\"><\/figure>\n<\/figure>\n<figure class=\"wp-block-image size-full\"><img decoding=\"async\" data-recalc-dims=\"1\" loading=\"lazy\" width=\"696\" height=\"464\" src=\"https:\/\/i0.wp.com\/pinceldigital.do\/wp-content\/uploads\/2026\/04\/WhatsApp-Image-2026-04-28-at-20.25.23-4.jpeg?resize=696%2C464&amp;ssl=1\" alt class=\"wp-image-66980\" srcset=\"https:\/\/i0.wp.com\/pinceldigital.do\/wp-content\/uploads\/2026\/04\/WhatsApp-Image-2026-04-28-at-20.25.23-4.jpeg?w=696&amp;ssl=1 696w, https:\/\/i0.wp.com\/pinceldigital.do\/wp-content\/uploads\/2026\/04\/WhatsApp-Image-2026-04-28-at-20.25.23-4.jpeg?resize=300%2C200&amp;ssl=1 300w, https:\/\/i0.wp.com\/pinceldigital.do\/wp-content\/uploads\/2026\/04\/WhatsApp-Image-2026-04-28-at-20.25.23-4.jpeg?resize=630%2C420&amp;ssl=1 630w\" sizes=\"auto, (max-width: 696px) 100vw, 696px\"><\/figure>\n<figure class=\"wp-block-gallery has-nested-images columns-default is-cropped wp-block-gallery-4 is-layout-flex wp-block-gallery-is-layout-flex\">\n<figure class=\"wp-block-image size-large\"><img decoding=\"async\" data-recalc-dims=\"1\" loading=\"lazy\" width=\"696\" height=\"464\" data-id=\"66981\" src=\"https:\/\/i0.wp.com\/pinceldigital.do\/wp-content\/uploads\/2026\/04\/WhatsApp-Image-2026-04-28-at-20.25.22-1-2.jpeg?resize=696%2C464&amp;ssl=1\" alt class=\"wp-image-66981\" srcset=\"https:\/\/i0.wp.com\/pinceldigital.do\/wp-content\/uploads\/2026\/04\/WhatsApp-Image-2026-04-28-at-20.25.22-1-2.jpeg?w=696&amp;ssl=1 696w, https:\/\/i0.wp.com\/pinceldigital.do\/wp-content\/uploads\/2026\/04\/WhatsApp-Image-2026-04-28-at-20.25.22-1-2.jpeg?resize=300%2C200&amp;ssl=1 300w, https:\/\/i0.wp.com\/pinceldigital.do\/wp-content\/uploads\/2026\/04\/WhatsApp-Image-2026-04-28-at-20.25.22-1-2.jpeg?resize=630%2C420&amp;ssl=1 630w\" sizes=\"auto, (max-width: 696px) 100vw, 696px\"><\/figure>\n<\/figure>\n<figure class=\"wp-block-gallery has-nested-images columns-default is-cropped wp-block-gallery-5 is-layout-flex wp-block-gallery-is-layout-flex\">\n<figure class=\"wp-block-image size-large\"><img decoding=\"async\" data-recalc-dims=\"1\" loading=\"lazy\" width=\"696\" height=\"464\" data-id=\"66982\" src=\"https:\/\/i0.wp.com\/pinceldigital.do\/wp-content\/uploads\/2026\/04\/WhatsApp-Image-2026-04-28-at-20.25.22.jpeg?resize=696%2C464&amp;ssl=1\" alt class=\"wp-image-66982\" srcset=\"https:\/\/i0.wp.com\/pinceldigital.do\/wp-content\/uploads\/2026\/04\/WhatsApp-Image-2026-04-28-at-20.25.22.jpeg?w=696&amp;ssl=1 696w, https:\/\/i0.wp.com\/pinceldigital.do\/wp-content\/uploads\/2026\/04\/WhatsApp-Image-2026-04-28-at-20.25.22.jpeg?resize=300%2C200&amp;ssl=1 300w, https:\/\/i0.wp.com\/pinceldigital.do\/wp-content\/uploads\/2026\/04\/WhatsApp-Image-2026-04-28-at-20.25.22.jpeg?resize=630%2C420&amp;ssl=1 630w\" sizes=\"auto, (max-width: 696px) 100vw, 696px\"><\/figure>\n<\/figure>\n<figure class=\"wp-block-gallery has-nested-images columns-default is-cropped wp-block-gallery-6 is-layout-flex wp-block-gallery-is-layout-flex\">\n<figure class=\"wp-block-image size-large\"><img decoding=\"async\" data-recalc-dims=\"1\" loading=\"lazy\" width=\"696\" height=\"464\" data-id=\"66983\" src=\"https:\/\/i0.wp.com\/pinceldigital.do\/wp-content\/uploads\/2026\/04\/WhatsApp-Image-2026-04-28-at-20.25.22-5.jpeg?resize=696%2C464&amp;ssl=1\" alt class=\"wp-image-66983\" srcset=\"https:\/\/i0.wp.com\/pinceldigital.do\/wp-content\/uploads\/2026\/04\/WhatsApp-Image-2026-04-28-at-20.25.22-5.jpeg?w=696&amp;ssl=1 696w, https:\/\/i0.wp.com\/pinceldigital.do\/wp-content\/uploads\/2026\/04\/WhatsApp-Image-2026-04-28-at-20.25.22-5.jpeg?resize=300%2C200&amp;ssl=1 300w, https:\/\/i0.wp.com\/pinceldigital.do\/wp-content\/uploads\/2026\/04\/WhatsApp-Image-2026-04-28-at-20.25.22-5.jpeg?resize=630%2C420&amp;ssl=1 630w\" sizes=\"auto, (max-width: 696px) 100vw, 696px\"><\/figure>\n<\/figure>\n<figure class=\"wp-block-gallery has-nested-images columns-default is-cropped wp-block-gallery-7 is-layout-flex wp-block-gallery-is-layout-flex\">\n<figure class=\"wp-block-image size-large\"><img decoding=\"async\" data-recalc-dims=\"1\" loading=\"lazy\" width=\"696\" height=\"464\" data-id=\"66984\" src=\"https:\/\/i0.wp.com\/pinceldigital.do\/wp-content\/uploads\/2026\/04\/WhatsApp-Image-2026-04-28-at-20.25.23.jpeg?resize=696%2C464&amp;ssl=1\" alt class=\"wp-image-66984\" srcset=\"https:\/\/i0.wp.com\/pinceldigital.do\/wp-content\/uploads\/2026\/04\/WhatsApp-Image-2026-04-28-at-20.25.23.jpeg?w=696&amp;ssl=1 696w, https:\/\/i0.wp.com\/pinceldigital.do\/wp-content\/uploads\/2026\/04\/WhatsApp-Image-2026-04-28-at-20.25.23.jpeg?resize=300%2C200&amp;ssl=1 300w, https:\/\/i0.wp.com\/pinceldigital.do\/wp-content\/uploads\/2026\/04\/WhatsApp-Image-2026-04-28-at-20.25.23.jpeg?resize=630%2C420&amp;ssl=1 630w\" sizes=\"auto, (max-width: 696px) 100vw, 696px\"><\/figure>\n<\/figure>\n<figure class=\"wp-block-gallery has-nested-images columns-default is-cropped wp-block-gallery-8 is-layout-flex wp-block-gallery-is-layout-flex\">\n<figure class=\"wp-block-image size-large\"><img decoding=\"async\" data-recalc-dims=\"1\" loading=\"lazy\" width=\"696\" height=\"464\" data-id=\"66986\" src=\"https:\/\/i0.wp.com\/pinceldigital.do\/wp-content\/uploads\/2026\/04\/WhatsApp-Image-2026-04-28-at-20.25.22-4.jpeg?resize=696%2C464&amp;ssl=1\" alt class=\"wp-image-66986\" srcset=\"https:\/\/i0.wp.com\/pinceldigital.do\/wp-content\/uploads\/2026\/04\/WhatsApp-Image-2026-04-28-at-20.25.22-4.jpeg?w=696&amp;ssl=1 696w, https:\/\/i0.wp.com\/pinceldigital.do\/wp-content\/uploads\/2026\/04\/WhatsApp-Image-2026-04-28-at-20.25.22-4.jpeg?resize=300%2C200&amp;ssl=1 300w, https:\/\/i0.wp.com\/pinceldigital.do\/wp-content\/uploads\/2026\/04\/WhatsApp-Image-2026-04-28-at-20.25.22-4.jpeg?resize=630%2C420&amp;ssl=1 630w\" sizes=\"auto, (max-width: 696px) 100vw, 696px\"><\/figure>\n<\/figure>\n","protected":false},"excerpt":{"rendered":"<p>Santo Domingo. \u2013 El presidente Luis Abinader,&#46;&#46;&#46;<\/p>\n","protected":false},"author":1,"featured_media":162760,"comment_status":"closed","ping_status":"closed","sticky":false,"template":"","format":"standard","meta":{"_jetpack_memberships_contains_paid_content":false,"footnotes":"","jetpack_publicize_message":"","jetpack_publicize_feature_enabled":true,"jetpack_social_post_already_shared":true,"jetpack_social_options":{"image_generator_settings":{"template":"highway","default_image_id":0,"font":"","enabled":false},"version":2}},"categories":[42],"tags":[],"class_list":["post-162759","post","type-post","status-publish","format-standard","has-post-thumbnail","hentry","category-nacionales"],"yoast_head":"<!-- This site is optimized with the Yoast SEO plugin v27.3 - https:\/\/yoast.com\/product\/yoast-seo-wordpress\/ -->\n<title>Presidente Abinader encabeza reapertura del Museo Nacional de Historia y Geograf\u00eda que fortalece la memoria hist\u00f3rica nacional con valiosa colecci\u00f3n de objetos y obras - Sarmiento24h<\/title>\n<meta name=\"robots\" content=\"index, follow, max-snippet:-1, max-image-preview:large, max-video-preview:-1\" \/>\n<link rel=\"canonical\" href=\"https:\/\/sarmiento24h.com\/?p=162759\" \/>\n<meta property=\"og:locale\" content=\"es_ES\" \/>\n<meta property=\"og:type\" content=\"article\" \/>\n<meta property=\"og:title\" content=\"Presidente Abinader encabeza reapertura del Museo Nacional de Historia y Geograf\u00eda que fortalece la memoria hist\u00f3rica nacional con valiosa colecci\u00f3n de objetos y obras - Sarmiento24h\" \/>\n<meta property=\"og:description\" content=\"Santo Domingo. \u2013 El presidente Luis Abinader,&#046;&#046;&#046;\" \/>\n<meta property=\"og:url\" content=\"https:\/\/sarmiento24h.com\/?p=162759\" \/>\n<meta property=\"og:site_name\" content=\"Sarmiento24h\" \/>\n<meta property=\"article:publisher\" content=\"https:\/\/facebook.com\/s24hnoticias\" \/>\n<meta property=\"article:published_time\" content=\"2026-04-29T01:17:14+00:00\" \/>\n<meta name=\"author\" content=\"sarmiento24h@gmail.com\" \/>\n<meta name=\"twitter:card\" content=\"summary_large_image\" \/>\n<meta name=\"twitter:creator\" content=\"@sarmiento24h\" \/>\n<meta name=\"twitter:site\" content=\"@sarmiento24h\" \/>\n<meta name=\"twitter:label1\" content=\"Escrito por\" \/>\n\t<meta name=\"twitter:data1\" content=\"sarmiento24h@gmail.com\" \/>\n\t<meta name=\"twitter:label2\" content=\"Tiempo de lectura\" \/>\n\t<meta name=\"twitter:data2\" content=\"3 minutos\" \/>\n<script type=\"application\/ld+json\" class=\"yoast-schema-graph\">{\"@context\":\"https:\\\/\\\/schema.org\",\"@graph\":[{\"@type\":\"Article\",\"@id\":\"https:\\\/\\\/sarmiento24h.com\\\/?p=162759#article\",\"isPartOf\":{\"@id\":\"https:\\\/\\\/sarmiento24h.com\\\/?p=162759\"},\"author\":{\"name\":\"sarmiento24h@gmail.com\",\"@id\":\"https:\\\/\\\/sarmiento24h.com\\\/#\\\/schema\\\/person\\\/d653a59725ad629a7e0429af7b939d4d\"},\"headline\":\"Presidente Abinader encabeza reapertura del Museo Nacional de Historia y Geograf\u00eda que fortalece la memoria hist\u00f3rica nacional con valiosa colecci\u00f3n de objetos y obras\",\"datePublished\":\"2026-04-29T01:17:14+00:00\",\"mainEntityOfPage\":{\"@id\":\"https:\\\/\\\/sarmiento24h.com\\\/?p=162759\"},\"wordCount\":581,\"publisher\":{\"@id\":\"https:\\\/\\\/sarmiento24h.com\\\/#organization\"},\"image\":{\"@id\":\"https:\\\/\\\/sarmiento24h.com\\\/?p=162759#primaryimage\"},\"thumbnailUrl\":\"https:\\\/\\\/sarmiento24h.com\\\/wp-content\\\/uploads\\\/2026\\\/04\\\/presidente-abinader-encabeza-reapertura-del-museo-nacional-de-historia-y-geografia-que-fortalece-la-memoria-historica-nacional-con-valiosa-coleccion-de-objetos-y-obras.jpg\",\"articleSection\":[\"Nacionales\"],\"inLanguage\":\"es\"},{\"@type\":\"WebPage\",\"@id\":\"https:\\\/\\\/sarmiento24h.com\\\/?p=162759\",\"url\":\"https:\\\/\\\/sarmiento24h.com\\\/?p=162759\",\"name\":\"Presidente Abinader encabeza reapertura del Museo Nacional de Historia y Geograf\u00eda que fortalece la memoria hist\u00f3rica nacional con valiosa colecci\u00f3n de objetos y obras - Sarmiento24h\",\"isPartOf\":{\"@id\":\"https:\\\/\\\/sarmiento24h.com\\\/#website\"},\"primaryImageOfPage\":{\"@id\":\"https:\\\/\\\/sarmiento24h.com\\\/?p=162759#primaryimage\"},\"image\":{\"@id\":\"https:\\\/\\\/sarmiento24h.com\\\/?p=162759#primaryimage\"},\"thumbnailUrl\":\"https:\\\/\\\/sarmiento24h.com\\\/wp-content\\\/uploads\\\/2026\\\/04\\\/presidente-abinader-encabeza-reapertura-del-museo-nacional-de-historia-y-geografia-que-fortalece-la-memoria-historica-nacional-con-valiosa-coleccion-de-objetos-y-obras.jpg\",\"datePublished\":\"2026-04-29T01:17:14+00:00\",\"breadcrumb\":{\"@id\":\"https:\\\/\\\/sarmiento24h.com\\\/?p=162759#breadcrumb\"},\"inLanguage\":\"es\",\"potentialAction\":[{\"@type\":\"ReadAction\",\"target\":[\"https:\\\/\\\/sarmiento24h.com\\\/?p=162759\"]}]},{\"@type\":\"ImageObject\",\"inLanguage\":\"es\",\"@id\":\"https:\\\/\\\/sarmiento24h.com\\\/?p=162759#primaryimage\",\"url\":\"https:\\\/\\\/sarmiento24h.com\\\/wp-content\\\/uploads\\\/2026\\\/04\\\/presidente-abinader-encabeza-reapertura-del-museo-nacional-de-historia-y-geografia-que-fortalece-la-memoria-historica-nacional-con-valiosa-coleccion-de-objetos-y-obras.jpg\",\"contentUrl\":\"https:\\\/\\\/sarmiento24h.com\\\/wp-content\\\/uploads\\\/2026\\\/04\\\/presidente-abinader-encabeza-reapertura-del-museo-nacional-de-historia-y-geografia-que-fortalece-la-memoria-historica-nacional-con-valiosa-coleccion-de-objetos-y-obras.jpg\",\"width\":696,\"height\":464},{\"@type\":\"BreadcrumbList\",\"@id\":\"https:\\\/\\\/sarmiento24h.com\\\/?p=162759#breadcrumb\",\"itemListElement\":[{\"@type\":\"ListItem\",\"position\":1,\"name\":\"Home\",\"item\":\"https:\\\/\\\/sarmiento24h.com\\\/\"},{\"@type\":\"ListItem\",\"position\":2,\"name\":\"Presidente Abinader encabeza reapertura del Museo Nacional de Historia y Geograf\u00eda que fortalece la memoria hist\u00f3rica nacional con valiosa colecci\u00f3n de objetos y obras\"}]},{\"@type\":\"WebSite\",\"@id\":\"https:\\\/\\\/sarmiento24h.com\\\/#website\",\"url\":\"https:\\\/\\\/sarmiento24h.com\\\/\",\"name\":\"Sarmiento24h\",\"description\":\"\",\"publisher\":{\"@id\":\"https:\\\/\\\/sarmiento24h.com\\\/#organization\"},\"potentialAction\":[{\"@type\":\"SearchAction\",\"target\":{\"@type\":\"EntryPoint\",\"urlTemplate\":\"https:\\\/\\\/sarmiento24h.com\\\/?s={search_term_string}\"},\"query-input\":{\"@type\":\"PropertyValueSpecification\",\"valueRequired\":true,\"valueName\":\"search_term_string\"}}],\"inLanguage\":\"es\"},{\"@type\":\"Organization\",\"@id\":\"https:\\\/\\\/sarmiento24h.com\\\/#organization\",\"name\":\"Sarmiento24h\",\"url\":\"https:\\\/\\\/sarmiento24h.com\\\/\",\"logo\":{\"@type\":\"ImageObject\",\"inLanguage\":\"es\",\"@id\":\"https:\\\/\\\/sarmiento24h.com\\\/#\\\/schema\\\/logo\\\/image\\\/\",\"url\":\"https:\\\/\\\/sarmiento24h.com\\\/wp-content\\\/uploads\\\/2025\\\/12\\\/AddText_12-16-10.30.52.jpg\",\"contentUrl\":\"https:\\\/\\\/sarmiento24h.com\\\/wp-content\\\/uploads\\\/2025\\\/12\\\/AddText_12-16-10.30.52.jpg\",\"width\":1220,\"height\":324,\"caption\":\"Sarmiento24h\"},\"image\":{\"@id\":\"https:\\\/\\\/sarmiento24h.com\\\/#\\\/schema\\\/logo\\\/image\\\/\"},\"sameAs\":[\"https:\\\/\\\/facebook.com\\\/s24hnoticias\",\"https:\\\/\\\/x.com\\\/sarmiento24h\"]},{\"@type\":\"Person\",\"@id\":\"https:\\\/\\\/sarmiento24h.com\\\/#\\\/schema\\\/person\\\/d653a59725ad629a7e0429af7b939d4d\",\"name\":\"sarmiento24h@gmail.com\",\"image\":{\"@type\":\"ImageObject\",\"inLanguage\":\"es\",\"@id\":\"https:\\\/\\\/sarmiento24h.com\\\/wp-content\\\/litespeed\\\/avatar\\\/d02cbc4e23c747e6659cd45907173c8f.jpg?ver=1777157796\",\"url\":\"https:\\\/\\\/sarmiento24h.com\\\/wp-content\\\/litespeed\\\/avatar\\\/d02cbc4e23c747e6659cd45907173c8f.jpg?ver=1777157796\",\"contentUrl\":\"https:\\\/\\\/sarmiento24h.com\\\/wp-content\\\/litespeed\\\/avatar\\\/d02cbc4e23c747e6659cd45907173c8f.jpg?ver=1777157796\",\"caption\":\"sarmiento24h@gmail.com\"},\"sameAs\":[\"https:\\\/\\\/sarmiento24h.com\"],\"url\":\"https:\\\/\\\/sarmiento24h.com\\\/?author=1\"}]}<\/script>\n<!-- \/ Yoast SEO plugin. -->","yoast_head_json":{"title":"Presidente Abinader encabeza reapertura del Museo Nacional de Historia y Geograf\u00eda que fortalece la memoria hist\u00f3rica nacional con valiosa colecci\u00f3n de objetos y obras - Sarmiento24h","robots":{"index":"index","follow":"follow","max-snippet":"max-snippet:-1","max-image-preview":"max-image-preview:large","max-video-preview":"max-video-preview:-1"},"canonical":"https:\/\/sarmiento24h.com\/?p=162759","og_locale":"es_ES","og_type":"article","og_title":"Presidente Abinader encabeza reapertura del Museo Nacional de Historia y Geograf\u00eda que fortalece la memoria hist\u00f3rica nacional con valiosa colecci\u00f3n de objetos y obras - Sarmiento24h","og_description":"Santo Domingo. \u2013 El presidente Luis Abinader,&#46;&#46;&#46;","og_url":"https:\/\/sarmiento24h.com\/?p=162759","og_site_name":"Sarmiento24h","article_publisher":"https:\/\/facebook.com\/s24hnoticias","article_published_time":"2026-04-29T01:17:14+00:00","author":"sarmiento24h@gmail.com","twitter_card":"summary_large_image","twitter_creator":"@sarmiento24h","twitter_site":"@sarmiento24h","twitter_misc":{"Escrito por":"sarmiento24h@gmail.com","Tiempo de lectura":"3 minutos"},"schema":{"@context":"https:\/\/schema.org","@graph":[{"@type":"Article","@id":"https:\/\/sarmiento24h.com\/?p=162759#article","isPartOf":{"@id":"https:\/\/sarmiento24h.com\/?p=162759"},"author":{"name":"sarmiento24h@gmail.com","@id":"https:\/\/sarmiento24h.com\/#\/schema\/person\/d653a59725ad629a7e0429af7b939d4d"},"headline":"Presidente Abinader encabeza reapertura del Museo Nacional de Historia y Geograf\u00eda que fortalece la memoria hist\u00f3rica nacional con valiosa colecci\u00f3n de objetos y obras","datePublished":"2026-04-29T01:17:14+00:00","mainEntityOfPage":{"@id":"https:\/\/sarmiento24h.com\/?p=162759"},"wordCount":581,"publisher":{"@id":"https:\/\/sarmiento24h.com\/#organization"},"image":{"@id":"https:\/\/sarmiento24h.com\/?p=162759#primaryimage"},"thumbnailUrl":"https:\/\/sarmiento24h.com\/wp-content\/uploads\/2026\/04\/presidente-abinader-encabeza-reapertura-del-museo-nacional-de-historia-y-geografia-que-fortalece-la-memoria-historica-nacional-con-valiosa-coleccion-de-objetos-y-obras.jpg","articleSection":["Nacionales"],"inLanguage":"es"},{"@type":"WebPage","@id":"https:\/\/sarmiento24h.com\/?p=162759","url":"https:\/\/sarmiento24h.com\/?p=162759","name":"Presidente Abinader encabeza reapertura del Museo Nacional de Historia y Geograf\u00eda que fortalece la memoria hist\u00f3rica nacional con valiosa colecci\u00f3n de objetos y obras - Sarmiento24h","isPartOf":{"@id":"https:\/\/sarmiento24h.com\/#website"},"primaryImageOfPage":{"@id":"https:\/\/sarmiento24h.com\/?p=162759#primaryimage"},"image":{"@id":"https:\/\/sarmiento24h.com\/?p=162759#primaryimage"},"thumbnailUrl":"https:\/\/sarmiento24h.com\/wp-content\/uploads\/2026\/04\/presidente-abinader-encabeza-reapertura-del-museo-nacional-de-historia-y-geografia-que-fortalece-la-memoria-historica-nacional-con-valiosa-coleccion-de-objetos-y-obras.jpg","datePublished":"2026-04-29T01:17:14+00:00","breadcrumb":{"@id":"https:\/\/sarmiento24h.com\/?p=162759#breadcrumb"},"inLanguage":"es","potentialAction":[{"@type":"ReadAction","target":["https:\/\/sarmiento24h.com\/?p=162759"]}]},{"@type":"ImageObject","inLanguage":"es","@id":"https:\/\/sarmiento24h.com\/?p=162759#primaryimage","url":"https:\/\/sarmiento24h.com\/wp-content\/uploads\/2026\/04\/presidente-abinader-encabeza-reapertura-del-museo-nacional-de-historia-y-geografia-que-fortalece-la-memoria-historica-nacional-con-valiosa-coleccion-de-objetos-y-obras.jpg","contentUrl":"https:\/\/sarmiento24h.com\/wp-content\/uploads\/2026\/04\/presidente-abinader-encabeza-reapertura-del-museo-nacional-de-historia-y-geografia-que-fortalece-la-memoria-historica-nacional-con-valiosa-coleccion-de-objetos-y-obras.jpg","width":696,"height":464},{"@type":"BreadcrumbList","@id":"https:\/\/sarmiento24h.com\/?p=162759#breadcrumb","itemListElement":[{"@type":"ListItem","position":1,"name":"Home","item":"https:\/\/sarmiento24h.com\/"},{"@type":"ListItem","position":2,"name":"Presidente Abinader encabeza reapertura del Museo Nacional de Historia y Geograf\u00eda que fortalece la memoria hist\u00f3rica nacional con valiosa colecci\u00f3n de objetos y obras"}]},{"@type":"WebSite","@id":"https:\/\/sarmiento24h.com\/#website","url":"https:\/\/sarmiento24h.com\/","name":"Sarmiento24h","description":"","publisher":{"@id":"https:\/\/sarmiento24h.com\/#organization"},"potentialAction":[{"@type":"SearchAction","target":{"@type":"EntryPoint","urlTemplate":"https:\/\/sarmiento24h.com\/?s={search_term_string}"},"query-input":{"@type":"PropertyValueSpecification","valueRequired":true,"valueName":"search_term_string"}}],"inLanguage":"es"},{"@type":"Organization","@id":"https:\/\/sarmiento24h.com\/#organization","name":"Sarmiento24h","url":"https:\/\/sarmiento24h.com\/","logo":{"@type":"ImageObject","inLanguage":"es","@id":"https:\/\/sarmiento24h.com\/#\/schema\/logo\/image\/","url":"https:\/\/sarmiento24h.com\/wp-content\/uploads\/2025\/12\/AddText_12-16-10.30.52.jpg","contentUrl":"https:\/\/sarmiento24h.com\/wp-content\/uploads\/2025\/12\/AddText_12-16-10.30.52.jpg","width":1220,"height":324,"caption":"Sarmiento24h"},"image":{"@id":"https:\/\/sarmiento24h.com\/#\/schema\/logo\/image\/"},"sameAs":["https:\/\/facebook.com\/s24hnoticias","https:\/\/x.com\/sarmiento24h"]},{"@type":"Person","@id":"https:\/\/sarmiento24h.com\/#\/schema\/person\/d653a59725ad629a7e0429af7b939d4d","name":"sarmiento24h@gmail.com","image":{"@type":"ImageObject","inLanguage":"es","@id":"https:\/\/sarmiento24h.com\/wp-content\/litespeed\/avatar\/d02cbc4e23c747e6659cd45907173c8f.jpg?ver=1777157796","url":"https:\/\/sarmiento24h.com\/wp-content\/litespeed\/avatar\/d02cbc4e23c747e6659cd45907173c8f.jpg?ver=1777157796","contentUrl":"https:\/\/sarmiento24h.com\/wp-content\/litespeed\/avatar\/d02cbc4e23c747e6659cd45907173c8f.jpg?ver=1777157796","caption":"sarmiento24h@gmail.com"},"sameAs":["https:\/\/sarmiento24h.com"],"url":"https:\/\/sarmiento24h.com\/?author=1"}]}},"jetpack_publicize_connections":[],"jetpack_featured_media_url":"https:\/\/sarmiento24h.com\/wp-content\/uploads\/2026\/04\/presidente-abinader-encabeza-reapertura-del-museo-nacional-de-historia-y-geografia-que-fortalece-la-memoria-historica-nacional-con-valiosa-coleccion-de-objetos-y-obras.jpg","jetpack_sharing_enabled":true,"_links":{"self":[{"href":"https:\/\/sarmiento24h.com\/index.php?rest_route=\/wp\/v2\/posts\/162759","targetHints":{"allow":["GET"]}}],"collection":[{"href":"https:\/\/sarmiento24h.com\/index.php?rest_route=\/wp\/v2\/posts"}],"about":[{"href":"https:\/\/sarmiento24h.com\/index.php?rest_route=\/wp\/v2\/types\/post"}],"author":[{"embeddable":true,"href":"https:\/\/sarmiento24h.com\/index.php?rest_route=\/wp\/v2\/users\/1"}],"replies":[{"embeddable":true,"href":"https:\/\/sarmiento24h.com\/index.php?rest_route=%2Fwp%2Fv2%2Fcomments&post=162759"}],"version-history":[{"count":0,"href":"https:\/\/sarmiento24h.com\/index.php?rest_route=\/wp\/v2\/posts\/162759\/revisions"}],"wp:featuredmedia":[{"embeddable":true,"href":"https:\/\/sarmiento24h.com\/index.php?rest_route=\/wp\/v2\/media\/162760"}],"wp:attachment":[{"href":"https:\/\/sarmiento24h.com\/index.php?rest_route=%2Fwp%2Fv2%2Fmedia&parent=162759"}],"wp:term":[{"taxonomy":"category","embeddable":true,"href":"https:\/\/sarmiento24h.com\/index.php?rest_route=%2Fwp%2Fv2%2Fcategories&post=162759"},{"taxonomy":"post_tag","embeddable":true,"href":"https:\/\/sarmiento24h.com\/index.php?rest_route=%2Fwp%2Fv2%2Ftags&post=162759"}],"curies":[{"name":"wp","href":"https:\/\/api.w.org\/{rel}","templated":true}]}}