{"id":163019,"date":"2026-04-29T03:36:49","date_gmt":"2026-04-29T03:36:49","guid":{"rendered":"http:\/\/0b5fc22c-4375-11f1-8765-5bd9d73a94a8"},"modified":"2026-04-29T03:36:49","modified_gmt":"2026-04-29T03:36:49","slug":"bolivia-no-adoptara-medidas-economicas-que-afecten-a-los-mas-vulnerables","status":"publish","type":"post","link":"https:\/\/sarmiento24h.com\/?p=163019","title":{"rendered":"Bolivia no adoptar\u00e1 medidas econ\u00f3micas que afecten a los m\u00e1s vulnerables"},"content":{"rendered":"<div><img decoding=\"async\" src=\"https:\/\/s.france24.com\/media\/display\/40a83866-4374-11f1-8648-005056a90284\/w:1280\/p:16x9\/183692cde64094f056f5acbfa5415303a4b5e565.jpg\" class=\"ff-og-image-inserted\"><\/div>\n<p> El ministro de Econom\u00eda y Finanzas P\u00fablicas, Jos\u00e9 Gabriel Espinoza, indic\u00f3 que Bolivia ha mostrado avances en materia econ\u00f3mica en un lapso de 120 d\u00edas de gesti\u00f3n. A pesar de haber recibido un pa\u00eds con algunos problemas financieros, desde el Ejecutivo, encabezado por el pol\u00edtico de derecha Rodrigo Paz, aseguran que no aplicar\u00e1n pol\u00edticas que vayan en detrimento de los m\u00e1s pobres.&nbsp; <\/p>\n<div readability=\"82.236808236808\">\n<p>Durante la presentaci\u00f3n de un primer balance, tras cumplir 120 d\u00edas en el cargo, Jos\u00e9 Gabriel Espinoza inform\u00f3 que se han mejorado algunos datos econ\u00f3micos en <a href=\"https:\/\/www.france24.com\/es\/tag\/bolivia\/\" target=\"_self\">Bolivia<\/a>, como ejemplo cit\u00f3, entre otras cosas, la inflaci\u00f3n que superaba el 20% cuando asumieron la gesti\u00f3n a finales de 2025 pero que en la actualidad la han llevado a un rango entre 14 &#8211; 15%. Asimismo, destac\u00f3 que la tasa de cambio pas\u00f3 de 11 bolivianos a un valor que ronda los 9,6 &#8211; 9,7 bolivianos por d\u00f3lar.&nbsp;<\/p>\n<p>En el marco de una rueda de prensa, donde se ofreci\u00f3 el avance en los 120 d\u00edas al frente de la cartera econ\u00f3mica, Espinoza destac\u00f3 que se han estado aplicando medidas de ajuste con la finalidad de resolver \u201cla situaci\u00f3n econ\u00f3mica dram\u00e1tica\u201d heredada de los gobiernos anteriores, pero que las mismas no se ver\u00e1n trasladadas a la poblaci\u00f3n.&nbsp;<\/p>\n<p>\u201cNosotros hemos trabajado con una premisa muy simple: nadie se puede quedar atr\u00e1s. El ajuste no puede recaer sobre la gente y no vamos a repetir recetas del pasado que castigaban a los m\u00e1s vulnerables\u201d, dijo Espinoza durante su comparecencia ante los medios.&nbsp;<\/p>\n<p>Pese a los n\u00fameros mostrados por el representante del gabinete de <a href=\"https:\/\/www.france24.com\/es\/programas\/econom\u00eda\/20251126-la-econom\u00eda-boliviana-vira-a-la-derecha-en-qu\u00e9-consiste-el-plan-de-rodrigo-paz\" target=\"_self\">Rodrigo Paz<\/a>, muchos en Bolivia no sienten que las medidas aplicadas, ni los datos presentados, est\u00e9n beneficiando el bolsillo de los ciudadanos.&nbsp;<\/p>\n<p>\u201cA pesar de los n\u00fameros, que revelan una reducci\u00f3n en la inflaci\u00f3n, los precios todav\u00eda est\u00e1n elevados. A pesar de ello est\u00e1 influyendo la falta de di\u00e9sel, es innegable que esa gasolina desestabilizada est\u00e1 afectando la econom\u00eda familiar. Pero m\u00e1s all\u00e1 del optimismo del Gobierno todav\u00eda hay asuntos estructurales que se deben resolver, como por ejemplo el mercado cambiario\u201d, dijo Luis Fernando Romero, economista y expresidente del Colegio de Economistas de Tarija en Bolivia durante una entrevista con France 24.&nbsp;<\/p>\n<p>Tras m\u00e1s de dos d\u00e9cadas del izquierdista MAS en el poder, el conservador Rodrigo Paz asumi\u00f3 en noviembre pasado la Presidencia. Entonces, anunci\u00f3 una serie de medidas para sacar al pa\u00eds de su peor crisis en cuatro d\u00e9cadas, caracterizada por la escasez de combustible y divisas y por una de las tasas de inflaci\u00f3n m\u00e1s altas de Am\u00e9rica Latina.<\/p>\n<p class=\"a-read-more\"><span class=\"a-read-more__label\">Leer tambi\u00e9n<\/span><a href=\"https:\/\/www.france24.com\/es\/programas\/econom\u00eda\/20251126-la-econom\u00eda-boliviana-vira-a-la-derecha-en-qu\u00e9-consiste-el-plan-de-rodrigo-paz\" target=\"_self\" class=\"a-read-more__link\">La econom\u00eda boliviana vira a la derecha: \u00bfen qu\u00e9 consiste el plan de Rodrigo Paz?<\/a><\/p>\n<p>Con EFE y medios bolivianos<\/p>\n<\/p><\/div>\n","protected":false},"excerpt":{"rendered":"<p>El ministro de Econom\u00eda y Finanzas P\u00fablicas,&#46;&#46;&#46;<\/p>\n","protected":false},"author":1,"featured_media":163020,"comment_status":"closed","ping_status":"closed","sticky":false,"template":"","format":"standard","meta":{"_jetpack_memberships_contains_paid_content":false,"footnotes":"","jetpack_publicize_message":"","jetpack_publicize_feature_enabled":true,"jetpack_social_post_already_shared":true,"jetpack_social_options":{"image_generator_settings":{"template":"highway","default_image_id":0,"font":"","enabled":false},"version":2}},"categories":[43],"tags":[],"class_list":["post-163019","post","type-post","status-publish","format-standard","has-post-thumbnail","hentry","category-internacionales"],"yoast_head":"<!-- This site is optimized with the Yoast SEO plugin v27.3 - https:\/\/yoast.com\/product\/yoast-seo-wordpress\/ -->\n<title>Bolivia no adoptar\u00e1 medidas econ\u00f3micas que afecten a los m\u00e1s vulnerables - Sarmiento24h<\/title>\n<meta name=\"robots\" content=\"index, follow, max-snippet:-1, max-image-preview:large, max-video-preview:-1\" \/>\n<link rel=\"canonical\" href=\"https:\/\/sarmiento24h.com\/?p=163019\" \/>\n<meta property=\"og:locale\" content=\"es_ES\" \/>\n<meta property=\"og:type\" content=\"article\" \/>\n<meta property=\"og:title\" content=\"Bolivia no adoptar\u00e1 medidas econ\u00f3micas que afecten a los m\u00e1s vulnerables - Sarmiento24h\" \/>\n<meta property=\"og:description\" content=\"El ministro de Econom\u00eda y Finanzas P\u00fablicas,&#046;&#046;&#046;\" \/>\n<meta property=\"og:url\" content=\"https:\/\/sarmiento24h.com\/?p=163019\" \/>\n<meta property=\"og:site_name\" content=\"Sarmiento24h\" \/>\n<meta property=\"article:publisher\" content=\"https:\/\/facebook.com\/s24hnoticias\" \/>\n<meta property=\"article:published_time\" content=\"2026-04-29T03:36:49+00:00\" \/>\n<meta property=\"og:image\" content=\"https:\/\/s.france24.com\/media\/display\/40a83866-4374-11f1-8648-005056a90284\/w:1280\/p:16x9\/183692cde64094f056f5acbfa5415303a4b5e565.jpg\" \/>\n<meta name=\"author\" content=\"sarmiento24h@gmail.com\" \/>\n<meta name=\"twitter:card\" content=\"summary_large_image\" \/>\n<meta name=\"twitter:creator\" content=\"@sarmiento24h\" \/>\n<meta name=\"twitter:site\" content=\"@sarmiento24h\" \/>\n<meta name=\"twitter:label1\" content=\"Escrito por\" \/>\n\t<meta name=\"twitter:data1\" content=\"sarmiento24h@gmail.com\" \/>\n\t<meta name=\"twitter:label2\" content=\"Tiempo de lectura\" \/>\n\t<meta name=\"twitter:data2\" content=\"2 minutos\" \/>\n<script type=\"application\/ld+json\" class=\"yoast-schema-graph\">{\"@context\":\"https:\\\/\\\/schema.org\",\"@graph\":[{\"@type\":\"Article\",\"@id\":\"https:\\\/\\\/sarmiento24h.com\\\/?p=163019#article\",\"isPartOf\":{\"@id\":\"https:\\\/\\\/sarmiento24h.com\\\/?p=163019\"},\"author\":{\"name\":\"sarmiento24h@gmail.com\",\"@id\":\"https:\\\/\\\/sarmiento24h.com\\\/#\\\/schema\\\/person\\\/d653a59725ad629a7e0429af7b939d4d\"},\"headline\":\"Bolivia no adoptar\u00e1 medidas econ\u00f3micas que afecten a los m\u00e1s vulnerables\",\"datePublished\":\"2026-04-29T03:36:49+00:00\",\"mainEntityOfPage\":{\"@id\":\"https:\\\/\\\/sarmiento24h.com\\\/?p=163019\"},\"wordCount\":495,\"publisher\":{\"@id\":\"https:\\\/\\\/sarmiento24h.com\\\/#organization\"},\"image\":{\"@id\":\"https:\\\/\\\/sarmiento24h.com\\\/?p=163019#primaryimage\"},\"thumbnailUrl\":\"https:\\\/\\\/sarmiento24h.com\\\/wp-content\\\/uploads\\\/2026\\\/04\\\/bolivia-no-adoptara-medidas-economicas-que-afecten-a-los-mas-vulnerables.jpg\",\"articleSection\":[\"Internacionales\"],\"inLanguage\":\"es\"},{\"@type\":\"WebPage\",\"@id\":\"https:\\\/\\\/sarmiento24h.com\\\/?p=163019\",\"url\":\"https:\\\/\\\/sarmiento24h.com\\\/?p=163019\",\"name\":\"Bolivia no adoptar\u00e1 medidas econ\u00f3micas que afecten a los m\u00e1s vulnerables - Sarmiento24h\",\"isPartOf\":{\"@id\":\"https:\\\/\\\/sarmiento24h.com\\\/#website\"},\"primaryImageOfPage\":{\"@id\":\"https:\\\/\\\/sarmiento24h.com\\\/?p=163019#primaryimage\"},\"image\":{\"@id\":\"https:\\\/\\\/sarmiento24h.com\\\/?p=163019#primaryimage\"},\"thumbnailUrl\":\"https:\\\/\\\/sarmiento24h.com\\\/wp-content\\\/uploads\\\/2026\\\/04\\\/bolivia-no-adoptara-medidas-economicas-que-afecten-a-los-mas-vulnerables.jpg\",\"datePublished\":\"2026-04-29T03:36:49+00:00\",\"breadcrumb\":{\"@id\":\"https:\\\/\\\/sarmiento24h.com\\\/?p=163019#breadcrumb\"},\"inLanguage\":\"es\",\"potentialAction\":[{\"@type\":\"ReadAction\",\"target\":[\"https:\\\/\\\/sarmiento24h.com\\\/?p=163019\"]}]},{\"@type\":\"ImageObject\",\"inLanguage\":\"es\",\"@id\":\"https:\\\/\\\/sarmiento24h.com\\\/?p=163019#primaryimage\",\"url\":\"https:\\\/\\\/sarmiento24h.com\\\/wp-content\\\/uploads\\\/2026\\\/04\\\/bolivia-no-adoptara-medidas-economicas-que-afecten-a-los-mas-vulnerables.jpg\",\"contentUrl\":\"https:\\\/\\\/sarmiento24h.com\\\/wp-content\\\/uploads\\\/2026\\\/04\\\/bolivia-no-adoptara-medidas-economicas-que-afecten-a-los-mas-vulnerables.jpg\",\"width\":1280,\"height\":720},{\"@type\":\"BreadcrumbList\",\"@id\":\"https:\\\/\\\/sarmiento24h.com\\\/?p=163019#breadcrumb\",\"itemListElement\":[{\"@type\":\"ListItem\",\"position\":1,\"name\":\"Home\",\"item\":\"https:\\\/\\\/sarmiento24h.com\\\/\"},{\"@type\":\"ListItem\",\"position\":2,\"name\":\"Bolivia no adoptar\u00e1 medidas econ\u00f3micas que afecten a los m\u00e1s vulnerables\"}]},{\"@type\":\"WebSite\",\"@id\":\"https:\\\/\\\/sarmiento24h.com\\\/#website\",\"url\":\"https:\\\/\\\/sarmiento24h.com\\\/\",\"name\":\"Sarmiento24h\",\"description\":\"\",\"publisher\":{\"@id\":\"https:\\\/\\\/sarmiento24h.com\\\/#organization\"},\"potentialAction\":[{\"@type\":\"SearchAction\",\"target\":{\"@type\":\"EntryPoint\",\"urlTemplate\":\"https:\\\/\\\/sarmiento24h.com\\\/?s={search_term_string}\"},\"query-input\":{\"@type\":\"PropertyValueSpecification\",\"valueRequired\":true,\"valueName\":\"search_term_string\"}}],\"inLanguage\":\"es\"},{\"@type\":\"Organization\",\"@id\":\"https:\\\/\\\/sarmiento24h.com\\\/#organization\",\"name\":\"Sarmiento24h\",\"url\":\"https:\\\/\\\/sarmiento24h.com\\\/\",\"logo\":{\"@type\":\"ImageObject\",\"inLanguage\":\"es\",\"@id\":\"https:\\\/\\\/sarmiento24h.com\\\/#\\\/schema\\\/logo\\\/image\\\/\",\"url\":\"https:\\\/\\\/sarmiento24h.com\\\/wp-content\\\/uploads\\\/2025\\\/12\\\/AddText_12-16-10.30.52.jpg\",\"contentUrl\":\"https:\\\/\\\/sarmiento24h.com\\\/wp-content\\\/uploads\\\/2025\\\/12\\\/AddText_12-16-10.30.52.jpg\",\"width\":1220,\"height\":324,\"caption\":\"Sarmiento24h\"},\"image\":{\"@id\":\"https:\\\/\\\/sarmiento24h.com\\\/#\\\/schema\\\/logo\\\/image\\\/\"},\"sameAs\":[\"https:\\\/\\\/facebook.com\\\/s24hnoticias\",\"https:\\\/\\\/x.com\\\/sarmiento24h\"]},{\"@type\":\"Person\",\"@id\":\"https:\\\/\\\/sarmiento24h.com\\\/#\\\/schema\\\/person\\\/d653a59725ad629a7e0429af7b939d4d\",\"name\":\"sarmiento24h@gmail.com\",\"image\":{\"@type\":\"ImageObject\",\"inLanguage\":\"es\",\"@id\":\"https:\\\/\\\/sarmiento24h.com\\\/wp-content\\\/litespeed\\\/avatar\\\/d02cbc4e23c747e6659cd45907173c8f.jpg?ver=1777157796\",\"url\":\"https:\\\/\\\/sarmiento24h.com\\\/wp-content\\\/litespeed\\\/avatar\\\/d02cbc4e23c747e6659cd45907173c8f.jpg?ver=1777157796\",\"contentUrl\":\"https:\\\/\\\/sarmiento24h.com\\\/wp-content\\\/litespeed\\\/avatar\\\/d02cbc4e23c747e6659cd45907173c8f.jpg?ver=1777157796\",\"caption\":\"sarmiento24h@gmail.com\"},\"sameAs\":[\"https:\\\/\\\/sarmiento24h.com\"],\"url\":\"https:\\\/\\\/sarmiento24h.com\\\/?author=1\"}]}<\/script>\n<!-- \/ Yoast SEO plugin. -->","yoast_head_json":{"title":"Bolivia no adoptar\u00e1 medidas econ\u00f3micas que afecten a los m\u00e1s vulnerables - Sarmiento24h","robots":{"index":"index","follow":"follow","max-snippet":"max-snippet:-1","max-image-preview":"max-image-preview:large","max-video-preview":"max-video-preview:-1"},"canonical":"https:\/\/sarmiento24h.com\/?p=163019","og_locale":"es_ES","og_type":"article","og_title":"Bolivia no adoptar\u00e1 medidas econ\u00f3micas que afecten a los m\u00e1s vulnerables - Sarmiento24h","og_description":"El ministro de Econom\u00eda y Finanzas P\u00fablicas,&#46;&#46;&#46;","og_url":"https:\/\/sarmiento24h.com\/?p=163019","og_site_name":"Sarmiento24h","article_publisher":"https:\/\/facebook.com\/s24hnoticias","article_published_time":"2026-04-29T03:36:49+00:00","og_image":[{"url":"https:\/\/s.france24.com\/media\/display\/40a83866-4374-11f1-8648-005056a90284\/w:1280\/p:16x9\/183692cde64094f056f5acbfa5415303a4b5e565.jpg","type":"","width":"","height":""}],"author":"sarmiento24h@gmail.com","twitter_card":"summary_large_image","twitter_creator":"@sarmiento24h","twitter_site":"@sarmiento24h","twitter_misc":{"Escrito por":"sarmiento24h@gmail.com","Tiempo de lectura":"2 minutos"},"schema":{"@context":"https:\/\/schema.org","@graph":[{"@type":"Article","@id":"https:\/\/sarmiento24h.com\/?p=163019#article","isPartOf":{"@id":"https:\/\/sarmiento24h.com\/?p=163019"},"author":{"name":"sarmiento24h@gmail.com","@id":"https:\/\/sarmiento24h.com\/#\/schema\/person\/d653a59725ad629a7e0429af7b939d4d"},"headline":"Bolivia no adoptar\u00e1 medidas econ\u00f3micas que afecten a los m\u00e1s vulnerables","datePublished":"2026-04-29T03:36:49+00:00","mainEntityOfPage":{"@id":"https:\/\/sarmiento24h.com\/?p=163019"},"wordCount":495,"publisher":{"@id":"https:\/\/sarmiento24h.com\/#organization"},"image":{"@id":"https:\/\/sarmiento24h.com\/?p=163019#primaryimage"},"thumbnailUrl":"https:\/\/sarmiento24h.com\/wp-content\/uploads\/2026\/04\/bolivia-no-adoptara-medidas-economicas-que-afecten-a-los-mas-vulnerables.jpg","articleSection":["Internacionales"],"inLanguage":"es"},{"@type":"WebPage","@id":"https:\/\/sarmiento24h.com\/?p=163019","url":"https:\/\/sarmiento24h.com\/?p=163019","name":"Bolivia no adoptar\u00e1 medidas econ\u00f3micas que afecten a los m\u00e1s vulnerables - Sarmiento24h","isPartOf":{"@id":"https:\/\/sarmiento24h.com\/#website"},"primaryImageOfPage":{"@id":"https:\/\/sarmiento24h.com\/?p=163019#primaryimage"},"image":{"@id":"https:\/\/sarmiento24h.com\/?p=163019#primaryimage"},"thumbnailUrl":"https:\/\/sarmiento24h.com\/wp-content\/uploads\/2026\/04\/bolivia-no-adoptara-medidas-economicas-que-afecten-a-los-mas-vulnerables.jpg","datePublished":"2026-04-29T03:36:49+00:00","breadcrumb":{"@id":"https:\/\/sarmiento24h.com\/?p=163019#breadcrumb"},"inLanguage":"es","potentialAction":[{"@type":"ReadAction","target":["https:\/\/sarmiento24h.com\/?p=163019"]}]},{"@type":"ImageObject","inLanguage":"es","@id":"https:\/\/sarmiento24h.com\/?p=163019#primaryimage","url":"https:\/\/sarmiento24h.com\/wp-content\/uploads\/2026\/04\/bolivia-no-adoptara-medidas-economicas-que-afecten-a-los-mas-vulnerables.jpg","contentUrl":"https:\/\/sarmiento24h.com\/wp-content\/uploads\/2026\/04\/bolivia-no-adoptara-medidas-economicas-que-afecten-a-los-mas-vulnerables.jpg","width":1280,"height":720},{"@type":"BreadcrumbList","@id":"https:\/\/sarmiento24h.com\/?p=163019#breadcrumb","itemListElement":[{"@type":"ListItem","position":1,"name":"Home","item":"https:\/\/sarmiento24h.com\/"},{"@type":"ListItem","position":2,"name":"Bolivia no adoptar\u00e1 medidas econ\u00f3micas que afecten a los m\u00e1s vulnerables"}]},{"@type":"WebSite","@id":"https:\/\/sarmiento24h.com\/#website","url":"https:\/\/sarmiento24h.com\/","name":"Sarmiento24h","description":"","publisher":{"@id":"https:\/\/sarmiento24h.com\/#organization"},"potentialAction":[{"@type":"SearchAction","target":{"@type":"EntryPoint","urlTemplate":"https:\/\/sarmiento24h.com\/?s={search_term_string}"},"query-input":{"@type":"PropertyValueSpecification","valueRequired":true,"valueName":"search_term_string"}}],"inLanguage":"es"},{"@type":"Organization","@id":"https:\/\/sarmiento24h.com\/#organization","name":"Sarmiento24h","url":"https:\/\/sarmiento24h.com\/","logo":{"@type":"ImageObject","inLanguage":"es","@id":"https:\/\/sarmiento24h.com\/#\/schema\/logo\/image\/","url":"https:\/\/sarmiento24h.com\/wp-content\/uploads\/2025\/12\/AddText_12-16-10.30.52.jpg","contentUrl":"https:\/\/sarmiento24h.com\/wp-content\/uploads\/2025\/12\/AddText_12-16-10.30.52.jpg","width":1220,"height":324,"caption":"Sarmiento24h"},"image":{"@id":"https:\/\/sarmiento24h.com\/#\/schema\/logo\/image\/"},"sameAs":["https:\/\/facebook.com\/s24hnoticias","https:\/\/x.com\/sarmiento24h"]},{"@type":"Person","@id":"https:\/\/sarmiento24h.com\/#\/schema\/person\/d653a59725ad629a7e0429af7b939d4d","name":"sarmiento24h@gmail.com","image":{"@type":"ImageObject","inLanguage":"es","@id":"https:\/\/sarmiento24h.com\/wp-content\/litespeed\/avatar\/d02cbc4e23c747e6659cd45907173c8f.jpg?ver=1777157796","url":"https:\/\/sarmiento24h.com\/wp-content\/litespeed\/avatar\/d02cbc4e23c747e6659cd45907173c8f.jpg?ver=1777157796","contentUrl":"https:\/\/sarmiento24h.com\/wp-content\/litespeed\/avatar\/d02cbc4e23c747e6659cd45907173c8f.jpg?ver=1777157796","caption":"sarmiento24h@gmail.com"},"sameAs":["https:\/\/sarmiento24h.com"],"url":"https:\/\/sarmiento24h.com\/?author=1"}]}},"jetpack_publicize_connections":[],"jetpack_featured_media_url":"https:\/\/sarmiento24h.com\/wp-content\/uploads\/2026\/04\/bolivia-no-adoptara-medidas-economicas-que-afecten-a-los-mas-vulnerables.jpg","jetpack_sharing_enabled":true,"_links":{"self":[{"href":"https:\/\/sarmiento24h.com\/index.php?rest_route=\/wp\/v2\/posts\/163019","targetHints":{"allow":["GET"]}}],"collection":[{"href":"https:\/\/sarmiento24h.com\/index.php?rest_route=\/wp\/v2\/posts"}],"about":[{"href":"https:\/\/sarmiento24h.com\/index.php?rest_route=\/wp\/v2\/types\/post"}],"author":[{"embeddable":true,"href":"https:\/\/sarmiento24h.com\/index.php?rest_route=\/wp\/v2\/users\/1"}],"replies":[{"embeddable":true,"href":"https:\/\/sarmiento24h.com\/index.php?rest_route=%2Fwp%2Fv2%2Fcomments&post=163019"}],"version-history":[{"count":0,"href":"https:\/\/sarmiento24h.com\/index.php?rest_route=\/wp\/v2\/posts\/163019\/revisions"}],"wp:featuredmedia":[{"embeddable":true,"href":"https:\/\/sarmiento24h.com\/index.php?rest_route=\/wp\/v2\/media\/163020"}],"wp:attachment":[{"href":"https:\/\/sarmiento24h.com\/index.php?rest_route=%2Fwp%2Fv2%2Fmedia&parent=163019"}],"wp:term":[{"taxonomy":"category","embeddable":true,"href":"https:\/\/sarmiento24h.com\/index.php?rest_route=%2Fwp%2Fv2%2Fcategories&post=163019"},{"taxonomy":"post_tag","embeddable":true,"href":"https:\/\/sarmiento24h.com\/index.php?rest_route=%2Fwp%2Fv2%2Ftags&post=163019"}],"curies":[{"name":"wp","href":"https:\/\/api.w.org\/{rel}","templated":true}]}}