{"id":163051,"date":"2026-04-29T03:36:56","date_gmt":"2026-04-29T03:36:56","guid":{"rendered":"https:\/\/noticiassin.com\/?p=1988348"},"modified":"2026-04-29T03:36:56","modified_gmt":"2026-04-29T03:36:56","slug":"mived-comienza-demoliciones-para-ampliar-la-olof-palme-en-los-praditos","status":"publish","type":"post","link":"https:\/\/sarmiento24h.com\/?p=163051","title":{"rendered":"MIVED comienza demoliciones para ampliar la Olof Palme en Los Praditos"},"content":{"rendered":"<div><img decoding=\"async\" src=\"https:\/\/multimedia.noticiassin.com\/wp-content\/uploads\/2026\/04\/mived-comienza-demoliciones-para-ampliar-la-olof-palme-en-los-praditos-20260429-023410-FCx6.jpg\" class=\"ff-og-image-inserted\"><\/div>\n<p>El <em><strong>Ministerio de Vivienda y Edificaciones (MIVED)<\/strong><\/em> inici\u00f3 la demolici\u00f3n en la calle 9 del barrio de Los Praditos en la capital, como parte de un proyecto de integraci\u00f3n vial y urbana que busca mejorar la movilidad y recuperar&nbsp; espacios p\u00fablicos.<\/p>\n<p>Seg\u00fan la instituci\u00f3n la iniciativa busca una soluci\u00f3n <strong>estructural<\/strong> a una situaci\u00f3n creciente, que impact\u00f3 la organizaci\u00f3n de sus v\u00edas y el uso del espacio urbano, asegur\u00f3 el Ministro de Vivienda.<\/p>\n<p>El ministro de la Vivienda <strong>Ito Bison\u00f3<\/strong> inform\u00f3 que los trabajos tendr\u00e1n una duraci\u00f3n de 18 meses y un costo de 150 millones de pesos.<\/p>\n<p><strong>\u00ab<em>aqu\u00ed estamos recuperando espacios para la gente y garantizando que servicios esenciales, como ambulancias o unidades de emergencia, puedan acceder sin dificultad\u00bb<\/em><\/strong><em>, precis\u00f3 el ministro.<\/em><\/p>\n<p>Precis\u00f3 que el plan contempla tambi\u00e9n la intervenci\u00f3n&nbsp;de la calle 6 que generar\u00e1 nuevas conexiones la avenida <strong>Dr. Defill\u00f3<\/strong>&nbsp;Asimismo, ser\u00e1n intervenidas las calles 9 y 11.<\/p>\n<p>Mientras que la Alcaldesa del Distrito Nacional destac\u00f3 el impacto urbano y como esto redundar\u00e1 en bienestar para la ciudadan\u00eda, <em>\u00abesta conectividad mejora la calidad de vida y los accesos&nbsp;en lo que respecta a una mejora comercial\u00bb<\/em>, expres\u00f3 <strong>Mej\u00eda<\/strong>.<\/p>\n<p>En tanto, varios comerciantes de la <strong>calle intervenida<\/strong>, aseguraron que apoyan el proyecto, pero que ante la duraci\u00f3n de los trabajos esperan que el Ministerio de Vivienda los auxilie para no irse a la quiebra.<\/p>\n<p>\u00ab<em>Estamos esperando que hablen con nosotros, porque necesitamos ayuda y sabemos que esto es algo importante\u00bb, <\/em>expres\u00f3 <strong>Miguel Paulino<\/strong>, comerciante de la zona.<\/p>\n<p>&nbsp;El ministro Bison\u00f3 indic\u00f3 que la <strong>demolici\u00f3n<\/strong> avanza de manera progresiva priorizando aquellas propiedades donde se han alcanzado acuerdos.<\/p>\n","protected":false},"excerpt":{"rendered":"<p>El Ministerio de Vivienda y Edificaciones (MIVED)&#46;&#46;&#46;<\/p>\n","protected":false},"author":1,"featured_media":163052,"comment_status":"closed","ping_status":"closed","sticky":false,"template":"","format":"standard","meta":{"_jetpack_memberships_contains_paid_content":false,"footnotes":"","jetpack_publicize_message":"","jetpack_publicize_feature_enabled":true,"jetpack_social_post_already_shared":true,"jetpack_social_options":{"image_generator_settings":{"template":"highway","default_image_id":0,"font":"","enabled":false},"version":2}},"categories":[42],"tags":[],"class_list":["post-163051","post","type-post","status-publish","format-standard","has-post-thumbnail","hentry","category-nacionales"],"yoast_head":"<!-- This site is optimized with the Yoast SEO plugin v27.3 - https:\/\/yoast.com\/product\/yoast-seo-wordpress\/ -->\n<title>MIVED comienza demoliciones para ampliar la Olof Palme en Los Praditos - Sarmiento24h<\/title>\n<meta name=\"robots\" content=\"index, follow, max-snippet:-1, max-image-preview:large, max-video-preview:-1\" \/>\n<link rel=\"canonical\" href=\"https:\/\/sarmiento24h.com\/?p=163051\" \/>\n<meta property=\"og:locale\" content=\"es_ES\" \/>\n<meta property=\"og:type\" content=\"article\" \/>\n<meta property=\"og:title\" content=\"MIVED comienza demoliciones para ampliar la Olof Palme en Los Praditos - Sarmiento24h\" \/>\n<meta property=\"og:description\" content=\"El Ministerio de Vivienda y Edificaciones (MIVED)&#046;&#046;&#046;\" \/>\n<meta property=\"og:url\" content=\"https:\/\/sarmiento24h.com\/?p=163051\" \/>\n<meta property=\"og:site_name\" content=\"Sarmiento24h\" \/>\n<meta property=\"article:publisher\" content=\"https:\/\/facebook.com\/s24hnoticias\" \/>\n<meta property=\"article:published_time\" content=\"2026-04-29T03:36:56+00:00\" \/>\n<meta property=\"og:image\" content=\"https:\/\/multimedia.noticiassin.com\/wp-content\/uploads\/2026\/04\/mived-comienza-demoliciones-para-ampliar-la-olof-palme-en-los-praditos-20260429-023410-FCx6.jpg\" \/>\n<meta name=\"author\" content=\"sarmiento24h@gmail.com\" \/>\n<meta name=\"twitter:card\" content=\"summary_large_image\" \/>\n<meta name=\"twitter:creator\" content=\"@sarmiento24h\" \/>\n<meta name=\"twitter:site\" content=\"@sarmiento24h\" \/>\n<meta name=\"twitter:label1\" content=\"Escrito por\" \/>\n\t<meta name=\"twitter:data1\" content=\"sarmiento24h@gmail.com\" \/>\n\t<meta name=\"twitter:label2\" content=\"Tiempo de lectura\" \/>\n\t<meta name=\"twitter:data2\" content=\"1 minuto\" \/>\n<script type=\"application\/ld+json\" class=\"yoast-schema-graph\">{\"@context\":\"https:\\\/\\\/schema.org\",\"@graph\":[{\"@type\":\"Article\",\"@id\":\"https:\\\/\\\/sarmiento24h.com\\\/?p=163051#article\",\"isPartOf\":{\"@id\":\"https:\\\/\\\/sarmiento24h.com\\\/?p=163051\"},\"author\":{\"name\":\"sarmiento24h@gmail.com\",\"@id\":\"https:\\\/\\\/sarmiento24h.com\\\/#\\\/schema\\\/person\\\/d653a59725ad629a7e0429af7b939d4d\"},\"headline\":\"MIVED comienza demoliciones para ampliar la Olof Palme en Los Praditos\",\"datePublished\":\"2026-04-29T03:36:56+00:00\",\"mainEntityOfPage\":{\"@id\":\"https:\\\/\\\/sarmiento24h.com\\\/?p=163051\"},\"wordCount\":295,\"publisher\":{\"@id\":\"https:\\\/\\\/sarmiento24h.com\\\/#organization\"},\"image\":{\"@id\":\"https:\\\/\\\/sarmiento24h.com\\\/?p=163051#primaryimage\"},\"thumbnailUrl\":\"https:\\\/\\\/sarmiento24h.com\\\/wp-content\\\/uploads\\\/2026\\\/04\\\/mived-comienza-demoliciones-para-ampliar-la-olof-palme-en-los-praditos.jpg\",\"articleSection\":[\"Nacionales\"],\"inLanguage\":\"es\"},{\"@type\":\"WebPage\",\"@id\":\"https:\\\/\\\/sarmiento24h.com\\\/?p=163051\",\"url\":\"https:\\\/\\\/sarmiento24h.com\\\/?p=163051\",\"name\":\"MIVED comienza demoliciones para ampliar la Olof Palme en Los Praditos - Sarmiento24h\",\"isPartOf\":{\"@id\":\"https:\\\/\\\/sarmiento24h.com\\\/#website\"},\"primaryImageOfPage\":{\"@id\":\"https:\\\/\\\/sarmiento24h.com\\\/?p=163051#primaryimage\"},\"image\":{\"@id\":\"https:\\\/\\\/sarmiento24h.com\\\/?p=163051#primaryimage\"},\"thumbnailUrl\":\"https:\\\/\\\/sarmiento24h.com\\\/wp-content\\\/uploads\\\/2026\\\/04\\\/mived-comienza-demoliciones-para-ampliar-la-olof-palme-en-los-praditos.jpg\",\"datePublished\":\"2026-04-29T03:36:56+00:00\",\"breadcrumb\":{\"@id\":\"https:\\\/\\\/sarmiento24h.com\\\/?p=163051#breadcrumb\"},\"inLanguage\":\"es\",\"potentialAction\":[{\"@type\":\"ReadAction\",\"target\":[\"https:\\\/\\\/sarmiento24h.com\\\/?p=163051\"]}]},{\"@type\":\"ImageObject\",\"inLanguage\":\"es\",\"@id\":\"https:\\\/\\\/sarmiento24h.com\\\/?p=163051#primaryimage\",\"url\":\"https:\\\/\\\/sarmiento24h.com\\\/wp-content\\\/uploads\\\/2026\\\/04\\\/mived-comienza-demoliciones-para-ampliar-la-olof-palme-en-los-praditos.jpg\",\"contentUrl\":\"https:\\\/\\\/sarmiento24h.com\\\/wp-content\\\/uploads\\\/2026\\\/04\\\/mived-comienza-demoliciones-para-ampliar-la-olof-palme-en-los-praditos.jpg\",\"width\":571,\"height\":414},{\"@type\":\"BreadcrumbList\",\"@id\":\"https:\\\/\\\/sarmiento24h.com\\\/?p=163051#breadcrumb\",\"itemListElement\":[{\"@type\":\"ListItem\",\"position\":1,\"name\":\"Home\",\"item\":\"https:\\\/\\\/sarmiento24h.com\\\/\"},{\"@type\":\"ListItem\",\"position\":2,\"name\":\"MIVED comienza demoliciones para ampliar la Olof Palme en Los Praditos\"}]},{\"@type\":\"WebSite\",\"@id\":\"https:\\\/\\\/sarmiento24h.com\\\/#website\",\"url\":\"https:\\\/\\\/sarmiento24h.com\\\/\",\"name\":\"Sarmiento24h\",\"description\":\"\",\"publisher\":{\"@id\":\"https:\\\/\\\/sarmiento24h.com\\\/#organization\"},\"potentialAction\":[{\"@type\":\"SearchAction\",\"target\":{\"@type\":\"EntryPoint\",\"urlTemplate\":\"https:\\\/\\\/sarmiento24h.com\\\/?s={search_term_string}\"},\"query-input\":{\"@type\":\"PropertyValueSpecification\",\"valueRequired\":true,\"valueName\":\"search_term_string\"}}],\"inLanguage\":\"es\"},{\"@type\":\"Organization\",\"@id\":\"https:\\\/\\\/sarmiento24h.com\\\/#organization\",\"name\":\"Sarmiento24h\",\"url\":\"https:\\\/\\\/sarmiento24h.com\\\/\",\"logo\":{\"@type\":\"ImageObject\",\"inLanguage\":\"es\",\"@id\":\"https:\\\/\\\/sarmiento24h.com\\\/#\\\/schema\\\/logo\\\/image\\\/\",\"url\":\"https:\\\/\\\/sarmiento24h.com\\\/wp-content\\\/uploads\\\/2025\\\/12\\\/AddText_12-16-10.30.52.jpg\",\"contentUrl\":\"https:\\\/\\\/sarmiento24h.com\\\/wp-content\\\/uploads\\\/2025\\\/12\\\/AddText_12-16-10.30.52.jpg\",\"width\":1220,\"height\":324,\"caption\":\"Sarmiento24h\"},\"image\":{\"@id\":\"https:\\\/\\\/sarmiento24h.com\\\/#\\\/schema\\\/logo\\\/image\\\/\"},\"sameAs\":[\"https:\\\/\\\/facebook.com\\\/s24hnoticias\",\"https:\\\/\\\/x.com\\\/sarmiento24h\"]},{\"@type\":\"Person\",\"@id\":\"https:\\\/\\\/sarmiento24h.com\\\/#\\\/schema\\\/person\\\/d653a59725ad629a7e0429af7b939d4d\",\"name\":\"sarmiento24h@gmail.com\",\"image\":{\"@type\":\"ImageObject\",\"inLanguage\":\"es\",\"@id\":\"https:\\\/\\\/sarmiento24h.com\\\/wp-content\\\/litespeed\\\/avatar\\\/d02cbc4e23c747e6659cd45907173c8f.jpg?ver=1777157796\",\"url\":\"https:\\\/\\\/sarmiento24h.com\\\/wp-content\\\/litespeed\\\/avatar\\\/d02cbc4e23c747e6659cd45907173c8f.jpg?ver=1777157796\",\"contentUrl\":\"https:\\\/\\\/sarmiento24h.com\\\/wp-content\\\/litespeed\\\/avatar\\\/d02cbc4e23c747e6659cd45907173c8f.jpg?ver=1777157796\",\"caption\":\"sarmiento24h@gmail.com\"},\"sameAs\":[\"https:\\\/\\\/sarmiento24h.com\"],\"url\":\"https:\\\/\\\/sarmiento24h.com\\\/?author=1\"}]}<\/script>\n<!-- \/ Yoast SEO plugin. -->","yoast_head_json":{"title":"MIVED comienza demoliciones para ampliar la Olof Palme en Los Praditos - Sarmiento24h","robots":{"index":"index","follow":"follow","max-snippet":"max-snippet:-1","max-image-preview":"max-image-preview:large","max-video-preview":"max-video-preview:-1"},"canonical":"https:\/\/sarmiento24h.com\/?p=163051","og_locale":"es_ES","og_type":"article","og_title":"MIVED comienza demoliciones para ampliar la Olof Palme en Los Praditos - Sarmiento24h","og_description":"El Ministerio de Vivienda y Edificaciones (MIVED)&#46;&#46;&#46;","og_url":"https:\/\/sarmiento24h.com\/?p=163051","og_site_name":"Sarmiento24h","article_publisher":"https:\/\/facebook.com\/s24hnoticias","article_published_time":"2026-04-29T03:36:56+00:00","og_image":[{"url":"https:\/\/multimedia.noticiassin.com\/wp-content\/uploads\/2026\/04\/mived-comienza-demoliciones-para-ampliar-la-olof-palme-en-los-praditos-20260429-023410-FCx6.jpg","type":"","width":"","height":""}],"author":"sarmiento24h@gmail.com","twitter_card":"summary_large_image","twitter_creator":"@sarmiento24h","twitter_site":"@sarmiento24h","twitter_misc":{"Escrito por":"sarmiento24h@gmail.com","Tiempo de lectura":"1 minuto"},"schema":{"@context":"https:\/\/schema.org","@graph":[{"@type":"Article","@id":"https:\/\/sarmiento24h.com\/?p=163051#article","isPartOf":{"@id":"https:\/\/sarmiento24h.com\/?p=163051"},"author":{"name":"sarmiento24h@gmail.com","@id":"https:\/\/sarmiento24h.com\/#\/schema\/person\/d653a59725ad629a7e0429af7b939d4d"},"headline":"MIVED comienza demoliciones para ampliar la Olof Palme en Los Praditos","datePublished":"2026-04-29T03:36:56+00:00","mainEntityOfPage":{"@id":"https:\/\/sarmiento24h.com\/?p=163051"},"wordCount":295,"publisher":{"@id":"https:\/\/sarmiento24h.com\/#organization"},"image":{"@id":"https:\/\/sarmiento24h.com\/?p=163051#primaryimage"},"thumbnailUrl":"https:\/\/sarmiento24h.com\/wp-content\/uploads\/2026\/04\/mived-comienza-demoliciones-para-ampliar-la-olof-palme-en-los-praditos.jpg","articleSection":["Nacionales"],"inLanguage":"es"},{"@type":"WebPage","@id":"https:\/\/sarmiento24h.com\/?p=163051","url":"https:\/\/sarmiento24h.com\/?p=163051","name":"MIVED comienza demoliciones para ampliar la Olof Palme en Los Praditos - Sarmiento24h","isPartOf":{"@id":"https:\/\/sarmiento24h.com\/#website"},"primaryImageOfPage":{"@id":"https:\/\/sarmiento24h.com\/?p=163051#primaryimage"},"image":{"@id":"https:\/\/sarmiento24h.com\/?p=163051#primaryimage"},"thumbnailUrl":"https:\/\/sarmiento24h.com\/wp-content\/uploads\/2026\/04\/mived-comienza-demoliciones-para-ampliar-la-olof-palme-en-los-praditos.jpg","datePublished":"2026-04-29T03:36:56+00:00","breadcrumb":{"@id":"https:\/\/sarmiento24h.com\/?p=163051#breadcrumb"},"inLanguage":"es","potentialAction":[{"@type":"ReadAction","target":["https:\/\/sarmiento24h.com\/?p=163051"]}]},{"@type":"ImageObject","inLanguage":"es","@id":"https:\/\/sarmiento24h.com\/?p=163051#primaryimage","url":"https:\/\/sarmiento24h.com\/wp-content\/uploads\/2026\/04\/mived-comienza-demoliciones-para-ampliar-la-olof-palme-en-los-praditos.jpg","contentUrl":"https:\/\/sarmiento24h.com\/wp-content\/uploads\/2026\/04\/mived-comienza-demoliciones-para-ampliar-la-olof-palme-en-los-praditos.jpg","width":571,"height":414},{"@type":"BreadcrumbList","@id":"https:\/\/sarmiento24h.com\/?p=163051#breadcrumb","itemListElement":[{"@type":"ListItem","position":1,"name":"Home","item":"https:\/\/sarmiento24h.com\/"},{"@type":"ListItem","position":2,"name":"MIVED comienza demoliciones para ampliar la Olof Palme en Los Praditos"}]},{"@type":"WebSite","@id":"https:\/\/sarmiento24h.com\/#website","url":"https:\/\/sarmiento24h.com\/","name":"Sarmiento24h","description":"","publisher":{"@id":"https:\/\/sarmiento24h.com\/#organization"},"potentialAction":[{"@type":"SearchAction","target":{"@type":"EntryPoint","urlTemplate":"https:\/\/sarmiento24h.com\/?s={search_term_string}"},"query-input":{"@type":"PropertyValueSpecification","valueRequired":true,"valueName":"search_term_string"}}],"inLanguage":"es"},{"@type":"Organization","@id":"https:\/\/sarmiento24h.com\/#organization","name":"Sarmiento24h","url":"https:\/\/sarmiento24h.com\/","logo":{"@type":"ImageObject","inLanguage":"es","@id":"https:\/\/sarmiento24h.com\/#\/schema\/logo\/image\/","url":"https:\/\/sarmiento24h.com\/wp-content\/uploads\/2025\/12\/AddText_12-16-10.30.52.jpg","contentUrl":"https:\/\/sarmiento24h.com\/wp-content\/uploads\/2025\/12\/AddText_12-16-10.30.52.jpg","width":1220,"height":324,"caption":"Sarmiento24h"},"image":{"@id":"https:\/\/sarmiento24h.com\/#\/schema\/logo\/image\/"},"sameAs":["https:\/\/facebook.com\/s24hnoticias","https:\/\/x.com\/sarmiento24h"]},{"@type":"Person","@id":"https:\/\/sarmiento24h.com\/#\/schema\/person\/d653a59725ad629a7e0429af7b939d4d","name":"sarmiento24h@gmail.com","image":{"@type":"ImageObject","inLanguage":"es","@id":"https:\/\/sarmiento24h.com\/wp-content\/litespeed\/avatar\/d02cbc4e23c747e6659cd45907173c8f.jpg?ver=1777157796","url":"https:\/\/sarmiento24h.com\/wp-content\/litespeed\/avatar\/d02cbc4e23c747e6659cd45907173c8f.jpg?ver=1777157796","contentUrl":"https:\/\/sarmiento24h.com\/wp-content\/litespeed\/avatar\/d02cbc4e23c747e6659cd45907173c8f.jpg?ver=1777157796","caption":"sarmiento24h@gmail.com"},"sameAs":["https:\/\/sarmiento24h.com"],"url":"https:\/\/sarmiento24h.com\/?author=1"}]}},"jetpack_publicize_connections":[],"jetpack_featured_media_url":"https:\/\/sarmiento24h.com\/wp-content\/uploads\/2026\/04\/mived-comienza-demoliciones-para-ampliar-la-olof-palme-en-los-praditos.jpg","jetpack_sharing_enabled":true,"_links":{"self":[{"href":"https:\/\/sarmiento24h.com\/index.php?rest_route=\/wp\/v2\/posts\/163051","targetHints":{"allow":["GET"]}}],"collection":[{"href":"https:\/\/sarmiento24h.com\/index.php?rest_route=\/wp\/v2\/posts"}],"about":[{"href":"https:\/\/sarmiento24h.com\/index.php?rest_route=\/wp\/v2\/types\/post"}],"author":[{"embeddable":true,"href":"https:\/\/sarmiento24h.com\/index.php?rest_route=\/wp\/v2\/users\/1"}],"replies":[{"embeddable":true,"href":"https:\/\/sarmiento24h.com\/index.php?rest_route=%2Fwp%2Fv2%2Fcomments&post=163051"}],"version-history":[{"count":0,"href":"https:\/\/sarmiento24h.com\/index.php?rest_route=\/wp\/v2\/posts\/163051\/revisions"}],"wp:featuredmedia":[{"embeddable":true,"href":"https:\/\/sarmiento24h.com\/index.php?rest_route=\/wp\/v2\/media\/163052"}],"wp:attachment":[{"href":"https:\/\/sarmiento24h.com\/index.php?rest_route=%2Fwp%2Fv2%2Fmedia&parent=163051"}],"wp:term":[{"taxonomy":"category","embeddable":true,"href":"https:\/\/sarmiento24h.com\/index.php?rest_route=%2Fwp%2Fv2%2Fcategories&post=163051"},{"taxonomy":"post_tag","embeddable":true,"href":"https:\/\/sarmiento24h.com\/index.php?rest_route=%2Fwp%2Fv2%2Ftags&post=163051"}],"curies":[{"name":"wp","href":"https:\/\/api.w.org\/{rel}","templated":true}]}}