{"id":163304,"date":"2026-04-29T05:57:59","date_gmt":"2026-04-29T05:57:59","guid":{"rendered":"http:\/\/almomento.net\/?p=1115871"},"modified":"2026-04-29T05:57:59","modified_gmt":"2026-04-29T05:57:59","slug":"el-prm-y-el-consenso-opinion","status":"publish","type":"post","link":"https:\/\/sarmiento24h.com\/?p=163304","title":{"rendered":"El PRM y el consenso (OPINION)"},"content":{"rendered":"<p>En pol\u00edtica, el consenso no es una concesi\u00f3n d\u00e9bil, sino una expresi\u00f3n de madurez institucional. Cuando un partido como el PRM apuesta por el di\u00e1logo interno y la concertaci\u00f3n \u2014ya sea para renovar su estructura o definir candidaturas\u2014 no est\u00e1 renunciando a la competencia democr\u00e1tica; por el contrario, busca evitar que la lucha interna derive en autodestrucci\u00f3n.<\/p>\n<p>Pero lo curioso, en este caso, es que quienes hoy critican el consenso a lo interno del partido fueron los mismos que, en su momento, se beneficiaron de \u00e9l.<\/p>\n<p>Recuerdo con precisi\u00f3n y claridad que, en el proceso pasado, los compa\u00f1eros que estuvieron bajo mi orientaci\u00f3n pol\u00edtica fueron considerados, al igual que yo, \u201covejas negras\u201d por oponernos a la selecci\u00f3n de una dirigencia por \u201cconsenso o acuerdo\u00bb y las candidaturas mediante encuestas.<\/p>\n<p>Durante todo ese pasado tiempo me propuse armar la carpinter\u00eda para presentar un candidato con el que pudi\u00e9ramos reorganizar la estructura del partido y relanzarlo para tratar de hacer un matrimonio con las organizaciones sociales y mostrar una visi\u00f3n distinta de la direcci\u00f3n existente.<\/p>\n<p>\u00bfQu\u00e9 busc\u00e1bamos? Tratar de desplazar esa directiva y agregar insumos al partido. Esta idea, tambi\u00e9n la&nbsp; expuse y cuaje&nbsp; en la Rep\u00fablica Dominicana con otra persona.<\/p>\n<p>Sin embargo, el candidato que hice a golpe de estrategia, result\u00f3 tener una visi\u00f3n estrecha y&nbsp; m\u00e1s sectaria, la que acompa\u00f1\u00f3 con una triste actitud negociadora ego\u00edsta, esa conducta me oblig\u00f3 a retirarle el apoyo.<\/p>\n<p><img loading=\"lazy\" decoding=\"async\" class=\"size-medium wp-image-1115873 alignleft\" src=\"https:\/\/almomento.net\/wp-content\/uploads\/2026\/04\/prm-300x256.png\" alt width=\"300\" height=\"256\" srcset=\"https:\/\/almomento.net\/wp-content\/uploads\/2026\/04\/prm-300x256.png 300w, https:\/\/almomento.net\/wp-content\/uploads\/2026\/04\/prm-1024x873.png 1024w, https:\/\/almomento.net\/wp-content\/uploads\/2026\/04\/prm-768x655.png 768w, https:\/\/almomento.net\/wp-content\/uploads\/2026\/04\/prm-111x95.png 111w, https:\/\/almomento.net\/wp-content\/uploads\/2026\/04\/prm-293x250.png 293w, https:\/\/almomento.net\/wp-content\/uploads\/2026\/04\/prm-258x220.png 258w, https:\/\/almomento.net\/wp-content\/uploads\/2026\/04\/prm.png 1290w\" sizes=\"auto, (max-width: 300px) 100vw, 300px\"><\/p>\n<p>Al final, la visi\u00f3n de una seccional bien organizada naufrag\u00f3.<\/p>\n<p>En otras ocasiones y en varias oportunidades recomend\u00e9 a quienes dirigen ahora que era necesario&nbsp;un reencuentro de todos, ya que la pol\u00edtica hab\u00eda roto v\u00ednculos afectivos de a\u00f1os, y eso no pod\u00eda ser posible.<\/p>\n<p>Porque les est\u00e1bamos dando los argumentos necesarios a la direcci\u00f3n nacional en Santo Domingo para justificar que \u00e9ramos incapaces y poder quedarse con las posiciones en el gobierno que, por derecho y sacrificio, le correspond\u00eda al exterior.<\/p>\n<p>Por varios medios quise que entendieran la importancia de ese acercamiento con la otra facci\u00f3n que se sent\u00eda desplazada. Para cambiar la imagen de un partido que no sale del cuadril\u00e1tero.<\/p>\n<p>Pero su respuesta siempre fue negativa.<\/p>\n<p>Nunca olvidar\u00e9 que, en la repartici\u00f3n de cargos, me ofrecieron algunas opciones para una posici\u00f3n, y las rechac\u00e9, tratando de ser coherente con lo que dec\u00eda y escrib\u00eda. Aunque al final entend\u00ed que era v\u00e1lido que algunos de los compa\u00f1eros que me acompa\u00f1aban en la cruzada ten\u00edan derecho a un cargo.<\/p>\n<p>\u00bfY qu\u00e9 ocurri\u00f3? Que ese dirigente, a quien le suministr\u00e9 los nombres, no coloc\u00f3 ni a uno solo en la direcci\u00f3n ejecutiva de la seccional. Llegaron tan lejos que incluyeron mi nombre con otro apellido, sin n\u00famero de c\u00e9dula ni direcci\u00f3n.<\/p>\n<p>\u00a1Qu\u00e9 iron\u00eda!<\/p>\n<p>Sin embargo, hoy se oponen al consenso, despu\u00e9s de haber promovido a personas que nunca han pisado el local del PRM en el 1880 de Carter, en el Bronx.<\/p>\n<p>La historia pol\u00edtica dominicana est\u00e1 llena de ingratitud, pero tambi\u00e9n de pactos, de arreglos y decisiones colegiadas que han permitido estabilidad en momentos de tensi\u00f3n. Pretender ahora vestirse de \u201cpuristas sacerdotal\u201d resulta, cuando menos, contradictorio: ponerse una falda hasta el tobillo, pero sin blumen.<\/p>\n<p>Por tanto, sigo insistiendo en que hay que abrir el partido, para renovar sus organismos y hacer que los distintos frentes de masas funcionen, en especial los de la juventud, las mujeres y los frentes sectoriales. Debemos procurar la creaci\u00f3n de un equipo de voceros que constantemente est\u00e9n en los medios y las plataformas, defendiendo la gesti\u00f3n y promoviendo las iniciativas del partido.<\/p>\n<p>Debemos lograr una hibridaci\u00f3n del partido con las organizaciones comunitarias, disciplinarlo para recibir a los nuevos miembros, crear la comisi\u00f3n de gesti\u00f3n empresarial para financiar los proyectos y programas, poner a funcionar la escuela de formaci\u00f3n pol\u00edtica y gesti\u00f3n p\u00fablica, para atraer a los intelectuales y profesionales bien calificados, renovar el local del partido y fomentar la competencia sana para ayudar a crecer las regiones.<\/p>\n<p>Aunque mi deseo ser\u00eda la&nbsp; formaci\u00f3n de varias seccionales para descentralizar el partido, al menos en Nueva York.<\/p>\n<p>Por consiguiente, el consenso, bien entendido, no es imposici\u00f3n; es un mecanismo pol\u00edtico para evitar fracturas innecesarias. En partidos j\u00f3venes o en proceso de consolidaci\u00f3n, como el PRM, la unidad no es un lujo: es una condici\u00f3n de supervivencia. Abrir procesos internos sin control, sin reglas claras o sin voluntad de acuerdo puede derivar en divisiones que luego el electorado castiga, m\u00e1s a\u00fan cuando la alta dirigencia sabe que podr\u00eda ser desplazada.<\/p>\n<p>Adem\u00e1s, hay un punto clave en todo esto: la autoridad moral.<\/p>\n<p>Ning\u00fan dirigente que haya participado en acuerdos, negociaciones o repartos internos anteriores puede criticar o descalificar el consenso hoy como si fuera una anomal\u00eda, por el simple hecho de que no le favorece. \u00a1Oh, pero el que te eligi\u00f3 s\u00ed era bueno!<\/p>\n<p>La pol\u00edtica no se construye en el vac\u00edo, sino en la negociaci\u00f3n constante. Negarlo es desconocer c\u00f3mo funciona el poder.<\/p>\n<p>Figuras hist\u00f3ricas de la pol\u00edtica dominicana, como Joaqu\u00edn Balaguer, Pe\u00f1a G\u00f3mez, Juan Bosch, Leonel Fern\u00e1ndez, Hip\u00f3lito Mej\u00eda y Luis Abinader, han utilizado el consenso como herramienta para gobernar, sostener coaliciones y mantener estructuras partidarias. No siempre fue perfecto, pero s\u00ed eficaz.<\/p>\n<p><b>Falta de transparencia<\/b><\/p>\n<p>El problema no es el consenso; el problema es la falta de transparencia y de reglas claras en su aplicaci\u00f3n. Cuando el consenso se percibe como un reparto cerrado o una imposici\u00f3n de c\u00fapulas, pierde legitimidad.<\/p>\n<p>Pero cuando responde a un proceso de di\u00e1logo real, se convierte en una salida pol\u00edtica inteligente.<\/p>\n<p>En el caso del PRM, el desaf\u00edo no es eliminar el consenso, sino perfeccionarlo: hacerlo m\u00e1s participativo, m\u00e1s abierto y m\u00e1s cre\u00edble ante la base. Porque en pol\u00edtica, tan importante como decidir es c\u00f3mo se decide.<\/p>\n<p>Por eso, antes de condenar el consenso, muchos dirigentes deber\u00edan revisar su propia conducta e historial.<\/p>\n<p>La memoria pol\u00edtica es corta, pero no inexistente. Y en ese espejo, pocos pueden arrojar la primera piedra.<\/p>\n<p>Finalmente, quienes hoy critican el consenso en p\u00fablico son los mismos que se han beneficiado de \u00e9l en privado.<\/p>\n<p>Y si gustan podemos debatir esto con los de aqu\u00ed y los de all\u00e1 en p\u00fablico.<\/p>\n<p><i>jpm-am<\/i><\/p>\n<div class=\"heateor_sss_sharing_container heateor_sss_horizontal_sharing\" data-heateor-sss-href=\"https:\/\/almomento.net\/el-prm-y-el-consenso-opinion\/\" readability=\"7\">\n<p>Comp\u00e1rtelo en tus redes:<\/p>\n<\/div>\n<p> <!-- 468x60 --><br \/>\n<ins class=\"adsbygoogle\" data-ad-client=\"ca-pub-3511341636159665\" data-ad-slot=\"3538255450\"><\/ins> <!-- .entry-content --> <\/p>\n","protected":false},"excerpt":{"rendered":"<p>En pol\u00edtica, el consenso no es una&#46;&#46;&#46;<\/p>\n","protected":false},"author":1,"featured_media":163305,"comment_status":"closed","ping_status":"closed","sticky":false,"template":"","format":"standard","meta":{"_jetpack_memberships_contains_paid_content":false,"footnotes":"","jetpack_publicize_message":"","jetpack_publicize_feature_enabled":true,"jetpack_social_post_already_shared":true,"jetpack_social_options":{"image_generator_settings":{"template":"highway","default_image_id":0,"font":"","enabled":false},"version":2}},"categories":[61],"tags":[],"class_list":["post-163304","post","type-post","status-publish","format-standard","has-post-thumbnail","hentry","category-politica"],"yoast_head":"<!-- This site is optimized with the Yoast SEO plugin v27.3 - https:\/\/yoast.com\/product\/yoast-seo-wordpress\/ -->\n<title>El PRM y el consenso (OPINION) - Sarmiento24h<\/title>\n<meta name=\"robots\" content=\"index, follow, max-snippet:-1, max-image-preview:large, max-video-preview:-1\" \/>\n<link rel=\"canonical\" href=\"https:\/\/sarmiento24h.com\/?p=163304\" \/>\n<meta property=\"og:locale\" content=\"es_ES\" \/>\n<meta property=\"og:type\" content=\"article\" \/>\n<meta property=\"og:title\" content=\"El PRM y el consenso (OPINION) - Sarmiento24h\" \/>\n<meta property=\"og:description\" content=\"En pol\u00edtica, el consenso no es una&#046;&#046;&#046;\" \/>\n<meta property=\"og:url\" content=\"https:\/\/sarmiento24h.com\/?p=163304\" \/>\n<meta property=\"og:site_name\" content=\"Sarmiento24h\" \/>\n<meta property=\"article:publisher\" content=\"https:\/\/facebook.com\/s24hnoticias\" \/>\n<meta property=\"article:published_time\" content=\"2026-04-29T05:57:59+00:00\" \/>\n<meta name=\"author\" content=\"sarmiento24h@gmail.com\" \/>\n<meta name=\"twitter:card\" content=\"summary_large_image\" \/>\n<meta name=\"twitter:creator\" content=\"@sarmiento24h\" \/>\n<meta name=\"twitter:site\" content=\"@sarmiento24h\" \/>\n<meta name=\"twitter:label1\" content=\"Escrito por\" \/>\n\t<meta name=\"twitter:data1\" content=\"sarmiento24h@gmail.com\" \/>\n\t<meta name=\"twitter:label2\" content=\"Tiempo de lectura\" \/>\n\t<meta name=\"twitter:data2\" content=\"6 minutos\" \/>\n<script type=\"application\/ld+json\" class=\"yoast-schema-graph\">{\"@context\":\"https:\\\/\\\/schema.org\",\"@graph\":[{\"@type\":\"Article\",\"@id\":\"https:\\\/\\\/sarmiento24h.com\\\/?p=163304#article\",\"isPartOf\":{\"@id\":\"https:\\\/\\\/sarmiento24h.com\\\/?p=163304\"},\"author\":{\"name\":\"sarmiento24h@gmail.com\",\"@id\":\"https:\\\/\\\/sarmiento24h.com\\\/#\\\/schema\\\/person\\\/d653a59725ad629a7e0429af7b939d4d\"},\"headline\":\"El PRM y el consenso (OPINION)\",\"datePublished\":\"2026-04-29T05:57:59+00:00\",\"mainEntityOfPage\":{\"@id\":\"https:\\\/\\\/sarmiento24h.com\\\/?p=163304\"},\"wordCount\":1131,\"publisher\":{\"@id\":\"https:\\\/\\\/sarmiento24h.com\\\/#organization\"},\"image\":{\"@id\":\"https:\\\/\\\/sarmiento24h.com\\\/?p=163304#primaryimage\"},\"thumbnailUrl\":\"https:\\\/\\\/sarmiento24h.com\\\/wp-content\\\/uploads\\\/2026\\\/04\\\/el-prm-y-el-consenso-opinion.png\",\"articleSection\":[\"Politica\"],\"inLanguage\":\"es\"},{\"@type\":\"WebPage\",\"@id\":\"https:\\\/\\\/sarmiento24h.com\\\/?p=163304\",\"url\":\"https:\\\/\\\/sarmiento24h.com\\\/?p=163304\",\"name\":\"El PRM y el consenso (OPINION) - Sarmiento24h\",\"isPartOf\":{\"@id\":\"https:\\\/\\\/sarmiento24h.com\\\/#website\"},\"primaryImageOfPage\":{\"@id\":\"https:\\\/\\\/sarmiento24h.com\\\/?p=163304#primaryimage\"},\"image\":{\"@id\":\"https:\\\/\\\/sarmiento24h.com\\\/?p=163304#primaryimage\"},\"thumbnailUrl\":\"https:\\\/\\\/sarmiento24h.com\\\/wp-content\\\/uploads\\\/2026\\\/04\\\/el-prm-y-el-consenso-opinion.png\",\"datePublished\":\"2026-04-29T05:57:59+00:00\",\"breadcrumb\":{\"@id\":\"https:\\\/\\\/sarmiento24h.com\\\/?p=163304#breadcrumb\"},\"inLanguage\":\"es\",\"potentialAction\":[{\"@type\":\"ReadAction\",\"target\":[\"https:\\\/\\\/sarmiento24h.com\\\/?p=163304\"]}]},{\"@type\":\"ImageObject\",\"inLanguage\":\"es\",\"@id\":\"https:\\\/\\\/sarmiento24h.com\\\/?p=163304#primaryimage\",\"url\":\"https:\\\/\\\/sarmiento24h.com\\\/wp-content\\\/uploads\\\/2026\\\/04\\\/el-prm-y-el-consenso-opinion.png\",\"contentUrl\":\"https:\\\/\\\/sarmiento24h.com\\\/wp-content\\\/uploads\\\/2026\\\/04\\\/el-prm-y-el-consenso-opinion.png\",\"width\":300,\"height\":256},{\"@type\":\"BreadcrumbList\",\"@id\":\"https:\\\/\\\/sarmiento24h.com\\\/?p=163304#breadcrumb\",\"itemListElement\":[{\"@type\":\"ListItem\",\"position\":1,\"name\":\"Home\",\"item\":\"https:\\\/\\\/sarmiento24h.com\\\/\"},{\"@type\":\"ListItem\",\"position\":2,\"name\":\"El PRM y el consenso (OPINION)\"}]},{\"@type\":\"WebSite\",\"@id\":\"https:\\\/\\\/sarmiento24h.com\\\/#website\",\"url\":\"https:\\\/\\\/sarmiento24h.com\\\/\",\"name\":\"Sarmiento24h\",\"description\":\"\",\"publisher\":{\"@id\":\"https:\\\/\\\/sarmiento24h.com\\\/#organization\"},\"potentialAction\":[{\"@type\":\"SearchAction\",\"target\":{\"@type\":\"EntryPoint\",\"urlTemplate\":\"https:\\\/\\\/sarmiento24h.com\\\/?s={search_term_string}\"},\"query-input\":{\"@type\":\"PropertyValueSpecification\",\"valueRequired\":true,\"valueName\":\"search_term_string\"}}],\"inLanguage\":\"es\"},{\"@type\":\"Organization\",\"@id\":\"https:\\\/\\\/sarmiento24h.com\\\/#organization\",\"name\":\"Sarmiento24h\",\"url\":\"https:\\\/\\\/sarmiento24h.com\\\/\",\"logo\":{\"@type\":\"ImageObject\",\"inLanguage\":\"es\",\"@id\":\"https:\\\/\\\/sarmiento24h.com\\\/#\\\/schema\\\/logo\\\/image\\\/\",\"url\":\"https:\\\/\\\/sarmiento24h.com\\\/wp-content\\\/uploads\\\/2025\\\/12\\\/AddText_12-16-10.30.52.jpg\",\"contentUrl\":\"https:\\\/\\\/sarmiento24h.com\\\/wp-content\\\/uploads\\\/2025\\\/12\\\/AddText_12-16-10.30.52.jpg\",\"width\":1220,\"height\":324,\"caption\":\"Sarmiento24h\"},\"image\":{\"@id\":\"https:\\\/\\\/sarmiento24h.com\\\/#\\\/schema\\\/logo\\\/image\\\/\"},\"sameAs\":[\"https:\\\/\\\/facebook.com\\\/s24hnoticias\",\"https:\\\/\\\/x.com\\\/sarmiento24h\"]},{\"@type\":\"Person\",\"@id\":\"https:\\\/\\\/sarmiento24h.com\\\/#\\\/schema\\\/person\\\/d653a59725ad629a7e0429af7b939d4d\",\"name\":\"sarmiento24h@gmail.com\",\"image\":{\"@type\":\"ImageObject\",\"inLanguage\":\"es\",\"@id\":\"https:\\\/\\\/sarmiento24h.com\\\/wp-content\\\/litespeed\\\/avatar\\\/d02cbc4e23c747e6659cd45907173c8f.jpg?ver=1777157796\",\"url\":\"https:\\\/\\\/sarmiento24h.com\\\/wp-content\\\/litespeed\\\/avatar\\\/d02cbc4e23c747e6659cd45907173c8f.jpg?ver=1777157796\",\"contentUrl\":\"https:\\\/\\\/sarmiento24h.com\\\/wp-content\\\/litespeed\\\/avatar\\\/d02cbc4e23c747e6659cd45907173c8f.jpg?ver=1777157796\",\"caption\":\"sarmiento24h@gmail.com\"},\"sameAs\":[\"https:\\\/\\\/sarmiento24h.com\"],\"url\":\"https:\\\/\\\/sarmiento24h.com\\\/?author=1\"}]}<\/script>\n<!-- \/ Yoast SEO plugin. -->","yoast_head_json":{"title":"El PRM y el consenso (OPINION) - Sarmiento24h","robots":{"index":"index","follow":"follow","max-snippet":"max-snippet:-1","max-image-preview":"max-image-preview:large","max-video-preview":"max-video-preview:-1"},"canonical":"https:\/\/sarmiento24h.com\/?p=163304","og_locale":"es_ES","og_type":"article","og_title":"El PRM y el consenso (OPINION) - Sarmiento24h","og_description":"En pol\u00edtica, el consenso no es una&#46;&#46;&#46;","og_url":"https:\/\/sarmiento24h.com\/?p=163304","og_site_name":"Sarmiento24h","article_publisher":"https:\/\/facebook.com\/s24hnoticias","article_published_time":"2026-04-29T05:57:59+00:00","author":"sarmiento24h@gmail.com","twitter_card":"summary_large_image","twitter_creator":"@sarmiento24h","twitter_site":"@sarmiento24h","twitter_misc":{"Escrito por":"sarmiento24h@gmail.com","Tiempo de lectura":"6 minutos"},"schema":{"@context":"https:\/\/schema.org","@graph":[{"@type":"Article","@id":"https:\/\/sarmiento24h.com\/?p=163304#article","isPartOf":{"@id":"https:\/\/sarmiento24h.com\/?p=163304"},"author":{"name":"sarmiento24h@gmail.com","@id":"https:\/\/sarmiento24h.com\/#\/schema\/person\/d653a59725ad629a7e0429af7b939d4d"},"headline":"El PRM y el consenso (OPINION)","datePublished":"2026-04-29T05:57:59+00:00","mainEntityOfPage":{"@id":"https:\/\/sarmiento24h.com\/?p=163304"},"wordCount":1131,"publisher":{"@id":"https:\/\/sarmiento24h.com\/#organization"},"image":{"@id":"https:\/\/sarmiento24h.com\/?p=163304#primaryimage"},"thumbnailUrl":"https:\/\/sarmiento24h.com\/wp-content\/uploads\/2026\/04\/el-prm-y-el-consenso-opinion.png","articleSection":["Politica"],"inLanguage":"es"},{"@type":"WebPage","@id":"https:\/\/sarmiento24h.com\/?p=163304","url":"https:\/\/sarmiento24h.com\/?p=163304","name":"El PRM y el consenso (OPINION) - Sarmiento24h","isPartOf":{"@id":"https:\/\/sarmiento24h.com\/#website"},"primaryImageOfPage":{"@id":"https:\/\/sarmiento24h.com\/?p=163304#primaryimage"},"image":{"@id":"https:\/\/sarmiento24h.com\/?p=163304#primaryimage"},"thumbnailUrl":"https:\/\/sarmiento24h.com\/wp-content\/uploads\/2026\/04\/el-prm-y-el-consenso-opinion.png","datePublished":"2026-04-29T05:57:59+00:00","breadcrumb":{"@id":"https:\/\/sarmiento24h.com\/?p=163304#breadcrumb"},"inLanguage":"es","potentialAction":[{"@type":"ReadAction","target":["https:\/\/sarmiento24h.com\/?p=163304"]}]},{"@type":"ImageObject","inLanguage":"es","@id":"https:\/\/sarmiento24h.com\/?p=163304#primaryimage","url":"https:\/\/sarmiento24h.com\/wp-content\/uploads\/2026\/04\/el-prm-y-el-consenso-opinion.png","contentUrl":"https:\/\/sarmiento24h.com\/wp-content\/uploads\/2026\/04\/el-prm-y-el-consenso-opinion.png","width":300,"height":256},{"@type":"BreadcrumbList","@id":"https:\/\/sarmiento24h.com\/?p=163304#breadcrumb","itemListElement":[{"@type":"ListItem","position":1,"name":"Home","item":"https:\/\/sarmiento24h.com\/"},{"@type":"ListItem","position":2,"name":"El PRM y el consenso (OPINION)"}]},{"@type":"WebSite","@id":"https:\/\/sarmiento24h.com\/#website","url":"https:\/\/sarmiento24h.com\/","name":"Sarmiento24h","description":"","publisher":{"@id":"https:\/\/sarmiento24h.com\/#organization"},"potentialAction":[{"@type":"SearchAction","target":{"@type":"EntryPoint","urlTemplate":"https:\/\/sarmiento24h.com\/?s={search_term_string}"},"query-input":{"@type":"PropertyValueSpecification","valueRequired":true,"valueName":"search_term_string"}}],"inLanguage":"es"},{"@type":"Organization","@id":"https:\/\/sarmiento24h.com\/#organization","name":"Sarmiento24h","url":"https:\/\/sarmiento24h.com\/","logo":{"@type":"ImageObject","inLanguage":"es","@id":"https:\/\/sarmiento24h.com\/#\/schema\/logo\/image\/","url":"https:\/\/sarmiento24h.com\/wp-content\/uploads\/2025\/12\/AddText_12-16-10.30.52.jpg","contentUrl":"https:\/\/sarmiento24h.com\/wp-content\/uploads\/2025\/12\/AddText_12-16-10.30.52.jpg","width":1220,"height":324,"caption":"Sarmiento24h"},"image":{"@id":"https:\/\/sarmiento24h.com\/#\/schema\/logo\/image\/"},"sameAs":["https:\/\/facebook.com\/s24hnoticias","https:\/\/x.com\/sarmiento24h"]},{"@type":"Person","@id":"https:\/\/sarmiento24h.com\/#\/schema\/person\/d653a59725ad629a7e0429af7b939d4d","name":"sarmiento24h@gmail.com","image":{"@type":"ImageObject","inLanguage":"es","@id":"https:\/\/sarmiento24h.com\/wp-content\/litespeed\/avatar\/d02cbc4e23c747e6659cd45907173c8f.jpg?ver=1777157796","url":"https:\/\/sarmiento24h.com\/wp-content\/litespeed\/avatar\/d02cbc4e23c747e6659cd45907173c8f.jpg?ver=1777157796","contentUrl":"https:\/\/sarmiento24h.com\/wp-content\/litespeed\/avatar\/d02cbc4e23c747e6659cd45907173c8f.jpg?ver=1777157796","caption":"sarmiento24h@gmail.com"},"sameAs":["https:\/\/sarmiento24h.com"],"url":"https:\/\/sarmiento24h.com\/?author=1"}]}},"jetpack_publicize_connections":[],"jetpack_featured_media_url":"https:\/\/sarmiento24h.com\/wp-content\/uploads\/2026\/04\/el-prm-y-el-consenso-opinion.png","jetpack_sharing_enabled":true,"_links":{"self":[{"href":"https:\/\/sarmiento24h.com\/index.php?rest_route=\/wp\/v2\/posts\/163304","targetHints":{"allow":["GET"]}}],"collection":[{"href":"https:\/\/sarmiento24h.com\/index.php?rest_route=\/wp\/v2\/posts"}],"about":[{"href":"https:\/\/sarmiento24h.com\/index.php?rest_route=\/wp\/v2\/types\/post"}],"author":[{"embeddable":true,"href":"https:\/\/sarmiento24h.com\/index.php?rest_route=\/wp\/v2\/users\/1"}],"replies":[{"embeddable":true,"href":"https:\/\/sarmiento24h.com\/index.php?rest_route=%2Fwp%2Fv2%2Fcomments&post=163304"}],"version-history":[{"count":0,"href":"https:\/\/sarmiento24h.com\/index.php?rest_route=\/wp\/v2\/posts\/163304\/revisions"}],"wp:featuredmedia":[{"embeddable":true,"href":"https:\/\/sarmiento24h.com\/index.php?rest_route=\/wp\/v2\/media\/163305"}],"wp:attachment":[{"href":"https:\/\/sarmiento24h.com\/index.php?rest_route=%2Fwp%2Fv2%2Fmedia&parent=163304"}],"wp:term":[{"taxonomy":"category","embeddable":true,"href":"https:\/\/sarmiento24h.com\/index.php?rest_route=%2Fwp%2Fv2%2Fcategories&post=163304"},{"taxonomy":"post_tag","embeddable":true,"href":"https:\/\/sarmiento24h.com\/index.php?rest_route=%2Fwp%2Fv2%2Ftags&post=163304"}],"curies":[{"name":"wp","href":"https:\/\/api.w.org\/{rel}","templated":true}]}}