{"id":163500,"date":"2026-04-29T08:06:46","date_gmt":"2026-04-29T08:06:46","guid":{"rendered":"http:\/\/86ec1078-4350-11f1-b066-d76e35294e63"},"modified":"2026-04-29T08:06:46","modified_gmt":"2026-04-29T08:06:46","slug":"el-exdirector-del-fbi-james-comey-es-imputado-por-supuestas-amenazas-de-muerte-a-trump","status":"publish","type":"post","link":"https:\/\/sarmiento24h.com\/?p=163500","title":{"rendered":"El exdirector del FBI James Comey es imputado por supuestas amenazas de muerte a Trump"},"content":{"rendered":"<p>Una fotograf\u00eda con conchas marinas, repartidas de tal manera en una playa de <a href=\"https:\/\/www.france24.com\/es\/tag\/carolina-del-norte\/\" target=\"_self\" class=\"gtm-add-suggested-tag\">Carolina del Norte<\/a> que formaban los n\u00fameros \u00ab86\u00bb y \u00ab47\u00bb. Esa publicaci\u00f3n en <a href=\"https:\/\/www.france24.com\/es\/tag\/instagram\/\" target=\"_self\" class=\"gtm-add-suggested-tag\">Instagram<\/a> durante sus vacaciones en mayo pasado es lo que vuelve a poner a <a href=\"https:\/\/www.france24.com\/es\/tag\/james-comey\/\" target=\"_self\" class=\"gtm-add-suggested-tag\">James Comey<\/a>&nbsp;en el banquillo de los acusados.<\/p>\n<p>El <a href=\"https:\/\/www.france24.com\/es\/tag\/departamento-de-justicia\/\" target=\"_self\" class=\"gtm-add-suggested-tag\">Departamento de Justicia<\/a> indic\u00f3, en una conferencia de prensa, que un gran jurado imput\u00f3 al exdirector del Bur\u00f3 Federal de Investigaciones (<a href=\"https:\/\/www.france24.com\/es\/tag\/fbi\/\" target=\"_self\" class=\"gtm-add-suggested-tag\">FBI<\/a>, por sus siglas en ingl\u00e9s) con dos cargos federales por supuestas amenazas de muerte contra el presidente <a href=\"https:\/\/www.france24.com\/es\/tag\/donald-trump\/\" target=\"_self\" class=\"gtm-add-suggested-tag\">Donald Trump<\/a>.<\/p>\n<p>La acusaci\u00f3n surge de c\u00f3mo se interpret\u00f3 el posteo de Comey en sus redes sociales. Seg\u00fan el diccionario Merriam-Webster, el \u00ab86\u00bb es una expresi\u00f3n coloquial que puede significar \u00abdesechar\u00bb, \u00abeliminar\u00bb o \u00abdeshacerse de\u00bb alguien, mientras que el \u00ab47\u00bb es el n\u00famero de presidente de la historia estadounidense que ocupa Trump en su segundo mandato.<\/p>\n<p>Sobre esta base, Comey es acusado de amenazar \u00aba sabiendas y deliberadamente\u00bb con \u00abquitarle la vida y causarle da\u00f1o f\u00edsico\u00bb a Trump, as\u00ed como&nbsp;de la transmisi\u00f3n de una comunicaci\u00f3n interestatal con contenido amenazante.<\/p>\n<div id=\"em-WBMZ387286-F24-ES-20260429\" class=\"m-em-flash\" data-xtwitter-script><figcaption class=\"a-figcaption\"> <\/figcaption><div class=\"o-em-consent \" readability=\"7\">\n<div class=\"o-em-consent__content\" readability=\"34\">\n<p class=\"o-em-consent__content__text\">Para mostrar este contenido de X (Twitter), debe autorizar las cookies de medici\u00f3n de audiencia y publicidad.<\/p>\n<p> <button class=\"a-master-button a-master-button--dark\" data-action=\"accept\"> Aceptar <svg class=\"a-svg a-svg--icon-check\"> <use xlink:href=\"\/build\/images\/svg\/sprite.c98bf387c90bc4a87186b0b783f15ba0.svg#icon-check\" href=\"\/build\/images\/svg\/sprite.c98bf387c90bc4a87186b0b783f15ba0.svg#icon-check\" \/> <\/svg> <\/button> <button class=\"a-link\" data-action=\"manage\">Gestionar mis opciones<i class=\"a-svg a-svg--icon-edit\"><\/i><\/button> <\/div>\n<\/div>\n<\/div>\n<p>Sin aportar pruebas que respalden que Comey era consciente de que su publicaci\u00f3n representar\u00eda una amenaza, la acusaci\u00f3n sugiri\u00f3 que un \u00abreceptor razonable familiarizado con las circunstancias interpretar\u00eda\u00bb el mensaje como una intenci\u00f3n de causar da\u00f1o.<\/p>\n<p>Al anunciar la acusaci\u00f3n formal, el fiscal general en funciones, Todd Blanche, se neg\u00f3 a dar detalles sobre las evidencias que tendr\u00eda el Gobierno, pero afirm\u00f3: \u00ab\u00bfC\u00f3mo se prueba la intencionalidad en cualquier caso? Se prueba con testigos, con documentos, con el propio acusado, en la medida en que sea pertinente. Y as\u00ed es como probaremos la intencionalidad en este caso\u00bb.<\/p>\n<p>En su momento, Comey defendi\u00f3 que pretend\u00eda enviar un mensaje pol\u00edtico, no una incitaci\u00f3n, y elimin\u00f3 la publicaci\u00f3n poco despu\u00e9s. En su r\u00e9plica, aleg\u00f3 no haber ca\u00eddo en cuenta \u00abque algunas personas asocian esos n\u00fameros con la violencia\u00bb y manifest\u00f3 su oposici\u00f3n \u00aba la violencia de cualquier tipo, as\u00ed que elimin\u00e9 la publicaci\u00f3n\u00bb.<\/p>\n<p>Trump, sin embargo, no le crey\u00f3. En una entrevista con &#8216;Fox News&#8217;, acus\u00f3 a Comey de saber \u00abexactamente lo que eso significaba\u00bb.<\/p>\n<p>\u00abHasta un ni\u00f1o sabe lo que eso significaba \u2013sostuvo el presidente estadounidense\u2013. Si eres el director del FBI y no sabes lo que eso significaba, significaba asesinato. Y lo deja bien claro\u00bb.<\/p>\n<h2><strong>Un Departamento de Justicia a pedir de Trump<\/strong><\/h2>\n<p>La acusaci\u00f3n, la segunda que enfrenta Comey en cuesti\u00f3n de meses, alimenta la percepci\u00f3n de que el Departamento de Justicia est\u00e1 acelerando sus esfuerzos para perseguir y procesar a los opositores pol\u00edticos del presidente.<\/p>\n<p>M\u00e1s a\u00fan cuando Todd Blanche busca ser ratificado como fiscal general, cargo que ostenta de manera interina luego de la destituci\u00f3n de <a href=\"https:\/\/www.france24.com\/es\/tag\/pam-bondi\/\" target=\"_self\" class=\"gtm-add-suggested-tag\">Pam Bondi<\/a>, cuya salida fue vinculada en parte con no haber avanzado causas contra detractores del mandatario o no haberlo hecho lo suficientemente r\u00e1pido.<\/p>\n<p>Blanche, un leal a Trump que anteriormente fue su abogado personal, intent\u00f3 refutar los se\u00f1alamientos y sostuvo que el caso contra el exjefe del FBI era similar a otros casos de amenazas que el Departamento de Justicia suele presentar contra personas menos conocidas en la esfera p\u00fablica.<\/p>\n<div class=\"m-em-image\">\n<figure class=\"m-item-image m-item-image--original m-item-image--has-caption\"> <picture class=\"a-picture a-picture--original\"><source type=\"image\/webp\" srcset=\"https:\/\/s.france24.com\/media\/display\/f468e41e-4350-11f1-8e36-005056bf30b7\/w:246\/FOTO-EEUU-BLANCHE-ACUSA-COMEY.webp 246w, https:\/\/s.france24.com\/media\/display\/f468e41e-4350-11f1-8e36-005056bf30b7\/w:388\/FOTO-EEUU-BLANCHE-ACUSA-COMEY.webp 388w, https:\/\/s.france24.com\/media\/display\/f468e41e-4350-11f1-8e36-005056bf30b7\/w:720\/FOTO-EEUU-BLANCHE-ACUSA-COMEY.webp 720w, https:\/\/s.france24.com\/media\/display\/f468e41e-4350-11f1-8e36-005056bf30b7\/w:980\/FOTO-EEUU-BLANCHE-ACUSA-COMEY.webp 980w\" sizes=\"(max-width: 1023px) calc(100vw - 32px), (min-width: 1024px) 850px\"><img fetchpriority=\"low\" decoding=\"async\" src=\"https:\/\/s.france24.com\/media\/display\/f468e41e-4350-11f1-8e36-005056bf30b7\/w:980\/FOTO-EEUU-BLANCHE-ACUSA-COMEY.jpg\" srcset=\"https:\/\/s.france24.com\/media\/display\/f468e41e-4350-11f1-8e36-005056bf30b7\/w:246\/FOTO-EEUU-BLANCHE-ACUSA-COMEY.jpg 246w, https:\/\/s.france24.com\/media\/display\/f468e41e-4350-11f1-8e36-005056bf30b7\/w:388\/FOTO-EEUU-BLANCHE-ACUSA-COMEY.jpg 388w, https:\/\/s.france24.com\/media\/display\/f468e41e-4350-11f1-8e36-005056bf30b7\/w:720\/FOTO-EEUU-BLANCHE-ACUSA-COMEY.jpg 720w, https:\/\/s.france24.com\/media\/display\/f468e41e-4350-11f1-8e36-005056bf30b7\/w:980\/FOTO-EEUU-BLANCHE-ACUSA-COMEY.jpg 980w\" sizes=\"(max-width: 1023px) calc(100vw - 32px), (min-width: 1024px) 850px\" alt=\"El director del FBI, Kash Patel, el fiscal general interino Todd Blanche, y Ellis Boyle, fiscal federal del Distrito Este de Carolina del Norte, anuncian la acusaci\u00f3n formal contra el exdirector del FBI, James Comey, en el Departamento de Justicia en Washington, el 28 de abril de 2026.\" loading=\"lazy\" class=\"a-img \">\n<\/picture><figcaption class=\"a-figcaption\"> <span>El director del FBI, Kash Patel, el fiscal general interino Todd Blanche, y Ellis Boyle, fiscal federal del Distrito Este de Carolina del Norte, anuncian la acusaci\u00f3n formal contra el exdirector del FBI, James Comey, en el Departamento de Justicia en Washington, el 28 de abril de 2026.<\/span> <span>\u00a9 Cliff Owen \/ AP<\/span> <\/figcaption><\/figure>\n<\/p><\/div>\n<p>\u00abSi bien este caso es \u00fanico y esta acusaci\u00f3n formal destaca por el nombre del acusado, su presunta conducta es del mismo tipo que jam\u00e1s toleraremos y que siempre investigaremos y procesaremos\u00bb, insisti\u00f3.<\/p>\n<p>Sin embargo, resulta llamativo que, desde que Blanche asumi\u00f3 el cargo principal en abril, el Departamento de Justicia ha presentado cargos penales contra el Southern Poverty Law Center,&nbsp;una organizaci\u00f3n de derechos civiles que monitorea a grupos extremistas; ha publicado un informe sobre la supuesta mala conducta en procesamientos anteriores de activistas antiaborto y ha acusado a un exfuncionario de los Institutos Nacionales de Salud por el presunto ocultamiento de registros&nbsp;relacionados con subvenciones para la investigaci\u00f3n de la pandemia de <a href=\"https:\/\/www.france24.com\/es\/tag\/covid-19\/\" target=\"_self\" class=\"gtm-add-suggested-tag\">Covid-19<\/a>.<\/p>\n<h2><strong>Comey, otra vez en la mira<\/strong><\/h2>\n<p>La de este martes es la segunda imputaci\u00f3n contra Comey en cuesti\u00f3n de meses. En septiembre pasado, el Departamento de Justicia lo hab\u00eda acusado de mentir y obstruir al <a href=\"https:\/\/www.france24.com\/es\/tag\/congreso\/\" target=\"_self\" class=\"gtm-add-suggested-tag\">Congreso<\/a> en su testimonio de 2020 sobre si hab\u00eda autorizado que se proporcionara informaci\u00f3n privilegiada a un periodista acerca de una investigaci\u00f3n del FBI.<\/p>\n<p>En su momento, Comey neg\u00f3 haber cometido delito alguno y el caso fue desestimado posteriormente luego de que un juez concluyera que la fiscal Lindsey Halligan hab\u00eda sido nombrada para el caso de manera ilegal.<\/p>\n<p>El hecho de que el Departamento de Justicia iniciara un nuevo caso contra el exdirector del FBI apenas meses despu\u00e9s de que esa primera acusaci\u00f3n fuera separada podr\u00eda exponer al Gobierno a acusaciones de persecuci\u00f3n vengativa.<\/p>\n<p class=\"a-read-more\"><span class=\"a-read-more__label\">Leer tambi\u00e9n<\/span><a href=\"https:\/\/www.france24.com\/es\/ee-uu-y-canad\u00e1\/20251125-claves-de-la-anulaci\u00f3n-de-los-casos-contra-james-comey-y-letitia-james-tras-investigar-a-trump\" target=\"_self\" class=\"a-read-more__link\">Claves de la anulaci\u00f3n de los casos contra James Comey y Letitia James tras investigar a Trump<\/a><\/p>\n<p>Este nuevo caso tambi\u00e9n podr\u00eda ser impugnado por motivos de libertad de expresi\u00f3n, ya que la Primera Enmienda de la <a href=\"https:\/\/www.france24.com\/es\/tag\/constituci\u00f3n\/\" target=\"_self\" class=\"gtm-add-suggested-tag\">Constituci\u00f3n<\/a> de Estados Unidos contempla fuertes protecciones a las declaraciones pol\u00edticas, incluso a las que puedan ser consideradas ofensivas.<\/p>\n<p>Nombrado por el dem\u00f3crata <a href=\"https:\/\/www.france24.com\/es\/tag\/barack-obama\/\" target=\"_self\" class=\"gtm-add-suggested-tag\">Barack Obama<\/a>, Comey era el director del FBI cuando Trump asumi\u00f3 la Presidencia en 2017 y, tras meses de una relaci\u00f3n tensa en la que el mandatario lleg\u00f3 a pedirle en una cena privada que le jurara lealtad personal, lo removi\u00f3 del cargo.<\/p>\n<p>Ese despido fue especialmente pol\u00e9mico porque Comey lideraba entonces la investigaci\u00f3n sobre la llamada \u00abtrama rusa\u00bb, que indagaba si la campa\u00f1a de Trump en 2016 hab\u00eda confabulado con <a href=\"https:\/\/www.france24.com\/es\/tag\/rusia\/\" target=\"_self\" class=\"gtm-add-suggested-tag\">Rusia<\/a> para influir en el resultado de las elecciones presidenciales.<\/p>\n<p>Desde entonces, Comey se convirti\u00f3 en un enemigo ac\u00e9rrimo para Trump, al punto que el exdirector del FBI hab\u00eda anticipado esta nueva imputaci\u00f3n, tras la desestimaci\u00f3n de la primera acusaci\u00f3n en su contra. <strong>\u00abDonald Trump probablemente venga por m\u00ed otra vez\u00bb,<\/strong> afirm\u00f3 en un video publicado en su Instagram, en noviembre pasado.<\/p>\n<p>Con AP, Reuters y EFE<\/p>\n","protected":false},"excerpt":{"rendered":"<p>Una fotograf\u00eda con conchas marinas, repartidas de&#46;&#46;&#46;<\/p>\n","protected":false},"author":1,"featured_media":163501,"comment_status":"closed","ping_status":"closed","sticky":false,"template":"","format":"standard","meta":{"_jetpack_memberships_contains_paid_content":false,"footnotes":"","jetpack_publicize_message":"","jetpack_publicize_feature_enabled":true,"jetpack_social_post_already_shared":true,"jetpack_social_options":{"image_generator_settings":{"template":"highway","default_image_id":0,"font":"","enabled":false},"version":2}},"categories":[43],"tags":[],"class_list":["post-163500","post","type-post","status-publish","format-standard","has-post-thumbnail","hentry","category-internacionales"],"yoast_head":"<!-- This site is optimized with the Yoast SEO plugin v27.3 - https:\/\/yoast.com\/product\/yoast-seo-wordpress\/ -->\n<title>El exdirector del FBI James Comey es imputado por supuestas amenazas de muerte a Trump - Sarmiento24h<\/title>\n<meta name=\"robots\" content=\"index, follow, max-snippet:-1, max-image-preview:large, max-video-preview:-1\" \/>\n<link rel=\"canonical\" href=\"https:\/\/sarmiento24h.com\/?p=163500\" \/>\n<meta property=\"og:locale\" content=\"es_ES\" \/>\n<meta property=\"og:type\" content=\"article\" \/>\n<meta property=\"og:title\" content=\"El exdirector del FBI James Comey es imputado por supuestas amenazas de muerte a Trump - Sarmiento24h\" \/>\n<meta property=\"og:description\" content=\"Una fotograf\u00eda con conchas marinas, repartidas de&#046;&#046;&#046;\" \/>\n<meta property=\"og:url\" content=\"https:\/\/sarmiento24h.com\/?p=163500\" \/>\n<meta property=\"og:site_name\" content=\"Sarmiento24h\" \/>\n<meta property=\"article:publisher\" content=\"https:\/\/facebook.com\/s24hnoticias\" \/>\n<meta property=\"article:published_time\" content=\"2026-04-29T08:06:46+00:00\" \/>\n<meta property=\"og:image\" content=\"https:\/\/s.france24.com\/media\/display\/f468e41e-4350-11f1-8e36-005056bf30b7\/w:980\/FOTO-EEUU-BLANCHE-ACUSA-COMEY.jpg\" \/>\n<meta name=\"author\" content=\"sarmiento24h@gmail.com\" \/>\n<meta name=\"twitter:card\" content=\"summary_large_image\" \/>\n<meta name=\"twitter:creator\" content=\"@sarmiento24h\" \/>\n<meta name=\"twitter:site\" content=\"@sarmiento24h\" \/>\n<meta name=\"twitter:label1\" content=\"Escrito por\" \/>\n\t<meta name=\"twitter:data1\" content=\"sarmiento24h@gmail.com\" \/>\n\t<meta name=\"twitter:label2\" content=\"Tiempo de lectura\" \/>\n\t<meta name=\"twitter:data2\" content=\"6 minutos\" \/>\n<script type=\"application\/ld+json\" class=\"yoast-schema-graph\">{\"@context\":\"https:\\\/\\\/schema.org\",\"@graph\":[{\"@type\":\"Article\",\"@id\":\"https:\\\/\\\/sarmiento24h.com\\\/?p=163500#article\",\"isPartOf\":{\"@id\":\"https:\\\/\\\/sarmiento24h.com\\\/?p=163500\"},\"author\":{\"name\":\"sarmiento24h@gmail.com\",\"@id\":\"https:\\\/\\\/sarmiento24h.com\\\/#\\\/schema\\\/person\\\/d653a59725ad629a7e0429af7b939d4d\"},\"headline\":\"El exdirector del FBI James Comey es imputado por supuestas amenazas de muerte a Trump\",\"datePublished\":\"2026-04-29T08:06:46+00:00\",\"mainEntityOfPage\":{\"@id\":\"https:\\\/\\\/sarmiento24h.com\\\/?p=163500\"},\"wordCount\":1122,\"publisher\":{\"@id\":\"https:\\\/\\\/sarmiento24h.com\\\/#organization\"},\"image\":{\"@id\":\"https:\\\/\\\/sarmiento24h.com\\\/?p=163500#primaryimage\"},\"thumbnailUrl\":\"https:\\\/\\\/sarmiento24h.com\\\/wp-content\\\/uploads\\\/2026\\\/04\\\/el-exdirector-del-fbi-james-comey-es-imputado-por-supuestas-amenazas-de-muerte-a-trump.jpg\",\"articleSection\":[\"Internacionales\"],\"inLanguage\":\"es\"},{\"@type\":\"WebPage\",\"@id\":\"https:\\\/\\\/sarmiento24h.com\\\/?p=163500\",\"url\":\"https:\\\/\\\/sarmiento24h.com\\\/?p=163500\",\"name\":\"El exdirector del FBI James Comey es imputado por supuestas amenazas de muerte a Trump - Sarmiento24h\",\"isPartOf\":{\"@id\":\"https:\\\/\\\/sarmiento24h.com\\\/#website\"},\"primaryImageOfPage\":{\"@id\":\"https:\\\/\\\/sarmiento24h.com\\\/?p=163500#primaryimage\"},\"image\":{\"@id\":\"https:\\\/\\\/sarmiento24h.com\\\/?p=163500#primaryimage\"},\"thumbnailUrl\":\"https:\\\/\\\/sarmiento24h.com\\\/wp-content\\\/uploads\\\/2026\\\/04\\\/el-exdirector-del-fbi-james-comey-es-imputado-por-supuestas-amenazas-de-muerte-a-trump.jpg\",\"datePublished\":\"2026-04-29T08:06:46+00:00\",\"breadcrumb\":{\"@id\":\"https:\\\/\\\/sarmiento24h.com\\\/?p=163500#breadcrumb\"},\"inLanguage\":\"es\",\"potentialAction\":[{\"@type\":\"ReadAction\",\"target\":[\"https:\\\/\\\/sarmiento24h.com\\\/?p=163500\"]}]},{\"@type\":\"ImageObject\",\"inLanguage\":\"es\",\"@id\":\"https:\\\/\\\/sarmiento24h.com\\\/?p=163500#primaryimage\",\"url\":\"https:\\\/\\\/sarmiento24h.com\\\/wp-content\\\/uploads\\\/2026\\\/04\\\/el-exdirector-del-fbi-james-comey-es-imputado-por-supuestas-amenazas-de-muerte-a-trump.jpg\",\"contentUrl\":\"https:\\\/\\\/sarmiento24h.com\\\/wp-content\\\/uploads\\\/2026\\\/04\\\/el-exdirector-del-fbi-james-comey-es-imputado-por-supuestas-amenazas-de-muerte-a-trump.jpg\",\"width\":980,\"height\":551},{\"@type\":\"BreadcrumbList\",\"@id\":\"https:\\\/\\\/sarmiento24h.com\\\/?p=163500#breadcrumb\",\"itemListElement\":[{\"@type\":\"ListItem\",\"position\":1,\"name\":\"Home\",\"item\":\"https:\\\/\\\/sarmiento24h.com\\\/\"},{\"@type\":\"ListItem\",\"position\":2,\"name\":\"El exdirector del FBI James Comey es imputado por supuestas amenazas de muerte a Trump\"}]},{\"@type\":\"WebSite\",\"@id\":\"https:\\\/\\\/sarmiento24h.com\\\/#website\",\"url\":\"https:\\\/\\\/sarmiento24h.com\\\/\",\"name\":\"Sarmiento24h\",\"description\":\"\",\"publisher\":{\"@id\":\"https:\\\/\\\/sarmiento24h.com\\\/#organization\"},\"potentialAction\":[{\"@type\":\"SearchAction\",\"target\":{\"@type\":\"EntryPoint\",\"urlTemplate\":\"https:\\\/\\\/sarmiento24h.com\\\/?s={search_term_string}\"},\"query-input\":{\"@type\":\"PropertyValueSpecification\",\"valueRequired\":true,\"valueName\":\"search_term_string\"}}],\"inLanguage\":\"es\"},{\"@type\":\"Organization\",\"@id\":\"https:\\\/\\\/sarmiento24h.com\\\/#organization\",\"name\":\"Sarmiento24h\",\"url\":\"https:\\\/\\\/sarmiento24h.com\\\/\",\"logo\":{\"@type\":\"ImageObject\",\"inLanguage\":\"es\",\"@id\":\"https:\\\/\\\/sarmiento24h.com\\\/#\\\/schema\\\/logo\\\/image\\\/\",\"url\":\"https:\\\/\\\/sarmiento24h.com\\\/wp-content\\\/uploads\\\/2025\\\/12\\\/AddText_12-16-10.30.52.jpg\",\"contentUrl\":\"https:\\\/\\\/sarmiento24h.com\\\/wp-content\\\/uploads\\\/2025\\\/12\\\/AddText_12-16-10.30.52.jpg\",\"width\":1220,\"height\":324,\"caption\":\"Sarmiento24h\"},\"image\":{\"@id\":\"https:\\\/\\\/sarmiento24h.com\\\/#\\\/schema\\\/logo\\\/image\\\/\"},\"sameAs\":[\"https:\\\/\\\/facebook.com\\\/s24hnoticias\",\"https:\\\/\\\/x.com\\\/sarmiento24h\"]},{\"@type\":\"Person\",\"@id\":\"https:\\\/\\\/sarmiento24h.com\\\/#\\\/schema\\\/person\\\/d653a59725ad629a7e0429af7b939d4d\",\"name\":\"sarmiento24h@gmail.com\",\"image\":{\"@type\":\"ImageObject\",\"inLanguage\":\"es\",\"@id\":\"https:\\\/\\\/sarmiento24h.com\\\/wp-content\\\/litespeed\\\/avatar\\\/d02cbc4e23c747e6659cd45907173c8f.jpg?ver=1777157796\",\"url\":\"https:\\\/\\\/sarmiento24h.com\\\/wp-content\\\/litespeed\\\/avatar\\\/d02cbc4e23c747e6659cd45907173c8f.jpg?ver=1777157796\",\"contentUrl\":\"https:\\\/\\\/sarmiento24h.com\\\/wp-content\\\/litespeed\\\/avatar\\\/d02cbc4e23c747e6659cd45907173c8f.jpg?ver=1777157796\",\"caption\":\"sarmiento24h@gmail.com\"},\"sameAs\":[\"https:\\\/\\\/sarmiento24h.com\"],\"url\":\"https:\\\/\\\/sarmiento24h.com\\\/?author=1\"}]}<\/script>\n<!-- \/ Yoast SEO plugin. -->","yoast_head_json":{"title":"El exdirector del FBI James Comey es imputado por supuestas amenazas de muerte a Trump - Sarmiento24h","robots":{"index":"index","follow":"follow","max-snippet":"max-snippet:-1","max-image-preview":"max-image-preview:large","max-video-preview":"max-video-preview:-1"},"canonical":"https:\/\/sarmiento24h.com\/?p=163500","og_locale":"es_ES","og_type":"article","og_title":"El exdirector del FBI James Comey es imputado por supuestas amenazas de muerte a Trump - Sarmiento24h","og_description":"Una fotograf\u00eda con conchas marinas, repartidas de&#46;&#46;&#46;","og_url":"https:\/\/sarmiento24h.com\/?p=163500","og_site_name":"Sarmiento24h","article_publisher":"https:\/\/facebook.com\/s24hnoticias","article_published_time":"2026-04-29T08:06:46+00:00","og_image":[{"url":"https:\/\/s.france24.com\/media\/display\/f468e41e-4350-11f1-8e36-005056bf30b7\/w:980\/FOTO-EEUU-BLANCHE-ACUSA-COMEY.jpg","type":"","width":"","height":""}],"author":"sarmiento24h@gmail.com","twitter_card":"summary_large_image","twitter_creator":"@sarmiento24h","twitter_site":"@sarmiento24h","twitter_misc":{"Escrito por":"sarmiento24h@gmail.com","Tiempo de lectura":"6 minutos"},"schema":{"@context":"https:\/\/schema.org","@graph":[{"@type":"Article","@id":"https:\/\/sarmiento24h.com\/?p=163500#article","isPartOf":{"@id":"https:\/\/sarmiento24h.com\/?p=163500"},"author":{"name":"sarmiento24h@gmail.com","@id":"https:\/\/sarmiento24h.com\/#\/schema\/person\/d653a59725ad629a7e0429af7b939d4d"},"headline":"El exdirector del FBI James Comey es imputado por supuestas amenazas de muerte a Trump","datePublished":"2026-04-29T08:06:46+00:00","mainEntityOfPage":{"@id":"https:\/\/sarmiento24h.com\/?p=163500"},"wordCount":1122,"publisher":{"@id":"https:\/\/sarmiento24h.com\/#organization"},"image":{"@id":"https:\/\/sarmiento24h.com\/?p=163500#primaryimage"},"thumbnailUrl":"https:\/\/sarmiento24h.com\/wp-content\/uploads\/2026\/04\/el-exdirector-del-fbi-james-comey-es-imputado-por-supuestas-amenazas-de-muerte-a-trump.jpg","articleSection":["Internacionales"],"inLanguage":"es"},{"@type":"WebPage","@id":"https:\/\/sarmiento24h.com\/?p=163500","url":"https:\/\/sarmiento24h.com\/?p=163500","name":"El exdirector del FBI James Comey es imputado por supuestas amenazas de muerte a Trump - Sarmiento24h","isPartOf":{"@id":"https:\/\/sarmiento24h.com\/#website"},"primaryImageOfPage":{"@id":"https:\/\/sarmiento24h.com\/?p=163500#primaryimage"},"image":{"@id":"https:\/\/sarmiento24h.com\/?p=163500#primaryimage"},"thumbnailUrl":"https:\/\/sarmiento24h.com\/wp-content\/uploads\/2026\/04\/el-exdirector-del-fbi-james-comey-es-imputado-por-supuestas-amenazas-de-muerte-a-trump.jpg","datePublished":"2026-04-29T08:06:46+00:00","breadcrumb":{"@id":"https:\/\/sarmiento24h.com\/?p=163500#breadcrumb"},"inLanguage":"es","potentialAction":[{"@type":"ReadAction","target":["https:\/\/sarmiento24h.com\/?p=163500"]}]},{"@type":"ImageObject","inLanguage":"es","@id":"https:\/\/sarmiento24h.com\/?p=163500#primaryimage","url":"https:\/\/sarmiento24h.com\/wp-content\/uploads\/2026\/04\/el-exdirector-del-fbi-james-comey-es-imputado-por-supuestas-amenazas-de-muerte-a-trump.jpg","contentUrl":"https:\/\/sarmiento24h.com\/wp-content\/uploads\/2026\/04\/el-exdirector-del-fbi-james-comey-es-imputado-por-supuestas-amenazas-de-muerte-a-trump.jpg","width":980,"height":551},{"@type":"BreadcrumbList","@id":"https:\/\/sarmiento24h.com\/?p=163500#breadcrumb","itemListElement":[{"@type":"ListItem","position":1,"name":"Home","item":"https:\/\/sarmiento24h.com\/"},{"@type":"ListItem","position":2,"name":"El exdirector del FBI James Comey es imputado por supuestas amenazas de muerte a Trump"}]},{"@type":"WebSite","@id":"https:\/\/sarmiento24h.com\/#website","url":"https:\/\/sarmiento24h.com\/","name":"Sarmiento24h","description":"","publisher":{"@id":"https:\/\/sarmiento24h.com\/#organization"},"potentialAction":[{"@type":"SearchAction","target":{"@type":"EntryPoint","urlTemplate":"https:\/\/sarmiento24h.com\/?s={search_term_string}"},"query-input":{"@type":"PropertyValueSpecification","valueRequired":true,"valueName":"search_term_string"}}],"inLanguage":"es"},{"@type":"Organization","@id":"https:\/\/sarmiento24h.com\/#organization","name":"Sarmiento24h","url":"https:\/\/sarmiento24h.com\/","logo":{"@type":"ImageObject","inLanguage":"es","@id":"https:\/\/sarmiento24h.com\/#\/schema\/logo\/image\/","url":"https:\/\/sarmiento24h.com\/wp-content\/uploads\/2025\/12\/AddText_12-16-10.30.52.jpg","contentUrl":"https:\/\/sarmiento24h.com\/wp-content\/uploads\/2025\/12\/AddText_12-16-10.30.52.jpg","width":1220,"height":324,"caption":"Sarmiento24h"},"image":{"@id":"https:\/\/sarmiento24h.com\/#\/schema\/logo\/image\/"},"sameAs":["https:\/\/facebook.com\/s24hnoticias","https:\/\/x.com\/sarmiento24h"]},{"@type":"Person","@id":"https:\/\/sarmiento24h.com\/#\/schema\/person\/d653a59725ad629a7e0429af7b939d4d","name":"sarmiento24h@gmail.com","image":{"@type":"ImageObject","inLanguage":"es","@id":"https:\/\/sarmiento24h.com\/wp-content\/litespeed\/avatar\/d02cbc4e23c747e6659cd45907173c8f.jpg?ver=1777157796","url":"https:\/\/sarmiento24h.com\/wp-content\/litespeed\/avatar\/d02cbc4e23c747e6659cd45907173c8f.jpg?ver=1777157796","contentUrl":"https:\/\/sarmiento24h.com\/wp-content\/litespeed\/avatar\/d02cbc4e23c747e6659cd45907173c8f.jpg?ver=1777157796","caption":"sarmiento24h@gmail.com"},"sameAs":["https:\/\/sarmiento24h.com"],"url":"https:\/\/sarmiento24h.com\/?author=1"}]}},"jetpack_publicize_connections":[],"jetpack_featured_media_url":"https:\/\/sarmiento24h.com\/wp-content\/uploads\/2026\/04\/el-exdirector-del-fbi-james-comey-es-imputado-por-supuestas-amenazas-de-muerte-a-trump.jpg","jetpack_sharing_enabled":true,"_links":{"self":[{"href":"https:\/\/sarmiento24h.com\/index.php?rest_route=\/wp\/v2\/posts\/163500","targetHints":{"allow":["GET"]}}],"collection":[{"href":"https:\/\/sarmiento24h.com\/index.php?rest_route=\/wp\/v2\/posts"}],"about":[{"href":"https:\/\/sarmiento24h.com\/index.php?rest_route=\/wp\/v2\/types\/post"}],"author":[{"embeddable":true,"href":"https:\/\/sarmiento24h.com\/index.php?rest_route=\/wp\/v2\/users\/1"}],"replies":[{"embeddable":true,"href":"https:\/\/sarmiento24h.com\/index.php?rest_route=%2Fwp%2Fv2%2Fcomments&post=163500"}],"version-history":[{"count":0,"href":"https:\/\/sarmiento24h.com\/index.php?rest_route=\/wp\/v2\/posts\/163500\/revisions"}],"wp:featuredmedia":[{"embeddable":true,"href":"https:\/\/sarmiento24h.com\/index.php?rest_route=\/wp\/v2\/media\/163501"}],"wp:attachment":[{"href":"https:\/\/sarmiento24h.com\/index.php?rest_route=%2Fwp%2Fv2%2Fmedia&parent=163500"}],"wp:term":[{"taxonomy":"category","embeddable":true,"href":"https:\/\/sarmiento24h.com\/index.php?rest_route=%2Fwp%2Fv2%2Fcategories&post=163500"},{"taxonomy":"post_tag","embeddable":true,"href":"https:\/\/sarmiento24h.com\/index.php?rest_route=%2Fwp%2Fv2%2Ftags&post=163500"}],"curies":[{"name":"wp","href":"https:\/\/api.w.org\/{rel}","templated":true}]}}