{"id":163502,"date":"2026-04-29T08:06:47","date_gmt":"2026-04-29T08:06:47","guid":{"rendered":"http:\/\/536180ea-434f-11f1-a55a-d76e35294e63"},"modified":"2026-04-29T08:06:47","modified_gmt":"2026-04-29T08:06:47","slug":"trump-vs-merz-de-una-nacion-humillada-por-el-liderazgo-irani-al-no-sabe-de-lo-que-habla","status":"publish","type":"post","link":"https:\/\/sarmiento24h.com\/?p=163502","title":{"rendered":"Trump vs. Merz: de \u201cuna naci\u00f3n humillada por el liderazgo iran\u00ed\u201d al \u201cno sabe de lo que habla\u201d"},"content":{"rendered":"<p><a href=\"https:\/\/www.france24.com\/es\/tag\/donald-trump\/\" target=\"_self\" class=\"gtm-add-suggested-tag\">Donald Trump<\/a> y <a href=\"https:\/\/www.france24.com\/es\/tag\/friedrich-merz\/\" target=\"_self\" class=\"gtm-add-suggested-tag\">Friedrich Merz<\/a> han vuelto a protagonizar un intercambio p\u00fablico. Enfrentados por la posici\u00f3n sobre <a href=\"https:\/\/www.france24.com\/es\/tag\/ucrania\/\" target=\"_self\" class=\"gtm-add-suggested-tag\">Ucrania<\/a>, por el gasto de los pa\u00edses europeos en defensa y por la negativa de los aliados de la <a href=\"https:\/\/www.france24.com\/es\/tag\/otan\/\" target=\"_self\" class=\"gtm-add-suggested-tag\">OTAN<\/a> a sumarse a la guerra contra <a href=\"https:\/\/www.france24.com\/es\/tag\/ir\u00e1n\/\" target=\"_self\" class=\"gtm-add-suggested-tag\">Ir\u00e1n<\/a>, ahora difieren tambi\u00e9n sobre las negociaciones de paz con la Rep\u00fablica Isl\u00e1mica.<\/p>\n<p>Ninguno de los dos se ha ahorrado cr\u00edticas en este \u00faltimo enfrentamiento, que se inici\u00f3 con unos pronunciamientos del canciller alem\u00e1n el 27 de abril, durante una charla ante estudiantes en un centro escolar de Marsberg en Renania del Norte-Westfalia.<\/p>\n<p>Merz se refiri\u00f3 a la forma en que, a su juicio, la parte iran\u00ed ha llevado el pulso de las negociaciones de paz.<\/p>\n<p>\u00abLos iran\u00edes son obviamente muy h\u00e1biles negociando, o m\u00e1s bien, muy h\u00e1biles en no negociar, dejando que los estadounidenses viajen a Islamabad y luego se marchen de nuevo sin ning\u00fan resultado\u00bb, coment\u00f3 Merz.<\/p>\n<div class=\"em-video-wrapper m-em-video\" data-media-video-wbmz387276-f24-es-20260428 data-wrapper-video-player data-show-hidden-video-player=\"WBMZ387276-F24-ES-20260428\" data-youtube-script>\n<div class=\"m-em-video__video\">\n<div class=\"o-em-consent \" readability=\"7\">\n<div class=\"o-em-consent__content\" readability=\"34\">\n<p class=\"o-em-consent__content__text\">Para mostrar este contenido de YouTube, debe autorizar las cookies de medici\u00f3n de audiencia y publicidad.<\/p>\n<p> <button class=\"a-master-button a-master-button--dark\" data-action=\"accept\"> Aceptar <svg class=\"a-svg a-svg--icon-check\"> <use xlink:href=\"\/build\/images\/svg\/sprite.c98bf387c90bc4a87186b0b783f15ba0.svg#icon-check\" href=\"\/build\/images\/svg\/sprite.c98bf387c90bc4a87186b0b783f15ba0.svg#icon-check\" \/> <\/svg> <\/button> <button class=\"a-link\" data-action=\"manage\">Gestionar mis opciones<i class=\"a-svg a-svg--icon-edit\"><\/i><\/button> <\/div>\n<\/div>\n<div class=\"o-em-adblock\" data-adblock-content readability=\"7\">\n<div class=\"o-em-adblock__content\" readability=\"34\">\n<p class=\"o-em-adblock__content__text\">Una extensi\u00f3n de tu navegador parece estar bloqueando la carga del reproductor de video. Para poder ver este contenido, debes desactivarla en este sitio.<\/p>\n<p> <button class=\"a-master-button a-master-button--dark\" data-action=\"reload\">Reintentar<\/button> <\/div>\n<\/div>\n<figure class=\"m-item-image m-item-image--16x9 m-item-image--has-caption\"> <picture class=\"a-picture a-picture--16x9\"><source type=\"image\/webp\" srcset=\"https:\/\/s.france24.com\/media\/display\/f0aa8100-4104-11f1-a6bc-005056bfb2b6\/w:388\/p:16x9\/capture-69195177369ed58f97f3de4-98453403.webp 388w, https:\/\/s.france24.com\/media\/display\/f0aa8100-4104-11f1-a6bc-005056bfb2b6\/w:720\/p:16x9\/capture-69195177369ed58f97f3de4-98453403.webp 720w, https:\/\/s.france24.com\/media\/display\/f0aa8100-4104-11f1-a6bc-005056bfb2b6\/w:1024\/p:16x9\/capture-69195177369ed58f97f3de4-98453403.webp 1024w\" sizes=\"(max-width: 639px) calc(100vw - 32px), (max-width: 1076px) calc(100vw - 44px), 850px\"><img fetchpriority=\"low\" decoding=\"async\" src=\"https:\/\/s.france24.com\/media\/display\/f0aa8100-4104-11f1-a6bc-005056bfb2b6\/w:1024\/p:16x9\/capture-69195177369ed58f97f3de4-98453403.jpg\" srcset=\"https:\/\/s.france24.com\/media\/display\/f0aa8100-4104-11f1-a6bc-005056bfb2b6\/w:388\/p:16x9\/capture-69195177369ed58f97f3de4-98453403.jpg 388w, https:\/\/s.france24.com\/media\/display\/f0aa8100-4104-11f1-a6bc-005056bfb2b6\/w:720\/p:16x9\/capture-69195177369ed58f97f3de4-98453403.jpg 720w, https:\/\/s.france24.com\/media\/display\/f0aa8100-4104-11f1-a6bc-005056bfb2b6\/w:1024\/p:16x9\/capture-69195177369ed58f97f3de4-98453403.jpg 1024w\" sizes=\"auto, (max-width: 639px) calc(100vw - 32px), (max-width: 1076px) calc(100vw - 44px), 850px\" width=\"1024\" height=\"576\" alt=\"Trump afirma que Ir\u00e1n hizo una nueva propuesta tras la cancelaci\u00f3n del viaje de enviados de EE. UU. a Pakist\u00e1n\" loading=\"lazy\" class=\"a-img \">\n<\/picture><figcaption class=\"a-figcaption\"> <span>Trump afirma que Ir\u00e1n hizo una nueva propuesta tras la cancelaci\u00f3n del viaje de enviados de EE. UU. a Pakist\u00e1n<\/span> <span>\u00a9 France 24<\/span> <\/figcaption><\/figure>\n<\/p><\/div>\n<\/p><\/div>\n<p>A continuaci\u00f3n, a\u00f1adi\u00f3 que \u00abtoda una naci\u00f3n est\u00e1 siendo humillada por el liderazgo iran\u00ed, especialmente por estos llamados Guardianes de la Revoluci\u00f3n. As\u00ed que espero que esto termine lo antes posible\u00bb.<\/p>\n<p>Merz luego record\u00f3 que los pa\u00edses europeos no hab\u00edan sido consultados antes del inicio de las hostilidades por parte de <a href=\"https:\/\/www.france24.com\/es\/tag\/israel\/\" target=\"_self\" class=\"gtm-add-suggested-tag\">Israel<\/a> y Estados Unidos el 28 de febrero, y que desde el principio dio a conocer a Trump sus reservas sobre la ofensiva.<\/p>\n<p>\u00abSi hubiera sabido que esto continuar\u00eda as\u00ed durante cinco o seis semanas y empeorar\u00eda progresivamente, se lo habr\u00eda dicho a\u00fan m\u00e1s enf\u00e1ticamente\u00bb, agreg\u00f3 el l\u00edder alem\u00e1n, que compar\u00f3 el manejo de este conflicto con el que se dio a otros como el de <a href=\"https:\/\/www.france24.com\/es\/tag\/irak\/\" target=\"_self\" class=\"gtm-add-suggested-tag\">Irak<\/a> y <a href=\"https:\/\/www.france24.com\/es\/tag\/afganist\u00e1n\/\" target=\"_self\" class=\"gtm-add-suggested-tag\">Afganist\u00e1n<\/a>, en los que, a su juicio, se vivi\u00f3 la misma falta de claridad.<\/p>\n<blockquote class=\"quote\" readability=\"9\">\n<p>\u00abNo veo una estrategia clara. En un conflicto no solo hay que entrar, sino que se tiene que entrar y hay que saber c\u00f3mo salir. Lo que pasa cuando no se tiene en cuenta esto lo vimos en Afganist\u00e1n, en Irak y ahora en Ir\u00e1n\u00bb.<\/p>\n<\/blockquote>\n<p>Finalmente, hizo \u00e9nfasis en las consecuencias que ha tra\u00eddo para su pa\u00eds el cierre del <a href=\"https:\/\/www.france24.com\/es\/tag\/estrecho-de-ormuz\/\" target=\"_self\" class=\"gtm-add-suggested-tag\">estrecho de Ormuz<\/a> y su consecuente impacto en el costo de la energ\u00eda:<\/p>\n<blockquote class=\"quote\" readability=\"7\">\n<p>\u201cEsto le est\u00e1 costando a Alemania mucho dinero, mucho dinero de los contribuyentes y mucha fortaleza econ\u00f3mica\u201d.<\/p>\n<\/blockquote>\n<p>Poco despu\u00e9s, el mismo d\u00eda, durante una reuni\u00f3n de los grupos parlamentarios de la Uni\u00f3n Cristianodem\u00f3crata (CDU) y la Uni\u00f3n Socialcristiana (CSU) de Baviera en Berl\u00edn, confes\u00f3 sentirse \u201cdesilusionado\u201d de la falta de compromiso con una soluci\u00f3n.<\/p>\n<p>\u00abEn lo que respecta a Ir\u00e1n, me siento desilusionado, y sencillamente porque<strong> Estados Unidos e Israel part\u00edan de la base de que el problema se resolver\u00eda en pocos d\u00edas y hoy tenemos que constatar que no es as\u00ed\u201d, <\/strong>afirm\u00f3.<\/p>\n<h2><strong>\u201cNo sabe de lo que habla\u201d<\/strong><\/h2>\n<p>Fiel a su estilo, el presidente estadounidense reaccion\u00f3 este martes a las cr\u00edticas de Merz tergiversando sus palabras y afirmando en una publicaci\u00f3n en su red Truth Social que el canciller alem\u00e1n est\u00e1 \u201cde acuerdo\u201d con que Ir\u00e1n tenga un arma nuclear.<\/p>\n<p>\u201c\u00a1No sabe de lo que habla! Si Ir\u00e1n tuviera un arma nuclear, el mundo entero estar\u00eda secuestrado. Estoy haciendo algo con Ir\u00e1n, ahora mismo, que otras naciones, o presidentes, deber\u00edan haber hecho hace tiempo\u201d, se quej\u00f3 el magnate republicano.<\/p>\n<div id=\"em-WBMZ387279-F24-ES-20260428\" class=\"m-em-flash\" data-truthsocial-script><figcaption class=\"a-figcaption\"> <\/figcaption><div class=\"o-em-consent \" readability=\"7\">\n<div class=\"o-em-consent__content\" readability=\"34\">\n<p class=\"o-em-consent__content__text\">Para mostrar este contenido de Truth Social, debe autorizar las cookies de medici\u00f3n de audiencia y publicidad.<\/p>\n<p> <button class=\"a-master-button a-master-button--dark\" data-action=\"accept\"> Aceptar <svg class=\"a-svg a-svg--icon-check\"> <use xlink:href=\"\/build\/images\/svg\/sprite.c98bf387c90bc4a87186b0b783f15ba0.svg#icon-check\" href=\"\/build\/images\/svg\/sprite.c98bf387c90bc4a87186b0b783f15ba0.svg#icon-check\" \/> <\/svg> <\/button> <button class=\"a-link\" data-action=\"manage\">Gestionar mis opciones<i class=\"a-svg a-svg--icon-edit\"><\/i><\/button> <\/div>\n<\/div>\n<\/div>\n<p>Luego agreg\u00f3 que la posici\u00f3n de Merz era esclarecedora sobre la situaci\u00f3n actual de Alemania:<\/p>\n<blockquote class=\"quote\" readability=\"7\">\n<p>\u201c\u00a1No es de extra\u00f1ar que Alemania est\u00e9 tan mal, tanto econ\u00f3micamente como en otros aspectos!\u201d.<\/p>\n<\/blockquote>\n<p>No respondi\u00f3, sin embargo, a los se\u00f1alamientos de fondo de Merz sobre la falta de estrategia de los aliados Estados Unidos e Israel en relaci\u00f3n con el conflicto, ni sobre la forma en que la diplomacia iran\u00ed ha burlado los esfuerzos de Islamabad y Washington por un nuevo encuentro para abordar el fin de las hostilidades.<\/p>\n<h2><strong>Cada vez m\u00e1s lejos<\/strong><\/h2>\n<p>Los comentarios del lunes marcan un nuevo cap\u00edtulo en la creciente distancia de Merz con respecto a Trump, que no ha hecho sino profundizarse en los \u00faltimos tiempos.<\/p>\n<p>Ambos han diferido en relaci\u00f3n con Ucrania, que sigue contando con el apoyo irrestricto del canciller alem\u00e1n y los principales aliados europeos de la OTAN, mientras que Trump ha puesto creciente presi\u00f3n sobre el presidente <a href=\"https:\/\/www.france24.com\/es\/tag\/volod\u00edmir-zelenski\/\" target=\"_self\" class=\"gtm-add-suggested-tag\">Volod\u00edmir Zelenski<\/a> para que acepte las condiciones de Mosc\u00fa que marcar\u00edan el fin de la guerra.<\/p>\n<p>Tambi\u00e9n chocaron por el gasto en defensa de los europeos, que para Trump es reflejo del peso desproporcionado que la OTAN pone sobre el aporte estadounidense, sobre las pretensiones de Washington sobre <a href=\"https:\/\/www.france24.com\/es\/tag\/groenlandia\/\" target=\"_self\" class=\"gtm-add-suggested-tag\">Groenlandia<\/a> y, m\u00e1s recientemente, por la negativa de los l\u00edderes de la Alianza Atl\u00e1ntica de sumarse a los esfuerzos por abrir el estrecho de Ormuz.<\/p>\n<p>Trump ha asegurado en repetidas oportunidades que el cierre por parte de Ir\u00e1n de la importante v\u00eda mar\u00edtima, por la que circula el 20% del petr\u00f3leo mundial, no afecta a Estados Unidos, que es productor y recibe sus importaciones por rutas que no incluyen al estrecho, y que deber\u00eda ser <a href=\"https:\/\/www.france24.com\/es\/tag\/europa\/\" target=\"_self\" class=\"gtm-add-suggested-tag\">Europa<\/a> la m\u00e1s comprometida con lograr la reapertura.<\/p>\n<p>Sin embargo, Berl\u00edn, Londres, Par\u00eds y Roma han coincidido en su posici\u00f3n com\u00fan de no dejarse \u201carrastrar a la guerra\u201d, como lo defini\u00f3 el primer ministro brit\u00e1nico,&nbsp;<a href=\"https:\/\/www.france24.com\/es\/tag\/keir-starmer\/\" target=\"_self\" class=\"gtm-add-suggested-tag\">Keir Starmer<\/a>, aunque en sus declaraciones del lunes, Merz ofreci\u00f3, en nombre de Europa, \u201cenviar dragaminas alemanes para limpiar el estrecho\u201d.<\/p>\n<div class=\"em-video-wrapper m-em-video\" data-media-video-wbmz387280-f24-es-20260429 data-wrapper-video-player data-show-hidden-video-player=\"WBMZ387280-F24-ES-20260429\" data-youtube-script>\n<div class=\"m-em-video__video\">\n<div class=\"o-em-consent \" readability=\"7\">\n<div class=\"o-em-consent__content\" readability=\"34\">\n<p class=\"o-em-consent__content__text\">Para mostrar este contenido de YouTube, debe autorizar las cookies de medici\u00f3n de audiencia y publicidad.<\/p>\n<p> <button class=\"a-master-button a-master-button--dark\" data-action=\"accept\"> Aceptar <svg class=\"a-svg a-svg--icon-check\"> <use xlink:href=\"\/build\/images\/svg\/sprite.c98bf387c90bc4a87186b0b783f15ba0.svg#icon-check\" href=\"\/build\/images\/svg\/sprite.c98bf387c90bc4a87186b0b783f15ba0.svg#icon-check\" \/> <\/svg> <\/button> <button class=\"a-link\" data-action=\"manage\">Gestionar mis opciones<i class=\"a-svg a-svg--icon-edit\"><\/i><\/button> <\/div>\n<\/div>\n<div class=\"o-em-adblock\" data-adblock-content readability=\"7\">\n<div class=\"o-em-adblock__content\" readability=\"34\">\n<p class=\"o-em-adblock__content__text\">Una extensi\u00f3n de tu navegador parece estar bloqueando la carga del reproductor de video. Para poder ver este contenido, debes desactivarla en este sitio.<\/p>\n<p> <button class=\"a-master-button a-master-button--dark\" data-action=\"reload\">Reintentar<\/button> <\/div>\n<\/div>\n<figure class=\"m-item-image m-item-image--16x9 m-item-image--has-caption\"> <picture class=\"a-picture a-picture--16x9\"><source type=\"image\/webp\" srcset=\"https:\/\/s.france24.com\/media\/display\/ab88f7d0-42a5-11f1-9558-005056a97e36\/w:388\/p:16x9\/2026-04-27T144635Z-74462270-RC2QXKAW11NZ-RTRMADP-3-UN-NUCLEAR-NPT.webp 388w, https:\/\/s.france24.com\/media\/display\/ab88f7d0-42a5-11f1-9558-005056a97e36\/w:720\/p:16x9\/2026-04-27T144635Z-74462270-RC2QXKAW11NZ-RTRMADP-3-UN-NUCLEAR-NPT.webp 720w, https:\/\/s.france24.com\/media\/display\/ab88f7d0-42a5-11f1-9558-005056a97e36\/w:1024\/p:16x9\/2026-04-27T144635Z-74462270-RC2QXKAW11NZ-RTRMADP-3-UN-NUCLEAR-NPT.webp 1024w\" sizes=\"(max-width: 639px) calc(100vw - 32px), (max-width: 1076px) calc(100vw - 44px), 850px\"><img fetchpriority=\"low\" decoding=\"async\" src=\"https:\/\/s.france24.com\/media\/display\/ab88f7d0-42a5-11f1-9558-005056a97e36\/w:1024\/p:16x9\/2026-04-27T144635Z-74462270-RC2QXKAW11NZ-RTRMADP-3-UN-NUCLEAR-NPT.jpg\" srcset=\"https:\/\/s.france24.com\/media\/display\/ab88f7d0-42a5-11f1-9558-005056a97e36\/w:388\/p:16x9\/2026-04-27T144635Z-74462270-RC2QXKAW11NZ-RTRMADP-3-UN-NUCLEAR-NPT.jpg 388w, https:\/\/s.france24.com\/media\/display\/ab88f7d0-42a5-11f1-9558-005056a97e36\/w:720\/p:16x9\/2026-04-27T144635Z-74462270-RC2QXKAW11NZ-RTRMADP-3-UN-NUCLEAR-NPT.jpg 720w, https:\/\/s.france24.com\/media\/display\/ab88f7d0-42a5-11f1-9558-005056a97e36\/w:1024\/p:16x9\/2026-04-27T144635Z-74462270-RC2QXKAW11NZ-RTRMADP-3-UN-NUCLEAR-NPT.jpg 1024w\" sizes=\"auto, (max-width: 639px) calc(100vw - 32px), (max-width: 1076px) calc(100vw - 44px), 850px\" width=\"1024\" height=\"576\" alt=\"Antonio Guterres, se dirige a los delegados durante una reuni\u00f3n en Nueva York, Estados Unidos, el 27 de abril de 2026.\" loading=\"lazy\" class=\"a-img \">\n<\/picture><figcaption class=\"a-figcaption\"> <span>Antonio Guterres, se dirige a los delegados durante una reuni\u00f3n en Nueva York, Estados Unidos, el 27 de abril de 2026.<\/span> <span>\u00a9 Eduardo Munoz \/ Reuters<\/span> <\/figcaption><\/figure>\n<\/p><\/div>\n<\/p><\/div>\n<p>El alejamiento entre Merz y Trump ha tenido matices, porque el canciller alem\u00e1n fue inicialmente una de las pocas voces dentro de la OTAN que respald\u00f3 las acciones estadounidenses en Ir\u00e1n, al afirmar durante la Guerra de los Doce D\u00edas, en 2025, que Washington le estaba haciendo el \u201ctrabajo sucio\u201d a los europeos.<\/p>\n<p>Tambi\u00e9n encomi\u00f3 la labor de Trump en la b\u00fasqueda de un acuerdo de paz para <a href=\"https:\/\/www.france24.com\/es\/tag\/gaza\/\" target=\"_self\" class=\"gtm-add-suggested-tag\">Gaza<\/a> y le dio su reconocimiento \u201cpor la iniciativa de paz, su compromiso y posici\u00f3n inequ\u00edvoca en este conflicto, as\u00ed como a los socios en Qatar, Egipto y Turqu\u00eda por su mediaci\u00f3n\u201d, como indic\u00f3 en un comunicado del Gobierno federal el 8 de diciembre de 2025.<\/p>\n<p>Pero los tiempos de los acuerdos parecen haber terminado para Washington y Berl\u00edn, con intercambios ret\u00f3ricos cada vez m\u00e1s altisonantes y posiciones geopol\u00edticas que aparentemente ya no incluyen su antigua amistad.<\/p>\n<p>Con Reuters y EFE<\/p>\n","protected":false},"excerpt":{"rendered":"<p>Donald Trump y Friedrich Merz han vuelto&#46;&#46;&#46;<\/p>\n","protected":false},"author":1,"featured_media":163503,"comment_status":"closed","ping_status":"closed","sticky":false,"template":"","format":"standard","meta":{"_jetpack_memberships_contains_paid_content":false,"footnotes":"","jetpack_publicize_message":"","jetpack_publicize_feature_enabled":true,"jetpack_social_post_already_shared":true,"jetpack_social_options":{"image_generator_settings":{"template":"highway","default_image_id":0,"font":"","enabled":false},"version":2}},"categories":[43],"tags":[],"class_list":["post-163502","post","type-post","status-publish","format-standard","has-post-thumbnail","hentry","category-internacionales"],"yoast_head":"<!-- This site is optimized with the Yoast SEO plugin v27.3 - https:\/\/yoast.com\/product\/yoast-seo-wordpress\/ -->\n<title>Trump vs. Merz: de \u201cuna naci\u00f3n humillada por el liderazgo iran\u00ed\u201d al \u201cno sabe de lo que habla\u201d - Sarmiento24h<\/title>\n<meta name=\"robots\" content=\"index, follow, max-snippet:-1, max-image-preview:large, max-video-preview:-1\" \/>\n<link rel=\"canonical\" href=\"https:\/\/sarmiento24h.com\/?p=163502\" \/>\n<meta property=\"og:locale\" content=\"es_ES\" \/>\n<meta property=\"og:type\" content=\"article\" \/>\n<meta property=\"og:title\" content=\"Trump vs. Merz: de \u201cuna naci\u00f3n humillada por el liderazgo iran\u00ed\u201d al \u201cno sabe de lo que habla\u201d - Sarmiento24h\" \/>\n<meta property=\"og:description\" content=\"Donald Trump y Friedrich Merz han vuelto&#046;&#046;&#046;\" \/>\n<meta property=\"og:url\" content=\"https:\/\/sarmiento24h.com\/?p=163502\" \/>\n<meta property=\"og:site_name\" content=\"Sarmiento24h\" \/>\n<meta property=\"article:publisher\" content=\"https:\/\/facebook.com\/s24hnoticias\" \/>\n<meta property=\"article:published_time\" content=\"2026-04-29T08:06:47+00:00\" \/>\n<meta property=\"og:image\" content=\"https:\/\/s.france24.com\/media\/display\/f0aa8100-4104-11f1-a6bc-005056bfb2b6\/w:1024\/p:16x9\/capture-69195177369ed58f97f3de4-98453403.jpg\" \/>\n<meta name=\"author\" content=\"sarmiento24h@gmail.com\" \/>\n<meta name=\"twitter:card\" content=\"summary_large_image\" \/>\n<meta name=\"twitter:creator\" content=\"@sarmiento24h\" \/>\n<meta name=\"twitter:site\" content=\"@sarmiento24h\" \/>\n<meta name=\"twitter:label1\" content=\"Escrito por\" \/>\n\t<meta name=\"twitter:data1\" content=\"sarmiento24h@gmail.com\" \/>\n\t<meta name=\"twitter:label2\" content=\"Tiempo de lectura\" \/>\n\t<meta name=\"twitter:data2\" content=\"6 minutos\" \/>\n<script type=\"application\/ld+json\" class=\"yoast-schema-graph\">{\"@context\":\"https:\\\/\\\/schema.org\",\"@graph\":[{\"@type\":\"Article\",\"@id\":\"https:\\\/\\\/sarmiento24h.com\\\/?p=163502#article\",\"isPartOf\":{\"@id\":\"https:\\\/\\\/sarmiento24h.com\\\/?p=163502\"},\"author\":{\"name\":\"sarmiento24h@gmail.com\",\"@id\":\"https:\\\/\\\/sarmiento24h.com\\\/#\\\/schema\\\/person\\\/d653a59725ad629a7e0429af7b939d4d\"},\"headline\":\"Trump vs. Merz: de \u201cuna naci\u00f3n humillada por el liderazgo iran\u00ed\u201d al \u201cno sabe de lo que habla\u201d\",\"datePublished\":\"2026-04-29T08:06:47+00:00\",\"mainEntityOfPage\":{\"@id\":\"https:\\\/\\\/sarmiento24h.com\\\/?p=163502\"},\"wordCount\":1293,\"publisher\":{\"@id\":\"https:\\\/\\\/sarmiento24h.com\\\/#organization\"},\"image\":{\"@id\":\"https:\\\/\\\/sarmiento24h.com\\\/?p=163502#primaryimage\"},\"thumbnailUrl\":\"https:\\\/\\\/sarmiento24h.com\\\/wp-content\\\/uploads\\\/2026\\\/04\\\/trump-vs-merz-de-una-nacion-humillada-por-el-liderazgo-irani-al-no-sabe-de-lo-que-habla.jpg\",\"articleSection\":[\"Internacionales\"],\"inLanguage\":\"es\"},{\"@type\":\"WebPage\",\"@id\":\"https:\\\/\\\/sarmiento24h.com\\\/?p=163502\",\"url\":\"https:\\\/\\\/sarmiento24h.com\\\/?p=163502\",\"name\":\"Trump vs. Merz: de \u201cuna naci\u00f3n humillada por el liderazgo iran\u00ed\u201d al \u201cno sabe de lo que habla\u201d - Sarmiento24h\",\"isPartOf\":{\"@id\":\"https:\\\/\\\/sarmiento24h.com\\\/#website\"},\"primaryImageOfPage\":{\"@id\":\"https:\\\/\\\/sarmiento24h.com\\\/?p=163502#primaryimage\"},\"image\":{\"@id\":\"https:\\\/\\\/sarmiento24h.com\\\/?p=163502#primaryimage\"},\"thumbnailUrl\":\"https:\\\/\\\/sarmiento24h.com\\\/wp-content\\\/uploads\\\/2026\\\/04\\\/trump-vs-merz-de-una-nacion-humillada-por-el-liderazgo-irani-al-no-sabe-de-lo-que-habla.jpg\",\"datePublished\":\"2026-04-29T08:06:47+00:00\",\"breadcrumb\":{\"@id\":\"https:\\\/\\\/sarmiento24h.com\\\/?p=163502#breadcrumb\"},\"inLanguage\":\"es\",\"potentialAction\":[{\"@type\":\"ReadAction\",\"target\":[\"https:\\\/\\\/sarmiento24h.com\\\/?p=163502\"]}]},{\"@type\":\"ImageObject\",\"inLanguage\":\"es\",\"@id\":\"https:\\\/\\\/sarmiento24h.com\\\/?p=163502#primaryimage\",\"url\":\"https:\\\/\\\/sarmiento24h.com\\\/wp-content\\\/uploads\\\/2026\\\/04\\\/trump-vs-merz-de-una-nacion-humillada-por-el-liderazgo-irani-al-no-sabe-de-lo-que-habla.jpg\",\"contentUrl\":\"https:\\\/\\\/sarmiento24h.com\\\/wp-content\\\/uploads\\\/2026\\\/04\\\/trump-vs-merz-de-una-nacion-humillada-por-el-liderazgo-irani-al-no-sabe-de-lo-que-habla.jpg\",\"width\":1024,\"height\":576},{\"@type\":\"BreadcrumbList\",\"@id\":\"https:\\\/\\\/sarmiento24h.com\\\/?p=163502#breadcrumb\",\"itemListElement\":[{\"@type\":\"ListItem\",\"position\":1,\"name\":\"Home\",\"item\":\"https:\\\/\\\/sarmiento24h.com\\\/\"},{\"@type\":\"ListItem\",\"position\":2,\"name\":\"Trump vs. Merz: de \u201cuna naci\u00f3n humillada por el liderazgo iran\u00ed\u201d al \u201cno sabe de lo que habla\u201d\"}]},{\"@type\":\"WebSite\",\"@id\":\"https:\\\/\\\/sarmiento24h.com\\\/#website\",\"url\":\"https:\\\/\\\/sarmiento24h.com\\\/\",\"name\":\"Sarmiento24h\",\"description\":\"\",\"publisher\":{\"@id\":\"https:\\\/\\\/sarmiento24h.com\\\/#organization\"},\"potentialAction\":[{\"@type\":\"SearchAction\",\"target\":{\"@type\":\"EntryPoint\",\"urlTemplate\":\"https:\\\/\\\/sarmiento24h.com\\\/?s={search_term_string}\"},\"query-input\":{\"@type\":\"PropertyValueSpecification\",\"valueRequired\":true,\"valueName\":\"search_term_string\"}}],\"inLanguage\":\"es\"},{\"@type\":\"Organization\",\"@id\":\"https:\\\/\\\/sarmiento24h.com\\\/#organization\",\"name\":\"Sarmiento24h\",\"url\":\"https:\\\/\\\/sarmiento24h.com\\\/\",\"logo\":{\"@type\":\"ImageObject\",\"inLanguage\":\"es\",\"@id\":\"https:\\\/\\\/sarmiento24h.com\\\/#\\\/schema\\\/logo\\\/image\\\/\",\"url\":\"https:\\\/\\\/sarmiento24h.com\\\/wp-content\\\/uploads\\\/2025\\\/12\\\/AddText_12-16-10.30.52.jpg\",\"contentUrl\":\"https:\\\/\\\/sarmiento24h.com\\\/wp-content\\\/uploads\\\/2025\\\/12\\\/AddText_12-16-10.30.52.jpg\",\"width\":1220,\"height\":324,\"caption\":\"Sarmiento24h\"},\"image\":{\"@id\":\"https:\\\/\\\/sarmiento24h.com\\\/#\\\/schema\\\/logo\\\/image\\\/\"},\"sameAs\":[\"https:\\\/\\\/facebook.com\\\/s24hnoticias\",\"https:\\\/\\\/x.com\\\/sarmiento24h\"]},{\"@type\":\"Person\",\"@id\":\"https:\\\/\\\/sarmiento24h.com\\\/#\\\/schema\\\/person\\\/d653a59725ad629a7e0429af7b939d4d\",\"name\":\"sarmiento24h@gmail.com\",\"image\":{\"@type\":\"ImageObject\",\"inLanguage\":\"es\",\"@id\":\"https:\\\/\\\/sarmiento24h.com\\\/wp-content\\\/litespeed\\\/avatar\\\/d02cbc4e23c747e6659cd45907173c8f.jpg?ver=1777157796\",\"url\":\"https:\\\/\\\/sarmiento24h.com\\\/wp-content\\\/litespeed\\\/avatar\\\/d02cbc4e23c747e6659cd45907173c8f.jpg?ver=1777157796\",\"contentUrl\":\"https:\\\/\\\/sarmiento24h.com\\\/wp-content\\\/litespeed\\\/avatar\\\/d02cbc4e23c747e6659cd45907173c8f.jpg?ver=1777157796\",\"caption\":\"sarmiento24h@gmail.com\"},\"sameAs\":[\"https:\\\/\\\/sarmiento24h.com\"],\"url\":\"https:\\\/\\\/sarmiento24h.com\\\/?author=1\"}]}<\/script>\n<!-- \/ Yoast SEO plugin. -->","yoast_head_json":{"title":"Trump vs. Merz: de \u201cuna naci\u00f3n humillada por el liderazgo iran\u00ed\u201d al \u201cno sabe de lo que habla\u201d - Sarmiento24h","robots":{"index":"index","follow":"follow","max-snippet":"max-snippet:-1","max-image-preview":"max-image-preview:large","max-video-preview":"max-video-preview:-1"},"canonical":"https:\/\/sarmiento24h.com\/?p=163502","og_locale":"es_ES","og_type":"article","og_title":"Trump vs. Merz: de \u201cuna naci\u00f3n humillada por el liderazgo iran\u00ed\u201d al \u201cno sabe de lo que habla\u201d - Sarmiento24h","og_description":"Donald Trump y Friedrich Merz han vuelto&#46;&#46;&#46;","og_url":"https:\/\/sarmiento24h.com\/?p=163502","og_site_name":"Sarmiento24h","article_publisher":"https:\/\/facebook.com\/s24hnoticias","article_published_time":"2026-04-29T08:06:47+00:00","og_image":[{"url":"https:\/\/s.france24.com\/media\/display\/f0aa8100-4104-11f1-a6bc-005056bfb2b6\/w:1024\/p:16x9\/capture-69195177369ed58f97f3de4-98453403.jpg","type":"","width":"","height":""}],"author":"sarmiento24h@gmail.com","twitter_card":"summary_large_image","twitter_creator":"@sarmiento24h","twitter_site":"@sarmiento24h","twitter_misc":{"Escrito por":"sarmiento24h@gmail.com","Tiempo de lectura":"6 minutos"},"schema":{"@context":"https:\/\/schema.org","@graph":[{"@type":"Article","@id":"https:\/\/sarmiento24h.com\/?p=163502#article","isPartOf":{"@id":"https:\/\/sarmiento24h.com\/?p=163502"},"author":{"name":"sarmiento24h@gmail.com","@id":"https:\/\/sarmiento24h.com\/#\/schema\/person\/d653a59725ad629a7e0429af7b939d4d"},"headline":"Trump vs. Merz: de \u201cuna naci\u00f3n humillada por el liderazgo iran\u00ed\u201d al \u201cno sabe de lo que habla\u201d","datePublished":"2026-04-29T08:06:47+00:00","mainEntityOfPage":{"@id":"https:\/\/sarmiento24h.com\/?p=163502"},"wordCount":1293,"publisher":{"@id":"https:\/\/sarmiento24h.com\/#organization"},"image":{"@id":"https:\/\/sarmiento24h.com\/?p=163502#primaryimage"},"thumbnailUrl":"https:\/\/sarmiento24h.com\/wp-content\/uploads\/2026\/04\/trump-vs-merz-de-una-nacion-humillada-por-el-liderazgo-irani-al-no-sabe-de-lo-que-habla.jpg","articleSection":["Internacionales"],"inLanguage":"es"},{"@type":"WebPage","@id":"https:\/\/sarmiento24h.com\/?p=163502","url":"https:\/\/sarmiento24h.com\/?p=163502","name":"Trump vs. Merz: de \u201cuna naci\u00f3n humillada por el liderazgo iran\u00ed\u201d al \u201cno sabe de lo que habla\u201d - Sarmiento24h","isPartOf":{"@id":"https:\/\/sarmiento24h.com\/#website"},"primaryImageOfPage":{"@id":"https:\/\/sarmiento24h.com\/?p=163502#primaryimage"},"image":{"@id":"https:\/\/sarmiento24h.com\/?p=163502#primaryimage"},"thumbnailUrl":"https:\/\/sarmiento24h.com\/wp-content\/uploads\/2026\/04\/trump-vs-merz-de-una-nacion-humillada-por-el-liderazgo-irani-al-no-sabe-de-lo-que-habla.jpg","datePublished":"2026-04-29T08:06:47+00:00","breadcrumb":{"@id":"https:\/\/sarmiento24h.com\/?p=163502#breadcrumb"},"inLanguage":"es","potentialAction":[{"@type":"ReadAction","target":["https:\/\/sarmiento24h.com\/?p=163502"]}]},{"@type":"ImageObject","inLanguage":"es","@id":"https:\/\/sarmiento24h.com\/?p=163502#primaryimage","url":"https:\/\/sarmiento24h.com\/wp-content\/uploads\/2026\/04\/trump-vs-merz-de-una-nacion-humillada-por-el-liderazgo-irani-al-no-sabe-de-lo-que-habla.jpg","contentUrl":"https:\/\/sarmiento24h.com\/wp-content\/uploads\/2026\/04\/trump-vs-merz-de-una-nacion-humillada-por-el-liderazgo-irani-al-no-sabe-de-lo-que-habla.jpg","width":1024,"height":576},{"@type":"BreadcrumbList","@id":"https:\/\/sarmiento24h.com\/?p=163502#breadcrumb","itemListElement":[{"@type":"ListItem","position":1,"name":"Home","item":"https:\/\/sarmiento24h.com\/"},{"@type":"ListItem","position":2,"name":"Trump vs. Merz: de \u201cuna naci\u00f3n humillada por el liderazgo iran\u00ed\u201d al \u201cno sabe de lo que habla\u201d"}]},{"@type":"WebSite","@id":"https:\/\/sarmiento24h.com\/#website","url":"https:\/\/sarmiento24h.com\/","name":"Sarmiento24h","description":"","publisher":{"@id":"https:\/\/sarmiento24h.com\/#organization"},"potentialAction":[{"@type":"SearchAction","target":{"@type":"EntryPoint","urlTemplate":"https:\/\/sarmiento24h.com\/?s={search_term_string}"},"query-input":{"@type":"PropertyValueSpecification","valueRequired":true,"valueName":"search_term_string"}}],"inLanguage":"es"},{"@type":"Organization","@id":"https:\/\/sarmiento24h.com\/#organization","name":"Sarmiento24h","url":"https:\/\/sarmiento24h.com\/","logo":{"@type":"ImageObject","inLanguage":"es","@id":"https:\/\/sarmiento24h.com\/#\/schema\/logo\/image\/","url":"https:\/\/sarmiento24h.com\/wp-content\/uploads\/2025\/12\/AddText_12-16-10.30.52.jpg","contentUrl":"https:\/\/sarmiento24h.com\/wp-content\/uploads\/2025\/12\/AddText_12-16-10.30.52.jpg","width":1220,"height":324,"caption":"Sarmiento24h"},"image":{"@id":"https:\/\/sarmiento24h.com\/#\/schema\/logo\/image\/"},"sameAs":["https:\/\/facebook.com\/s24hnoticias","https:\/\/x.com\/sarmiento24h"]},{"@type":"Person","@id":"https:\/\/sarmiento24h.com\/#\/schema\/person\/d653a59725ad629a7e0429af7b939d4d","name":"sarmiento24h@gmail.com","image":{"@type":"ImageObject","inLanguage":"es","@id":"https:\/\/sarmiento24h.com\/wp-content\/litespeed\/avatar\/d02cbc4e23c747e6659cd45907173c8f.jpg?ver=1777157796","url":"https:\/\/sarmiento24h.com\/wp-content\/litespeed\/avatar\/d02cbc4e23c747e6659cd45907173c8f.jpg?ver=1777157796","contentUrl":"https:\/\/sarmiento24h.com\/wp-content\/litespeed\/avatar\/d02cbc4e23c747e6659cd45907173c8f.jpg?ver=1777157796","caption":"sarmiento24h@gmail.com"},"sameAs":["https:\/\/sarmiento24h.com"],"url":"https:\/\/sarmiento24h.com\/?author=1"}]}},"jetpack_publicize_connections":[],"jetpack_featured_media_url":"https:\/\/sarmiento24h.com\/wp-content\/uploads\/2026\/04\/trump-vs-merz-de-una-nacion-humillada-por-el-liderazgo-irani-al-no-sabe-de-lo-que-habla.jpg","jetpack_sharing_enabled":true,"_links":{"self":[{"href":"https:\/\/sarmiento24h.com\/index.php?rest_route=\/wp\/v2\/posts\/163502","targetHints":{"allow":["GET"]}}],"collection":[{"href":"https:\/\/sarmiento24h.com\/index.php?rest_route=\/wp\/v2\/posts"}],"about":[{"href":"https:\/\/sarmiento24h.com\/index.php?rest_route=\/wp\/v2\/types\/post"}],"author":[{"embeddable":true,"href":"https:\/\/sarmiento24h.com\/index.php?rest_route=\/wp\/v2\/users\/1"}],"replies":[{"embeddable":true,"href":"https:\/\/sarmiento24h.com\/index.php?rest_route=%2Fwp%2Fv2%2Fcomments&post=163502"}],"version-history":[{"count":0,"href":"https:\/\/sarmiento24h.com\/index.php?rest_route=\/wp\/v2\/posts\/163502\/revisions"}],"wp:featuredmedia":[{"embeddable":true,"href":"https:\/\/sarmiento24h.com\/index.php?rest_route=\/wp\/v2\/media\/163503"}],"wp:attachment":[{"href":"https:\/\/sarmiento24h.com\/index.php?rest_route=%2Fwp%2Fv2%2Fmedia&parent=163502"}],"wp:term":[{"taxonomy":"category","embeddable":true,"href":"https:\/\/sarmiento24h.com\/index.php?rest_route=%2Fwp%2Fv2%2Fcategories&post=163502"},{"taxonomy":"post_tag","embeddable":true,"href":"https:\/\/sarmiento24h.com\/index.php?rest_route=%2Fwp%2Fv2%2Ftags&post=163502"}],"curies":[{"name":"wp","href":"https:\/\/api.w.org\/{rel}","templated":true}]}}