{"id":163990,"date":"2026-04-29T12:37:25","date_gmt":"2026-04-29T12:37:25","guid":{"rendered":"https:\/\/noticiassin.com\/?p=1988380"},"modified":"2026-04-29T12:37:25","modified_gmt":"2026-04-29T12:37:25","slug":"comunitarios-dan-ultimatum-de-15-dias-a-las-autoridades-en-medio-de-protestas-en-bajabonico-arriba-puerto-plata","status":"publish","type":"post","link":"https:\/\/sarmiento24h.com\/?p=163990","title":{"rendered":"Comunitarios dan ultim\u00e1tum de 15 d\u00edas a las autoridades en medio de protestas en Bajabonico Arriba, Puerto Plata"},"content":{"rendered":"<div><img decoding=\"async\" src=\"https:\/\/multimedia.noticiassin.com\/wp-content\/uploads\/2026\/04\/comunitarios-dan-ultimatum-de-15-dias-a-las-autoridades-en-medio-de-protestas-en-20260429-121611-TQQS-1200x675.jpg\" class=\"ff-og-image-inserted\"><\/div>\n<p><strong><strong>Santo Domingo<\/strong><\/strong>.- Residentes de la comunidad de <strong>Bajabonico Arriba<\/strong>, en el municipio de <strong>Imbert<\/strong>, <strong>Puerto Plata<\/strong>, mantuvieron una protesta la noche del martes en reclamo de la intervenci\u00f3n urgente de las autoridades ante una situaci\u00f3n que califican como peligrosa y sin resolver.<\/p>\n<p>Los comunitarios aseguran que <strong>el problema era previsible<\/strong> y que, pese a promesas previas, a\u00fan no han recibido respuestas concretas.<\/p>\n<h2 class=\"wp-block-heading\">Reclamo sin respuesta<\/h2>\n<p>De acuerdo con dirigentes locales, en encuentros anteriores con autoridades, se acord\u00f3 que se tomar\u00edan medidas para solucionar la situaci\u00f3n, especialmente luego de iniciados trabajos de movimiento de tierra en la zona. Sin embargo,<strong> denuncian que el problema ha empeorado<\/strong>, aumentando el riesgo para los residentes.<\/p>\n<h2 class=\"wp-block-heading\">Ultim\u00e1tum a autoridades<\/h2>\n<p>Los manifestantes indicaron que otorgar\u00e1n<strong> un plazo de 15 d\u00edas a las autoridades <\/strong>para presentar soluciones claras y comenzar acciones concretas. De no obtener respuesta en ese per\u00edodo, advirtieron que<strong> intensificar\u00e1n las protestas y se lanzar\u00e1n a las calles<\/strong>.<\/p>\n<p>Aunque, por el momento, las manifestaciones se han desarrollado de forma pac\u00edfica, reiteraron que <strong>no permanecer\u00e1n de brazos cruzados<\/strong> ante una situaci\u00f3n que<strong> afecta a toda la comunidad <\/strong>y a quienes dependen de esa v\u00eda en <strong>Puerto Plata<\/strong>.<\/p>\n","protected":false},"excerpt":{"rendered":"<p>Santo Domingo.- Residentes de la comunidad de&#46;&#46;&#46;<\/p>\n","protected":false},"author":1,"featured_media":163991,"comment_status":"closed","ping_status":"closed","sticky":false,"template":"","format":"standard","meta":{"_jetpack_memberships_contains_paid_content":false,"footnotes":"","jetpack_publicize_message":"","jetpack_publicize_feature_enabled":true,"jetpack_social_post_already_shared":true,"jetpack_social_options":{"image_generator_settings":{"template":"highway","default_image_id":0,"font":"","enabled":false},"version":2}},"categories":[42],"tags":[],"class_list":["post-163990","post","type-post","status-publish","format-standard","has-post-thumbnail","hentry","category-nacionales"],"yoast_head":"<!-- This site is optimized with the Yoast SEO plugin v27.3 - https:\/\/yoast.com\/product\/yoast-seo-wordpress\/ -->\n<title>Comunitarios dan ultim\u00e1tum de 15 d\u00edas a las autoridades en medio de protestas en Bajabonico Arriba, Puerto Plata - Sarmiento24h<\/title>\n<meta name=\"robots\" content=\"index, follow, max-snippet:-1, max-image-preview:large, max-video-preview:-1\" \/>\n<link rel=\"canonical\" href=\"https:\/\/sarmiento24h.com\/?p=163990\" \/>\n<meta property=\"og:locale\" content=\"es_ES\" \/>\n<meta property=\"og:type\" content=\"article\" \/>\n<meta property=\"og:title\" content=\"Comunitarios dan ultim\u00e1tum de 15 d\u00edas a las autoridades en medio de protestas en Bajabonico Arriba, Puerto Plata - Sarmiento24h\" \/>\n<meta property=\"og:description\" content=\"Santo Domingo.- Residentes de la comunidad de&#046;&#046;&#046;\" \/>\n<meta property=\"og:url\" content=\"https:\/\/sarmiento24h.com\/?p=163990\" \/>\n<meta property=\"og:site_name\" content=\"Sarmiento24h\" \/>\n<meta property=\"article:publisher\" content=\"https:\/\/facebook.com\/s24hnoticias\" \/>\n<meta property=\"article:published_time\" content=\"2026-04-29T12:37:25+00:00\" \/>\n<meta property=\"og:image\" content=\"https:\/\/multimedia.noticiassin.com\/wp-content\/uploads\/2026\/04\/comunitarios-dan-ultimatum-de-15-dias-a-las-autoridades-en-medio-de-protestas-en-20260429-121611-TQQS-1200x675.jpg\" \/>\n<meta name=\"author\" content=\"sarmiento24h@gmail.com\" \/>\n<meta name=\"twitter:card\" content=\"summary_large_image\" \/>\n<meta name=\"twitter:creator\" content=\"@sarmiento24h\" \/>\n<meta name=\"twitter:site\" content=\"@sarmiento24h\" \/>\n<meta name=\"twitter:label1\" content=\"Escrito por\" \/>\n\t<meta name=\"twitter:data1\" content=\"sarmiento24h@gmail.com\" \/>\n\t<meta name=\"twitter:label2\" content=\"Tiempo de lectura\" \/>\n\t<meta name=\"twitter:data2\" content=\"1 minuto\" \/>\n<script type=\"application\/ld+json\" class=\"yoast-schema-graph\">{\"@context\":\"https:\\\/\\\/schema.org\",\"@graph\":[{\"@type\":\"Article\",\"@id\":\"https:\\\/\\\/sarmiento24h.com\\\/?p=163990#article\",\"isPartOf\":{\"@id\":\"https:\\\/\\\/sarmiento24h.com\\\/?p=163990\"},\"author\":{\"name\":\"sarmiento24h@gmail.com\",\"@id\":\"https:\\\/\\\/sarmiento24h.com\\\/#\\\/schema\\\/person\\\/d653a59725ad629a7e0429af7b939d4d\"},\"headline\":\"Comunitarios dan ultim\u00e1tum de 15 d\u00edas a las autoridades en medio de protestas en Bajabonico Arriba, Puerto Plata\",\"datePublished\":\"2026-04-29T12:37:25+00:00\",\"mainEntityOfPage\":{\"@id\":\"https:\\\/\\\/sarmiento24h.com\\\/?p=163990\"},\"wordCount\":225,\"publisher\":{\"@id\":\"https:\\\/\\\/sarmiento24h.com\\\/#organization\"},\"image\":{\"@id\":\"https:\\\/\\\/sarmiento24h.com\\\/?p=163990#primaryimage\"},\"thumbnailUrl\":\"https:\\\/\\\/sarmiento24h.com\\\/wp-content\\\/uploads\\\/2026\\\/04\\\/comunitarios-dan-ultimatum-de-15-dias-a-las-autoridades-en-medio-de-protestas-en-bajabonico-arriba-puerto-plata.jpg\",\"articleSection\":[\"Nacionales\"],\"inLanguage\":\"es\"},{\"@type\":\"WebPage\",\"@id\":\"https:\\\/\\\/sarmiento24h.com\\\/?p=163990\",\"url\":\"https:\\\/\\\/sarmiento24h.com\\\/?p=163990\",\"name\":\"Comunitarios dan ultim\u00e1tum de 15 d\u00edas a las autoridades en medio de protestas en Bajabonico Arriba, Puerto Plata - Sarmiento24h\",\"isPartOf\":{\"@id\":\"https:\\\/\\\/sarmiento24h.com\\\/#website\"},\"primaryImageOfPage\":{\"@id\":\"https:\\\/\\\/sarmiento24h.com\\\/?p=163990#primaryimage\"},\"image\":{\"@id\":\"https:\\\/\\\/sarmiento24h.com\\\/?p=163990#primaryimage\"},\"thumbnailUrl\":\"https:\\\/\\\/sarmiento24h.com\\\/wp-content\\\/uploads\\\/2026\\\/04\\\/comunitarios-dan-ultimatum-de-15-dias-a-las-autoridades-en-medio-de-protestas-en-bajabonico-arriba-puerto-plata.jpg\",\"datePublished\":\"2026-04-29T12:37:25+00:00\",\"breadcrumb\":{\"@id\":\"https:\\\/\\\/sarmiento24h.com\\\/?p=163990#breadcrumb\"},\"inLanguage\":\"es\",\"potentialAction\":[{\"@type\":\"ReadAction\",\"target\":[\"https:\\\/\\\/sarmiento24h.com\\\/?p=163990\"]}]},{\"@type\":\"ImageObject\",\"inLanguage\":\"es\",\"@id\":\"https:\\\/\\\/sarmiento24h.com\\\/?p=163990#primaryimage\",\"url\":\"https:\\\/\\\/sarmiento24h.com\\\/wp-content\\\/uploads\\\/2026\\\/04\\\/comunitarios-dan-ultimatum-de-15-dias-a-las-autoridades-en-medio-de-protestas-en-bajabonico-arriba-puerto-plata.jpg\",\"contentUrl\":\"https:\\\/\\\/sarmiento24h.com\\\/wp-content\\\/uploads\\\/2026\\\/04\\\/comunitarios-dan-ultimatum-de-15-dias-a-las-autoridades-en-medio-de-protestas-en-bajabonico-arriba-puerto-plata.jpg\",\"width\":1200,\"height\":675},{\"@type\":\"BreadcrumbList\",\"@id\":\"https:\\\/\\\/sarmiento24h.com\\\/?p=163990#breadcrumb\",\"itemListElement\":[{\"@type\":\"ListItem\",\"position\":1,\"name\":\"Home\",\"item\":\"https:\\\/\\\/sarmiento24h.com\\\/\"},{\"@type\":\"ListItem\",\"position\":2,\"name\":\"Comunitarios dan ultim\u00e1tum de 15 d\u00edas a las autoridades en medio de protestas en Bajabonico Arriba, Puerto Plata\"}]},{\"@type\":\"WebSite\",\"@id\":\"https:\\\/\\\/sarmiento24h.com\\\/#website\",\"url\":\"https:\\\/\\\/sarmiento24h.com\\\/\",\"name\":\"Sarmiento24h\",\"description\":\"\",\"publisher\":{\"@id\":\"https:\\\/\\\/sarmiento24h.com\\\/#organization\"},\"potentialAction\":[{\"@type\":\"SearchAction\",\"target\":{\"@type\":\"EntryPoint\",\"urlTemplate\":\"https:\\\/\\\/sarmiento24h.com\\\/?s={search_term_string}\"},\"query-input\":{\"@type\":\"PropertyValueSpecification\",\"valueRequired\":true,\"valueName\":\"search_term_string\"}}],\"inLanguage\":\"es\"},{\"@type\":\"Organization\",\"@id\":\"https:\\\/\\\/sarmiento24h.com\\\/#organization\",\"name\":\"Sarmiento24h\",\"url\":\"https:\\\/\\\/sarmiento24h.com\\\/\",\"logo\":{\"@type\":\"ImageObject\",\"inLanguage\":\"es\",\"@id\":\"https:\\\/\\\/sarmiento24h.com\\\/#\\\/schema\\\/logo\\\/image\\\/\",\"url\":\"https:\\\/\\\/sarmiento24h.com\\\/wp-content\\\/uploads\\\/2025\\\/12\\\/AddText_12-16-10.30.52.jpg\",\"contentUrl\":\"https:\\\/\\\/sarmiento24h.com\\\/wp-content\\\/uploads\\\/2025\\\/12\\\/AddText_12-16-10.30.52.jpg\",\"width\":1220,\"height\":324,\"caption\":\"Sarmiento24h\"},\"image\":{\"@id\":\"https:\\\/\\\/sarmiento24h.com\\\/#\\\/schema\\\/logo\\\/image\\\/\"},\"sameAs\":[\"https:\\\/\\\/facebook.com\\\/s24hnoticias\",\"https:\\\/\\\/x.com\\\/sarmiento24h\"]},{\"@type\":\"Person\",\"@id\":\"https:\\\/\\\/sarmiento24h.com\\\/#\\\/schema\\\/person\\\/d653a59725ad629a7e0429af7b939d4d\",\"name\":\"sarmiento24h@gmail.com\",\"image\":{\"@type\":\"ImageObject\",\"inLanguage\":\"es\",\"@id\":\"https:\\\/\\\/sarmiento24h.com\\\/wp-content\\\/litespeed\\\/avatar\\\/d02cbc4e23c747e6659cd45907173c8f.jpg?ver=1777157796\",\"url\":\"https:\\\/\\\/sarmiento24h.com\\\/wp-content\\\/litespeed\\\/avatar\\\/d02cbc4e23c747e6659cd45907173c8f.jpg?ver=1777157796\",\"contentUrl\":\"https:\\\/\\\/sarmiento24h.com\\\/wp-content\\\/litespeed\\\/avatar\\\/d02cbc4e23c747e6659cd45907173c8f.jpg?ver=1777157796\",\"caption\":\"sarmiento24h@gmail.com\"},\"sameAs\":[\"https:\\\/\\\/sarmiento24h.com\"],\"url\":\"https:\\\/\\\/sarmiento24h.com\\\/?author=1\"}]}<\/script>\n<!-- \/ Yoast SEO plugin. -->","yoast_head_json":{"title":"Comunitarios dan ultim\u00e1tum de 15 d\u00edas a las autoridades en medio de protestas en Bajabonico Arriba, Puerto Plata - Sarmiento24h","robots":{"index":"index","follow":"follow","max-snippet":"max-snippet:-1","max-image-preview":"max-image-preview:large","max-video-preview":"max-video-preview:-1"},"canonical":"https:\/\/sarmiento24h.com\/?p=163990","og_locale":"es_ES","og_type":"article","og_title":"Comunitarios dan ultim\u00e1tum de 15 d\u00edas a las autoridades en medio de protestas en Bajabonico Arriba, Puerto Plata - Sarmiento24h","og_description":"Santo Domingo.- Residentes de la comunidad de&#46;&#46;&#46;","og_url":"https:\/\/sarmiento24h.com\/?p=163990","og_site_name":"Sarmiento24h","article_publisher":"https:\/\/facebook.com\/s24hnoticias","article_published_time":"2026-04-29T12:37:25+00:00","og_image":[{"url":"https:\/\/multimedia.noticiassin.com\/wp-content\/uploads\/2026\/04\/comunitarios-dan-ultimatum-de-15-dias-a-las-autoridades-en-medio-de-protestas-en-20260429-121611-TQQS-1200x675.jpg","type":"","width":"","height":""}],"author":"sarmiento24h@gmail.com","twitter_card":"summary_large_image","twitter_creator":"@sarmiento24h","twitter_site":"@sarmiento24h","twitter_misc":{"Escrito por":"sarmiento24h@gmail.com","Tiempo de lectura":"1 minuto"},"schema":{"@context":"https:\/\/schema.org","@graph":[{"@type":"Article","@id":"https:\/\/sarmiento24h.com\/?p=163990#article","isPartOf":{"@id":"https:\/\/sarmiento24h.com\/?p=163990"},"author":{"name":"sarmiento24h@gmail.com","@id":"https:\/\/sarmiento24h.com\/#\/schema\/person\/d653a59725ad629a7e0429af7b939d4d"},"headline":"Comunitarios dan ultim\u00e1tum de 15 d\u00edas a las autoridades en medio de protestas en Bajabonico Arriba, Puerto Plata","datePublished":"2026-04-29T12:37:25+00:00","mainEntityOfPage":{"@id":"https:\/\/sarmiento24h.com\/?p=163990"},"wordCount":225,"publisher":{"@id":"https:\/\/sarmiento24h.com\/#organization"},"image":{"@id":"https:\/\/sarmiento24h.com\/?p=163990#primaryimage"},"thumbnailUrl":"https:\/\/sarmiento24h.com\/wp-content\/uploads\/2026\/04\/comunitarios-dan-ultimatum-de-15-dias-a-las-autoridades-en-medio-de-protestas-en-bajabonico-arriba-puerto-plata.jpg","articleSection":["Nacionales"],"inLanguage":"es"},{"@type":"WebPage","@id":"https:\/\/sarmiento24h.com\/?p=163990","url":"https:\/\/sarmiento24h.com\/?p=163990","name":"Comunitarios dan ultim\u00e1tum de 15 d\u00edas a las autoridades en medio de protestas en Bajabonico Arriba, Puerto Plata - Sarmiento24h","isPartOf":{"@id":"https:\/\/sarmiento24h.com\/#website"},"primaryImageOfPage":{"@id":"https:\/\/sarmiento24h.com\/?p=163990#primaryimage"},"image":{"@id":"https:\/\/sarmiento24h.com\/?p=163990#primaryimage"},"thumbnailUrl":"https:\/\/sarmiento24h.com\/wp-content\/uploads\/2026\/04\/comunitarios-dan-ultimatum-de-15-dias-a-las-autoridades-en-medio-de-protestas-en-bajabonico-arriba-puerto-plata.jpg","datePublished":"2026-04-29T12:37:25+00:00","breadcrumb":{"@id":"https:\/\/sarmiento24h.com\/?p=163990#breadcrumb"},"inLanguage":"es","potentialAction":[{"@type":"ReadAction","target":["https:\/\/sarmiento24h.com\/?p=163990"]}]},{"@type":"ImageObject","inLanguage":"es","@id":"https:\/\/sarmiento24h.com\/?p=163990#primaryimage","url":"https:\/\/sarmiento24h.com\/wp-content\/uploads\/2026\/04\/comunitarios-dan-ultimatum-de-15-dias-a-las-autoridades-en-medio-de-protestas-en-bajabonico-arriba-puerto-plata.jpg","contentUrl":"https:\/\/sarmiento24h.com\/wp-content\/uploads\/2026\/04\/comunitarios-dan-ultimatum-de-15-dias-a-las-autoridades-en-medio-de-protestas-en-bajabonico-arriba-puerto-plata.jpg","width":1200,"height":675},{"@type":"BreadcrumbList","@id":"https:\/\/sarmiento24h.com\/?p=163990#breadcrumb","itemListElement":[{"@type":"ListItem","position":1,"name":"Home","item":"https:\/\/sarmiento24h.com\/"},{"@type":"ListItem","position":2,"name":"Comunitarios dan ultim\u00e1tum de 15 d\u00edas a las autoridades en medio de protestas en Bajabonico Arriba, Puerto Plata"}]},{"@type":"WebSite","@id":"https:\/\/sarmiento24h.com\/#website","url":"https:\/\/sarmiento24h.com\/","name":"Sarmiento24h","description":"","publisher":{"@id":"https:\/\/sarmiento24h.com\/#organization"},"potentialAction":[{"@type":"SearchAction","target":{"@type":"EntryPoint","urlTemplate":"https:\/\/sarmiento24h.com\/?s={search_term_string}"},"query-input":{"@type":"PropertyValueSpecification","valueRequired":true,"valueName":"search_term_string"}}],"inLanguage":"es"},{"@type":"Organization","@id":"https:\/\/sarmiento24h.com\/#organization","name":"Sarmiento24h","url":"https:\/\/sarmiento24h.com\/","logo":{"@type":"ImageObject","inLanguage":"es","@id":"https:\/\/sarmiento24h.com\/#\/schema\/logo\/image\/","url":"https:\/\/sarmiento24h.com\/wp-content\/uploads\/2025\/12\/AddText_12-16-10.30.52.jpg","contentUrl":"https:\/\/sarmiento24h.com\/wp-content\/uploads\/2025\/12\/AddText_12-16-10.30.52.jpg","width":1220,"height":324,"caption":"Sarmiento24h"},"image":{"@id":"https:\/\/sarmiento24h.com\/#\/schema\/logo\/image\/"},"sameAs":["https:\/\/facebook.com\/s24hnoticias","https:\/\/x.com\/sarmiento24h"]},{"@type":"Person","@id":"https:\/\/sarmiento24h.com\/#\/schema\/person\/d653a59725ad629a7e0429af7b939d4d","name":"sarmiento24h@gmail.com","image":{"@type":"ImageObject","inLanguage":"es","@id":"https:\/\/sarmiento24h.com\/wp-content\/litespeed\/avatar\/d02cbc4e23c747e6659cd45907173c8f.jpg?ver=1777157796","url":"https:\/\/sarmiento24h.com\/wp-content\/litespeed\/avatar\/d02cbc4e23c747e6659cd45907173c8f.jpg?ver=1777157796","contentUrl":"https:\/\/sarmiento24h.com\/wp-content\/litespeed\/avatar\/d02cbc4e23c747e6659cd45907173c8f.jpg?ver=1777157796","caption":"sarmiento24h@gmail.com"},"sameAs":["https:\/\/sarmiento24h.com"],"url":"https:\/\/sarmiento24h.com\/?author=1"}]}},"jetpack_publicize_connections":[],"jetpack_featured_media_url":"https:\/\/sarmiento24h.com\/wp-content\/uploads\/2026\/04\/comunitarios-dan-ultimatum-de-15-dias-a-las-autoridades-en-medio-de-protestas-en-bajabonico-arriba-puerto-plata.jpg","jetpack_sharing_enabled":true,"_links":{"self":[{"href":"https:\/\/sarmiento24h.com\/index.php?rest_route=\/wp\/v2\/posts\/163990","targetHints":{"allow":["GET"]}}],"collection":[{"href":"https:\/\/sarmiento24h.com\/index.php?rest_route=\/wp\/v2\/posts"}],"about":[{"href":"https:\/\/sarmiento24h.com\/index.php?rest_route=\/wp\/v2\/types\/post"}],"author":[{"embeddable":true,"href":"https:\/\/sarmiento24h.com\/index.php?rest_route=\/wp\/v2\/users\/1"}],"replies":[{"embeddable":true,"href":"https:\/\/sarmiento24h.com\/index.php?rest_route=%2Fwp%2Fv2%2Fcomments&post=163990"}],"version-history":[{"count":0,"href":"https:\/\/sarmiento24h.com\/index.php?rest_route=\/wp\/v2\/posts\/163990\/revisions"}],"wp:featuredmedia":[{"embeddable":true,"href":"https:\/\/sarmiento24h.com\/index.php?rest_route=\/wp\/v2\/media\/163991"}],"wp:attachment":[{"href":"https:\/\/sarmiento24h.com\/index.php?rest_route=%2Fwp%2Fv2%2Fmedia&parent=163990"}],"wp:term":[{"taxonomy":"category","embeddable":true,"href":"https:\/\/sarmiento24h.com\/index.php?rest_route=%2Fwp%2Fv2%2Fcategories&post=163990"},{"taxonomy":"post_tag","embeddable":true,"href":"https:\/\/sarmiento24h.com\/index.php?rest_route=%2Fwp%2Fv2%2Ftags&post=163990"}],"curies":[{"name":"wp","href":"https:\/\/api.w.org\/{rel}","templated":true}]}}