{"id":164194,"date":"2026-04-29T14:46:54","date_gmt":"2026-04-29T14:46:54","guid":{"rendered":"http:\/\/f6ee67e0-43d7-11f1-9e79-039e18cf4a5f"},"modified":"2026-04-29T14:46:54","modified_gmt":"2026-04-29T14:46:54","slug":"%f0%9f%94%b4-en-vivo-hegseth-comparece-ante-el-congreso-por-primera-vez-desde-el-inicio-de-la-guerra-contra-iran","status":"publish","type":"post","link":"https:\/\/sarmiento24h.com\/?p=164194","title":{"rendered":"\ud83d\udd34 En vivo: Hegseth comparece ante el Congreso por primera vez desde el inicio de la guerra contra Ir\u00e1n"},"content":{"rendered":"<div readability=\"12\"> <time datetime=\"2026-04-29T14:46:00+00:00\">29\/04\/2026 &#8211; 16:46<\/time><\/p>\n<h2 aria-level=\"3\">\u00abEsto representa un pago hist\u00f3rico, en seguridad para el futuro, si el presupuesto 2027 es aprobado\u00bb: Caine<\/h2>\n<p>\u00abNos permitir\u00e1 adelantarnos, el car\u00e1cter de la guerra est\u00e1 cambiando (&#8230;) El espacio cibern\u00e9tico y otros caminos requieren un mayor tipo de inversi\u00f3n y capital\u00bb, agrega el jefe del Estado Mayor del Ej\u00e9rcito de EE. UU., Dan Caine.<\/p>\n<\/p><\/div>\n<p> <time datetime=\"2026-04-29T14:43:01+00:00\">29\/04\/2026 &#8211; 16:43<\/time><\/p>\n<h2 aria-level=\"3\">\u00abGastamos 4.000 millones de d\u00f3lares en barracas, por la austeridad de Biden tuvimos que cambiar el mantenimiento e invertir en modernizaci\u00f3n\u00bb: Hegseth<\/h2>\n<\/p>\n<p> <time datetime=\"2026-04-29T14:39:14+00:00\">29\/04\/2026 &#8211; 16:39<\/time><\/p>\n<h2 aria-level=\"3\">\u00abEl presupuesto respalda los objetivos, asegurando que nuestra fuerza militar est\u00e9 lista\u00bb: Dan Caine<\/h2>\n<\/p>\n<div> <time datetime=\"2026-04-29T14:38:49+00:00\">29\/04\/2026 &#8211; 16:38<\/time><\/p>\n<h2 aria-level=\"3\">\u00abEl \u00e9xito continuo no est\u00e1 garantizado por logros del pasado\u00bb: Dan Caine mientras pide respaldo al Congreso <\/h2>\n<\/p><\/div>\n<p> <time datetime=\"2026-04-29T14:36:46+00:00\">29\/04\/2026 &#8211; 16:36<\/time><\/p>\n<h2 aria-level=\"3\">\u00abEn el \u00faltimo a\u00f1o nuestros combatientes han demostrado lo que significa ser la fuerza m\u00e1s eficaz en el mundo\u00bb: Dan Caine<\/h2>\n<\/p>\n<p> <time datetime=\"2026-04-29T14:33:44+00:00\">29\/04\/2026 &#8211; 16:33<\/time><\/p>\n<h2 aria-level=\"3\">\u00abEstamos reconstruyendo nuestro Ej\u00e9rcito para nuestro orgullo\u00bb: Hegseth<\/h2>\n<\/p>\n<p> <time datetime=\"2026-04-29T14:33:07+00:00\">29\/04\/2026 &#8211; 16:33<\/time><\/p>\n<h2 aria-level=\"3\">\u00abIr\u00e1n no puede tener un arma nuclear, estoy orgulloso de esta tarea\u00bb, sostiene Hegseth<\/h2>\n<\/p>\n<p> <time datetime=\"2026-04-29T14:32:18+00:00\">29\/04\/2026 &#8211; 16:32<\/time><\/p>\n<h2 aria-level=\"3\">\u00abTrump, a diferencia de otros presidentes, ha tenido el coraje de asegurarse de que Ir\u00e1n no tenga un arma nuclear\u00bb: Hegseth ante el Congreso de EE. UU.<\/h2>\n<\/p>\n<p> <time datetime=\"2026-04-29T14:31:51+00:00\">29\/04\/2026 &#8211; 16:31<\/time><\/p>\n<h2 aria-level=\"3\">\u00abEste es un presupuesto hist\u00f3rico y responsable\u00bb: Hegseth sobre fondos para la guerra en Medio Oriente<\/h2>\n<\/p>\n<p> <time datetime=\"2026-04-29T14:30:50+00:00\">29\/04\/2026 &#8211; 16:30<\/time><\/p>\n<h2 aria-level=\"3\">\ud83d\udd34 En vivo: Hegseth comparece ante el Congreso por primera vez desde el inicio de la guerra contra Ir\u00e1n <\/h2>\n<\/p>\n<div readability=\"18\"> <time datetime=\"2026-04-29T14:21:41+00:00\">29\/04\/2026 &#8211; 16:21<\/time><\/p>\n<h2 aria-level=\"3\">\u00abUn nuevo crimen de guerra\u00bb: ataques israel\u00edes dejan varios muertos en L\u00edbano y sabotean la tregua<\/h2>\n<p><span>Una familia, tres rescatistas y un soldado y su hermano, todos ajenos al conflicto, figuran entre las al menos 13 personas muertas por ataques de Israel contra el sur del L\u00edbano en las \u00faltimas 24 horas, seg\u00fan los m\u00e1s recientes informes de guerra de Beirut publicados este mi\u00e9rcoles 29 de abril. El primer ministro Liban\u00e9s, Nawaf Salam, habl\u00f3 de \u00abcr\u00edmenes de guerra\u00bb tras un bombardeo de &#8216;doble toque&#8217;, en medio de una tregua que se debilita cada vez m\u00e1s, de cara a su expiraci\u00f3n en dos semanas.<\/span><\/p>\n<\/p><\/div>\n<div readability=\"21\"> <time datetime=\"2026-04-29T14:01:01+00:00\">29\/04\/2026 &#8211; 16:01<\/time><\/p>\n<h2 aria-level=\"3\">El OIEA ha dialogado con Rusia y otros pa\u00edses sobre la posibilidad de extraer el uranio altamente enriquecido de Ir\u00e1n<\/h2>\n<p>El organismo de control nuclear de la ONU cree que un gran porcentaje del uranio altamente enriquecido de Ir\u00e1n se almacenaba en Isfah\u00e1n cuando Israel y Estados Unidos bombardearon Ir\u00e1n en junio de 2025, \u00aby ha permanecido all\u00ed desde entonces\u00bb, declar\u00f3 Rafael Grossi, director del organismo.<\/p>\n<p>Grossi afirm\u00f3 que el OIEA ha conversado con Rusia y otros pa\u00edses sobre la posibilidad de enviar el uranio altamente enriquecido de Ir\u00e1n fuera del pa\u00eds, una operaci\u00f3n compleja que requerir\u00eda un acuerdo pol\u00edtico o una importante operaci\u00f3n militar estadounidense en territorio hostil.<\/p>\n<p>\u00abLo fundamental es que ese material salga de Ir\u00e1n\u00bb o que se mezcle para reducir su enriquecimiento, a\u00f1adi\u00f3.<\/p>\n<\/p><\/div>\n<div readability=\"39\"> <time datetime=\"2026-04-29T13:14:21+00:00\">29\/04\/2026 &#8211; 15:14<\/time><\/p>\n<h2 aria-level=\"3\">El Ej\u00e9rcito liban\u00e9s afirma que un nuevo ataque israel\u00ed mat\u00f3 a dos personas, incluido un soldado<\/h2>\n<p>La instituci\u00f3n castrense del L\u00edbano inform\u00f3 este mi\u00e9rcoles que uno de sus soldados se encuentra entre las dos personas muertas en un ataque de Israel contra el sur del territorio liban\u00e9s, la m\u00e1s reciente incursi\u00f3n mortal a pesar del alto el fuego en curso.<\/p>\n<p><strong>\u00abUn soldado y su hermano murieron en un ataque israel\u00ed que los ten\u00eda como objetivo en la localidad de Khirbet Selm, en el distrito de Bint Jbeil, mientras viajaban en motocicleta\u00bb de regreso a casa desde el puesto del soldado<\/strong>, seg\u00fan el comunicado del Ej\u00e9rcito del L\u00edbano.<\/p>\n<p><strong>El ataque se produce un d\u00eda despu\u00e9s de que 11 personas, entre ellas tres miembros de la defensa civil, murieran en ataques en el sur del pa\u00eds<\/strong>, seg\u00fan cifras actualizadas del Ministerio de Salud de Beirut, mientras que dos soldados resultaron heridos.<\/p>\n<p><strong>El primer ministro Nawaf Salam calific\u00f3 el asalto que mat\u00f3 a los trabajadores de la defensa civil como un \u00abcrimen de guerra\u00bb. Y el presidente Joseph Aoun asegur\u00f3 en las \u00faltimas horas que las autoridades mantienen \u00abcontactos para consolidar el alto el fuego y detener la demolici\u00f3n de viviendas en las aldeas ocupadas del sur\u00bb<\/strong>, seg\u00fan un comunicado de su oficina.<\/p>\n<p><img decoding=\"async\" src=\"https:\/\/arena-cdn-g.eu.getarena.im\/site-media\/661e9848fa496b0a97abf800cfca2c5100ec936b64df9fbc0c4a4168.jpg\"><\/p>\n<p>Archivo: oficiales del ej\u00e9rcito liban\u00e9s patrullan cerca del campamento improvisado de los desplazados, en medio de un alto el fuego temporal entre el L\u00edbano e Israel, en Beirut, L\u00edbano, el 26 de abril de 2026. Reuters\/Zohra Bensemra.<\/p>\n<\/p><\/div>\n<div readability=\"9\"> <time datetime=\"2026-04-29T13:03:48+00:00\">29\/04\/2026 &#8211; 15:03<\/time><\/p>\n<h2 aria-level=\"3\">Ir\u00e1n advierte una \u00abacci\u00f3n militar sin precedentes\u00bb si EE. UU. sigue incautando buques vinculados a Teher\u00e1n, <\/h2>\n<p>As\u00ed lo report\u00f3 la TV estatal, que cita a una fuente de alto rango en las Fuerzas Armadas del pa\u00eds.<\/p>\n<\/p><\/div>\n<div readability=\"25\"> <time datetime=\"2026-04-29T12:58:28+00:00\">29\/04\/2026 &#8211; 14:58<\/time><\/p>\n<h2 aria-level=\"3\">Mosc\u00fa elogia a la OPEP como fuerza estabilizadora mientras Emiratos \u00c1rabes Unidos anuncian sus planes de abandonar la organizaci\u00f3n<\/h2>\n<p>En declaraciones a la prensa este mi\u00e9rcoles, el portavoz del Kremlin, Dmitry Peskov, afirm\u00f3 que Rusia no tiene planes de abandonar la OPEP+ y elogi\u00f3 la labor de la organizaci\u00f3n para estabilizar los mercados energ\u00e9ticos.<\/p>\n<p>\u00abSe trata de un \u00e1mbito de trabajo muy importante y es especialmente crucial en este momento, cuando los mercados energ\u00e9ticos se encuentran, por decirlo suavemente, en plena agitaci\u00f3n\u00bb, afirm\u00f3.<\/p>\n<p>Sin embargo, subray\u00f3 que Mosc\u00fa respetaba la decisi\u00f3n de los Emiratos \u00c1rabes Unidos. \u00abAcogemos con satisfacci\u00f3n las declaraciones de Abu Dabi de que los Emiratos seguir\u00e1n adoptando una postura responsable en el mercado energ\u00e9tico\u00bb, se\u00f1al\u00f3 Peskov.<\/p>\n<\/p><\/div>\n<div readability=\"32\"> <time datetime=\"2026-04-29T12:48:41+00:00\">29\/04\/2026 &#8211; 14:48<\/time><\/p>\n<h2 aria-level=\"3\">Merz afirma que su relaci\u00f3n con Trump es \u00abtan buena como siempre\u00bb<\/h2>\n<p>El canciller alem\u00e1n, Friedrich Merz, afirm\u00f3 que su relaci\u00f3n con el presidente Donald Trump sigue siendo \u00abtan buena como siempre\u00bb, pero que \u00abdesde el principio tuvo dudas sobre lo que se estaba gestando all\u00ed con la guerra en Ir\u00e1n\u00bb.<\/p>\n<p>\u00abEstamos sufriendo considerablemente en Alemania y en Europa las consecuencias de, por ejemplo, el cierre del estrecho de Ormuz\u00bb, sostuvo Merz este mi\u00e9rcoles. Esto perjudica el suministro energ\u00e9tico y la econom\u00eda. \u00abY en ese sentido, insto a que se resuelva este conflicto\u00bb.<\/p>\n<p>Trump hab\u00eda atacado anteriormente a Merz en su plataforma Truth Social, al se\u00f1alar que \u00abel canciller de Alemania, Friedrich Merz, cree que est\u00e1 bien que Ir\u00e1n tenga un arma nuclear. \u00a1No sabe de lo que est\u00e1 hablando!\u00bb.<\/p>\n<p>Trump respond\u00eda as\u00ed a los comentarios de Merz del pasado lunes, cuando el canciller alem\u00e1n afirm\u00f3 que Estados Unidos estaba siendo \u00abhumillado\u00bb por los l\u00edderes iran\u00edes y critic\u00f3 la falta de estrategia de Washington en la guerra.<\/p>\n<\/p><\/div>\n<div readability=\"33\"> <time datetime=\"2026-04-29T12:42:44+00:00\">29\/04\/2026 &#8211; 14:42<\/time><\/p>\n<h2 aria-level=\"3\">Hegseth comparecer\u00e1 ante el Congreso por primera vez desde el inicio de la guerra contra Ir\u00e1n<\/h2>\n<p>El secretario de Defensa, Pete Hegseth, comparecer\u00e1 ante el Congreso este mi\u00e9rcoles por primera vez desde que la Administraci\u00f3n de Donald Trump lanz\u00f3 la guerra junto a Israel contra Ir\u00e1n. Un conflicto que los dem\u00f3cratas han cuestionado como costoso y librado sin la aprobaci\u00f3n del Congreso.<\/p>\n<p>La audiencia ante el Comit\u00e9 de Servicios Armados de la C\u00e1mara de Representantes se llevar\u00e1 a cabo para discutir la propuesta de presupuesto militar de la Administraci\u00f3n para 2027, que elevar\u00eda el gasto en defensa a la cifra hist\u00f3rica de 1,5 billones de d\u00f3lares. Se espera que Hegseth y el jefe del Estado Mayor Conjunto, el general Dan Caine, enfaticen la necesidad de m\u00e1s drones, sistemas de defensa antimisiles y buques de guerra.<\/p>\n<p>Por su parte, los republicanos han declarado que, por ahora, mantendr\u00e1n su confianza en el liderazgo de Trump durante la guerra, citando el programa nuclear iran\u00ed, la posibilidad de reanudar las conversaciones y las graves consecuencias de una retirada. Sin embargo, los legisladores conservadores tambi\u00e9n anhelan que el conflicto termine, y algunos est\u00e1n considerando futuras votaciones que podr\u00edan convertirse en una prueba crucial para el presidente si la guerra se prolonga.<\/p>\n<\/p><\/div>\n","protected":false},"excerpt":{"rendered":"<p>29\/04\/2026 &#8211; 16:46 \u00abEsto representa un pago&#46;&#46;&#46;<\/p>\n","protected":false},"author":1,"featured_media":164195,"comment_status":"closed","ping_status":"closed","sticky":false,"template":"","format":"standard","meta":{"_jetpack_memberships_contains_paid_content":false,"footnotes":"","jetpack_publicize_message":"","jetpack_publicize_feature_enabled":true,"jetpack_social_post_already_shared":true,"jetpack_social_options":{"image_generator_settings":{"template":"highway","default_image_id":0,"font":"","enabled":false},"version":2}},"categories":[43],"tags":[],"class_list":["post-164194","post","type-post","status-publish","format-standard","has-post-thumbnail","hentry","category-internacionales"],"yoast_head":"<!-- This site is optimized with the Yoast SEO plugin v27.3 - https:\/\/yoast.com\/product\/yoast-seo-wordpress\/ -->\n<title>\ud83d\udd34 En vivo: Hegseth comparece ante el Congreso por primera vez desde el inicio de la guerra contra Ir\u00e1n - Sarmiento24h<\/title>\n<meta name=\"robots\" content=\"index, follow, max-snippet:-1, max-image-preview:large, max-video-preview:-1\" \/>\n<link rel=\"canonical\" href=\"https:\/\/sarmiento24h.com\/?p=164194\" \/>\n<meta property=\"og:locale\" content=\"es_ES\" \/>\n<meta property=\"og:type\" content=\"article\" \/>\n<meta property=\"og:title\" content=\"\ud83d\udd34 En vivo: Hegseth comparece ante el Congreso por primera vez desde el inicio de la guerra contra Ir\u00e1n - Sarmiento24h\" \/>\n<meta property=\"og:description\" content=\"29\/04\/2026 &#8211; 16:46 \u00abEsto representa un pago&#046;&#046;&#046;\" \/>\n<meta property=\"og:url\" content=\"https:\/\/sarmiento24h.com\/?p=164194\" \/>\n<meta property=\"og:site_name\" content=\"Sarmiento24h\" \/>\n<meta property=\"article:publisher\" content=\"https:\/\/facebook.com\/s24hnoticias\" \/>\n<meta property=\"article:published_time\" content=\"2026-04-29T14:46:54+00:00\" \/>\n<meta property=\"og:image\" content=\"https:\/\/arena-cdn-g.eu.getarena.im\/site-media\/661e9848fa496b0a97abf800cfca2c5100ec936b64df9fbc0c4a4168.jpg\" \/>\n<meta name=\"author\" content=\"sarmiento24h@gmail.com\" \/>\n<meta name=\"twitter:card\" content=\"summary_large_image\" \/>\n<meta name=\"twitter:creator\" content=\"@sarmiento24h\" \/>\n<meta name=\"twitter:site\" content=\"@sarmiento24h\" \/>\n<meta name=\"twitter:label1\" content=\"Escrito por\" \/>\n\t<meta name=\"twitter:data1\" content=\"sarmiento24h@gmail.com\" \/>\n\t<meta name=\"twitter:label2\" content=\"Tiempo de lectura\" \/>\n\t<meta name=\"twitter:data2\" content=\"7 minutos\" \/>\n<script type=\"application\/ld+json\" class=\"yoast-schema-graph\">{\"@context\":\"https:\\\/\\\/schema.org\",\"@graph\":[{\"@type\":\"Article\",\"@id\":\"https:\\\/\\\/sarmiento24h.com\\\/?p=164194#article\",\"isPartOf\":{\"@id\":\"https:\\\/\\\/sarmiento24h.com\\\/?p=164194\"},\"author\":{\"name\":\"sarmiento24h@gmail.com\",\"@id\":\"https:\\\/\\\/sarmiento24h.com\\\/#\\\/schema\\\/person\\\/d653a59725ad629a7e0429af7b939d4d\"},\"headline\":\"\ud83d\udd34 En vivo: Hegseth comparece ante el Congreso por primera vez desde el inicio de la guerra contra Ir\u00e1n\",\"datePublished\":\"2026-04-29T14:46:54+00:00\",\"mainEntityOfPage\":{\"@id\":\"https:\\\/\\\/sarmiento24h.com\\\/?p=164194\"},\"wordCount\":1347,\"publisher\":{\"@id\":\"https:\\\/\\\/sarmiento24h.com\\\/#organization\"},\"image\":{\"@id\":\"https:\\\/\\\/sarmiento24h.com\\\/?p=164194#primaryimage\"},\"thumbnailUrl\":\"https:\\\/\\\/sarmiento24h.com\\\/wp-content\\\/uploads\\\/2026\\\/04\\\/f09f94b4-en-vivo-hegseth-comparece-ante-el-congreso-por-primera-vez-desde-el-inicio-de-la-guerra-contra-iran.jpg\",\"articleSection\":[\"Internacionales\"],\"inLanguage\":\"es\"},{\"@type\":\"WebPage\",\"@id\":\"https:\\\/\\\/sarmiento24h.com\\\/?p=164194\",\"url\":\"https:\\\/\\\/sarmiento24h.com\\\/?p=164194\",\"name\":\"\ud83d\udd34 En vivo: Hegseth comparece ante el Congreso por primera vez desde el inicio de la guerra contra Ir\u00e1n - Sarmiento24h\",\"isPartOf\":{\"@id\":\"https:\\\/\\\/sarmiento24h.com\\\/#website\"},\"primaryImageOfPage\":{\"@id\":\"https:\\\/\\\/sarmiento24h.com\\\/?p=164194#primaryimage\"},\"image\":{\"@id\":\"https:\\\/\\\/sarmiento24h.com\\\/?p=164194#primaryimage\"},\"thumbnailUrl\":\"https:\\\/\\\/sarmiento24h.com\\\/wp-content\\\/uploads\\\/2026\\\/04\\\/f09f94b4-en-vivo-hegseth-comparece-ante-el-congreso-por-primera-vez-desde-el-inicio-de-la-guerra-contra-iran.jpg\",\"datePublished\":\"2026-04-29T14:46:54+00:00\",\"breadcrumb\":{\"@id\":\"https:\\\/\\\/sarmiento24h.com\\\/?p=164194#breadcrumb\"},\"inLanguage\":\"es\",\"potentialAction\":[{\"@type\":\"ReadAction\",\"target\":[\"https:\\\/\\\/sarmiento24h.com\\\/?p=164194\"]}]},{\"@type\":\"ImageObject\",\"inLanguage\":\"es\",\"@id\":\"https:\\\/\\\/sarmiento24h.com\\\/?p=164194#primaryimage\",\"url\":\"https:\\\/\\\/sarmiento24h.com\\\/wp-content\\\/uploads\\\/2026\\\/04\\\/f09f94b4-en-vivo-hegseth-comparece-ante-el-congreso-por-primera-vez-desde-el-inicio-de-la-guerra-contra-iran.jpg\",\"contentUrl\":\"https:\\\/\\\/sarmiento24h.com\\\/wp-content\\\/uploads\\\/2026\\\/04\\\/f09f94b4-en-vivo-hegseth-comparece-ante-el-congreso-por-primera-vez-desde-el-inicio-de-la-guerra-contra-iran.jpg\",\"width\":500,\"height\":333},{\"@type\":\"BreadcrumbList\",\"@id\":\"https:\\\/\\\/sarmiento24h.com\\\/?p=164194#breadcrumb\",\"itemListElement\":[{\"@type\":\"ListItem\",\"position\":1,\"name\":\"Home\",\"item\":\"https:\\\/\\\/sarmiento24h.com\\\/\"},{\"@type\":\"ListItem\",\"position\":2,\"name\":\"\ud83d\udd34 En vivo: Hegseth comparece ante el Congreso por primera vez desde el inicio de la guerra contra Ir\u00e1n\"}]},{\"@type\":\"WebSite\",\"@id\":\"https:\\\/\\\/sarmiento24h.com\\\/#website\",\"url\":\"https:\\\/\\\/sarmiento24h.com\\\/\",\"name\":\"Sarmiento24h\",\"description\":\"\",\"publisher\":{\"@id\":\"https:\\\/\\\/sarmiento24h.com\\\/#organization\"},\"potentialAction\":[{\"@type\":\"SearchAction\",\"target\":{\"@type\":\"EntryPoint\",\"urlTemplate\":\"https:\\\/\\\/sarmiento24h.com\\\/?s={search_term_string}\"},\"query-input\":{\"@type\":\"PropertyValueSpecification\",\"valueRequired\":true,\"valueName\":\"search_term_string\"}}],\"inLanguage\":\"es\"},{\"@type\":\"Organization\",\"@id\":\"https:\\\/\\\/sarmiento24h.com\\\/#organization\",\"name\":\"Sarmiento24h\",\"url\":\"https:\\\/\\\/sarmiento24h.com\\\/\",\"logo\":{\"@type\":\"ImageObject\",\"inLanguage\":\"es\",\"@id\":\"https:\\\/\\\/sarmiento24h.com\\\/#\\\/schema\\\/logo\\\/image\\\/\",\"url\":\"https:\\\/\\\/sarmiento24h.com\\\/wp-content\\\/uploads\\\/2025\\\/12\\\/AddText_12-16-10.30.52.jpg\",\"contentUrl\":\"https:\\\/\\\/sarmiento24h.com\\\/wp-content\\\/uploads\\\/2025\\\/12\\\/AddText_12-16-10.30.52.jpg\",\"width\":1220,\"height\":324,\"caption\":\"Sarmiento24h\"},\"image\":{\"@id\":\"https:\\\/\\\/sarmiento24h.com\\\/#\\\/schema\\\/logo\\\/image\\\/\"},\"sameAs\":[\"https:\\\/\\\/facebook.com\\\/s24hnoticias\",\"https:\\\/\\\/x.com\\\/sarmiento24h\"]},{\"@type\":\"Person\",\"@id\":\"https:\\\/\\\/sarmiento24h.com\\\/#\\\/schema\\\/person\\\/d653a59725ad629a7e0429af7b939d4d\",\"name\":\"sarmiento24h@gmail.com\",\"image\":{\"@type\":\"ImageObject\",\"inLanguage\":\"es\",\"@id\":\"https:\\\/\\\/sarmiento24h.com\\\/wp-content\\\/litespeed\\\/avatar\\\/d02cbc4e23c747e6659cd45907173c8f.jpg?ver=1777157796\",\"url\":\"https:\\\/\\\/sarmiento24h.com\\\/wp-content\\\/litespeed\\\/avatar\\\/d02cbc4e23c747e6659cd45907173c8f.jpg?ver=1777157796\",\"contentUrl\":\"https:\\\/\\\/sarmiento24h.com\\\/wp-content\\\/litespeed\\\/avatar\\\/d02cbc4e23c747e6659cd45907173c8f.jpg?ver=1777157796\",\"caption\":\"sarmiento24h@gmail.com\"},\"sameAs\":[\"https:\\\/\\\/sarmiento24h.com\"],\"url\":\"https:\\\/\\\/sarmiento24h.com\\\/?author=1\"}]}<\/script>\n<!-- \/ Yoast SEO plugin. -->","yoast_head_json":{"title":"\ud83d\udd34 En vivo: Hegseth comparece ante el Congreso por primera vez desde el inicio de la guerra contra Ir\u00e1n - Sarmiento24h","robots":{"index":"index","follow":"follow","max-snippet":"max-snippet:-1","max-image-preview":"max-image-preview:large","max-video-preview":"max-video-preview:-1"},"canonical":"https:\/\/sarmiento24h.com\/?p=164194","og_locale":"es_ES","og_type":"article","og_title":"\ud83d\udd34 En vivo: Hegseth comparece ante el Congreso por primera vez desde el inicio de la guerra contra Ir\u00e1n - Sarmiento24h","og_description":"29\/04\/2026 &#8211; 16:46 \u00abEsto representa un pago&#46;&#46;&#46;","og_url":"https:\/\/sarmiento24h.com\/?p=164194","og_site_name":"Sarmiento24h","article_publisher":"https:\/\/facebook.com\/s24hnoticias","article_published_time":"2026-04-29T14:46:54+00:00","og_image":[{"url":"https:\/\/arena-cdn-g.eu.getarena.im\/site-media\/661e9848fa496b0a97abf800cfca2c5100ec936b64df9fbc0c4a4168.jpg","type":"","width":"","height":""}],"author":"sarmiento24h@gmail.com","twitter_card":"summary_large_image","twitter_creator":"@sarmiento24h","twitter_site":"@sarmiento24h","twitter_misc":{"Escrito por":"sarmiento24h@gmail.com","Tiempo de lectura":"7 minutos"},"schema":{"@context":"https:\/\/schema.org","@graph":[{"@type":"Article","@id":"https:\/\/sarmiento24h.com\/?p=164194#article","isPartOf":{"@id":"https:\/\/sarmiento24h.com\/?p=164194"},"author":{"name":"sarmiento24h@gmail.com","@id":"https:\/\/sarmiento24h.com\/#\/schema\/person\/d653a59725ad629a7e0429af7b939d4d"},"headline":"\ud83d\udd34 En vivo: Hegseth comparece ante el Congreso por primera vez desde el inicio de la guerra contra Ir\u00e1n","datePublished":"2026-04-29T14:46:54+00:00","mainEntityOfPage":{"@id":"https:\/\/sarmiento24h.com\/?p=164194"},"wordCount":1347,"publisher":{"@id":"https:\/\/sarmiento24h.com\/#organization"},"image":{"@id":"https:\/\/sarmiento24h.com\/?p=164194#primaryimage"},"thumbnailUrl":"https:\/\/sarmiento24h.com\/wp-content\/uploads\/2026\/04\/f09f94b4-en-vivo-hegseth-comparece-ante-el-congreso-por-primera-vez-desde-el-inicio-de-la-guerra-contra-iran.jpg","articleSection":["Internacionales"],"inLanguage":"es"},{"@type":"WebPage","@id":"https:\/\/sarmiento24h.com\/?p=164194","url":"https:\/\/sarmiento24h.com\/?p=164194","name":"\ud83d\udd34 En vivo: Hegseth comparece ante el Congreso por primera vez desde el inicio de la guerra contra Ir\u00e1n - Sarmiento24h","isPartOf":{"@id":"https:\/\/sarmiento24h.com\/#website"},"primaryImageOfPage":{"@id":"https:\/\/sarmiento24h.com\/?p=164194#primaryimage"},"image":{"@id":"https:\/\/sarmiento24h.com\/?p=164194#primaryimage"},"thumbnailUrl":"https:\/\/sarmiento24h.com\/wp-content\/uploads\/2026\/04\/f09f94b4-en-vivo-hegseth-comparece-ante-el-congreso-por-primera-vez-desde-el-inicio-de-la-guerra-contra-iran.jpg","datePublished":"2026-04-29T14:46:54+00:00","breadcrumb":{"@id":"https:\/\/sarmiento24h.com\/?p=164194#breadcrumb"},"inLanguage":"es","potentialAction":[{"@type":"ReadAction","target":["https:\/\/sarmiento24h.com\/?p=164194"]}]},{"@type":"ImageObject","inLanguage":"es","@id":"https:\/\/sarmiento24h.com\/?p=164194#primaryimage","url":"https:\/\/sarmiento24h.com\/wp-content\/uploads\/2026\/04\/f09f94b4-en-vivo-hegseth-comparece-ante-el-congreso-por-primera-vez-desde-el-inicio-de-la-guerra-contra-iran.jpg","contentUrl":"https:\/\/sarmiento24h.com\/wp-content\/uploads\/2026\/04\/f09f94b4-en-vivo-hegseth-comparece-ante-el-congreso-por-primera-vez-desde-el-inicio-de-la-guerra-contra-iran.jpg","width":500,"height":333},{"@type":"BreadcrumbList","@id":"https:\/\/sarmiento24h.com\/?p=164194#breadcrumb","itemListElement":[{"@type":"ListItem","position":1,"name":"Home","item":"https:\/\/sarmiento24h.com\/"},{"@type":"ListItem","position":2,"name":"\ud83d\udd34 En vivo: Hegseth comparece ante el Congreso por primera vez desde el inicio de la guerra contra Ir\u00e1n"}]},{"@type":"WebSite","@id":"https:\/\/sarmiento24h.com\/#website","url":"https:\/\/sarmiento24h.com\/","name":"Sarmiento24h","description":"","publisher":{"@id":"https:\/\/sarmiento24h.com\/#organization"},"potentialAction":[{"@type":"SearchAction","target":{"@type":"EntryPoint","urlTemplate":"https:\/\/sarmiento24h.com\/?s={search_term_string}"},"query-input":{"@type":"PropertyValueSpecification","valueRequired":true,"valueName":"search_term_string"}}],"inLanguage":"es"},{"@type":"Organization","@id":"https:\/\/sarmiento24h.com\/#organization","name":"Sarmiento24h","url":"https:\/\/sarmiento24h.com\/","logo":{"@type":"ImageObject","inLanguage":"es","@id":"https:\/\/sarmiento24h.com\/#\/schema\/logo\/image\/","url":"https:\/\/sarmiento24h.com\/wp-content\/uploads\/2025\/12\/AddText_12-16-10.30.52.jpg","contentUrl":"https:\/\/sarmiento24h.com\/wp-content\/uploads\/2025\/12\/AddText_12-16-10.30.52.jpg","width":1220,"height":324,"caption":"Sarmiento24h"},"image":{"@id":"https:\/\/sarmiento24h.com\/#\/schema\/logo\/image\/"},"sameAs":["https:\/\/facebook.com\/s24hnoticias","https:\/\/x.com\/sarmiento24h"]},{"@type":"Person","@id":"https:\/\/sarmiento24h.com\/#\/schema\/person\/d653a59725ad629a7e0429af7b939d4d","name":"sarmiento24h@gmail.com","image":{"@type":"ImageObject","inLanguage":"es","@id":"https:\/\/sarmiento24h.com\/wp-content\/litespeed\/avatar\/d02cbc4e23c747e6659cd45907173c8f.jpg?ver=1777157796","url":"https:\/\/sarmiento24h.com\/wp-content\/litespeed\/avatar\/d02cbc4e23c747e6659cd45907173c8f.jpg?ver=1777157796","contentUrl":"https:\/\/sarmiento24h.com\/wp-content\/litespeed\/avatar\/d02cbc4e23c747e6659cd45907173c8f.jpg?ver=1777157796","caption":"sarmiento24h@gmail.com"},"sameAs":["https:\/\/sarmiento24h.com"],"url":"https:\/\/sarmiento24h.com\/?author=1"}]}},"jetpack_publicize_connections":[],"jetpack_featured_media_url":"https:\/\/sarmiento24h.com\/wp-content\/uploads\/2026\/04\/f09f94b4-en-vivo-hegseth-comparece-ante-el-congreso-por-primera-vez-desde-el-inicio-de-la-guerra-contra-iran.jpg","jetpack_sharing_enabled":true,"_links":{"self":[{"href":"https:\/\/sarmiento24h.com\/index.php?rest_route=\/wp\/v2\/posts\/164194","targetHints":{"allow":["GET"]}}],"collection":[{"href":"https:\/\/sarmiento24h.com\/index.php?rest_route=\/wp\/v2\/posts"}],"about":[{"href":"https:\/\/sarmiento24h.com\/index.php?rest_route=\/wp\/v2\/types\/post"}],"author":[{"embeddable":true,"href":"https:\/\/sarmiento24h.com\/index.php?rest_route=\/wp\/v2\/users\/1"}],"replies":[{"embeddable":true,"href":"https:\/\/sarmiento24h.com\/index.php?rest_route=%2Fwp%2Fv2%2Fcomments&post=164194"}],"version-history":[{"count":0,"href":"https:\/\/sarmiento24h.com\/index.php?rest_route=\/wp\/v2\/posts\/164194\/revisions"}],"wp:featuredmedia":[{"embeddable":true,"href":"https:\/\/sarmiento24h.com\/index.php?rest_route=\/wp\/v2\/media\/164195"}],"wp:attachment":[{"href":"https:\/\/sarmiento24h.com\/index.php?rest_route=%2Fwp%2Fv2%2Fmedia&parent=164194"}],"wp:term":[{"taxonomy":"category","embeddable":true,"href":"https:\/\/sarmiento24h.com\/index.php?rest_route=%2Fwp%2Fv2%2Fcategories&post=164194"},{"taxonomy":"post_tag","embeddable":true,"href":"https:\/\/sarmiento24h.com\/index.php?rest_route=%2Fwp%2Fv2%2Ftags&post=164194"}],"curies":[{"name":"wp","href":"https:\/\/api.w.org\/{rel}","templated":true}]}}