{"id":164349,"date":"2026-04-29T15:47:37","date_gmt":"2026-04-29T15:47:37","guid":{"rendered":"https:\/\/noticiassin.com\/?p=1988562"},"modified":"2026-04-29T15:47:37","modified_gmt":"2026-04-29T15:47:37","slug":"republica-dominicana-y-espana-sellan-alianza-contra-el-crimen-organizado","status":"publish","type":"post","link":"https:\/\/sarmiento24h.com\/?p=164349","title":{"rendered":"Rep\u00fablica Dominicana y Espa\u00f1a sellan alianza contra el crimen organizado"},"content":{"rendered":"<div><img decoding=\"async\" src=\"https:\/\/multimedia.noticiassin.com\/wp-content\/uploads\/2026\/04\/republica-dominicana-y-espana-sellan-alianza-contra-el-crimen-organizado-20260429-153816-3LEl-1200x675.jpeg\" class=\"ff-og-image-inserted\"><\/div>\n<p><strong>Santo Domingo<\/strong>. \u2013 La <strong>Rep\u00fablica Dominicana<\/strong> y <strong>Espa\u00f1a<\/strong> firmaron este martes un tratado internacional, con el objetivo de fortalecer la lucha contra la delincuencia organizada y mejorar los niveles de seguridad ciudadana en ambos pa\u00edses.<\/p>\n<p>El acuerdo fue suscrito por la ministra de <strong>Interior y Polic\u00eda<\/strong>, <strong>Faride Raful<\/strong>, y el ministro de Interior de <strong>Espa\u00f1a<\/strong>, <strong>Fernando Grande-Marlaska G\u00f3mez<\/strong>, en el marco de la colaboraci\u00f3n bilateral para prevenir, detectar e investigar delitos que trascienden fronteras.<\/p>\n<h2 class=\"wp-block-heading\">Alcance del acuerdo<\/h2>\n<p>El tratado considera la cooperaci\u00f3n en una amplia gama de delitos, incluyendo el <strong>crimen organizado, e<\/strong>l tr\u00e1fico de armas, el narcotr\u00e1fico, la trata de personas, los delitos financieros, la ciberdelincuencia, la violencia dom\u00e9stica y de g\u00e9nero, el robo y tr\u00e1fico de veh\u00edculos, el uso ilegal y la falsificaci\u00f3n de documentos de identidad, entre otras acciones delictivas que afectan la seguridad.<\/p>\n<p>Adem\u00e1s, establece mecanismos de intercambio de <strong>informaci\u00f3n,<\/strong> investigaciones en conjunto y asistencia operativa, que permitir\u00e1n fortalecer la identificaci\u00f3n de sospechosos, la b\u00fasqueda de personas desaparecidas, la localizaci\u00f3n de redes delictivas y la recuperaci\u00f3n de bienes vinculados a actividades il\u00edcitas.<\/p>\n<h2 class=\"wp-block-heading\">Cooperaci\u00f3n y seguridad<\/h2>\n<p>La ministra <strong>Faride Raful<\/strong> destac\u00f3 c\u00f3mo este tratado \u201choy ordena esa cooperaci\u00f3n en los frentes que la realidad criminal exige para convertirnos en m\u00e1s capaces, eficientes y m\u00e1s oportunos con esta cooperaci\u00f3n bilateral.<\/p>\n<p>Adem\u00e1s, subray\u00f3 que el esp\u00edritu que ordena este instrumento est\u00e1 basado en la \u201cigualdad, reciprocidad y asistencia mutua\u201d, siendo esa la base sobre la que se construye una cooperaci\u00f3n seria y duradera entre estados, y es la forma en que la <strong>Rep\u00fablica Dominicana<\/strong> entiende su lugar en el concierto internacional\u201d, indic\u00f3 la ministra.<\/p>\n<p>Por su parte, el ministro de Interior de <strong>Espa\u00f1a<\/strong> reconoci\u00f3 tambi\u00e9n la importancia de este tratado y expres\u00f3 que: \u201cHoy damos un paso m\u00e1s en el fortalecimiento de nuestra alianza en materia de seguridad, incorporando un nuevo marco jur\u00eddico que refuerza los mecanismos de colaboraci\u00f3n y promueve el intercambio de informaci\u00f3n, la asistencia t\u00e9cnica y la formaci\u00f3n\u201d.<\/p>\n<ul class=\"wp-block-list\">\n<li>El acuerdo tambi\u00e9n permitir\u00e1 el <strong>intercambio<\/strong> de experiencias, tecnolog\u00edas y buenas pr\u00e1cticas en procesos de investigaci\u00f3n criminal, as\u00ed como la formaci\u00f3n especializada de los cuerpos de seguridad, aportando al fortalecimiento de la seguridad ciudadana.<\/li>\n<\/ul>\n<p>Con esta firma, ambos pa\u00edses reafirman su compromiso de trabajar de forma coordinada en materia de seguridad frente a los desaf\u00edos de la <strong>criminalidad<\/strong>, en un contexto donde la cooperaci\u00f3n internacional es clave para garantizar mayor orden y seguridad ciudadana.<\/p>\n","protected":false},"excerpt":{"rendered":"<p>Santo Domingo. \u2013 La Rep\u00fablica Dominicana y&#46;&#46;&#46;<\/p>\n","protected":false},"author":1,"featured_media":164350,"comment_status":"closed","ping_status":"closed","sticky":false,"template":"","format":"standard","meta":{"_jetpack_memberships_contains_paid_content":false,"footnotes":"","jetpack_publicize_message":"","jetpack_publicize_feature_enabled":true,"jetpack_social_post_already_shared":true,"jetpack_social_options":{"image_generator_settings":{"template":"highway","default_image_id":0,"font":"","enabled":false},"version":2}},"categories":[42],"tags":[],"class_list":["post-164349","post","type-post","status-publish","format-standard","has-post-thumbnail","hentry","category-nacionales"],"yoast_head":"<!-- This site is optimized with the Yoast SEO plugin v27.3 - https:\/\/yoast.com\/product\/yoast-seo-wordpress\/ -->\n<title>Rep\u00fablica Dominicana y Espa\u00f1a sellan alianza contra el crimen organizado - Sarmiento24h<\/title>\n<meta name=\"robots\" content=\"index, follow, max-snippet:-1, max-image-preview:large, max-video-preview:-1\" \/>\n<link rel=\"canonical\" href=\"https:\/\/sarmiento24h.com\/?p=164349\" \/>\n<meta property=\"og:locale\" content=\"es_ES\" \/>\n<meta property=\"og:type\" content=\"article\" \/>\n<meta property=\"og:title\" content=\"Rep\u00fablica Dominicana y Espa\u00f1a sellan alianza contra el crimen organizado - Sarmiento24h\" \/>\n<meta property=\"og:description\" content=\"Santo Domingo. \u2013 La Rep\u00fablica Dominicana y&#046;&#046;&#046;\" \/>\n<meta property=\"og:url\" content=\"https:\/\/sarmiento24h.com\/?p=164349\" \/>\n<meta property=\"og:site_name\" content=\"Sarmiento24h\" \/>\n<meta property=\"article:publisher\" content=\"https:\/\/facebook.com\/s24hnoticias\" \/>\n<meta property=\"article:published_time\" content=\"2026-04-29T15:47:37+00:00\" \/>\n<meta property=\"og:image\" content=\"https:\/\/multimedia.noticiassin.com\/wp-content\/uploads\/2026\/04\/republica-dominicana-y-espana-sellan-alianza-contra-el-crimen-organizado-20260429-153816-3LEl-1200x675.jpeg\" \/>\n<meta name=\"author\" content=\"sarmiento24h@gmail.com\" \/>\n<meta name=\"twitter:card\" content=\"summary_large_image\" \/>\n<meta name=\"twitter:creator\" content=\"@sarmiento24h\" \/>\n<meta name=\"twitter:site\" content=\"@sarmiento24h\" \/>\n<meta name=\"twitter:label1\" content=\"Escrito por\" \/>\n\t<meta name=\"twitter:data1\" content=\"sarmiento24h@gmail.com\" \/>\n\t<meta name=\"twitter:label2\" content=\"Tiempo de lectura\" \/>\n\t<meta name=\"twitter:data2\" content=\"2 minutos\" \/>\n<script type=\"application\/ld+json\" class=\"yoast-schema-graph\">{\"@context\":\"https:\\\/\\\/schema.org\",\"@graph\":[{\"@type\":\"Article\",\"@id\":\"https:\\\/\\\/sarmiento24h.com\\\/?p=164349#article\",\"isPartOf\":{\"@id\":\"https:\\\/\\\/sarmiento24h.com\\\/?p=164349\"},\"author\":{\"name\":\"sarmiento24h@gmail.com\",\"@id\":\"https:\\\/\\\/sarmiento24h.com\\\/#\\\/schema\\\/person\\\/d653a59725ad629a7e0429af7b939d4d\"},\"headline\":\"Rep\u00fablica Dominicana y Espa\u00f1a sellan alianza contra el crimen organizado\",\"datePublished\":\"2026-04-29T15:47:37+00:00\",\"mainEntityOfPage\":{\"@id\":\"https:\\\/\\\/sarmiento24h.com\\\/?p=164349\"},\"wordCount\":456,\"publisher\":{\"@id\":\"https:\\\/\\\/sarmiento24h.com\\\/#organization\"},\"image\":{\"@id\":\"https:\\\/\\\/sarmiento24h.com\\\/?p=164349#primaryimage\"},\"thumbnailUrl\":\"https:\\\/\\\/sarmiento24h.com\\\/wp-content\\\/uploads\\\/2026\\\/04\\\/republica-dominicana-y-espana-sellan-alianza-contra-el-crimen-organizado.jpg\",\"articleSection\":[\"Nacionales\"],\"inLanguage\":\"es\"},{\"@type\":\"WebPage\",\"@id\":\"https:\\\/\\\/sarmiento24h.com\\\/?p=164349\",\"url\":\"https:\\\/\\\/sarmiento24h.com\\\/?p=164349\",\"name\":\"Rep\u00fablica Dominicana y Espa\u00f1a sellan alianza contra el crimen organizado - Sarmiento24h\",\"isPartOf\":{\"@id\":\"https:\\\/\\\/sarmiento24h.com\\\/#website\"},\"primaryImageOfPage\":{\"@id\":\"https:\\\/\\\/sarmiento24h.com\\\/?p=164349#primaryimage\"},\"image\":{\"@id\":\"https:\\\/\\\/sarmiento24h.com\\\/?p=164349#primaryimage\"},\"thumbnailUrl\":\"https:\\\/\\\/sarmiento24h.com\\\/wp-content\\\/uploads\\\/2026\\\/04\\\/republica-dominicana-y-espana-sellan-alianza-contra-el-crimen-organizado.jpg\",\"datePublished\":\"2026-04-29T15:47:37+00:00\",\"breadcrumb\":{\"@id\":\"https:\\\/\\\/sarmiento24h.com\\\/?p=164349#breadcrumb\"},\"inLanguage\":\"es\",\"potentialAction\":[{\"@type\":\"ReadAction\",\"target\":[\"https:\\\/\\\/sarmiento24h.com\\\/?p=164349\"]}]},{\"@type\":\"ImageObject\",\"inLanguage\":\"es\",\"@id\":\"https:\\\/\\\/sarmiento24h.com\\\/?p=164349#primaryimage\",\"url\":\"https:\\\/\\\/sarmiento24h.com\\\/wp-content\\\/uploads\\\/2026\\\/04\\\/republica-dominicana-y-espana-sellan-alianza-contra-el-crimen-organizado.jpg\",\"contentUrl\":\"https:\\\/\\\/sarmiento24h.com\\\/wp-content\\\/uploads\\\/2026\\\/04\\\/republica-dominicana-y-espana-sellan-alianza-contra-el-crimen-organizado.jpg\",\"width\":1200,\"height\":675},{\"@type\":\"BreadcrumbList\",\"@id\":\"https:\\\/\\\/sarmiento24h.com\\\/?p=164349#breadcrumb\",\"itemListElement\":[{\"@type\":\"ListItem\",\"position\":1,\"name\":\"Home\",\"item\":\"https:\\\/\\\/sarmiento24h.com\\\/\"},{\"@type\":\"ListItem\",\"position\":2,\"name\":\"Rep\u00fablica Dominicana y Espa\u00f1a sellan alianza contra el crimen organizado\"}]},{\"@type\":\"WebSite\",\"@id\":\"https:\\\/\\\/sarmiento24h.com\\\/#website\",\"url\":\"https:\\\/\\\/sarmiento24h.com\\\/\",\"name\":\"Sarmiento24h\",\"description\":\"\",\"publisher\":{\"@id\":\"https:\\\/\\\/sarmiento24h.com\\\/#organization\"},\"potentialAction\":[{\"@type\":\"SearchAction\",\"target\":{\"@type\":\"EntryPoint\",\"urlTemplate\":\"https:\\\/\\\/sarmiento24h.com\\\/?s={search_term_string}\"},\"query-input\":{\"@type\":\"PropertyValueSpecification\",\"valueRequired\":true,\"valueName\":\"search_term_string\"}}],\"inLanguage\":\"es\"},{\"@type\":\"Organization\",\"@id\":\"https:\\\/\\\/sarmiento24h.com\\\/#organization\",\"name\":\"Sarmiento24h\",\"url\":\"https:\\\/\\\/sarmiento24h.com\\\/\",\"logo\":{\"@type\":\"ImageObject\",\"inLanguage\":\"es\",\"@id\":\"https:\\\/\\\/sarmiento24h.com\\\/#\\\/schema\\\/logo\\\/image\\\/\",\"url\":\"https:\\\/\\\/sarmiento24h.com\\\/wp-content\\\/uploads\\\/2025\\\/12\\\/AddText_12-16-10.30.52.jpg\",\"contentUrl\":\"https:\\\/\\\/sarmiento24h.com\\\/wp-content\\\/uploads\\\/2025\\\/12\\\/AddText_12-16-10.30.52.jpg\",\"width\":1220,\"height\":324,\"caption\":\"Sarmiento24h\"},\"image\":{\"@id\":\"https:\\\/\\\/sarmiento24h.com\\\/#\\\/schema\\\/logo\\\/image\\\/\"},\"sameAs\":[\"https:\\\/\\\/facebook.com\\\/s24hnoticias\",\"https:\\\/\\\/x.com\\\/sarmiento24h\"]},{\"@type\":\"Person\",\"@id\":\"https:\\\/\\\/sarmiento24h.com\\\/#\\\/schema\\\/person\\\/d653a59725ad629a7e0429af7b939d4d\",\"name\":\"sarmiento24h@gmail.com\",\"image\":{\"@type\":\"ImageObject\",\"inLanguage\":\"es\",\"@id\":\"https:\\\/\\\/sarmiento24h.com\\\/wp-content\\\/litespeed\\\/avatar\\\/d02cbc4e23c747e6659cd45907173c8f.jpg?ver=1777157796\",\"url\":\"https:\\\/\\\/sarmiento24h.com\\\/wp-content\\\/litespeed\\\/avatar\\\/d02cbc4e23c747e6659cd45907173c8f.jpg?ver=1777157796\",\"contentUrl\":\"https:\\\/\\\/sarmiento24h.com\\\/wp-content\\\/litespeed\\\/avatar\\\/d02cbc4e23c747e6659cd45907173c8f.jpg?ver=1777157796\",\"caption\":\"sarmiento24h@gmail.com\"},\"sameAs\":[\"https:\\\/\\\/sarmiento24h.com\"],\"url\":\"https:\\\/\\\/sarmiento24h.com\\\/?author=1\"}]}<\/script>\n<!-- \/ Yoast SEO plugin. -->","yoast_head_json":{"title":"Rep\u00fablica Dominicana y Espa\u00f1a sellan alianza contra el crimen organizado - Sarmiento24h","robots":{"index":"index","follow":"follow","max-snippet":"max-snippet:-1","max-image-preview":"max-image-preview:large","max-video-preview":"max-video-preview:-1"},"canonical":"https:\/\/sarmiento24h.com\/?p=164349","og_locale":"es_ES","og_type":"article","og_title":"Rep\u00fablica Dominicana y Espa\u00f1a sellan alianza contra el crimen organizado - Sarmiento24h","og_description":"Santo Domingo. \u2013 La Rep\u00fablica Dominicana y&#46;&#46;&#46;","og_url":"https:\/\/sarmiento24h.com\/?p=164349","og_site_name":"Sarmiento24h","article_publisher":"https:\/\/facebook.com\/s24hnoticias","article_published_time":"2026-04-29T15:47:37+00:00","og_image":[{"url":"https:\/\/multimedia.noticiassin.com\/wp-content\/uploads\/2026\/04\/republica-dominicana-y-espana-sellan-alianza-contra-el-crimen-organizado-20260429-153816-3LEl-1200x675.jpeg","type":"","width":"","height":""}],"author":"sarmiento24h@gmail.com","twitter_card":"summary_large_image","twitter_creator":"@sarmiento24h","twitter_site":"@sarmiento24h","twitter_misc":{"Escrito por":"sarmiento24h@gmail.com","Tiempo de lectura":"2 minutos"},"schema":{"@context":"https:\/\/schema.org","@graph":[{"@type":"Article","@id":"https:\/\/sarmiento24h.com\/?p=164349#article","isPartOf":{"@id":"https:\/\/sarmiento24h.com\/?p=164349"},"author":{"name":"sarmiento24h@gmail.com","@id":"https:\/\/sarmiento24h.com\/#\/schema\/person\/d653a59725ad629a7e0429af7b939d4d"},"headline":"Rep\u00fablica Dominicana y Espa\u00f1a sellan alianza contra el crimen organizado","datePublished":"2026-04-29T15:47:37+00:00","mainEntityOfPage":{"@id":"https:\/\/sarmiento24h.com\/?p=164349"},"wordCount":456,"publisher":{"@id":"https:\/\/sarmiento24h.com\/#organization"},"image":{"@id":"https:\/\/sarmiento24h.com\/?p=164349#primaryimage"},"thumbnailUrl":"https:\/\/sarmiento24h.com\/wp-content\/uploads\/2026\/04\/republica-dominicana-y-espana-sellan-alianza-contra-el-crimen-organizado.jpg","articleSection":["Nacionales"],"inLanguage":"es"},{"@type":"WebPage","@id":"https:\/\/sarmiento24h.com\/?p=164349","url":"https:\/\/sarmiento24h.com\/?p=164349","name":"Rep\u00fablica Dominicana y Espa\u00f1a sellan alianza contra el crimen organizado - Sarmiento24h","isPartOf":{"@id":"https:\/\/sarmiento24h.com\/#website"},"primaryImageOfPage":{"@id":"https:\/\/sarmiento24h.com\/?p=164349#primaryimage"},"image":{"@id":"https:\/\/sarmiento24h.com\/?p=164349#primaryimage"},"thumbnailUrl":"https:\/\/sarmiento24h.com\/wp-content\/uploads\/2026\/04\/republica-dominicana-y-espana-sellan-alianza-contra-el-crimen-organizado.jpg","datePublished":"2026-04-29T15:47:37+00:00","breadcrumb":{"@id":"https:\/\/sarmiento24h.com\/?p=164349#breadcrumb"},"inLanguage":"es","potentialAction":[{"@type":"ReadAction","target":["https:\/\/sarmiento24h.com\/?p=164349"]}]},{"@type":"ImageObject","inLanguage":"es","@id":"https:\/\/sarmiento24h.com\/?p=164349#primaryimage","url":"https:\/\/sarmiento24h.com\/wp-content\/uploads\/2026\/04\/republica-dominicana-y-espana-sellan-alianza-contra-el-crimen-organizado.jpg","contentUrl":"https:\/\/sarmiento24h.com\/wp-content\/uploads\/2026\/04\/republica-dominicana-y-espana-sellan-alianza-contra-el-crimen-organizado.jpg","width":1200,"height":675},{"@type":"BreadcrumbList","@id":"https:\/\/sarmiento24h.com\/?p=164349#breadcrumb","itemListElement":[{"@type":"ListItem","position":1,"name":"Home","item":"https:\/\/sarmiento24h.com\/"},{"@type":"ListItem","position":2,"name":"Rep\u00fablica Dominicana y Espa\u00f1a sellan alianza contra el crimen organizado"}]},{"@type":"WebSite","@id":"https:\/\/sarmiento24h.com\/#website","url":"https:\/\/sarmiento24h.com\/","name":"Sarmiento24h","description":"","publisher":{"@id":"https:\/\/sarmiento24h.com\/#organization"},"potentialAction":[{"@type":"SearchAction","target":{"@type":"EntryPoint","urlTemplate":"https:\/\/sarmiento24h.com\/?s={search_term_string}"},"query-input":{"@type":"PropertyValueSpecification","valueRequired":true,"valueName":"search_term_string"}}],"inLanguage":"es"},{"@type":"Organization","@id":"https:\/\/sarmiento24h.com\/#organization","name":"Sarmiento24h","url":"https:\/\/sarmiento24h.com\/","logo":{"@type":"ImageObject","inLanguage":"es","@id":"https:\/\/sarmiento24h.com\/#\/schema\/logo\/image\/","url":"https:\/\/sarmiento24h.com\/wp-content\/uploads\/2025\/12\/AddText_12-16-10.30.52.jpg","contentUrl":"https:\/\/sarmiento24h.com\/wp-content\/uploads\/2025\/12\/AddText_12-16-10.30.52.jpg","width":1220,"height":324,"caption":"Sarmiento24h"},"image":{"@id":"https:\/\/sarmiento24h.com\/#\/schema\/logo\/image\/"},"sameAs":["https:\/\/facebook.com\/s24hnoticias","https:\/\/x.com\/sarmiento24h"]},{"@type":"Person","@id":"https:\/\/sarmiento24h.com\/#\/schema\/person\/d653a59725ad629a7e0429af7b939d4d","name":"sarmiento24h@gmail.com","image":{"@type":"ImageObject","inLanguage":"es","@id":"https:\/\/sarmiento24h.com\/wp-content\/litespeed\/avatar\/d02cbc4e23c747e6659cd45907173c8f.jpg?ver=1777157796","url":"https:\/\/sarmiento24h.com\/wp-content\/litespeed\/avatar\/d02cbc4e23c747e6659cd45907173c8f.jpg?ver=1777157796","contentUrl":"https:\/\/sarmiento24h.com\/wp-content\/litespeed\/avatar\/d02cbc4e23c747e6659cd45907173c8f.jpg?ver=1777157796","caption":"sarmiento24h@gmail.com"},"sameAs":["https:\/\/sarmiento24h.com"],"url":"https:\/\/sarmiento24h.com\/?author=1"}]}},"jetpack_publicize_connections":[],"jetpack_featured_media_url":"https:\/\/sarmiento24h.com\/wp-content\/uploads\/2026\/04\/republica-dominicana-y-espana-sellan-alianza-contra-el-crimen-organizado.jpg","jetpack_sharing_enabled":true,"_links":{"self":[{"href":"https:\/\/sarmiento24h.com\/index.php?rest_route=\/wp\/v2\/posts\/164349","targetHints":{"allow":["GET"]}}],"collection":[{"href":"https:\/\/sarmiento24h.com\/index.php?rest_route=\/wp\/v2\/posts"}],"about":[{"href":"https:\/\/sarmiento24h.com\/index.php?rest_route=\/wp\/v2\/types\/post"}],"author":[{"embeddable":true,"href":"https:\/\/sarmiento24h.com\/index.php?rest_route=\/wp\/v2\/users\/1"}],"replies":[{"embeddable":true,"href":"https:\/\/sarmiento24h.com\/index.php?rest_route=%2Fwp%2Fv2%2Fcomments&post=164349"}],"version-history":[{"count":0,"href":"https:\/\/sarmiento24h.com\/index.php?rest_route=\/wp\/v2\/posts\/164349\/revisions"}],"wp:featuredmedia":[{"embeddable":true,"href":"https:\/\/sarmiento24h.com\/index.php?rest_route=\/wp\/v2\/media\/164350"}],"wp:attachment":[{"href":"https:\/\/sarmiento24h.com\/index.php?rest_route=%2Fwp%2Fv2%2Fmedia&parent=164349"}],"wp:term":[{"taxonomy":"category","embeddable":true,"href":"https:\/\/sarmiento24h.com\/index.php?rest_route=%2Fwp%2Fv2%2Fcategories&post=164349"},{"taxonomy":"post_tag","embeddable":true,"href":"https:\/\/sarmiento24h.com\/index.php?rest_route=%2Fwp%2Fv2%2Ftags&post=164349"}],"curies":[{"name":"wp","href":"https:\/\/api.w.org\/{rel}","templated":true}]}}