{"id":164440,"date":"2026-04-29T16:57:29","date_gmt":"2026-04-29T16:57:29","guid":{"rendered":"http:\/\/f91e93aa-43e6-11f1-861b-9927914c41a2"},"modified":"2026-04-29T16:57:29","modified_gmt":"2026-04-29T16:57:29","slug":"carlos-iii-refuerza-los-lazos-con-ee-uu-entre-gestos-diplomaticos-guinos-historicos-y-agenda-social","status":"publish","type":"post","link":"https:\/\/sarmiento24h.com\/?p=164440","title":{"rendered":"Carlos III refuerza los lazos con EE. UU. entre gestos diplom\u00e1ticos, gui\u00f1os hist\u00f3ricos y agenda social"},"content":{"rendered":"<p>Este mi\u00e9rcoles 29 de abril, la agenda del rey Carlos III se traslada a Nueva York, donde los monarcas centrar\u00e1n su actividad en actos de car\u00e1cter conmemorativo y social. Uno de los momentos m\u00e1s simb\u00f3licos programados es la ofrenda floral en el memorial del 11-S, en el sur de Manhattan, donde se reunir\u00e1n con familiares de las v\u00edctimas y con personal que vivi\u00f3 de primera mano los atentados.<\/p>\n<p>Tambi\u00e9n est\u00e1 previsto un encuentro con el alcalde de la ciudad, Zohran Mamdani, en un contexto en el que ambas partes buscan reforzar la cooperaci\u00f3n urbana en \u00e1mbitos como la inclusi\u00f3n social y el desarrollo sostenible.<\/p>\n<p>La dimensi\u00f3n social de la visita se reflejar\u00e1 en la parada en una organizaci\u00f3n comunitaria que trabaja con ni\u00f1os y j\u00f3venes afectados por la inseguridad alimentaria mediante proyectos de agricultura urbana. Este tipo de iniciativas conecta con una de las causas hist\u00f3ricas de Carlos III, que ya durante su etapa como pr\u00edncipe de Gales promovi\u00f3 modelos de desarrollo sostenible y pr\u00e1cticas agr\u00edcolas respetuosas con el medio ambiente.<\/p>\n<div id=\"em-WBMZ387462-F24-ES-20260429\" class=\"m-em-flash\" data-xtwitter-script><figcaption class=\"a-figcaption\"> <\/figcaption><div class=\"o-em-consent \" readability=\"7\">\n<div class=\"o-em-consent__content\" readability=\"34\">\n<p class=\"o-em-consent__content__text\">Para mostrar este contenido de X (Twitter), debe autorizar las cookies de medici\u00f3n de audiencia y publicidad.<\/p>\n<p> <button class=\"a-master-button a-master-button--dark\" data-action=\"accept\"> Aceptar <svg class=\"a-svg a-svg--icon-check\"> <use xlink:href=\"\/build\/images\/svg\/sprite.c98bf387c90bc4a87186b0b783f15ba0.svg#icon-check\" href=\"\/build\/images\/svg\/sprite.c98bf387c90bc4a87186b0b783f15ba0.svg#icon-check\" \/> <\/svg> <\/button> <button class=\"a-link\" data-action=\"manage\">Gestionar mis opciones<i class=\"a-svg a-svg--icon-edit\"><\/i><\/button> <\/div>\n<\/div>\n<\/div>\n<p>La jornada incluir\u00e1 asimismo un evento literario vinculado al centenario de Winnie the Pooh, s\u00edmbolo de la literatura infantil brit\u00e1nica y una recepci\u00f3n encabezada por la reina Camila con autores y lectores para fomentar los intercambios culturales entre ambos lados del Atl\u00e1ntico.<\/p>\n<p>M\u00e1s all\u00e1 de los gestos simb\u00f3licos, la visita incorpora un marcado componente econ\u00f3mico. Carlos III participar\u00e1 en un encuentro con l\u00edderes del sector financiero y empresarial, en el que se abordar\u00e1n cuestiones relacionadas con la inversi\u00f3n, la innovaci\u00f3n y la cooperaci\u00f3n internacional.<\/p>\n<p>Como colof\u00f3n de la jornada en Nueva York, los reyes asistir\u00e1n a una recepci\u00f3n dedicada a The King\u2019s Trust, la organizaci\u00f3n ben\u00e9fica fundada por el monarca para apoyar a j\u00f3venes en situaci\u00f3n de vulnerabilidad. El acto pondr\u00e1 de relieve la expansi\u00f3n de sus programas en Estados Unidos y su impacto en \u00e1reas como la educaci\u00f3n, el empleo y la inclusi\u00f3n social.<\/p>\n<p>La jornada de este mi\u00e9rcoles avanza <strong>luego de que el martes la visita del monarca marcara un punto \u00e1lgido en Washington. <\/strong>Carlos III fue recibido por el presidente Donald Trump en la Casa Blanca con honores oficiales antes de pronunciar un discurso ante el Congreso, un gesto reservado a contadas figuras internacionales.<\/p>\n<p>En su intervenci\u00f3n, el monarca apost\u00f3 por reforzar los lazos transatl\u00e1nticos en un contexto internacional complejo. Defendi\u00f3 la vigencia de la OTAN como pilar de la seguridad colectiva, record\u00f3 la activaci\u00f3n del art\u00edculo 5 tras los atentados del 11 de septiembre de 2001 y subray\u00f3 la necesidad de mantener el apoyo a Ucrania. Asimismo, lanz\u00f3 un aviso sobre el cambio clim\u00e1tico, insistiendo en que ignorar los sistemas naturales supone un riesgo directo para la prosperidad y la seguridad nacional.<\/p>\n<div id=\"em-WBMZ387461-F24-ES-20260429\" class=\"m-em-flash\" data-xtwitter-script><figcaption class=\"a-figcaption\"> <\/figcaption><div class=\"o-em-consent \" readability=\"7\">\n<div class=\"o-em-consent__content\" readability=\"34\">\n<p class=\"o-em-consent__content__text\">Para mostrar este contenido de X (Twitter), debe autorizar las cookies de medici\u00f3n de audiencia y publicidad.<\/p>\n<p> <button class=\"a-master-button a-master-button--dark\" data-action=\"accept\"> Aceptar <svg class=\"a-svg a-svg--icon-check\"> <use xlink:href=\"\/build\/images\/svg\/sprite.c98bf387c90bc4a87186b0b783f15ba0.svg#icon-check\" href=\"\/build\/images\/svg\/sprite.c98bf387c90bc4a87186b0b783f15ba0.svg#icon-check\" \/> <\/svg> <\/button> <button class=\"a-link\" data-action=\"manage\">Gestionar mis opciones<i class=\"a-svg a-svg--icon-edit\"><\/i><\/button> <\/div>\n<\/div>\n<\/div>\n<p>Por la noche, durante la cena de gala en la Casa Blanca, Carlos III recurri\u00f3 a la iron\u00eda para introducir referencias hist\u00f3ricas en clave distendida. En respuesta a las habituales afirmaciones de Trump sobre el papel de Estados Unidos en la Segunda Guerra Mundial, el rey replic\u00f3: \u201cSi no fuera por nosotros, ustedes hablar\u00edan franc\u00e9s\u201d, en alusi\u00f3n a la rivalidad colonial entre brit\u00e1nicos y franceses en Norteam\u00e9rica. El comentario, recibido con risas, evidenci\u00f3 el tono cordial pero no exento de matices de la relaci\u00f3n bilateral.<\/p>\n<p class=\"a-read-more\"><span class=\"a-read-more__label\">Leer tambi\u00e9n<\/span><a href=\"https:\/\/www.france24.com\/es\/ee-uu-y-canad\u00e1\/20260428-se-espera-que-el-rey-carlos-iii-promueva-la-unidad-entre-ee-uu-y-el-reino-unido-en-su-discurso-ante-el-congreso\" target=\"_self\" class=\"a-read-more__link\">Carlos III apela a la unidad en su discurso ante el Congreso de EE. UU., en medio de las tensiones por Ir\u00e1n<\/a><\/p>\n<h2><strong>Virginia: historia, diversidad y medio ambiente<\/strong><\/h2>\n<p>El jueves 30 de abril, la visita se desplazar\u00e1 a Virginia, uno de los territorios con mayor carga hist\u00f3rica en la relaci\u00f3n entre Reino Unido y Estados Unidos. All\u00ed se estableci\u00f3 la primera colonia inglesa permanente en Am\u00e9rica del Norte, un antecedente clave en la historia compartida de ambos pa\u00edses.<\/p>\n<p>En este escenario, los reyes participar\u00e1n en actos conmemorativos del 250 aniversario de la independencia estadounidense, incluyendo una \u201cblock party\u201d o comida comunitaria destinada a reunir a residentes locales en un ambiente festivo.<\/p>\n<p>El programa contempla encuentros con organizaciones comunitarias y grupos culturales de los Apalaches, as\u00ed como reuniones con iniciativas centradas en la conservaci\u00f3n del entorno natural. En l\u00ednea con su trayectoria, Carlos III tambi\u00e9n tiene previsto reunirse con una comunidad ind\u00edgena de la zona, en un gesto de reconocimiento a la diversidad cultural y a las ra\u00edces hist\u00f3ricas del pa\u00eds.<\/p>\n<div class=\"m-em-image\">\n<figure class=\"m-item-image m-item-image--original m-item-image--has-caption\"> <picture class=\"a-picture a-picture--original\"><source type=\"image\/webp\" srcset=\"https:\/\/s.france24.com\/media\/display\/479ab2c4-43e8-11f1-a0c2-005056a97e36\/w:246\/2026-04-28T154920Z-1755741534-RC2FYKAOEJ3X-RTRMADP-3-USA-BRITAIN-KING.webp 246w, https:\/\/s.france24.com\/media\/display\/479ab2c4-43e8-11f1-a0c2-005056a97e36\/w:388\/2026-04-28T154920Z-1755741534-RC2FYKAOEJ3X-RTRMADP-3-USA-BRITAIN-KING.webp 388w, https:\/\/s.france24.com\/media\/display\/479ab2c4-43e8-11f1-a0c2-005056a97e36\/w:720\/2026-04-28T154920Z-1755741534-RC2FYKAOEJ3X-RTRMADP-3-USA-BRITAIN-KING.webp 720w, https:\/\/s.france24.com\/media\/display\/479ab2c4-43e8-11f1-a0c2-005056a97e36\/w:980\/2026-04-28T154920Z-1755741534-RC2FYKAOEJ3X-RTRMADP-3-USA-BRITAIN-KING.webp 980w\" sizes=\"(max-width: 1023px) calc(100vw - 32px), (min-width: 1024px) 850px\"><img fetchpriority=\"low\" decoding=\"async\" src=\"https:\/\/s.france24.com\/media\/display\/479ab2c4-43e8-11f1-a0c2-005056a97e36\/w:980\/2026-04-28T154920Z-1755741534-RC2FYKAOEJ3X-RTRMADP-3-USA-BRITAIN-KING.jpg\" srcset=\"https:\/\/s.france24.com\/media\/display\/479ab2c4-43e8-11f1-a0c2-005056a97e36\/w:246\/2026-04-28T154920Z-1755741534-RC2FYKAOEJ3X-RTRMADP-3-USA-BRITAIN-KING.jpg 246w, https:\/\/s.france24.com\/media\/display\/479ab2c4-43e8-11f1-a0c2-005056a97e36\/w:388\/2026-04-28T154920Z-1755741534-RC2FYKAOEJ3X-RTRMADP-3-USA-BRITAIN-KING.jpg 388w, https:\/\/s.france24.com\/media\/display\/479ab2c4-43e8-11f1-a0c2-005056a97e36\/w:720\/2026-04-28T154920Z-1755741534-RC2FYKAOEJ3X-RTRMADP-3-USA-BRITAIN-KING.jpg 720w, https:\/\/s.france24.com\/media\/display\/479ab2c4-43e8-11f1-a0c2-005056a97e36\/w:980\/2026-04-28T154920Z-1755741534-RC2FYKAOEJ3X-RTRMADP-3-USA-BRITAIN-KING.jpg 980w\" sizes=\"(max-width: 1023px) calc(100vw - 32px), (min-width: 1024px) 850px\" alt=\"Archivo: el rey Carlos III en el segundo d\u00eda de su visita de Estado a los Estados Unidos de Am\u00e9rica, el 28 de abril de 2026 en Washington, DC.\" loading=\"lazy\" class=\"a-img \">\n<\/picture><figcaption class=\"a-figcaption\"> <span>Archivo: el rey Carlos III en el segundo d\u00eda de su visita de Estado a los Estados Unidos de Am\u00e9rica, el 28 de abril de 2026 en Washington, DC.<\/span> <span>\u00a9 Reuters\/Chris Jackson<\/span> <\/figcaption><\/figure>\n<\/p><\/div>\n<p>Por su parte, la reina Camila visitar\u00e1 una granja para destacar la importancia de la industria h\u00edpica y sus v\u00ednculos hist\u00f3ricos con el Reino Unido, un \u00e1mbito que combina tradici\u00f3n, econom\u00eda rural y patrimonio cultural. <\/p>\n<p class=\"a-read-more\"><span class=\"a-read-more__label\">Leer tambi\u00e9n<\/span><a href=\"https:\/\/www.france24.com\/es\/ee-uu-y-canad\u00e1\/20260427-carlos-iii-mantiene-su-visita-a-ee-uu-pese-al-tiroteo-en-washington-y-en-un-momento-bajo-de-relaciones\" target=\"_self\" class=\"a-read-more__link\">Carlos III llega a EE. UU. pese al tiroteo en Washington y en un momento bajo en las relaciones<\/a><\/p>\n<h2><strong>Bermudas: proyecci\u00f3n global y agenda de futuro<\/strong><\/h2>\n<p>La \u00faltima etapa del viaje llevar\u00e1 a los reyes a Bermudas, territorio brit\u00e1nico de ultramar. El viernes 1 de mayo ser\u00e1n recibidos con una ceremonia oficial que incluir\u00e1 una Guardia de Honor del Royal Bermuda Regiment y una salva de 21 ca\u00f1onazos.<\/p>\n<p>Durante su estancia, el monarca desarrollar\u00e1 una agenda centrada en la diversidad cultural de la isla, con encuentros con representantes de distintos sectores en la capital, Hamilton. Tambi\u00e9n mantendr\u00e1 una reuni\u00f3n con atletas de los Juegos de la Commonwealth, en v\u00edsperas de la edici\u00f3n de 2026 que se celebrar\u00e1 en Glasgow.<\/p>\n<p>En el \u00e1mbito institucional, Carlos III inaugurar\u00e1 la nueva estaci\u00f3n de la Guardia Costera de Great Bay y se reunir\u00e1 con representantes de la Agencia Espacial del Reino Unido para conocer proyectos cient\u00edficos vinculados a la instalaci\u00f3n de telescopios en el archipi\u00e9lago, una iniciativa que refuerza el papel de Bermudas en la investigaci\u00f3n astron\u00f3mica.<\/p>\n<h2><strong>Una monarqu\u00eda entre tradici\u00f3n y desaf\u00edos globales<\/strong><\/h2>\n<p>La visita de Carlos III a Estados Unidos refleja una estrategia que combina la reafirmaci\u00f3n de la alianza hist\u00f3rica entre ambos pa\u00edses con la proyecci\u00f3n de una monarqu\u00eda adaptada a los desaf\u00edos del siglo XXI.<\/p>\n<p>Desde la defensa del multilateralismo y la cooperaci\u00f3n en seguridad hasta el impulso de iniciativas sociales, culturales y medioambientales, el viaje busca consolidar la imagen de un jefe de Estado que, sin renunciar al simbolismo institucional, aspira a desempe\u00f1ar un papel activo en los grandes debates globales.<\/p>\n<p>En un contexto internacional marcado por tensiones geopol\u00edticas y cambios en el equilibrio de poder, la gira del monarca brit\u00e1nico subraya la vigencia de los v\u00ednculos transatl\u00e1nticos, al tiempo que introduce matices y prioridades propias en la relaci\u00f3n con Washington.<\/p>\n<p>Con Reuters, EFE y medios locales<\/p>\n","protected":false},"excerpt":{"rendered":"<p>Este mi\u00e9rcoles 29 de abril, la agenda&#46;&#46;&#46;<\/p>\n","protected":false},"author":1,"featured_media":164441,"comment_status":"closed","ping_status":"closed","sticky":false,"template":"","format":"standard","meta":{"_jetpack_memberships_contains_paid_content":false,"footnotes":"","jetpack_publicize_message":"","jetpack_publicize_feature_enabled":true,"jetpack_social_post_already_shared":true,"jetpack_social_options":{"image_generator_settings":{"template":"highway","default_image_id":0,"font":"","enabled":false},"version":2}},"categories":[43],"tags":[],"class_list":["post-164440","post","type-post","status-publish","format-standard","has-post-thumbnail","hentry","category-internacionales"],"yoast_head":"<!-- This site is optimized with the Yoast SEO plugin v27.3 - https:\/\/yoast.com\/product\/yoast-seo-wordpress\/ -->\n<title>Carlos III refuerza los lazos con EE. UU. entre gestos diplom\u00e1ticos, gui\u00f1os hist\u00f3ricos y agenda social - Sarmiento24h<\/title>\n<meta name=\"robots\" content=\"index, follow, max-snippet:-1, max-image-preview:large, max-video-preview:-1\" \/>\n<link rel=\"canonical\" href=\"https:\/\/sarmiento24h.com\/?p=164440\" \/>\n<meta property=\"og:locale\" content=\"es_ES\" \/>\n<meta property=\"og:type\" content=\"article\" \/>\n<meta property=\"og:title\" content=\"Carlos III refuerza los lazos con EE. UU. entre gestos diplom\u00e1ticos, gui\u00f1os hist\u00f3ricos y agenda social - Sarmiento24h\" \/>\n<meta property=\"og:description\" content=\"Este mi\u00e9rcoles 29 de abril, la agenda&#046;&#046;&#046;\" \/>\n<meta property=\"og:url\" content=\"https:\/\/sarmiento24h.com\/?p=164440\" \/>\n<meta property=\"og:site_name\" content=\"Sarmiento24h\" \/>\n<meta property=\"article:publisher\" content=\"https:\/\/facebook.com\/s24hnoticias\" \/>\n<meta property=\"article:published_time\" content=\"2026-04-29T16:57:29+00:00\" \/>\n<meta property=\"og:image\" content=\"https:\/\/s.france24.com\/media\/display\/479ab2c4-43e8-11f1-a0c2-005056a97e36\/w:980\/2026-04-28T154920Z-1755741534-RC2FYKAOEJ3X-RTRMADP-3-USA-BRITAIN-KING.jpg\" \/>\n<meta name=\"author\" content=\"sarmiento24h@gmail.com\" \/>\n<meta name=\"twitter:card\" content=\"summary_large_image\" \/>\n<meta name=\"twitter:creator\" content=\"@sarmiento24h\" \/>\n<meta name=\"twitter:site\" content=\"@sarmiento24h\" \/>\n<meta name=\"twitter:label1\" content=\"Escrito por\" \/>\n\t<meta name=\"twitter:data1\" content=\"sarmiento24h@gmail.com\" \/>\n\t<meta name=\"twitter:label2\" content=\"Tiempo de lectura\" \/>\n\t<meta name=\"twitter:data2\" content=\"6 minutos\" \/>\n<script type=\"application\/ld+json\" class=\"yoast-schema-graph\">{\"@context\":\"https:\\\/\\\/schema.org\",\"@graph\":[{\"@type\":\"Article\",\"@id\":\"https:\\\/\\\/sarmiento24h.com\\\/?p=164440#article\",\"isPartOf\":{\"@id\":\"https:\\\/\\\/sarmiento24h.com\\\/?p=164440\"},\"author\":{\"name\":\"sarmiento24h@gmail.com\",\"@id\":\"https:\\\/\\\/sarmiento24h.com\\\/#\\\/schema\\\/person\\\/d653a59725ad629a7e0429af7b939d4d\"},\"headline\":\"Carlos III refuerza los lazos con EE. UU. entre gestos diplom\u00e1ticos, gui\u00f1os hist\u00f3ricos y agenda social\",\"datePublished\":\"2026-04-29T16:57:29+00:00\",\"mainEntityOfPage\":{\"@id\":\"https:\\\/\\\/sarmiento24h.com\\\/?p=164440\"},\"wordCount\":1240,\"publisher\":{\"@id\":\"https:\\\/\\\/sarmiento24h.com\\\/#organization\"},\"image\":{\"@id\":\"https:\\\/\\\/sarmiento24h.com\\\/?p=164440#primaryimage\"},\"thumbnailUrl\":\"https:\\\/\\\/sarmiento24h.com\\\/wp-content\\\/uploads\\\/2026\\\/04\\\/carlos-iii-refuerza-los-lazos-con-ee-uu-entre-gestos-diplomaticos-guinos-historicos-y-agenda-social.jpg\",\"articleSection\":[\"Internacionales\"],\"inLanguage\":\"es\"},{\"@type\":\"WebPage\",\"@id\":\"https:\\\/\\\/sarmiento24h.com\\\/?p=164440\",\"url\":\"https:\\\/\\\/sarmiento24h.com\\\/?p=164440\",\"name\":\"Carlos III refuerza los lazos con EE. UU. entre gestos diplom\u00e1ticos, gui\u00f1os hist\u00f3ricos y agenda social - Sarmiento24h\",\"isPartOf\":{\"@id\":\"https:\\\/\\\/sarmiento24h.com\\\/#website\"},\"primaryImageOfPage\":{\"@id\":\"https:\\\/\\\/sarmiento24h.com\\\/?p=164440#primaryimage\"},\"image\":{\"@id\":\"https:\\\/\\\/sarmiento24h.com\\\/?p=164440#primaryimage\"},\"thumbnailUrl\":\"https:\\\/\\\/sarmiento24h.com\\\/wp-content\\\/uploads\\\/2026\\\/04\\\/carlos-iii-refuerza-los-lazos-con-ee-uu-entre-gestos-diplomaticos-guinos-historicos-y-agenda-social.jpg\",\"datePublished\":\"2026-04-29T16:57:29+00:00\",\"breadcrumb\":{\"@id\":\"https:\\\/\\\/sarmiento24h.com\\\/?p=164440#breadcrumb\"},\"inLanguage\":\"es\",\"potentialAction\":[{\"@type\":\"ReadAction\",\"target\":[\"https:\\\/\\\/sarmiento24h.com\\\/?p=164440\"]}]},{\"@type\":\"ImageObject\",\"inLanguage\":\"es\",\"@id\":\"https:\\\/\\\/sarmiento24h.com\\\/?p=164440#primaryimage\",\"url\":\"https:\\\/\\\/sarmiento24h.com\\\/wp-content\\\/uploads\\\/2026\\\/04\\\/carlos-iii-refuerza-los-lazos-con-ee-uu-entre-gestos-diplomaticos-guinos-historicos-y-agenda-social.jpg\",\"contentUrl\":\"https:\\\/\\\/sarmiento24h.com\\\/wp-content\\\/uploads\\\/2026\\\/04\\\/carlos-iii-refuerza-los-lazos-con-ee-uu-entre-gestos-diplomaticos-guinos-historicos-y-agenda-social.jpg\",\"width\":980,\"height\":654},{\"@type\":\"BreadcrumbList\",\"@id\":\"https:\\\/\\\/sarmiento24h.com\\\/?p=164440#breadcrumb\",\"itemListElement\":[{\"@type\":\"ListItem\",\"position\":1,\"name\":\"Home\",\"item\":\"https:\\\/\\\/sarmiento24h.com\\\/\"},{\"@type\":\"ListItem\",\"position\":2,\"name\":\"Carlos III refuerza los lazos con EE. UU. entre gestos diplom\u00e1ticos, gui\u00f1os hist\u00f3ricos y agenda social\"}]},{\"@type\":\"WebSite\",\"@id\":\"https:\\\/\\\/sarmiento24h.com\\\/#website\",\"url\":\"https:\\\/\\\/sarmiento24h.com\\\/\",\"name\":\"Sarmiento24h\",\"description\":\"\",\"publisher\":{\"@id\":\"https:\\\/\\\/sarmiento24h.com\\\/#organization\"},\"potentialAction\":[{\"@type\":\"SearchAction\",\"target\":{\"@type\":\"EntryPoint\",\"urlTemplate\":\"https:\\\/\\\/sarmiento24h.com\\\/?s={search_term_string}\"},\"query-input\":{\"@type\":\"PropertyValueSpecification\",\"valueRequired\":true,\"valueName\":\"search_term_string\"}}],\"inLanguage\":\"es\"},{\"@type\":\"Organization\",\"@id\":\"https:\\\/\\\/sarmiento24h.com\\\/#organization\",\"name\":\"Sarmiento24h\",\"url\":\"https:\\\/\\\/sarmiento24h.com\\\/\",\"logo\":{\"@type\":\"ImageObject\",\"inLanguage\":\"es\",\"@id\":\"https:\\\/\\\/sarmiento24h.com\\\/#\\\/schema\\\/logo\\\/image\\\/\",\"url\":\"https:\\\/\\\/sarmiento24h.com\\\/wp-content\\\/uploads\\\/2025\\\/12\\\/AddText_12-16-10.30.52.jpg\",\"contentUrl\":\"https:\\\/\\\/sarmiento24h.com\\\/wp-content\\\/uploads\\\/2025\\\/12\\\/AddText_12-16-10.30.52.jpg\",\"width\":1220,\"height\":324,\"caption\":\"Sarmiento24h\"},\"image\":{\"@id\":\"https:\\\/\\\/sarmiento24h.com\\\/#\\\/schema\\\/logo\\\/image\\\/\"},\"sameAs\":[\"https:\\\/\\\/facebook.com\\\/s24hnoticias\",\"https:\\\/\\\/x.com\\\/sarmiento24h\"]},{\"@type\":\"Person\",\"@id\":\"https:\\\/\\\/sarmiento24h.com\\\/#\\\/schema\\\/person\\\/d653a59725ad629a7e0429af7b939d4d\",\"name\":\"sarmiento24h@gmail.com\",\"image\":{\"@type\":\"ImageObject\",\"inLanguage\":\"es\",\"@id\":\"https:\\\/\\\/sarmiento24h.com\\\/wp-content\\\/litespeed\\\/avatar\\\/d02cbc4e23c747e6659cd45907173c8f.jpg?ver=1777157796\",\"url\":\"https:\\\/\\\/sarmiento24h.com\\\/wp-content\\\/litespeed\\\/avatar\\\/d02cbc4e23c747e6659cd45907173c8f.jpg?ver=1777157796\",\"contentUrl\":\"https:\\\/\\\/sarmiento24h.com\\\/wp-content\\\/litespeed\\\/avatar\\\/d02cbc4e23c747e6659cd45907173c8f.jpg?ver=1777157796\",\"caption\":\"sarmiento24h@gmail.com\"},\"sameAs\":[\"https:\\\/\\\/sarmiento24h.com\"],\"url\":\"https:\\\/\\\/sarmiento24h.com\\\/?author=1\"}]}<\/script>\n<!-- \/ Yoast SEO plugin. -->","yoast_head_json":{"title":"Carlos III refuerza los lazos con EE. UU. entre gestos diplom\u00e1ticos, gui\u00f1os hist\u00f3ricos y agenda social - Sarmiento24h","robots":{"index":"index","follow":"follow","max-snippet":"max-snippet:-1","max-image-preview":"max-image-preview:large","max-video-preview":"max-video-preview:-1"},"canonical":"https:\/\/sarmiento24h.com\/?p=164440","og_locale":"es_ES","og_type":"article","og_title":"Carlos III refuerza los lazos con EE. UU. entre gestos diplom\u00e1ticos, gui\u00f1os hist\u00f3ricos y agenda social - Sarmiento24h","og_description":"Este mi\u00e9rcoles 29 de abril, la agenda&#46;&#46;&#46;","og_url":"https:\/\/sarmiento24h.com\/?p=164440","og_site_name":"Sarmiento24h","article_publisher":"https:\/\/facebook.com\/s24hnoticias","article_published_time":"2026-04-29T16:57:29+00:00","og_image":[{"url":"https:\/\/s.france24.com\/media\/display\/479ab2c4-43e8-11f1-a0c2-005056a97e36\/w:980\/2026-04-28T154920Z-1755741534-RC2FYKAOEJ3X-RTRMADP-3-USA-BRITAIN-KING.jpg","type":"","width":"","height":""}],"author":"sarmiento24h@gmail.com","twitter_card":"summary_large_image","twitter_creator":"@sarmiento24h","twitter_site":"@sarmiento24h","twitter_misc":{"Escrito por":"sarmiento24h@gmail.com","Tiempo de lectura":"6 minutos"},"schema":{"@context":"https:\/\/schema.org","@graph":[{"@type":"Article","@id":"https:\/\/sarmiento24h.com\/?p=164440#article","isPartOf":{"@id":"https:\/\/sarmiento24h.com\/?p=164440"},"author":{"name":"sarmiento24h@gmail.com","@id":"https:\/\/sarmiento24h.com\/#\/schema\/person\/d653a59725ad629a7e0429af7b939d4d"},"headline":"Carlos III refuerza los lazos con EE. UU. entre gestos diplom\u00e1ticos, gui\u00f1os hist\u00f3ricos y agenda social","datePublished":"2026-04-29T16:57:29+00:00","mainEntityOfPage":{"@id":"https:\/\/sarmiento24h.com\/?p=164440"},"wordCount":1240,"publisher":{"@id":"https:\/\/sarmiento24h.com\/#organization"},"image":{"@id":"https:\/\/sarmiento24h.com\/?p=164440#primaryimage"},"thumbnailUrl":"https:\/\/sarmiento24h.com\/wp-content\/uploads\/2026\/04\/carlos-iii-refuerza-los-lazos-con-ee-uu-entre-gestos-diplomaticos-guinos-historicos-y-agenda-social.jpg","articleSection":["Internacionales"],"inLanguage":"es"},{"@type":"WebPage","@id":"https:\/\/sarmiento24h.com\/?p=164440","url":"https:\/\/sarmiento24h.com\/?p=164440","name":"Carlos III refuerza los lazos con EE. UU. entre gestos diplom\u00e1ticos, gui\u00f1os hist\u00f3ricos y agenda social - Sarmiento24h","isPartOf":{"@id":"https:\/\/sarmiento24h.com\/#website"},"primaryImageOfPage":{"@id":"https:\/\/sarmiento24h.com\/?p=164440#primaryimage"},"image":{"@id":"https:\/\/sarmiento24h.com\/?p=164440#primaryimage"},"thumbnailUrl":"https:\/\/sarmiento24h.com\/wp-content\/uploads\/2026\/04\/carlos-iii-refuerza-los-lazos-con-ee-uu-entre-gestos-diplomaticos-guinos-historicos-y-agenda-social.jpg","datePublished":"2026-04-29T16:57:29+00:00","breadcrumb":{"@id":"https:\/\/sarmiento24h.com\/?p=164440#breadcrumb"},"inLanguage":"es","potentialAction":[{"@type":"ReadAction","target":["https:\/\/sarmiento24h.com\/?p=164440"]}]},{"@type":"ImageObject","inLanguage":"es","@id":"https:\/\/sarmiento24h.com\/?p=164440#primaryimage","url":"https:\/\/sarmiento24h.com\/wp-content\/uploads\/2026\/04\/carlos-iii-refuerza-los-lazos-con-ee-uu-entre-gestos-diplomaticos-guinos-historicos-y-agenda-social.jpg","contentUrl":"https:\/\/sarmiento24h.com\/wp-content\/uploads\/2026\/04\/carlos-iii-refuerza-los-lazos-con-ee-uu-entre-gestos-diplomaticos-guinos-historicos-y-agenda-social.jpg","width":980,"height":654},{"@type":"BreadcrumbList","@id":"https:\/\/sarmiento24h.com\/?p=164440#breadcrumb","itemListElement":[{"@type":"ListItem","position":1,"name":"Home","item":"https:\/\/sarmiento24h.com\/"},{"@type":"ListItem","position":2,"name":"Carlos III refuerza los lazos con EE. UU. entre gestos diplom\u00e1ticos, gui\u00f1os hist\u00f3ricos y agenda social"}]},{"@type":"WebSite","@id":"https:\/\/sarmiento24h.com\/#website","url":"https:\/\/sarmiento24h.com\/","name":"Sarmiento24h","description":"","publisher":{"@id":"https:\/\/sarmiento24h.com\/#organization"},"potentialAction":[{"@type":"SearchAction","target":{"@type":"EntryPoint","urlTemplate":"https:\/\/sarmiento24h.com\/?s={search_term_string}"},"query-input":{"@type":"PropertyValueSpecification","valueRequired":true,"valueName":"search_term_string"}}],"inLanguage":"es"},{"@type":"Organization","@id":"https:\/\/sarmiento24h.com\/#organization","name":"Sarmiento24h","url":"https:\/\/sarmiento24h.com\/","logo":{"@type":"ImageObject","inLanguage":"es","@id":"https:\/\/sarmiento24h.com\/#\/schema\/logo\/image\/","url":"https:\/\/sarmiento24h.com\/wp-content\/uploads\/2025\/12\/AddText_12-16-10.30.52.jpg","contentUrl":"https:\/\/sarmiento24h.com\/wp-content\/uploads\/2025\/12\/AddText_12-16-10.30.52.jpg","width":1220,"height":324,"caption":"Sarmiento24h"},"image":{"@id":"https:\/\/sarmiento24h.com\/#\/schema\/logo\/image\/"},"sameAs":["https:\/\/facebook.com\/s24hnoticias","https:\/\/x.com\/sarmiento24h"]},{"@type":"Person","@id":"https:\/\/sarmiento24h.com\/#\/schema\/person\/d653a59725ad629a7e0429af7b939d4d","name":"sarmiento24h@gmail.com","image":{"@type":"ImageObject","inLanguage":"es","@id":"https:\/\/sarmiento24h.com\/wp-content\/litespeed\/avatar\/d02cbc4e23c747e6659cd45907173c8f.jpg?ver=1777157796","url":"https:\/\/sarmiento24h.com\/wp-content\/litespeed\/avatar\/d02cbc4e23c747e6659cd45907173c8f.jpg?ver=1777157796","contentUrl":"https:\/\/sarmiento24h.com\/wp-content\/litespeed\/avatar\/d02cbc4e23c747e6659cd45907173c8f.jpg?ver=1777157796","caption":"sarmiento24h@gmail.com"},"sameAs":["https:\/\/sarmiento24h.com"],"url":"https:\/\/sarmiento24h.com\/?author=1"}]}},"jetpack_publicize_connections":[],"jetpack_featured_media_url":"https:\/\/sarmiento24h.com\/wp-content\/uploads\/2026\/04\/carlos-iii-refuerza-los-lazos-con-ee-uu-entre-gestos-diplomaticos-guinos-historicos-y-agenda-social.jpg","jetpack_sharing_enabled":true,"_links":{"self":[{"href":"https:\/\/sarmiento24h.com\/index.php?rest_route=\/wp\/v2\/posts\/164440","targetHints":{"allow":["GET"]}}],"collection":[{"href":"https:\/\/sarmiento24h.com\/index.php?rest_route=\/wp\/v2\/posts"}],"about":[{"href":"https:\/\/sarmiento24h.com\/index.php?rest_route=\/wp\/v2\/types\/post"}],"author":[{"embeddable":true,"href":"https:\/\/sarmiento24h.com\/index.php?rest_route=\/wp\/v2\/users\/1"}],"replies":[{"embeddable":true,"href":"https:\/\/sarmiento24h.com\/index.php?rest_route=%2Fwp%2Fv2%2Fcomments&post=164440"}],"version-history":[{"count":0,"href":"https:\/\/sarmiento24h.com\/index.php?rest_route=\/wp\/v2\/posts\/164440\/revisions"}],"wp:featuredmedia":[{"embeddable":true,"href":"https:\/\/sarmiento24h.com\/index.php?rest_route=\/wp\/v2\/media\/164441"}],"wp:attachment":[{"href":"https:\/\/sarmiento24h.com\/index.php?rest_route=%2Fwp%2Fv2%2Fmedia&parent=164440"}],"wp:term":[{"taxonomy":"category","embeddable":true,"href":"https:\/\/sarmiento24h.com\/index.php?rest_route=%2Fwp%2Fv2%2Fcategories&post=164440"},{"taxonomy":"post_tag","embeddable":true,"href":"https:\/\/sarmiento24h.com\/index.php?rest_route=%2Fwp%2Fv2%2Ftags&post=164440"}],"curies":[{"name":"wp","href":"https:\/\/api.w.org\/{rel}","templated":true}]}}