{"id":164444,"date":"2026-04-29T16:57:32","date_gmt":"2026-04-29T16:57:32","guid":{"rendered":"https:\/\/pinceldigital.do\/?p=67019"},"modified":"2026-04-29T16:57:32","modified_gmt":"2026-04-29T16:57:32","slug":"vacaciones-ctn-expo-feria-2026-regresa-en-su-edicion-numero-24-con-grandes-ofertas-turisticas-para-toda-la-familia","status":"publish","type":"post","link":"https:\/\/sarmiento24h.com\/?p=164444","title":{"rendered":"Vacaciones CTN Expo-Feria 2026 regresa en su edici\u00f3n n\u00famero 24 con grandes ofertas tur\u00edsticas para toda la familia"},"content":{"rendered":"<p>Santo Domingo. \u2013 La tradicional Vacaciones CTN Expo-Feria regresa en su 24 edici\u00f3n, consolid\u00e1ndose como uno de los eventos tur\u00edsticos m\u00e1s esperados del pa\u00eds, donde cientos de familias dominicanas podr\u00e1n encontrar las mejores opciones para planificar sus pr\u00f3ximas vacaciones.<\/p>\n<p>La feria se celebrar\u00e1 durante tres d\u00edas, desde el viernes 26 hasta el domingo 28 de junio de 2026, en el Piso 5 del JW Marriott Santo Domingo, en BlueMall, en horario de 10:00 de la ma\u00f1ana a 10:00 de la noche.<\/p>\n<p>Durante esta nueva entrega, los asistentes tendr\u00e1n acceso a ofertas exclusivas, paquetes especiales, promociones en hoteles, boletos a\u00e9reos, cruceros y experiencias dise\u00f1adas para disfrutar en familia, adem\u00e1s de conocer destinos nacionales e internacionales ideales para vacacionar.<\/p>\n<p>Los organizadores destacaron que esta expo-feria representa una oportunidad \u00fanica para adquirir planes de viaje con condiciones preferenciales, en un ambiente c\u00f3modo, moderno y enfocado en brindar alternativas reales para el descanso y la recreaci\u00f3n,tendremos los principales bancos presentes para el financiamiento de sus vacaciones.<\/p>\n<p>\u201cViajar no es solo moverse\u2026 es crear recuerdos que duran toda la vida\u201d, resalta el mensaje central del evento, invitando a las familias a darse la oportunidad de vivir nuevas experiencias y compartir momentos inolvidables.<\/p>\n<p>Vacaciones CTN Expo-Feria se ha convertido en una plataforma de referencia para el sector tur\u00edstico dominicano, conectando agencias de viajes, cadenas hoteleras, l\u00edneas a\u00e9reas y consumidores en un mismo espacio.<\/p>\n<figure class=\"wp-block-image size-full is-resized\"><img loading=\"lazy\" decoding=\"async\" data-recalc-dims=\"1\" width=\"557\" height=\"696\" src=\"https:\/\/i0.wp.com\/pinceldigital.do\/wp-content\/uploads\/2026\/04\/dafc36bb-0cdc-42f8-b863-3171218fe18e-1.jpeg?resize=557%2C696&amp;ssl=1\" alt class=\"wp-image-67022\" srcset=\"https:\/\/i0.wp.com\/pinceldigital.do\/wp-content\/uploads\/2026\/04\/dafc36bb-0cdc-42f8-b863-3171218fe18e-1.jpeg?w=557&amp;ssl=1 557w, https:\/\/i0.wp.com\/pinceldigital.do\/wp-content\/uploads\/2026\/04\/dafc36bb-0cdc-42f8-b863-3171218fe18e-1.jpeg?resize=240%2C300&amp;ssl=1 240w, https:\/\/i0.wp.com\/pinceldigital.do\/wp-content\/uploads\/2026\/04\/dafc36bb-0cdc-42f8-b863-3171218fe18e-1.jpeg?resize=336%2C420&amp;ssl=1 336w\" sizes=\"auto, (max-width: 557px) 100vw, 557px\"><\/figure>\n","protected":false},"excerpt":{"rendered":"<p>Santo Domingo. \u2013 La tradicional Vacaciones CTN&#46;&#46;&#46;<\/p>\n","protected":false},"author":1,"featured_media":164445,"comment_status":"closed","ping_status":"closed","sticky":false,"template":"","format":"standard","meta":{"_jetpack_memberships_contains_paid_content":false,"footnotes":"","jetpack_publicize_message":"","jetpack_publicize_feature_enabled":true,"jetpack_social_post_already_shared":true,"jetpack_social_options":{"image_generator_settings":{"template":"highway","default_image_id":0,"font":"","enabled":false},"version":2}},"categories":[42],"tags":[],"class_list":["post-164444","post","type-post","status-publish","format-standard","has-post-thumbnail","hentry","category-nacionales"],"yoast_head":"<!-- This site is optimized with the Yoast SEO plugin v27.3 - https:\/\/yoast.com\/product\/yoast-seo-wordpress\/ -->\n<title>Vacaciones CTN Expo-Feria 2026 regresa en su edici\u00f3n n\u00famero 24 con grandes ofertas tur\u00edsticas para toda la familia - Sarmiento24h<\/title>\n<meta name=\"robots\" content=\"index, follow, max-snippet:-1, max-image-preview:large, max-video-preview:-1\" \/>\n<link rel=\"canonical\" href=\"https:\/\/sarmiento24h.com\/?p=164444\" \/>\n<meta property=\"og:locale\" content=\"es_ES\" \/>\n<meta property=\"og:type\" content=\"article\" \/>\n<meta property=\"og:title\" content=\"Vacaciones CTN Expo-Feria 2026 regresa en su edici\u00f3n n\u00famero 24 con grandes ofertas tur\u00edsticas para toda la familia - Sarmiento24h\" \/>\n<meta property=\"og:description\" content=\"Santo Domingo. \u2013 La tradicional Vacaciones CTN&#046;&#046;&#046;\" \/>\n<meta property=\"og:url\" content=\"https:\/\/sarmiento24h.com\/?p=164444\" \/>\n<meta property=\"og:site_name\" content=\"Sarmiento24h\" \/>\n<meta property=\"article:publisher\" content=\"https:\/\/facebook.com\/s24hnoticias\" \/>\n<meta property=\"article:published_time\" content=\"2026-04-29T16:57:32+00:00\" \/>\n<meta name=\"author\" content=\"sarmiento24h@gmail.com\" \/>\n<meta name=\"twitter:card\" content=\"summary_large_image\" \/>\n<meta name=\"twitter:creator\" content=\"@sarmiento24h\" \/>\n<meta name=\"twitter:site\" content=\"@sarmiento24h\" \/>\n<meta name=\"twitter:label1\" content=\"Escrito por\" \/>\n\t<meta name=\"twitter:data1\" content=\"sarmiento24h@gmail.com\" \/>\n\t<meta name=\"twitter:label2\" content=\"Tiempo de lectura\" \/>\n\t<meta name=\"twitter:data2\" content=\"1 minuto\" \/>\n<script type=\"application\/ld+json\" class=\"yoast-schema-graph\">{\"@context\":\"https:\\\/\\\/schema.org\",\"@graph\":[{\"@type\":\"Article\",\"@id\":\"https:\\\/\\\/sarmiento24h.com\\\/?p=164444#article\",\"isPartOf\":{\"@id\":\"https:\\\/\\\/sarmiento24h.com\\\/?p=164444\"},\"author\":{\"name\":\"sarmiento24h@gmail.com\",\"@id\":\"https:\\\/\\\/sarmiento24h.com\\\/#\\\/schema\\\/person\\\/d653a59725ad629a7e0429af7b939d4d\"},\"headline\":\"Vacaciones CTN Expo-Feria 2026 regresa en su edici\u00f3n n\u00famero 24 con grandes ofertas tur\u00edsticas para toda la familia\",\"datePublished\":\"2026-04-29T16:57:32+00:00\",\"mainEntityOfPage\":{\"@id\":\"https:\\\/\\\/sarmiento24h.com\\\/?p=164444\"},\"wordCount\":257,\"publisher\":{\"@id\":\"https:\\\/\\\/sarmiento24h.com\\\/#organization\"},\"image\":{\"@id\":\"https:\\\/\\\/sarmiento24h.com\\\/?p=164444#primaryimage\"},\"thumbnailUrl\":\"https:\\\/\\\/sarmiento24h.com\\\/wp-content\\\/uploads\\\/2026\\\/04\\\/vacaciones-ctn-expo-feria-2026-regresa-en-su-edicion-numero-24-con-grandes-ofertas-turisticas-para-toda-la-familia.jpg\",\"articleSection\":[\"Nacionales\"],\"inLanguage\":\"es\"},{\"@type\":\"WebPage\",\"@id\":\"https:\\\/\\\/sarmiento24h.com\\\/?p=164444\",\"url\":\"https:\\\/\\\/sarmiento24h.com\\\/?p=164444\",\"name\":\"Vacaciones CTN Expo-Feria 2026 regresa en su edici\u00f3n n\u00famero 24 con grandes ofertas tur\u00edsticas para toda la familia - Sarmiento24h\",\"isPartOf\":{\"@id\":\"https:\\\/\\\/sarmiento24h.com\\\/#website\"},\"primaryImageOfPage\":{\"@id\":\"https:\\\/\\\/sarmiento24h.com\\\/?p=164444#primaryimage\"},\"image\":{\"@id\":\"https:\\\/\\\/sarmiento24h.com\\\/?p=164444#primaryimage\"},\"thumbnailUrl\":\"https:\\\/\\\/sarmiento24h.com\\\/wp-content\\\/uploads\\\/2026\\\/04\\\/vacaciones-ctn-expo-feria-2026-regresa-en-su-edicion-numero-24-con-grandes-ofertas-turisticas-para-toda-la-familia.jpg\",\"datePublished\":\"2026-04-29T16:57:32+00:00\",\"breadcrumb\":{\"@id\":\"https:\\\/\\\/sarmiento24h.com\\\/?p=164444#breadcrumb\"},\"inLanguage\":\"es\",\"potentialAction\":[{\"@type\":\"ReadAction\",\"target\":[\"https:\\\/\\\/sarmiento24h.com\\\/?p=164444\"]}]},{\"@type\":\"ImageObject\",\"inLanguage\":\"es\",\"@id\":\"https:\\\/\\\/sarmiento24h.com\\\/?p=164444#primaryimage\",\"url\":\"https:\\\/\\\/sarmiento24h.com\\\/wp-content\\\/uploads\\\/2026\\\/04\\\/vacaciones-ctn-expo-feria-2026-regresa-en-su-edicion-numero-24-con-grandes-ofertas-turisticas-para-toda-la-familia.jpg\",\"contentUrl\":\"https:\\\/\\\/sarmiento24h.com\\\/wp-content\\\/uploads\\\/2026\\\/04\\\/vacaciones-ctn-expo-feria-2026-regresa-en-su-edicion-numero-24-con-grandes-ofertas-turisticas-para-toda-la-familia.jpg\",\"width\":557,\"height\":696},{\"@type\":\"BreadcrumbList\",\"@id\":\"https:\\\/\\\/sarmiento24h.com\\\/?p=164444#breadcrumb\",\"itemListElement\":[{\"@type\":\"ListItem\",\"position\":1,\"name\":\"Home\",\"item\":\"https:\\\/\\\/sarmiento24h.com\\\/\"},{\"@type\":\"ListItem\",\"position\":2,\"name\":\"Vacaciones CTN Expo-Feria 2026 regresa en su edici\u00f3n n\u00famero 24 con grandes ofertas tur\u00edsticas para toda la familia\"}]},{\"@type\":\"WebSite\",\"@id\":\"https:\\\/\\\/sarmiento24h.com\\\/#website\",\"url\":\"https:\\\/\\\/sarmiento24h.com\\\/\",\"name\":\"Sarmiento24h\",\"description\":\"\",\"publisher\":{\"@id\":\"https:\\\/\\\/sarmiento24h.com\\\/#organization\"},\"potentialAction\":[{\"@type\":\"SearchAction\",\"target\":{\"@type\":\"EntryPoint\",\"urlTemplate\":\"https:\\\/\\\/sarmiento24h.com\\\/?s={search_term_string}\"},\"query-input\":{\"@type\":\"PropertyValueSpecification\",\"valueRequired\":true,\"valueName\":\"search_term_string\"}}],\"inLanguage\":\"es\"},{\"@type\":\"Organization\",\"@id\":\"https:\\\/\\\/sarmiento24h.com\\\/#organization\",\"name\":\"Sarmiento24h\",\"url\":\"https:\\\/\\\/sarmiento24h.com\\\/\",\"logo\":{\"@type\":\"ImageObject\",\"inLanguage\":\"es\",\"@id\":\"https:\\\/\\\/sarmiento24h.com\\\/#\\\/schema\\\/logo\\\/image\\\/\",\"url\":\"https:\\\/\\\/sarmiento24h.com\\\/wp-content\\\/uploads\\\/2025\\\/12\\\/AddText_12-16-10.30.52.jpg\",\"contentUrl\":\"https:\\\/\\\/sarmiento24h.com\\\/wp-content\\\/uploads\\\/2025\\\/12\\\/AddText_12-16-10.30.52.jpg\",\"width\":1220,\"height\":324,\"caption\":\"Sarmiento24h\"},\"image\":{\"@id\":\"https:\\\/\\\/sarmiento24h.com\\\/#\\\/schema\\\/logo\\\/image\\\/\"},\"sameAs\":[\"https:\\\/\\\/facebook.com\\\/s24hnoticias\",\"https:\\\/\\\/x.com\\\/sarmiento24h\"]},{\"@type\":\"Person\",\"@id\":\"https:\\\/\\\/sarmiento24h.com\\\/#\\\/schema\\\/person\\\/d653a59725ad629a7e0429af7b939d4d\",\"name\":\"sarmiento24h@gmail.com\",\"image\":{\"@type\":\"ImageObject\",\"inLanguage\":\"es\",\"@id\":\"https:\\\/\\\/sarmiento24h.com\\\/wp-content\\\/litespeed\\\/avatar\\\/d02cbc4e23c747e6659cd45907173c8f.jpg?ver=1777157796\",\"url\":\"https:\\\/\\\/sarmiento24h.com\\\/wp-content\\\/litespeed\\\/avatar\\\/d02cbc4e23c747e6659cd45907173c8f.jpg?ver=1777157796\",\"contentUrl\":\"https:\\\/\\\/sarmiento24h.com\\\/wp-content\\\/litespeed\\\/avatar\\\/d02cbc4e23c747e6659cd45907173c8f.jpg?ver=1777157796\",\"caption\":\"sarmiento24h@gmail.com\"},\"sameAs\":[\"https:\\\/\\\/sarmiento24h.com\"],\"url\":\"https:\\\/\\\/sarmiento24h.com\\\/?author=1\"}]}<\/script>\n<!-- \/ Yoast SEO plugin. -->","yoast_head_json":{"title":"Vacaciones CTN Expo-Feria 2026 regresa en su edici\u00f3n n\u00famero 24 con grandes ofertas tur\u00edsticas para toda la familia - Sarmiento24h","robots":{"index":"index","follow":"follow","max-snippet":"max-snippet:-1","max-image-preview":"max-image-preview:large","max-video-preview":"max-video-preview:-1"},"canonical":"https:\/\/sarmiento24h.com\/?p=164444","og_locale":"es_ES","og_type":"article","og_title":"Vacaciones CTN Expo-Feria 2026 regresa en su edici\u00f3n n\u00famero 24 con grandes ofertas tur\u00edsticas para toda la familia - Sarmiento24h","og_description":"Santo Domingo. \u2013 La tradicional Vacaciones CTN&#46;&#46;&#46;","og_url":"https:\/\/sarmiento24h.com\/?p=164444","og_site_name":"Sarmiento24h","article_publisher":"https:\/\/facebook.com\/s24hnoticias","article_published_time":"2026-04-29T16:57:32+00:00","author":"sarmiento24h@gmail.com","twitter_card":"summary_large_image","twitter_creator":"@sarmiento24h","twitter_site":"@sarmiento24h","twitter_misc":{"Escrito por":"sarmiento24h@gmail.com","Tiempo de lectura":"1 minuto"},"schema":{"@context":"https:\/\/schema.org","@graph":[{"@type":"Article","@id":"https:\/\/sarmiento24h.com\/?p=164444#article","isPartOf":{"@id":"https:\/\/sarmiento24h.com\/?p=164444"},"author":{"name":"sarmiento24h@gmail.com","@id":"https:\/\/sarmiento24h.com\/#\/schema\/person\/d653a59725ad629a7e0429af7b939d4d"},"headline":"Vacaciones CTN Expo-Feria 2026 regresa en su edici\u00f3n n\u00famero 24 con grandes ofertas tur\u00edsticas para toda la familia","datePublished":"2026-04-29T16:57:32+00:00","mainEntityOfPage":{"@id":"https:\/\/sarmiento24h.com\/?p=164444"},"wordCount":257,"publisher":{"@id":"https:\/\/sarmiento24h.com\/#organization"},"image":{"@id":"https:\/\/sarmiento24h.com\/?p=164444#primaryimage"},"thumbnailUrl":"https:\/\/sarmiento24h.com\/wp-content\/uploads\/2026\/04\/vacaciones-ctn-expo-feria-2026-regresa-en-su-edicion-numero-24-con-grandes-ofertas-turisticas-para-toda-la-familia.jpg","articleSection":["Nacionales"],"inLanguage":"es"},{"@type":"WebPage","@id":"https:\/\/sarmiento24h.com\/?p=164444","url":"https:\/\/sarmiento24h.com\/?p=164444","name":"Vacaciones CTN Expo-Feria 2026 regresa en su edici\u00f3n n\u00famero 24 con grandes ofertas tur\u00edsticas para toda la familia - Sarmiento24h","isPartOf":{"@id":"https:\/\/sarmiento24h.com\/#website"},"primaryImageOfPage":{"@id":"https:\/\/sarmiento24h.com\/?p=164444#primaryimage"},"image":{"@id":"https:\/\/sarmiento24h.com\/?p=164444#primaryimage"},"thumbnailUrl":"https:\/\/sarmiento24h.com\/wp-content\/uploads\/2026\/04\/vacaciones-ctn-expo-feria-2026-regresa-en-su-edicion-numero-24-con-grandes-ofertas-turisticas-para-toda-la-familia.jpg","datePublished":"2026-04-29T16:57:32+00:00","breadcrumb":{"@id":"https:\/\/sarmiento24h.com\/?p=164444#breadcrumb"},"inLanguage":"es","potentialAction":[{"@type":"ReadAction","target":["https:\/\/sarmiento24h.com\/?p=164444"]}]},{"@type":"ImageObject","inLanguage":"es","@id":"https:\/\/sarmiento24h.com\/?p=164444#primaryimage","url":"https:\/\/sarmiento24h.com\/wp-content\/uploads\/2026\/04\/vacaciones-ctn-expo-feria-2026-regresa-en-su-edicion-numero-24-con-grandes-ofertas-turisticas-para-toda-la-familia.jpg","contentUrl":"https:\/\/sarmiento24h.com\/wp-content\/uploads\/2026\/04\/vacaciones-ctn-expo-feria-2026-regresa-en-su-edicion-numero-24-con-grandes-ofertas-turisticas-para-toda-la-familia.jpg","width":557,"height":696},{"@type":"BreadcrumbList","@id":"https:\/\/sarmiento24h.com\/?p=164444#breadcrumb","itemListElement":[{"@type":"ListItem","position":1,"name":"Home","item":"https:\/\/sarmiento24h.com\/"},{"@type":"ListItem","position":2,"name":"Vacaciones CTN Expo-Feria 2026 regresa en su edici\u00f3n n\u00famero 24 con grandes ofertas tur\u00edsticas para toda la familia"}]},{"@type":"WebSite","@id":"https:\/\/sarmiento24h.com\/#website","url":"https:\/\/sarmiento24h.com\/","name":"Sarmiento24h","description":"","publisher":{"@id":"https:\/\/sarmiento24h.com\/#organization"},"potentialAction":[{"@type":"SearchAction","target":{"@type":"EntryPoint","urlTemplate":"https:\/\/sarmiento24h.com\/?s={search_term_string}"},"query-input":{"@type":"PropertyValueSpecification","valueRequired":true,"valueName":"search_term_string"}}],"inLanguage":"es"},{"@type":"Organization","@id":"https:\/\/sarmiento24h.com\/#organization","name":"Sarmiento24h","url":"https:\/\/sarmiento24h.com\/","logo":{"@type":"ImageObject","inLanguage":"es","@id":"https:\/\/sarmiento24h.com\/#\/schema\/logo\/image\/","url":"https:\/\/sarmiento24h.com\/wp-content\/uploads\/2025\/12\/AddText_12-16-10.30.52.jpg","contentUrl":"https:\/\/sarmiento24h.com\/wp-content\/uploads\/2025\/12\/AddText_12-16-10.30.52.jpg","width":1220,"height":324,"caption":"Sarmiento24h"},"image":{"@id":"https:\/\/sarmiento24h.com\/#\/schema\/logo\/image\/"},"sameAs":["https:\/\/facebook.com\/s24hnoticias","https:\/\/x.com\/sarmiento24h"]},{"@type":"Person","@id":"https:\/\/sarmiento24h.com\/#\/schema\/person\/d653a59725ad629a7e0429af7b939d4d","name":"sarmiento24h@gmail.com","image":{"@type":"ImageObject","inLanguage":"es","@id":"https:\/\/sarmiento24h.com\/wp-content\/litespeed\/avatar\/d02cbc4e23c747e6659cd45907173c8f.jpg?ver=1777157796","url":"https:\/\/sarmiento24h.com\/wp-content\/litespeed\/avatar\/d02cbc4e23c747e6659cd45907173c8f.jpg?ver=1777157796","contentUrl":"https:\/\/sarmiento24h.com\/wp-content\/litespeed\/avatar\/d02cbc4e23c747e6659cd45907173c8f.jpg?ver=1777157796","caption":"sarmiento24h@gmail.com"},"sameAs":["https:\/\/sarmiento24h.com"],"url":"https:\/\/sarmiento24h.com\/?author=1"}]}},"jetpack_publicize_connections":[],"jetpack_featured_media_url":"https:\/\/sarmiento24h.com\/wp-content\/uploads\/2026\/04\/vacaciones-ctn-expo-feria-2026-regresa-en-su-edicion-numero-24-con-grandes-ofertas-turisticas-para-toda-la-familia.jpg","jetpack_sharing_enabled":true,"_links":{"self":[{"href":"https:\/\/sarmiento24h.com\/index.php?rest_route=\/wp\/v2\/posts\/164444","targetHints":{"allow":["GET"]}}],"collection":[{"href":"https:\/\/sarmiento24h.com\/index.php?rest_route=\/wp\/v2\/posts"}],"about":[{"href":"https:\/\/sarmiento24h.com\/index.php?rest_route=\/wp\/v2\/types\/post"}],"author":[{"embeddable":true,"href":"https:\/\/sarmiento24h.com\/index.php?rest_route=\/wp\/v2\/users\/1"}],"replies":[{"embeddable":true,"href":"https:\/\/sarmiento24h.com\/index.php?rest_route=%2Fwp%2Fv2%2Fcomments&post=164444"}],"version-history":[{"count":0,"href":"https:\/\/sarmiento24h.com\/index.php?rest_route=\/wp\/v2\/posts\/164444\/revisions"}],"wp:featuredmedia":[{"embeddable":true,"href":"https:\/\/sarmiento24h.com\/index.php?rest_route=\/wp\/v2\/media\/164445"}],"wp:attachment":[{"href":"https:\/\/sarmiento24h.com\/index.php?rest_route=%2Fwp%2Fv2%2Fmedia&parent=164444"}],"wp:term":[{"taxonomy":"category","embeddable":true,"href":"https:\/\/sarmiento24h.com\/index.php?rest_route=%2Fwp%2Fv2%2Fcategories&post=164444"},{"taxonomy":"post_tag","embeddable":true,"href":"https:\/\/sarmiento24h.com\/index.php?rest_route=%2Fwp%2Fv2%2Ftags&post=164444"}],"curies":[{"name":"wp","href":"https:\/\/api.w.org\/{rel}","templated":true}]}}