{"id":164698,"date":"2026-04-29T19:07:03","date_gmt":"2026-04-29T19:07:03","guid":{"rendered":"http:\/\/b51a7ed6-43ef-11f1-99c8-e5da9e4f8731"},"modified":"2026-04-29T19:07:03","modified_gmt":"2026-04-29T19:07:03","slug":"el-primer-medico-que-vio-sin-vida-a-maradona-declarara-en-el-segundo-juicio-por-la-muerte-del-astro","status":"publish","type":"post","link":"https:\/\/sarmiento24h.com\/?p=164698","title":{"rendered":"El primer m\u00e9dico que vio sin vida a Maradona declarar\u00e1 en el segundo juicio por la muerte del astro"},"content":{"rendered":"<p>Despu\u00e9s de la anulaci\u00f3n imprevista de uno de los juicios m\u00e1s medi\u00e1ticos en la historia de <a href=\"https:\/\/www.france24.com\/es\/tag\/argentina\/\" target=\"_self\" class=\"gtm-add-suggested-tag\">Argentina<\/a>, la reactivada causa judicial por la muerte del astro del f\u00fatbol&nbsp;<a href=\"https:\/\/www.france24.com\/es\/tag\/diego-armando-maradona\/\" target=\"_self\" class=\"gtm-add-suggested-tag\">Diego Armando Maradona<\/a>&nbsp;contar\u00e1 el&nbsp;jueves 30 de abril con declaraciones de importantes testigos y miembros del c\u00edrculo cercano del exdeportista.<\/p>\n<p>Entre los llamados a testificar ante el jurado, est\u00e1 el&nbsp;cirujano pl\u00e1stico y vecino de Maradona, Colin Campbell, quien a\u00f1os atr\u00e1s fue convocado de urgencia al domicilio del exfutbolista por un guardia de seguridad, bajo el aviso de que Maradona se encontraba descompensado.<\/p>\n<p>Pasado el mediod\u00eda del 25 de noviembre de 2020, fecha oficial de la muerte de Maradona, Campell acudi\u00f3 a la casa donde el astro recib\u00eda cuidados domiciliarios, en&nbsp;un barrio adinerado en la periferia de <a href=\"https:\/\/www.france24.com\/es\/tag\/buenos-aires\/\" target=\"_self\" class=\"gtm-add-suggested-tag\">Buenos Aires<\/a>, mientras se recuperaba de una cirug\u00eda cerebral reciente.<\/p>\n<p>Campbell encontr\u00f3 a Maradona sin signos vitales, seg\u00fan declar\u00f3 en el primer juicio. \u00abEstaba muy fr\u00edo. Por mi experiencia y mis conocimientos como m\u00e9dico puedo decir que hac\u00eda ya un tiempo que estaba as\u00ed\u00bb, asegur\u00f3 el cirujano, quien estim\u00f3 en&nbsp;una o dos horas atr\u00e1s el momento del fallecimiento.<\/p>\n<p>En el juicio inicial, la fiscal\u00eda argument\u00f3 que los profesionales m\u00e9dicos incumplieron los protocolos de tratamiento y que la casa donde&nbsp;Maradona&nbsp;se recuperaba de la cirug\u00eda se hab\u00eda convertido en un \u00abteatro de los horrores\u00bb, donde no se le brind\u00f3 la atenci\u00f3n necesaria.<\/p>\n<p>Siete profesionales de la salud est\u00e1n acusados de homicidio por negligencia en el segundo juicio para esclarecer la muerte del exfutbolista, despu\u00e9s de que <a href=\"https:\/\/www.france24.com\/es\/am\u00e9rica-latina\/20250529-anulan-el-juicio-por-la-muerte-de-maradona-tras-el-esc\u00e1ndalo-por-un-documental-grabado-en-secreto\" target=\"_self\">el primero resultara anulado en 2025<\/a> por el mal accionar de una de las juezas.<\/p>\n<p class=\"a-read-more\"><span class=\"a-read-more__label\">Leer tambi\u00e9n<\/span><a href=\"https:\/\/www.france24.com\/es\/am\u00e9rica-latina\/20260414-comienza-en-argentina-un-nuevo-juicio-por-la-muerte-de-diego-armando-maradona\" target=\"_self\" class=\"a-read-more__link\">Comienza en Argentina un nuevo juicio por la muerte de Diego Armando Maradona<\/a><\/p>\n<p>Otra de las declaraciones protag\u00f3nicas del jueves ser\u00e1 la de&nbsp;Ver\u00f3nica Ojeda, expareja de Maradona y madre de su hijo menor, quien fue interrumpida durante la audiencia del martes por problemas t\u00e9cnicos del tribunal.<\/p>\n<p>Ojeda revel\u00f3 una grabaci\u00f3n de audio de una reuni\u00f3n celebrada el 10 de noviembre de 2020 entre m\u00e9dicos, abogados y familiares, donde se decidi\u00f3 tratar a Maradona desde casa tras su \u00faltima operaci\u00f3n.<\/p>\n<p>La grabaci\u00f3n hab\u00eda sido aportada en el primer juicio por Rodolfo Benvenuti, un m\u00e9dico convocado a la reuni\u00f3n por un amigo de Maradona. Pero Ojeda asegur\u00f3 que su audio dura una hora y 45 minutos, mientras que el audio de Benvenuti dura solo una hora,&nbsp;lo que sugiere que la prueba aportada en 2025 era incompleta o hab\u00eda sido manipulada.<\/p>\n<p>Tras una breve deliberaci\u00f3n, el tribunal decidi\u00f3 incorporar al expediente el audio aportado por Ojeda. Ambos archivos se comparar\u00e1n en la audiencia del jueves a petici\u00f3n del presidente del tribunal, Alberto Gaig.<\/p>\n<div class=\"m-em-image\">\n<figure class=\"m-item-image m-item-image--original m-item-image--has-caption\"> <picture class=\"a-picture a-picture--original\"><source type=\"image\/webp\" srcset=\"https:\/\/s.france24.com\/media\/display\/011beeb2-3830-11f1-b7d3-005056a97e36\/w:246\/fcb1f662e08601f1668d270e7c6ac7ba72270c7aw.webp 246w, https:\/\/s.france24.com\/media\/display\/011beeb2-3830-11f1-b7d3-005056a97e36\/w:388\/fcb1f662e08601f1668d270e7c6ac7ba72270c7aw.webp 388w, https:\/\/s.france24.com\/media\/display\/011beeb2-3830-11f1-b7d3-005056a97e36\/w:720\/fcb1f662e08601f1668d270e7c6ac7ba72270c7aw.webp 720w, https:\/\/s.france24.com\/media\/display\/011beeb2-3830-11f1-b7d3-005056a97e36\/w:980\/fcb1f662e08601f1668d270e7c6ac7ba72270c7aw.webp 980w\" sizes=\"(max-width: 1023px) calc(100vw - 32px), (min-width: 1024px) 850px\"><img fetchpriority=\"low\" decoding=\"async\" src=\"https:\/\/s.france24.com\/media\/display\/011beeb2-3830-11f1-b7d3-005056a97e36\/w:980\/fcb1f662e08601f1668d270e7c6ac7ba72270c7aw.jpg\" srcset=\"https:\/\/s.france24.com\/media\/display\/011beeb2-3830-11f1-b7d3-005056a97e36\/w:246\/fcb1f662e08601f1668d270e7c6ac7ba72270c7aw.jpg 246w, https:\/\/s.france24.com\/media\/display\/011beeb2-3830-11f1-b7d3-005056a97e36\/w:388\/fcb1f662e08601f1668d270e7c6ac7ba72270c7aw.jpg 388w, https:\/\/s.france24.com\/media\/display\/011beeb2-3830-11f1-b7d3-005056a97e36\/w:720\/fcb1f662e08601f1668d270e7c6ac7ba72270c7aw.jpg 720w, https:\/\/s.france24.com\/media\/display\/011beeb2-3830-11f1-b7d3-005056a97e36\/w:980\/fcb1f662e08601f1668d270e7c6ac7ba72270c7aw.jpg 980w\" sizes=\"(max-width: 1023px) calc(100vw - 32px), (min-width: 1024px) 850px\" alt=\"Simpatizantes de Diego Armando Maradona, se manifiestan afuera del tribunal de San Isidro este martes, en Buenos Aires (Argentina). El segundo juicio por la muerte de Diego Armando Maradona contra siete trabajadores de la salud, tras la anulaci\u00f3n del primero en mayo de 2025, comenz\u00f3 en un tribunal con la presencia de la familia del astro.\" loading=\"lazy\" class=\"a-img \">\n<\/picture><figcaption class=\"a-figcaption\"> <span>Simpatizantes de Diego Armando Maradona, se manifiestan afuera del tribunal de San Isidro este martes, en Buenos Aires (Argentina). El segundo juicio por la muerte de Diego Armando Maradona contra siete trabajadores de la salud, tras la anulaci\u00f3n del primero en mayo de 2025, comenz\u00f3 en un tribunal con la presencia de la familia del astro.<\/span> <span>\u00a9 EFE\/Adan Gonz\u00e1lez<\/span> <\/figcaption><\/figure>\n<\/p><\/div>\n<p>Tambi\u00e9n est\u00e1 previsto que declare Carlos D\u00edaz, psic\u00f3logo especializado en adicciones que atendi\u00f3 a Maradona poco antes de su muerte y que est\u00e1 imputado en el juicio.<\/p>\n<p>D\u00edaz no ha declarado a\u00fan en este proceso y tampoco lo hizo en el primero, ya que el d\u00eda en el que estaba previsto su testimonio se revel\u00f3 la participaci\u00f3n encubierta de la jueza Julieta Makintach en un <a href=\"https:\/\/www.france24.com\/es\/tag\/documental\/\" target=\"_self\" class=\"gtm-add-suggested-tag\">documental<\/a> sobre el juicio, hecho que devino en la recusaci\u00f3n de la magistrada y la anulaci\u00f3n del proceso.<\/p>\n<p>Adem\u00e1s de D\u00edaz, son juzgados en este proceso el neurocirujano y m\u00e9dico de cabecera de Maradona, <a href=\"https:\/\/www.france24.com\/es\/tag\/leopoldo-luque\/\" target=\"_self\" class=\"gtm-add-suggested-tag\">Leopoldo Luque<\/a>, la psiquiatra Agustina Cosachov, la doctora y coordinadora de la empresa Swiss Medical Nancy Forlini, el m\u00e9dico Pedro Di Spagna, el coordinador de enfermeros Mariano Perroni y el enfermero Ricardo Almir\u00f3n.<\/p>\n<h2><strong>246 marcas para explotar la imagen del 10<\/strong><\/h2>\n<p>Previo a la reanudaci\u00f3n del segundo juicio por la muerte de Maradona,&nbsp;el Juzgado Nacional en lo Criminal y Correcional N\u00ba 43 de Buenos Aires envi\u00f3&nbsp;a otro juicio al \u00faltimo abogado y apoderado del astro, Mat\u00edas Morla, y a las hermanas del exfutbolista Rita Mabel y Claudia Norma Maradona, seg\u00fan una resoluci\u00f3n del 28 de abril filtrada por la agencia EFE.<\/p>\n<p>Junto a ellos,&nbsp;dos asistentes del fallecido exfutbolista, Maximiliano Pomargo y Sergio Garmendia, as\u00ed como la escribana Sandra Iampolsky tambi\u00e9n ser\u00e1n procesados&nbsp;por \u00abhaber defraudado los intereses de los herederos leg\u00edtimos de Diego Armando Maradona\u00bb a trav\u00e9s de una sociedad que administraba 246 marcas comerciales.<\/p>\n<p>Si bien la sociedad&nbsp;Sattvica SA se encontraba bajo la titularidad accionaria ficticia de Morla y Pomargo, sus movimientos comerciales se desarrollaban bajo las directivas de Maradona. As\u00ed, tras la muerte del exfutbolista en noviembre de 2020, se solicit\u00f3 la transferencia de esas marcas a los hijos del fallecido, pero Morla se neg\u00f3.<\/p>\n<div class=\"m-em-image\">\n<figure class=\"m-item-image m-item-image--original m-item-image--has-caption\"> <picture class=\"a-picture a-picture--original\"><source type=\"image\/webp\" srcset=\"https:\/\/s.france24.com\/media\/display\/900e0af2-373a-11f1-a9c7-005056bfb2b6\/w:246\/948c3d2e98e9792a6abf230d60dc02147b9bccc8.webp 246w, https:\/\/s.france24.com\/media\/display\/900e0af2-373a-11f1-a9c7-005056bfb2b6\/w:388\/948c3d2e98e9792a6abf230d60dc02147b9bccc8.webp 388w, https:\/\/s.france24.com\/media\/display\/900e0af2-373a-11f1-a9c7-005056bfb2b6\/w:720\/948c3d2e98e9792a6abf230d60dc02147b9bccc8.webp 720w, https:\/\/s.france24.com\/media\/display\/900e0af2-373a-11f1-a9c7-005056bfb2b6\/w:980\/948c3d2e98e9792a6abf230d60dc02147b9bccc8.webp 980w\" sizes=\"(max-width: 1023px) calc(100vw - 32px), (min-width: 1024px) 850px\"><img fetchpriority=\"low\" decoding=\"async\" src=\"https:\/\/s.france24.com\/media\/display\/900e0af2-373a-11f1-a9c7-005056bfb2b6\/w:980\/948c3d2e98e9792a6abf230d60dc02147b9bccc8.jpg\" srcset=\"https:\/\/s.france24.com\/media\/display\/900e0af2-373a-11f1-a9c7-005056bfb2b6\/w:246\/948c3d2e98e9792a6abf230d60dc02147b9bccc8.jpg 246w, https:\/\/s.france24.com\/media\/display\/900e0af2-373a-11f1-a9c7-005056bfb2b6\/w:388\/948c3d2e98e9792a6abf230d60dc02147b9bccc8.jpg 388w, https:\/\/s.france24.com\/media\/display\/900e0af2-373a-11f1-a9c7-005056bfb2b6\/w:720\/948c3d2e98e9792a6abf230d60dc02147b9bccc8.jpg 720w, https:\/\/s.france24.com\/media\/display\/900e0af2-373a-11f1-a9c7-005056bfb2b6\/w:980\/948c3d2e98e9792a6abf230d60dc02147b9bccc8.jpg 980w\" sizes=\"(max-width: 1023px) calc(100vw - 32px), (min-width: 1024px) 850px\" alt=\"Dos personas sentadas cerca de la estatua de Diego Maradona en su barrio natal de Villa Fiorito, en la provincia de Buenos Aires, Argentina, el 9 de abril de 2026.\" loading=\"lazy\" class=\"a-img \">\n<\/picture><figcaption class=\"a-figcaption\"> <span>Dos personas sentadas cerca de la estatua de Diego Maradona en su barrio natal de Villa Fiorito, en la provincia de Buenos Aires, Argentina, el 9 de abril de 2026.<\/span> <span>\u00a9 TOMAS CUESTA \/ AFP<\/span> <\/figcaption><\/figure>\n<\/p><\/div>\n<p>Posteriormente, la totalidad de las acciones de Sattvica fueron cedidas a Rita Mabel y Claudia Norma, las hermanas del 10 argentino, aunque Morla mantuvo un rol central en las decisiones de la sociedad, siempre seg\u00fan la acusaci\u00f3n judicial.<\/p>\n<p>\u00abAs\u00ed se procuraron con dicho accionar un lucro indebido, violando los deberes y obligaciones a su cargo y perjudicando con ello los intereses que les fueran confiados\u00bb, se lee en la resoluci\u00f3n.<\/p>\n<p>A fines de 2025, la <a href=\"https:\/\/www.france24.com\/es\/tag\/justicia\/\" target=\"_self\" class=\"gtm-add-suggested-tag\">Justicia<\/a> argentina confirm\u00f3 el procesamiento de Rita Mabel y Claudia Nora como part\u00edcipes necesarias del delito de defraudaci\u00f3n por administraci\u00f3n fraudulenta y, el pasado febrero, confirm\u00f3 adem\u00e1s la prohibici\u00f3n de utilizar la empresa.<\/p>\n<p>Con EFE y medios locales<\/p>\n","protected":false},"excerpt":{"rendered":"<p>Despu\u00e9s de la anulaci\u00f3n imprevista de uno&#46;&#46;&#46;<\/p>\n","protected":false},"author":1,"featured_media":164699,"comment_status":"closed","ping_status":"closed","sticky":false,"template":"","format":"standard","meta":{"_jetpack_memberships_contains_paid_content":false,"footnotes":"","jetpack_publicize_message":"","jetpack_publicize_feature_enabled":true,"jetpack_social_post_already_shared":true,"jetpack_social_options":{"image_generator_settings":{"template":"highway","default_image_id":0,"font":"","enabled":false},"version":2}},"categories":[43],"tags":[],"class_list":["post-164698","post","type-post","status-publish","format-standard","has-post-thumbnail","hentry","category-internacionales"],"yoast_head":"<!-- This site is optimized with the Yoast SEO plugin v27.3 - https:\/\/yoast.com\/product\/yoast-seo-wordpress\/ -->\n<title>El primer m\u00e9dico que vio sin vida a Maradona declarar\u00e1 en el segundo juicio por la muerte del astro - Sarmiento24h<\/title>\n<meta name=\"robots\" content=\"index, follow, max-snippet:-1, max-image-preview:large, max-video-preview:-1\" \/>\n<link rel=\"canonical\" href=\"https:\/\/sarmiento24h.com\/?p=164698\" \/>\n<meta property=\"og:locale\" content=\"es_ES\" \/>\n<meta property=\"og:type\" content=\"article\" \/>\n<meta property=\"og:title\" content=\"El primer m\u00e9dico que vio sin vida a Maradona declarar\u00e1 en el segundo juicio por la muerte del astro - Sarmiento24h\" \/>\n<meta property=\"og:description\" content=\"Despu\u00e9s de la anulaci\u00f3n imprevista de uno&#046;&#046;&#046;\" \/>\n<meta property=\"og:url\" content=\"https:\/\/sarmiento24h.com\/?p=164698\" \/>\n<meta property=\"og:site_name\" content=\"Sarmiento24h\" \/>\n<meta property=\"article:publisher\" content=\"https:\/\/facebook.com\/s24hnoticias\" \/>\n<meta property=\"article:published_time\" content=\"2026-04-29T19:07:03+00:00\" \/>\n<meta property=\"og:image\" content=\"https:\/\/s.france24.com\/media\/display\/011beeb2-3830-11f1-b7d3-005056a97e36\/w:980\/fcb1f662e08601f1668d270e7c6ac7ba72270c7aw.jpg\" \/>\n<meta name=\"author\" content=\"sarmiento24h@gmail.com\" \/>\n<meta name=\"twitter:card\" content=\"summary_large_image\" \/>\n<meta name=\"twitter:creator\" content=\"@sarmiento24h\" \/>\n<meta name=\"twitter:site\" content=\"@sarmiento24h\" \/>\n<meta name=\"twitter:label1\" content=\"Escrito por\" \/>\n\t<meta name=\"twitter:data1\" content=\"sarmiento24h@gmail.com\" \/>\n\t<meta name=\"twitter:label2\" content=\"Tiempo de lectura\" \/>\n\t<meta name=\"twitter:data2\" content=\"5 minutos\" \/>\n<script type=\"application\/ld+json\" class=\"yoast-schema-graph\">{\"@context\":\"https:\\\/\\\/schema.org\",\"@graph\":[{\"@type\":\"Article\",\"@id\":\"https:\\\/\\\/sarmiento24h.com\\\/?p=164698#article\",\"isPartOf\":{\"@id\":\"https:\\\/\\\/sarmiento24h.com\\\/?p=164698\"},\"author\":{\"name\":\"sarmiento24h@gmail.com\",\"@id\":\"https:\\\/\\\/sarmiento24h.com\\\/#\\\/schema\\\/person\\\/d653a59725ad629a7e0429af7b939d4d\"},\"headline\":\"El primer m\u00e9dico que vio sin vida a Maradona declarar\u00e1 en el segundo juicio por la muerte del astro\",\"datePublished\":\"2026-04-29T19:07:03+00:00\",\"mainEntityOfPage\":{\"@id\":\"https:\\\/\\\/sarmiento24h.com\\\/?p=164698\"},\"wordCount\":1036,\"publisher\":{\"@id\":\"https:\\\/\\\/sarmiento24h.com\\\/#organization\"},\"image\":{\"@id\":\"https:\\\/\\\/sarmiento24h.com\\\/?p=164698#primaryimage\"},\"thumbnailUrl\":\"https:\\\/\\\/sarmiento24h.com\\\/wp-content\\\/uploads\\\/2026\\\/04\\\/el-primer-medico-que-vio-sin-vida-a-maradona-declarara-en-el-segundo-juicio-por-la-muerte-del-astro.jpg\",\"articleSection\":[\"Internacionales\"],\"inLanguage\":\"es\"},{\"@type\":\"WebPage\",\"@id\":\"https:\\\/\\\/sarmiento24h.com\\\/?p=164698\",\"url\":\"https:\\\/\\\/sarmiento24h.com\\\/?p=164698\",\"name\":\"El primer m\u00e9dico que vio sin vida a Maradona declarar\u00e1 en el segundo juicio por la muerte del astro - Sarmiento24h\",\"isPartOf\":{\"@id\":\"https:\\\/\\\/sarmiento24h.com\\\/#website\"},\"primaryImageOfPage\":{\"@id\":\"https:\\\/\\\/sarmiento24h.com\\\/?p=164698#primaryimage\"},\"image\":{\"@id\":\"https:\\\/\\\/sarmiento24h.com\\\/?p=164698#primaryimage\"},\"thumbnailUrl\":\"https:\\\/\\\/sarmiento24h.com\\\/wp-content\\\/uploads\\\/2026\\\/04\\\/el-primer-medico-que-vio-sin-vida-a-maradona-declarara-en-el-segundo-juicio-por-la-muerte-del-astro.jpg\",\"datePublished\":\"2026-04-29T19:07:03+00:00\",\"breadcrumb\":{\"@id\":\"https:\\\/\\\/sarmiento24h.com\\\/?p=164698#breadcrumb\"},\"inLanguage\":\"es\",\"potentialAction\":[{\"@type\":\"ReadAction\",\"target\":[\"https:\\\/\\\/sarmiento24h.com\\\/?p=164698\"]}]},{\"@type\":\"ImageObject\",\"inLanguage\":\"es\",\"@id\":\"https:\\\/\\\/sarmiento24h.com\\\/?p=164698#primaryimage\",\"url\":\"https:\\\/\\\/sarmiento24h.com\\\/wp-content\\\/uploads\\\/2026\\\/04\\\/el-primer-medico-que-vio-sin-vida-a-maradona-declarara-en-el-segundo-juicio-por-la-muerte-del-astro.jpg\",\"contentUrl\":\"https:\\\/\\\/sarmiento24h.com\\\/wp-content\\\/uploads\\\/2026\\\/04\\\/el-primer-medico-que-vio-sin-vida-a-maradona-declarara-en-el-segundo-juicio-por-la-muerte-del-astro.jpg\",\"width\":980,\"height\":653},{\"@type\":\"BreadcrumbList\",\"@id\":\"https:\\\/\\\/sarmiento24h.com\\\/?p=164698#breadcrumb\",\"itemListElement\":[{\"@type\":\"ListItem\",\"position\":1,\"name\":\"Home\",\"item\":\"https:\\\/\\\/sarmiento24h.com\\\/\"},{\"@type\":\"ListItem\",\"position\":2,\"name\":\"El primer m\u00e9dico que vio sin vida a Maradona declarar\u00e1 en el segundo juicio por la muerte del astro\"}]},{\"@type\":\"WebSite\",\"@id\":\"https:\\\/\\\/sarmiento24h.com\\\/#website\",\"url\":\"https:\\\/\\\/sarmiento24h.com\\\/\",\"name\":\"Sarmiento24h\",\"description\":\"\",\"publisher\":{\"@id\":\"https:\\\/\\\/sarmiento24h.com\\\/#organization\"},\"potentialAction\":[{\"@type\":\"SearchAction\",\"target\":{\"@type\":\"EntryPoint\",\"urlTemplate\":\"https:\\\/\\\/sarmiento24h.com\\\/?s={search_term_string}\"},\"query-input\":{\"@type\":\"PropertyValueSpecification\",\"valueRequired\":true,\"valueName\":\"search_term_string\"}}],\"inLanguage\":\"es\"},{\"@type\":\"Organization\",\"@id\":\"https:\\\/\\\/sarmiento24h.com\\\/#organization\",\"name\":\"Sarmiento24h\",\"url\":\"https:\\\/\\\/sarmiento24h.com\\\/\",\"logo\":{\"@type\":\"ImageObject\",\"inLanguage\":\"es\",\"@id\":\"https:\\\/\\\/sarmiento24h.com\\\/#\\\/schema\\\/logo\\\/image\\\/\",\"url\":\"https:\\\/\\\/sarmiento24h.com\\\/wp-content\\\/uploads\\\/2025\\\/12\\\/AddText_12-16-10.30.52.jpg\",\"contentUrl\":\"https:\\\/\\\/sarmiento24h.com\\\/wp-content\\\/uploads\\\/2025\\\/12\\\/AddText_12-16-10.30.52.jpg\",\"width\":1220,\"height\":324,\"caption\":\"Sarmiento24h\"},\"image\":{\"@id\":\"https:\\\/\\\/sarmiento24h.com\\\/#\\\/schema\\\/logo\\\/image\\\/\"},\"sameAs\":[\"https:\\\/\\\/facebook.com\\\/s24hnoticias\",\"https:\\\/\\\/x.com\\\/sarmiento24h\"]},{\"@type\":\"Person\",\"@id\":\"https:\\\/\\\/sarmiento24h.com\\\/#\\\/schema\\\/person\\\/d653a59725ad629a7e0429af7b939d4d\",\"name\":\"sarmiento24h@gmail.com\",\"image\":{\"@type\":\"ImageObject\",\"inLanguage\":\"es\",\"@id\":\"https:\\\/\\\/sarmiento24h.com\\\/wp-content\\\/litespeed\\\/avatar\\\/d02cbc4e23c747e6659cd45907173c8f.jpg?ver=1777157796\",\"url\":\"https:\\\/\\\/sarmiento24h.com\\\/wp-content\\\/litespeed\\\/avatar\\\/d02cbc4e23c747e6659cd45907173c8f.jpg?ver=1777157796\",\"contentUrl\":\"https:\\\/\\\/sarmiento24h.com\\\/wp-content\\\/litespeed\\\/avatar\\\/d02cbc4e23c747e6659cd45907173c8f.jpg?ver=1777157796\",\"caption\":\"sarmiento24h@gmail.com\"},\"sameAs\":[\"https:\\\/\\\/sarmiento24h.com\"],\"url\":\"https:\\\/\\\/sarmiento24h.com\\\/?author=1\"}]}<\/script>\n<!-- \/ Yoast SEO plugin. -->","yoast_head_json":{"title":"El primer m\u00e9dico que vio sin vida a Maradona declarar\u00e1 en el segundo juicio por la muerte del astro - Sarmiento24h","robots":{"index":"index","follow":"follow","max-snippet":"max-snippet:-1","max-image-preview":"max-image-preview:large","max-video-preview":"max-video-preview:-1"},"canonical":"https:\/\/sarmiento24h.com\/?p=164698","og_locale":"es_ES","og_type":"article","og_title":"El primer m\u00e9dico que vio sin vida a Maradona declarar\u00e1 en el segundo juicio por la muerte del astro - Sarmiento24h","og_description":"Despu\u00e9s de la anulaci\u00f3n imprevista de uno&#46;&#46;&#46;","og_url":"https:\/\/sarmiento24h.com\/?p=164698","og_site_name":"Sarmiento24h","article_publisher":"https:\/\/facebook.com\/s24hnoticias","article_published_time":"2026-04-29T19:07:03+00:00","og_image":[{"url":"https:\/\/s.france24.com\/media\/display\/011beeb2-3830-11f1-b7d3-005056a97e36\/w:980\/fcb1f662e08601f1668d270e7c6ac7ba72270c7aw.jpg","type":"","width":"","height":""}],"author":"sarmiento24h@gmail.com","twitter_card":"summary_large_image","twitter_creator":"@sarmiento24h","twitter_site":"@sarmiento24h","twitter_misc":{"Escrito por":"sarmiento24h@gmail.com","Tiempo de lectura":"5 minutos"},"schema":{"@context":"https:\/\/schema.org","@graph":[{"@type":"Article","@id":"https:\/\/sarmiento24h.com\/?p=164698#article","isPartOf":{"@id":"https:\/\/sarmiento24h.com\/?p=164698"},"author":{"name":"sarmiento24h@gmail.com","@id":"https:\/\/sarmiento24h.com\/#\/schema\/person\/d653a59725ad629a7e0429af7b939d4d"},"headline":"El primer m\u00e9dico que vio sin vida a Maradona declarar\u00e1 en el segundo juicio por la muerte del astro","datePublished":"2026-04-29T19:07:03+00:00","mainEntityOfPage":{"@id":"https:\/\/sarmiento24h.com\/?p=164698"},"wordCount":1036,"publisher":{"@id":"https:\/\/sarmiento24h.com\/#organization"},"image":{"@id":"https:\/\/sarmiento24h.com\/?p=164698#primaryimage"},"thumbnailUrl":"https:\/\/sarmiento24h.com\/wp-content\/uploads\/2026\/04\/el-primer-medico-que-vio-sin-vida-a-maradona-declarara-en-el-segundo-juicio-por-la-muerte-del-astro.jpg","articleSection":["Internacionales"],"inLanguage":"es"},{"@type":"WebPage","@id":"https:\/\/sarmiento24h.com\/?p=164698","url":"https:\/\/sarmiento24h.com\/?p=164698","name":"El primer m\u00e9dico que vio sin vida a Maradona declarar\u00e1 en el segundo juicio por la muerte del astro - Sarmiento24h","isPartOf":{"@id":"https:\/\/sarmiento24h.com\/#website"},"primaryImageOfPage":{"@id":"https:\/\/sarmiento24h.com\/?p=164698#primaryimage"},"image":{"@id":"https:\/\/sarmiento24h.com\/?p=164698#primaryimage"},"thumbnailUrl":"https:\/\/sarmiento24h.com\/wp-content\/uploads\/2026\/04\/el-primer-medico-que-vio-sin-vida-a-maradona-declarara-en-el-segundo-juicio-por-la-muerte-del-astro.jpg","datePublished":"2026-04-29T19:07:03+00:00","breadcrumb":{"@id":"https:\/\/sarmiento24h.com\/?p=164698#breadcrumb"},"inLanguage":"es","potentialAction":[{"@type":"ReadAction","target":["https:\/\/sarmiento24h.com\/?p=164698"]}]},{"@type":"ImageObject","inLanguage":"es","@id":"https:\/\/sarmiento24h.com\/?p=164698#primaryimage","url":"https:\/\/sarmiento24h.com\/wp-content\/uploads\/2026\/04\/el-primer-medico-que-vio-sin-vida-a-maradona-declarara-en-el-segundo-juicio-por-la-muerte-del-astro.jpg","contentUrl":"https:\/\/sarmiento24h.com\/wp-content\/uploads\/2026\/04\/el-primer-medico-que-vio-sin-vida-a-maradona-declarara-en-el-segundo-juicio-por-la-muerte-del-astro.jpg","width":980,"height":653},{"@type":"BreadcrumbList","@id":"https:\/\/sarmiento24h.com\/?p=164698#breadcrumb","itemListElement":[{"@type":"ListItem","position":1,"name":"Home","item":"https:\/\/sarmiento24h.com\/"},{"@type":"ListItem","position":2,"name":"El primer m\u00e9dico que vio sin vida a Maradona declarar\u00e1 en el segundo juicio por la muerte del astro"}]},{"@type":"WebSite","@id":"https:\/\/sarmiento24h.com\/#website","url":"https:\/\/sarmiento24h.com\/","name":"Sarmiento24h","description":"","publisher":{"@id":"https:\/\/sarmiento24h.com\/#organization"},"potentialAction":[{"@type":"SearchAction","target":{"@type":"EntryPoint","urlTemplate":"https:\/\/sarmiento24h.com\/?s={search_term_string}"},"query-input":{"@type":"PropertyValueSpecification","valueRequired":true,"valueName":"search_term_string"}}],"inLanguage":"es"},{"@type":"Organization","@id":"https:\/\/sarmiento24h.com\/#organization","name":"Sarmiento24h","url":"https:\/\/sarmiento24h.com\/","logo":{"@type":"ImageObject","inLanguage":"es","@id":"https:\/\/sarmiento24h.com\/#\/schema\/logo\/image\/","url":"https:\/\/sarmiento24h.com\/wp-content\/uploads\/2025\/12\/AddText_12-16-10.30.52.jpg","contentUrl":"https:\/\/sarmiento24h.com\/wp-content\/uploads\/2025\/12\/AddText_12-16-10.30.52.jpg","width":1220,"height":324,"caption":"Sarmiento24h"},"image":{"@id":"https:\/\/sarmiento24h.com\/#\/schema\/logo\/image\/"},"sameAs":["https:\/\/facebook.com\/s24hnoticias","https:\/\/x.com\/sarmiento24h"]},{"@type":"Person","@id":"https:\/\/sarmiento24h.com\/#\/schema\/person\/d653a59725ad629a7e0429af7b939d4d","name":"sarmiento24h@gmail.com","image":{"@type":"ImageObject","inLanguage":"es","@id":"https:\/\/sarmiento24h.com\/wp-content\/litespeed\/avatar\/d02cbc4e23c747e6659cd45907173c8f.jpg?ver=1777157796","url":"https:\/\/sarmiento24h.com\/wp-content\/litespeed\/avatar\/d02cbc4e23c747e6659cd45907173c8f.jpg?ver=1777157796","contentUrl":"https:\/\/sarmiento24h.com\/wp-content\/litespeed\/avatar\/d02cbc4e23c747e6659cd45907173c8f.jpg?ver=1777157796","caption":"sarmiento24h@gmail.com"},"sameAs":["https:\/\/sarmiento24h.com"],"url":"https:\/\/sarmiento24h.com\/?author=1"}]}},"jetpack_publicize_connections":[],"jetpack_featured_media_url":"https:\/\/sarmiento24h.com\/wp-content\/uploads\/2026\/04\/el-primer-medico-que-vio-sin-vida-a-maradona-declarara-en-el-segundo-juicio-por-la-muerte-del-astro.jpg","jetpack_sharing_enabled":true,"_links":{"self":[{"href":"https:\/\/sarmiento24h.com\/index.php?rest_route=\/wp\/v2\/posts\/164698","targetHints":{"allow":["GET"]}}],"collection":[{"href":"https:\/\/sarmiento24h.com\/index.php?rest_route=\/wp\/v2\/posts"}],"about":[{"href":"https:\/\/sarmiento24h.com\/index.php?rest_route=\/wp\/v2\/types\/post"}],"author":[{"embeddable":true,"href":"https:\/\/sarmiento24h.com\/index.php?rest_route=\/wp\/v2\/users\/1"}],"replies":[{"embeddable":true,"href":"https:\/\/sarmiento24h.com\/index.php?rest_route=%2Fwp%2Fv2%2Fcomments&post=164698"}],"version-history":[{"count":0,"href":"https:\/\/sarmiento24h.com\/index.php?rest_route=\/wp\/v2\/posts\/164698\/revisions"}],"wp:featuredmedia":[{"embeddable":true,"href":"https:\/\/sarmiento24h.com\/index.php?rest_route=\/wp\/v2\/media\/164699"}],"wp:attachment":[{"href":"https:\/\/sarmiento24h.com\/index.php?rest_route=%2Fwp%2Fv2%2Fmedia&parent=164698"}],"wp:term":[{"taxonomy":"category","embeddable":true,"href":"https:\/\/sarmiento24h.com\/index.php?rest_route=%2Fwp%2Fv2%2Fcategories&post=164698"},{"taxonomy":"post_tag","embeddable":true,"href":"https:\/\/sarmiento24h.com\/index.php?rest_route=%2Fwp%2Fv2%2Ftags&post=164698"}],"curies":[{"name":"wp","href":"https:\/\/api.w.org\/{rel}","templated":true}]}}