{"id":164700,"date":"2026-04-29T19:07:05","date_gmt":"2026-04-29T19:07:05","guid":{"rendered":"http:\/\/0df37c32-43fb-11f1-9ab1-bb3e6b4ad662"},"modified":"2026-04-29T19:07:05","modified_gmt":"2026-04-29T19:07:05","slug":"colombia-capturan-a-sospechoso-de-letal-atentado-en-el-cauca-el-papa-y-la-onu-piden-frenar-la-violencia","status":"publish","type":"post","link":"https:\/\/sarmiento24h.com\/?p=164700","title":{"rendered":"Colombia: capturan a sospechoso de letal atentado en el Cauca; el papa y la ONU piden frenar la violencia"},"content":{"rendered":"<div><img decoding=\"async\" src=\"https:\/\/s.france24.com\/media\/display\/73c6610a-43fb-11f1-872f-005056bfb2b6\/w:1280\/p:16x9\/FOTO-PORTADA-COLOMBIA-ATENTADO-CAUCA.jpg\" class=\"ff-og-image-inserted\"><\/div>\n<p>Las devastadoras im\u00e1genes del atentado ocurrido en la V\u00eda Panamericana, a la altura de la zona rural de Cajib\u00edo, en el departamento del Cauca, han devuelto a Colombia a un estado de conmoci\u00f3n y dolor por una violencia que no consigue dejar atr\u00e1s.<\/p>\n<p>Y es que el ataque con explosivos que caus\u00f3 la muerte de 21 personas \u2013en su mayor\u00eda, campesinos\u2013 es el peor contra civiles desde la firma de los Acuerdos de Paz entre el Gobierno colombiano y la antigua guerrilla de las FARC hace casi una d\u00e9cada.<\/p>\n<p>Es a las disidencias de esa extinta organizaci\u00f3n que se le atribuye la autor\u00eda de esta masacre \u2013que tambi\u00e9n caus\u00f3 56 heridos\u2013 y de m\u00e1s de una treintena de actos violentos con explosivos y drones perpetrados durante el fin de semana, en los departamentos del Cauca y Valle del Cauca, al suroeste del pa\u00eds sudamericano.<\/p>\n<p>Frente a este repunte de la violencia, la condena internacional no se ha hecho esperar y, este mi\u00e9rcoles 29 de abril, tanto la ONU como el papa Le\u00f3n XIV expresaron mensajes similares.<\/p>\n<div id=\"em-WBMZ387486-F24-ES-20260429\" class=\"m-em-flash\" data-xtwitter-script><figcaption class=\"a-figcaption\"> <\/figcaption><div class=\"o-em-consent \" readability=\"7\">\n<div class=\"o-em-consent__content\" readability=\"34\">\n<p class=\"o-em-consent__content__text\">Para mostrar este contenido de X (Twitter), debe autorizar las cookies de medici\u00f3n de audiencia y publicidad.<\/p>\n<p> <button class=\"a-master-button a-master-button--dark\" data-action=\"accept\"> Aceptar <svg class=\"a-svg a-svg--icon-check\"> <use xlink:href=\"\/build\/images\/svg\/sprite.c98bf387c90bc4a87186b0b783f15ba0.svg#icon-check\" href=\"\/build\/images\/svg\/sprite.c98bf387c90bc4a87186b0b783f15ba0.svg#icon-check\" \/> <\/svg> <\/button> <button class=\"a-link\" data-action=\"manage\">Gestionar mis opciones<i class=\"a-svg a-svg--icon-edit\"><\/i><\/button> <\/div>\n<\/div>\n<\/div>\n<p>En un comunicado, la Oficina del Alto Comisionado de Naciones Unidas para los Derechos Humanos reiter\u00f3 su \u00abcondena por los ataques directos e indiscriminados contra poblaci\u00f3n civil\u00bb y reforz\u00f3 su llamado a \u00ablos grupos armados no estatales a respetar el Derecho&nbsp;Internacional Humanitario (DIH) y a cesar cualquier ataque en contra de la poblaci\u00f3n civil\u00bb.<\/p>\n<p>Del mismo modo, inst\u00f3 al Estado a fortalecer su presencia \u00aben todo el territorio\u00bb, a reforzar las herramientas de prevenci\u00f3n, a \u00abgarantizar investigaciones efectivas\u00bb y brindar \u00abtoda la atenci\u00f3n pertinente a las v\u00edctimas en materia humanitaria y psicosocial\u00bb.<\/p>\n<p>Por su parte, en el marco de una audiencia general en la Plaza de San Pedro, el papa Le\u00f3n XIV expres\u00f3 su \u00abdolor y preocupaci\u00f3n\u00bb por la \u00abtr\u00e1gica situaci\u00f3n de violencia que aflige la regi\u00f3n suroeste de Colombia\u00bb y manifest\u00f3 su \u00abcercan\u00eda en la oraci\u00f3n a las v\u00edctimas y a sus familiares\u00bb.<\/p>\n<div id=\"em-WBMZ387495-F24-ES-20260429\" class=\"m-em-flash\" data-xtwitter-script><figcaption class=\"a-figcaption\"> <\/figcaption><div class=\"o-em-consent \" readability=\"7\">\n<div class=\"o-em-consent__content\" readability=\"34\">\n<p class=\"o-em-consent__content__text\">Para mostrar este contenido de X (Twitter), debe autorizar las cookies de medici\u00f3n de audiencia y publicidad.<\/p>\n<p> <button class=\"a-master-button a-master-button--dark\" data-action=\"accept\"> Aceptar <svg class=\"a-svg a-svg--icon-check\"> <use xlink:href=\"\/build\/images\/svg\/sprite.c98bf387c90bc4a87186b0b783f15ba0.svg#icon-check\" href=\"\/build\/images\/svg\/sprite.c98bf387c90bc4a87186b0b783f15ba0.svg#icon-check\" \/> <\/svg> <\/button> <button class=\"a-link\" data-action=\"manage\">Gestionar mis opciones<i class=\"a-svg a-svg--icon-edit\"><\/i><\/button> <\/div>\n<\/div>\n<\/div>\n<p>Asimismo, el sumo pont\u00edfice exhort\u00f3 \u00aba todos a rechazar cualquier forma de violencia y optar decididamente por el camino de la paz\u00bb.<\/p>\n<p>Su mensaje va en l\u00ednea con lo expresado por la Conferencia Episcopal de Colombia d\u00edas atr\u00e1s, cuando en un comunicado instaron a los grupos armados \u00aba cesar inmediatamente todo acto que atente contra la vida, a cumplir con los principios del derecho internacional humanitario y a tratar con humanidad a la poblaci\u00f3n\u00bb.<\/p>\n<p>\u00abPersistir en la violencia solo profundiza el sufrimiento del pueblo y destruye el tejido social\u00bb, remarcaron.<\/p>\n<h2><strong>Capturan al principal sospechoso del atentado<\/strong><\/h2>\n<p>Mientras en la vereda de La Pedregosa el martes se realiz\u00f3 el entierro de once de las v\u00edctimas que resid\u00edan en ese poblado, las autoridades colombianas anunciaron la detenci\u00f3n del que consideran el \u00abprincipal responsable\u00bb de la matanza.<\/p>\n<p>Se trata de&nbsp;Jos\u00e9 Alex Vitonc\u00f3, alias &#8216;Mi Pez&#8217;, quien fue arrestado en un operativo conjunto de la Polic\u00eda y el Ej\u00e9rcito en la aldea Tablones, en la zona rural de Palmira, situada en el departamento del Valle del Cauca.<\/p>\n<p>Seg\u00fan los organismos de seguridad, Vitonc\u00f3 es se\u00f1alado de ser uno de los autores intelectuales del ataque y el \u00abm\u00e1ximo cabecilla\u00bb de la estructura local del denominado Estado Mayor Central (EMC), la principal disidencia de las antiguas FARC, que es liderada a nivel nacional por alias Iv\u00e1n Mordisco, el hombre m\u00e1s buscado de Colombia.<\/p>\n<div id=\"em-WBMZ387494-F24-ES-20260429\" class=\"m-em-flash\" data-xtwitter-script><figcaption class=\"a-figcaption\"> <\/figcaption><div class=\"o-em-consent \" readability=\"7\">\n<div class=\"o-em-consent__content\" readability=\"34\">\n<p class=\"o-em-consent__content__text\">Para mostrar este contenido de X (Twitter), debe autorizar las cookies de medici\u00f3n de audiencia y publicidad.<\/p>\n<p> <button class=\"a-master-button a-master-button--dark\" data-action=\"accept\"> Aceptar <svg class=\"a-svg a-svg--icon-check\"> <use xlink:href=\"\/build\/images\/svg\/sprite.c98bf387c90bc4a87186b0b783f15ba0.svg#icon-check\" href=\"\/build\/images\/svg\/sprite.c98bf387c90bc4a87186b0b783f15ba0.svg#icon-check\" \/> <\/svg> <\/button> <button class=\"a-link\" data-action=\"manage\">Gestionar mis opciones<i class=\"a-svg a-svg--icon-edit\"><\/i><\/button> <\/div>\n<\/div>\n<\/div>\n<p>En su cuenta de X, el presidente Gustavo Petro destac\u00f3 el arresto del \u00abresponsable del asesinato de 21 personas en la acci\u00f3n terrorista cometida en Cajib\u00edo\u00bb.<\/p>\n<p>En tanto, su ministro de Defensa, Pedro S\u00e1nchez Su\u00e1rez, acus\u00f3 al detenido de ser \u00abuno de los principales responsables de orquestar la masacre de campesinos, mujeres, ni\u00f1os y l\u00edderes sociales en el suroccidente del pa\u00eds, y cabecilla principal de una de las estructuras m\u00e1s peligrosas en el norte del Cauca\u00bb.<\/p>\n<p>Se\u00f1alado desde el principio por el gobierno como autor del atentado, el EMC admiti\u00f3 en la noche del martes su \u00abresponsabilidad pol\u00edtica\u00bb por lo que calific\u00f3 de \u00aberror t\u00e1ctico\u00bb en el marco de una supuesta maniobra fallida contra el Ej\u00e9rcito, un acto que \u00abno tiene justificaci\u00f3n alguna\u00bb.<\/p>\n<p>Sin embargo, los actos violentos no cesan y este mi\u00e9rcoles, el Ej\u00e9rcito colombiano asegur\u00f3 haber frustrado \u00abuna acci\u00f3n terrorista al ubicar y neutralizar un artefacto explosivo\u00bb situado \u00aben un punto de tr\u00e1nsito frecuente de la poblaci\u00f3n civil\u00bb en la localidad de Argelia (Cauca).<\/p>\n<h2><strong>La violencia enrarece la campa\u00f1a presidencial<\/strong><\/h2>\n<p>El recrudecimiento de la violencia, sobre todo tras el mort\u00edfero atentado en Cajib\u00edo, ha inundado la campa\u00f1a de cara a las elecciones presidenciales del 31 de mayo pr\u00f3ximo y se ha convertido en un elemento de acusaciones cruzadas entre los candidatos.<\/p>\n<p>Para Sergio Guzm\u00e1n, analista de riesgo pol\u00edtico en Bogot\u00e1, la oleada de ataques ser\u00eda precisamente una manera con la que alias Iv\u00e1n Mordisco buscar\u00eda mostrar su capacidad para causar da\u00f1o y \u00abafianzar su credibilidad\u00bb ante el pr\u00f3ximo gobierno colombiano.<\/p>\n<p>\u00abParte de lo que est\u00e1n haciendo es generar influencia de cara al futuro\u00bb, le dijo Guzm\u00e1n a la agencia AP, en referencia a eventuales negociaciones.<\/p>\n<p>Esa hip\u00f3tesis tambi\u00e9n la hizo sobrevolar el presidente Gustavo Petro, quien el lunes asegur\u00f3 que los grupos armados \u00abobedecen a la junta del narcotr\u00e1fico\u00bb y, por eso, \u00abno me extra\u00f1a que los grupos del Cauca est\u00e9n tratando de sabotear elecciones\u00bb.<\/p>\n<p>\u00abNos quieren sabotear las elecciones para que gane la extrema derecha por miedo y usan sus frentes narcotraficantes. Es una hip\u00f3tesis a confirmar pero cada vez m\u00e1s estrecha\u00bb, asever\u00f3.<\/p>\n<div id=\"em-WBMZ387499-F24-ES-20260429\" class=\"m-em-flash\" data-xtwitter-script><figcaption class=\"a-figcaption\"> <\/figcaption><div class=\"o-em-consent \" readability=\"7\">\n<div class=\"o-em-consent__content\" readability=\"34\">\n<p class=\"o-em-consent__content__text\">Para mostrar este contenido de X (Twitter), debe autorizar las cookies de medici\u00f3n de audiencia y publicidad.<\/p>\n<p> <button class=\"a-master-button a-master-button--dark\" data-action=\"accept\"> Aceptar <svg class=\"a-svg a-svg--icon-check\"> <use xlink:href=\"\/build\/images\/svg\/sprite.c98bf387c90bc4a87186b0b783f15ba0.svg#icon-check\" href=\"\/build\/images\/svg\/sprite.c98bf387c90bc4a87186b0b783f15ba0.svg#icon-check\" \/> <\/svg> <\/button> <button class=\"a-link\" data-action=\"manage\">Gestionar mis opciones<i class=\"a-svg a-svg--icon-edit\"><\/i><\/button> <\/div>\n<\/div>\n<\/div>\n<p>En esa l\u00ednea, el candidato oficialista Iv\u00e1n Cepeda \u2013que compite porque la Constituci\u00f3n colombiana no permite la reelecci\u00f3n\u2013 consider\u00f3 \u00abprofundamente preocupante&nbsp;que estas acciones terroristas se presenten en regiones del sur del pa\u00eds donde existe un amplio respaldo ciudadano a nuestro proyecto pol\u00edtico\u00bb.<\/p>\n<p>\u00abSurge una inquietud leg\u00edtima sobre si, adem\u00e1s de causar da\u00f1o y zozobra en la poblaci\u00f3n, estos hechos buscan generar un clima de miedo que favorezca intereses de sectores de extrema derecha empe\u00f1ados en desestabilizar el pa\u00eds y entorpecer el desarrollo democr\u00e1tico del proceso electoral\u00bb, afirm\u00f3 en un comunicado el domingo, en el que tambi\u00e9n expres\u00f3 su \u00abm\u00e1s en\u00e9rgico rechazo a estos actos de barbarie\u00bb.<\/p>\n<p>Desde la oposici\u00f3n, en cambio, el repunte de la violencia es un motivo m\u00e1s para criticar al gobierno. La aspirante conservadora, Paloma Valencia, viaj\u00f3 a Cali, capital del Valle del Cauca, para, seg\u00fan sus palabras, estar \u00abjunto a la gente que tiene miedo, que llora a sus familiares, que necesita volver a sentirse tranquila\u00bb y reproch\u00f3 que el presidente Petro no haya visitado la zona.<\/p>\n<div id=\"em-WBMZ387500-F24-ES-20260429\" class=\"m-em-flash\" data-xtwitter-script><figcaption class=\"a-figcaption\"> <\/figcaption><div class=\"o-em-consent \" readability=\"7\">\n<div class=\"o-em-consent__content\" readability=\"34\">\n<p class=\"o-em-consent__content__text\">Para mostrar este contenido de X (Twitter), debe autorizar las cookies de medici\u00f3n de audiencia y publicidad.<\/p>\n<p> <button class=\"a-master-button a-master-button--dark\" data-action=\"accept\"> Aceptar <svg class=\"a-svg a-svg--icon-check\"> <use xlink:href=\"\/build\/images\/svg\/sprite.c98bf387c90bc4a87186b0b783f15ba0.svg#icon-check\" href=\"\/build\/images\/svg\/sprite.c98bf387c90bc4a87186b0b783f15ba0.svg#icon-check\" \/> <\/svg> <\/button> <button class=\"a-link\" data-action=\"manage\">Gestionar mis opciones<i class=\"a-svg a-svg--icon-edit\"><\/i><\/button> <\/div>\n<\/div>\n<\/div>\n<p>Asimismo, Valencia \u2013quien denunci\u00f3 un supuesto plan de los grupos armados para atentar en su contra, sobre el cual el Ministerio de Defensa asegur\u00f3 que no existen indicios\u2013 sostuvo que \u00abla violencia viene de las disidencias de las Farc y el ELN (protegidos por la paz total de Cepeda y Petro)\u00bb, a los que \u00abconvenientemente ahora los clasifican de extrema derecha\u00bb.<\/p>\n<p>En la misma l\u00ednea, el ultraderechista Abelardo de la Espriella, que seg\u00fan encuestas recientes se ubica segundo detr\u00e1s de Cepeda en intenci\u00f3n de voto, afirm\u00f3 el martes que&nbsp;\u00abel Cauca y el Valle del Cauca se inundan de sangre de ciudadanos inermes, asesinados por las bombas del terrorismo que Iv\u00e1n Cepeda y Petro, han protegido\u00bb, y acus\u00f3 al candidato oficialista de ser \u00abc\u00ednico\u00bb por se\u00f1alar \u00abpara confundir y defender a los autores de esta barbarie\u00bb.<\/p>\n<p>Con EFE, AP, AFP y medios locales<\/p>\n","protected":false},"excerpt":{"rendered":"<p>Las devastadoras im\u00e1genes del atentado ocurrido en&#46;&#46;&#46;<\/p>\n","protected":false},"author":1,"featured_media":164701,"comment_status":"closed","ping_status":"closed","sticky":false,"template":"","format":"standard","meta":{"_jetpack_memberships_contains_paid_content":false,"footnotes":"","jetpack_publicize_message":"","jetpack_publicize_feature_enabled":true,"jetpack_social_post_already_shared":true,"jetpack_social_options":{"image_generator_settings":{"template":"highway","default_image_id":0,"font":"","enabled":false},"version":2}},"categories":[43],"tags":[],"class_list":["post-164700","post","type-post","status-publish","format-standard","has-post-thumbnail","hentry","category-internacionales"],"yoast_head":"<!-- This site is optimized with the Yoast SEO plugin v27.3 - https:\/\/yoast.com\/product\/yoast-seo-wordpress\/ -->\n<title>Colombia: capturan a sospechoso de letal atentado en el Cauca; el papa y la ONU piden frenar la violencia - Sarmiento24h<\/title>\n<meta name=\"robots\" content=\"index, follow, max-snippet:-1, max-image-preview:large, max-video-preview:-1\" \/>\n<link rel=\"canonical\" href=\"https:\/\/sarmiento24h.com\/?p=164700\" \/>\n<meta property=\"og:locale\" content=\"es_ES\" \/>\n<meta property=\"og:type\" content=\"article\" \/>\n<meta property=\"og:title\" content=\"Colombia: capturan a sospechoso de letal atentado en el Cauca; el papa y la ONU piden frenar la violencia - Sarmiento24h\" \/>\n<meta property=\"og:description\" content=\"Las devastadoras im\u00e1genes del atentado ocurrido en&#046;&#046;&#046;\" \/>\n<meta property=\"og:url\" content=\"https:\/\/sarmiento24h.com\/?p=164700\" \/>\n<meta property=\"og:site_name\" content=\"Sarmiento24h\" \/>\n<meta property=\"article:publisher\" content=\"https:\/\/facebook.com\/s24hnoticias\" \/>\n<meta property=\"article:published_time\" content=\"2026-04-29T19:07:05+00:00\" \/>\n<meta property=\"og:image\" content=\"https:\/\/s.france24.com\/media\/display\/73c6610a-43fb-11f1-872f-005056bfb2b6\/w:1280\/p:16x9\/FOTO-PORTADA-COLOMBIA-ATENTADO-CAUCA.jpg\" \/>\n<meta name=\"author\" content=\"sarmiento24h@gmail.com\" \/>\n<meta name=\"twitter:card\" content=\"summary_large_image\" \/>\n<meta name=\"twitter:creator\" content=\"@sarmiento24h\" \/>\n<meta name=\"twitter:site\" content=\"@sarmiento24h\" \/>\n<meta name=\"twitter:label1\" content=\"Escrito por\" \/>\n\t<meta name=\"twitter:data1\" content=\"sarmiento24h@gmail.com\" \/>\n\t<meta name=\"twitter:label2\" content=\"Tiempo de lectura\" \/>\n\t<meta name=\"twitter:data2\" content=\"7 minutos\" \/>\n<script type=\"application\/ld+json\" class=\"yoast-schema-graph\">{\"@context\":\"https:\\\/\\\/schema.org\",\"@graph\":[{\"@type\":\"Article\",\"@id\":\"https:\\\/\\\/sarmiento24h.com\\\/?p=164700#article\",\"isPartOf\":{\"@id\":\"https:\\\/\\\/sarmiento24h.com\\\/?p=164700\"},\"author\":{\"name\":\"sarmiento24h@gmail.com\",\"@id\":\"https:\\\/\\\/sarmiento24h.com\\\/#\\\/schema\\\/person\\\/d653a59725ad629a7e0429af7b939d4d\"},\"headline\":\"Colombia: capturan a sospechoso de letal atentado en el Cauca; el papa y la ONU piden frenar la violencia\",\"datePublished\":\"2026-04-29T19:07:05+00:00\",\"mainEntityOfPage\":{\"@id\":\"https:\\\/\\\/sarmiento24h.com\\\/?p=164700\"},\"wordCount\":1445,\"publisher\":{\"@id\":\"https:\\\/\\\/sarmiento24h.com\\\/#organization\"},\"image\":{\"@id\":\"https:\\\/\\\/sarmiento24h.com\\\/?p=164700#primaryimage\"},\"thumbnailUrl\":\"https:\\\/\\\/sarmiento24h.com\\\/wp-content\\\/uploads\\\/2026\\\/04\\\/colombia-capturan-a-sospechoso-de-letal-atentado-en-el-cauca-el-papa-y-la-onu-piden-frenar-la-violencia.jpg\",\"articleSection\":[\"Internacionales\"],\"inLanguage\":\"es\"},{\"@type\":\"WebPage\",\"@id\":\"https:\\\/\\\/sarmiento24h.com\\\/?p=164700\",\"url\":\"https:\\\/\\\/sarmiento24h.com\\\/?p=164700\",\"name\":\"Colombia: capturan a sospechoso de letal atentado en el Cauca; el papa y la ONU piden frenar la violencia - Sarmiento24h\",\"isPartOf\":{\"@id\":\"https:\\\/\\\/sarmiento24h.com\\\/#website\"},\"primaryImageOfPage\":{\"@id\":\"https:\\\/\\\/sarmiento24h.com\\\/?p=164700#primaryimage\"},\"image\":{\"@id\":\"https:\\\/\\\/sarmiento24h.com\\\/?p=164700#primaryimage\"},\"thumbnailUrl\":\"https:\\\/\\\/sarmiento24h.com\\\/wp-content\\\/uploads\\\/2026\\\/04\\\/colombia-capturan-a-sospechoso-de-letal-atentado-en-el-cauca-el-papa-y-la-onu-piden-frenar-la-violencia.jpg\",\"datePublished\":\"2026-04-29T19:07:05+00:00\",\"breadcrumb\":{\"@id\":\"https:\\\/\\\/sarmiento24h.com\\\/?p=164700#breadcrumb\"},\"inLanguage\":\"es\",\"potentialAction\":[{\"@type\":\"ReadAction\",\"target\":[\"https:\\\/\\\/sarmiento24h.com\\\/?p=164700\"]}]},{\"@type\":\"ImageObject\",\"inLanguage\":\"es\",\"@id\":\"https:\\\/\\\/sarmiento24h.com\\\/?p=164700#primaryimage\",\"url\":\"https:\\\/\\\/sarmiento24h.com\\\/wp-content\\\/uploads\\\/2026\\\/04\\\/colombia-capturan-a-sospechoso-de-letal-atentado-en-el-cauca-el-papa-y-la-onu-piden-frenar-la-violencia.jpg\",\"contentUrl\":\"https:\\\/\\\/sarmiento24h.com\\\/wp-content\\\/uploads\\\/2026\\\/04\\\/colombia-capturan-a-sospechoso-de-letal-atentado-en-el-cauca-el-papa-y-la-onu-piden-frenar-la-violencia.jpg\",\"width\":1280,\"height\":720},{\"@type\":\"BreadcrumbList\",\"@id\":\"https:\\\/\\\/sarmiento24h.com\\\/?p=164700#breadcrumb\",\"itemListElement\":[{\"@type\":\"ListItem\",\"position\":1,\"name\":\"Home\",\"item\":\"https:\\\/\\\/sarmiento24h.com\\\/\"},{\"@type\":\"ListItem\",\"position\":2,\"name\":\"Colombia: capturan a sospechoso de letal atentado en el Cauca; el papa y la ONU piden frenar la violencia\"}]},{\"@type\":\"WebSite\",\"@id\":\"https:\\\/\\\/sarmiento24h.com\\\/#website\",\"url\":\"https:\\\/\\\/sarmiento24h.com\\\/\",\"name\":\"Sarmiento24h\",\"description\":\"\",\"publisher\":{\"@id\":\"https:\\\/\\\/sarmiento24h.com\\\/#organization\"},\"potentialAction\":[{\"@type\":\"SearchAction\",\"target\":{\"@type\":\"EntryPoint\",\"urlTemplate\":\"https:\\\/\\\/sarmiento24h.com\\\/?s={search_term_string}\"},\"query-input\":{\"@type\":\"PropertyValueSpecification\",\"valueRequired\":true,\"valueName\":\"search_term_string\"}}],\"inLanguage\":\"es\"},{\"@type\":\"Organization\",\"@id\":\"https:\\\/\\\/sarmiento24h.com\\\/#organization\",\"name\":\"Sarmiento24h\",\"url\":\"https:\\\/\\\/sarmiento24h.com\\\/\",\"logo\":{\"@type\":\"ImageObject\",\"inLanguage\":\"es\",\"@id\":\"https:\\\/\\\/sarmiento24h.com\\\/#\\\/schema\\\/logo\\\/image\\\/\",\"url\":\"https:\\\/\\\/sarmiento24h.com\\\/wp-content\\\/uploads\\\/2025\\\/12\\\/AddText_12-16-10.30.52.jpg\",\"contentUrl\":\"https:\\\/\\\/sarmiento24h.com\\\/wp-content\\\/uploads\\\/2025\\\/12\\\/AddText_12-16-10.30.52.jpg\",\"width\":1220,\"height\":324,\"caption\":\"Sarmiento24h\"},\"image\":{\"@id\":\"https:\\\/\\\/sarmiento24h.com\\\/#\\\/schema\\\/logo\\\/image\\\/\"},\"sameAs\":[\"https:\\\/\\\/facebook.com\\\/s24hnoticias\",\"https:\\\/\\\/x.com\\\/sarmiento24h\"]},{\"@type\":\"Person\",\"@id\":\"https:\\\/\\\/sarmiento24h.com\\\/#\\\/schema\\\/person\\\/d653a59725ad629a7e0429af7b939d4d\",\"name\":\"sarmiento24h@gmail.com\",\"image\":{\"@type\":\"ImageObject\",\"inLanguage\":\"es\",\"@id\":\"https:\\\/\\\/sarmiento24h.com\\\/wp-content\\\/litespeed\\\/avatar\\\/d02cbc4e23c747e6659cd45907173c8f.jpg?ver=1777157796\",\"url\":\"https:\\\/\\\/sarmiento24h.com\\\/wp-content\\\/litespeed\\\/avatar\\\/d02cbc4e23c747e6659cd45907173c8f.jpg?ver=1777157796\",\"contentUrl\":\"https:\\\/\\\/sarmiento24h.com\\\/wp-content\\\/litespeed\\\/avatar\\\/d02cbc4e23c747e6659cd45907173c8f.jpg?ver=1777157796\",\"caption\":\"sarmiento24h@gmail.com\"},\"sameAs\":[\"https:\\\/\\\/sarmiento24h.com\"],\"url\":\"https:\\\/\\\/sarmiento24h.com\\\/?author=1\"}]}<\/script>\n<!-- \/ Yoast SEO plugin. -->","yoast_head_json":{"title":"Colombia: capturan a sospechoso de letal atentado en el Cauca; el papa y la ONU piden frenar la violencia - Sarmiento24h","robots":{"index":"index","follow":"follow","max-snippet":"max-snippet:-1","max-image-preview":"max-image-preview:large","max-video-preview":"max-video-preview:-1"},"canonical":"https:\/\/sarmiento24h.com\/?p=164700","og_locale":"es_ES","og_type":"article","og_title":"Colombia: capturan a sospechoso de letal atentado en el Cauca; el papa y la ONU piden frenar la violencia - Sarmiento24h","og_description":"Las devastadoras im\u00e1genes del atentado ocurrido en&#46;&#46;&#46;","og_url":"https:\/\/sarmiento24h.com\/?p=164700","og_site_name":"Sarmiento24h","article_publisher":"https:\/\/facebook.com\/s24hnoticias","article_published_time":"2026-04-29T19:07:05+00:00","og_image":[{"url":"https:\/\/s.france24.com\/media\/display\/73c6610a-43fb-11f1-872f-005056bfb2b6\/w:1280\/p:16x9\/FOTO-PORTADA-COLOMBIA-ATENTADO-CAUCA.jpg","type":"","width":"","height":""}],"author":"sarmiento24h@gmail.com","twitter_card":"summary_large_image","twitter_creator":"@sarmiento24h","twitter_site":"@sarmiento24h","twitter_misc":{"Escrito por":"sarmiento24h@gmail.com","Tiempo de lectura":"7 minutos"},"schema":{"@context":"https:\/\/schema.org","@graph":[{"@type":"Article","@id":"https:\/\/sarmiento24h.com\/?p=164700#article","isPartOf":{"@id":"https:\/\/sarmiento24h.com\/?p=164700"},"author":{"name":"sarmiento24h@gmail.com","@id":"https:\/\/sarmiento24h.com\/#\/schema\/person\/d653a59725ad629a7e0429af7b939d4d"},"headline":"Colombia: capturan a sospechoso de letal atentado en el Cauca; el papa y la ONU piden frenar la violencia","datePublished":"2026-04-29T19:07:05+00:00","mainEntityOfPage":{"@id":"https:\/\/sarmiento24h.com\/?p=164700"},"wordCount":1445,"publisher":{"@id":"https:\/\/sarmiento24h.com\/#organization"},"image":{"@id":"https:\/\/sarmiento24h.com\/?p=164700#primaryimage"},"thumbnailUrl":"https:\/\/sarmiento24h.com\/wp-content\/uploads\/2026\/04\/colombia-capturan-a-sospechoso-de-letal-atentado-en-el-cauca-el-papa-y-la-onu-piden-frenar-la-violencia.jpg","articleSection":["Internacionales"],"inLanguage":"es"},{"@type":"WebPage","@id":"https:\/\/sarmiento24h.com\/?p=164700","url":"https:\/\/sarmiento24h.com\/?p=164700","name":"Colombia: capturan a sospechoso de letal atentado en el Cauca; el papa y la ONU piden frenar la violencia - Sarmiento24h","isPartOf":{"@id":"https:\/\/sarmiento24h.com\/#website"},"primaryImageOfPage":{"@id":"https:\/\/sarmiento24h.com\/?p=164700#primaryimage"},"image":{"@id":"https:\/\/sarmiento24h.com\/?p=164700#primaryimage"},"thumbnailUrl":"https:\/\/sarmiento24h.com\/wp-content\/uploads\/2026\/04\/colombia-capturan-a-sospechoso-de-letal-atentado-en-el-cauca-el-papa-y-la-onu-piden-frenar-la-violencia.jpg","datePublished":"2026-04-29T19:07:05+00:00","breadcrumb":{"@id":"https:\/\/sarmiento24h.com\/?p=164700#breadcrumb"},"inLanguage":"es","potentialAction":[{"@type":"ReadAction","target":["https:\/\/sarmiento24h.com\/?p=164700"]}]},{"@type":"ImageObject","inLanguage":"es","@id":"https:\/\/sarmiento24h.com\/?p=164700#primaryimage","url":"https:\/\/sarmiento24h.com\/wp-content\/uploads\/2026\/04\/colombia-capturan-a-sospechoso-de-letal-atentado-en-el-cauca-el-papa-y-la-onu-piden-frenar-la-violencia.jpg","contentUrl":"https:\/\/sarmiento24h.com\/wp-content\/uploads\/2026\/04\/colombia-capturan-a-sospechoso-de-letal-atentado-en-el-cauca-el-papa-y-la-onu-piden-frenar-la-violencia.jpg","width":1280,"height":720},{"@type":"BreadcrumbList","@id":"https:\/\/sarmiento24h.com\/?p=164700#breadcrumb","itemListElement":[{"@type":"ListItem","position":1,"name":"Home","item":"https:\/\/sarmiento24h.com\/"},{"@type":"ListItem","position":2,"name":"Colombia: capturan a sospechoso de letal atentado en el Cauca; el papa y la ONU piden frenar la violencia"}]},{"@type":"WebSite","@id":"https:\/\/sarmiento24h.com\/#website","url":"https:\/\/sarmiento24h.com\/","name":"Sarmiento24h","description":"","publisher":{"@id":"https:\/\/sarmiento24h.com\/#organization"},"potentialAction":[{"@type":"SearchAction","target":{"@type":"EntryPoint","urlTemplate":"https:\/\/sarmiento24h.com\/?s={search_term_string}"},"query-input":{"@type":"PropertyValueSpecification","valueRequired":true,"valueName":"search_term_string"}}],"inLanguage":"es"},{"@type":"Organization","@id":"https:\/\/sarmiento24h.com\/#organization","name":"Sarmiento24h","url":"https:\/\/sarmiento24h.com\/","logo":{"@type":"ImageObject","inLanguage":"es","@id":"https:\/\/sarmiento24h.com\/#\/schema\/logo\/image\/","url":"https:\/\/sarmiento24h.com\/wp-content\/uploads\/2025\/12\/AddText_12-16-10.30.52.jpg","contentUrl":"https:\/\/sarmiento24h.com\/wp-content\/uploads\/2025\/12\/AddText_12-16-10.30.52.jpg","width":1220,"height":324,"caption":"Sarmiento24h"},"image":{"@id":"https:\/\/sarmiento24h.com\/#\/schema\/logo\/image\/"},"sameAs":["https:\/\/facebook.com\/s24hnoticias","https:\/\/x.com\/sarmiento24h"]},{"@type":"Person","@id":"https:\/\/sarmiento24h.com\/#\/schema\/person\/d653a59725ad629a7e0429af7b939d4d","name":"sarmiento24h@gmail.com","image":{"@type":"ImageObject","inLanguage":"es","@id":"https:\/\/sarmiento24h.com\/wp-content\/litespeed\/avatar\/d02cbc4e23c747e6659cd45907173c8f.jpg?ver=1777157796","url":"https:\/\/sarmiento24h.com\/wp-content\/litespeed\/avatar\/d02cbc4e23c747e6659cd45907173c8f.jpg?ver=1777157796","contentUrl":"https:\/\/sarmiento24h.com\/wp-content\/litespeed\/avatar\/d02cbc4e23c747e6659cd45907173c8f.jpg?ver=1777157796","caption":"sarmiento24h@gmail.com"},"sameAs":["https:\/\/sarmiento24h.com"],"url":"https:\/\/sarmiento24h.com\/?author=1"}]}},"jetpack_publicize_connections":[],"jetpack_featured_media_url":"https:\/\/sarmiento24h.com\/wp-content\/uploads\/2026\/04\/colombia-capturan-a-sospechoso-de-letal-atentado-en-el-cauca-el-papa-y-la-onu-piden-frenar-la-violencia.jpg","jetpack_sharing_enabled":true,"_links":{"self":[{"href":"https:\/\/sarmiento24h.com\/index.php?rest_route=\/wp\/v2\/posts\/164700","targetHints":{"allow":["GET"]}}],"collection":[{"href":"https:\/\/sarmiento24h.com\/index.php?rest_route=\/wp\/v2\/posts"}],"about":[{"href":"https:\/\/sarmiento24h.com\/index.php?rest_route=\/wp\/v2\/types\/post"}],"author":[{"embeddable":true,"href":"https:\/\/sarmiento24h.com\/index.php?rest_route=\/wp\/v2\/users\/1"}],"replies":[{"embeddable":true,"href":"https:\/\/sarmiento24h.com\/index.php?rest_route=%2Fwp%2Fv2%2Fcomments&post=164700"}],"version-history":[{"count":0,"href":"https:\/\/sarmiento24h.com\/index.php?rest_route=\/wp\/v2\/posts\/164700\/revisions"}],"wp:featuredmedia":[{"embeddable":true,"href":"https:\/\/sarmiento24h.com\/index.php?rest_route=\/wp\/v2\/media\/164701"}],"wp:attachment":[{"href":"https:\/\/sarmiento24h.com\/index.php?rest_route=%2Fwp%2Fv2%2Fmedia&parent=164700"}],"wp:term":[{"taxonomy":"category","embeddable":true,"href":"https:\/\/sarmiento24h.com\/index.php?rest_route=%2Fwp%2Fv2%2Fcategories&post=164700"},{"taxonomy":"post_tag","embeddable":true,"href":"https:\/\/sarmiento24h.com\/index.php?rest_route=%2Fwp%2Fv2%2Ftags&post=164700"}],"curies":[{"name":"wp","href":"https:\/\/api.w.org\/{rel}","templated":true}]}}