{"id":164734,"date":"2026-04-29T19:07:16","date_gmt":"2026-04-29T19:07:16","guid":{"rendered":"https:\/\/noticiassin.com\/?p=1988754"},"modified":"2026-04-29T19:07:16","modified_gmt":"2026-04-29T19:07:16","slug":"republica-dominicana-y-espana-refuerzan-cooperacion-en-el-combate-del-crimen-transnacional","status":"publish","type":"post","link":"https:\/\/sarmiento24h.com\/?p=164734","title":{"rendered":"Rep\u00fablica Dominicana y Espa\u00f1a refuerzan cooperaci\u00f3n en el combate del crimen transnacional"},"content":{"rendered":"<div><img decoding=\"async\" src=\"https:\/\/multimedia.noticiassin.com\/wp-content\/uploads\/2026\/04\/republica-dominicana-y-espana-refuerzan-cooperacion-en-el-combate-del-crimen-tra-20260429-185806-3Y96-1200x675.jpg\" class=\"ff-og-image-inserted\"><\/div>\n<p><strong>Santo Domingo<\/strong>.- La <strong>Rep\u00fablica Dominicana<\/strong> y <strong>Espa\u00f1a<\/strong> firmaron este mi\u00e9rcoles un tratado de cooperaci\u00f3n que busca reforzar la lucha conjunta contra el terrorismo, el narcotr\u00e1fico, la trata de personas, los delitos econ\u00f3micos y el blanqueo de capitales, as\u00ed como la ciberdelincuencia y la violencia de g\u00e9nero.<\/p>\n<p>El acuerdo fue suscrito por la ministra de Interior dominicana, <strong>Faride Raful<\/strong>, y por su hom\u00f3logo espa\u00f1ol, <strong>Fernando Grande-Marlaska<\/strong>, de visita oficial en la <strong>Rep\u00fablica Dominicana<\/strong>, donde ma\u00f1ana, jueves, participar\u00e1 en la XXVI Reuni\u00f3n de Alto Nivel del Mecanismo <strong>Uni\u00f3n Europea<\/strong> (<strong>UE<\/strong>) y la <strong>Comunidad de Estados Latinoamericanos y Caribe\u00f1os<\/strong> (<strong>Celac<\/strong>), que se desarrollar\u00e1 en <strong>Punta Cana<\/strong>.<\/p>\n<h2 class=\"wp-block-heading\">Alcance del acuerdo<\/h2>\n<p>En palabras de <strong>Grande-Marlaska<\/strong>, este tratado permitir\u00e1 \u00abhacer m\u00e1s eficaz\u00bb la lucha contra el crimen transnacional y representa \u00abun paso m\u00e1s en el fortalecimiento de nuestra alianza en materia de seguridad, incorporando un nuevo marco jur\u00eddico que refuerza los mecanismos de colaboraci\u00f3n y promueve el intercambio de informaci\u00f3n, la asistencia t\u00e9cnica y la formaci\u00f3n\u00bb.<\/p>\n<p>Y es que las amenazas del crimen \u00abya son globales, no son locales, por lo que la respuesta debe ser global\u00bb, dijo el ministro espa\u00f1ol, quien defendi\u00f3 este tipo de acuerdo, \u00abimprescindible para generar seguridad en nuestras sociedades\u00bb.<\/p>\n<p>Mientras, la ministra dominicana subray\u00f3 que el tratado firmado hoy \u00abordena\u00bb la cooperaci\u00f3n entre la <strong>Rep\u00fablica Dominicana<\/strong> y <strong>Espa\u00f1a<\/strong> \u00aben los frentes que la realidad criminal exige para convertirnos en m\u00e1s capaces, eficientes y m\u00e1s oportunos con esta cooperaci\u00f3n bilateral\u00bb.<\/p>\n<h2 class=\"wp-block-heading\">Cooperaci\u00f3n e intercambio<\/h2>\n<p>El acuerdo establece mecanismos de intercambio de informaci\u00f3n, investigaciones conjuntas y asistencia operativa que permitir\u00e1n fortalecer la identificaci\u00f3n de sospechosos, la b\u00fasqueda de personas desaparecidas, la localizaci\u00f3n de redes delictivas y la recuperaci\u00f3n de bienes vinculados a actividades il\u00edcitas.<\/p>\n<p>Asimismo, permitir\u00e1 el intercambio de experiencias, tecnolog\u00edas y buenas pr\u00e1cticas en procesos de investigaci\u00f3n criminal, as\u00ed como la formaci\u00f3n especializada de los cuerpos de seguridad, aportando al fortalecimiento de la seguridad ciudadana.&nbsp;<\/p>\n","protected":false},"excerpt":{"rendered":"<p>Santo Domingo.- La Rep\u00fablica Dominicana y Espa\u00f1a&#46;&#46;&#46;<\/p>\n","protected":false},"author":1,"featured_media":164735,"comment_status":"closed","ping_status":"closed","sticky":false,"template":"","format":"standard","meta":{"_jetpack_memberships_contains_paid_content":false,"footnotes":"","jetpack_publicize_message":"","jetpack_publicize_feature_enabled":true,"jetpack_social_post_already_shared":true,"jetpack_social_options":{"image_generator_settings":{"template":"highway","default_image_id":0,"font":"","enabled":false},"version":2}},"categories":[42],"tags":[],"class_list":["post-164734","post","type-post","status-publish","format-standard","has-post-thumbnail","hentry","category-nacionales"],"yoast_head":"<!-- This site is optimized with the Yoast SEO plugin v27.3 - https:\/\/yoast.com\/product\/yoast-seo-wordpress\/ -->\n<title>Rep\u00fablica Dominicana y Espa\u00f1a refuerzan cooperaci\u00f3n en el combate del crimen transnacional - Sarmiento24h<\/title>\n<meta name=\"robots\" content=\"index, follow, max-snippet:-1, max-image-preview:large, max-video-preview:-1\" \/>\n<link rel=\"canonical\" href=\"https:\/\/sarmiento24h.com\/?p=164734\" \/>\n<meta property=\"og:locale\" content=\"es_ES\" \/>\n<meta property=\"og:type\" content=\"article\" \/>\n<meta property=\"og:title\" content=\"Rep\u00fablica Dominicana y Espa\u00f1a refuerzan cooperaci\u00f3n en el combate del crimen transnacional - Sarmiento24h\" \/>\n<meta property=\"og:description\" content=\"Santo Domingo.- La Rep\u00fablica Dominicana y Espa\u00f1a&#046;&#046;&#046;\" \/>\n<meta property=\"og:url\" content=\"https:\/\/sarmiento24h.com\/?p=164734\" \/>\n<meta property=\"og:site_name\" content=\"Sarmiento24h\" \/>\n<meta property=\"article:publisher\" content=\"https:\/\/facebook.com\/s24hnoticias\" \/>\n<meta property=\"article:published_time\" content=\"2026-04-29T19:07:16+00:00\" \/>\n<meta property=\"og:image\" content=\"https:\/\/multimedia.noticiassin.com\/wp-content\/uploads\/2026\/04\/republica-dominicana-y-espana-refuerzan-cooperacion-en-el-combate-del-crimen-tra-20260429-185806-3Y96-1200x675.jpg\" \/>\n<meta name=\"author\" content=\"sarmiento24h@gmail.com\" \/>\n<meta name=\"twitter:card\" content=\"summary_large_image\" \/>\n<meta name=\"twitter:creator\" content=\"@sarmiento24h\" \/>\n<meta name=\"twitter:site\" content=\"@sarmiento24h\" \/>\n<meta name=\"twitter:label1\" content=\"Escrito por\" \/>\n\t<meta name=\"twitter:data1\" content=\"sarmiento24h@gmail.com\" \/>\n\t<meta name=\"twitter:label2\" content=\"Tiempo de lectura\" \/>\n\t<meta name=\"twitter:data2\" content=\"2 minutos\" \/>\n<script type=\"application\/ld+json\" class=\"yoast-schema-graph\">{\"@context\":\"https:\\\/\\\/schema.org\",\"@graph\":[{\"@type\":\"Article\",\"@id\":\"https:\\\/\\\/sarmiento24h.com\\\/?p=164734#article\",\"isPartOf\":{\"@id\":\"https:\\\/\\\/sarmiento24h.com\\\/?p=164734\"},\"author\":{\"name\":\"sarmiento24h@gmail.com\",\"@id\":\"https:\\\/\\\/sarmiento24h.com\\\/#\\\/schema\\\/person\\\/d653a59725ad629a7e0429af7b939d4d\"},\"headline\":\"Rep\u00fablica Dominicana y Espa\u00f1a refuerzan cooperaci\u00f3n en el combate del crimen transnacional\",\"datePublished\":\"2026-04-29T19:07:16+00:00\",\"mainEntityOfPage\":{\"@id\":\"https:\\\/\\\/sarmiento24h.com\\\/?p=164734\"},\"wordCount\":369,\"publisher\":{\"@id\":\"https:\\\/\\\/sarmiento24h.com\\\/#organization\"},\"image\":{\"@id\":\"https:\\\/\\\/sarmiento24h.com\\\/?p=164734#primaryimage\"},\"thumbnailUrl\":\"https:\\\/\\\/sarmiento24h.com\\\/wp-content\\\/uploads\\\/2026\\\/04\\\/republica-dominicana-y-espana-refuerzan-cooperacion-en-el-combate-del-crimen-transnacional.jpg\",\"articleSection\":[\"Nacionales\"],\"inLanguage\":\"es\"},{\"@type\":\"WebPage\",\"@id\":\"https:\\\/\\\/sarmiento24h.com\\\/?p=164734\",\"url\":\"https:\\\/\\\/sarmiento24h.com\\\/?p=164734\",\"name\":\"Rep\u00fablica Dominicana y Espa\u00f1a refuerzan cooperaci\u00f3n en el combate del crimen transnacional - Sarmiento24h\",\"isPartOf\":{\"@id\":\"https:\\\/\\\/sarmiento24h.com\\\/#website\"},\"primaryImageOfPage\":{\"@id\":\"https:\\\/\\\/sarmiento24h.com\\\/?p=164734#primaryimage\"},\"image\":{\"@id\":\"https:\\\/\\\/sarmiento24h.com\\\/?p=164734#primaryimage\"},\"thumbnailUrl\":\"https:\\\/\\\/sarmiento24h.com\\\/wp-content\\\/uploads\\\/2026\\\/04\\\/republica-dominicana-y-espana-refuerzan-cooperacion-en-el-combate-del-crimen-transnacional.jpg\",\"datePublished\":\"2026-04-29T19:07:16+00:00\",\"breadcrumb\":{\"@id\":\"https:\\\/\\\/sarmiento24h.com\\\/?p=164734#breadcrumb\"},\"inLanguage\":\"es\",\"potentialAction\":[{\"@type\":\"ReadAction\",\"target\":[\"https:\\\/\\\/sarmiento24h.com\\\/?p=164734\"]}]},{\"@type\":\"ImageObject\",\"inLanguage\":\"es\",\"@id\":\"https:\\\/\\\/sarmiento24h.com\\\/?p=164734#primaryimage\",\"url\":\"https:\\\/\\\/sarmiento24h.com\\\/wp-content\\\/uploads\\\/2026\\\/04\\\/republica-dominicana-y-espana-refuerzan-cooperacion-en-el-combate-del-crimen-transnacional.jpg\",\"contentUrl\":\"https:\\\/\\\/sarmiento24h.com\\\/wp-content\\\/uploads\\\/2026\\\/04\\\/republica-dominicana-y-espana-refuerzan-cooperacion-en-el-combate-del-crimen-transnacional.jpg\",\"width\":1200,\"height\":675},{\"@type\":\"BreadcrumbList\",\"@id\":\"https:\\\/\\\/sarmiento24h.com\\\/?p=164734#breadcrumb\",\"itemListElement\":[{\"@type\":\"ListItem\",\"position\":1,\"name\":\"Home\",\"item\":\"https:\\\/\\\/sarmiento24h.com\\\/\"},{\"@type\":\"ListItem\",\"position\":2,\"name\":\"Rep\u00fablica Dominicana y Espa\u00f1a refuerzan cooperaci\u00f3n en el combate del crimen transnacional\"}]},{\"@type\":\"WebSite\",\"@id\":\"https:\\\/\\\/sarmiento24h.com\\\/#website\",\"url\":\"https:\\\/\\\/sarmiento24h.com\\\/\",\"name\":\"Sarmiento24h\",\"description\":\"\",\"publisher\":{\"@id\":\"https:\\\/\\\/sarmiento24h.com\\\/#organization\"},\"potentialAction\":[{\"@type\":\"SearchAction\",\"target\":{\"@type\":\"EntryPoint\",\"urlTemplate\":\"https:\\\/\\\/sarmiento24h.com\\\/?s={search_term_string}\"},\"query-input\":{\"@type\":\"PropertyValueSpecification\",\"valueRequired\":true,\"valueName\":\"search_term_string\"}}],\"inLanguage\":\"es\"},{\"@type\":\"Organization\",\"@id\":\"https:\\\/\\\/sarmiento24h.com\\\/#organization\",\"name\":\"Sarmiento24h\",\"url\":\"https:\\\/\\\/sarmiento24h.com\\\/\",\"logo\":{\"@type\":\"ImageObject\",\"inLanguage\":\"es\",\"@id\":\"https:\\\/\\\/sarmiento24h.com\\\/#\\\/schema\\\/logo\\\/image\\\/\",\"url\":\"https:\\\/\\\/sarmiento24h.com\\\/wp-content\\\/uploads\\\/2025\\\/12\\\/AddText_12-16-10.30.52.jpg\",\"contentUrl\":\"https:\\\/\\\/sarmiento24h.com\\\/wp-content\\\/uploads\\\/2025\\\/12\\\/AddText_12-16-10.30.52.jpg\",\"width\":1220,\"height\":324,\"caption\":\"Sarmiento24h\"},\"image\":{\"@id\":\"https:\\\/\\\/sarmiento24h.com\\\/#\\\/schema\\\/logo\\\/image\\\/\"},\"sameAs\":[\"https:\\\/\\\/facebook.com\\\/s24hnoticias\",\"https:\\\/\\\/x.com\\\/sarmiento24h\"]},{\"@type\":\"Person\",\"@id\":\"https:\\\/\\\/sarmiento24h.com\\\/#\\\/schema\\\/person\\\/d653a59725ad629a7e0429af7b939d4d\",\"name\":\"sarmiento24h@gmail.com\",\"image\":{\"@type\":\"ImageObject\",\"inLanguage\":\"es\",\"@id\":\"https:\\\/\\\/sarmiento24h.com\\\/wp-content\\\/litespeed\\\/avatar\\\/d02cbc4e23c747e6659cd45907173c8f.jpg?ver=1777157796\",\"url\":\"https:\\\/\\\/sarmiento24h.com\\\/wp-content\\\/litespeed\\\/avatar\\\/d02cbc4e23c747e6659cd45907173c8f.jpg?ver=1777157796\",\"contentUrl\":\"https:\\\/\\\/sarmiento24h.com\\\/wp-content\\\/litespeed\\\/avatar\\\/d02cbc4e23c747e6659cd45907173c8f.jpg?ver=1777157796\",\"caption\":\"sarmiento24h@gmail.com\"},\"sameAs\":[\"https:\\\/\\\/sarmiento24h.com\"],\"url\":\"https:\\\/\\\/sarmiento24h.com\\\/?author=1\"}]}<\/script>\n<!-- \/ Yoast SEO plugin. -->","yoast_head_json":{"title":"Rep\u00fablica Dominicana y Espa\u00f1a refuerzan cooperaci\u00f3n en el combate del crimen transnacional - Sarmiento24h","robots":{"index":"index","follow":"follow","max-snippet":"max-snippet:-1","max-image-preview":"max-image-preview:large","max-video-preview":"max-video-preview:-1"},"canonical":"https:\/\/sarmiento24h.com\/?p=164734","og_locale":"es_ES","og_type":"article","og_title":"Rep\u00fablica Dominicana y Espa\u00f1a refuerzan cooperaci\u00f3n en el combate del crimen transnacional - Sarmiento24h","og_description":"Santo Domingo.- La Rep\u00fablica Dominicana y Espa\u00f1a&#46;&#46;&#46;","og_url":"https:\/\/sarmiento24h.com\/?p=164734","og_site_name":"Sarmiento24h","article_publisher":"https:\/\/facebook.com\/s24hnoticias","article_published_time":"2026-04-29T19:07:16+00:00","og_image":[{"url":"https:\/\/multimedia.noticiassin.com\/wp-content\/uploads\/2026\/04\/republica-dominicana-y-espana-refuerzan-cooperacion-en-el-combate-del-crimen-tra-20260429-185806-3Y96-1200x675.jpg","type":"","width":"","height":""}],"author":"sarmiento24h@gmail.com","twitter_card":"summary_large_image","twitter_creator":"@sarmiento24h","twitter_site":"@sarmiento24h","twitter_misc":{"Escrito por":"sarmiento24h@gmail.com","Tiempo de lectura":"2 minutos"},"schema":{"@context":"https:\/\/schema.org","@graph":[{"@type":"Article","@id":"https:\/\/sarmiento24h.com\/?p=164734#article","isPartOf":{"@id":"https:\/\/sarmiento24h.com\/?p=164734"},"author":{"name":"sarmiento24h@gmail.com","@id":"https:\/\/sarmiento24h.com\/#\/schema\/person\/d653a59725ad629a7e0429af7b939d4d"},"headline":"Rep\u00fablica Dominicana y Espa\u00f1a refuerzan cooperaci\u00f3n en el combate del crimen transnacional","datePublished":"2026-04-29T19:07:16+00:00","mainEntityOfPage":{"@id":"https:\/\/sarmiento24h.com\/?p=164734"},"wordCount":369,"publisher":{"@id":"https:\/\/sarmiento24h.com\/#organization"},"image":{"@id":"https:\/\/sarmiento24h.com\/?p=164734#primaryimage"},"thumbnailUrl":"https:\/\/sarmiento24h.com\/wp-content\/uploads\/2026\/04\/republica-dominicana-y-espana-refuerzan-cooperacion-en-el-combate-del-crimen-transnacional.jpg","articleSection":["Nacionales"],"inLanguage":"es"},{"@type":"WebPage","@id":"https:\/\/sarmiento24h.com\/?p=164734","url":"https:\/\/sarmiento24h.com\/?p=164734","name":"Rep\u00fablica Dominicana y Espa\u00f1a refuerzan cooperaci\u00f3n en el combate del crimen transnacional - Sarmiento24h","isPartOf":{"@id":"https:\/\/sarmiento24h.com\/#website"},"primaryImageOfPage":{"@id":"https:\/\/sarmiento24h.com\/?p=164734#primaryimage"},"image":{"@id":"https:\/\/sarmiento24h.com\/?p=164734#primaryimage"},"thumbnailUrl":"https:\/\/sarmiento24h.com\/wp-content\/uploads\/2026\/04\/republica-dominicana-y-espana-refuerzan-cooperacion-en-el-combate-del-crimen-transnacional.jpg","datePublished":"2026-04-29T19:07:16+00:00","breadcrumb":{"@id":"https:\/\/sarmiento24h.com\/?p=164734#breadcrumb"},"inLanguage":"es","potentialAction":[{"@type":"ReadAction","target":["https:\/\/sarmiento24h.com\/?p=164734"]}]},{"@type":"ImageObject","inLanguage":"es","@id":"https:\/\/sarmiento24h.com\/?p=164734#primaryimage","url":"https:\/\/sarmiento24h.com\/wp-content\/uploads\/2026\/04\/republica-dominicana-y-espana-refuerzan-cooperacion-en-el-combate-del-crimen-transnacional.jpg","contentUrl":"https:\/\/sarmiento24h.com\/wp-content\/uploads\/2026\/04\/republica-dominicana-y-espana-refuerzan-cooperacion-en-el-combate-del-crimen-transnacional.jpg","width":1200,"height":675},{"@type":"BreadcrumbList","@id":"https:\/\/sarmiento24h.com\/?p=164734#breadcrumb","itemListElement":[{"@type":"ListItem","position":1,"name":"Home","item":"https:\/\/sarmiento24h.com\/"},{"@type":"ListItem","position":2,"name":"Rep\u00fablica Dominicana y Espa\u00f1a refuerzan cooperaci\u00f3n en el combate del crimen transnacional"}]},{"@type":"WebSite","@id":"https:\/\/sarmiento24h.com\/#website","url":"https:\/\/sarmiento24h.com\/","name":"Sarmiento24h","description":"","publisher":{"@id":"https:\/\/sarmiento24h.com\/#organization"},"potentialAction":[{"@type":"SearchAction","target":{"@type":"EntryPoint","urlTemplate":"https:\/\/sarmiento24h.com\/?s={search_term_string}"},"query-input":{"@type":"PropertyValueSpecification","valueRequired":true,"valueName":"search_term_string"}}],"inLanguage":"es"},{"@type":"Organization","@id":"https:\/\/sarmiento24h.com\/#organization","name":"Sarmiento24h","url":"https:\/\/sarmiento24h.com\/","logo":{"@type":"ImageObject","inLanguage":"es","@id":"https:\/\/sarmiento24h.com\/#\/schema\/logo\/image\/","url":"https:\/\/sarmiento24h.com\/wp-content\/uploads\/2025\/12\/AddText_12-16-10.30.52.jpg","contentUrl":"https:\/\/sarmiento24h.com\/wp-content\/uploads\/2025\/12\/AddText_12-16-10.30.52.jpg","width":1220,"height":324,"caption":"Sarmiento24h"},"image":{"@id":"https:\/\/sarmiento24h.com\/#\/schema\/logo\/image\/"},"sameAs":["https:\/\/facebook.com\/s24hnoticias","https:\/\/x.com\/sarmiento24h"]},{"@type":"Person","@id":"https:\/\/sarmiento24h.com\/#\/schema\/person\/d653a59725ad629a7e0429af7b939d4d","name":"sarmiento24h@gmail.com","image":{"@type":"ImageObject","inLanguage":"es","@id":"https:\/\/sarmiento24h.com\/wp-content\/litespeed\/avatar\/d02cbc4e23c747e6659cd45907173c8f.jpg?ver=1777157796","url":"https:\/\/sarmiento24h.com\/wp-content\/litespeed\/avatar\/d02cbc4e23c747e6659cd45907173c8f.jpg?ver=1777157796","contentUrl":"https:\/\/sarmiento24h.com\/wp-content\/litespeed\/avatar\/d02cbc4e23c747e6659cd45907173c8f.jpg?ver=1777157796","caption":"sarmiento24h@gmail.com"},"sameAs":["https:\/\/sarmiento24h.com"],"url":"https:\/\/sarmiento24h.com\/?author=1"}]}},"jetpack_publicize_connections":[],"jetpack_featured_media_url":"https:\/\/sarmiento24h.com\/wp-content\/uploads\/2026\/04\/republica-dominicana-y-espana-refuerzan-cooperacion-en-el-combate-del-crimen-transnacional.jpg","jetpack_sharing_enabled":true,"_links":{"self":[{"href":"https:\/\/sarmiento24h.com\/index.php?rest_route=\/wp\/v2\/posts\/164734","targetHints":{"allow":["GET"]}}],"collection":[{"href":"https:\/\/sarmiento24h.com\/index.php?rest_route=\/wp\/v2\/posts"}],"about":[{"href":"https:\/\/sarmiento24h.com\/index.php?rest_route=\/wp\/v2\/types\/post"}],"author":[{"embeddable":true,"href":"https:\/\/sarmiento24h.com\/index.php?rest_route=\/wp\/v2\/users\/1"}],"replies":[{"embeddable":true,"href":"https:\/\/sarmiento24h.com\/index.php?rest_route=%2Fwp%2Fv2%2Fcomments&post=164734"}],"version-history":[{"count":0,"href":"https:\/\/sarmiento24h.com\/index.php?rest_route=\/wp\/v2\/posts\/164734\/revisions"}],"wp:featuredmedia":[{"embeddable":true,"href":"https:\/\/sarmiento24h.com\/index.php?rest_route=\/wp\/v2\/media\/164735"}],"wp:attachment":[{"href":"https:\/\/sarmiento24h.com\/index.php?rest_route=%2Fwp%2Fv2%2Fmedia&parent=164734"}],"wp:term":[{"taxonomy":"category","embeddable":true,"href":"https:\/\/sarmiento24h.com\/index.php?rest_route=%2Fwp%2Fv2%2Fcategories&post=164734"},{"taxonomy":"post_tag","embeddable":true,"href":"https:\/\/sarmiento24h.com\/index.php?rest_route=%2Fwp%2Fv2%2Ftags&post=164734"}],"curies":[{"name":"wp","href":"https:\/\/api.w.org\/{rel}","templated":true}]}}