{"id":165015,"date":"2026-04-29T21:18:51","date_gmt":"2026-04-29T21:18:51","guid":{"rendered":"https:\/\/noticiassin.com\/?p=1988898"},"modified":"2026-04-29T21:18:51","modified_gmt":"2026-04-29T21:18:51","slug":"policia-apresa-y-envia-a-la-justicia-a-cinco-hombres-acusados-de-maltrato-animal-en-sabana-perdida","status":"publish","type":"post","link":"https:\/\/sarmiento24h.com\/?p=165015","title":{"rendered":"Polic\u00eda apresa y env\u00eda a la justicia a cinco hombres acusados de maltrato animal en Sabana Perdida"},"content":{"rendered":"<div><img decoding=\"async\" src=\"https:\/\/multimedia.noticiassin.com\/wp-content\/uploads\/2026\/04\/policia-apresa-y-envia-a-la-justicia-a-cinco-hombres-acusados-de-maltrato-animal-20260429-210224-8WFx-1200x675.jpeg\" class=\"ff-og-image-inserted\"><\/div>\n<p><strong>Santo Domingo Norte<\/strong>.\u2014 Agentes de la <strong>Direcci\u00f3n Regional Santo Domingo Norte<\/strong> de la <strong>Polic\u00eda Nacional<\/strong> detuvieron y pusieron a disposici\u00f3n del <strong>Ministerio P\u00fablico<\/strong> a cinco hombres acusados de incurrir en un acto de crueldad contra un gato, en un hecho ocurrido en la comunidad de <strong>Majagual<\/strong>, en <strong>Sabana Perdida<\/strong>.<\/p>\n<p>Seg\u00fan el informe preliminar, los implicados habr\u00edan rociado al animal con una sustancia inflamable y, posteriormente, le prendieron fuego, provoc\u00e1ndole quemaduras. El hecho qued\u00f3 registrado en un video que circula en redes sociales, lo que facilit\u00f3 la identificaci\u00f3n y localizaci\u00f3n de los presuntos responsables.<\/p>\n<h2 class=\"wp-block-heading\">Cinco detenidos<\/h2>\n<p>Los detenidos fueron identificados como <strong>\u00c1ngel Marte<\/strong>, alias \u201cCaco de Loca\u201d; <strong>\u00d3scar Manuel Vargas<\/strong>; <strong>Daniel Guzm\u00e1n Silva<\/strong>; <strong>Justin Emmanuel Hern\u00e1ndez<\/strong> y <strong>Obie Jim\u00e9nez Zabala<\/strong>.<\/p>\n<p>Las autoridades informaron que ser\u00e1n procesados por presunta violaci\u00f3n a la Ley 248-12 sobre <strong>Protecci\u00f3n Animal<\/strong> y Tenencia Responsable.<\/p>\n<h2 class=\"wp-block-heading\">Proceso y operativo<\/h2>\n<p>En el operativo participaron representantes del <strong>Ministerio P\u00fablico<\/strong>, agentes de la <strong>Polic\u00eda Preventiva<\/strong> y de Investigaci\u00f3n, as\u00ed como miembros del <strong>Departamento de Protecci\u00f3n Animal y Medio Ambiente<\/strong>.<\/p>\n<p>La <strong>Polic\u00eda Nacional<\/strong> reiter\u00f3 su rechazo a cualquier forma de maltrato animal y asegur\u00f3 que continuar\u00e1 actuando con firmeza ante este tipo de hechos, en cumplimiento de la legislaci\u00f3n vigente.<\/p>\n","protected":false},"excerpt":{"rendered":"<p>Santo Domingo Norte.\u2014 Agentes de la Direcci\u00f3n&#46;&#46;&#46;<\/p>\n","protected":false},"author":1,"featured_media":165016,"comment_status":"closed","ping_status":"closed","sticky":false,"template":"","format":"standard","meta":{"_jetpack_memberships_contains_paid_content":false,"footnotes":"","jetpack_publicize_message":"","jetpack_publicize_feature_enabled":true,"jetpack_social_post_already_shared":true,"jetpack_social_options":{"image_generator_settings":{"template":"highway","default_image_id":0,"font":"","enabled":false},"version":2}},"categories":[42],"tags":[],"class_list":["post-165015","post","type-post","status-publish","format-standard","has-post-thumbnail","hentry","category-nacionales"],"yoast_head":"<!-- This site is optimized with the Yoast SEO plugin v27.3 - https:\/\/yoast.com\/product\/yoast-seo-wordpress\/ -->\n<title>Polic\u00eda apresa y env\u00eda a la justicia a cinco hombres acusados de maltrato animal en Sabana Perdida - Sarmiento24h<\/title>\n<meta name=\"robots\" content=\"index, follow, max-snippet:-1, max-image-preview:large, max-video-preview:-1\" \/>\n<link rel=\"canonical\" href=\"https:\/\/sarmiento24h.com\/?p=165015\" \/>\n<meta property=\"og:locale\" content=\"es_ES\" \/>\n<meta property=\"og:type\" content=\"article\" \/>\n<meta property=\"og:title\" content=\"Polic\u00eda apresa y env\u00eda a la justicia a cinco hombres acusados de maltrato animal en Sabana Perdida - Sarmiento24h\" \/>\n<meta property=\"og:description\" content=\"Santo Domingo Norte.\u2014 Agentes de la Direcci\u00f3n&#046;&#046;&#046;\" \/>\n<meta property=\"og:url\" content=\"https:\/\/sarmiento24h.com\/?p=165015\" \/>\n<meta property=\"og:site_name\" content=\"Sarmiento24h\" \/>\n<meta property=\"article:publisher\" content=\"https:\/\/facebook.com\/s24hnoticias\" \/>\n<meta property=\"article:published_time\" content=\"2026-04-29T21:18:51+00:00\" \/>\n<meta property=\"og:image\" content=\"https:\/\/multimedia.noticiassin.com\/wp-content\/uploads\/2026\/04\/policia-apresa-y-envia-a-la-justicia-a-cinco-hombres-acusados-de-maltrato-animal-20260429-210224-8WFx-1200x675.jpeg\" \/>\n<meta name=\"author\" content=\"sarmiento24h@gmail.com\" \/>\n<meta name=\"twitter:card\" content=\"summary_large_image\" \/>\n<meta name=\"twitter:creator\" content=\"@sarmiento24h\" \/>\n<meta name=\"twitter:site\" content=\"@sarmiento24h\" \/>\n<meta name=\"twitter:label1\" content=\"Escrito por\" \/>\n\t<meta name=\"twitter:data1\" content=\"sarmiento24h@gmail.com\" \/>\n\t<meta name=\"twitter:label2\" content=\"Tiempo de lectura\" \/>\n\t<meta name=\"twitter:data2\" content=\"1 minuto\" \/>\n<script type=\"application\/ld+json\" class=\"yoast-schema-graph\">{\"@context\":\"https:\\\/\\\/schema.org\",\"@graph\":[{\"@type\":\"Article\",\"@id\":\"https:\\\/\\\/sarmiento24h.com\\\/?p=165015#article\",\"isPartOf\":{\"@id\":\"https:\\\/\\\/sarmiento24h.com\\\/?p=165015\"},\"author\":{\"name\":\"sarmiento24h@gmail.com\",\"@id\":\"https:\\\/\\\/sarmiento24h.com\\\/#\\\/schema\\\/person\\\/d653a59725ad629a7e0429af7b939d4d\"},\"headline\":\"Polic\u00eda apresa y env\u00eda a la justicia a cinco hombres acusados de maltrato animal en Sabana Perdida\",\"datePublished\":\"2026-04-29T21:18:51+00:00\",\"mainEntityOfPage\":{\"@id\":\"https:\\\/\\\/sarmiento24h.com\\\/?p=165015\"},\"wordCount\":238,\"publisher\":{\"@id\":\"https:\\\/\\\/sarmiento24h.com\\\/#organization\"},\"image\":{\"@id\":\"https:\\\/\\\/sarmiento24h.com\\\/?p=165015#primaryimage\"},\"thumbnailUrl\":\"https:\\\/\\\/sarmiento24h.com\\\/wp-content\\\/uploads\\\/2026\\\/04\\\/policia-apresa-y-envia-a-la-justicia-a-cinco-hombres-acusados-de-maltrato-animal-en-sabana-perdida.jpg\",\"articleSection\":[\"Nacionales\"],\"inLanguage\":\"es\"},{\"@type\":\"WebPage\",\"@id\":\"https:\\\/\\\/sarmiento24h.com\\\/?p=165015\",\"url\":\"https:\\\/\\\/sarmiento24h.com\\\/?p=165015\",\"name\":\"Polic\u00eda apresa y env\u00eda a la justicia a cinco hombres acusados de maltrato animal en Sabana Perdida - Sarmiento24h\",\"isPartOf\":{\"@id\":\"https:\\\/\\\/sarmiento24h.com\\\/#website\"},\"primaryImageOfPage\":{\"@id\":\"https:\\\/\\\/sarmiento24h.com\\\/?p=165015#primaryimage\"},\"image\":{\"@id\":\"https:\\\/\\\/sarmiento24h.com\\\/?p=165015#primaryimage\"},\"thumbnailUrl\":\"https:\\\/\\\/sarmiento24h.com\\\/wp-content\\\/uploads\\\/2026\\\/04\\\/policia-apresa-y-envia-a-la-justicia-a-cinco-hombres-acusados-de-maltrato-animal-en-sabana-perdida.jpg\",\"datePublished\":\"2026-04-29T21:18:51+00:00\",\"breadcrumb\":{\"@id\":\"https:\\\/\\\/sarmiento24h.com\\\/?p=165015#breadcrumb\"},\"inLanguage\":\"es\",\"potentialAction\":[{\"@type\":\"ReadAction\",\"target\":[\"https:\\\/\\\/sarmiento24h.com\\\/?p=165015\"]}]},{\"@type\":\"ImageObject\",\"inLanguage\":\"es\",\"@id\":\"https:\\\/\\\/sarmiento24h.com\\\/?p=165015#primaryimage\",\"url\":\"https:\\\/\\\/sarmiento24h.com\\\/wp-content\\\/uploads\\\/2026\\\/04\\\/policia-apresa-y-envia-a-la-justicia-a-cinco-hombres-acusados-de-maltrato-animal-en-sabana-perdida.jpg\",\"contentUrl\":\"https:\\\/\\\/sarmiento24h.com\\\/wp-content\\\/uploads\\\/2026\\\/04\\\/policia-apresa-y-envia-a-la-justicia-a-cinco-hombres-acusados-de-maltrato-animal-en-sabana-perdida.jpg\",\"width\":1200,\"height\":675},{\"@type\":\"BreadcrumbList\",\"@id\":\"https:\\\/\\\/sarmiento24h.com\\\/?p=165015#breadcrumb\",\"itemListElement\":[{\"@type\":\"ListItem\",\"position\":1,\"name\":\"Home\",\"item\":\"https:\\\/\\\/sarmiento24h.com\\\/\"},{\"@type\":\"ListItem\",\"position\":2,\"name\":\"Polic\u00eda apresa y env\u00eda a la justicia a cinco hombres acusados de maltrato animal en Sabana Perdida\"}]},{\"@type\":\"WebSite\",\"@id\":\"https:\\\/\\\/sarmiento24h.com\\\/#website\",\"url\":\"https:\\\/\\\/sarmiento24h.com\\\/\",\"name\":\"Sarmiento24h\",\"description\":\"\",\"publisher\":{\"@id\":\"https:\\\/\\\/sarmiento24h.com\\\/#organization\"},\"potentialAction\":[{\"@type\":\"SearchAction\",\"target\":{\"@type\":\"EntryPoint\",\"urlTemplate\":\"https:\\\/\\\/sarmiento24h.com\\\/?s={search_term_string}\"},\"query-input\":{\"@type\":\"PropertyValueSpecification\",\"valueRequired\":true,\"valueName\":\"search_term_string\"}}],\"inLanguage\":\"es\"},{\"@type\":\"Organization\",\"@id\":\"https:\\\/\\\/sarmiento24h.com\\\/#organization\",\"name\":\"Sarmiento24h\",\"url\":\"https:\\\/\\\/sarmiento24h.com\\\/\",\"logo\":{\"@type\":\"ImageObject\",\"inLanguage\":\"es\",\"@id\":\"https:\\\/\\\/sarmiento24h.com\\\/#\\\/schema\\\/logo\\\/image\\\/\",\"url\":\"https:\\\/\\\/sarmiento24h.com\\\/wp-content\\\/uploads\\\/2025\\\/12\\\/AddText_12-16-10.30.52.jpg\",\"contentUrl\":\"https:\\\/\\\/sarmiento24h.com\\\/wp-content\\\/uploads\\\/2025\\\/12\\\/AddText_12-16-10.30.52.jpg\",\"width\":1220,\"height\":324,\"caption\":\"Sarmiento24h\"},\"image\":{\"@id\":\"https:\\\/\\\/sarmiento24h.com\\\/#\\\/schema\\\/logo\\\/image\\\/\"},\"sameAs\":[\"https:\\\/\\\/facebook.com\\\/s24hnoticias\",\"https:\\\/\\\/x.com\\\/sarmiento24h\"]},{\"@type\":\"Person\",\"@id\":\"https:\\\/\\\/sarmiento24h.com\\\/#\\\/schema\\\/person\\\/d653a59725ad629a7e0429af7b939d4d\",\"name\":\"sarmiento24h@gmail.com\",\"image\":{\"@type\":\"ImageObject\",\"inLanguage\":\"es\",\"@id\":\"https:\\\/\\\/sarmiento24h.com\\\/wp-content\\\/litespeed\\\/avatar\\\/d02cbc4e23c747e6659cd45907173c8f.jpg?ver=1777157796\",\"url\":\"https:\\\/\\\/sarmiento24h.com\\\/wp-content\\\/litespeed\\\/avatar\\\/d02cbc4e23c747e6659cd45907173c8f.jpg?ver=1777157796\",\"contentUrl\":\"https:\\\/\\\/sarmiento24h.com\\\/wp-content\\\/litespeed\\\/avatar\\\/d02cbc4e23c747e6659cd45907173c8f.jpg?ver=1777157796\",\"caption\":\"sarmiento24h@gmail.com\"},\"sameAs\":[\"https:\\\/\\\/sarmiento24h.com\"],\"url\":\"https:\\\/\\\/sarmiento24h.com\\\/?author=1\"}]}<\/script>\n<!-- \/ Yoast SEO plugin. -->","yoast_head_json":{"title":"Polic\u00eda apresa y env\u00eda a la justicia a cinco hombres acusados de maltrato animal en Sabana Perdida - Sarmiento24h","robots":{"index":"index","follow":"follow","max-snippet":"max-snippet:-1","max-image-preview":"max-image-preview:large","max-video-preview":"max-video-preview:-1"},"canonical":"https:\/\/sarmiento24h.com\/?p=165015","og_locale":"es_ES","og_type":"article","og_title":"Polic\u00eda apresa y env\u00eda a la justicia a cinco hombres acusados de maltrato animal en Sabana Perdida - Sarmiento24h","og_description":"Santo Domingo Norte.\u2014 Agentes de la Direcci\u00f3n&#46;&#46;&#46;","og_url":"https:\/\/sarmiento24h.com\/?p=165015","og_site_name":"Sarmiento24h","article_publisher":"https:\/\/facebook.com\/s24hnoticias","article_published_time":"2026-04-29T21:18:51+00:00","og_image":[{"url":"https:\/\/multimedia.noticiassin.com\/wp-content\/uploads\/2026\/04\/policia-apresa-y-envia-a-la-justicia-a-cinco-hombres-acusados-de-maltrato-animal-20260429-210224-8WFx-1200x675.jpeg","type":"","width":"","height":""}],"author":"sarmiento24h@gmail.com","twitter_card":"summary_large_image","twitter_creator":"@sarmiento24h","twitter_site":"@sarmiento24h","twitter_misc":{"Escrito por":"sarmiento24h@gmail.com","Tiempo de lectura":"1 minuto"},"schema":{"@context":"https:\/\/schema.org","@graph":[{"@type":"Article","@id":"https:\/\/sarmiento24h.com\/?p=165015#article","isPartOf":{"@id":"https:\/\/sarmiento24h.com\/?p=165015"},"author":{"name":"sarmiento24h@gmail.com","@id":"https:\/\/sarmiento24h.com\/#\/schema\/person\/d653a59725ad629a7e0429af7b939d4d"},"headline":"Polic\u00eda apresa y env\u00eda a la justicia a cinco hombres acusados de maltrato animal en Sabana Perdida","datePublished":"2026-04-29T21:18:51+00:00","mainEntityOfPage":{"@id":"https:\/\/sarmiento24h.com\/?p=165015"},"wordCount":238,"publisher":{"@id":"https:\/\/sarmiento24h.com\/#organization"},"image":{"@id":"https:\/\/sarmiento24h.com\/?p=165015#primaryimage"},"thumbnailUrl":"https:\/\/sarmiento24h.com\/wp-content\/uploads\/2026\/04\/policia-apresa-y-envia-a-la-justicia-a-cinco-hombres-acusados-de-maltrato-animal-en-sabana-perdida.jpg","articleSection":["Nacionales"],"inLanguage":"es"},{"@type":"WebPage","@id":"https:\/\/sarmiento24h.com\/?p=165015","url":"https:\/\/sarmiento24h.com\/?p=165015","name":"Polic\u00eda apresa y env\u00eda a la justicia a cinco hombres acusados de maltrato animal en Sabana Perdida - Sarmiento24h","isPartOf":{"@id":"https:\/\/sarmiento24h.com\/#website"},"primaryImageOfPage":{"@id":"https:\/\/sarmiento24h.com\/?p=165015#primaryimage"},"image":{"@id":"https:\/\/sarmiento24h.com\/?p=165015#primaryimage"},"thumbnailUrl":"https:\/\/sarmiento24h.com\/wp-content\/uploads\/2026\/04\/policia-apresa-y-envia-a-la-justicia-a-cinco-hombres-acusados-de-maltrato-animal-en-sabana-perdida.jpg","datePublished":"2026-04-29T21:18:51+00:00","breadcrumb":{"@id":"https:\/\/sarmiento24h.com\/?p=165015#breadcrumb"},"inLanguage":"es","potentialAction":[{"@type":"ReadAction","target":["https:\/\/sarmiento24h.com\/?p=165015"]}]},{"@type":"ImageObject","inLanguage":"es","@id":"https:\/\/sarmiento24h.com\/?p=165015#primaryimage","url":"https:\/\/sarmiento24h.com\/wp-content\/uploads\/2026\/04\/policia-apresa-y-envia-a-la-justicia-a-cinco-hombres-acusados-de-maltrato-animal-en-sabana-perdida.jpg","contentUrl":"https:\/\/sarmiento24h.com\/wp-content\/uploads\/2026\/04\/policia-apresa-y-envia-a-la-justicia-a-cinco-hombres-acusados-de-maltrato-animal-en-sabana-perdida.jpg","width":1200,"height":675},{"@type":"BreadcrumbList","@id":"https:\/\/sarmiento24h.com\/?p=165015#breadcrumb","itemListElement":[{"@type":"ListItem","position":1,"name":"Home","item":"https:\/\/sarmiento24h.com\/"},{"@type":"ListItem","position":2,"name":"Polic\u00eda apresa y env\u00eda a la justicia a cinco hombres acusados de maltrato animal en Sabana Perdida"}]},{"@type":"WebSite","@id":"https:\/\/sarmiento24h.com\/#website","url":"https:\/\/sarmiento24h.com\/","name":"Sarmiento24h","description":"","publisher":{"@id":"https:\/\/sarmiento24h.com\/#organization"},"potentialAction":[{"@type":"SearchAction","target":{"@type":"EntryPoint","urlTemplate":"https:\/\/sarmiento24h.com\/?s={search_term_string}"},"query-input":{"@type":"PropertyValueSpecification","valueRequired":true,"valueName":"search_term_string"}}],"inLanguage":"es"},{"@type":"Organization","@id":"https:\/\/sarmiento24h.com\/#organization","name":"Sarmiento24h","url":"https:\/\/sarmiento24h.com\/","logo":{"@type":"ImageObject","inLanguage":"es","@id":"https:\/\/sarmiento24h.com\/#\/schema\/logo\/image\/","url":"https:\/\/sarmiento24h.com\/wp-content\/uploads\/2025\/12\/AddText_12-16-10.30.52.jpg","contentUrl":"https:\/\/sarmiento24h.com\/wp-content\/uploads\/2025\/12\/AddText_12-16-10.30.52.jpg","width":1220,"height":324,"caption":"Sarmiento24h"},"image":{"@id":"https:\/\/sarmiento24h.com\/#\/schema\/logo\/image\/"},"sameAs":["https:\/\/facebook.com\/s24hnoticias","https:\/\/x.com\/sarmiento24h"]},{"@type":"Person","@id":"https:\/\/sarmiento24h.com\/#\/schema\/person\/d653a59725ad629a7e0429af7b939d4d","name":"sarmiento24h@gmail.com","image":{"@type":"ImageObject","inLanguage":"es","@id":"https:\/\/sarmiento24h.com\/wp-content\/litespeed\/avatar\/d02cbc4e23c747e6659cd45907173c8f.jpg?ver=1777157796","url":"https:\/\/sarmiento24h.com\/wp-content\/litespeed\/avatar\/d02cbc4e23c747e6659cd45907173c8f.jpg?ver=1777157796","contentUrl":"https:\/\/sarmiento24h.com\/wp-content\/litespeed\/avatar\/d02cbc4e23c747e6659cd45907173c8f.jpg?ver=1777157796","caption":"sarmiento24h@gmail.com"},"sameAs":["https:\/\/sarmiento24h.com"],"url":"https:\/\/sarmiento24h.com\/?author=1"}]}},"jetpack_publicize_connections":[],"jetpack_featured_media_url":"https:\/\/sarmiento24h.com\/wp-content\/uploads\/2026\/04\/policia-apresa-y-envia-a-la-justicia-a-cinco-hombres-acusados-de-maltrato-animal-en-sabana-perdida.jpg","jetpack_sharing_enabled":true,"_links":{"self":[{"href":"https:\/\/sarmiento24h.com\/index.php?rest_route=\/wp\/v2\/posts\/165015","targetHints":{"allow":["GET"]}}],"collection":[{"href":"https:\/\/sarmiento24h.com\/index.php?rest_route=\/wp\/v2\/posts"}],"about":[{"href":"https:\/\/sarmiento24h.com\/index.php?rest_route=\/wp\/v2\/types\/post"}],"author":[{"embeddable":true,"href":"https:\/\/sarmiento24h.com\/index.php?rest_route=\/wp\/v2\/users\/1"}],"replies":[{"embeddable":true,"href":"https:\/\/sarmiento24h.com\/index.php?rest_route=%2Fwp%2Fv2%2Fcomments&post=165015"}],"version-history":[{"count":0,"href":"https:\/\/sarmiento24h.com\/index.php?rest_route=\/wp\/v2\/posts\/165015\/revisions"}],"wp:featuredmedia":[{"embeddable":true,"href":"https:\/\/sarmiento24h.com\/index.php?rest_route=\/wp\/v2\/media\/165016"}],"wp:attachment":[{"href":"https:\/\/sarmiento24h.com\/index.php?rest_route=%2Fwp%2Fv2%2Fmedia&parent=165015"}],"wp:term":[{"taxonomy":"category","embeddable":true,"href":"https:\/\/sarmiento24h.com\/index.php?rest_route=%2Fwp%2Fv2%2Fcategories&post=165015"},{"taxonomy":"post_tag","embeddable":true,"href":"https:\/\/sarmiento24h.com\/index.php?rest_route=%2Fwp%2Fv2%2Ftags&post=165015"}],"curies":[{"name":"wp","href":"https:\/\/api.w.org\/{rel}","templated":true}]}}