{"id":165109,"date":"2026-04-29T22:28:53","date_gmt":"2026-04-29T22:28:53","guid":{"rendered":"http:\/\/fe13028c-440a-11f1-af55-e32346e0bd51"},"modified":"2026-04-29T22:28:53","modified_gmt":"2026-04-29T22:28:53","slug":"ee-uu-reduce-protecciones-al-voto-de-las-minorias-a-meses-de-las-elecciones-de-medio-mandato","status":"publish","type":"post","link":"https:\/\/sarmiento24h.com\/?p=165109","title":{"rendered":"EE. UU. reduce protecciones al voto de las minor\u00edas a meses de las elecciones de medio mandato"},"content":{"rendered":"<p>Por seis votos contra tres, los de los jueces conservadores frente a los progresistas, la<a href=\"https:\/\/www.france24.com\/es\/minuto-a-minuto\/20260429-corte-suprema-de-eeuu-limita-redistribuci\u00f3n-electoral-destinada-a-favorecer-a-minor\u00edas\" target=\"_self\"> Corte Suprema de EE. UU.&nbsp;<\/a> concluy\u00f3 que una ley emblem\u00e1tica que garantiza la representaci\u00f3n electoral de las minor\u00edas, la Ley de Derecho al Voto <a href=\"https:\/\/www.archives.gov\/milestone-documents\/voting-rights-act\" target=\"_blank\">(Voting Rights Act)<\/a>, no obligaba a Louisiana a crear un segundo distrito de mayor\u00eda afroestadounidense.<\/p>\n<p>En consecuencia, el mapa electoral de este estado del sur \u00abes una redistribuci\u00f3n inconstitucional\u00bb, afirm\u00f3 el magistrado conservador Samuel Alito en la sentencia redactada en nombre de la mayor\u00eda.<\/p>\n<p><strong>La decisi\u00f3n de este mi\u00e9rcoles 29 de abril supone un rev\u00e9s para los dem\u00f3cratas, <\/strong>que llevan varios meses en una disputa con los republicanos en torno a la redistribuci\u00f3n electoral de varios estados, antes de las cruciales elecciones de mitad de mandato de noviembre.<\/p>\n<p>\u00abLa decisi\u00f3n de hoy de la Corte Suprema desmantela la Ley de Derechos Electorales y retrocede el reloj sobre la promesa fundacional de igualdad y equidad en nuestros sistemas electorales (&#8230;) Es indignante. Pero no es una sorpresa\u00bb, dijo la excandidata presidencial Kamala Harris.<\/p>\n<div id=\"em-WBMZ387544-F24-ES-20260429\" class=\"m-em-flash\" data-xtwitter-script><figcaption class=\"a-figcaption\"> <\/figcaption><div class=\"o-em-consent \" readability=\"7\">\n<div class=\"o-em-consent__content\" readability=\"34\">\n<p class=\"o-em-consent__content__text\">Para mostrar este contenido de X (Twitter), debe autorizar las cookies de medici\u00f3n de audiencia y publicidad.<\/p>\n<p> <button class=\"a-master-button a-master-button--dark\" data-action=\"accept\"> Aceptar <svg class=\"a-svg a-svg--icon-check\"> <use xlink:href=\"\/build\/images\/svg\/sprite.c98bf387c90bc4a87186b0b783f15ba0.svg#icon-check\" href=\"\/build\/images\/svg\/sprite.c98bf387c90bc4a87186b0b783f15ba0.svg#icon-check\" \/> <\/svg> <\/button> <button class=\"a-link\" data-action=\"manage\">Gestionar mis opciones<i class=\"a-svg a-svg--icon-edit\"><\/i><\/button> <\/div>\n<\/div>\n<\/div>\n<p>El partido republicano, del presidente <a href=\"https:\/\/www.france24.com\/es\/tag\/donald-trump\/\" target=\"_self\">Donald Trump,<\/a> en cambio, se ve reforzado a largo plazo.<\/p>\n<p>El jefe de la C\u00e1mara de Representantes de Estados Unidos, Mike Johnson, republicano de&nbsp;Louisiana, sostuvo que la Corte Suprema hab\u00eda llegado al \u00abresultado obvio\u00bb en el caso.<\/p>\n<p>\u00abVeremos qu\u00e9 efecto tiene\u00bb, afirm\u00f3 Johnson a los periodistas. <strong>\u00abComo saben, tenemos elecciones primarias dentro de unas dos semanas. As\u00ed que veremos si la legislatura estatal considera oportuno modificar los distritos electorales\u00bb.<\/strong><\/p>\n<p>Para la jueza progresista Elena Kagan, \u00abla decisi\u00f3n de la corte har\u00e1 retroceder el derecho fundamental a la igualdad racial\u00bb en las elecciones, \u00abque el Congreso hab\u00eda otorgado\u00bb con la Ley de Derecho al Voto de 1965.<\/p>\n<p>Desde hace unos diez a\u00f1os, la mayor\u00eda conservadora del m\u00e1ximo tribunal del pa\u00eds vaci\u00f3 en gran medida de contenido esta ley clave, adoptada en pleno movimiento por los derechos civiles para impedir que los antiguos estados segregacionistas del sur vulneraran el derecho al voto de los afroestadounidenses.<\/p>\n<h2><strong>Un golpe \u00abdevastador\u00bb para los latinos<\/strong><\/h2>\n<p>Diversos grupos latinos condenaron el fallo y lamentaron que puede silenciar a los votantes de la comunidad hispana.<\/p>\n<p><strong>\u00abLa decisi\u00f3n de hoy es un golpe devastador para las comunidades negras y latinas y para la promesa fundamental de la democracia estadounidense\u00bb<\/strong>, afirm\u00f3 en un comunicado la presidenta de la organizaci\u00f3n Voto Latino, Mar\u00eda Teresa Kumar.<\/p>\n<div class=\"em-video-wrapper m-em-video\" data-media-video-wbmz387549-f24-es-20260429 data-wrapper-video-player data-show-hidden-video-player=\"WBMZ387549-F24-ES-20260429\" data-youtube-script>\n<div class=\"m-em-video__video\">\n<div class=\"o-em-consent \" readability=\"7\">\n<div class=\"o-em-consent__content\" readability=\"34\">\n<p class=\"o-em-consent__content__text\">Para mostrar este contenido de YouTube, debe autorizar las cookies de medici\u00f3n de audiencia y publicidad.<\/p>\n<p> <button class=\"a-master-button a-master-button--dark\" data-action=\"accept\"> Aceptar <svg class=\"a-svg a-svg--icon-check\"> <use xlink:href=\"\/build\/images\/svg\/sprite.c98bf387c90bc4a87186b0b783f15ba0.svg#icon-check\" href=\"\/build\/images\/svg\/sprite.c98bf387c90bc4a87186b0b783f15ba0.svg#icon-check\" \/> <\/svg> <\/button> <button class=\"a-link\" data-action=\"manage\">Gestionar mis opciones<i class=\"a-svg a-svg--icon-edit\"><\/i><\/button> <\/div>\n<\/div>\n<div class=\"o-em-adblock\" data-adblock-content readability=\"7\">\n<div class=\"o-em-adblock__content\" readability=\"34\">\n<p class=\"o-em-adblock__content__text\">Una extensi\u00f3n de tu navegador parece estar bloqueando la carga del reproductor de video. Para poder ver este contenido, debes desactivarla en este sitio.<\/p>\n<p> <button class=\"a-master-button a-master-button--dark\" data-action=\"reload\">Reintentar<\/button> <\/div>\n<\/div>\n<figure class=\"m-item-image m-item-image--16x9 m-item-image--has-caption\"> <picture class=\"a-picture a-picture--16x9\"><source type=\"image\/webp\" srcset=\"https:\/\/s.france24.com\/media\/display\/c504f2d6-4412-11f1-aca5-005056bfb2b6\/w:388\/p:16x9\/ES-20260429-130201-130646-CS.webp 388w, https:\/\/s.france24.com\/media\/display\/c504f2d6-4412-11f1-aca5-005056bfb2b6\/w:720\/p:16x9\/ES-20260429-130201-130646-CS.webp 720w, https:\/\/s.france24.com\/media\/display\/c504f2d6-4412-11f1-aca5-005056bfb2b6\/w:1024\/p:16x9\/ES-20260429-130201-130646-CS.webp 1024w\" sizes=\"(max-width: 639px) calc(100vw - 32px), (max-width: 1076px) calc(100vw - 44px), 850px\"><img fetchpriority=\"low\" decoding=\"async\" src=\"https:\/\/s.france24.com\/media\/display\/c504f2d6-4412-11f1-aca5-005056bfb2b6\/w:1024\/p:16x9\/ES-20260429-130201-130646-CS.jpg\" srcset=\"https:\/\/s.france24.com\/media\/display\/c504f2d6-4412-11f1-aca5-005056bfb2b6\/w:388\/p:16x9\/ES-20260429-130201-130646-CS.jpg 388w, https:\/\/s.france24.com\/media\/display\/c504f2d6-4412-11f1-aca5-005056bfb2b6\/w:720\/p:16x9\/ES-20260429-130201-130646-CS.jpg 720w, https:\/\/s.france24.com\/media\/display\/c504f2d6-4412-11f1-aca5-005056bfb2b6\/w:1024\/p:16x9\/ES-20260429-130201-130646-CS.jpg 1024w\" sizes=\"auto, (max-width: 639px) calc(100vw - 32px), (max-width: 1076px) calc(100vw - 44px), 850px\" width=\"1024\" height=\"576\" alt loading=\"lazy\" class=\"a-img \">\n<\/picture><figcaption class=\"a-figcaption\"> <span>\u00a9 France 24<\/span> <\/figcaption><\/figure>\n<\/p><\/div>\n<\/p><\/div>\n<p>\u00abEste fallo dificulta considerablemente la protecci\u00f3n de los votantes afroamericanos contra la discriminaci\u00f3n racial y permite la diluci\u00f3n de la representaci\u00f3n mediante la manipulaci\u00f3n partidista de los distritos electorales, privando a las comunidades negras y latinas de su valiosa oportunidad de elegir a los candidatos de su preferencia\u00bb, agreg\u00f3.<\/p>\n<p class=\"a-read-more\"><span class=\"a-read-more__label\">Leer tambi\u00e9n<\/span><a href=\"https:\/\/www.france24.com\/es\/minuto-a-minuto\/20260429-corte-suprema-de-eeuu-limita-redistribuci\u00f3n-electoral-destinada-a-favorecer-a-minor\u00edas\" target=\"_self\" class=\"a-read-more__link\">Corte Suprema de EEUU limita redistribuci\u00f3n electoral destinada a favorecer a minor\u00edas<\/a><\/p>\n<p>Con AFP, EFE y Reuters<\/p>\n","protected":false},"excerpt":{"rendered":"<p>Por seis votos contra tres, los de&#46;&#46;&#46;<\/p>\n","protected":false},"author":1,"featured_media":165110,"comment_status":"closed","ping_status":"closed","sticky":false,"template":"","format":"standard","meta":{"_jetpack_memberships_contains_paid_content":false,"footnotes":"","jetpack_publicize_message":"","jetpack_publicize_feature_enabled":true,"jetpack_social_post_already_shared":true,"jetpack_social_options":{"image_generator_settings":{"template":"highway","default_image_id":0,"font":"","enabled":false},"version":2}},"categories":[43],"tags":[],"class_list":["post-165109","post","type-post","status-publish","format-standard","has-post-thumbnail","hentry","category-internacionales"],"yoast_head":"<!-- This site is optimized with the Yoast SEO plugin v27.3 - https:\/\/yoast.com\/product\/yoast-seo-wordpress\/ -->\n<title>EE. UU. reduce protecciones al voto de las minor\u00edas a meses de las elecciones de medio mandato - Sarmiento24h<\/title>\n<meta name=\"robots\" content=\"index, follow, max-snippet:-1, max-image-preview:large, max-video-preview:-1\" \/>\n<link rel=\"canonical\" href=\"https:\/\/sarmiento24h.com\/?p=165109\" \/>\n<meta property=\"og:locale\" content=\"es_ES\" \/>\n<meta property=\"og:type\" content=\"article\" \/>\n<meta property=\"og:title\" content=\"EE. UU. reduce protecciones al voto de las minor\u00edas a meses de las elecciones de medio mandato - Sarmiento24h\" \/>\n<meta property=\"og:description\" content=\"Por seis votos contra tres, los de&#046;&#046;&#046;\" \/>\n<meta property=\"og:url\" content=\"https:\/\/sarmiento24h.com\/?p=165109\" \/>\n<meta property=\"og:site_name\" content=\"Sarmiento24h\" \/>\n<meta property=\"article:publisher\" content=\"https:\/\/facebook.com\/s24hnoticias\" \/>\n<meta property=\"article:published_time\" content=\"2026-04-29T22:28:53+00:00\" \/>\n<meta property=\"og:image\" content=\"https:\/\/s.france24.com\/media\/display\/c504f2d6-4412-11f1-aca5-005056bfb2b6\/w:1024\/p:16x9\/ES-20260429-130201-130646-CS.jpg\" \/>\n<meta name=\"author\" content=\"sarmiento24h@gmail.com\" \/>\n<meta name=\"twitter:card\" content=\"summary_large_image\" \/>\n<meta name=\"twitter:creator\" content=\"@sarmiento24h\" \/>\n<meta name=\"twitter:site\" content=\"@sarmiento24h\" \/>\n<meta name=\"twitter:label1\" content=\"Escrito por\" \/>\n\t<meta name=\"twitter:data1\" content=\"sarmiento24h@gmail.com\" \/>\n\t<meta name=\"twitter:label2\" content=\"Tiempo de lectura\" \/>\n\t<meta name=\"twitter:data2\" content=\"3 minutos\" \/>\n<script type=\"application\/ld+json\" class=\"yoast-schema-graph\">{\"@context\":\"https:\\\/\\\/schema.org\",\"@graph\":[{\"@type\":\"Article\",\"@id\":\"https:\\\/\\\/sarmiento24h.com\\\/?p=165109#article\",\"isPartOf\":{\"@id\":\"https:\\\/\\\/sarmiento24h.com\\\/?p=165109\"},\"author\":{\"name\":\"sarmiento24h@gmail.com\",\"@id\":\"https:\\\/\\\/sarmiento24h.com\\\/#\\\/schema\\\/person\\\/d653a59725ad629a7e0429af7b939d4d\"},\"headline\":\"EE. UU. reduce protecciones al voto de las minor\u00edas a meses de las elecciones de medio mandato\",\"datePublished\":\"2026-04-29T22:28:53+00:00\",\"mainEntityOfPage\":{\"@id\":\"https:\\\/\\\/sarmiento24h.com\\\/?p=165109\"},\"wordCount\":577,\"publisher\":{\"@id\":\"https:\\\/\\\/sarmiento24h.com\\\/#organization\"},\"image\":{\"@id\":\"https:\\\/\\\/sarmiento24h.com\\\/?p=165109#primaryimage\"},\"thumbnailUrl\":\"https:\\\/\\\/sarmiento24h.com\\\/wp-content\\\/uploads\\\/2026\\\/04\\\/ee-uu-reduce-protecciones-al-voto-de-las-minorias-a-meses-de-las-elecciones-de-medio-mandato.jpg\",\"articleSection\":[\"Internacionales\"],\"inLanguage\":\"es\"},{\"@type\":\"WebPage\",\"@id\":\"https:\\\/\\\/sarmiento24h.com\\\/?p=165109\",\"url\":\"https:\\\/\\\/sarmiento24h.com\\\/?p=165109\",\"name\":\"EE. UU. reduce protecciones al voto de las minor\u00edas a meses de las elecciones de medio mandato - Sarmiento24h\",\"isPartOf\":{\"@id\":\"https:\\\/\\\/sarmiento24h.com\\\/#website\"},\"primaryImageOfPage\":{\"@id\":\"https:\\\/\\\/sarmiento24h.com\\\/?p=165109#primaryimage\"},\"image\":{\"@id\":\"https:\\\/\\\/sarmiento24h.com\\\/?p=165109#primaryimage\"},\"thumbnailUrl\":\"https:\\\/\\\/sarmiento24h.com\\\/wp-content\\\/uploads\\\/2026\\\/04\\\/ee-uu-reduce-protecciones-al-voto-de-las-minorias-a-meses-de-las-elecciones-de-medio-mandato.jpg\",\"datePublished\":\"2026-04-29T22:28:53+00:00\",\"breadcrumb\":{\"@id\":\"https:\\\/\\\/sarmiento24h.com\\\/?p=165109#breadcrumb\"},\"inLanguage\":\"es\",\"potentialAction\":[{\"@type\":\"ReadAction\",\"target\":[\"https:\\\/\\\/sarmiento24h.com\\\/?p=165109\"]}]},{\"@type\":\"ImageObject\",\"inLanguage\":\"es\",\"@id\":\"https:\\\/\\\/sarmiento24h.com\\\/?p=165109#primaryimage\",\"url\":\"https:\\\/\\\/sarmiento24h.com\\\/wp-content\\\/uploads\\\/2026\\\/04\\\/ee-uu-reduce-protecciones-al-voto-de-las-minorias-a-meses-de-las-elecciones-de-medio-mandato.jpg\",\"contentUrl\":\"https:\\\/\\\/sarmiento24h.com\\\/wp-content\\\/uploads\\\/2026\\\/04\\\/ee-uu-reduce-protecciones-al-voto-de-las-minorias-a-meses-de-las-elecciones-de-medio-mandato.jpg\",\"width\":1024,\"height\":576},{\"@type\":\"BreadcrumbList\",\"@id\":\"https:\\\/\\\/sarmiento24h.com\\\/?p=165109#breadcrumb\",\"itemListElement\":[{\"@type\":\"ListItem\",\"position\":1,\"name\":\"Home\",\"item\":\"https:\\\/\\\/sarmiento24h.com\\\/\"},{\"@type\":\"ListItem\",\"position\":2,\"name\":\"EE. UU. reduce protecciones al voto de las minor\u00edas a meses de las elecciones de medio mandato\"}]},{\"@type\":\"WebSite\",\"@id\":\"https:\\\/\\\/sarmiento24h.com\\\/#website\",\"url\":\"https:\\\/\\\/sarmiento24h.com\\\/\",\"name\":\"Sarmiento24h\",\"description\":\"\",\"publisher\":{\"@id\":\"https:\\\/\\\/sarmiento24h.com\\\/#organization\"},\"potentialAction\":[{\"@type\":\"SearchAction\",\"target\":{\"@type\":\"EntryPoint\",\"urlTemplate\":\"https:\\\/\\\/sarmiento24h.com\\\/?s={search_term_string}\"},\"query-input\":{\"@type\":\"PropertyValueSpecification\",\"valueRequired\":true,\"valueName\":\"search_term_string\"}}],\"inLanguage\":\"es\"},{\"@type\":\"Organization\",\"@id\":\"https:\\\/\\\/sarmiento24h.com\\\/#organization\",\"name\":\"Sarmiento24h\",\"url\":\"https:\\\/\\\/sarmiento24h.com\\\/\",\"logo\":{\"@type\":\"ImageObject\",\"inLanguage\":\"es\",\"@id\":\"https:\\\/\\\/sarmiento24h.com\\\/#\\\/schema\\\/logo\\\/image\\\/\",\"url\":\"https:\\\/\\\/sarmiento24h.com\\\/wp-content\\\/uploads\\\/2025\\\/12\\\/AddText_12-16-10.30.52.jpg\",\"contentUrl\":\"https:\\\/\\\/sarmiento24h.com\\\/wp-content\\\/uploads\\\/2025\\\/12\\\/AddText_12-16-10.30.52.jpg\",\"width\":1220,\"height\":324,\"caption\":\"Sarmiento24h\"},\"image\":{\"@id\":\"https:\\\/\\\/sarmiento24h.com\\\/#\\\/schema\\\/logo\\\/image\\\/\"},\"sameAs\":[\"https:\\\/\\\/facebook.com\\\/s24hnoticias\",\"https:\\\/\\\/x.com\\\/sarmiento24h\"]},{\"@type\":\"Person\",\"@id\":\"https:\\\/\\\/sarmiento24h.com\\\/#\\\/schema\\\/person\\\/d653a59725ad629a7e0429af7b939d4d\",\"name\":\"sarmiento24h@gmail.com\",\"image\":{\"@type\":\"ImageObject\",\"inLanguage\":\"es\",\"@id\":\"https:\\\/\\\/sarmiento24h.com\\\/wp-content\\\/litespeed\\\/avatar\\\/d02cbc4e23c747e6659cd45907173c8f.jpg?ver=1777157796\",\"url\":\"https:\\\/\\\/sarmiento24h.com\\\/wp-content\\\/litespeed\\\/avatar\\\/d02cbc4e23c747e6659cd45907173c8f.jpg?ver=1777157796\",\"contentUrl\":\"https:\\\/\\\/sarmiento24h.com\\\/wp-content\\\/litespeed\\\/avatar\\\/d02cbc4e23c747e6659cd45907173c8f.jpg?ver=1777157796\",\"caption\":\"sarmiento24h@gmail.com\"},\"sameAs\":[\"https:\\\/\\\/sarmiento24h.com\"],\"url\":\"https:\\\/\\\/sarmiento24h.com\\\/?author=1\"}]}<\/script>\n<!-- \/ Yoast SEO plugin. -->","yoast_head_json":{"title":"EE. UU. reduce protecciones al voto de las minor\u00edas a meses de las elecciones de medio mandato - Sarmiento24h","robots":{"index":"index","follow":"follow","max-snippet":"max-snippet:-1","max-image-preview":"max-image-preview:large","max-video-preview":"max-video-preview:-1"},"canonical":"https:\/\/sarmiento24h.com\/?p=165109","og_locale":"es_ES","og_type":"article","og_title":"EE. UU. reduce protecciones al voto de las minor\u00edas a meses de las elecciones de medio mandato - Sarmiento24h","og_description":"Por seis votos contra tres, los de&#46;&#46;&#46;","og_url":"https:\/\/sarmiento24h.com\/?p=165109","og_site_name":"Sarmiento24h","article_publisher":"https:\/\/facebook.com\/s24hnoticias","article_published_time":"2026-04-29T22:28:53+00:00","og_image":[{"url":"https:\/\/s.france24.com\/media\/display\/c504f2d6-4412-11f1-aca5-005056bfb2b6\/w:1024\/p:16x9\/ES-20260429-130201-130646-CS.jpg","type":"","width":"","height":""}],"author":"sarmiento24h@gmail.com","twitter_card":"summary_large_image","twitter_creator":"@sarmiento24h","twitter_site":"@sarmiento24h","twitter_misc":{"Escrito por":"sarmiento24h@gmail.com","Tiempo de lectura":"3 minutos"},"schema":{"@context":"https:\/\/schema.org","@graph":[{"@type":"Article","@id":"https:\/\/sarmiento24h.com\/?p=165109#article","isPartOf":{"@id":"https:\/\/sarmiento24h.com\/?p=165109"},"author":{"name":"sarmiento24h@gmail.com","@id":"https:\/\/sarmiento24h.com\/#\/schema\/person\/d653a59725ad629a7e0429af7b939d4d"},"headline":"EE. UU. reduce protecciones al voto de las minor\u00edas a meses de las elecciones de medio mandato","datePublished":"2026-04-29T22:28:53+00:00","mainEntityOfPage":{"@id":"https:\/\/sarmiento24h.com\/?p=165109"},"wordCount":577,"publisher":{"@id":"https:\/\/sarmiento24h.com\/#organization"},"image":{"@id":"https:\/\/sarmiento24h.com\/?p=165109#primaryimage"},"thumbnailUrl":"https:\/\/sarmiento24h.com\/wp-content\/uploads\/2026\/04\/ee-uu-reduce-protecciones-al-voto-de-las-minorias-a-meses-de-las-elecciones-de-medio-mandato.jpg","articleSection":["Internacionales"],"inLanguage":"es"},{"@type":"WebPage","@id":"https:\/\/sarmiento24h.com\/?p=165109","url":"https:\/\/sarmiento24h.com\/?p=165109","name":"EE. UU. reduce protecciones al voto de las minor\u00edas a meses de las elecciones de medio mandato - Sarmiento24h","isPartOf":{"@id":"https:\/\/sarmiento24h.com\/#website"},"primaryImageOfPage":{"@id":"https:\/\/sarmiento24h.com\/?p=165109#primaryimage"},"image":{"@id":"https:\/\/sarmiento24h.com\/?p=165109#primaryimage"},"thumbnailUrl":"https:\/\/sarmiento24h.com\/wp-content\/uploads\/2026\/04\/ee-uu-reduce-protecciones-al-voto-de-las-minorias-a-meses-de-las-elecciones-de-medio-mandato.jpg","datePublished":"2026-04-29T22:28:53+00:00","breadcrumb":{"@id":"https:\/\/sarmiento24h.com\/?p=165109#breadcrumb"},"inLanguage":"es","potentialAction":[{"@type":"ReadAction","target":["https:\/\/sarmiento24h.com\/?p=165109"]}]},{"@type":"ImageObject","inLanguage":"es","@id":"https:\/\/sarmiento24h.com\/?p=165109#primaryimage","url":"https:\/\/sarmiento24h.com\/wp-content\/uploads\/2026\/04\/ee-uu-reduce-protecciones-al-voto-de-las-minorias-a-meses-de-las-elecciones-de-medio-mandato.jpg","contentUrl":"https:\/\/sarmiento24h.com\/wp-content\/uploads\/2026\/04\/ee-uu-reduce-protecciones-al-voto-de-las-minorias-a-meses-de-las-elecciones-de-medio-mandato.jpg","width":1024,"height":576},{"@type":"BreadcrumbList","@id":"https:\/\/sarmiento24h.com\/?p=165109#breadcrumb","itemListElement":[{"@type":"ListItem","position":1,"name":"Home","item":"https:\/\/sarmiento24h.com\/"},{"@type":"ListItem","position":2,"name":"EE. UU. reduce protecciones al voto de las minor\u00edas a meses de las elecciones de medio mandato"}]},{"@type":"WebSite","@id":"https:\/\/sarmiento24h.com\/#website","url":"https:\/\/sarmiento24h.com\/","name":"Sarmiento24h","description":"","publisher":{"@id":"https:\/\/sarmiento24h.com\/#organization"},"potentialAction":[{"@type":"SearchAction","target":{"@type":"EntryPoint","urlTemplate":"https:\/\/sarmiento24h.com\/?s={search_term_string}"},"query-input":{"@type":"PropertyValueSpecification","valueRequired":true,"valueName":"search_term_string"}}],"inLanguage":"es"},{"@type":"Organization","@id":"https:\/\/sarmiento24h.com\/#organization","name":"Sarmiento24h","url":"https:\/\/sarmiento24h.com\/","logo":{"@type":"ImageObject","inLanguage":"es","@id":"https:\/\/sarmiento24h.com\/#\/schema\/logo\/image\/","url":"https:\/\/sarmiento24h.com\/wp-content\/uploads\/2025\/12\/AddText_12-16-10.30.52.jpg","contentUrl":"https:\/\/sarmiento24h.com\/wp-content\/uploads\/2025\/12\/AddText_12-16-10.30.52.jpg","width":1220,"height":324,"caption":"Sarmiento24h"},"image":{"@id":"https:\/\/sarmiento24h.com\/#\/schema\/logo\/image\/"},"sameAs":["https:\/\/facebook.com\/s24hnoticias","https:\/\/x.com\/sarmiento24h"]},{"@type":"Person","@id":"https:\/\/sarmiento24h.com\/#\/schema\/person\/d653a59725ad629a7e0429af7b939d4d","name":"sarmiento24h@gmail.com","image":{"@type":"ImageObject","inLanguage":"es","@id":"https:\/\/sarmiento24h.com\/wp-content\/litespeed\/avatar\/d02cbc4e23c747e6659cd45907173c8f.jpg?ver=1777157796","url":"https:\/\/sarmiento24h.com\/wp-content\/litespeed\/avatar\/d02cbc4e23c747e6659cd45907173c8f.jpg?ver=1777157796","contentUrl":"https:\/\/sarmiento24h.com\/wp-content\/litespeed\/avatar\/d02cbc4e23c747e6659cd45907173c8f.jpg?ver=1777157796","caption":"sarmiento24h@gmail.com"},"sameAs":["https:\/\/sarmiento24h.com"],"url":"https:\/\/sarmiento24h.com\/?author=1"}]}},"jetpack_publicize_connections":[],"jetpack_featured_media_url":"https:\/\/sarmiento24h.com\/wp-content\/uploads\/2026\/04\/ee-uu-reduce-protecciones-al-voto-de-las-minorias-a-meses-de-las-elecciones-de-medio-mandato.jpg","jetpack_sharing_enabled":true,"_links":{"self":[{"href":"https:\/\/sarmiento24h.com\/index.php?rest_route=\/wp\/v2\/posts\/165109","targetHints":{"allow":["GET"]}}],"collection":[{"href":"https:\/\/sarmiento24h.com\/index.php?rest_route=\/wp\/v2\/posts"}],"about":[{"href":"https:\/\/sarmiento24h.com\/index.php?rest_route=\/wp\/v2\/types\/post"}],"author":[{"embeddable":true,"href":"https:\/\/sarmiento24h.com\/index.php?rest_route=\/wp\/v2\/users\/1"}],"replies":[{"embeddable":true,"href":"https:\/\/sarmiento24h.com\/index.php?rest_route=%2Fwp%2Fv2%2Fcomments&post=165109"}],"version-history":[{"count":0,"href":"https:\/\/sarmiento24h.com\/index.php?rest_route=\/wp\/v2\/posts\/165109\/revisions"}],"wp:featuredmedia":[{"embeddable":true,"href":"https:\/\/sarmiento24h.com\/index.php?rest_route=\/wp\/v2\/media\/165110"}],"wp:attachment":[{"href":"https:\/\/sarmiento24h.com\/index.php?rest_route=%2Fwp%2Fv2%2Fmedia&parent=165109"}],"wp:term":[{"taxonomy":"category","embeddable":true,"href":"https:\/\/sarmiento24h.com\/index.php?rest_route=%2Fwp%2Fv2%2Fcategories&post=165109"},{"taxonomy":"post_tag","embeddable":true,"href":"https:\/\/sarmiento24h.com\/index.php?rest_route=%2Fwp%2Fv2%2Ftags&post=165109"}],"curies":[{"name":"wp","href":"https:\/\/api.w.org\/{rel}","templated":true}]}}