{"id":165267,"date":"2026-04-29T23:37:58","date_gmt":"2026-04-29T23:37:58","guid":{"rendered":"https:\/\/noticiassin.com\/?p=1989048"},"modified":"2026-04-29T23:37:58","modified_gmt":"2026-04-29T23:37:58","slug":"medio-ambiente-aclara-valle-nuevo-no-ha-sido-privatizado-y-el-acceso-al-parque-se-mantiene-abierto-al-publico","status":"publish","type":"post","link":"https:\/\/sarmiento24h.com\/?p=165267","title":{"rendered":"Medio Ambiente aclara: Valle Nuevo no ha sido privatizado y el acceso al parque se mantiene abierto al p\u00fablico"},"content":{"rendered":"<div><img decoding=\"async\" src=\"https:\/\/multimedia.noticiassin.com\/wp-content\/uploads\/2026\/04\/borrador-automatico-20260429-232303-v2qB-1200x675.jpg\" class=\"ff-og-image-inserted\"><\/div>\n<p><strong>SANTO DOMINGO<\/strong>. \u2013 El <strong>Ministerio de Medio Ambiente y Recursos Naturales<\/strong> aclar\u00f3 que el <strong>Parque Nacional Valle Nuevo<\/strong> no ha sido privatizado y que la ciudadan\u00eda puede visitar el \u00e1rea protegida para disfrutar su uso p\u00fablico, pagando 150 pesos por la entrada general, como ha sido la manera habitual.<\/p>\n<p>En cuanto al acceso, la entidad ambiental reiter\u00f3 que los visitantes pueden ingresar, recorrer y disfrutar del parque, como se ha hecho tradicionalmente. El pago por servicios de acampada aplica \u00fanicamente para quienes utilizan <strong>Jard\u00edn del Ed\u00e9n<\/strong>, la nueva zona habilitada para esos fines.<\/p>\n<p>Asimismo, explic\u00f3 que el modelo implementado en esta nueva zona forma parte de una <strong>estrategia <\/strong>orientada a organizar la acampada dentro del parque, una actividad que hist\u00f3ricamente se realizaba sin regulaci\u00f3n, generando impactos negativos sobre el ecosistema.<\/p>\n<p>El desarrollo de una zona de acampar controlada es una iniciativa concebida y ejecutada por el propio <strong>Ministerio<\/strong> como parte de sus acciones estrat\u00e9gicas para fortalecer el uso p\u00fablico organizado dentro del <strong>Sistema Nacional de \u00c1reas Protegidas<\/strong> (<strong>SINAP<\/strong>) y garantizar su protecci\u00f3n, bajo el mandato de la Ley Sectorial de \u00c1reas Protegidas (n\u00fam. 202-04).<\/p>\n<h2 class=\"wp-block-heading\">Modelo de gesti\u00f3n<\/h2>\n<p>El proyecto inici\u00f3 en 2021, a partir de un proceso de evaluaci\u00f3n t\u00e9cnica orientado a habilitar espacios adecuados para actividades recreativas en contacto con la naturaleza, bajo criterios de <strong>sostenibilidad<\/strong>, infraestructuras de bajo impacto, educaci\u00f3n ambiental y mecanismos de control dirigidos tanto a la conservaci\u00f3n de los recursos naturales como a la seguridad de los visitantes.<\/p>\n<p>Para la operaci\u00f3n de estos servicios, se implement\u00f3 un modelo de concesi\u00f3n ecotur\u00edstica. Este esquema consiste en la autorizaci\u00f3n que otorga el <strong>Estado<\/strong> a un operador para brindar servicios dentro de un espacio delimitado, bajo condiciones estrictas y sin transferencia de propiedad.<\/p>\n<p>El <strong>Ministerio<\/strong> precis\u00f3 que el \u00e1rea contin\u00faa siendo p\u00fablica, que est\u00e1 bajo control y supervisi\u00f3n institucional, y que cualquier intervenci\u00f3n que se pretenda realizar est\u00e1 sujeta a su autorizaci\u00f3n previa y al cumplimiento de las normas ambientales, t\u00e9cnicas y legales vigentes.<\/p>\n<p>Agreg\u00f3 que el modelo de gesti\u00f3n aplicado en <strong>Jard\u00edn del Ed\u00e9n<\/strong> abarca exclusivamente una zona de uso p\u00fablico previamente definida dentro del \u00e1rea protegida, sin afectar \u00e1reas n\u00facleo ni espacios de alta sensibilidad ecol\u00f3gica.<\/p>\n<h3 class=\"wp-block-heading\">Concesi\u00f3n ecotur\u00edstica<\/h3>\n<p>Este tipo de modelo es utilizado en otras <strong>\u00e1reas protegidas <\/strong>del pa\u00eds como parte de los mecanismos para organizar servicios dentro de zonas de uso p\u00fablico.<\/p>\n<ul class=\"wp-block-list\">\n<li> En la actualidad, el <strong>SINAP<\/strong> cuenta con unas 35 concesiones ecotur\u00edsticas, dentro de las cuales se encuentran el <strong>Parque Nacional Cotubanam\u00e1<\/strong> (isla <strong>Saona<\/strong>), as\u00ed como los monumentos naturales <strong>Isla Catalina<\/strong>, <strong>Dunas de Las Calderas<\/strong> y <strong>Saltos de la Damajagua<\/strong>, entre otras.<\/li>\n<\/ul>\n<p>Este esquema sustituye un uso desorganizado por un sistema regulado que permite establecer controles, reducir impactos ambientales y mejorar las condiciones en que se desarrolla la actividad. Con esta medida, el <strong>Ministerio de Medio Ambiente y Recursos Naturales<\/strong> ordena el uso p\u00fablico dentro del \u00e1rea protegida, fortalece su protecci\u00f3n y garantiza su uso responsable para las presentes y futuras generaciones.<\/p>\n","protected":false},"excerpt":{"rendered":"<p>SANTO DOMINGO. \u2013 El Ministerio de Medio&#46;&#46;&#46;<\/p>\n","protected":false},"author":1,"featured_media":165268,"comment_status":"closed","ping_status":"closed","sticky":false,"template":"","format":"standard","meta":{"_jetpack_memberships_contains_paid_content":false,"footnotes":"","jetpack_publicize_message":"","jetpack_publicize_feature_enabled":true,"jetpack_social_post_already_shared":true,"jetpack_social_options":{"image_generator_settings":{"template":"highway","default_image_id":0,"font":"","enabled":false},"version":2}},"categories":[42,62],"tags":[],"class_list":["post-165267","post","type-post","status-publish","format-standard","has-post-thumbnail","hentry","category-nacionales","category-turismo"],"yoast_head":"<!-- This site is optimized with the Yoast SEO plugin v27.3 - https:\/\/yoast.com\/product\/yoast-seo-wordpress\/ -->\n<title>Medio Ambiente aclara: Valle Nuevo no ha sido privatizado y el acceso al parque se mantiene abierto al p\u00fablico - Sarmiento24h<\/title>\n<meta name=\"robots\" content=\"index, follow, max-snippet:-1, max-image-preview:large, max-video-preview:-1\" \/>\n<link rel=\"canonical\" href=\"https:\/\/sarmiento24h.com\/?p=165267\" \/>\n<meta property=\"og:locale\" content=\"es_ES\" \/>\n<meta property=\"og:type\" content=\"article\" \/>\n<meta property=\"og:title\" content=\"Medio Ambiente aclara: Valle Nuevo no ha sido privatizado y el acceso al parque se mantiene abierto al p\u00fablico - Sarmiento24h\" \/>\n<meta property=\"og:description\" content=\"SANTO DOMINGO. \u2013 El Ministerio de Medio&#046;&#046;&#046;\" \/>\n<meta property=\"og:url\" content=\"https:\/\/sarmiento24h.com\/?p=165267\" \/>\n<meta property=\"og:site_name\" content=\"Sarmiento24h\" \/>\n<meta property=\"article:publisher\" content=\"https:\/\/facebook.com\/s24hnoticias\" \/>\n<meta property=\"article:published_time\" content=\"2026-04-29T23:37:58+00:00\" \/>\n<meta property=\"og:image\" content=\"https:\/\/multimedia.noticiassin.com\/wp-content\/uploads\/2026\/04\/borrador-automatico-20260429-232303-v2qB-1200x675.jpg\" \/>\n<meta name=\"author\" content=\"sarmiento24h@gmail.com\" \/>\n<meta name=\"twitter:card\" content=\"summary_large_image\" \/>\n<meta name=\"twitter:creator\" content=\"@sarmiento24h\" \/>\n<meta name=\"twitter:site\" content=\"@sarmiento24h\" \/>\n<meta name=\"twitter:label1\" content=\"Escrito por\" \/>\n\t<meta name=\"twitter:data1\" content=\"sarmiento24h@gmail.com\" \/>\n\t<meta name=\"twitter:label2\" content=\"Tiempo de lectura\" \/>\n\t<meta name=\"twitter:data2\" content=\"3 minutos\" \/>\n<script type=\"application\/ld+json\" class=\"yoast-schema-graph\">{\"@context\":\"https:\\\/\\\/schema.org\",\"@graph\":[{\"@type\":\"Article\",\"@id\":\"https:\\\/\\\/sarmiento24h.com\\\/?p=165267#article\",\"isPartOf\":{\"@id\":\"https:\\\/\\\/sarmiento24h.com\\\/?p=165267\"},\"author\":{\"name\":\"sarmiento24h@gmail.com\",\"@id\":\"https:\\\/\\\/sarmiento24h.com\\\/#\\\/schema\\\/person\\\/d653a59725ad629a7e0429af7b939d4d\"},\"headline\":\"Medio Ambiente aclara: Valle Nuevo no ha sido privatizado y el acceso al parque se mantiene abierto al p\u00fablico\",\"datePublished\":\"2026-04-29T23:37:58+00:00\",\"mainEntityOfPage\":{\"@id\":\"https:\\\/\\\/sarmiento24h.com\\\/?p=165267\"},\"wordCount\":543,\"publisher\":{\"@id\":\"https:\\\/\\\/sarmiento24h.com\\\/#organization\"},\"image\":{\"@id\":\"https:\\\/\\\/sarmiento24h.com\\\/?p=165267#primaryimage\"},\"thumbnailUrl\":\"https:\\\/\\\/sarmiento24h.com\\\/wp-content\\\/uploads\\\/2026\\\/04\\\/medio-ambiente-aclara-valle-nuevo-no-ha-sido-privatizado-y-el-acceso-al-parque-se-mantiene-abierto-al-publico.jpg\",\"articleSection\":[\"Nacionales\",\"Turismo\"],\"inLanguage\":\"es\"},{\"@type\":\"WebPage\",\"@id\":\"https:\\\/\\\/sarmiento24h.com\\\/?p=165267\",\"url\":\"https:\\\/\\\/sarmiento24h.com\\\/?p=165267\",\"name\":\"Medio Ambiente aclara: Valle Nuevo no ha sido privatizado y el acceso al parque se mantiene abierto al p\u00fablico - Sarmiento24h\",\"isPartOf\":{\"@id\":\"https:\\\/\\\/sarmiento24h.com\\\/#website\"},\"primaryImageOfPage\":{\"@id\":\"https:\\\/\\\/sarmiento24h.com\\\/?p=165267#primaryimage\"},\"image\":{\"@id\":\"https:\\\/\\\/sarmiento24h.com\\\/?p=165267#primaryimage\"},\"thumbnailUrl\":\"https:\\\/\\\/sarmiento24h.com\\\/wp-content\\\/uploads\\\/2026\\\/04\\\/medio-ambiente-aclara-valle-nuevo-no-ha-sido-privatizado-y-el-acceso-al-parque-se-mantiene-abierto-al-publico.jpg\",\"datePublished\":\"2026-04-29T23:37:58+00:00\",\"breadcrumb\":{\"@id\":\"https:\\\/\\\/sarmiento24h.com\\\/?p=165267#breadcrumb\"},\"inLanguage\":\"es\",\"potentialAction\":[{\"@type\":\"ReadAction\",\"target\":[\"https:\\\/\\\/sarmiento24h.com\\\/?p=165267\"]}]},{\"@type\":\"ImageObject\",\"inLanguage\":\"es\",\"@id\":\"https:\\\/\\\/sarmiento24h.com\\\/?p=165267#primaryimage\",\"url\":\"https:\\\/\\\/sarmiento24h.com\\\/wp-content\\\/uploads\\\/2026\\\/04\\\/medio-ambiente-aclara-valle-nuevo-no-ha-sido-privatizado-y-el-acceso-al-parque-se-mantiene-abierto-al-publico.jpg\",\"contentUrl\":\"https:\\\/\\\/sarmiento24h.com\\\/wp-content\\\/uploads\\\/2026\\\/04\\\/medio-ambiente-aclara-valle-nuevo-no-ha-sido-privatizado-y-el-acceso-al-parque-se-mantiene-abierto-al-publico.jpg\",\"width\":1200,\"height\":675},{\"@type\":\"BreadcrumbList\",\"@id\":\"https:\\\/\\\/sarmiento24h.com\\\/?p=165267#breadcrumb\",\"itemListElement\":[{\"@type\":\"ListItem\",\"position\":1,\"name\":\"Home\",\"item\":\"https:\\\/\\\/sarmiento24h.com\\\/\"},{\"@type\":\"ListItem\",\"position\":2,\"name\":\"Medio Ambiente aclara: Valle Nuevo no ha sido privatizado y el acceso al parque se mantiene abierto al p\u00fablico\"}]},{\"@type\":\"WebSite\",\"@id\":\"https:\\\/\\\/sarmiento24h.com\\\/#website\",\"url\":\"https:\\\/\\\/sarmiento24h.com\\\/\",\"name\":\"Sarmiento24h\",\"description\":\"\",\"publisher\":{\"@id\":\"https:\\\/\\\/sarmiento24h.com\\\/#organization\"},\"potentialAction\":[{\"@type\":\"SearchAction\",\"target\":{\"@type\":\"EntryPoint\",\"urlTemplate\":\"https:\\\/\\\/sarmiento24h.com\\\/?s={search_term_string}\"},\"query-input\":{\"@type\":\"PropertyValueSpecification\",\"valueRequired\":true,\"valueName\":\"search_term_string\"}}],\"inLanguage\":\"es\"},{\"@type\":\"Organization\",\"@id\":\"https:\\\/\\\/sarmiento24h.com\\\/#organization\",\"name\":\"Sarmiento24h\",\"url\":\"https:\\\/\\\/sarmiento24h.com\\\/\",\"logo\":{\"@type\":\"ImageObject\",\"inLanguage\":\"es\",\"@id\":\"https:\\\/\\\/sarmiento24h.com\\\/#\\\/schema\\\/logo\\\/image\\\/\",\"url\":\"https:\\\/\\\/sarmiento24h.com\\\/wp-content\\\/uploads\\\/2025\\\/12\\\/AddText_12-16-10.30.52.jpg\",\"contentUrl\":\"https:\\\/\\\/sarmiento24h.com\\\/wp-content\\\/uploads\\\/2025\\\/12\\\/AddText_12-16-10.30.52.jpg\",\"width\":1220,\"height\":324,\"caption\":\"Sarmiento24h\"},\"image\":{\"@id\":\"https:\\\/\\\/sarmiento24h.com\\\/#\\\/schema\\\/logo\\\/image\\\/\"},\"sameAs\":[\"https:\\\/\\\/facebook.com\\\/s24hnoticias\",\"https:\\\/\\\/x.com\\\/sarmiento24h\"]},{\"@type\":\"Person\",\"@id\":\"https:\\\/\\\/sarmiento24h.com\\\/#\\\/schema\\\/person\\\/d653a59725ad629a7e0429af7b939d4d\",\"name\":\"sarmiento24h@gmail.com\",\"image\":{\"@type\":\"ImageObject\",\"inLanguage\":\"es\",\"@id\":\"https:\\\/\\\/sarmiento24h.com\\\/wp-content\\\/litespeed\\\/avatar\\\/d02cbc4e23c747e6659cd45907173c8f.jpg?ver=1777157796\",\"url\":\"https:\\\/\\\/sarmiento24h.com\\\/wp-content\\\/litespeed\\\/avatar\\\/d02cbc4e23c747e6659cd45907173c8f.jpg?ver=1777157796\",\"contentUrl\":\"https:\\\/\\\/sarmiento24h.com\\\/wp-content\\\/litespeed\\\/avatar\\\/d02cbc4e23c747e6659cd45907173c8f.jpg?ver=1777157796\",\"caption\":\"sarmiento24h@gmail.com\"},\"sameAs\":[\"https:\\\/\\\/sarmiento24h.com\"],\"url\":\"https:\\\/\\\/sarmiento24h.com\\\/?author=1\"}]}<\/script>\n<!-- \/ Yoast SEO plugin. -->","yoast_head_json":{"title":"Medio Ambiente aclara: Valle Nuevo no ha sido privatizado y el acceso al parque se mantiene abierto al p\u00fablico - Sarmiento24h","robots":{"index":"index","follow":"follow","max-snippet":"max-snippet:-1","max-image-preview":"max-image-preview:large","max-video-preview":"max-video-preview:-1"},"canonical":"https:\/\/sarmiento24h.com\/?p=165267","og_locale":"es_ES","og_type":"article","og_title":"Medio Ambiente aclara: Valle Nuevo no ha sido privatizado y el acceso al parque se mantiene abierto al p\u00fablico - Sarmiento24h","og_description":"SANTO DOMINGO. \u2013 El Ministerio de Medio&#46;&#46;&#46;","og_url":"https:\/\/sarmiento24h.com\/?p=165267","og_site_name":"Sarmiento24h","article_publisher":"https:\/\/facebook.com\/s24hnoticias","article_published_time":"2026-04-29T23:37:58+00:00","og_image":[{"url":"https:\/\/multimedia.noticiassin.com\/wp-content\/uploads\/2026\/04\/borrador-automatico-20260429-232303-v2qB-1200x675.jpg","type":"","width":"","height":""}],"author":"sarmiento24h@gmail.com","twitter_card":"summary_large_image","twitter_creator":"@sarmiento24h","twitter_site":"@sarmiento24h","twitter_misc":{"Escrito por":"sarmiento24h@gmail.com","Tiempo de lectura":"3 minutos"},"schema":{"@context":"https:\/\/schema.org","@graph":[{"@type":"Article","@id":"https:\/\/sarmiento24h.com\/?p=165267#article","isPartOf":{"@id":"https:\/\/sarmiento24h.com\/?p=165267"},"author":{"name":"sarmiento24h@gmail.com","@id":"https:\/\/sarmiento24h.com\/#\/schema\/person\/d653a59725ad629a7e0429af7b939d4d"},"headline":"Medio Ambiente aclara: Valle Nuevo no ha sido privatizado y el acceso al parque se mantiene abierto al p\u00fablico","datePublished":"2026-04-29T23:37:58+00:00","mainEntityOfPage":{"@id":"https:\/\/sarmiento24h.com\/?p=165267"},"wordCount":543,"publisher":{"@id":"https:\/\/sarmiento24h.com\/#organization"},"image":{"@id":"https:\/\/sarmiento24h.com\/?p=165267#primaryimage"},"thumbnailUrl":"https:\/\/sarmiento24h.com\/wp-content\/uploads\/2026\/04\/medio-ambiente-aclara-valle-nuevo-no-ha-sido-privatizado-y-el-acceso-al-parque-se-mantiene-abierto-al-publico.jpg","articleSection":["Nacionales","Turismo"],"inLanguage":"es"},{"@type":"WebPage","@id":"https:\/\/sarmiento24h.com\/?p=165267","url":"https:\/\/sarmiento24h.com\/?p=165267","name":"Medio Ambiente aclara: Valle Nuevo no ha sido privatizado y el acceso al parque se mantiene abierto al p\u00fablico - Sarmiento24h","isPartOf":{"@id":"https:\/\/sarmiento24h.com\/#website"},"primaryImageOfPage":{"@id":"https:\/\/sarmiento24h.com\/?p=165267#primaryimage"},"image":{"@id":"https:\/\/sarmiento24h.com\/?p=165267#primaryimage"},"thumbnailUrl":"https:\/\/sarmiento24h.com\/wp-content\/uploads\/2026\/04\/medio-ambiente-aclara-valle-nuevo-no-ha-sido-privatizado-y-el-acceso-al-parque-se-mantiene-abierto-al-publico.jpg","datePublished":"2026-04-29T23:37:58+00:00","breadcrumb":{"@id":"https:\/\/sarmiento24h.com\/?p=165267#breadcrumb"},"inLanguage":"es","potentialAction":[{"@type":"ReadAction","target":["https:\/\/sarmiento24h.com\/?p=165267"]}]},{"@type":"ImageObject","inLanguage":"es","@id":"https:\/\/sarmiento24h.com\/?p=165267#primaryimage","url":"https:\/\/sarmiento24h.com\/wp-content\/uploads\/2026\/04\/medio-ambiente-aclara-valle-nuevo-no-ha-sido-privatizado-y-el-acceso-al-parque-se-mantiene-abierto-al-publico.jpg","contentUrl":"https:\/\/sarmiento24h.com\/wp-content\/uploads\/2026\/04\/medio-ambiente-aclara-valle-nuevo-no-ha-sido-privatizado-y-el-acceso-al-parque-se-mantiene-abierto-al-publico.jpg","width":1200,"height":675},{"@type":"BreadcrumbList","@id":"https:\/\/sarmiento24h.com\/?p=165267#breadcrumb","itemListElement":[{"@type":"ListItem","position":1,"name":"Home","item":"https:\/\/sarmiento24h.com\/"},{"@type":"ListItem","position":2,"name":"Medio Ambiente aclara: Valle Nuevo no ha sido privatizado y el acceso al parque se mantiene abierto al p\u00fablico"}]},{"@type":"WebSite","@id":"https:\/\/sarmiento24h.com\/#website","url":"https:\/\/sarmiento24h.com\/","name":"Sarmiento24h","description":"","publisher":{"@id":"https:\/\/sarmiento24h.com\/#organization"},"potentialAction":[{"@type":"SearchAction","target":{"@type":"EntryPoint","urlTemplate":"https:\/\/sarmiento24h.com\/?s={search_term_string}"},"query-input":{"@type":"PropertyValueSpecification","valueRequired":true,"valueName":"search_term_string"}}],"inLanguage":"es"},{"@type":"Organization","@id":"https:\/\/sarmiento24h.com\/#organization","name":"Sarmiento24h","url":"https:\/\/sarmiento24h.com\/","logo":{"@type":"ImageObject","inLanguage":"es","@id":"https:\/\/sarmiento24h.com\/#\/schema\/logo\/image\/","url":"https:\/\/sarmiento24h.com\/wp-content\/uploads\/2025\/12\/AddText_12-16-10.30.52.jpg","contentUrl":"https:\/\/sarmiento24h.com\/wp-content\/uploads\/2025\/12\/AddText_12-16-10.30.52.jpg","width":1220,"height":324,"caption":"Sarmiento24h"},"image":{"@id":"https:\/\/sarmiento24h.com\/#\/schema\/logo\/image\/"},"sameAs":["https:\/\/facebook.com\/s24hnoticias","https:\/\/x.com\/sarmiento24h"]},{"@type":"Person","@id":"https:\/\/sarmiento24h.com\/#\/schema\/person\/d653a59725ad629a7e0429af7b939d4d","name":"sarmiento24h@gmail.com","image":{"@type":"ImageObject","inLanguage":"es","@id":"https:\/\/sarmiento24h.com\/wp-content\/litespeed\/avatar\/d02cbc4e23c747e6659cd45907173c8f.jpg?ver=1777157796","url":"https:\/\/sarmiento24h.com\/wp-content\/litespeed\/avatar\/d02cbc4e23c747e6659cd45907173c8f.jpg?ver=1777157796","contentUrl":"https:\/\/sarmiento24h.com\/wp-content\/litespeed\/avatar\/d02cbc4e23c747e6659cd45907173c8f.jpg?ver=1777157796","caption":"sarmiento24h@gmail.com"},"sameAs":["https:\/\/sarmiento24h.com"],"url":"https:\/\/sarmiento24h.com\/?author=1"}]}},"jetpack_publicize_connections":[],"jetpack_featured_media_url":"https:\/\/sarmiento24h.com\/wp-content\/uploads\/2026\/04\/medio-ambiente-aclara-valle-nuevo-no-ha-sido-privatizado-y-el-acceso-al-parque-se-mantiene-abierto-al-publico.jpg","jetpack_sharing_enabled":true,"_links":{"self":[{"href":"https:\/\/sarmiento24h.com\/index.php?rest_route=\/wp\/v2\/posts\/165267","targetHints":{"allow":["GET"]}}],"collection":[{"href":"https:\/\/sarmiento24h.com\/index.php?rest_route=\/wp\/v2\/posts"}],"about":[{"href":"https:\/\/sarmiento24h.com\/index.php?rest_route=\/wp\/v2\/types\/post"}],"author":[{"embeddable":true,"href":"https:\/\/sarmiento24h.com\/index.php?rest_route=\/wp\/v2\/users\/1"}],"replies":[{"embeddable":true,"href":"https:\/\/sarmiento24h.com\/index.php?rest_route=%2Fwp%2Fv2%2Fcomments&post=165267"}],"version-history":[{"count":0,"href":"https:\/\/sarmiento24h.com\/index.php?rest_route=\/wp\/v2\/posts\/165267\/revisions"}],"wp:featuredmedia":[{"embeddable":true,"href":"https:\/\/sarmiento24h.com\/index.php?rest_route=\/wp\/v2\/media\/165268"}],"wp:attachment":[{"href":"https:\/\/sarmiento24h.com\/index.php?rest_route=%2Fwp%2Fv2%2Fmedia&parent=165267"}],"wp:term":[{"taxonomy":"category","embeddable":true,"href":"https:\/\/sarmiento24h.com\/index.php?rest_route=%2Fwp%2Fv2%2Fcategories&post=165267"},{"taxonomy":"post_tag","embeddable":true,"href":"https:\/\/sarmiento24h.com\/index.php?rest_route=%2Fwp%2Fv2%2Ftags&post=165267"}],"curies":[{"name":"wp","href":"https:\/\/api.w.org\/{rel}","templated":true}]}}