{"id":165354,"date":"2026-04-30T00:47:22","date_gmt":"2026-04-30T00:47:22","guid":{"rendered":"http:\/\/a3768588-4419-11f1-af8e-239c13dd79d3"},"modified":"2026-04-30T00:47:22","modified_gmt":"2026-04-30T00:47:22","slug":"ecuador-oficializa-un-nuevo-toque-de-queda-nocturno-en-nueve-provincias","status":"publish","type":"post","link":"https:\/\/sarmiento24h.com\/?p=165354","title":{"rendered":"Ecuador oficializa un nuevo toque de queda nocturno en nueve provincias"},"content":{"rendered":"<p>En el marco de un estado de excepci\u00f3n que, en al menos una localidad de <a href=\"https:\/\/www.france24.com\/es\/tag\/ecuador\/\" target=\"_self\" class=\"gtm-add-suggested-tag\">Ecuador<\/a>,&nbsp;ha regido durante m\u00e1s del 70% del tiempo de su gesti\u00f3n, el Gobierno de <a href=\"https:\/\/www.france24.com\/es\/tag\/daniel-noboa\/\" target=\"_self\" class=\"gtm-add-suggested-tag\">Daniel Noboa<\/a> formaliz\u00f3 la implementaci\u00f3n de un toque de queda nocturno en nueve provincias y cuatro municipios del pa\u00eds.<\/p>\n<p>La medida, que hab\u00eda sido anunciada el pasado 20 de abril, qued\u00f3 oficializada en el decreto 370, que establece que la circulaci\u00f3n ser\u00e1 restringida entre el 3 y el 18 de mayo, en la franja horaria de 23:00 a 05:00.<\/p>\n<p>La prohibici\u00f3n incluye a la capital y abarca las provincias de Pichincha, Guayas, Manab\u00ed, Santa Elena, Los R\u00edos, El Oro, Santo Domingo de los Ts\u00e1chilas, Esmeraldas y Sucumb\u00edos, estas dos \u00faltimas situadas en la frontera con <a href=\"https:\/\/www.france24.com\/es\/tag\/colombia\/\" target=\"_self\" class=\"gtm-add-suggested-tag\">Colombia<\/a>.<\/p>\n<p>Adicionalmente, se aplicar\u00e1 en los municipios de La Man\u00e1 (Cotopaxi),&nbsp;Las Naves (Bol\u00edvar), Echeand\u00eda (Bol\u00edvar) y La Troncal (Ca\u00f1ar).<\/p>\n<div class=\"m-em-image\">\n<figure class=\"m-item-image m-item-image--original m-item-image--has-caption\"> <picture class=\"a-picture a-picture--original\"><source type=\"image\/webp\" srcset=\"https:\/\/s.france24.com\/media\/display\/1cfd71ee-441c-11f1-9ddd-005056a97e36\/w:246\/FOTO-ECUADOR-CALLE-VACIA-TOQUE-QUEDA.webp 246w, https:\/\/s.france24.com\/media\/display\/1cfd71ee-441c-11f1-9ddd-005056a97e36\/w:388\/FOTO-ECUADOR-CALLE-VACIA-TOQUE-QUEDA.webp 388w, https:\/\/s.france24.com\/media\/display\/1cfd71ee-441c-11f1-9ddd-005056a97e36\/w:720\/FOTO-ECUADOR-CALLE-VACIA-TOQUE-QUEDA.webp 720w, https:\/\/s.france24.com\/media\/display\/1cfd71ee-441c-11f1-9ddd-005056a97e36\/w:980\/FOTO-ECUADOR-CALLE-VACIA-TOQUE-QUEDA.webp 980w\" sizes=\"(max-width: 1023px) calc(100vw - 32px), (min-width: 1024px) 850px\"><img fetchpriority=\"low\" decoding=\"async\" src=\"https:\/\/s.france24.com\/media\/display\/1cfd71ee-441c-11f1-9ddd-005056a97e36\/w:980\/FOTO-ECUADOR-CALLE-VACIA-TOQUE-QUEDA.jpg\" srcset=\"https:\/\/s.france24.com\/media\/display\/1cfd71ee-441c-11f1-9ddd-005056a97e36\/w:246\/FOTO-ECUADOR-CALLE-VACIA-TOQUE-QUEDA.jpg 246w, https:\/\/s.france24.com\/media\/display\/1cfd71ee-441c-11f1-9ddd-005056a97e36\/w:388\/FOTO-ECUADOR-CALLE-VACIA-TOQUE-QUEDA.jpg 388w, https:\/\/s.france24.com\/media\/display\/1cfd71ee-441c-11f1-9ddd-005056a97e36\/w:720\/FOTO-ECUADOR-CALLE-VACIA-TOQUE-QUEDA.jpg 720w, https:\/\/s.france24.com\/media\/display\/1cfd71ee-441c-11f1-9ddd-005056a97e36\/w:980\/FOTO-ECUADOR-CALLE-VACIA-TOQUE-QUEDA.jpg 980w\" sizes=\"(max-width: 1023px) calc(100vw - 32px), (min-width: 1024px) 850px\" alt=\"Locales cerrados durante el toque de queda en Guayaquil, Ecuador, el 15 de marzo de 2026.\" loading=\"lazy\" class=\"a-img \">\n<\/picture><figcaption class=\"a-figcaption\"> <span>Locales cerrados durante el toque de queda en Guayaquil, Ecuador, el 15 de marzo de 2026.<\/span> <span>\u00a9 Jonathan Miranda Vanegas \/ EFE<\/span> <\/figcaption><\/figure>\n<\/p><\/div>\n<p>Como resultado, en el segmento horario mencionado, la libertad de tr\u00e1nsito se suma a otros dos derechos fundamentales que est\u00e1n suspendidos bajo el estado de excepci\u00f3n decretado a inicios de abril: la inviolabilidad de domicilio y de correspondencia.<\/p>\n<p>Los \u00fanicos exentos de la restricci\u00f3n son los servicios de salud, la fuerza p\u00fablica y los cuerpos de gesti\u00f3n de riesgos, emergencias y desastres. Asimismo, el decreto dispone la coordinaci\u00f3n de acciones que garanticen la continuidad de los servicios p\u00fablicos, la administraci\u00f3n de justicia y el funcionamiento de sectores estrat\u00e9gicos.<\/p>\n<h2><strong>Los motivos del toque de queda<\/strong><\/h2>\n<p>Cuando anunci\u00f3 la medida el pasado 20 de abril, el presidente Daniel Noboa afirm\u00f3 que el objetivo es&nbsp;\u00abprofundizar las acciones operativas y continuar asestando golpes contundentes a las estructuras delictivas\u00bb.<\/p>\n<p>En el decreto, el Gobierno sostiene que, seg\u00fan los informes de inteligencia, \u00abse evidencia la configuraci\u00f3n de un patr\u00f3n concentrado de <a href=\"https:\/\/www.france24.com\/es\/tag\/violencia\/\" target=\"_self\" class=\"gtm-add-suggested-tag\">violencia<\/a>\u00bb entre las 23:00 y las 05:00 \u00aben las jurisdicciones en las que actualmente rige el estado de excepci\u00f3n\u00bb.<\/p>\n<p>En cifras brindadas por la <a href=\"https:\/\/www.france24.com\/es\/tag\/polic\u00eda\/\" target=\"_self\" class=\"gtm-add-suggested-tag\">Polic\u00eda<\/a>, que tambi\u00e9n recoge el texto, entre el 1 y el 20 de abril, en esa franja horaria, \u00abse registraron un total de 76 homicidios intencionales\u00bb, siendo la provincia de Guayas la m\u00e1s afectada, con 40.<\/p>\n<div class=\"m-em-image\">\n<figure class=\"m-item-image m-item-image--original m-item-image--has-caption\"> <picture class=\"a-picture a-picture--original\"><source type=\"image\/webp\" srcset=\"https:\/\/s.france24.com\/media\/display\/772ffc36-441c-11f1-bc65-005056bf30b7\/w:246\/FOTO-ECUADOR-TOQUE-QUEDA-GUAYAQUIL.webp 246w, https:\/\/s.france24.com\/media\/display\/772ffc36-441c-11f1-bc65-005056bf30b7\/w:388\/FOTO-ECUADOR-TOQUE-QUEDA-GUAYAQUIL.webp 388w, https:\/\/s.france24.com\/media\/display\/772ffc36-441c-11f1-bc65-005056bf30b7\/w:720\/FOTO-ECUADOR-TOQUE-QUEDA-GUAYAQUIL.webp 720w, https:\/\/s.france24.com\/media\/display\/772ffc36-441c-11f1-bc65-005056bf30b7\/w:980\/FOTO-ECUADOR-TOQUE-QUEDA-GUAYAQUIL.webp 980w\" sizes=\"(max-width: 1023px) calc(100vw - 32px), (min-width: 1024px) 850px\"><img fetchpriority=\"low\" decoding=\"async\" src=\"https:\/\/s.france24.com\/media\/display\/772ffc36-441c-11f1-bc65-005056bf30b7\/w:980\/FOTO-ECUADOR-TOQUE-QUEDA-GUAYAQUIL.jpg\" srcset=\"https:\/\/s.france24.com\/media\/display\/772ffc36-441c-11f1-bc65-005056bf30b7\/w:246\/FOTO-ECUADOR-TOQUE-QUEDA-GUAYAQUIL.jpg 246w, https:\/\/s.france24.com\/media\/display\/772ffc36-441c-11f1-bc65-005056bf30b7\/w:388\/FOTO-ECUADOR-TOQUE-QUEDA-GUAYAQUIL.jpg 388w, https:\/\/s.france24.com\/media\/display\/772ffc36-441c-11f1-bc65-005056bf30b7\/w:720\/FOTO-ECUADOR-TOQUE-QUEDA-GUAYAQUIL.jpg 720w, https:\/\/s.france24.com\/media\/display\/772ffc36-441c-11f1-bc65-005056bf30b7\/w:980\/FOTO-ECUADOR-TOQUE-QUEDA-GUAYAQUIL.jpg 980w\" sizes=\"(max-width: 1023px) calc(100vw - 32px), (min-width: 1024px) 850px\" alt=\"Integrantes de la Polic\u00eda de Ecuador detienen a unas personas durante un operativo en Guayaquil, el 23 de marzo de 2026.\" loading=\"lazy\" class=\"a-img \">\n<\/picture><figcaption class=\"a-figcaption\"> <span>Integrantes de la Polic\u00eda de Ecuador detienen a unas personas durante un operativo en Guayaquil, el 23 de marzo de 2026.<\/span> <span>\u00a9 Gerardo Menoscal \/ EFE<\/span> <\/figcaption><\/figure>\n<\/p><\/div>\n<p>Aunque destaca que esto representa un 15% menos que el mismo per\u00edodo de 2025, las nueve provincias alcanzadas por la medida \u00abconcentran el 90% de la violencia a nivel nacional y el 86,70% de delincuencia\u00bb.<\/p>\n<p>De acuerdo con la inteligencia citada en el decreto, existe adem\u00e1s un \u00abefecto &#8216;post-toque de queda'\u00bb ligado a la restricci\u00f3n que rigi\u00f3 entre el 15 y el 30 de marzo en&nbsp;Guayas, Los R\u00edos, El Oro y Santo Domingo de los Ts\u00e1chilas.<\/p>\n<p>En ese caso, seg\u00fan justifica el texto, cuando venci\u00f3 el cerco, \u00ablos actores criminales redireccionaron sus actividades a provincias que no estaban cubiertas con esta medida\u00bb, por lo que \u00abno existi\u00f3 una neutralizaci\u00f3n estructural sino un desplazamiento geogr\u00e1fico de las actividades criminales\u00bb.<\/p>\n<p>Teniendo en cuenta estos motivos, el Ejecutivo ve necesario el toque de queda nocturno para reducir el riesgo de la poblaci\u00f3n civil y fortalecer \u00abel patrullaje focalizado, inteligencia preventiva y control de espacios cr\u00edticos, con el objetivo de anticipar y mitigar la ocurrencia de hechos violentos\u00bb.<\/p>\n<h2><strong>Una estrategia controvertida y de resultados inciertos<\/strong><\/h2>\n<p>Ecuador se ha acostumbrado a vivir bajo el estado de excepci\u00f3n, sostenido de manera alternada en gran parte de su territorio, desde 2024, cuando Daniel Noboa declar\u00f3 la existencia de un \u00abconflicto armado interno\u00bb, para desplegar militares en las calles e intensificar la lucha contra bandas criminales, a las que pas\u00f3 a denominar \u00abterroristas\u00bb.<\/p>\n<p>En ese contexto, y en menor medida, el toque de queda fue una opci\u00f3n recurrente. Entre abril y junio de 2025, 22 cantones (localidades) estuvieron regidos por esta restricci\u00f3n, mientras que en septiembre de ese a\u00f1o la prohibici\u00f3n se impuso a cinco provincias de la Sierra, en medio de las protestas ind\u00edgenas contra la eliminaci\u00f3n del subsidio al di\u00e9sel.<\/p>\n<p>Este a\u00f1o, como se mencion\u00f3 anteriormente, la medida fue aplicada a Guayas, El Oro, Los R\u00edos y Santo Domingo de los Ts\u00e1chilas, entre el 15 y el 30 de marzo.<\/p>\n<div class=\"m-em-image\">\n<figure class=\"m-item-image m-item-image--original m-item-image--has-caption\"> <picture class=\"a-picture a-picture--original\"><source type=\"image\/webp\" srcset=\"https:\/\/s.france24.com\/media\/display\/9df67c28-3d6e-11f1-973c-005056bf30b7\/w:246\/a902625284025ace64790155a98044920a9ea399.webp 246w, https:\/\/s.france24.com\/media\/display\/9df67c28-3d6e-11f1-973c-005056bf30b7\/w:388\/a902625284025ace64790155a98044920a9ea399.webp 388w, https:\/\/s.france24.com\/media\/display\/9df67c28-3d6e-11f1-973c-005056bf30b7\/w:720\/a902625284025ace64790155a98044920a9ea399.webp 720w, https:\/\/s.france24.com\/media\/display\/9df67c28-3d6e-11f1-973c-005056bf30b7\/w:980\/a902625284025ace64790155a98044920a9ea399.webp 980w\" sizes=\"(max-width: 1023px) calc(100vw - 32px), (min-width: 1024px) 850px\"><img fetchpriority=\"low\" decoding=\"async\" src=\"https:\/\/s.france24.com\/media\/display\/9df67c28-3d6e-11f1-973c-005056bf30b7\/w:980\/a902625284025ace64790155a98044920a9ea399.jpg\" srcset=\"https:\/\/s.france24.com\/media\/display\/9df67c28-3d6e-11f1-973c-005056bf30b7\/w:246\/a902625284025ace64790155a98044920a9ea399.jpg 246w, https:\/\/s.france24.com\/media\/display\/9df67c28-3d6e-11f1-973c-005056bf30b7\/w:388\/a902625284025ace64790155a98044920a9ea399.jpg 388w, https:\/\/s.france24.com\/media\/display\/9df67c28-3d6e-11f1-973c-005056bf30b7\/w:720\/a902625284025ace64790155a98044920a9ea399.jpg 720w, https:\/\/s.france24.com\/media\/display\/9df67c28-3d6e-11f1-973c-005056bf30b7\/w:980\/a902625284025ace64790155a98044920a9ea399.jpg 980w\" sizes=\"(max-width: 1023px) calc(100vw - 32px), (min-width: 1024px) 850px\" alt=\"Un vendedor cruza con su carro delante de un veh\u00edculo blindado el 21 de enero de 2026 en Quito\" loading=\"lazy\" class=\"a-img \">\n<\/picture><figcaption class=\"a-figcaption\"> <span>Un vendedor cruza con su carro delante de un veh\u00edculo blindado el 21 de enero de 2026 en Quito<\/span> <span>\u00a9 Rodrigo Buend\u00eda \/ AFP\/Archivos<\/span> <\/figcaption><\/figure>\n<\/p><\/div>\n<p>En ese lapso, seg\u00fan la informaci\u00f3n oficial, se registraron m\u00e1s de 1.800 detenidos, en gran parte por incumplir la restricci\u00f3n; fueron incautadas cientos de armas y miles de municiones, dinero en efectivo y combustible; fueron destruidas al menos cinco pistas clandestinas y 56 bocaminas donde se extra\u00edan minerales de manera ilegal, entre otras acciones.<\/p>\n<p>Pese a la estrategia agresiva adoptada por el Gobierno de Noboa \u2013que este a\u00f1o ha sumado casos puntuales de colaboraci\u00f3n con <a href=\"https:\/\/www.france24.com\/es\/tag\/estados-unidos\/\" target=\"_self\" class=\"gtm-add-suggested-tag\">Estados Unidos<\/a> para bombardear supuestas posiciones del <a href=\"https:\/\/www.france24.com\/es\/tag\/crimen\/\" target=\"_self\" class=\"gtm-add-suggested-tag\">crimen<\/a> organizado\u2013, Ecuador termin\u00f3 2025 con un r\u00e9cord de homicidios, en torno a los 9.300, seg\u00fan cifras del Ministerio del Interior.<\/p>\n<p>Asimismo, organizaciones han denunciado excesos de la fuerza p\u00fablica y otras violaciones de Derechos Humanos, incluidos en los centros penitenciarios, cuyas condiciones han sido endurecidas por el gobierno.<\/p>\n<p>En una entrevista con AFP, el ministro de Interior, John Reimberg, desestim\u00f3 las cr\u00edticas y prometi\u00f3: \u00abNo vamos a pactar, los vamos a atacar, los vamos a debilitar\u00bb.<\/p>\n<p>\u00ab\u00bfQue nos quieren decir autoritarios? Yo tengo que responder al pa\u00eds con seguridad\u00bb, sentenci\u00f3.<\/p>\n<p>Con EFE, AFP y medios locales<\/p>\n","protected":false},"excerpt":{"rendered":"<p>En el marco de un estado de&#46;&#46;&#46;<\/p>\n","protected":false},"author":1,"featured_media":165355,"comment_status":"closed","ping_status":"closed","sticky":false,"template":"","format":"standard","meta":{"_jetpack_memberships_contains_paid_content":false,"footnotes":"","jetpack_publicize_message":"","jetpack_publicize_feature_enabled":true,"jetpack_social_post_already_shared":true,"jetpack_social_options":{"image_generator_settings":{"template":"highway","default_image_id":0,"font":"","enabled":false},"version":2}},"categories":[43],"tags":[],"class_list":["post-165354","post","type-post","status-publish","format-standard","has-post-thumbnail","hentry","category-internacionales"],"yoast_head":"<!-- This site is optimized with the Yoast SEO plugin v27.3 - https:\/\/yoast.com\/product\/yoast-seo-wordpress\/ -->\n<title>Ecuador oficializa un nuevo toque de queda nocturno en nueve provincias - Sarmiento24h<\/title>\n<meta name=\"robots\" content=\"index, follow, max-snippet:-1, max-image-preview:large, max-video-preview:-1\" \/>\n<link rel=\"canonical\" href=\"https:\/\/sarmiento24h.com\/?p=165354\" \/>\n<meta property=\"og:locale\" content=\"es_ES\" \/>\n<meta property=\"og:type\" content=\"article\" \/>\n<meta property=\"og:title\" content=\"Ecuador oficializa un nuevo toque de queda nocturno en nueve provincias - Sarmiento24h\" \/>\n<meta property=\"og:description\" content=\"En el marco de un estado de&#046;&#046;&#046;\" \/>\n<meta property=\"og:url\" content=\"https:\/\/sarmiento24h.com\/?p=165354\" \/>\n<meta property=\"og:site_name\" content=\"Sarmiento24h\" \/>\n<meta property=\"article:publisher\" content=\"https:\/\/facebook.com\/s24hnoticias\" \/>\n<meta property=\"article:published_time\" content=\"2026-04-30T00:47:22+00:00\" \/>\n<meta property=\"og:image\" content=\"https:\/\/s.france24.com\/media\/display\/1cfd71ee-441c-11f1-9ddd-005056a97e36\/w:980\/FOTO-ECUADOR-CALLE-VACIA-TOQUE-QUEDA.jpg\" \/>\n<meta name=\"author\" content=\"sarmiento24h@gmail.com\" \/>\n<meta name=\"twitter:card\" content=\"summary_large_image\" \/>\n<meta name=\"twitter:creator\" content=\"@sarmiento24h\" \/>\n<meta name=\"twitter:site\" content=\"@sarmiento24h\" \/>\n<meta name=\"twitter:label1\" content=\"Escrito por\" \/>\n\t<meta name=\"twitter:data1\" content=\"sarmiento24h@gmail.com\" \/>\n\t<meta name=\"twitter:label2\" content=\"Tiempo de lectura\" \/>\n\t<meta name=\"twitter:data2\" content=\"5 minutos\" \/>\n<script type=\"application\/ld+json\" class=\"yoast-schema-graph\">{\"@context\":\"https:\\\/\\\/schema.org\",\"@graph\":[{\"@type\":\"Article\",\"@id\":\"https:\\\/\\\/sarmiento24h.com\\\/?p=165354#article\",\"isPartOf\":{\"@id\":\"https:\\\/\\\/sarmiento24h.com\\\/?p=165354\"},\"author\":{\"name\":\"sarmiento24h@gmail.com\",\"@id\":\"https:\\\/\\\/sarmiento24h.com\\\/#\\\/schema\\\/person\\\/d653a59725ad629a7e0429af7b939d4d\"},\"headline\":\"Ecuador oficializa un nuevo toque de queda nocturno en nueve provincias\",\"datePublished\":\"2026-04-30T00:47:22+00:00\",\"mainEntityOfPage\":{\"@id\":\"https:\\\/\\\/sarmiento24h.com\\\/?p=165354\"},\"wordCount\":960,\"publisher\":{\"@id\":\"https:\\\/\\\/sarmiento24h.com\\\/#organization\"},\"image\":{\"@id\":\"https:\\\/\\\/sarmiento24h.com\\\/?p=165354#primaryimage\"},\"thumbnailUrl\":\"https:\\\/\\\/sarmiento24h.com\\\/wp-content\\\/uploads\\\/2026\\\/04\\\/ecuador-oficializa-un-nuevo-toque-de-queda-nocturno-en-nueve-provincias.jpg\",\"articleSection\":[\"Internacionales\"],\"inLanguage\":\"es\"},{\"@type\":\"WebPage\",\"@id\":\"https:\\\/\\\/sarmiento24h.com\\\/?p=165354\",\"url\":\"https:\\\/\\\/sarmiento24h.com\\\/?p=165354\",\"name\":\"Ecuador oficializa un nuevo toque de queda nocturno en nueve provincias - Sarmiento24h\",\"isPartOf\":{\"@id\":\"https:\\\/\\\/sarmiento24h.com\\\/#website\"},\"primaryImageOfPage\":{\"@id\":\"https:\\\/\\\/sarmiento24h.com\\\/?p=165354#primaryimage\"},\"image\":{\"@id\":\"https:\\\/\\\/sarmiento24h.com\\\/?p=165354#primaryimage\"},\"thumbnailUrl\":\"https:\\\/\\\/sarmiento24h.com\\\/wp-content\\\/uploads\\\/2026\\\/04\\\/ecuador-oficializa-un-nuevo-toque-de-queda-nocturno-en-nueve-provincias.jpg\",\"datePublished\":\"2026-04-30T00:47:22+00:00\",\"breadcrumb\":{\"@id\":\"https:\\\/\\\/sarmiento24h.com\\\/?p=165354#breadcrumb\"},\"inLanguage\":\"es\",\"potentialAction\":[{\"@type\":\"ReadAction\",\"target\":[\"https:\\\/\\\/sarmiento24h.com\\\/?p=165354\"]}]},{\"@type\":\"ImageObject\",\"inLanguage\":\"es\",\"@id\":\"https:\\\/\\\/sarmiento24h.com\\\/?p=165354#primaryimage\",\"url\":\"https:\\\/\\\/sarmiento24h.com\\\/wp-content\\\/uploads\\\/2026\\\/04\\\/ecuador-oficializa-un-nuevo-toque-de-queda-nocturno-en-nueve-provincias.jpg\",\"contentUrl\":\"https:\\\/\\\/sarmiento24h.com\\\/wp-content\\\/uploads\\\/2026\\\/04\\\/ecuador-oficializa-un-nuevo-toque-de-queda-nocturno-en-nueve-provincias.jpg\",\"width\":980,\"height\":552},{\"@type\":\"BreadcrumbList\",\"@id\":\"https:\\\/\\\/sarmiento24h.com\\\/?p=165354#breadcrumb\",\"itemListElement\":[{\"@type\":\"ListItem\",\"position\":1,\"name\":\"Home\",\"item\":\"https:\\\/\\\/sarmiento24h.com\\\/\"},{\"@type\":\"ListItem\",\"position\":2,\"name\":\"Ecuador oficializa un nuevo toque de queda nocturno en nueve provincias\"}]},{\"@type\":\"WebSite\",\"@id\":\"https:\\\/\\\/sarmiento24h.com\\\/#website\",\"url\":\"https:\\\/\\\/sarmiento24h.com\\\/\",\"name\":\"Sarmiento24h\",\"description\":\"\",\"publisher\":{\"@id\":\"https:\\\/\\\/sarmiento24h.com\\\/#organization\"},\"potentialAction\":[{\"@type\":\"SearchAction\",\"target\":{\"@type\":\"EntryPoint\",\"urlTemplate\":\"https:\\\/\\\/sarmiento24h.com\\\/?s={search_term_string}\"},\"query-input\":{\"@type\":\"PropertyValueSpecification\",\"valueRequired\":true,\"valueName\":\"search_term_string\"}}],\"inLanguage\":\"es\"},{\"@type\":\"Organization\",\"@id\":\"https:\\\/\\\/sarmiento24h.com\\\/#organization\",\"name\":\"Sarmiento24h\",\"url\":\"https:\\\/\\\/sarmiento24h.com\\\/\",\"logo\":{\"@type\":\"ImageObject\",\"inLanguage\":\"es\",\"@id\":\"https:\\\/\\\/sarmiento24h.com\\\/#\\\/schema\\\/logo\\\/image\\\/\",\"url\":\"https:\\\/\\\/sarmiento24h.com\\\/wp-content\\\/uploads\\\/2025\\\/12\\\/AddText_12-16-10.30.52.jpg\",\"contentUrl\":\"https:\\\/\\\/sarmiento24h.com\\\/wp-content\\\/uploads\\\/2025\\\/12\\\/AddText_12-16-10.30.52.jpg\",\"width\":1220,\"height\":324,\"caption\":\"Sarmiento24h\"},\"image\":{\"@id\":\"https:\\\/\\\/sarmiento24h.com\\\/#\\\/schema\\\/logo\\\/image\\\/\"},\"sameAs\":[\"https:\\\/\\\/facebook.com\\\/s24hnoticias\",\"https:\\\/\\\/x.com\\\/sarmiento24h\"]},{\"@type\":\"Person\",\"@id\":\"https:\\\/\\\/sarmiento24h.com\\\/#\\\/schema\\\/person\\\/d653a59725ad629a7e0429af7b939d4d\",\"name\":\"sarmiento24h@gmail.com\",\"image\":{\"@type\":\"ImageObject\",\"inLanguage\":\"es\",\"@id\":\"https:\\\/\\\/sarmiento24h.com\\\/wp-content\\\/litespeed\\\/avatar\\\/d02cbc4e23c747e6659cd45907173c8f.jpg?ver=1777157796\",\"url\":\"https:\\\/\\\/sarmiento24h.com\\\/wp-content\\\/litespeed\\\/avatar\\\/d02cbc4e23c747e6659cd45907173c8f.jpg?ver=1777157796\",\"contentUrl\":\"https:\\\/\\\/sarmiento24h.com\\\/wp-content\\\/litespeed\\\/avatar\\\/d02cbc4e23c747e6659cd45907173c8f.jpg?ver=1777157796\",\"caption\":\"sarmiento24h@gmail.com\"},\"sameAs\":[\"https:\\\/\\\/sarmiento24h.com\"],\"url\":\"https:\\\/\\\/sarmiento24h.com\\\/?author=1\"}]}<\/script>\n<!-- \/ Yoast SEO plugin. -->","yoast_head_json":{"title":"Ecuador oficializa un nuevo toque de queda nocturno en nueve provincias - Sarmiento24h","robots":{"index":"index","follow":"follow","max-snippet":"max-snippet:-1","max-image-preview":"max-image-preview:large","max-video-preview":"max-video-preview:-1"},"canonical":"https:\/\/sarmiento24h.com\/?p=165354","og_locale":"es_ES","og_type":"article","og_title":"Ecuador oficializa un nuevo toque de queda nocturno en nueve provincias - Sarmiento24h","og_description":"En el marco de un estado de&#46;&#46;&#46;","og_url":"https:\/\/sarmiento24h.com\/?p=165354","og_site_name":"Sarmiento24h","article_publisher":"https:\/\/facebook.com\/s24hnoticias","article_published_time":"2026-04-30T00:47:22+00:00","og_image":[{"url":"https:\/\/s.france24.com\/media\/display\/1cfd71ee-441c-11f1-9ddd-005056a97e36\/w:980\/FOTO-ECUADOR-CALLE-VACIA-TOQUE-QUEDA.jpg","type":"","width":"","height":""}],"author":"sarmiento24h@gmail.com","twitter_card":"summary_large_image","twitter_creator":"@sarmiento24h","twitter_site":"@sarmiento24h","twitter_misc":{"Escrito por":"sarmiento24h@gmail.com","Tiempo de lectura":"5 minutos"},"schema":{"@context":"https:\/\/schema.org","@graph":[{"@type":"Article","@id":"https:\/\/sarmiento24h.com\/?p=165354#article","isPartOf":{"@id":"https:\/\/sarmiento24h.com\/?p=165354"},"author":{"name":"sarmiento24h@gmail.com","@id":"https:\/\/sarmiento24h.com\/#\/schema\/person\/d653a59725ad629a7e0429af7b939d4d"},"headline":"Ecuador oficializa un nuevo toque de queda nocturno en nueve provincias","datePublished":"2026-04-30T00:47:22+00:00","mainEntityOfPage":{"@id":"https:\/\/sarmiento24h.com\/?p=165354"},"wordCount":960,"publisher":{"@id":"https:\/\/sarmiento24h.com\/#organization"},"image":{"@id":"https:\/\/sarmiento24h.com\/?p=165354#primaryimage"},"thumbnailUrl":"https:\/\/sarmiento24h.com\/wp-content\/uploads\/2026\/04\/ecuador-oficializa-un-nuevo-toque-de-queda-nocturno-en-nueve-provincias.jpg","articleSection":["Internacionales"],"inLanguage":"es"},{"@type":"WebPage","@id":"https:\/\/sarmiento24h.com\/?p=165354","url":"https:\/\/sarmiento24h.com\/?p=165354","name":"Ecuador oficializa un nuevo toque de queda nocturno en nueve provincias - Sarmiento24h","isPartOf":{"@id":"https:\/\/sarmiento24h.com\/#website"},"primaryImageOfPage":{"@id":"https:\/\/sarmiento24h.com\/?p=165354#primaryimage"},"image":{"@id":"https:\/\/sarmiento24h.com\/?p=165354#primaryimage"},"thumbnailUrl":"https:\/\/sarmiento24h.com\/wp-content\/uploads\/2026\/04\/ecuador-oficializa-un-nuevo-toque-de-queda-nocturno-en-nueve-provincias.jpg","datePublished":"2026-04-30T00:47:22+00:00","breadcrumb":{"@id":"https:\/\/sarmiento24h.com\/?p=165354#breadcrumb"},"inLanguage":"es","potentialAction":[{"@type":"ReadAction","target":["https:\/\/sarmiento24h.com\/?p=165354"]}]},{"@type":"ImageObject","inLanguage":"es","@id":"https:\/\/sarmiento24h.com\/?p=165354#primaryimage","url":"https:\/\/sarmiento24h.com\/wp-content\/uploads\/2026\/04\/ecuador-oficializa-un-nuevo-toque-de-queda-nocturno-en-nueve-provincias.jpg","contentUrl":"https:\/\/sarmiento24h.com\/wp-content\/uploads\/2026\/04\/ecuador-oficializa-un-nuevo-toque-de-queda-nocturno-en-nueve-provincias.jpg","width":980,"height":552},{"@type":"BreadcrumbList","@id":"https:\/\/sarmiento24h.com\/?p=165354#breadcrumb","itemListElement":[{"@type":"ListItem","position":1,"name":"Home","item":"https:\/\/sarmiento24h.com\/"},{"@type":"ListItem","position":2,"name":"Ecuador oficializa un nuevo toque de queda nocturno en nueve provincias"}]},{"@type":"WebSite","@id":"https:\/\/sarmiento24h.com\/#website","url":"https:\/\/sarmiento24h.com\/","name":"Sarmiento24h","description":"","publisher":{"@id":"https:\/\/sarmiento24h.com\/#organization"},"potentialAction":[{"@type":"SearchAction","target":{"@type":"EntryPoint","urlTemplate":"https:\/\/sarmiento24h.com\/?s={search_term_string}"},"query-input":{"@type":"PropertyValueSpecification","valueRequired":true,"valueName":"search_term_string"}}],"inLanguage":"es"},{"@type":"Organization","@id":"https:\/\/sarmiento24h.com\/#organization","name":"Sarmiento24h","url":"https:\/\/sarmiento24h.com\/","logo":{"@type":"ImageObject","inLanguage":"es","@id":"https:\/\/sarmiento24h.com\/#\/schema\/logo\/image\/","url":"https:\/\/sarmiento24h.com\/wp-content\/uploads\/2025\/12\/AddText_12-16-10.30.52.jpg","contentUrl":"https:\/\/sarmiento24h.com\/wp-content\/uploads\/2025\/12\/AddText_12-16-10.30.52.jpg","width":1220,"height":324,"caption":"Sarmiento24h"},"image":{"@id":"https:\/\/sarmiento24h.com\/#\/schema\/logo\/image\/"},"sameAs":["https:\/\/facebook.com\/s24hnoticias","https:\/\/x.com\/sarmiento24h"]},{"@type":"Person","@id":"https:\/\/sarmiento24h.com\/#\/schema\/person\/d653a59725ad629a7e0429af7b939d4d","name":"sarmiento24h@gmail.com","image":{"@type":"ImageObject","inLanguage":"es","@id":"https:\/\/sarmiento24h.com\/wp-content\/litespeed\/avatar\/d02cbc4e23c747e6659cd45907173c8f.jpg?ver=1777157796","url":"https:\/\/sarmiento24h.com\/wp-content\/litespeed\/avatar\/d02cbc4e23c747e6659cd45907173c8f.jpg?ver=1777157796","contentUrl":"https:\/\/sarmiento24h.com\/wp-content\/litespeed\/avatar\/d02cbc4e23c747e6659cd45907173c8f.jpg?ver=1777157796","caption":"sarmiento24h@gmail.com"},"sameAs":["https:\/\/sarmiento24h.com"],"url":"https:\/\/sarmiento24h.com\/?author=1"}]}},"jetpack_publicize_connections":[],"jetpack_featured_media_url":"https:\/\/sarmiento24h.com\/wp-content\/uploads\/2026\/04\/ecuador-oficializa-un-nuevo-toque-de-queda-nocturno-en-nueve-provincias.jpg","jetpack_sharing_enabled":true,"_links":{"self":[{"href":"https:\/\/sarmiento24h.com\/index.php?rest_route=\/wp\/v2\/posts\/165354","targetHints":{"allow":["GET"]}}],"collection":[{"href":"https:\/\/sarmiento24h.com\/index.php?rest_route=\/wp\/v2\/posts"}],"about":[{"href":"https:\/\/sarmiento24h.com\/index.php?rest_route=\/wp\/v2\/types\/post"}],"author":[{"embeddable":true,"href":"https:\/\/sarmiento24h.com\/index.php?rest_route=\/wp\/v2\/users\/1"}],"replies":[{"embeddable":true,"href":"https:\/\/sarmiento24h.com\/index.php?rest_route=%2Fwp%2Fv2%2Fcomments&post=165354"}],"version-history":[{"count":0,"href":"https:\/\/sarmiento24h.com\/index.php?rest_route=\/wp\/v2\/posts\/165354\/revisions"}],"wp:featuredmedia":[{"embeddable":true,"href":"https:\/\/sarmiento24h.com\/index.php?rest_route=\/wp\/v2\/media\/165355"}],"wp:attachment":[{"href":"https:\/\/sarmiento24h.com\/index.php?rest_route=%2Fwp%2Fv2%2Fmedia&parent=165354"}],"wp:term":[{"taxonomy":"category","embeddable":true,"href":"https:\/\/sarmiento24h.com\/index.php?rest_route=%2Fwp%2Fv2%2Fcategories&post=165354"},{"taxonomy":"post_tag","embeddable":true,"href":"https:\/\/sarmiento24h.com\/index.php?rest_route=%2Fwp%2Fv2%2Ftags&post=165354"}],"curies":[{"name":"wp","href":"https:\/\/api.w.org\/{rel}","templated":true}]}}