{"id":165513,"date":"2026-04-30T01:48:50","date_gmt":"2026-04-30T01:48:50","guid":{"rendered":"https:\/\/noticiassin.com\/?p=1989109"},"modified":"2026-04-30T01:48:50","modified_gmt":"2026-04-30T01:48:50","slug":"senado-aprobo-en-primera-lectura-ley-que-crea-el-sistema-nacional-de-alertas-alertard","status":"publish","type":"post","link":"https:\/\/sarmiento24h.com\/?p=165513","title":{"rendered":"Senado aprob\u00f3 en primera lectura ley que crea el Sistema Nacional de Alertas ALERTARD"},"content":{"rendered":"<div><img decoding=\"async\" src=\"https:\/\/multimedia.noticiassin.com\/wp-content\/uploads\/2026\/04\/senado-aprobo-en-primera-lectura-ley-que-crea-el-sistema-nacional-de-alertas-ale-20260430-003944-SBBu-scaled-1200x675.jpeg\" class=\"ff-og-image-inserted\"><\/div>\n<p>El Senado de la Rep\u00fablica aprob\u00f3 en primera lectura el proyecto de ley que crea el <em><strong>Sistema Nacional de Alertas (ALERTARD)<\/strong><\/em> y regula el funcionamiento de las alertas como mecanismo de b\u00fasqueda inmediata a nivel nacional para la prevenci\u00f3n, localizaci\u00f3n, asistencia y resguardo de las personas desaparecidas.<\/p>\n<ul class=\"wp-block-list\">\n<li>El proyecto aprobado y remitido por la <em>C\u00e1mara de Diputados<\/em>, tiene la finalidad de crear mecanismos para la prevenci\u00f3n de personas desaparecidas, aplicando protocolos sin distinci\u00f3n de nacionalidad, raza, g\u00e9nero, edad, creencias, religi\u00f3n, pertenencia, determinado grupo social, opini\u00f3n pol\u00edtica o cualquier otra condici\u00f3n.<\/li>\n<\/ul>\n<p>Apunta, adem\u00e1s, que en caso de <strong>b\u00fasqueda de desaparici\u00f3n humana<\/strong> se realizar\u00e1 bajo la presunci\u00f3n de que la persona est\u00e1 viva, independientemente de las circunstancias de la desaparici\u00f3n, fecha, lugar y hora.<\/p>\n<ul class=\"wp-block-list\">\n<li>El proyecto plantea que es de inter\u00e9s superior que los ni\u00f1os, ni\u00f1as y adolescentes conlleven acciones que permitan la pronta localizaci\u00f3n y resguardo del menor que haya sido sustra\u00eddo o que se encuentre desaparecido y que en caso de presunci\u00f3n de riesgo el <em>Ministerio P\u00fablico<\/em> y la Polic\u00eda Nacional actuar\u00e1n con la presunci\u00f3n de que las personas desaparecidas pueden estar en peligro.<\/li>\n<\/ul>\n<h2 class=\"wp-block-heading\">Otras aprobaciones<\/h2>\n<p>En primera lectura se aprob\u00f3 el proyecto de ley que crea el Instituto de Previsi\u00f3n Social de la Municipalidad Dominicana, iniciativa presentada por el senador de la provincia La Altagracia, <strong>Rafael Bar\u00f3n Duluc.<\/strong><\/p>\n<p>Tambi\u00e9n, el Senado sancion\u00f3 el proyecto de ley Nacional de Semillas, presentado por el senador de la provincia de San Juan, <strong>F\u00e9lix Bautista<\/strong>.<\/p>\n<p>Otra pieza aprobada es el proyecto de ley que crea el Monumento Natural Lomas Redonda-El Comej\u00e9n, en la provincia San Jos\u00e9 de Ocoa, propuesta del senador <strong>Milc\u00edades Aneudy Ortiz Sajiun<\/strong>.<\/p>\n<blockquote class=\"wp-block-quote is-layout-flow wp-block-quote-is-layout-flow\">\n<p>Adem\u00e1s, se conoci\u00f3 el proyecto de ley que declara el 1 de noviembre de cada a\u00f1o como D\u00eda Nacional de la Genealog\u00eda y del Genealogista Dominicano, iniciativa del senador por la provincia el Seibo, <strong>Santiago Jos\u00e9 Zorrilla<\/strong>.<\/p>\n<\/blockquote>\n<h2 class=\"wp-block-heading\">En segunda lectura<\/h2>\n<p>El Pleno del Senado aprob\u00f3 en segunda lectura el proyecto de ley que regula la intermediaci\u00f3n Inmobiliaria y la Publicidad Enga\u00f1osa en la Rep\u00fablica Dominicana, propuesta presentada por los senadores <strong>Rafael Bar\u00f3n Duluc, F\u00e9lix Bautista<\/strong> y <strong>Eduard Alexis Espiritusanto<\/strong>.<\/p>\n<ul class=\"wp-block-list\">\n<li>La normativa tiene la finalidad de regular, supervisar, fomentar y promover la intermediaci\u00f3n inmobiliaria en la <strong>Rep\u00fablica Dominicana<\/strong>, con la finalidad de garantizar que la promoci\u00f3n, comercializaci\u00f3n y ejecuci\u00f3n de las transacciones inmobiliarias se realicen de manera \u00e9tica, ordenada, eficiente y transparente, que redunden en beneficio de los derechos e intereses de adquirientes, arrendatarios, agentes y agencias inmobiliarias y contribuya al desarrollo econ\u00f3mico y social de la naci\u00f3n.<\/li>\n<\/ul>\n<p>En los trabajos legislativos fue sancionado en segunda lectura el proyecto de ley sobre clasificaci\u00f3n, r\u00e9gimen de autorizaci\u00f3n y modificaci\u00f3n de categor\u00eda de las infraestructuras aeroportuarias y modifica la ley 491-06, de Aviaci\u00f3n Civil de la Rep\u00fablica Dominicana, propuesta del senador por la provincia Mar\u00eda Trinidad S\u00e1nchez, <strong>Alexis Victoria Yeb<\/strong>.<\/p>\n<h2 class=\"wp-block-heading\">En \u00fanica lectura<\/h2>\n<p>En \u00fanica lectura el Pleno del <strong>Senado <\/strong>aprob\u00f3 la resoluci\u00f3n que solicita al director del Instituto Nacional de Protecci\u00f3n de los Derechos del Consumidor (PROCONSUMIDOR), <strong>Eddy Alc\u00e1ntara<\/strong>, la instalaci\u00f3n de una oficina de esa entidad en la provincia de San Jos\u00e9 de Ocoa, propuesta del senador Milc\u00edades Aneudy Ortiz.<\/p>\n<p>Tambi\u00e9n, fue incluido en los trabajos legislativo el acuerdo de servicios a\u00e9reos entre el Gobierno de la Rep\u00fablica Dominicana y el Gobierno de la Rep\u00fablica de <strong>Singapur<\/strong>, suscrito en Kuala Lumpur, Malasia, iniciativa presentada por el Poder Ejecutivo.<\/p>\n<blockquote class=\"wp-block-quote is-layout-flow wp-block-quote-is-layout-flow\">\n<p>En \u00fanica fue sancionada la resoluci\u00f3n sobre los actos del <strong>Poder Ejecutivo<\/strong> consignados en las memorias de los ministerios, correspondiente al a\u00f1o 2022-2023.<\/p>\n<\/blockquote>\n<p>Igualmente, fue aprobada la resoluci\u00f3n que solicita <em><strong>Servicio Nacional de Salud<\/strong><\/em> para la instalaci\u00f3n de un Centro de Atenci\u00f3n Primaria, en la secci\u00f3n Loma Larga, distrito municipal San Francisco-Vicentillo, municipio el Seibo, provincia el Seibo.<\/p>\n<p>Adem\u00e1s, se aprob\u00f3 la resoluci\u00f3n que solicita al presidente de la Rep\u00fablica, <strong>Luis Abinader<\/strong>, la construcci\u00f3n de un hemocentro regional en la provincia Santiago, iniciativa presentada por el senador Daniel Rivera Reyes.<\/p>\n<ul class=\"wp-block-list\">\n<li>Los senadores honraron con un minuto de silencio la memoria del se\u00f1or <strong>Vinicio Dotel<\/strong> y Don Salom\u00f3n Rizek, a solicitud de senador Alexis Vicotria Yeb; adem\u00e1s, por el agente policial Juan Tomas Charles, a solicitud del senador Pedro Tineo; por Dionis Daniel, a solicitud del senador Julito Fulcar y por la ni\u00f1a Danna Sofia Uribe, a solicitud de la senadora <strong>Mar\u00eda Mercedes Ortiz<\/strong>.<\/li>\n<\/ul>\n<blockquote class=\"wp-block-quote is-layout-flow wp-block-quote-is-layout-flow\">\n<p>El presidente del Senado, <strong>Ricardo de los Santos<\/strong>, convoc\u00f3 a sesi\u00f3n para el pr\u00f3ximo mi\u00e9rcoles 6 de mayo a las 2:00 de la tarde.<\/p>\n<\/blockquote>\n","protected":false},"excerpt":{"rendered":"<p>El Senado de la Rep\u00fablica aprob\u00f3 en&#46;&#46;&#46;<\/p>\n","protected":false},"author":1,"featured_media":165514,"comment_status":"closed","ping_status":"closed","sticky":false,"template":"","format":"standard","meta":{"_jetpack_memberships_contains_paid_content":false,"footnotes":"","jetpack_publicize_message":"","jetpack_publicize_feature_enabled":true,"jetpack_social_post_already_shared":true,"jetpack_social_options":{"image_generator_settings":{"template":"highway","default_image_id":0,"font":"","enabled":false},"version":2}},"categories":[42],"tags":[],"class_list":["post-165513","post","type-post","status-publish","format-standard","has-post-thumbnail","hentry","category-nacionales"],"yoast_head":"<!-- This site is optimized with the Yoast SEO plugin v27.3 - https:\/\/yoast.com\/product\/yoast-seo-wordpress\/ -->\n<title>Senado aprob\u00f3 en primera lectura ley que crea el Sistema Nacional de Alertas ALERTARD - Sarmiento24h<\/title>\n<meta name=\"robots\" content=\"index, follow, max-snippet:-1, max-image-preview:large, max-video-preview:-1\" \/>\n<link rel=\"canonical\" href=\"https:\/\/sarmiento24h.com\/?p=165513\" \/>\n<meta property=\"og:locale\" content=\"es_ES\" \/>\n<meta property=\"og:type\" content=\"article\" \/>\n<meta property=\"og:title\" content=\"Senado aprob\u00f3 en primera lectura ley que crea el Sistema Nacional de Alertas ALERTARD - Sarmiento24h\" \/>\n<meta property=\"og:description\" content=\"El Senado de la Rep\u00fablica aprob\u00f3 en&#046;&#046;&#046;\" \/>\n<meta property=\"og:url\" content=\"https:\/\/sarmiento24h.com\/?p=165513\" \/>\n<meta property=\"og:site_name\" content=\"Sarmiento24h\" \/>\n<meta property=\"article:publisher\" content=\"https:\/\/facebook.com\/s24hnoticias\" \/>\n<meta property=\"article:published_time\" content=\"2026-04-30T01:48:50+00:00\" \/>\n<meta property=\"og:image\" content=\"https:\/\/multimedia.noticiassin.com\/wp-content\/uploads\/2026\/04\/senado-aprobo-en-primera-lectura-ley-que-crea-el-sistema-nacional-de-alertas-ale-20260430-003944-SBBu-scaled-1200x675.jpeg\" \/>\n<meta name=\"author\" content=\"sarmiento24h@gmail.com\" \/>\n<meta name=\"twitter:card\" content=\"summary_large_image\" \/>\n<meta name=\"twitter:creator\" content=\"@sarmiento24h\" \/>\n<meta name=\"twitter:site\" content=\"@sarmiento24h\" \/>\n<meta name=\"twitter:label1\" content=\"Escrito por\" \/>\n\t<meta name=\"twitter:data1\" content=\"sarmiento24h@gmail.com\" \/>\n\t<meta name=\"twitter:label2\" content=\"Tiempo de lectura\" \/>\n\t<meta name=\"twitter:data2\" content=\"4 minutos\" \/>\n<script type=\"application\/ld+json\" class=\"yoast-schema-graph\">{\"@context\":\"https:\\\/\\\/schema.org\",\"@graph\":[{\"@type\":\"Article\",\"@id\":\"https:\\\/\\\/sarmiento24h.com\\\/?p=165513#article\",\"isPartOf\":{\"@id\":\"https:\\\/\\\/sarmiento24h.com\\\/?p=165513\"},\"author\":{\"name\":\"sarmiento24h@gmail.com\",\"@id\":\"https:\\\/\\\/sarmiento24h.com\\\/#\\\/schema\\\/person\\\/d653a59725ad629a7e0429af7b939d4d\"},\"headline\":\"Senado aprob\u00f3 en primera lectura ley que crea el Sistema Nacional de Alertas ALERTARD\",\"datePublished\":\"2026-04-30T01:48:50+00:00\",\"mainEntityOfPage\":{\"@id\":\"https:\\\/\\\/sarmiento24h.com\\\/?p=165513\"},\"wordCount\":832,\"publisher\":{\"@id\":\"https:\\\/\\\/sarmiento24h.com\\\/#organization\"},\"image\":{\"@id\":\"https:\\\/\\\/sarmiento24h.com\\\/?p=165513#primaryimage\"},\"thumbnailUrl\":\"https:\\\/\\\/sarmiento24h.com\\\/wp-content\\\/uploads\\\/2026\\\/04\\\/senado-aprobo-en-primera-lectura-ley-que-crea-el-sistema-nacional-de-alertas-alertard.jpg\",\"articleSection\":[\"Nacionales\"],\"inLanguage\":\"es\"},{\"@type\":\"WebPage\",\"@id\":\"https:\\\/\\\/sarmiento24h.com\\\/?p=165513\",\"url\":\"https:\\\/\\\/sarmiento24h.com\\\/?p=165513\",\"name\":\"Senado aprob\u00f3 en primera lectura ley que crea el Sistema Nacional de Alertas ALERTARD - Sarmiento24h\",\"isPartOf\":{\"@id\":\"https:\\\/\\\/sarmiento24h.com\\\/#website\"},\"primaryImageOfPage\":{\"@id\":\"https:\\\/\\\/sarmiento24h.com\\\/?p=165513#primaryimage\"},\"image\":{\"@id\":\"https:\\\/\\\/sarmiento24h.com\\\/?p=165513#primaryimage\"},\"thumbnailUrl\":\"https:\\\/\\\/sarmiento24h.com\\\/wp-content\\\/uploads\\\/2026\\\/04\\\/senado-aprobo-en-primera-lectura-ley-que-crea-el-sistema-nacional-de-alertas-alertard.jpg\",\"datePublished\":\"2026-04-30T01:48:50+00:00\",\"breadcrumb\":{\"@id\":\"https:\\\/\\\/sarmiento24h.com\\\/?p=165513#breadcrumb\"},\"inLanguage\":\"es\",\"potentialAction\":[{\"@type\":\"ReadAction\",\"target\":[\"https:\\\/\\\/sarmiento24h.com\\\/?p=165513\"]}]},{\"@type\":\"ImageObject\",\"inLanguage\":\"es\",\"@id\":\"https:\\\/\\\/sarmiento24h.com\\\/?p=165513#primaryimage\",\"url\":\"https:\\\/\\\/sarmiento24h.com\\\/wp-content\\\/uploads\\\/2026\\\/04\\\/senado-aprobo-en-primera-lectura-ley-que-crea-el-sistema-nacional-de-alertas-alertard.jpg\",\"contentUrl\":\"https:\\\/\\\/sarmiento24h.com\\\/wp-content\\\/uploads\\\/2026\\\/04\\\/senado-aprobo-en-primera-lectura-ley-que-crea-el-sistema-nacional-de-alertas-alertard.jpg\",\"width\":1200,\"height\":675},{\"@type\":\"BreadcrumbList\",\"@id\":\"https:\\\/\\\/sarmiento24h.com\\\/?p=165513#breadcrumb\",\"itemListElement\":[{\"@type\":\"ListItem\",\"position\":1,\"name\":\"Home\",\"item\":\"https:\\\/\\\/sarmiento24h.com\\\/\"},{\"@type\":\"ListItem\",\"position\":2,\"name\":\"Senado aprob\u00f3 en primera lectura ley que crea el Sistema Nacional de Alertas ALERTARD\"}]},{\"@type\":\"WebSite\",\"@id\":\"https:\\\/\\\/sarmiento24h.com\\\/#website\",\"url\":\"https:\\\/\\\/sarmiento24h.com\\\/\",\"name\":\"Sarmiento24h\",\"description\":\"\",\"publisher\":{\"@id\":\"https:\\\/\\\/sarmiento24h.com\\\/#organization\"},\"potentialAction\":[{\"@type\":\"SearchAction\",\"target\":{\"@type\":\"EntryPoint\",\"urlTemplate\":\"https:\\\/\\\/sarmiento24h.com\\\/?s={search_term_string}\"},\"query-input\":{\"@type\":\"PropertyValueSpecification\",\"valueRequired\":true,\"valueName\":\"search_term_string\"}}],\"inLanguage\":\"es\"},{\"@type\":\"Organization\",\"@id\":\"https:\\\/\\\/sarmiento24h.com\\\/#organization\",\"name\":\"Sarmiento24h\",\"url\":\"https:\\\/\\\/sarmiento24h.com\\\/\",\"logo\":{\"@type\":\"ImageObject\",\"inLanguage\":\"es\",\"@id\":\"https:\\\/\\\/sarmiento24h.com\\\/#\\\/schema\\\/logo\\\/image\\\/\",\"url\":\"https:\\\/\\\/sarmiento24h.com\\\/wp-content\\\/uploads\\\/2025\\\/12\\\/AddText_12-16-10.30.52.jpg\",\"contentUrl\":\"https:\\\/\\\/sarmiento24h.com\\\/wp-content\\\/uploads\\\/2025\\\/12\\\/AddText_12-16-10.30.52.jpg\",\"width\":1220,\"height\":324,\"caption\":\"Sarmiento24h\"},\"image\":{\"@id\":\"https:\\\/\\\/sarmiento24h.com\\\/#\\\/schema\\\/logo\\\/image\\\/\"},\"sameAs\":[\"https:\\\/\\\/facebook.com\\\/s24hnoticias\",\"https:\\\/\\\/x.com\\\/sarmiento24h\"]},{\"@type\":\"Person\",\"@id\":\"https:\\\/\\\/sarmiento24h.com\\\/#\\\/schema\\\/person\\\/d653a59725ad629a7e0429af7b939d4d\",\"name\":\"sarmiento24h@gmail.com\",\"image\":{\"@type\":\"ImageObject\",\"inLanguage\":\"es\",\"@id\":\"https:\\\/\\\/sarmiento24h.com\\\/wp-content\\\/litespeed\\\/avatar\\\/d02cbc4e23c747e6659cd45907173c8f.jpg?ver=1777157796\",\"url\":\"https:\\\/\\\/sarmiento24h.com\\\/wp-content\\\/litespeed\\\/avatar\\\/d02cbc4e23c747e6659cd45907173c8f.jpg?ver=1777157796\",\"contentUrl\":\"https:\\\/\\\/sarmiento24h.com\\\/wp-content\\\/litespeed\\\/avatar\\\/d02cbc4e23c747e6659cd45907173c8f.jpg?ver=1777157796\",\"caption\":\"sarmiento24h@gmail.com\"},\"sameAs\":[\"https:\\\/\\\/sarmiento24h.com\"],\"url\":\"https:\\\/\\\/sarmiento24h.com\\\/?author=1\"}]}<\/script>\n<!-- \/ Yoast SEO plugin. -->","yoast_head_json":{"title":"Senado aprob\u00f3 en primera lectura ley que crea el Sistema Nacional de Alertas ALERTARD - Sarmiento24h","robots":{"index":"index","follow":"follow","max-snippet":"max-snippet:-1","max-image-preview":"max-image-preview:large","max-video-preview":"max-video-preview:-1"},"canonical":"https:\/\/sarmiento24h.com\/?p=165513","og_locale":"es_ES","og_type":"article","og_title":"Senado aprob\u00f3 en primera lectura ley que crea el Sistema Nacional de Alertas ALERTARD - Sarmiento24h","og_description":"El Senado de la Rep\u00fablica aprob\u00f3 en&#46;&#46;&#46;","og_url":"https:\/\/sarmiento24h.com\/?p=165513","og_site_name":"Sarmiento24h","article_publisher":"https:\/\/facebook.com\/s24hnoticias","article_published_time":"2026-04-30T01:48:50+00:00","og_image":[{"url":"https:\/\/multimedia.noticiassin.com\/wp-content\/uploads\/2026\/04\/senado-aprobo-en-primera-lectura-ley-que-crea-el-sistema-nacional-de-alertas-ale-20260430-003944-SBBu-scaled-1200x675.jpeg","type":"","width":"","height":""}],"author":"sarmiento24h@gmail.com","twitter_card":"summary_large_image","twitter_creator":"@sarmiento24h","twitter_site":"@sarmiento24h","twitter_misc":{"Escrito por":"sarmiento24h@gmail.com","Tiempo de lectura":"4 minutos"},"schema":{"@context":"https:\/\/schema.org","@graph":[{"@type":"Article","@id":"https:\/\/sarmiento24h.com\/?p=165513#article","isPartOf":{"@id":"https:\/\/sarmiento24h.com\/?p=165513"},"author":{"name":"sarmiento24h@gmail.com","@id":"https:\/\/sarmiento24h.com\/#\/schema\/person\/d653a59725ad629a7e0429af7b939d4d"},"headline":"Senado aprob\u00f3 en primera lectura ley que crea el Sistema Nacional de Alertas ALERTARD","datePublished":"2026-04-30T01:48:50+00:00","mainEntityOfPage":{"@id":"https:\/\/sarmiento24h.com\/?p=165513"},"wordCount":832,"publisher":{"@id":"https:\/\/sarmiento24h.com\/#organization"},"image":{"@id":"https:\/\/sarmiento24h.com\/?p=165513#primaryimage"},"thumbnailUrl":"https:\/\/sarmiento24h.com\/wp-content\/uploads\/2026\/04\/senado-aprobo-en-primera-lectura-ley-que-crea-el-sistema-nacional-de-alertas-alertard.jpg","articleSection":["Nacionales"],"inLanguage":"es"},{"@type":"WebPage","@id":"https:\/\/sarmiento24h.com\/?p=165513","url":"https:\/\/sarmiento24h.com\/?p=165513","name":"Senado aprob\u00f3 en primera lectura ley que crea el Sistema Nacional de Alertas ALERTARD - Sarmiento24h","isPartOf":{"@id":"https:\/\/sarmiento24h.com\/#website"},"primaryImageOfPage":{"@id":"https:\/\/sarmiento24h.com\/?p=165513#primaryimage"},"image":{"@id":"https:\/\/sarmiento24h.com\/?p=165513#primaryimage"},"thumbnailUrl":"https:\/\/sarmiento24h.com\/wp-content\/uploads\/2026\/04\/senado-aprobo-en-primera-lectura-ley-que-crea-el-sistema-nacional-de-alertas-alertard.jpg","datePublished":"2026-04-30T01:48:50+00:00","breadcrumb":{"@id":"https:\/\/sarmiento24h.com\/?p=165513#breadcrumb"},"inLanguage":"es","potentialAction":[{"@type":"ReadAction","target":["https:\/\/sarmiento24h.com\/?p=165513"]}]},{"@type":"ImageObject","inLanguage":"es","@id":"https:\/\/sarmiento24h.com\/?p=165513#primaryimage","url":"https:\/\/sarmiento24h.com\/wp-content\/uploads\/2026\/04\/senado-aprobo-en-primera-lectura-ley-que-crea-el-sistema-nacional-de-alertas-alertard.jpg","contentUrl":"https:\/\/sarmiento24h.com\/wp-content\/uploads\/2026\/04\/senado-aprobo-en-primera-lectura-ley-que-crea-el-sistema-nacional-de-alertas-alertard.jpg","width":1200,"height":675},{"@type":"BreadcrumbList","@id":"https:\/\/sarmiento24h.com\/?p=165513#breadcrumb","itemListElement":[{"@type":"ListItem","position":1,"name":"Home","item":"https:\/\/sarmiento24h.com\/"},{"@type":"ListItem","position":2,"name":"Senado aprob\u00f3 en primera lectura ley que crea el Sistema Nacional de Alertas ALERTARD"}]},{"@type":"WebSite","@id":"https:\/\/sarmiento24h.com\/#website","url":"https:\/\/sarmiento24h.com\/","name":"Sarmiento24h","description":"","publisher":{"@id":"https:\/\/sarmiento24h.com\/#organization"},"potentialAction":[{"@type":"SearchAction","target":{"@type":"EntryPoint","urlTemplate":"https:\/\/sarmiento24h.com\/?s={search_term_string}"},"query-input":{"@type":"PropertyValueSpecification","valueRequired":true,"valueName":"search_term_string"}}],"inLanguage":"es"},{"@type":"Organization","@id":"https:\/\/sarmiento24h.com\/#organization","name":"Sarmiento24h","url":"https:\/\/sarmiento24h.com\/","logo":{"@type":"ImageObject","inLanguage":"es","@id":"https:\/\/sarmiento24h.com\/#\/schema\/logo\/image\/","url":"https:\/\/sarmiento24h.com\/wp-content\/uploads\/2025\/12\/AddText_12-16-10.30.52.jpg","contentUrl":"https:\/\/sarmiento24h.com\/wp-content\/uploads\/2025\/12\/AddText_12-16-10.30.52.jpg","width":1220,"height":324,"caption":"Sarmiento24h"},"image":{"@id":"https:\/\/sarmiento24h.com\/#\/schema\/logo\/image\/"},"sameAs":["https:\/\/facebook.com\/s24hnoticias","https:\/\/x.com\/sarmiento24h"]},{"@type":"Person","@id":"https:\/\/sarmiento24h.com\/#\/schema\/person\/d653a59725ad629a7e0429af7b939d4d","name":"sarmiento24h@gmail.com","image":{"@type":"ImageObject","inLanguage":"es","@id":"https:\/\/sarmiento24h.com\/wp-content\/litespeed\/avatar\/d02cbc4e23c747e6659cd45907173c8f.jpg?ver=1777157796","url":"https:\/\/sarmiento24h.com\/wp-content\/litespeed\/avatar\/d02cbc4e23c747e6659cd45907173c8f.jpg?ver=1777157796","contentUrl":"https:\/\/sarmiento24h.com\/wp-content\/litespeed\/avatar\/d02cbc4e23c747e6659cd45907173c8f.jpg?ver=1777157796","caption":"sarmiento24h@gmail.com"},"sameAs":["https:\/\/sarmiento24h.com"],"url":"https:\/\/sarmiento24h.com\/?author=1"}]}},"jetpack_publicize_connections":[],"jetpack_featured_media_url":"https:\/\/sarmiento24h.com\/wp-content\/uploads\/2026\/04\/senado-aprobo-en-primera-lectura-ley-que-crea-el-sistema-nacional-de-alertas-alertard.jpg","jetpack_sharing_enabled":true,"_links":{"self":[{"href":"https:\/\/sarmiento24h.com\/index.php?rest_route=\/wp\/v2\/posts\/165513","targetHints":{"allow":["GET"]}}],"collection":[{"href":"https:\/\/sarmiento24h.com\/index.php?rest_route=\/wp\/v2\/posts"}],"about":[{"href":"https:\/\/sarmiento24h.com\/index.php?rest_route=\/wp\/v2\/types\/post"}],"author":[{"embeddable":true,"href":"https:\/\/sarmiento24h.com\/index.php?rest_route=\/wp\/v2\/users\/1"}],"replies":[{"embeddable":true,"href":"https:\/\/sarmiento24h.com\/index.php?rest_route=%2Fwp%2Fv2%2Fcomments&post=165513"}],"version-history":[{"count":0,"href":"https:\/\/sarmiento24h.com\/index.php?rest_route=\/wp\/v2\/posts\/165513\/revisions"}],"wp:featuredmedia":[{"embeddable":true,"href":"https:\/\/sarmiento24h.com\/index.php?rest_route=\/wp\/v2\/media\/165514"}],"wp:attachment":[{"href":"https:\/\/sarmiento24h.com\/index.php?rest_route=%2Fwp%2Fv2%2Fmedia&parent=165513"}],"wp:term":[{"taxonomy":"category","embeddable":true,"href":"https:\/\/sarmiento24h.com\/index.php?rest_route=%2Fwp%2Fv2%2Fcategories&post=165513"},{"taxonomy":"post_tag","embeddable":true,"href":"https:\/\/sarmiento24h.com\/index.php?rest_route=%2Fwp%2Fv2%2Ftags&post=165513"}],"curies":[{"name":"wp","href":"https:\/\/api.w.org\/{rel}","templated":true}]}}