{"id":165634,"date":"2026-04-30T02:57:34","date_gmt":"2026-04-30T02:57:34","guid":{"rendered":"https:\/\/noticiassin.com\/?p=1989140"},"modified":"2026-04-30T02:57:34","modified_gmt":"2026-04-30T02:57:34","slug":"minerd-suspende-la-docencia-en-montecristi-santiago-rodriguez-y-valverde-por-alerta-roja","status":"publish","type":"post","link":"https:\/\/sarmiento24h.com\/?p=165634","title":{"rendered":"Minerd suspende la docencia en Montecristi, Santiago Rodr\u00edguez y Valverde por alerta roja"},"content":{"rendered":"<div><img decoding=\"async\" src=\"https:\/\/multimedia.noticiassin.com\/wp-content\/uploads\/2025\/03\/ESCUELA-1200x675.jpg\" class=\"ff-og-image-inserted\"><\/div>\n<p>El&nbsp;<em>Ministerio de Educaci\u00f3n&nbsp;(Minerd)&nbsp;<\/em>suspendi\u00f3&nbsp;la docencia&nbsp;este jueves en las provincias de <strong>Montecristi, Santiago Rodr\u00edguez<\/strong> y <strong>Valverde<\/strong>, declaradas en&nbsp;alerta roja&nbsp;por el&nbsp;<em>Centro de Operaciones de Emergencias&nbsp;(COE),<\/em> debido a las fuertes lluvias provocadas por una vaguada asociada a un sistema frontal.<\/p>\n<p>La cartera educativa inst\u00f3 a los&nbsp;directores regionales, distritales y de centros educativos a mantener&nbsp;medidas preventivas&nbsp;en las provincias en&nbsp;alerta amarilla&nbsp;que cuentan con zonas vulnerables, en funci\u00f3n de la evoluci\u00f3n del <strong>clima<\/strong>.<\/p>\n<ul class=\"wp-block-list\">\n<li>La instituci\u00f3n sostuvo -en una nota de prensa- que estas disposiciones incluyen la&nbsp;evaluaci\u00f3n continua&nbsp;de riesgos, as\u00ed como la potestad para&nbsp;suspender la docencia&nbsp;en \u00e1reas donde las&nbsp;condiciones <strong>climatol\u00f3gicas&nbsp;<\/strong>lo ameriten.<\/li>\n<\/ul>\n<ul class=\"wp-block-list\">\n<li>En ese sentido, llam\u00f3 a la&nbsp;<strong>comunidad educativa<\/strong>&nbsp;a mantenerse atenta a los&nbsp;<strong>boletines oficiales<\/strong>&nbsp;y a seguir las orientaciones de los organismos de&nbsp;<strong>protecci\u00f3n civil<\/strong>.<\/li>\n<\/ul>\n<h2 class=\"wp-block-heading\">Los niveles de alerta<\/h2>\n<p>El&nbsp;<strong>Minerd&nbsp;<\/strong>record\u00f3 que, de acuerdo con el&nbsp;Centro de Operaciones de Emergencias&nbsp;(COE), la&nbsp;alerta roja&nbsp;se declara cuando existe un alto nivel de riesgo para la poblaci\u00f3n, ante la inminente ocurrencia de fen\u00f3menos adversos o cuando estos ya est\u00e1n impactando de manera significativa, lo que requiere la adopci\u00f3n inmediata de&nbsp;medidas de protecci\u00f3n.<\/p>\n<p>La&nbsp;<strong>alerta <\/strong>amarilla&nbsp;indica una situaci\u00f3n de&nbsp;riesgo moderado&nbsp;que puede escalar, por lo que se recomienda a la poblaci\u00f3n mantenerse atenta, y tomar&nbsp;precauciones.<\/p>\n","protected":false},"excerpt":{"rendered":"<p>El&nbsp;Ministerio de Educaci\u00f3n&nbsp;(Minerd)&nbsp;suspendi\u00f3&nbsp;la docencia&nbsp;este jueves en las&#46;&#46;&#46;<\/p>\n","protected":false},"author":1,"featured_media":165635,"comment_status":"closed","ping_status":"closed","sticky":false,"template":"","format":"standard","meta":{"_jetpack_memberships_contains_paid_content":false,"footnotes":"","jetpack_publicize_message":"","jetpack_publicize_feature_enabled":true,"jetpack_social_post_already_shared":true,"jetpack_social_options":{"image_generator_settings":{"template":"highway","default_image_id":0,"font":"","enabled":false},"version":2}},"categories":[42],"tags":[],"class_list":["post-165634","post","type-post","status-publish","format-standard","has-post-thumbnail","hentry","category-nacionales"],"yoast_head":"<!-- This site is optimized with the Yoast SEO plugin v27.3 - https:\/\/yoast.com\/product\/yoast-seo-wordpress\/ -->\n<title>Minerd suspende la docencia en Montecristi, Santiago Rodr\u00edguez y Valverde por alerta roja - Sarmiento24h<\/title>\n<meta name=\"robots\" content=\"index, follow, max-snippet:-1, max-image-preview:large, max-video-preview:-1\" \/>\n<link rel=\"canonical\" href=\"https:\/\/sarmiento24h.com\/?p=165634\" \/>\n<meta property=\"og:locale\" content=\"es_ES\" \/>\n<meta property=\"og:type\" content=\"article\" \/>\n<meta property=\"og:title\" content=\"Minerd suspende la docencia en Montecristi, Santiago Rodr\u00edguez y Valverde por alerta roja - Sarmiento24h\" \/>\n<meta property=\"og:description\" content=\"El&nbsp;Ministerio de Educaci\u00f3n&nbsp;(Minerd)&nbsp;suspendi\u00f3&nbsp;la docencia&nbsp;este jueves en las&#046;&#046;&#046;\" \/>\n<meta property=\"og:url\" content=\"https:\/\/sarmiento24h.com\/?p=165634\" \/>\n<meta property=\"og:site_name\" content=\"Sarmiento24h\" \/>\n<meta property=\"article:publisher\" content=\"https:\/\/facebook.com\/s24hnoticias\" \/>\n<meta property=\"article:published_time\" content=\"2026-04-30T02:57:34+00:00\" \/>\n<meta property=\"og:image\" content=\"https:\/\/multimedia.noticiassin.com\/wp-content\/uploads\/2025\/03\/ESCUELA-1200x675.jpg\" \/>\n<meta name=\"author\" content=\"sarmiento24h@gmail.com\" \/>\n<meta name=\"twitter:card\" content=\"summary_large_image\" \/>\n<meta name=\"twitter:creator\" content=\"@sarmiento24h\" \/>\n<meta name=\"twitter:site\" content=\"@sarmiento24h\" \/>\n<meta name=\"twitter:label1\" content=\"Escrito por\" \/>\n\t<meta name=\"twitter:data1\" content=\"sarmiento24h@gmail.com\" \/>\n\t<meta name=\"twitter:label2\" content=\"Tiempo de lectura\" \/>\n\t<meta name=\"twitter:data2\" content=\"1 minuto\" \/>\n<script type=\"application\/ld+json\" class=\"yoast-schema-graph\">{\"@context\":\"https:\\\/\\\/schema.org\",\"@graph\":[{\"@type\":\"Article\",\"@id\":\"https:\\\/\\\/sarmiento24h.com\\\/?p=165634#article\",\"isPartOf\":{\"@id\":\"https:\\\/\\\/sarmiento24h.com\\\/?p=165634\"},\"author\":{\"name\":\"sarmiento24h@gmail.com\",\"@id\":\"https:\\\/\\\/sarmiento24h.com\\\/#\\\/schema\\\/person\\\/d653a59725ad629a7e0429af7b939d4d\"},\"headline\":\"Minerd suspende la docencia en Montecristi, Santiago Rodr\u00edguez y Valverde por alerta roja\",\"datePublished\":\"2026-04-30T02:57:34+00:00\",\"mainEntityOfPage\":{\"@id\":\"https:\\\/\\\/sarmiento24h.com\\\/?p=165634\"},\"wordCount\":289,\"publisher\":{\"@id\":\"https:\\\/\\\/sarmiento24h.com\\\/#organization\"},\"image\":{\"@id\":\"https:\\\/\\\/sarmiento24h.com\\\/?p=165634#primaryimage\"},\"thumbnailUrl\":\"https:\\\/\\\/sarmiento24h.com\\\/wp-content\\\/uploads\\\/2026\\\/04\\\/minerd-suspende-la-docencia-en-montecristi-santiago-rodriguez-y-valverde-por-alerta-roja.jpg\",\"articleSection\":[\"Nacionales\"],\"inLanguage\":\"es\"},{\"@type\":\"WebPage\",\"@id\":\"https:\\\/\\\/sarmiento24h.com\\\/?p=165634\",\"url\":\"https:\\\/\\\/sarmiento24h.com\\\/?p=165634\",\"name\":\"Minerd suspende la docencia en Montecristi, Santiago Rodr\u00edguez y Valverde por alerta roja - Sarmiento24h\",\"isPartOf\":{\"@id\":\"https:\\\/\\\/sarmiento24h.com\\\/#website\"},\"primaryImageOfPage\":{\"@id\":\"https:\\\/\\\/sarmiento24h.com\\\/?p=165634#primaryimage\"},\"image\":{\"@id\":\"https:\\\/\\\/sarmiento24h.com\\\/?p=165634#primaryimage\"},\"thumbnailUrl\":\"https:\\\/\\\/sarmiento24h.com\\\/wp-content\\\/uploads\\\/2026\\\/04\\\/minerd-suspende-la-docencia-en-montecristi-santiago-rodriguez-y-valverde-por-alerta-roja.jpg\",\"datePublished\":\"2026-04-30T02:57:34+00:00\",\"breadcrumb\":{\"@id\":\"https:\\\/\\\/sarmiento24h.com\\\/?p=165634#breadcrumb\"},\"inLanguage\":\"es\",\"potentialAction\":[{\"@type\":\"ReadAction\",\"target\":[\"https:\\\/\\\/sarmiento24h.com\\\/?p=165634\"]}]},{\"@type\":\"ImageObject\",\"inLanguage\":\"es\",\"@id\":\"https:\\\/\\\/sarmiento24h.com\\\/?p=165634#primaryimage\",\"url\":\"https:\\\/\\\/sarmiento24h.com\\\/wp-content\\\/uploads\\\/2026\\\/04\\\/minerd-suspende-la-docencia-en-montecristi-santiago-rodriguez-y-valverde-por-alerta-roja.jpg\",\"contentUrl\":\"https:\\\/\\\/sarmiento24h.com\\\/wp-content\\\/uploads\\\/2026\\\/04\\\/minerd-suspende-la-docencia-en-montecristi-santiago-rodriguez-y-valverde-por-alerta-roja.jpg\",\"width\":1200,\"height\":675},{\"@type\":\"BreadcrumbList\",\"@id\":\"https:\\\/\\\/sarmiento24h.com\\\/?p=165634#breadcrumb\",\"itemListElement\":[{\"@type\":\"ListItem\",\"position\":1,\"name\":\"Home\",\"item\":\"https:\\\/\\\/sarmiento24h.com\\\/\"},{\"@type\":\"ListItem\",\"position\":2,\"name\":\"Minerd suspende la docencia en Montecristi, Santiago Rodr\u00edguez y Valverde por alerta roja\"}]},{\"@type\":\"WebSite\",\"@id\":\"https:\\\/\\\/sarmiento24h.com\\\/#website\",\"url\":\"https:\\\/\\\/sarmiento24h.com\\\/\",\"name\":\"Sarmiento24h\",\"description\":\"\",\"publisher\":{\"@id\":\"https:\\\/\\\/sarmiento24h.com\\\/#organization\"},\"potentialAction\":[{\"@type\":\"SearchAction\",\"target\":{\"@type\":\"EntryPoint\",\"urlTemplate\":\"https:\\\/\\\/sarmiento24h.com\\\/?s={search_term_string}\"},\"query-input\":{\"@type\":\"PropertyValueSpecification\",\"valueRequired\":true,\"valueName\":\"search_term_string\"}}],\"inLanguage\":\"es\"},{\"@type\":\"Organization\",\"@id\":\"https:\\\/\\\/sarmiento24h.com\\\/#organization\",\"name\":\"Sarmiento24h\",\"url\":\"https:\\\/\\\/sarmiento24h.com\\\/\",\"logo\":{\"@type\":\"ImageObject\",\"inLanguage\":\"es\",\"@id\":\"https:\\\/\\\/sarmiento24h.com\\\/#\\\/schema\\\/logo\\\/image\\\/\",\"url\":\"https:\\\/\\\/sarmiento24h.com\\\/wp-content\\\/uploads\\\/2025\\\/12\\\/AddText_12-16-10.30.52.jpg\",\"contentUrl\":\"https:\\\/\\\/sarmiento24h.com\\\/wp-content\\\/uploads\\\/2025\\\/12\\\/AddText_12-16-10.30.52.jpg\",\"width\":1220,\"height\":324,\"caption\":\"Sarmiento24h\"},\"image\":{\"@id\":\"https:\\\/\\\/sarmiento24h.com\\\/#\\\/schema\\\/logo\\\/image\\\/\"},\"sameAs\":[\"https:\\\/\\\/facebook.com\\\/s24hnoticias\",\"https:\\\/\\\/x.com\\\/sarmiento24h\"]},{\"@type\":\"Person\",\"@id\":\"https:\\\/\\\/sarmiento24h.com\\\/#\\\/schema\\\/person\\\/d653a59725ad629a7e0429af7b939d4d\",\"name\":\"sarmiento24h@gmail.com\",\"image\":{\"@type\":\"ImageObject\",\"inLanguage\":\"es\",\"@id\":\"https:\\\/\\\/sarmiento24h.com\\\/wp-content\\\/litespeed\\\/avatar\\\/d02cbc4e23c747e6659cd45907173c8f.jpg?ver=1777157796\",\"url\":\"https:\\\/\\\/sarmiento24h.com\\\/wp-content\\\/litespeed\\\/avatar\\\/d02cbc4e23c747e6659cd45907173c8f.jpg?ver=1777157796\",\"contentUrl\":\"https:\\\/\\\/sarmiento24h.com\\\/wp-content\\\/litespeed\\\/avatar\\\/d02cbc4e23c747e6659cd45907173c8f.jpg?ver=1777157796\",\"caption\":\"sarmiento24h@gmail.com\"},\"sameAs\":[\"https:\\\/\\\/sarmiento24h.com\"],\"url\":\"https:\\\/\\\/sarmiento24h.com\\\/?author=1\"}]}<\/script>\n<!-- \/ Yoast SEO plugin. -->","yoast_head_json":{"title":"Minerd suspende la docencia en Montecristi, Santiago Rodr\u00edguez y Valverde por alerta roja - Sarmiento24h","robots":{"index":"index","follow":"follow","max-snippet":"max-snippet:-1","max-image-preview":"max-image-preview:large","max-video-preview":"max-video-preview:-1"},"canonical":"https:\/\/sarmiento24h.com\/?p=165634","og_locale":"es_ES","og_type":"article","og_title":"Minerd suspende la docencia en Montecristi, Santiago Rodr\u00edguez y Valverde por alerta roja - Sarmiento24h","og_description":"El&nbsp;Ministerio de Educaci\u00f3n&nbsp;(Minerd)&nbsp;suspendi\u00f3&nbsp;la docencia&nbsp;este jueves en las&#46;&#46;&#46;","og_url":"https:\/\/sarmiento24h.com\/?p=165634","og_site_name":"Sarmiento24h","article_publisher":"https:\/\/facebook.com\/s24hnoticias","article_published_time":"2026-04-30T02:57:34+00:00","og_image":[{"url":"https:\/\/multimedia.noticiassin.com\/wp-content\/uploads\/2025\/03\/ESCUELA-1200x675.jpg","type":"","width":"","height":""}],"author":"sarmiento24h@gmail.com","twitter_card":"summary_large_image","twitter_creator":"@sarmiento24h","twitter_site":"@sarmiento24h","twitter_misc":{"Escrito por":"sarmiento24h@gmail.com","Tiempo de lectura":"1 minuto"},"schema":{"@context":"https:\/\/schema.org","@graph":[{"@type":"Article","@id":"https:\/\/sarmiento24h.com\/?p=165634#article","isPartOf":{"@id":"https:\/\/sarmiento24h.com\/?p=165634"},"author":{"name":"sarmiento24h@gmail.com","@id":"https:\/\/sarmiento24h.com\/#\/schema\/person\/d653a59725ad629a7e0429af7b939d4d"},"headline":"Minerd suspende la docencia en Montecristi, Santiago Rodr\u00edguez y Valverde por alerta roja","datePublished":"2026-04-30T02:57:34+00:00","mainEntityOfPage":{"@id":"https:\/\/sarmiento24h.com\/?p=165634"},"wordCount":289,"publisher":{"@id":"https:\/\/sarmiento24h.com\/#organization"},"image":{"@id":"https:\/\/sarmiento24h.com\/?p=165634#primaryimage"},"thumbnailUrl":"https:\/\/sarmiento24h.com\/wp-content\/uploads\/2026\/04\/minerd-suspende-la-docencia-en-montecristi-santiago-rodriguez-y-valverde-por-alerta-roja.jpg","articleSection":["Nacionales"],"inLanguage":"es"},{"@type":"WebPage","@id":"https:\/\/sarmiento24h.com\/?p=165634","url":"https:\/\/sarmiento24h.com\/?p=165634","name":"Minerd suspende la docencia en Montecristi, Santiago Rodr\u00edguez y Valverde por alerta roja - Sarmiento24h","isPartOf":{"@id":"https:\/\/sarmiento24h.com\/#website"},"primaryImageOfPage":{"@id":"https:\/\/sarmiento24h.com\/?p=165634#primaryimage"},"image":{"@id":"https:\/\/sarmiento24h.com\/?p=165634#primaryimage"},"thumbnailUrl":"https:\/\/sarmiento24h.com\/wp-content\/uploads\/2026\/04\/minerd-suspende-la-docencia-en-montecristi-santiago-rodriguez-y-valverde-por-alerta-roja.jpg","datePublished":"2026-04-30T02:57:34+00:00","breadcrumb":{"@id":"https:\/\/sarmiento24h.com\/?p=165634#breadcrumb"},"inLanguage":"es","potentialAction":[{"@type":"ReadAction","target":["https:\/\/sarmiento24h.com\/?p=165634"]}]},{"@type":"ImageObject","inLanguage":"es","@id":"https:\/\/sarmiento24h.com\/?p=165634#primaryimage","url":"https:\/\/sarmiento24h.com\/wp-content\/uploads\/2026\/04\/minerd-suspende-la-docencia-en-montecristi-santiago-rodriguez-y-valverde-por-alerta-roja.jpg","contentUrl":"https:\/\/sarmiento24h.com\/wp-content\/uploads\/2026\/04\/minerd-suspende-la-docencia-en-montecristi-santiago-rodriguez-y-valverde-por-alerta-roja.jpg","width":1200,"height":675},{"@type":"BreadcrumbList","@id":"https:\/\/sarmiento24h.com\/?p=165634#breadcrumb","itemListElement":[{"@type":"ListItem","position":1,"name":"Home","item":"https:\/\/sarmiento24h.com\/"},{"@type":"ListItem","position":2,"name":"Minerd suspende la docencia en Montecristi, Santiago Rodr\u00edguez y Valverde por alerta roja"}]},{"@type":"WebSite","@id":"https:\/\/sarmiento24h.com\/#website","url":"https:\/\/sarmiento24h.com\/","name":"Sarmiento24h","description":"","publisher":{"@id":"https:\/\/sarmiento24h.com\/#organization"},"potentialAction":[{"@type":"SearchAction","target":{"@type":"EntryPoint","urlTemplate":"https:\/\/sarmiento24h.com\/?s={search_term_string}"},"query-input":{"@type":"PropertyValueSpecification","valueRequired":true,"valueName":"search_term_string"}}],"inLanguage":"es"},{"@type":"Organization","@id":"https:\/\/sarmiento24h.com\/#organization","name":"Sarmiento24h","url":"https:\/\/sarmiento24h.com\/","logo":{"@type":"ImageObject","inLanguage":"es","@id":"https:\/\/sarmiento24h.com\/#\/schema\/logo\/image\/","url":"https:\/\/sarmiento24h.com\/wp-content\/uploads\/2025\/12\/AddText_12-16-10.30.52.jpg","contentUrl":"https:\/\/sarmiento24h.com\/wp-content\/uploads\/2025\/12\/AddText_12-16-10.30.52.jpg","width":1220,"height":324,"caption":"Sarmiento24h"},"image":{"@id":"https:\/\/sarmiento24h.com\/#\/schema\/logo\/image\/"},"sameAs":["https:\/\/facebook.com\/s24hnoticias","https:\/\/x.com\/sarmiento24h"]},{"@type":"Person","@id":"https:\/\/sarmiento24h.com\/#\/schema\/person\/d653a59725ad629a7e0429af7b939d4d","name":"sarmiento24h@gmail.com","image":{"@type":"ImageObject","inLanguage":"es","@id":"https:\/\/sarmiento24h.com\/wp-content\/litespeed\/avatar\/d02cbc4e23c747e6659cd45907173c8f.jpg?ver=1777157796","url":"https:\/\/sarmiento24h.com\/wp-content\/litespeed\/avatar\/d02cbc4e23c747e6659cd45907173c8f.jpg?ver=1777157796","contentUrl":"https:\/\/sarmiento24h.com\/wp-content\/litespeed\/avatar\/d02cbc4e23c747e6659cd45907173c8f.jpg?ver=1777157796","caption":"sarmiento24h@gmail.com"},"sameAs":["https:\/\/sarmiento24h.com"],"url":"https:\/\/sarmiento24h.com\/?author=1"}]}},"jetpack_publicize_connections":[],"jetpack_featured_media_url":"https:\/\/sarmiento24h.com\/wp-content\/uploads\/2026\/04\/minerd-suspende-la-docencia-en-montecristi-santiago-rodriguez-y-valverde-por-alerta-roja.jpg","jetpack_sharing_enabled":true,"_links":{"self":[{"href":"https:\/\/sarmiento24h.com\/index.php?rest_route=\/wp\/v2\/posts\/165634","targetHints":{"allow":["GET"]}}],"collection":[{"href":"https:\/\/sarmiento24h.com\/index.php?rest_route=\/wp\/v2\/posts"}],"about":[{"href":"https:\/\/sarmiento24h.com\/index.php?rest_route=\/wp\/v2\/types\/post"}],"author":[{"embeddable":true,"href":"https:\/\/sarmiento24h.com\/index.php?rest_route=\/wp\/v2\/users\/1"}],"replies":[{"embeddable":true,"href":"https:\/\/sarmiento24h.com\/index.php?rest_route=%2Fwp%2Fv2%2Fcomments&post=165634"}],"version-history":[{"count":0,"href":"https:\/\/sarmiento24h.com\/index.php?rest_route=\/wp\/v2\/posts\/165634\/revisions"}],"wp:featuredmedia":[{"embeddable":true,"href":"https:\/\/sarmiento24h.com\/index.php?rest_route=\/wp\/v2\/media\/165635"}],"wp:attachment":[{"href":"https:\/\/sarmiento24h.com\/index.php?rest_route=%2Fwp%2Fv2%2Fmedia&parent=165634"}],"wp:term":[{"taxonomy":"category","embeddable":true,"href":"https:\/\/sarmiento24h.com\/index.php?rest_route=%2Fwp%2Fv2%2Fcategories&post=165634"},{"taxonomy":"post_tag","embeddable":true,"href":"https:\/\/sarmiento24h.com\/index.php?rest_route=%2Fwp%2Fv2%2Ftags&post=165634"}],"curies":[{"name":"wp","href":"https:\/\/api.w.org\/{rel}","templated":true}]}}