{"id":165758,"date":"2026-04-30T03:57:39","date_gmt":"2026-04-30T03:57:39","guid":{"rendered":"https:\/\/noticiassin.com\/?p=1989049"},"modified":"2026-04-30T03:57:39","modified_gmt":"2026-04-30T03:57:39","slug":"adp-e-ideice-firman-convenio-para-fortalecer-la-investigacion-y-la-calidad-educativa-en-rd","status":"publish","type":"post","link":"https:\/\/sarmiento24h.com\/?p=165758","title":{"rendered":"ADP e Ideice firman convenio para fortalecer la investigaci\u00f3n y la calidad educativa en RD"},"content":{"rendered":"<p><strong>Santo Domingo.<\/strong> \u2014 La Asociaci\u00f3n Dominicana de Profesores (ADP) y el Instituto Dominicano de Evaluaci\u00f3n e Investigaci\u00f3n de la Calidad Educativa (Ideice) firmaron un convenio marco de cooperaci\u00f3n interinstitucional con el objetivo de fortalecer los procesos de <strong>investigaci\u00f3n<\/strong>, <strong>evaluaci\u00f3n<\/strong>, <strong>capacitaci\u00f3n<\/strong>, divulgaci\u00f3n cient\u00edfica y difusi\u00f3n educativa en el sistema educativo dominicano.<\/p>\n<p>El acuerdo busca integrar las experiencias t\u00e9cnicas, metodol\u00f3gicas y emp\u00edricas de ambas entidades para generar <strong>evidencias cient\u00edficas<\/strong> pertinentes y contextualizadas que contribuyan directamente a la toma de decisiones en las <strong>pol\u00edticas p\u00fablicas educativas<\/strong> del pa\u00eds.<\/p>\n<h3 class=\"wp-block-heading\">Impulso a la investigaci\u00f3n y creaci\u00f3n de observatorios educativos<\/h3>\n<p>Entre los principales ejes del convenio se contempla la creaci\u00f3n y fortalecimiento de <strong>observatorios educativos<\/strong>, as\u00ed como la participaci\u00f3n conjunta en precongresos, congresos nacionales e internacionales, y programas de investigaci\u00f3n territorial como \u201cConoce tu Regional Investigando\u201d.<\/p>\n<p>Asimismo, se incluyen acciones de acompa\u00f1amiento, veedur\u00eda y apoyo a iniciativas educativas como el programa <strong>Escuela Abierta y Activa,<\/strong> adem\u00e1s de iniciativas orientadas a la educaci\u00f3n de personas j\u00f3venes y adultas.<\/p>\n<p>El acuerdo tambi\u00e9n establece la apertura de espacios de <strong>publicaci\u00f3n cient\u00edfica<\/strong> y <strong>divulgaci\u00f3n cient\u00edfica<\/strong> para docentes investigadores, con el fin de socializar sus estudios en revistas especializadas, jornadas acad\u00e9micas y otros escenarios de difusi\u00f3n del conocimiento.<\/p>\n<figure class=\"wp-block-image size-full\"><img loading=\"lazy\" decoding=\"async\" width=\"1600\" height=\"1066\" src=\"https:\/\/multimedia.noticiassin.com\/wp-content\/uploads\/2026\/04\/borrador-automatico-20260429-231553-z5DP.png\" alt class=\"wp-image-1989050 lazy\" data-sizes=\"(max-width: 1600px) 100vw, 1600px\" srcset=\"https:\/\/multimedia.noticiassin.com\/wp-content\/uploads\/2026\/04\/borrador-automatico-20260429-231553-z5DP.png 1600w, https:\/\/multimedia.noticiassin.com\/wp-content\/uploads\/2026\/04\/borrador-automatico-20260429-231553-z5DP-768x512.png 768w, https:\/\/multimedia.noticiassin.com\/wp-content\/uploads\/2026\/04\/borrador-automatico-20260429-231553-z5DP-1536x1023.png 1536w, https:\/\/multimedia.noticiassin.com\/wp-content\/uploads\/2026\/04\/borrador-automatico-20260429-231553-z5DP-1200x800.png 1200w\"><\/figure>\n<h3 class=\"wp-block-heading\">Docentes como investigadores del sistema educativo<\/h3>\n<p>Un componente central del convenio es la promoci\u00f3n del perfil del <strong>docente investigador<\/strong>, mediante procesos de formaci\u00f3n, <strong>investigaci\u00f3n-acci\u00f3n<\/strong> y acompa\u00f1amiento t\u00e9cnico que permitan a los maestros analizar su propia pr\u00e1ctica pedag\u00f3gica, generar soluciones contextualizadas y aportar evidencia al debate educativo nacional.<\/p>\n<ul class=\"wp-block-list\">\n<li>El director ejecutivo del Ideice, doctor Jes\u00fas And\u00fajar Avil\u00e9s, destac\u00f3 que esta alianza permitir\u00e1 la participaci\u00f3n del magisterio en programas estrat\u00e9gicos como los \u201cFondos Concursables de Evaluaci\u00f3n e Investigaci\u00f3n\u201d y \u201cConoce tu Regional Investigando\u201d.<\/li>\n<\/ul>\n<p>\u201cEste convenio establece compromisos concretos y estrat\u00e9gicos. Desde el Ideice asumimos la responsabilidad de acompa\u00f1ar y apoyar a la ADP para fortalecer los procesos de <strong>investigaci\u00f3n<\/strong>, <strong>evaluaci\u00f3n<\/strong>, capacitaci\u00f3n, divulgaci\u00f3n cient\u00edfica y difusi\u00f3n educativa, alineados con las pol\u00edticas educativas del Ministerio de Educaci\u00f3n\u201d, expres\u00f3 And\u00fajar Avil\u00e9s.<\/p>\n<p>El funcionario a\u00f1adi\u00f3 que \u201cno puede haber <strong>educaci\u00f3n de calidad<\/strong> sin <strong>evidencias<\/strong>, investigaci\u00f3n rigurosa y docentes empoderados como productores de conocimiento\u201d, al resaltar el papel estrat\u00e9gico del magisterio en la mejora del sistema educativo.<\/p>\n<h3 class=\"wp-block-heading\">Participaci\u00f3n activa del magisterio<\/h3>\n<p>Por su parte, el presidente de la ADP, profesor Eduardo Hidalgo, afirm\u00f3 que los docentes aportar\u00e1n su experiencia en observaci\u00f3n, <strong>monitoreo educativo<\/strong> y veedur\u00eda educativa, especialmente en \u00e1reas como condiciones laborales, desempe\u00f1o docente, <strong>clima escolar<\/strong> y pr\u00e1cticas pedag\u00f3gicas.<\/p>\n<p>Hidalgo se\u00f1al\u00f3 adem\u00e1s que el gremio promover\u00e1 la <strong>participaci\u00f3n activa del magisterio <\/strong>en investigaciones, evaluaciones y programas derivados del convenio.<\/p>\n<p>\u201c<strong>Organizar y participar en talleres<\/strong>, seminarios, precongresos y congresos orientados a la difusi\u00f3n de resultados y buenas pr\u00e1cticas, as\u00ed como colaborar en el acompa\u00f1amiento y seguimiento de programas y actividades del Ideice\u201d, indic\u00f3 el dirigente magisterial.<\/p>\n<p>Con este acuerdo, ambas instituciones buscan consolidar una alianza estrat\u00e9gica orientada a fortalecer la <strong>calidad educativa<\/strong> mediante la <strong>investigaci\u00f3n<\/strong>, la evidencia cient\u00edfica y la participaci\u00f3n activa de los docentes en la producci\u00f3n de conocimiento.<\/p>\n","protected":false},"excerpt":{"rendered":"<p>Santo Domingo. \u2014 La Asociaci\u00f3n Dominicana de&#46;&#46;&#46;<\/p>\n","protected":false},"author":1,"featured_media":165759,"comment_status":"closed","ping_status":"closed","sticky":false,"template":"","format":"standard","meta":{"_jetpack_memberships_contains_paid_content":false,"footnotes":"","jetpack_publicize_message":"","jetpack_publicize_feature_enabled":true,"jetpack_social_post_already_shared":true,"jetpack_social_options":{"image_generator_settings":{"template":"highway","default_image_id":0,"font":"","enabled":false},"version":2}},"categories":[42],"tags":[],"class_list":["post-165758","post","type-post","status-publish","format-standard","has-post-thumbnail","hentry","category-nacionales"],"yoast_head":"<!-- This site is optimized with the Yoast SEO plugin v27.3 - https:\/\/yoast.com\/product\/yoast-seo-wordpress\/ -->\n<title>ADP e Ideice firman convenio para fortalecer la investigaci\u00f3n y la calidad educativa en RD - Sarmiento24h<\/title>\n<meta name=\"robots\" content=\"index, follow, max-snippet:-1, max-image-preview:large, max-video-preview:-1\" \/>\n<link rel=\"canonical\" href=\"https:\/\/sarmiento24h.com\/?p=165758\" \/>\n<meta property=\"og:locale\" content=\"es_ES\" \/>\n<meta property=\"og:type\" content=\"article\" \/>\n<meta property=\"og:title\" content=\"ADP e Ideice firman convenio para fortalecer la investigaci\u00f3n y la calidad educativa en RD - Sarmiento24h\" \/>\n<meta property=\"og:description\" content=\"Santo Domingo. \u2014 La Asociaci\u00f3n Dominicana de&#046;&#046;&#046;\" \/>\n<meta property=\"og:url\" content=\"https:\/\/sarmiento24h.com\/?p=165758\" \/>\n<meta property=\"og:site_name\" content=\"Sarmiento24h\" \/>\n<meta property=\"article:publisher\" content=\"https:\/\/facebook.com\/s24hnoticias\" \/>\n<meta property=\"article:published_time\" content=\"2026-04-30T03:57:39+00:00\" \/>\n<meta name=\"author\" content=\"sarmiento24h@gmail.com\" \/>\n<meta name=\"twitter:card\" content=\"summary_large_image\" \/>\n<meta name=\"twitter:creator\" content=\"@sarmiento24h\" \/>\n<meta name=\"twitter:site\" content=\"@sarmiento24h\" \/>\n<meta name=\"twitter:label1\" content=\"Escrito por\" \/>\n\t<meta name=\"twitter:data1\" content=\"sarmiento24h@gmail.com\" \/>\n\t<meta name=\"twitter:label2\" content=\"Tiempo de lectura\" \/>\n\t<meta name=\"twitter:data2\" content=\"3 minutos\" \/>\n<script type=\"application\/ld+json\" class=\"yoast-schema-graph\">{\"@context\":\"https:\\\/\\\/schema.org\",\"@graph\":[{\"@type\":\"Article\",\"@id\":\"https:\\\/\\\/sarmiento24h.com\\\/?p=165758#article\",\"isPartOf\":{\"@id\":\"https:\\\/\\\/sarmiento24h.com\\\/?p=165758\"},\"author\":{\"name\":\"sarmiento24h@gmail.com\",\"@id\":\"https:\\\/\\\/sarmiento24h.com\\\/#\\\/schema\\\/person\\\/d653a59725ad629a7e0429af7b939d4d\"},\"headline\":\"ADP e Ideice firman convenio para fortalecer la investigaci\u00f3n y la calidad educativa en RD\",\"datePublished\":\"2026-04-30T03:57:39+00:00\",\"mainEntityOfPage\":{\"@id\":\"https:\\\/\\\/sarmiento24h.com\\\/?p=165758\"},\"wordCount\":587,\"publisher\":{\"@id\":\"https:\\\/\\\/sarmiento24h.com\\\/#organization\"},\"image\":{\"@id\":\"https:\\\/\\\/sarmiento24h.com\\\/?p=165758#primaryimage\"},\"thumbnailUrl\":\"https:\\\/\\\/sarmiento24h.com\\\/wp-content\\\/uploads\\\/2026\\\/04\\\/adp-e-ideice-firman-convenio-para-fortalecer-la-investigacion-y-la-calidad-educativa-en-rd.png\",\"articleSection\":[\"Nacionales\"],\"inLanguage\":\"es\"},{\"@type\":\"WebPage\",\"@id\":\"https:\\\/\\\/sarmiento24h.com\\\/?p=165758\",\"url\":\"https:\\\/\\\/sarmiento24h.com\\\/?p=165758\",\"name\":\"ADP e Ideice firman convenio para fortalecer la investigaci\u00f3n y la calidad educativa en RD - Sarmiento24h\",\"isPartOf\":{\"@id\":\"https:\\\/\\\/sarmiento24h.com\\\/#website\"},\"primaryImageOfPage\":{\"@id\":\"https:\\\/\\\/sarmiento24h.com\\\/?p=165758#primaryimage\"},\"image\":{\"@id\":\"https:\\\/\\\/sarmiento24h.com\\\/?p=165758#primaryimage\"},\"thumbnailUrl\":\"https:\\\/\\\/sarmiento24h.com\\\/wp-content\\\/uploads\\\/2026\\\/04\\\/adp-e-ideice-firman-convenio-para-fortalecer-la-investigacion-y-la-calidad-educativa-en-rd.png\",\"datePublished\":\"2026-04-30T03:57:39+00:00\",\"breadcrumb\":{\"@id\":\"https:\\\/\\\/sarmiento24h.com\\\/?p=165758#breadcrumb\"},\"inLanguage\":\"es\",\"potentialAction\":[{\"@type\":\"ReadAction\",\"target\":[\"https:\\\/\\\/sarmiento24h.com\\\/?p=165758\"]}]},{\"@type\":\"ImageObject\",\"inLanguage\":\"es\",\"@id\":\"https:\\\/\\\/sarmiento24h.com\\\/?p=165758#primaryimage\",\"url\":\"https:\\\/\\\/sarmiento24h.com\\\/wp-content\\\/uploads\\\/2026\\\/04\\\/adp-e-ideice-firman-convenio-para-fortalecer-la-investigacion-y-la-calidad-educativa-en-rd.png\",\"contentUrl\":\"https:\\\/\\\/sarmiento24h.com\\\/wp-content\\\/uploads\\\/2026\\\/04\\\/adp-e-ideice-firman-convenio-para-fortalecer-la-investigacion-y-la-calidad-educativa-en-rd.png\",\"width\":1600,\"height\":1066},{\"@type\":\"BreadcrumbList\",\"@id\":\"https:\\\/\\\/sarmiento24h.com\\\/?p=165758#breadcrumb\",\"itemListElement\":[{\"@type\":\"ListItem\",\"position\":1,\"name\":\"Home\",\"item\":\"https:\\\/\\\/sarmiento24h.com\\\/\"},{\"@type\":\"ListItem\",\"position\":2,\"name\":\"ADP e Ideice firman convenio para fortalecer la investigaci\u00f3n y la calidad educativa en RD\"}]},{\"@type\":\"WebSite\",\"@id\":\"https:\\\/\\\/sarmiento24h.com\\\/#website\",\"url\":\"https:\\\/\\\/sarmiento24h.com\\\/\",\"name\":\"Sarmiento24h\",\"description\":\"\",\"publisher\":{\"@id\":\"https:\\\/\\\/sarmiento24h.com\\\/#organization\"},\"potentialAction\":[{\"@type\":\"SearchAction\",\"target\":{\"@type\":\"EntryPoint\",\"urlTemplate\":\"https:\\\/\\\/sarmiento24h.com\\\/?s={search_term_string}\"},\"query-input\":{\"@type\":\"PropertyValueSpecification\",\"valueRequired\":true,\"valueName\":\"search_term_string\"}}],\"inLanguage\":\"es\"},{\"@type\":\"Organization\",\"@id\":\"https:\\\/\\\/sarmiento24h.com\\\/#organization\",\"name\":\"Sarmiento24h\",\"url\":\"https:\\\/\\\/sarmiento24h.com\\\/\",\"logo\":{\"@type\":\"ImageObject\",\"inLanguage\":\"es\",\"@id\":\"https:\\\/\\\/sarmiento24h.com\\\/#\\\/schema\\\/logo\\\/image\\\/\",\"url\":\"https:\\\/\\\/sarmiento24h.com\\\/wp-content\\\/uploads\\\/2025\\\/12\\\/AddText_12-16-10.30.52.jpg\",\"contentUrl\":\"https:\\\/\\\/sarmiento24h.com\\\/wp-content\\\/uploads\\\/2025\\\/12\\\/AddText_12-16-10.30.52.jpg\",\"width\":1220,\"height\":324,\"caption\":\"Sarmiento24h\"},\"image\":{\"@id\":\"https:\\\/\\\/sarmiento24h.com\\\/#\\\/schema\\\/logo\\\/image\\\/\"},\"sameAs\":[\"https:\\\/\\\/facebook.com\\\/s24hnoticias\",\"https:\\\/\\\/x.com\\\/sarmiento24h\"]},{\"@type\":\"Person\",\"@id\":\"https:\\\/\\\/sarmiento24h.com\\\/#\\\/schema\\\/person\\\/d653a59725ad629a7e0429af7b939d4d\",\"name\":\"sarmiento24h@gmail.com\",\"image\":{\"@type\":\"ImageObject\",\"inLanguage\":\"es\",\"@id\":\"https:\\\/\\\/sarmiento24h.com\\\/wp-content\\\/litespeed\\\/avatar\\\/d02cbc4e23c747e6659cd45907173c8f.jpg?ver=1777157796\",\"url\":\"https:\\\/\\\/sarmiento24h.com\\\/wp-content\\\/litespeed\\\/avatar\\\/d02cbc4e23c747e6659cd45907173c8f.jpg?ver=1777157796\",\"contentUrl\":\"https:\\\/\\\/sarmiento24h.com\\\/wp-content\\\/litespeed\\\/avatar\\\/d02cbc4e23c747e6659cd45907173c8f.jpg?ver=1777157796\",\"caption\":\"sarmiento24h@gmail.com\"},\"sameAs\":[\"https:\\\/\\\/sarmiento24h.com\"],\"url\":\"https:\\\/\\\/sarmiento24h.com\\\/?author=1\"}]}<\/script>\n<!-- \/ Yoast SEO plugin. -->","yoast_head_json":{"title":"ADP e Ideice firman convenio para fortalecer la investigaci\u00f3n y la calidad educativa en RD - Sarmiento24h","robots":{"index":"index","follow":"follow","max-snippet":"max-snippet:-1","max-image-preview":"max-image-preview:large","max-video-preview":"max-video-preview:-1"},"canonical":"https:\/\/sarmiento24h.com\/?p=165758","og_locale":"es_ES","og_type":"article","og_title":"ADP e Ideice firman convenio para fortalecer la investigaci\u00f3n y la calidad educativa en RD - Sarmiento24h","og_description":"Santo Domingo. \u2014 La Asociaci\u00f3n Dominicana de&#46;&#46;&#46;","og_url":"https:\/\/sarmiento24h.com\/?p=165758","og_site_name":"Sarmiento24h","article_publisher":"https:\/\/facebook.com\/s24hnoticias","article_published_time":"2026-04-30T03:57:39+00:00","author":"sarmiento24h@gmail.com","twitter_card":"summary_large_image","twitter_creator":"@sarmiento24h","twitter_site":"@sarmiento24h","twitter_misc":{"Escrito por":"sarmiento24h@gmail.com","Tiempo de lectura":"3 minutos"},"schema":{"@context":"https:\/\/schema.org","@graph":[{"@type":"Article","@id":"https:\/\/sarmiento24h.com\/?p=165758#article","isPartOf":{"@id":"https:\/\/sarmiento24h.com\/?p=165758"},"author":{"name":"sarmiento24h@gmail.com","@id":"https:\/\/sarmiento24h.com\/#\/schema\/person\/d653a59725ad629a7e0429af7b939d4d"},"headline":"ADP e Ideice firman convenio para fortalecer la investigaci\u00f3n y la calidad educativa en RD","datePublished":"2026-04-30T03:57:39+00:00","mainEntityOfPage":{"@id":"https:\/\/sarmiento24h.com\/?p=165758"},"wordCount":587,"publisher":{"@id":"https:\/\/sarmiento24h.com\/#organization"},"image":{"@id":"https:\/\/sarmiento24h.com\/?p=165758#primaryimage"},"thumbnailUrl":"https:\/\/sarmiento24h.com\/wp-content\/uploads\/2026\/04\/adp-e-ideice-firman-convenio-para-fortalecer-la-investigacion-y-la-calidad-educativa-en-rd.png","articleSection":["Nacionales"],"inLanguage":"es"},{"@type":"WebPage","@id":"https:\/\/sarmiento24h.com\/?p=165758","url":"https:\/\/sarmiento24h.com\/?p=165758","name":"ADP e Ideice firman convenio para fortalecer la investigaci\u00f3n y la calidad educativa en RD - Sarmiento24h","isPartOf":{"@id":"https:\/\/sarmiento24h.com\/#website"},"primaryImageOfPage":{"@id":"https:\/\/sarmiento24h.com\/?p=165758#primaryimage"},"image":{"@id":"https:\/\/sarmiento24h.com\/?p=165758#primaryimage"},"thumbnailUrl":"https:\/\/sarmiento24h.com\/wp-content\/uploads\/2026\/04\/adp-e-ideice-firman-convenio-para-fortalecer-la-investigacion-y-la-calidad-educativa-en-rd.png","datePublished":"2026-04-30T03:57:39+00:00","breadcrumb":{"@id":"https:\/\/sarmiento24h.com\/?p=165758#breadcrumb"},"inLanguage":"es","potentialAction":[{"@type":"ReadAction","target":["https:\/\/sarmiento24h.com\/?p=165758"]}]},{"@type":"ImageObject","inLanguage":"es","@id":"https:\/\/sarmiento24h.com\/?p=165758#primaryimage","url":"https:\/\/sarmiento24h.com\/wp-content\/uploads\/2026\/04\/adp-e-ideice-firman-convenio-para-fortalecer-la-investigacion-y-la-calidad-educativa-en-rd.png","contentUrl":"https:\/\/sarmiento24h.com\/wp-content\/uploads\/2026\/04\/adp-e-ideice-firman-convenio-para-fortalecer-la-investigacion-y-la-calidad-educativa-en-rd.png","width":1600,"height":1066},{"@type":"BreadcrumbList","@id":"https:\/\/sarmiento24h.com\/?p=165758#breadcrumb","itemListElement":[{"@type":"ListItem","position":1,"name":"Home","item":"https:\/\/sarmiento24h.com\/"},{"@type":"ListItem","position":2,"name":"ADP e Ideice firman convenio para fortalecer la investigaci\u00f3n y la calidad educativa en RD"}]},{"@type":"WebSite","@id":"https:\/\/sarmiento24h.com\/#website","url":"https:\/\/sarmiento24h.com\/","name":"Sarmiento24h","description":"","publisher":{"@id":"https:\/\/sarmiento24h.com\/#organization"},"potentialAction":[{"@type":"SearchAction","target":{"@type":"EntryPoint","urlTemplate":"https:\/\/sarmiento24h.com\/?s={search_term_string}"},"query-input":{"@type":"PropertyValueSpecification","valueRequired":true,"valueName":"search_term_string"}}],"inLanguage":"es"},{"@type":"Organization","@id":"https:\/\/sarmiento24h.com\/#organization","name":"Sarmiento24h","url":"https:\/\/sarmiento24h.com\/","logo":{"@type":"ImageObject","inLanguage":"es","@id":"https:\/\/sarmiento24h.com\/#\/schema\/logo\/image\/","url":"https:\/\/sarmiento24h.com\/wp-content\/uploads\/2025\/12\/AddText_12-16-10.30.52.jpg","contentUrl":"https:\/\/sarmiento24h.com\/wp-content\/uploads\/2025\/12\/AddText_12-16-10.30.52.jpg","width":1220,"height":324,"caption":"Sarmiento24h"},"image":{"@id":"https:\/\/sarmiento24h.com\/#\/schema\/logo\/image\/"},"sameAs":["https:\/\/facebook.com\/s24hnoticias","https:\/\/x.com\/sarmiento24h"]},{"@type":"Person","@id":"https:\/\/sarmiento24h.com\/#\/schema\/person\/d653a59725ad629a7e0429af7b939d4d","name":"sarmiento24h@gmail.com","image":{"@type":"ImageObject","inLanguage":"es","@id":"https:\/\/sarmiento24h.com\/wp-content\/litespeed\/avatar\/d02cbc4e23c747e6659cd45907173c8f.jpg?ver=1777157796","url":"https:\/\/sarmiento24h.com\/wp-content\/litespeed\/avatar\/d02cbc4e23c747e6659cd45907173c8f.jpg?ver=1777157796","contentUrl":"https:\/\/sarmiento24h.com\/wp-content\/litespeed\/avatar\/d02cbc4e23c747e6659cd45907173c8f.jpg?ver=1777157796","caption":"sarmiento24h@gmail.com"},"sameAs":["https:\/\/sarmiento24h.com"],"url":"https:\/\/sarmiento24h.com\/?author=1"}]}},"jetpack_publicize_connections":[],"jetpack_featured_media_url":"https:\/\/sarmiento24h.com\/wp-content\/uploads\/2026\/04\/adp-e-ideice-firman-convenio-para-fortalecer-la-investigacion-y-la-calidad-educativa-en-rd.png","jetpack_sharing_enabled":true,"_links":{"self":[{"href":"https:\/\/sarmiento24h.com\/index.php?rest_route=\/wp\/v2\/posts\/165758","targetHints":{"allow":["GET"]}}],"collection":[{"href":"https:\/\/sarmiento24h.com\/index.php?rest_route=\/wp\/v2\/posts"}],"about":[{"href":"https:\/\/sarmiento24h.com\/index.php?rest_route=\/wp\/v2\/types\/post"}],"author":[{"embeddable":true,"href":"https:\/\/sarmiento24h.com\/index.php?rest_route=\/wp\/v2\/users\/1"}],"replies":[{"embeddable":true,"href":"https:\/\/sarmiento24h.com\/index.php?rest_route=%2Fwp%2Fv2%2Fcomments&post=165758"}],"version-history":[{"count":0,"href":"https:\/\/sarmiento24h.com\/index.php?rest_route=\/wp\/v2\/posts\/165758\/revisions"}],"wp:featuredmedia":[{"embeddable":true,"href":"https:\/\/sarmiento24h.com\/index.php?rest_route=\/wp\/v2\/media\/165759"}],"wp:attachment":[{"href":"https:\/\/sarmiento24h.com\/index.php?rest_route=%2Fwp%2Fv2%2Fmedia&parent=165758"}],"wp:term":[{"taxonomy":"category","embeddable":true,"href":"https:\/\/sarmiento24h.com\/index.php?rest_route=%2Fwp%2Fv2%2Fcategories&post=165758"},{"taxonomy":"post_tag","embeddable":true,"href":"https:\/\/sarmiento24h.com\/index.php?rest_route=%2Fwp%2Fv2%2Ftags&post=165758"}],"curies":[{"name":"wp","href":"https:\/\/api.w.org\/{rel}","templated":true}]}}