{"id":165843,"date":"2026-04-30T04:58:41","date_gmt":"2026-04-30T04:58:41","guid":{"rendered":"http:\/\/3334f464-443f-11f1-8ec5-3727adde0967"},"modified":"2026-04-30T04:58:41","modified_gmt":"2026-04-30T04:58:41","slug":"penetracion-guerrillera-y-perturbacion-electoral-el-nuevo-capitulo-en-la-batalla-petro-noboa","status":"publish","type":"post","link":"https:\/\/sarmiento24h.com\/?p=165843","title":{"rendered":"Penetraci\u00f3n guerrillera y perturbaci\u00f3n electoral: el nuevo cap\u00edtulo en la batalla Petro-Noboa"},"content":{"rendered":"<p>Las redes sociales volvieron a convertirse este 29 de abril en campo de batalla para las diferencias entre <a href=\"https:\/\/www.france24.com\/es\/tag\/daniel-noboa\/\" target=\"_self\" class=\"gtm-add-suggested-tag\">Daniel Noboa<\/a> y <a href=\"https:\/\/www.france24.com\/es\/tag\/gustavo-petro\/\" target=\"_self\" class=\"gtm-add-suggested-tag\">Gustavo Petro<\/a>, aunque esta vez el presidente colombiano trat\u00f3 inicialmente de contener la escalada.<\/p>\n<p>El presidente de derecha Daniel Noboa comenz\u00f3 el intercambio, acusando al l\u00edder de izquierda Gustavo Petro de promover la entrada a <a href=\"https:\/\/www.france24.com\/es\/tag\/ecuador\/\" target=\"_self\" class=\"gtm-add-suggested-tag\">Ecuador<\/a> de grupos guerrilleros colombianos a trav\u00e9s de la frontera norte.<\/p>\n<p>\u00abVarias fuentes nos han informado de una incursi\u00f3n por la frontera norte de guerrilleros colombianos, impulsada por el Gobierno de Petro\u00bb, afirm\u00f3 Noboa, que ya ha acusado al mandatario colombiano de descuidar la frontera y de estar vinculado con el narcotraficante Jos\u00e9 Adolfo Mac\u00edas Villamar, alias &#8216;Fito&#8217;.<\/p>\n<p>\u00abPresidente Petro, ded\u00edquese a mejorar la vida de su gente en vez de querer exportar problemas a pa\u00edses vecinos\u00bb, agreg\u00f3 Noboa, sin aportar evidencias ni detalles sobre el punto exacto del supuesto desplazamiento guerrillero.<\/p>\n<div id=\"em-WBMZ387616-F24-ES-20260430\" class=\"m-em-flash\" data-xtwitter-script><figcaption class=\"a-figcaption\"> <\/figcaption><div class=\"o-em-consent \" readability=\"7\">\n<div class=\"o-em-consent__content\" readability=\"34\">\n<p class=\"o-em-consent__content__text\">Para mostrar este contenido de X (Twitter), debe autorizar las cookies de medici\u00f3n de audiencia y publicidad.<\/p>\n<p> <button class=\"a-master-button a-master-button--dark\" data-action=\"accept\"> Aceptar <svg class=\"a-svg a-svg--icon-check\"> <use xlink:href=\"\/build\/images\/svg\/sprite.c98bf387c90bc4a87186b0b783f15ba0.svg#icon-check\" href=\"\/build\/images\/svg\/sprite.c98bf387c90bc4a87186b0b783f15ba0.svg#icon-check\" \/> <\/svg> <\/button> <button class=\"a-link\" data-action=\"manage\">Gestionar mis opciones<i class=\"a-svg a-svg--icon-edit\"><\/i><\/button> <\/div>\n<\/div>\n<\/div>\n<p>Esta vez Petro, que ha amenazado con acciones legales a Noboa por sus se\u00f1alamientos sobre la supuesta relaci\u00f3n con \u2018Fito\u2019, prefiri\u00f3 evitar la confrontaci\u00f3n en su respuesta inicial e invit\u00f3 a Noboa a reunirse.<\/p>\n<p>\u00abVaya usted a la frontera norte y se encuentra conmigo y construimos la paz de esos territorios, deje de creer mentiras\u00bb, invit\u00f3 Petro, en un inusual esfuerzo por aligerar las tensiones en lugar de avivarlas.<\/p>\n<p>Sin embargo, poco despu\u00e9s public\u00f3 en X una fotograf\u00eda en la que su hom\u00f3logo ecuatoriano estrecha la mano del expresidente colombiano <a href=\"https:\/\/www.france24.com\/es\/tag\/\u00e1lvaro-uribe\/\" target=\"_self\" class=\"gtm-add-suggested-tag\">\u00c1lvaro Uribe<\/a> y lanz\u00f3 su propia acusaci\u00f3n: \u201cLa alianza Uribe\/Noboa intenta agredir las elecciones de Colombia\u201d.<\/p>\n<p>M\u00e1s adelante agreg\u00f3: \u201cEstamos ante el esfuerzo de <a href=\"https:\/\/www.france24.com\/es\/tag\/extrema-derecha\/\" target=\"_self\" class=\"gtm-add-suggested-tag\">extrema derecha<\/a> de llenar de miedo las urnas y nosotros las llenamos de esperanza\u201d.<\/p>\n<div id=\"em-WBMZ387617-F24-ES-20260430\" class=\"m-em-flash\" data-xtwitter-script><figcaption class=\"a-figcaption\"> <\/figcaption><div class=\"o-em-consent \" readability=\"7\">\n<div class=\"o-em-consent__content\" readability=\"34\">\n<p class=\"o-em-consent__content__text\">Para mostrar este contenido de X (Twitter), debe autorizar las cookies de medici\u00f3n de audiencia y publicidad.<\/p>\n<p> <button class=\"a-master-button a-master-button--dark\" data-action=\"accept\"> Aceptar <svg class=\"a-svg a-svg--icon-check\"> <use xlink:href=\"\/build\/images\/svg\/sprite.c98bf387c90bc4a87186b0b783f15ba0.svg#icon-check\" href=\"\/build\/images\/svg\/sprite.c98bf387c90bc4a87186b0b783f15ba0.svg#icon-check\" \/> <\/svg> <\/button> <button class=\"a-link\" data-action=\"manage\">Gestionar mis opciones<i class=\"a-svg a-svg--icon-edit\"><\/i><\/button> <\/div>\n<\/div>\n<\/div>\n<p>En la misma publicaci\u00f3n, Petro sostuvo que \u201cen <a href=\"https:\/\/www.france24.com\/es\/tag\/colombia\/\" target=\"_self\" class=\"gtm-add-suggested-tag\">Colombia<\/a> no existen guerrilleros, existen grupos armados del narcotr\u00e1fico\u201d, para luego a\u00f1adir: \u201cSabemos que armas y explosivos entran por la frontera de Ecuador con destino a los frentes de los narcos en el Cauca (una convulsa regi\u00f3n del suroeste colombiano)\u201d.<\/p>\n<p>En consecuencia, orden\u00f3 un \u201cplan candado\u201d -como denomina al refuerzo de la presencia militar- en Cali, Jamund\u00ed y Palmira (aleda\u00f1as al Cauca), para \u201cimpedir entrada de armas\u201d.<\/p>\n<p class=\"a-read-more\"><span class=\"a-read-more__label\">Leer tambi\u00e9n<\/span><a href=\"https:\/\/www.france24.com\/es\/am\u00e9rica-latina\/20260419-diferencias-entre-colombia-y-ecuador-llegar\u00e1n-a-tribunales-petro-anuncia-demanda-contra-noboa\" target=\"_self\" class=\"a-read-more__link\">Diferencias entre Colombia y Ecuador llegar\u00e1n a tribunales: Petro anuncia demanda contra Noboa<\/a><\/p>\n<h2><strong>Una historia con muchos cap\u00edtulos<\/strong><\/h2>\n<p>El enfrentamiento entre Petro y Noboa se inici\u00f3 con las acusaciones del ecuatoriano de que su colega hab\u00eda descuidado la seguridad en la frontera, lo que habr\u00eda sido, seg\u00fan \u00e9l, el germen del repunte de la <a href=\"https:\/\/www.france24.com\/es\/tag\/violencia\/\" target=\"_self\" class=\"gtm-add-suggested-tag\">violencia<\/a> criminal que ha obligado a decretar toques de queda en nueve provincias ecuatorianas.<\/p>\n<p>Ese se\u00f1alamiento estuvo acompa\u00f1ado por la decisi\u00f3n de imponer un arancel de 30% a los productos colombianos, a modo de represalia comercial. Luego de que Petro respondiera con medidas similares, Noboa ha elevado hasta 100% los impuestos a las importaciones desde el vecino pa\u00eds.<\/p>\n<p>Las diferencias se agravaron cuando Ecuador comenz\u00f3 operaciones conjuntas al lado de fuerzas estadounidenses, que han incluido bombardeos contra supuestos campamentos de bandas criminales cerca de la frontera com\u00fan.<\/p>\n<div class=\"em-video-wrapper m-em-video\" data-media-video-wbmz387619-f24-es-20260430 data-wrapper-video-player data-show-hidden-video-player=\"WBMZ387619-F24-ES-20260430\" data-youtube-script>\n<div class=\"m-em-video__video\">\n<div class=\"o-em-consent \" readability=\"7\">\n<div class=\"o-em-consent__content\" readability=\"34\">\n<p class=\"o-em-consent__content__text\">Para mostrar este contenido de YouTube, debe autorizar las cookies de medici\u00f3n de audiencia y publicidad.<\/p>\n<p> <button class=\"a-master-button a-master-button--dark\" data-action=\"accept\"> Aceptar <svg class=\"a-svg a-svg--icon-check\"> <use xlink:href=\"\/build\/images\/svg\/sprite.c98bf387c90bc4a87186b0b783f15ba0.svg#icon-check\" href=\"\/build\/images\/svg\/sprite.c98bf387c90bc4a87186b0b783f15ba0.svg#icon-check\" \/> <\/svg> <\/button> <button class=\"a-link\" data-action=\"manage\">Gestionar mis opciones<i class=\"a-svg a-svg--icon-edit\"><\/i><\/button> <\/div>\n<\/div>\n<div class=\"o-em-adblock\" data-adblock-content readability=\"7\">\n<div class=\"o-em-adblock__content\" readability=\"34\">\n<p class=\"o-em-adblock__content__text\">Una extensi\u00f3n de tu navegador parece estar bloqueando la carga del reproductor de video. Para poder ver este contenido, debes desactivarla en este sitio.<\/p>\n<p> <button class=\"a-master-button a-master-button--dark\" data-action=\"reload\">Reintentar<\/button> <\/div>\n<\/div>\n<figure class=\"m-item-image m-item-image--16x9 m-item-image--has-caption\"> <picture class=\"a-picture a-picture--16x9\"><source type=\"image\/webp\" srcset=\"https:\/\/s.france24.com\/media\/display\/faaa2bf4-fd1d-11f0-89d3-005056bf30b7\/w:388\/p:16x9\/Presidente-Gustavo-Petro-y-u-homo%CC%81logo-Daniel-Noboa.webp 388w, https:\/\/s.france24.com\/media\/display\/faaa2bf4-fd1d-11f0-89d3-005056bf30b7\/w:720\/p:16x9\/Presidente-Gustavo-Petro-y-u-homo%CC%81logo-Daniel-Noboa.webp 720w, https:\/\/s.france24.com\/media\/display\/faaa2bf4-fd1d-11f0-89d3-005056bf30b7\/w:1024\/p:16x9\/Presidente-Gustavo-Petro-y-u-homo%CC%81logo-Daniel-Noboa.webp 1024w\" sizes=\"(max-width: 639px) calc(100vw - 32px), (max-width: 1076px) calc(100vw - 44px), 850px\"><img fetchpriority=\"low\" decoding=\"async\" src=\"https:\/\/s.france24.com\/media\/display\/faaa2bf4-fd1d-11f0-89d3-005056bf30b7\/w:1024\/p:16x9\/Presidente-Gustavo-Petro-y-u-homo%CC%81logo-Daniel-Noboa.png\" srcset=\"https:\/\/s.france24.com\/media\/display\/faaa2bf4-fd1d-11f0-89d3-005056bf30b7\/w:388\/p:16x9\/Presidente-Gustavo-Petro-y-u-homo%CC%81logo-Daniel-Noboa.png 388w, https:\/\/s.france24.com\/media\/display\/faaa2bf4-fd1d-11f0-89d3-005056bf30b7\/w:720\/p:16x9\/Presidente-Gustavo-Petro-y-u-homo%CC%81logo-Daniel-Noboa.png 720w, https:\/\/s.france24.com\/media\/display\/faaa2bf4-fd1d-11f0-89d3-005056bf30b7\/w:1024\/p:16x9\/Presidente-Gustavo-Petro-y-u-homo%CC%81logo-Daniel-Noboa.png 1024w\" sizes=\"auto, (max-width: 639px) calc(100vw - 32px), (max-width: 1076px) calc(100vw - 44px), 850px\" width=\"1024\" height=\"576\" alt=\"El presidente de Colombia, Gustavo Petro, y su hom\u00f3logo ecuatoriano, Daniel Noboa.\" loading=\"lazy\" class=\"a-img \">\n<\/picture><figcaption class=\"a-figcaption\"> <span>El presidente de Colombia, Gustavo Petro, y su hom\u00f3logo ecuatoriano, Daniel Noboa.<\/span> <span>\u00a9 France 24<\/span> <\/figcaption><\/figure>\n<\/p><\/div>\n<\/p><\/div>\n<p>Petro se quej\u00f3 de que un proyectil lanzado desde Ecuador hab\u00eda dejado \u201c27 cuerpos calcinados\u201d en el departamento de Putumayo, pero el Instituto de Medicina Legal colombiano solo pudo verificar 14 v\u00edctimas, que habr\u00edan muerto en el incendio de un laboratorio clandestino de <a href=\"https:\/\/www.france24.com\/es\/tag\/drogas\/\" target=\"_self\" class=\"gtm-add-suggested-tag\">drogas<\/a> en otro departamento, el de Nari\u00f1o, y no producto de un bombardeo.<\/p>\n<p>Las tensiones prosiguieron con una solicitud de Petro de liberar al expresidente ecuatoriano <a href=\"https:\/\/www.france24.com\/es\/tag\/jorge-glas\/\" target=\"_self\" class=\"gtm-add-suggested-tag\">Jorge Glas<\/a>, que fue extra\u00eddo de la embajada de <a href=\"https:\/\/www.france24.com\/es\/tag\/m\u00e9xico\/\" target=\"_self\" class=\"gtm-add-suggested-tag\">M\u00e9xico<\/a> (donde hab\u00eda pedido asilo), en una pol\u00e9mica operaci\u00f3n que caus\u00f3 el enfriamiento de relaciones entre Ciudad de M\u00e9xico y Quito.<\/p>\n<p>El mandatario colombiano asegur\u00f3 que Ecuador estaba \u201cdejando morir de hambre al ciudadano colombiano\u201d Glas, a quien consider\u00f3 un preso pol\u00edtico, a lo que Noboa respondi\u00f3 que el exfuncionario del Gobierno de <a href=\"https:\/\/www.france24.com\/es\/tag\/rafael-correa\/\" target=\"_self\" class=\"gtm-add-suggested-tag\">Rafael Correa<\/a> era \u201cun corrupto que debe responder al Ecuador\u201d.<\/p>\n<p>Noboa ofreci\u00f3 luego unas pol\u00e9micas declaraciones a la revista colombiana &#8216;Semana&#8217;, en las que afirm\u00f3 que cuando Petro estuvo en Ecuador en ocasi\u00f3n de su toma de posesi\u00f3n, en mayo de 2025, hizo un \u201cmisterioso\u201d viaje a Manta en el que \u00abse reuni\u00f3 con miembros de la Revoluci\u00f3n Ciudadana, y algunos de esos miembros tienen nexos con alias &#8216;Fito'\u00bb.<\/p>\n<p>Se refer\u00eda al movimiento pol\u00edtico liderado por Correa y al cabecilla de la banda criminal m\u00e1s antigua de Ecuador, los \u2018Choneros\u2019, y extraditado a <a href=\"https:\/\/www.france24.com\/es\/tag\/estados-unidos\/\" target=\"_self\" class=\"gtm-add-suggested-tag\">Estados Unidos<\/a> en junio de 2025, luego de que se fugara de una c\u00e1rcel de Guayaquil.<\/p>\n<p>Petro amenaz\u00f3 con emprender acciones judiciales por lo que consider\u00f3 una \u201ccalumnia\u201d.<\/p>\n<div class=\"em-video-wrapper m-em-video\" data-media-video-wbmz387622-f24-es-20260430 data-wrapper-video-player data-show-hidden-video-player=\"WBMZ387622-F24-ES-20260430\" data-youtube-script>\n<div class=\"m-em-video__video\">\n<div class=\"o-em-consent \" readability=\"7\">\n<div class=\"o-em-consent__content\" readability=\"34\">\n<p class=\"o-em-consent__content__text\">Para mostrar este contenido de YouTube, debe autorizar las cookies de medici\u00f3n de audiencia y publicidad.<\/p>\n<p> <button class=\"a-master-button a-master-button--dark\" data-action=\"accept\"> Aceptar <svg class=\"a-svg a-svg--icon-check\"> <use xlink:href=\"\/build\/images\/svg\/sprite.c98bf387c90bc4a87186b0b783f15ba0.svg#icon-check\" href=\"\/build\/images\/svg\/sprite.c98bf387c90bc4a87186b0b783f15ba0.svg#icon-check\" \/> <\/svg> <\/button> <button class=\"a-link\" data-action=\"manage\">Gestionar mis opciones<i class=\"a-svg a-svg--icon-edit\"><\/i><\/button> <\/div>\n<\/div>\n<div class=\"o-em-adblock\" data-adblock-content readability=\"7\">\n<div class=\"o-em-adblock__content\" readability=\"34\">\n<p class=\"o-em-adblock__content__text\">Una extensi\u00f3n de tu navegador parece estar bloqueando la carga del reproductor de video. Para poder ver este contenido, debes desactivarla en este sitio.<\/p>\n<p> <button class=\"a-master-button a-master-button--dark\" data-action=\"reload\">Reintentar<\/button> <\/div>\n<\/div>\n<figure class=\"m-item-image m-item-image--16x9 m-item-image--has-caption\"> <picture class=\"a-picture a-picture--16x9\"><source type=\"image\/webp\" srcset=\"https:\/\/s.france24.com\/media\/display\/419c7a46-4321-11f1-8f19-005056bf30b7\/w:388\/p:16x9\/AP26116548767032.webp 388w, https:\/\/s.france24.com\/media\/display\/419c7a46-4321-11f1-8f19-005056bf30b7\/w:720\/p:16x9\/AP26116548767032.webp 720w, https:\/\/s.france24.com\/media\/display\/419c7a46-4321-11f1-8f19-005056bf30b7\/w:1024\/p:16x9\/AP26116548767032.webp 1024w\" sizes=\"(max-width: 639px) calc(100vw - 32px), (max-width: 1076px) calc(100vw - 44px), 850px\"><img fetchpriority=\"low\" decoding=\"async\" src=\"https:\/\/s.france24.com\/media\/display\/419c7a46-4321-11f1-8f19-005056bf30b7\/w:1024\/p:16x9\/AP26116548767032.jpg\" srcset=\"https:\/\/s.france24.com\/media\/display\/419c7a46-4321-11f1-8f19-005056bf30b7\/w:388\/p:16x9\/AP26116548767032.jpg 388w, https:\/\/s.france24.com\/media\/display\/419c7a46-4321-11f1-8f19-005056bf30b7\/w:720\/p:16x9\/AP26116548767032.jpg 720w, https:\/\/s.france24.com\/media\/display\/419c7a46-4321-11f1-8f19-005056bf30b7\/w:1024\/p:16x9\/AP26116548767032.jpg 1024w\" sizes=\"auto, (max-width: 639px) calc(100vw - 32px), (max-width: 1076px) calc(100vw - 44px), 850px\" width=\"1024\" height=\"576\" alt=\"Una ola de atentados sacude a Colombia en medio del proceso electoral de 2026.\" loading=\"lazy\" class=\"a-img \">\n<\/picture><figcaption class=\"a-figcaption\"> <span>Una ola de atentados sacude a Colombia en medio del proceso electoral de 2026.<\/span> <span>AP &#8211; Santiago Saldarriaga<\/span> <\/figcaption><\/figure>\n<\/p><\/div>\n<\/p><\/div>\n<p>El lunes 27 de abril, el l\u00edder de izquierda pidi\u00f3 a las <a href=\"https:\/\/www.france24.com\/es\/tag\/fuerzas-armadas\/\" target=\"_self\" class=\"gtm-add-suggested-tag\">Fuerzas Armadas<\/a> investigar si los explosivos empleados en el atentado que dej\u00f3 21 muertos en la v\u00eda Panamericana, en el departamento del Cauca, el 25 de abril ven\u00edan de Ecuador.<\/p>\n<p>Petro citaba \u201cfuentes\u201d que le dicen que \u201cen general los explosivos que le llegan a los frentes del Cauca de la junta del <a href=\"https:\/\/www.france24.com\/es\/tag\/narcotr\u00e1fico\/\" target=\"_self\" class=\"gtm-add-suggested-tag\">narcotr\u00e1fico<\/a> vienen de Ecuador\u201d.<\/p>\n<p>Las disidencias de las <a href=\"https:\/\/www.france24.com\/es\/tag\/farc\/\" target=\"_self\" class=\"gtm-add-suggested-tag\">FARC<\/a> se atribuyeron la autor\u00eda del atentado, que tambi\u00e9n dej\u00f3 56 heridos, reconociendo que hab\u00eda sido \u201cun error t\u00e1ctico\u201d mientras intentaban una maniobra contra el Ej\u00e9rcito, y la Polic\u00eda colombiana anunci\u00f3 la captura de Jos\u00e9 Alex Vitonc\u00f3, alias &#8216;Mi Pez&#8217;, un l\u00edder del Estado Mayor Central que ser\u00eda el principal sospechoso del ataque.<\/p>\n<p class=\"a-read-more\"><span class=\"a-read-more__label\">Leer tambi\u00e9n<\/span><a href=\"https:\/\/www.france24.com\/es\/programas\/el-debate\/20260422-noboa-vs-petro-qu\u00e9-hay-detr\u00e1s-de-sus-acusaciones-cruzadas\" target=\"_self\" class=\"a-read-more__link\">Noboa vs. Petro: \u00bfqu\u00e9 hay detr\u00e1s de sus acusaciones cruzadas?<\/a><\/p>\n<h2><strong>\u00bfUn ataque contra la campa\u00f1a?<\/strong><\/h2>\n<p>La escalada de tensiones encuentra a Colombia en un momento particularmente sensible, a poco m\u00e1s de un mes de unas elecciones generales en las que el <a href=\"https:\/\/www.france24.com\/es\/tag\/pacto-hist\u00f3rico\/\" target=\"_self\" class=\"gtm-add-suggested-tag\">Pacto Hist\u00f3rico<\/a>, de Petro, se juega su permanencia en el poder, con el senador y antiguo facilitador de los di\u00e1logos de paz, <a href=\"https:\/\/www.france24.com\/es\/tag\/iv\u00e1n-cepeda\/\" target=\"_self\" class=\"gtm-add-suggested-tag\">Iv\u00e1n Cepeda<\/a>, como su candidato.<\/p>\n<p>Stephanie Mac\u00edas, estratega de comunicaci\u00f3n pol\u00edtica, <a href=\"https:\/\/www.ecuavisa.com\/politica\/pelea-noboa-petro-elecciones-presidenciales-colombia-20260424-0108.html\" target=\"_blank\">le dijo al canal \u2018Ecuavisa\u2019 <\/a>que el enfrentamiento entre Petro y Noboa ha dejado de ser \u201cun tema binacional\u201d para convertirse en \u201cun tema de plataforma electoral\u201d.<\/p>\n<p>La analista pol\u00edtica Andrea Grijalva, en declaraciones al mismo medio ecuatoriano, afirm\u00f3 que la situaci\u00f3n constituye \u201cun golpe hacia la imagen\u201d de Petro, porque refuerza las cr\u00edticas que los principales candidatos de derecha, <a href=\"https:\/\/www.france24.com\/es\/tag\/paloma-valencia\/\" target=\"_self\" class=\"gtm-add-suggested-tag\">Paloma Valencia<\/a> y Abelardo de la Espriella, le han hecho \u201cpor el manejo en la frontera\u201d.<\/p>\n<div class=\"em-video-wrapper m-em-video\" data-media-video-wbmz387632-f24-es-20260430 data-wrapper-video-player data-show-hidden-video-player=\"WBMZ387632-F24-ES-20260430\" data-youtube-script>\n<div class=\"m-em-video__video\">\n<div class=\"o-em-consent \" readability=\"7\">\n<div class=\"o-em-consent__content\" readability=\"34\">\n<p class=\"o-em-consent__content__text\">Para mostrar este contenido de YouTube, debe autorizar las cookies de medici\u00f3n de audiencia y publicidad.<\/p>\n<p> <button class=\"a-master-button a-master-button--dark\" data-action=\"accept\"> Aceptar <svg class=\"a-svg a-svg--icon-check\"> <use xlink:href=\"\/build\/images\/svg\/sprite.c98bf387c90bc4a87186b0b783f15ba0.svg#icon-check\" href=\"\/build\/images\/svg\/sprite.c98bf387c90bc4a87186b0b783f15ba0.svg#icon-check\" \/> <\/svg> <\/button> <button class=\"a-link\" data-action=\"manage\">Gestionar mis opciones<i class=\"a-svg a-svg--icon-edit\"><\/i><\/button> <\/div>\n<\/div>\n<div class=\"o-em-adblock\" data-adblock-content readability=\"7\">\n<div class=\"o-em-adblock__content\" readability=\"34\">\n<p class=\"o-em-adblock__content__text\">Una extensi\u00f3n de tu navegador parece estar bloqueando la carga del reproductor de video. Para poder ver este contenido, debes desactivarla en este sitio.<\/p>\n<p> <button class=\"a-master-button a-master-button--dark\" data-action=\"reload\">Reintentar<\/button> <\/div>\n<\/div>\n<figure class=\"m-item-image m-item-image--16x9 m-item-image--has-caption\"> <picture class=\"a-picture a-picture--16x9\"><source type=\"image\/webp\" srcset=\"https:\/\/s.france24.com\/media\/display\/0ff7d600-417a-11f1-9327-005056bfb2b6\/w:388\/p:16x9\/2026-04-26T133606Z-1665061850-RC20XKAETLFZ-RTRMADP-3-COLOMBIA-VIOLENCE.webp 388w, https:\/\/s.france24.com\/media\/display\/0ff7d600-417a-11f1-9327-005056bfb2b6\/w:720\/p:16x9\/2026-04-26T133606Z-1665061850-RC20XKAETLFZ-RTRMADP-3-COLOMBIA-VIOLENCE.webp 720w, https:\/\/s.france24.com\/media\/display\/0ff7d600-417a-11f1-9327-005056bfb2b6\/w:1024\/p:16x9\/2026-04-26T133606Z-1665061850-RC20XKAETLFZ-RTRMADP-3-COLOMBIA-VIOLENCE.webp 1024w\" sizes=\"(max-width: 639px) calc(100vw - 32px), (max-width: 1076px) calc(100vw - 44px), 850px\"><img fetchpriority=\"low\" decoding=\"async\" src=\"https:\/\/s.france24.com\/media\/display\/0ff7d600-417a-11f1-9327-005056bfb2b6\/w:1024\/p:16x9\/2026-04-26T133606Z-1665061850-RC20XKAETLFZ-RTRMADP-3-COLOMBIA-VIOLENCE.jpg\" srcset=\"https:\/\/s.france24.com\/media\/display\/0ff7d600-417a-11f1-9327-005056bfb2b6\/w:388\/p:16x9\/2026-04-26T133606Z-1665061850-RC20XKAETLFZ-RTRMADP-3-COLOMBIA-VIOLENCE.jpg 388w, https:\/\/s.france24.com\/media\/display\/0ff7d600-417a-11f1-9327-005056bfb2b6\/w:720\/p:16x9\/2026-04-26T133606Z-1665061850-RC20XKAETLFZ-RTRMADP-3-COLOMBIA-VIOLENCE.jpg 720w, https:\/\/s.france24.com\/media\/display\/0ff7d600-417a-11f1-9327-005056bfb2b6\/w:1024\/p:16x9\/2026-04-26T133606Z-1665061850-RC20XKAETLFZ-RTRMADP-3-COLOMBIA-VIOLENCE.jpg 1024w\" sizes=\"auto, (max-width: 639px) calc(100vw - 32px), (max-width: 1076px) calc(100vw - 44px), 850px\" width=\"1024\" height=\"576\" alt=\"Personas caminan junto a veh\u00edculos destruidos tras un ataque con explosivos que mat\u00f3 a m\u00e1s de una decena de personas en la v\u00eda Panamericana, en la zona de El T\u00fanel de Cajib\u00edo, Colombia, 26 de abril de 2026.\" loading=\"lazy\" class=\"a-img \">\n<\/picture><figcaption class=\"a-figcaption\"> <span>Personas caminan junto a veh\u00edculos destruidos tras un ataque con explosivos que mat\u00f3 a m\u00e1s de una decena de personas en la v\u00eda Panamericana, en la zona de El T\u00fanel de Cajib\u00edo, Colombia, 26 de abril de 2026.<\/span> <span>\u00a9 Jair Coll, Reuters<\/span> <\/figcaption><\/figure>\n<\/p><\/div>\n<\/p><\/div>\n<p>Petro ha denunciado: \u201cNos quieren sabotear las elecciones para que gane la extrema derecha por miedo y usan sus frentes narcotraficantes. Es una hip\u00f3tesis a confirmar, pero cada vez m\u00e1s estrecha\u201d.<\/p>\n<p>Cepeda, por su parte, se ha mostrado \u00abprofundamente preocupado de&nbsp;que estas acciones terroristas se presenten en regiones del sur del pa\u00eds donde existe un amplio respaldo ciudadano\u00bb a&nbsp; su proyecto pol\u00edtico.<\/p>\n<p class=\"a-read-more\"><span class=\"a-read-more__label\">Leer tambi\u00e9n<\/span><a href=\"https:\/\/www.france24.com\/es\/programas\/el-debate\/20260129-pulso-comercial-entre-ecuador-y-colombia-los-costos-de-una-guerra-de-aranceles\" target=\"_self\" class=\"a-read-more__link\">Pulso comercial entre Ecuador y Colombia: los costos de una guerra de aranceles<\/a><\/p>\n<p>Con EFE y medios locales<\/p>\n","protected":false},"excerpt":{"rendered":"<p>Las redes sociales volvieron a convertirse este&#46;&#46;&#46;<\/p>\n","protected":false},"author":1,"featured_media":165844,"comment_status":"closed","ping_status":"closed","sticky":false,"template":"","format":"standard","meta":{"_jetpack_memberships_contains_paid_content":false,"footnotes":"","jetpack_publicize_message":"","jetpack_publicize_feature_enabled":true,"jetpack_social_post_already_shared":true,"jetpack_social_options":{"image_generator_settings":{"template":"highway","default_image_id":0,"font":"","enabled":false},"version":2}},"categories":[43],"tags":[],"class_list":["post-165843","post","type-post","status-publish","format-standard","has-post-thumbnail","hentry","category-internacionales"],"yoast_head":"<!-- This site is optimized with the Yoast SEO plugin v27.3 - https:\/\/yoast.com\/product\/yoast-seo-wordpress\/ -->\n<title>Penetraci\u00f3n guerrillera y perturbaci\u00f3n electoral: el nuevo cap\u00edtulo en la batalla Petro-Noboa - Sarmiento24h<\/title>\n<meta name=\"robots\" content=\"index, follow, max-snippet:-1, max-image-preview:large, max-video-preview:-1\" \/>\n<link rel=\"canonical\" href=\"https:\/\/sarmiento24h.com\/?p=165843\" \/>\n<meta property=\"og:locale\" content=\"es_ES\" \/>\n<meta property=\"og:type\" content=\"article\" \/>\n<meta property=\"og:title\" content=\"Penetraci\u00f3n guerrillera y perturbaci\u00f3n electoral: el nuevo cap\u00edtulo en la batalla Petro-Noboa - Sarmiento24h\" \/>\n<meta property=\"og:description\" content=\"Las redes sociales volvieron a convertirse este&#046;&#046;&#046;\" \/>\n<meta property=\"og:url\" content=\"https:\/\/sarmiento24h.com\/?p=165843\" \/>\n<meta property=\"og:site_name\" content=\"Sarmiento24h\" \/>\n<meta property=\"article:publisher\" content=\"https:\/\/facebook.com\/s24hnoticias\" \/>\n<meta property=\"article:published_time\" content=\"2026-04-30T04:58:41+00:00\" \/>\n<meta property=\"og:image\" content=\"https:\/\/s.france24.com\/media\/display\/faaa2bf4-fd1d-11f0-89d3-005056bf30b7\/w:1024\/p:16x9\/Presidente-Gustavo-Petro-y-u-homo%CC%81logo-Daniel-Noboa.png\" \/>\n<meta name=\"author\" content=\"sarmiento24h@gmail.com\" \/>\n<meta name=\"twitter:card\" content=\"summary_large_image\" \/>\n<meta name=\"twitter:creator\" content=\"@sarmiento24h\" \/>\n<meta name=\"twitter:site\" content=\"@sarmiento24h\" \/>\n<meta name=\"twitter:label1\" content=\"Escrito por\" \/>\n\t<meta name=\"twitter:data1\" content=\"sarmiento24h@gmail.com\" \/>\n\t<meta name=\"twitter:label2\" content=\"Tiempo de lectura\" \/>\n\t<meta name=\"twitter:data2\" content=\"7 minutos\" \/>\n<script type=\"application\/ld+json\" class=\"yoast-schema-graph\">{\"@context\":\"https:\\\/\\\/schema.org\",\"@graph\":[{\"@type\":\"Article\",\"@id\":\"https:\\\/\\\/sarmiento24h.com\\\/?p=165843#article\",\"isPartOf\":{\"@id\":\"https:\\\/\\\/sarmiento24h.com\\\/?p=165843\"},\"author\":{\"name\":\"sarmiento24h@gmail.com\",\"@id\":\"https:\\\/\\\/sarmiento24h.com\\\/#\\\/schema\\\/person\\\/d653a59725ad629a7e0429af7b939d4d\"},\"headline\":\"Penetraci\u00f3n guerrillera y perturbaci\u00f3n electoral: el nuevo cap\u00edtulo en la batalla Petro-Noboa\",\"datePublished\":\"2026-04-30T04:58:41+00:00\",\"mainEntityOfPage\":{\"@id\":\"https:\\\/\\\/sarmiento24h.com\\\/?p=165843\"},\"wordCount\":1453,\"publisher\":{\"@id\":\"https:\\\/\\\/sarmiento24h.com\\\/#organization\"},\"image\":{\"@id\":\"https:\\\/\\\/sarmiento24h.com\\\/?p=165843#primaryimage\"},\"thumbnailUrl\":\"https:\\\/\\\/sarmiento24h.com\\\/wp-content\\\/uploads\\\/2026\\\/04\\\/penetracion-guerrillera-y-perturbacion-electoral-el-nuevo-capitulo-en-la-batalla-petro-noboa.png\",\"articleSection\":[\"Internacionales\"],\"inLanguage\":\"es\"},{\"@type\":\"WebPage\",\"@id\":\"https:\\\/\\\/sarmiento24h.com\\\/?p=165843\",\"url\":\"https:\\\/\\\/sarmiento24h.com\\\/?p=165843\",\"name\":\"Penetraci\u00f3n guerrillera y perturbaci\u00f3n electoral: el nuevo cap\u00edtulo en la batalla Petro-Noboa - Sarmiento24h\",\"isPartOf\":{\"@id\":\"https:\\\/\\\/sarmiento24h.com\\\/#website\"},\"primaryImageOfPage\":{\"@id\":\"https:\\\/\\\/sarmiento24h.com\\\/?p=165843#primaryimage\"},\"image\":{\"@id\":\"https:\\\/\\\/sarmiento24h.com\\\/?p=165843#primaryimage\"},\"thumbnailUrl\":\"https:\\\/\\\/sarmiento24h.com\\\/wp-content\\\/uploads\\\/2026\\\/04\\\/penetracion-guerrillera-y-perturbacion-electoral-el-nuevo-capitulo-en-la-batalla-petro-noboa.png\",\"datePublished\":\"2026-04-30T04:58:41+00:00\",\"breadcrumb\":{\"@id\":\"https:\\\/\\\/sarmiento24h.com\\\/?p=165843#breadcrumb\"},\"inLanguage\":\"es\",\"potentialAction\":[{\"@type\":\"ReadAction\",\"target\":[\"https:\\\/\\\/sarmiento24h.com\\\/?p=165843\"]}]},{\"@type\":\"ImageObject\",\"inLanguage\":\"es\",\"@id\":\"https:\\\/\\\/sarmiento24h.com\\\/?p=165843#primaryimage\",\"url\":\"https:\\\/\\\/sarmiento24h.com\\\/wp-content\\\/uploads\\\/2026\\\/04\\\/penetracion-guerrillera-y-perturbacion-electoral-el-nuevo-capitulo-en-la-batalla-petro-noboa.png\",\"contentUrl\":\"https:\\\/\\\/sarmiento24h.com\\\/wp-content\\\/uploads\\\/2026\\\/04\\\/penetracion-guerrillera-y-perturbacion-electoral-el-nuevo-capitulo-en-la-batalla-petro-noboa.png\",\"width\":1024,\"height\":576},{\"@type\":\"BreadcrumbList\",\"@id\":\"https:\\\/\\\/sarmiento24h.com\\\/?p=165843#breadcrumb\",\"itemListElement\":[{\"@type\":\"ListItem\",\"position\":1,\"name\":\"Home\",\"item\":\"https:\\\/\\\/sarmiento24h.com\\\/\"},{\"@type\":\"ListItem\",\"position\":2,\"name\":\"Penetraci\u00f3n guerrillera y perturbaci\u00f3n electoral: el nuevo cap\u00edtulo en la batalla Petro-Noboa\"}]},{\"@type\":\"WebSite\",\"@id\":\"https:\\\/\\\/sarmiento24h.com\\\/#website\",\"url\":\"https:\\\/\\\/sarmiento24h.com\\\/\",\"name\":\"Sarmiento24h\",\"description\":\"\",\"publisher\":{\"@id\":\"https:\\\/\\\/sarmiento24h.com\\\/#organization\"},\"potentialAction\":[{\"@type\":\"SearchAction\",\"target\":{\"@type\":\"EntryPoint\",\"urlTemplate\":\"https:\\\/\\\/sarmiento24h.com\\\/?s={search_term_string}\"},\"query-input\":{\"@type\":\"PropertyValueSpecification\",\"valueRequired\":true,\"valueName\":\"search_term_string\"}}],\"inLanguage\":\"es\"},{\"@type\":\"Organization\",\"@id\":\"https:\\\/\\\/sarmiento24h.com\\\/#organization\",\"name\":\"Sarmiento24h\",\"url\":\"https:\\\/\\\/sarmiento24h.com\\\/\",\"logo\":{\"@type\":\"ImageObject\",\"inLanguage\":\"es\",\"@id\":\"https:\\\/\\\/sarmiento24h.com\\\/#\\\/schema\\\/logo\\\/image\\\/\",\"url\":\"https:\\\/\\\/sarmiento24h.com\\\/wp-content\\\/uploads\\\/2025\\\/12\\\/AddText_12-16-10.30.52.jpg\",\"contentUrl\":\"https:\\\/\\\/sarmiento24h.com\\\/wp-content\\\/uploads\\\/2025\\\/12\\\/AddText_12-16-10.30.52.jpg\",\"width\":1220,\"height\":324,\"caption\":\"Sarmiento24h\"},\"image\":{\"@id\":\"https:\\\/\\\/sarmiento24h.com\\\/#\\\/schema\\\/logo\\\/image\\\/\"},\"sameAs\":[\"https:\\\/\\\/facebook.com\\\/s24hnoticias\",\"https:\\\/\\\/x.com\\\/sarmiento24h\"]},{\"@type\":\"Person\",\"@id\":\"https:\\\/\\\/sarmiento24h.com\\\/#\\\/schema\\\/person\\\/d653a59725ad629a7e0429af7b939d4d\",\"name\":\"sarmiento24h@gmail.com\",\"image\":{\"@type\":\"ImageObject\",\"inLanguage\":\"es\",\"@id\":\"https:\\\/\\\/sarmiento24h.com\\\/wp-content\\\/litespeed\\\/avatar\\\/d02cbc4e23c747e6659cd45907173c8f.jpg?ver=1777157796\",\"url\":\"https:\\\/\\\/sarmiento24h.com\\\/wp-content\\\/litespeed\\\/avatar\\\/d02cbc4e23c747e6659cd45907173c8f.jpg?ver=1777157796\",\"contentUrl\":\"https:\\\/\\\/sarmiento24h.com\\\/wp-content\\\/litespeed\\\/avatar\\\/d02cbc4e23c747e6659cd45907173c8f.jpg?ver=1777157796\",\"caption\":\"sarmiento24h@gmail.com\"},\"sameAs\":[\"https:\\\/\\\/sarmiento24h.com\"],\"url\":\"https:\\\/\\\/sarmiento24h.com\\\/?author=1\"}]}<\/script>\n<!-- \/ Yoast SEO plugin. -->","yoast_head_json":{"title":"Penetraci\u00f3n guerrillera y perturbaci\u00f3n electoral: el nuevo cap\u00edtulo en la batalla Petro-Noboa - Sarmiento24h","robots":{"index":"index","follow":"follow","max-snippet":"max-snippet:-1","max-image-preview":"max-image-preview:large","max-video-preview":"max-video-preview:-1"},"canonical":"https:\/\/sarmiento24h.com\/?p=165843","og_locale":"es_ES","og_type":"article","og_title":"Penetraci\u00f3n guerrillera y perturbaci\u00f3n electoral: el nuevo cap\u00edtulo en la batalla Petro-Noboa - Sarmiento24h","og_description":"Las redes sociales volvieron a convertirse este&#46;&#46;&#46;","og_url":"https:\/\/sarmiento24h.com\/?p=165843","og_site_name":"Sarmiento24h","article_publisher":"https:\/\/facebook.com\/s24hnoticias","article_published_time":"2026-04-30T04:58:41+00:00","og_image":[{"url":"https:\/\/s.france24.com\/media\/display\/faaa2bf4-fd1d-11f0-89d3-005056bf30b7\/w:1024\/p:16x9\/Presidente-Gustavo-Petro-y-u-homo%CC%81logo-Daniel-Noboa.png","type":"","width":"","height":""}],"author":"sarmiento24h@gmail.com","twitter_card":"summary_large_image","twitter_creator":"@sarmiento24h","twitter_site":"@sarmiento24h","twitter_misc":{"Escrito por":"sarmiento24h@gmail.com","Tiempo de lectura":"7 minutos"},"schema":{"@context":"https:\/\/schema.org","@graph":[{"@type":"Article","@id":"https:\/\/sarmiento24h.com\/?p=165843#article","isPartOf":{"@id":"https:\/\/sarmiento24h.com\/?p=165843"},"author":{"name":"sarmiento24h@gmail.com","@id":"https:\/\/sarmiento24h.com\/#\/schema\/person\/d653a59725ad629a7e0429af7b939d4d"},"headline":"Penetraci\u00f3n guerrillera y perturbaci\u00f3n electoral: el nuevo cap\u00edtulo en la batalla Petro-Noboa","datePublished":"2026-04-30T04:58:41+00:00","mainEntityOfPage":{"@id":"https:\/\/sarmiento24h.com\/?p=165843"},"wordCount":1453,"publisher":{"@id":"https:\/\/sarmiento24h.com\/#organization"},"image":{"@id":"https:\/\/sarmiento24h.com\/?p=165843#primaryimage"},"thumbnailUrl":"https:\/\/sarmiento24h.com\/wp-content\/uploads\/2026\/04\/penetracion-guerrillera-y-perturbacion-electoral-el-nuevo-capitulo-en-la-batalla-petro-noboa.png","articleSection":["Internacionales"],"inLanguage":"es"},{"@type":"WebPage","@id":"https:\/\/sarmiento24h.com\/?p=165843","url":"https:\/\/sarmiento24h.com\/?p=165843","name":"Penetraci\u00f3n guerrillera y perturbaci\u00f3n electoral: el nuevo cap\u00edtulo en la batalla Petro-Noboa - Sarmiento24h","isPartOf":{"@id":"https:\/\/sarmiento24h.com\/#website"},"primaryImageOfPage":{"@id":"https:\/\/sarmiento24h.com\/?p=165843#primaryimage"},"image":{"@id":"https:\/\/sarmiento24h.com\/?p=165843#primaryimage"},"thumbnailUrl":"https:\/\/sarmiento24h.com\/wp-content\/uploads\/2026\/04\/penetracion-guerrillera-y-perturbacion-electoral-el-nuevo-capitulo-en-la-batalla-petro-noboa.png","datePublished":"2026-04-30T04:58:41+00:00","breadcrumb":{"@id":"https:\/\/sarmiento24h.com\/?p=165843#breadcrumb"},"inLanguage":"es","potentialAction":[{"@type":"ReadAction","target":["https:\/\/sarmiento24h.com\/?p=165843"]}]},{"@type":"ImageObject","inLanguage":"es","@id":"https:\/\/sarmiento24h.com\/?p=165843#primaryimage","url":"https:\/\/sarmiento24h.com\/wp-content\/uploads\/2026\/04\/penetracion-guerrillera-y-perturbacion-electoral-el-nuevo-capitulo-en-la-batalla-petro-noboa.png","contentUrl":"https:\/\/sarmiento24h.com\/wp-content\/uploads\/2026\/04\/penetracion-guerrillera-y-perturbacion-electoral-el-nuevo-capitulo-en-la-batalla-petro-noboa.png","width":1024,"height":576},{"@type":"BreadcrumbList","@id":"https:\/\/sarmiento24h.com\/?p=165843#breadcrumb","itemListElement":[{"@type":"ListItem","position":1,"name":"Home","item":"https:\/\/sarmiento24h.com\/"},{"@type":"ListItem","position":2,"name":"Penetraci\u00f3n guerrillera y perturbaci\u00f3n electoral: el nuevo cap\u00edtulo en la batalla Petro-Noboa"}]},{"@type":"WebSite","@id":"https:\/\/sarmiento24h.com\/#website","url":"https:\/\/sarmiento24h.com\/","name":"Sarmiento24h","description":"","publisher":{"@id":"https:\/\/sarmiento24h.com\/#organization"},"potentialAction":[{"@type":"SearchAction","target":{"@type":"EntryPoint","urlTemplate":"https:\/\/sarmiento24h.com\/?s={search_term_string}"},"query-input":{"@type":"PropertyValueSpecification","valueRequired":true,"valueName":"search_term_string"}}],"inLanguage":"es"},{"@type":"Organization","@id":"https:\/\/sarmiento24h.com\/#organization","name":"Sarmiento24h","url":"https:\/\/sarmiento24h.com\/","logo":{"@type":"ImageObject","inLanguage":"es","@id":"https:\/\/sarmiento24h.com\/#\/schema\/logo\/image\/","url":"https:\/\/sarmiento24h.com\/wp-content\/uploads\/2025\/12\/AddText_12-16-10.30.52.jpg","contentUrl":"https:\/\/sarmiento24h.com\/wp-content\/uploads\/2025\/12\/AddText_12-16-10.30.52.jpg","width":1220,"height":324,"caption":"Sarmiento24h"},"image":{"@id":"https:\/\/sarmiento24h.com\/#\/schema\/logo\/image\/"},"sameAs":["https:\/\/facebook.com\/s24hnoticias","https:\/\/x.com\/sarmiento24h"]},{"@type":"Person","@id":"https:\/\/sarmiento24h.com\/#\/schema\/person\/d653a59725ad629a7e0429af7b939d4d","name":"sarmiento24h@gmail.com","image":{"@type":"ImageObject","inLanguage":"es","@id":"https:\/\/sarmiento24h.com\/wp-content\/litespeed\/avatar\/d02cbc4e23c747e6659cd45907173c8f.jpg?ver=1777157796","url":"https:\/\/sarmiento24h.com\/wp-content\/litespeed\/avatar\/d02cbc4e23c747e6659cd45907173c8f.jpg?ver=1777157796","contentUrl":"https:\/\/sarmiento24h.com\/wp-content\/litespeed\/avatar\/d02cbc4e23c747e6659cd45907173c8f.jpg?ver=1777157796","caption":"sarmiento24h@gmail.com"},"sameAs":["https:\/\/sarmiento24h.com"],"url":"https:\/\/sarmiento24h.com\/?author=1"}]}},"jetpack_publicize_connections":[],"jetpack_featured_media_url":"https:\/\/sarmiento24h.com\/wp-content\/uploads\/2026\/04\/penetracion-guerrillera-y-perturbacion-electoral-el-nuevo-capitulo-en-la-batalla-petro-noboa.png","jetpack_sharing_enabled":true,"_links":{"self":[{"href":"https:\/\/sarmiento24h.com\/index.php?rest_route=\/wp\/v2\/posts\/165843","targetHints":{"allow":["GET"]}}],"collection":[{"href":"https:\/\/sarmiento24h.com\/index.php?rest_route=\/wp\/v2\/posts"}],"about":[{"href":"https:\/\/sarmiento24h.com\/index.php?rest_route=\/wp\/v2\/types\/post"}],"author":[{"embeddable":true,"href":"https:\/\/sarmiento24h.com\/index.php?rest_route=\/wp\/v2\/users\/1"}],"replies":[{"embeddable":true,"href":"https:\/\/sarmiento24h.com\/index.php?rest_route=%2Fwp%2Fv2%2Fcomments&post=165843"}],"version-history":[{"count":0,"href":"https:\/\/sarmiento24h.com\/index.php?rest_route=\/wp\/v2\/posts\/165843\/revisions"}],"wp:featuredmedia":[{"embeddable":true,"href":"https:\/\/sarmiento24h.com\/index.php?rest_route=\/wp\/v2\/media\/165844"}],"wp:attachment":[{"href":"https:\/\/sarmiento24h.com\/index.php?rest_route=%2Fwp%2Fv2%2Fmedia&parent=165843"}],"wp:term":[{"taxonomy":"category","embeddable":true,"href":"https:\/\/sarmiento24h.com\/index.php?rest_route=%2Fwp%2Fv2%2Fcategories&post=165843"},{"taxonomy":"post_tag","embeddable":true,"href":"https:\/\/sarmiento24h.com\/index.php?rest_route=%2Fwp%2Fv2%2Ftags&post=165843"}],"curies":[{"name":"wp","href":"https:\/\/api.w.org\/{rel}","templated":true}]}}