{"id":165961,"date":"2026-04-30T06:08:31","date_gmt":"2026-04-30T06:08:31","guid":{"rendered":"http:\/\/cba8085a-4456-11f1-a3e4-6fcf5b67cab8"},"modified":"2026-04-30T06:08:31","modified_gmt":"2026-04-30T06:08:31","slug":"donald-trump-contempla-reducir-las-fuerzas-estadounidenses-en-alemania","status":"publish","type":"post","link":"https:\/\/sarmiento24h.com\/?p=165961","title":{"rendered":"Donald Trump contempla reducir las fuerzas estadounidenses en Alemania"},"content":{"rendered":"<nav class=\"m-breadcrumb\" role=\"navigation\">\n<ol class=\"m-breadcrumb__list\">\n<li class=\"m-breadcrumb__list__item\"><a href=\"https:\/\/www.france24.com\/es\/\" class=\"m-breadcrumb__list__item__link\"> Portada <\/a><\/li>\n<li class=\"m-breadcrumb__list__item\"> <svg class=\"a-svg a-svg--icon-caret-right a-svg--rotate-minus-90\"> <use xlink:href=\"\/build\/images\/svg\/sprite.c98bf387c90bc4a87186b0b783f15ba0.svg#icon-caret-down\" href=\"\/build\/images\/svg\/sprite.c98bf387c90bc4a87186b0b783f15ba0.svg#icon-caret-down\" \/> <\/svg><br \/>\n<a href=\"https:\/\/www.france24.com\/es\/medio-oriente\/\" class=\"m-breadcrumb__list__item__link\"> Medio Oriente <\/a><\/li>\n<\/ol>\n<\/nav>\n<div class=\"t-content__above-main\">\n<p>En Directo<\/p>\n<div class=\"m-master-tag\">\n<p> <span class=\"a-section-color\"><\/span> Medio Oriente <\/p>\n<\/p><\/div>\n<div class=\"t-content__metadata\" readability=\"5.4953271028037\">\n<div class=\"t-content__dates\" readability=\"32\">\n<p class=\"m-pub-dates\"><span class=\"m-pub-dates__date\">Primera modificaci\u00f3n: <time datetime=\"2026-04-30T05:38:19+00:00\" pubdate=\"pubdate\">30\/04\/2026 &#8211; 07:38<\/time><\/span><span class=\"m-pub-dates__date\">\u00daltima modificaci\u00f3n: <time datetime=\"2026-04-30T05:50:20+00:00\">30\/04\/2026 &#8211; 07:50<\/time><\/span><\/p>\n<\/p><\/div>\n<\/p><\/div>\n<div class=\"t-content__main-media\">\n<figure class=\"m-item-image m-item-image--16x9 m-item-image--has-caption\"> <picture class=\"a-picture a-picture--16x9\"><source type=\"image\/webp\" srcset=\"https:\/\/s.france24.com\/media\/display\/94ac2f2a-443d-11f1-92ea-005056bf30b7\/w:388\/p:16x9\/AP26119782519873.webp 388w, https:\/\/s.france24.com\/media\/display\/94ac2f2a-443d-11f1-92ea-005056bf30b7\/w:720\/p:16x9\/AP26119782519873.webp 720w, https:\/\/s.france24.com\/media\/display\/94ac2f2a-443d-11f1-92ea-005056bf30b7\/w:1024\/p:16x9\/AP26119782519873.webp 1024w\" sizes=\"(max-width: 1076px) 100vw, 1012px\"><img fetchpriority=\"high\" decoding=\"auto\" src=\"https:\/\/s.france24.com\/media\/display\/94ac2f2a-443d-11f1-92ea-005056bf30b7\/w:1024\/p:16x9\/AP26119782519873.jpg\" srcset=\"https:\/\/s.france24.com\/media\/display\/94ac2f2a-443d-11f1-92ea-005056bf30b7\/w:388\/p:16x9\/AP26119782519873.jpg 388w, https:\/\/s.france24.com\/media\/display\/94ac2f2a-443d-11f1-92ea-005056bf30b7\/w:720\/p:16x9\/AP26119782519873.jpg 720w, https:\/\/s.france24.com\/media\/display\/94ac2f2a-443d-11f1-92ea-005056bf30b7\/w:1024\/p:16x9\/AP26119782519873.jpg 1024w\" sizes=\"(max-width: 1076px) 100vw, 1012px\" width=\"1024\" height=\"576\" alt=\"Donald Trump \u00e0 la Maison Blanche le 29 avril 2026.\" loading=\"eager\" class=\"a-img \">\n<\/picture><figcaption class=\"a-figcaption\"> <span>Donald Trump en la Casa Blanca, el 29 de abril de 2026.<\/span> <span>\u00a9 Matt Rourke, AP<\/span> <\/figcaption><\/figure>\n<\/p><\/div>\n<\/p><\/div>\n<div class=\"t-content__main\" data-article-content readability=\"43.563363297522\">\n<p class=\"t-content__chapo\"> El presidente Donald Trump recibir\u00e1 este jueves un informe sobre nuevas opciones militares contra Teher\u00e1n, seg\u00fan Axios; mientras eval\u00faa reducir las tropas estadounidenses en Alemania, en medio de un agrio cruce con el canciller Friedrich Merz. En paralelo, una flotilla propalestina denunci\u00f3 estar rodeada por buques militares israel\u00edes en aguas internacionales frente a Creta, y la OMS alert\u00f3 que los ataques contra instalaciones sanitarias Medio Oriente van a un ritmo sin precedentes. <\/p>\n<div class=\"t-content__body u-clearfix\" readability=\"40.031972454501\">\n<h2><strong>Lo esencial:<\/strong><\/h2>\n<ul>\n<li>La OMS reporta un incremento en los ataques globales a instalaciones sanitarias, cuya media diaria <strong>subi\u00f3 a 4.3 incidentes tras la <a href=\"https:\/\/www.france24.com\/es\/tag\/escalada\/\" target=\"_self\" class=\"gtm-add-suggested-tag\">escalada<\/a> del conflicto en Medio Oriente.<\/strong><\/li>\n<li>La <a href=\"https:\/\/www.france24.com\/es\/tag\/global-sumud-flotilla\/\" target=\"_self\" class=\"gtm-add-suggested-tag\">Global Sumud Flotilla<\/a> denuncia que <strong>barcos militares israel\u00edes rodearon ilegalmente sus embarcaciones e<\/strong>n aguas internacionales cerca de Creta.&nbsp;<\/li>\n<li><a href=\"https:\/\/www.france24.com\/es\/tag\/donald-trump\/\" target=\"_self\" class=\"gtm-add-suggested-tag\">Donald Trump<\/a> anuncia que <strong>eval\u00faa reducir la presencia de tropas estadounidenses en <a href=\"https:\/\/www.france24.com\/es\/tag\/alemania\/\" target=\"_self\" class=\"gtm-add-suggested-tag\">Alemania<\/a> t<\/strong>ras cr\u00edticas del canciller <a href=\"https:\/\/www.france24.com\/es\/tag\/friedrich-merz\/\" target=\"_self\" class=\"gtm-add-suggested-tag\">Friedrich Merz<\/a> sobre la estrategia en <a href=\"https:\/\/www.france24.com\/es\/tag\/ir\u00e1n\/\" target=\"_self\" class=\"gtm-add-suggested-tag\">Ir\u00e1n<\/a>.<\/li>\n<\/ul>\n<p>A continuaci\u00f3n, las noticias m\u00e1s relevantes de la jornada del 30 de abril relacionadas con la guerra en Medio Oriente iniciada el 28 de febrero por un <a href=\"https:\/\/www.france24.com\/es\/tag\/ataque\/\" target=\"_self\" class=\"gtm-add-suggested-tag\">ataque<\/a> conjunto de Israel y <a href=\"https:\/\/www.france24.com\/es\/tag\/estados-unidos\/\" target=\"_self\" class=\"gtm-add-suggested-tag\">Estados Unidos<\/a> contra Ir\u00e1n, y la posterior respuesta de <a href=\"https:\/\/www.france24.com\/es\/tag\/teher\u00e1n\/\" target=\"_self\" class=\"gtm-add-suggested-tag\">Teher\u00e1n<\/a>:<\/p>\n<div id=\"em-WBMZ387651-F24-ES-20260430\" class=\"m-em-liveblog\" data-liveblog>\n<div readability=\"41.5\">\n<div readability=\"21\"> <time datetime=\"2026-04-30T05:32:28+00:00\">30\/04\/2026 &#8211; 07:32<\/time><\/p>\n<h2 aria-level=\"3\">La OMS alerta sobre el aumento de ataques globales a la salud por el conflicto en Medio Oriente<\/h2>\n<p>La Organizaci\u00f3n Mundial de la Salud (OMS) ha alertado sobre un incremento global en las agresiones contra instalaciones y personal m\u00e9dico, cuya media diaria subi\u00f3 de 3.7 a 4.3 incidentes tras la intensificaci\u00f3n del conflicto en Medio Oriente a finales de febrero. <\/p>\n<p>De acuerdo con la OMS, las hostilidades han provocado el cierre de 50 centros de salud y da\u00f1os en otros 16 en la regi\u00f3n, destacando el caso de L\u00edbano con 149 ataques identificados y el de Ir\u00e1n con 26 reportes de agresiones. <\/p>\n<p>Mientras el organismo internacional<strong> denuncia que la infraestructura sanitaria se ha vuelto un objetivo estrat\u00e9gico, <\/strong>el gobierno de Israel sostiene que sus ataques se dirigen exclusivamente contra posiciones de Hezbol\u00e1. <\/p>\n<\/p><\/div>\n<div readability=\"28\"> <time datetime=\"2026-04-30T05:28:21+00:00\">30\/04\/2026 &#8211; 07:28<\/time><\/p>\n<h2 aria-level=\"3\">Organizadores de la flotilla de Gaza afirman estar rodeados por \u00abbarcos militares\u00bb israel\u00edes<\/h2>\n<p>Los organizadores de una flotilla que transporta activistas propalestinos con el objetivo de romper el bloqueo israel\u00ed en Gaza afirmaron que sus embarcaciones estaban rodeadas por \u00abbarcos militares\u00bb israel\u00edes.<\/p>\n<p>La flotilla,<strong> integrada por m\u00e1s de 50 embarcaciones, <\/strong>zarp\u00f3 en las \u00faltimas semanas desde Marsella en Francia, Barcelona en Espa\u00f1a y Siracusa en Italia.<\/p>\n<p>En una publicaci\u00f3n en la red social X durante la noche, la Global Sumud Flotilla se\u00f1al\u00f3 que barcos militares israel\u00edes hab\u00edan \u00abrodeado ilegalmente la flotilla en aguas internacionales y amenazado con secuestros y violencia\u00bb.<\/p>\n<p><strong>\u00abSe han perdido las comunicaciones con 11 embarcaciones\u00bb, a\u00f1adi\u00f3 la organizaci\u00f3n.<\/strong><\/p>\n<p>La flotilla se encuentra actualmente frente a las costas de Grecia, cerca de Creta, seg\u00fan el seguimiento en vivo de la organizaci\u00f3n en su sitio web.<\/p>\n<\/p><\/div>\n<div readability=\"22\"> <time datetime=\"2026-04-30T05:23:24+00:00\">30\/04\/2026 &#8211; 07:23<\/time><\/p>\n<h2 aria-level=\"3\">L\u00edder del Comando Central de EE. UU. informar\u00e1 a Trump el jueves sobre nuevas opciones militares en Ir\u00e1n (Axios)<\/h2>\n<p>El presidente de EE. UU., Donald Trump, recibir\u00e1 el jueves un informe sobre nuevos planes para una posible acci\u00f3n militar contra Ir\u00e1n por parte del l\u00edder del Comando Central de EE. UU., Brad Cooper. <\/p>\n<p>La sesi\u00f3n informativa tendr\u00e1 lugar el jueves, seg\u00fan el informe de Axios del mi\u00e9rcoles. La Casa Blanca no respondi\u00f3 de inmediato a una solicitud de comentarios.<\/p>\n<p>El CENTCOM <strong>ha preparado un plan para una oleada de ataques \u00abcortos y potentes\u00bb contra Ir\u00e1n, <\/strong>que probablemente incluya objetivos de infraestructura, inform\u00f3 Axios, citando fuentes.<\/p>\n<\/p><\/div>\n<div readability=\"19\"> <time datetime=\"2026-04-30T05:20:27+00:00\">30\/04\/2026 &#8211; 07:20<\/time><\/p>\n<h2 aria-level=\"3\">Donald Trump contempla una reducci\u00f3n de las fuerzas estadounidenses en Alemania<\/h2>\n<p>Donald Trump declar\u00f3 el mi\u00e9rcoles que contempla una reducci\u00f3n de las fuerzas armadas estadounidenses estacionadas en Alemania, tras tensos intercambios con el canciller alem\u00e1n a prop\u00f3sito de la guerra en Ir\u00e1n.<\/p>\n<p>\u00abSe tomar\u00e1 una decisi\u00f3n muy pronto\u00bb, escribi\u00f3 el presidente estadounidense en su plataforma Truth Social despu\u00e9s de que Friedrich Merz afirmara que \u00ablos estadounidenses (no ten\u00edan) visiblemente ninguna estrategia\u00bb en Ir\u00e1n. <\/p>\n<p>En respuesta, Donald Trump hab\u00eda acusado el martes a Friedrich Merz de \u00abno saber de qu\u00e9 estaba hablando\u00bb.<\/p>\n<p><img decoding=\"async\" src=\"https:\/\/arena-cdn-g.eu.getarena.im\/site-media\/661e9848fa496b0a97abf80099678da5563846bfb6a0560c5d8c5459.jpg\"><\/p>\n<\/p><\/div>\n<div readability=\"8\"> <time datetime=\"2026-04-30T05:17:01+00:00\">30\/04\/2026 &#8211; 07:17<\/time> <\/p>\n<p>Bienvenidos al cubrimiento de los hechos m\u00e1s relevantes de la jornada del 30 de abril relacionados con la guerra en Medio Oriente. <\/p>\n<\/p><\/div>\n<\/p><\/div>\n<\/p><\/div>\n<p>Con informaci\u00f3n de EFE, AFP, AP, Reuters y medios locales.&nbsp;&nbsp;<\/p>\n<\/p><\/div>\n<\/p><\/div>\n","protected":false},"excerpt":{"rendered":"<p>Portada Medio Oriente En Directo Medio Oriente&#46;&#46;&#46;<\/p>\n","protected":false},"author":1,"featured_media":165962,"comment_status":"closed","ping_status":"closed","sticky":false,"template":"","format":"standard","meta":{"_jetpack_memberships_contains_paid_content":false,"footnotes":"","jetpack_publicize_message":"","jetpack_publicize_feature_enabled":true,"jetpack_social_post_already_shared":true,"jetpack_social_options":{"image_generator_settings":{"template":"highway","default_image_id":0,"font":"","enabled":false},"version":2}},"categories":[43],"tags":[],"class_list":["post-165961","post","type-post","status-publish","format-standard","has-post-thumbnail","hentry","category-internacionales"],"yoast_head":"<!-- This site is optimized with the Yoast SEO plugin v27.3 - https:\/\/yoast.com\/product\/yoast-seo-wordpress\/ -->\n<title>Donald Trump contempla reducir las fuerzas estadounidenses en Alemania - Sarmiento24h<\/title>\n<meta name=\"robots\" content=\"index, follow, max-snippet:-1, max-image-preview:large, max-video-preview:-1\" \/>\n<link rel=\"canonical\" href=\"https:\/\/sarmiento24h.com\/?p=165961\" \/>\n<meta property=\"og:locale\" content=\"es_ES\" \/>\n<meta property=\"og:type\" content=\"article\" \/>\n<meta property=\"og:title\" content=\"Donald Trump contempla reducir las fuerzas estadounidenses en Alemania - Sarmiento24h\" \/>\n<meta property=\"og:description\" content=\"Portada Medio Oriente En Directo Medio Oriente&#046;&#046;&#046;\" \/>\n<meta property=\"og:url\" content=\"https:\/\/sarmiento24h.com\/?p=165961\" \/>\n<meta property=\"og:site_name\" content=\"Sarmiento24h\" \/>\n<meta property=\"article:publisher\" content=\"https:\/\/facebook.com\/s24hnoticias\" \/>\n<meta property=\"article:published_time\" content=\"2026-04-30T06:08:31+00:00\" \/>\n<meta property=\"og:image\" content=\"https:\/\/s.france24.com\/media\/display\/94ac2f2a-443d-11f1-92ea-005056bf30b7\/w:1024\/p:16x9\/AP26119782519873.jpg\" \/>\n<meta name=\"author\" content=\"sarmiento24h@gmail.com\" \/>\n<meta name=\"twitter:card\" content=\"summary_large_image\" \/>\n<meta name=\"twitter:creator\" content=\"@sarmiento24h\" \/>\n<meta name=\"twitter:site\" content=\"@sarmiento24h\" \/>\n<meta name=\"twitter:label1\" content=\"Escrito por\" \/>\n\t<meta name=\"twitter:data1\" content=\"sarmiento24h@gmail.com\" \/>\n\t<meta name=\"twitter:label2\" content=\"Tiempo de lectura\" \/>\n\t<meta name=\"twitter:data2\" content=\"4 minutos\" \/>\n<script type=\"application\/ld+json\" class=\"yoast-schema-graph\">{\"@context\":\"https:\\\/\\\/schema.org\",\"@graph\":[{\"@type\":\"Article\",\"@id\":\"https:\\\/\\\/sarmiento24h.com\\\/?p=165961#article\",\"isPartOf\":{\"@id\":\"https:\\\/\\\/sarmiento24h.com\\\/?p=165961\"},\"author\":{\"name\":\"sarmiento24h@gmail.com\",\"@id\":\"https:\\\/\\\/sarmiento24h.com\\\/#\\\/schema\\\/person\\\/d653a59725ad629a7e0429af7b939d4d\"},\"headline\":\"Donald Trump contempla reducir las fuerzas estadounidenses en Alemania\",\"datePublished\":\"2026-04-30T06:08:31+00:00\",\"mainEntityOfPage\":{\"@id\":\"https:\\\/\\\/sarmiento24h.com\\\/?p=165961\"},\"wordCount\":770,\"publisher\":{\"@id\":\"https:\\\/\\\/sarmiento24h.com\\\/#organization\"},\"image\":{\"@id\":\"https:\\\/\\\/sarmiento24h.com\\\/?p=165961#primaryimage\"},\"thumbnailUrl\":\"https:\\\/\\\/sarmiento24h.com\\\/wp-content\\\/uploads\\\/2026\\\/04\\\/donald-trump-contempla-reducir-las-fuerzas-estadounidenses-en-alemania.jpg\",\"articleSection\":[\"Internacionales\"],\"inLanguage\":\"es\"},{\"@type\":\"WebPage\",\"@id\":\"https:\\\/\\\/sarmiento24h.com\\\/?p=165961\",\"url\":\"https:\\\/\\\/sarmiento24h.com\\\/?p=165961\",\"name\":\"Donald Trump contempla reducir las fuerzas estadounidenses en Alemania - Sarmiento24h\",\"isPartOf\":{\"@id\":\"https:\\\/\\\/sarmiento24h.com\\\/#website\"},\"primaryImageOfPage\":{\"@id\":\"https:\\\/\\\/sarmiento24h.com\\\/?p=165961#primaryimage\"},\"image\":{\"@id\":\"https:\\\/\\\/sarmiento24h.com\\\/?p=165961#primaryimage\"},\"thumbnailUrl\":\"https:\\\/\\\/sarmiento24h.com\\\/wp-content\\\/uploads\\\/2026\\\/04\\\/donald-trump-contempla-reducir-las-fuerzas-estadounidenses-en-alemania.jpg\",\"datePublished\":\"2026-04-30T06:08:31+00:00\",\"breadcrumb\":{\"@id\":\"https:\\\/\\\/sarmiento24h.com\\\/?p=165961#breadcrumb\"},\"inLanguage\":\"es\",\"potentialAction\":[{\"@type\":\"ReadAction\",\"target\":[\"https:\\\/\\\/sarmiento24h.com\\\/?p=165961\"]}]},{\"@type\":\"ImageObject\",\"inLanguage\":\"es\",\"@id\":\"https:\\\/\\\/sarmiento24h.com\\\/?p=165961#primaryimage\",\"url\":\"https:\\\/\\\/sarmiento24h.com\\\/wp-content\\\/uploads\\\/2026\\\/04\\\/donald-trump-contempla-reducir-las-fuerzas-estadounidenses-en-alemania.jpg\",\"contentUrl\":\"https:\\\/\\\/sarmiento24h.com\\\/wp-content\\\/uploads\\\/2026\\\/04\\\/donald-trump-contempla-reducir-las-fuerzas-estadounidenses-en-alemania.jpg\",\"width\":1024,\"height\":576},{\"@type\":\"BreadcrumbList\",\"@id\":\"https:\\\/\\\/sarmiento24h.com\\\/?p=165961#breadcrumb\",\"itemListElement\":[{\"@type\":\"ListItem\",\"position\":1,\"name\":\"Home\",\"item\":\"https:\\\/\\\/sarmiento24h.com\\\/\"},{\"@type\":\"ListItem\",\"position\":2,\"name\":\"Donald Trump contempla reducir las fuerzas estadounidenses en Alemania\"}]},{\"@type\":\"WebSite\",\"@id\":\"https:\\\/\\\/sarmiento24h.com\\\/#website\",\"url\":\"https:\\\/\\\/sarmiento24h.com\\\/\",\"name\":\"Sarmiento24h\",\"description\":\"\",\"publisher\":{\"@id\":\"https:\\\/\\\/sarmiento24h.com\\\/#organization\"},\"potentialAction\":[{\"@type\":\"SearchAction\",\"target\":{\"@type\":\"EntryPoint\",\"urlTemplate\":\"https:\\\/\\\/sarmiento24h.com\\\/?s={search_term_string}\"},\"query-input\":{\"@type\":\"PropertyValueSpecification\",\"valueRequired\":true,\"valueName\":\"search_term_string\"}}],\"inLanguage\":\"es\"},{\"@type\":\"Organization\",\"@id\":\"https:\\\/\\\/sarmiento24h.com\\\/#organization\",\"name\":\"Sarmiento24h\",\"url\":\"https:\\\/\\\/sarmiento24h.com\\\/\",\"logo\":{\"@type\":\"ImageObject\",\"inLanguage\":\"es\",\"@id\":\"https:\\\/\\\/sarmiento24h.com\\\/#\\\/schema\\\/logo\\\/image\\\/\",\"url\":\"https:\\\/\\\/sarmiento24h.com\\\/wp-content\\\/uploads\\\/2025\\\/12\\\/AddText_12-16-10.30.52.jpg\",\"contentUrl\":\"https:\\\/\\\/sarmiento24h.com\\\/wp-content\\\/uploads\\\/2025\\\/12\\\/AddText_12-16-10.30.52.jpg\",\"width\":1220,\"height\":324,\"caption\":\"Sarmiento24h\"},\"image\":{\"@id\":\"https:\\\/\\\/sarmiento24h.com\\\/#\\\/schema\\\/logo\\\/image\\\/\"},\"sameAs\":[\"https:\\\/\\\/facebook.com\\\/s24hnoticias\",\"https:\\\/\\\/x.com\\\/sarmiento24h\"]},{\"@type\":\"Person\",\"@id\":\"https:\\\/\\\/sarmiento24h.com\\\/#\\\/schema\\\/person\\\/d653a59725ad629a7e0429af7b939d4d\",\"name\":\"sarmiento24h@gmail.com\",\"image\":{\"@type\":\"ImageObject\",\"inLanguage\":\"es\",\"@id\":\"https:\\\/\\\/sarmiento24h.com\\\/wp-content\\\/litespeed\\\/avatar\\\/d02cbc4e23c747e6659cd45907173c8f.jpg?ver=1777157796\",\"url\":\"https:\\\/\\\/sarmiento24h.com\\\/wp-content\\\/litespeed\\\/avatar\\\/d02cbc4e23c747e6659cd45907173c8f.jpg?ver=1777157796\",\"contentUrl\":\"https:\\\/\\\/sarmiento24h.com\\\/wp-content\\\/litespeed\\\/avatar\\\/d02cbc4e23c747e6659cd45907173c8f.jpg?ver=1777157796\",\"caption\":\"sarmiento24h@gmail.com\"},\"sameAs\":[\"https:\\\/\\\/sarmiento24h.com\"],\"url\":\"https:\\\/\\\/sarmiento24h.com\\\/?author=1\"}]}<\/script>\n<!-- \/ Yoast SEO plugin. -->","yoast_head_json":{"title":"Donald Trump contempla reducir las fuerzas estadounidenses en Alemania - Sarmiento24h","robots":{"index":"index","follow":"follow","max-snippet":"max-snippet:-1","max-image-preview":"max-image-preview:large","max-video-preview":"max-video-preview:-1"},"canonical":"https:\/\/sarmiento24h.com\/?p=165961","og_locale":"es_ES","og_type":"article","og_title":"Donald Trump contempla reducir las fuerzas estadounidenses en Alemania - Sarmiento24h","og_description":"Portada Medio Oriente En Directo Medio Oriente&#46;&#46;&#46;","og_url":"https:\/\/sarmiento24h.com\/?p=165961","og_site_name":"Sarmiento24h","article_publisher":"https:\/\/facebook.com\/s24hnoticias","article_published_time":"2026-04-30T06:08:31+00:00","og_image":[{"url":"https:\/\/s.france24.com\/media\/display\/94ac2f2a-443d-11f1-92ea-005056bf30b7\/w:1024\/p:16x9\/AP26119782519873.jpg","type":"","width":"","height":""}],"author":"sarmiento24h@gmail.com","twitter_card":"summary_large_image","twitter_creator":"@sarmiento24h","twitter_site":"@sarmiento24h","twitter_misc":{"Escrito por":"sarmiento24h@gmail.com","Tiempo de lectura":"4 minutos"},"schema":{"@context":"https:\/\/schema.org","@graph":[{"@type":"Article","@id":"https:\/\/sarmiento24h.com\/?p=165961#article","isPartOf":{"@id":"https:\/\/sarmiento24h.com\/?p=165961"},"author":{"name":"sarmiento24h@gmail.com","@id":"https:\/\/sarmiento24h.com\/#\/schema\/person\/d653a59725ad629a7e0429af7b939d4d"},"headline":"Donald Trump contempla reducir las fuerzas estadounidenses en Alemania","datePublished":"2026-04-30T06:08:31+00:00","mainEntityOfPage":{"@id":"https:\/\/sarmiento24h.com\/?p=165961"},"wordCount":770,"publisher":{"@id":"https:\/\/sarmiento24h.com\/#organization"},"image":{"@id":"https:\/\/sarmiento24h.com\/?p=165961#primaryimage"},"thumbnailUrl":"https:\/\/sarmiento24h.com\/wp-content\/uploads\/2026\/04\/donald-trump-contempla-reducir-las-fuerzas-estadounidenses-en-alemania.jpg","articleSection":["Internacionales"],"inLanguage":"es"},{"@type":"WebPage","@id":"https:\/\/sarmiento24h.com\/?p=165961","url":"https:\/\/sarmiento24h.com\/?p=165961","name":"Donald Trump contempla reducir las fuerzas estadounidenses en Alemania - Sarmiento24h","isPartOf":{"@id":"https:\/\/sarmiento24h.com\/#website"},"primaryImageOfPage":{"@id":"https:\/\/sarmiento24h.com\/?p=165961#primaryimage"},"image":{"@id":"https:\/\/sarmiento24h.com\/?p=165961#primaryimage"},"thumbnailUrl":"https:\/\/sarmiento24h.com\/wp-content\/uploads\/2026\/04\/donald-trump-contempla-reducir-las-fuerzas-estadounidenses-en-alemania.jpg","datePublished":"2026-04-30T06:08:31+00:00","breadcrumb":{"@id":"https:\/\/sarmiento24h.com\/?p=165961#breadcrumb"},"inLanguage":"es","potentialAction":[{"@type":"ReadAction","target":["https:\/\/sarmiento24h.com\/?p=165961"]}]},{"@type":"ImageObject","inLanguage":"es","@id":"https:\/\/sarmiento24h.com\/?p=165961#primaryimage","url":"https:\/\/sarmiento24h.com\/wp-content\/uploads\/2026\/04\/donald-trump-contempla-reducir-las-fuerzas-estadounidenses-en-alemania.jpg","contentUrl":"https:\/\/sarmiento24h.com\/wp-content\/uploads\/2026\/04\/donald-trump-contempla-reducir-las-fuerzas-estadounidenses-en-alemania.jpg","width":1024,"height":576},{"@type":"BreadcrumbList","@id":"https:\/\/sarmiento24h.com\/?p=165961#breadcrumb","itemListElement":[{"@type":"ListItem","position":1,"name":"Home","item":"https:\/\/sarmiento24h.com\/"},{"@type":"ListItem","position":2,"name":"Donald Trump contempla reducir las fuerzas estadounidenses en Alemania"}]},{"@type":"WebSite","@id":"https:\/\/sarmiento24h.com\/#website","url":"https:\/\/sarmiento24h.com\/","name":"Sarmiento24h","description":"","publisher":{"@id":"https:\/\/sarmiento24h.com\/#organization"},"potentialAction":[{"@type":"SearchAction","target":{"@type":"EntryPoint","urlTemplate":"https:\/\/sarmiento24h.com\/?s={search_term_string}"},"query-input":{"@type":"PropertyValueSpecification","valueRequired":true,"valueName":"search_term_string"}}],"inLanguage":"es"},{"@type":"Organization","@id":"https:\/\/sarmiento24h.com\/#organization","name":"Sarmiento24h","url":"https:\/\/sarmiento24h.com\/","logo":{"@type":"ImageObject","inLanguage":"es","@id":"https:\/\/sarmiento24h.com\/#\/schema\/logo\/image\/","url":"https:\/\/sarmiento24h.com\/wp-content\/uploads\/2025\/12\/AddText_12-16-10.30.52.jpg","contentUrl":"https:\/\/sarmiento24h.com\/wp-content\/uploads\/2025\/12\/AddText_12-16-10.30.52.jpg","width":1220,"height":324,"caption":"Sarmiento24h"},"image":{"@id":"https:\/\/sarmiento24h.com\/#\/schema\/logo\/image\/"},"sameAs":["https:\/\/facebook.com\/s24hnoticias","https:\/\/x.com\/sarmiento24h"]},{"@type":"Person","@id":"https:\/\/sarmiento24h.com\/#\/schema\/person\/d653a59725ad629a7e0429af7b939d4d","name":"sarmiento24h@gmail.com","image":{"@type":"ImageObject","inLanguage":"es","@id":"https:\/\/sarmiento24h.com\/wp-content\/litespeed\/avatar\/d02cbc4e23c747e6659cd45907173c8f.jpg?ver=1777157796","url":"https:\/\/sarmiento24h.com\/wp-content\/litespeed\/avatar\/d02cbc4e23c747e6659cd45907173c8f.jpg?ver=1777157796","contentUrl":"https:\/\/sarmiento24h.com\/wp-content\/litespeed\/avatar\/d02cbc4e23c747e6659cd45907173c8f.jpg?ver=1777157796","caption":"sarmiento24h@gmail.com"},"sameAs":["https:\/\/sarmiento24h.com"],"url":"https:\/\/sarmiento24h.com\/?author=1"}]}},"jetpack_publicize_connections":[],"jetpack_featured_media_url":"https:\/\/sarmiento24h.com\/wp-content\/uploads\/2026\/04\/donald-trump-contempla-reducir-las-fuerzas-estadounidenses-en-alemania.jpg","jetpack_sharing_enabled":true,"_links":{"self":[{"href":"https:\/\/sarmiento24h.com\/index.php?rest_route=\/wp\/v2\/posts\/165961","targetHints":{"allow":["GET"]}}],"collection":[{"href":"https:\/\/sarmiento24h.com\/index.php?rest_route=\/wp\/v2\/posts"}],"about":[{"href":"https:\/\/sarmiento24h.com\/index.php?rest_route=\/wp\/v2\/types\/post"}],"author":[{"embeddable":true,"href":"https:\/\/sarmiento24h.com\/index.php?rest_route=\/wp\/v2\/users\/1"}],"replies":[{"embeddable":true,"href":"https:\/\/sarmiento24h.com\/index.php?rest_route=%2Fwp%2Fv2%2Fcomments&post=165961"}],"version-history":[{"count":0,"href":"https:\/\/sarmiento24h.com\/index.php?rest_route=\/wp\/v2\/posts\/165961\/revisions"}],"wp:featuredmedia":[{"embeddable":true,"href":"https:\/\/sarmiento24h.com\/index.php?rest_route=\/wp\/v2\/media\/165962"}],"wp:attachment":[{"href":"https:\/\/sarmiento24h.com\/index.php?rest_route=%2Fwp%2Fv2%2Fmedia&parent=165961"}],"wp:term":[{"taxonomy":"category","embeddable":true,"href":"https:\/\/sarmiento24h.com\/index.php?rest_route=%2Fwp%2Fv2%2Fcategories&post=165961"},{"taxonomy":"post_tag","embeddable":true,"href":"https:\/\/sarmiento24h.com\/index.php?rest_route=%2Fwp%2Fv2%2Ftags&post=165961"}],"curies":[{"name":"wp","href":"https:\/\/api.w.org\/{rel}","templated":true}]}}