{"id":166081,"date":"2026-04-30T07:17:44","date_gmt":"2026-04-30T07:17:44","guid":{"rendered":"http:\/\/4f698158-4463-11f1-9a1f-316f236cbaca"},"modified":"2026-04-30T07:17:44","modified_gmt":"2026-04-30T07:17:44","slug":"la-llamada-trump-putin-un-alto-el-fuego-temporal-en-ucrania-y-el-uranio-de-iran-sobre-la-mesa","status":"publish","type":"post","link":"https:\/\/sarmiento24h.com\/?p=166081","title":{"rendered":"La llamada Trump-Putin: un alto el fuego temporal en Ucrania y el uranio de Ir\u00e1n, sobre la mesa"},"content":{"rendered":"<p>La guerra en <a href=\"https:\/\/www.france24.com\/es\/tag\/ucrania\/\" target=\"_self\" class=\"gtm-add-suggested-tag\">Ucrania<\/a>&nbsp;lleva m\u00e1s de cuatro a\u00f1os y las promesas de <a href=\"https:\/\/www.france24.com\/es\/tag\/donald-trump\/\" target=\"_self\" class=\"gtm-add-suggested-tag\">Donald Trump<\/a> sobre terminarla se han dilatado, con unas negociaciones de paz que est\u00e1n estancadas desde mediados de febrero. Sin embargo, en una llamada telef\u00f3nica entre el presidente de EE. UU. y el presidente ruso, <a href=\"https:\/\/www.france24.com\/es\/tag\/vladimir-putin\/\" target=\"_self\" class=\"gtm-add-suggested-tag\">Vladimir Putin<\/a>, resuena un posible alto el fuego.<\/p>\n<p>El <a href=\"https:\/\/www.france24.com\/es\/tag\/kremlin\/\" target=\"_self\" class=\"gtm-add-suggested-tag\">Kremlin<\/a> inform\u00f3 que ambos l\u00edderes hablaron de un <a href=\"https:\/\/www.france24.com\/es\/tag\/cese-al-fuego\/\" target=\"_self\" class=\"gtm-add-suggested-tag\">cese al fuego<\/a> temporal en <a href=\"https:\/\/www.france24.com\/es\/tag\/ucrania\/\" target=\"_self\" class=\"gtm-add-suggested-tag\">Ucrania<\/a>, en una conversaci\u00f3n amistosa y profesional, de iniciativa rusa, que dur\u00f3 m\u00e1s de una hora y media.<\/p>\n<p>Esta llamada telef\u00f3nica es la <strong>primera conversaci\u00f3n anunciada p\u00fablicamente entre ambos l\u00edderes desde el 9 de marzo,<\/strong> nueve d\u00edas despu\u00e9s de que Estados Unidos e <a href=\"https:\/\/www.france24.com\/es\/tag\/israel\/\" target=\"_self\" class=\"gtm-add-suggested-tag\">Israel<\/a> iniciaran una guerra con <a href=\"https:\/\/www.france24.com\/es\/tag\/ir\u00e1n\/\" target=\"_self\" class=\"gtm-add-suggested-tag\">Ir\u00e1n<\/a>.<\/p>\n<h2><strong>Putin propone una tregua para el 9 de mayo<\/strong><\/h2>\n<p>El asesor del Kremlin, Yuri Ushakov, inform\u00f3 que Putin hab\u00eda propuesto el alto el fuego temporal en Ucrania para las celebraciones del 9 de mayo, fiesta nacional que conmemora el papel de la <a href=\"https:\/\/www.france24.com\/es\/tag\/uni\u00f3n-sovi\u00e9tica\/\" target=\"_self\" class=\"gtm-add-suggested-tag\">Uni\u00f3n Sovi\u00e9tica<\/a> en la derrota de la <a href=\"https:\/\/www.france24.com\/es\/tag\/alemania-nazi\/\" target=\"_self\" class=\"gtm-add-suggested-tag\">Alemania nazi<\/a> en la <a href=\"https:\/\/www.france24.com\/es\/tag\/segunda-guerra-mundial\/\" target=\"_self\" class=\"gtm-add-suggested-tag\">Segunda Guerra Mundial<\/a>. Afirm\u00f3 que Trump reaccion\u00f3 positivamente.<\/p>\n<p>\u00abTrump apoy\u00f3 activamente la iniciativa, afirmando que esta festividad conmemora nuestra victoria conjunta sobre el nazismo en la Segunda Guerra Mundial\u00bb, declar\u00f3 el asesor presidencial ruso.<\/p>\n<p>Trump, por su parte, dijo: \u00abTuvimos una buena charla, lo conozco desde hace mucho tiempo\u00bb, y sugiri\u00f3 \u00abun peque\u00f1o alto el fuego\u00bb en la guerra de Ucrania. \u00abY creo que podr\u00eda hacerlo\u00bb, indic\u00f3 durante un encuentro en el Despacho Oval con los astronautas del programa Artemis II.<\/p>\n<p>Putin anunci\u00f3 una tregua similar el a\u00f1o pasado que dur\u00f3 tres d\u00edas, pero que no fue acordada con Kiev.<\/p>\n<p>Seg\u00fan el Kremlin, Trump alab\u00f3 el alto el fuego declarado por Mosc\u00fa y Kiev durante la Pascua ortodoxa el 11 y 12 de abril. Aunque ambos bandos se acusaron mutuamente de violaciones del alto el fuego, los analistas destacaron que no hubo ni avances en el frente ni ataques masivos con drones.<\/p>\n<p>En la conversaci\u00f3n, Putin tambi\u00e9n denunci\u00f3 que Kiev recurre \u00ababiertamente a m\u00e9todos terroristas al atacar infraestructuras civiles en territorio ruso\u00bb, en alusi\u00f3n a los exitosos ataques con drones contra refiner\u00edas y terminales portuarias en los mares Negro y <a href=\"https:\/\/www.france24.com\/es\/tag\/b\u00e1ltico\/\" target=\"_self\" class=\"gtm-add-suggested-tag\">B\u00e1ltico<\/a>, ante los que las defensas antia\u00e9reas rusas no han podido hacer nada.<\/p>\n<div class=\"m-em-image\">\n<figure class=\"m-item-image m-item-image--original m-item-image--has-caption\"> <picture class=\"a-picture a-picture--original\"><source type=\"image\/webp\" srcset=\"https:\/\/s.france24.com\/media\/display\/a207314c-1337-11f1-9e6b-005056bfb2b6\/w:246\/2026-02-05T170846Z-2010203872-RC2TFJAU6N9Z-RTRMADP-3-UKRAINE-CRISIS-PRISONERS-SWAP.webp 246w, https:\/\/s.france24.com\/media\/display\/a207314c-1337-11f1-9e6b-005056bfb2b6\/w:388\/2026-02-05T170846Z-2010203872-RC2TFJAU6N9Z-RTRMADP-3-UKRAINE-CRISIS-PRISONERS-SWAP.webp 388w, https:\/\/s.france24.com\/media\/display\/a207314c-1337-11f1-9e6b-005056bfb2b6\/w:720\/2026-02-05T170846Z-2010203872-RC2TFJAU6N9Z-RTRMADP-3-UKRAINE-CRISIS-PRISONERS-SWAP.webp 720w, https:\/\/s.france24.com\/media\/display\/a207314c-1337-11f1-9e6b-005056bfb2b6\/w:980\/2026-02-05T170846Z-2010203872-RC2TFJAU6N9Z-RTRMADP-3-UKRAINE-CRISIS-PRISONERS-SWAP.webp 980w\" sizes=\"(max-width: 1023px) calc(100vw - 32px), (min-width: 1024px) 850px\"><img fetchpriority=\"low\" decoding=\"async\" src=\"https:\/\/s.france24.com\/media\/display\/a207314c-1337-11f1-9e6b-005056bfb2b6\/w:980\/2026-02-05T170846Z-2010203872-RC2TFJAU6N9Z-RTRMADP-3-UKRAINE-CRISIS-PRISONERS-SWAP.jpg\" srcset=\"https:\/\/s.france24.com\/media\/display\/a207314c-1337-11f1-9e6b-005056bfb2b6\/w:246\/2026-02-05T170846Z-2010203872-RC2TFJAU6N9Z-RTRMADP-3-UKRAINE-CRISIS-PRISONERS-SWAP.jpg 246w, https:\/\/s.france24.com\/media\/display\/a207314c-1337-11f1-9e6b-005056bfb2b6\/w:388\/2026-02-05T170846Z-2010203872-RC2TFJAU6N9Z-RTRMADP-3-UKRAINE-CRISIS-PRISONERS-SWAP.jpg 388w, https:\/\/s.france24.com\/media\/display\/a207314c-1337-11f1-9e6b-005056bfb2b6\/w:720\/2026-02-05T170846Z-2010203872-RC2TFJAU6N9Z-RTRMADP-3-UKRAINE-CRISIS-PRISONERS-SWAP.jpg 720w, https:\/\/s.france24.com\/media\/display\/a207314c-1337-11f1-9e6b-005056bfb2b6\/w:980\/2026-02-05T170846Z-2010203872-RC2TFJAU6N9Z-RTRMADP-3-UKRAINE-CRISIS-PRISONERS-SWAP.jpg 980w\" sizes=\"(max-width: 1023px) calc(100vw - 32px), (min-width: 1024px) 850px\" alt=\"Archivo: decenas de personas sostienen retratos de sus familiares, prisioneros de guerra ucranianos (POW), con la esperanza de que sean reconocidos por los prisioneros de guerra que regresan despu\u00e9s de un intercambio, en medio del ataque de Rusia a Ucrania, en un lugar no revelado, en Ucrania, el 5 de febrero de 2026.\" loading=\"lazy\" class=\"a-img \">\n<\/picture><figcaption class=\"a-figcaption\"> <span>Archivo: decenas de personas sostienen retratos de sus familiares, prisioneros de guerra ucranianos (POW), con la esperanza de que sean reconocidos por los prisioneros de guerra que regresan despu\u00e9s de un intercambio, en medio del ataque de Rusia a Ucrania, en un lugar no revelado, en Ucrania, el 5 de febrero de 2026.<\/span> <span>\u00a9 Reuters\/Anatolii Stepanov<\/span> <\/figcaption><\/figure>\n<\/p><\/div>\n<h2><strong>Ir\u00e1n, el otro eje de la llamada<\/strong><\/h2>\n<p>De acuerdo con lo narrado por Trump, la conversaci\u00f3n comenz\u00f3 porque Putin se ofreci\u00f3 a ayudar con el tema del uranio enriquecido de <a href=\"https:\/\/www.france24.com\/es\/tag\/ir\u00e1n\/\" target=\"_self\" class=\"gtm-add-suggested-tag\">Ir\u00e1n<\/a>, el punto m\u00e1s complicado en las discusiones entre EE. UU. sobre la guerra, que ha resultado un punto inflexible para <a href=\"https:\/\/www.france24.com\/es\/tag\/teher\u00e1n\/\" target=\"_self\" class=\"gtm-add-suggested-tag\">Teher\u00e1n<\/a> en las negociaciones que se llevan a cabo en medio de un alto el fuego pactado con Trump.<\/p>\n<p>Mientras Ir\u00e1n quiere mantener su uranio y su derecho a enriquecerlo en su propio suelo, EE. UU. considera que cualquier cantidad de uranio altamente enriquecido es un paso directo hacia una bomba nuclear y exige que el <a href=\"https:\/\/www.france24.com\/es\/tag\/gobierno\/\" target=\"_self\" class=\"gtm-add-suggested-tag\">Gobierno<\/a> iran\u00ed olvide la posibilidad de tener un programa nuclear.<\/p>\n<p>Seg\u00fan el l\u00edder estadounidense, Putin afirm\u00f3 que \u00able gustar\u00eda involucrarse en el enriquecimiento, si es que puede ayudarnos a conseguirlo\u00bb, en aparente referencia a limitar el programa nuclear de Ir\u00e1n, del que Rusia es aliado.<\/p>\n<p>\u00abDije que preferir\u00eda mucho m\u00e1s que te involucraras en poner fin a la guerra con Ucrania&#8230; Dije: antes de que me ayudes, quiero terminar tu guerra\u00bb, fue la respuesta de Trump.<\/p>\n<p>Yuri Ushakov, asesor del Kremlin, no detall\u00f3 qu\u00e9 propuestas hab\u00eda hecho Putin sobre Ir\u00e1n, pero se\u00f1al\u00f3 que&nbsp;\u00abRusia est\u00e1 firmemente decidida a realizar toda clase de esfuerzos diplom\u00e1ticos para encontrar una soluci\u00f3n pac\u00edfica para la crisis y (Putin) present\u00f3 varias propuestas dirigidas al arreglo de las diferencias sobre el programa nuclear iran\u00ed\u00bb.&nbsp;<\/p>\n<p>Putin \u00abtampoco desea ver que ellos (Ir\u00e1n) posean un arma nuclear\u00bb, afirm\u00f3 Trump.<\/p>\n<h2><strong>Mosc\u00fa, entre Teher\u00e1n y la diplomacia<\/strong><\/h2>\n<div class=\"m-em-image\">\n<figure class=\"m-item-image m-item-image--original m-item-image--has-caption\"> <picture class=\"a-picture a-picture--original\"><source type=\"image\/webp\" srcset=\"https:\/\/s.france24.com\/media\/display\/2a4ee920-423e-11f1-a36f-005056bfb2b6\/w:246\/2026-04-27T132759Z-2079468480-RC2OXKAXSVJA-RTRMADP-3-IRAN-CRISIS-RUSSIA-IRAN.webp 246w, https:\/\/s.france24.com\/media\/display\/2a4ee920-423e-11f1-a36f-005056bfb2b6\/w:388\/2026-04-27T132759Z-2079468480-RC2OXKAXSVJA-RTRMADP-3-IRAN-CRISIS-RUSSIA-IRAN.webp 388w, https:\/\/s.france24.com\/media\/display\/2a4ee920-423e-11f1-a36f-005056bfb2b6\/w:720\/2026-04-27T132759Z-2079468480-RC2OXKAXSVJA-RTRMADP-3-IRAN-CRISIS-RUSSIA-IRAN.webp 720w, https:\/\/s.france24.com\/media\/display\/2a4ee920-423e-11f1-a36f-005056bfb2b6\/w:980\/2026-04-27T132759Z-2079468480-RC2OXKAXSVJA-RTRMADP-3-IRAN-CRISIS-RUSSIA-IRAN.webp 980w\" sizes=\"(max-width: 1023px) calc(100vw - 32px), (min-width: 1024px) 850px\"><img fetchpriority=\"low\" decoding=\"async\" src=\"https:\/\/s.france24.com\/media\/display\/2a4ee920-423e-11f1-a36f-005056bfb2b6\/w:980\/2026-04-27T132759Z-2079468480-RC2OXKAXSVJA-RTRMADP-3-IRAN-CRISIS-RUSSIA-IRAN.jpg\" srcset=\"https:\/\/s.france24.com\/media\/display\/2a4ee920-423e-11f1-a36f-005056bfb2b6\/w:246\/2026-04-27T132759Z-2079468480-RC2OXKAXSVJA-RTRMADP-3-IRAN-CRISIS-RUSSIA-IRAN.jpg 246w, https:\/\/s.france24.com\/media\/display\/2a4ee920-423e-11f1-a36f-005056bfb2b6\/w:388\/2026-04-27T132759Z-2079468480-RC2OXKAXSVJA-RTRMADP-3-IRAN-CRISIS-RUSSIA-IRAN.jpg 388w, https:\/\/s.france24.com\/media\/display\/2a4ee920-423e-11f1-a36f-005056bfb2b6\/w:720\/2026-04-27T132759Z-2079468480-RC2OXKAXSVJA-RTRMADP-3-IRAN-CRISIS-RUSSIA-IRAN.jpg 720w, https:\/\/s.france24.com\/media\/display\/2a4ee920-423e-11f1-a36f-005056bfb2b6\/w:980\/2026-04-27T132759Z-2079468480-RC2OXKAXSVJA-RTRMADP-3-IRAN-CRISIS-RUSSIA-IRAN.jpg 980w\" sizes=\"(max-width: 1023px) calc(100vw - 32px), (min-width: 1024px) 850px\" alt=\"El presidente ruso, Vladimir Putin, y el ministro de Asuntos Exteriores iran\u00ed, Abbas Araqchi, asisten a una reuni\u00f3n en la Biblioteca Presidencial Boris Yeltsin en San Petersburgo, Rusia, el 27 de abril de 2026.\" loading=\"lazy\" class=\"a-img \">\n<\/picture><figcaption class=\"a-figcaption\"> <span>El presidente ruso, Vladimir Putin, y el ministro de Asuntos Exteriores iran\u00ed, Abbas Araqchi, asisten a una reuni\u00f3n en la Biblioteca Presidencial Boris Yeltsin en San Petersburgo, Rusia, el 27 de abril de 2026.<\/span> <span>\u00a9 Dmitri Lovetsky, Reuteras<\/span> <\/figcaption><\/figure>\n<\/p><\/div>\n<p><a href=\"https:\/\/www.france24.com\/es\/tag\/mosc\u00fa\/\" target=\"_self\" class=\"gtm-add-suggested-tag\">Mosc\u00fa<\/a> ha ofrecido anteriormente retirar el uranio enriquecido de Ir\u00e1n, pa\u00eds con el que tiene una \u00abasociaci\u00f3n estrat\u00e9gica\u00bb, por lo que ha calificado de agresi\u00f3n los bombardeos de EE. UU. e Israel, y de \u00abc\u00ednico asesinato\u00bb la muerte del l\u00edder supremo iran\u00ed, el ayatol\u00e1 Al\u00ed Jamene\u00ed. El lunes recibi\u00f3 en San Petersburgo al ministro de Exteriores de la rep\u00fablica isl\u00e1mica, <a href=\"https:\/\/www.france24.com\/es\/tag\/abbas-araqchi\/\" target=\"_self\" class=\"gtm-add-suggested-tag\">Abbas Araqchi<\/a>.<\/p>\n<p>Yuri Ushakov a\u00f1adi\u00f3 que <a href=\"https:\/\/www.france24.com\/es\/tag\/mosc\u00fa\/\" target=\"_self\" class=\"gtm-add-suggested-tag\">Mosc\u00fa<\/a> tiene intenci\u00f3n de continuar \u00absus contactos con representantes iran\u00edes, los l\u00edderes de los pa\u00edses del golfo P\u00e9rsico y tambi\u00e9n con Israel y, naturalmente, con el equipo de negociadores estadounidenses\u00bb.<\/p>\n<p>Con Reuters y EFE<\/p>\n","protected":false},"excerpt":{"rendered":"<p>La guerra en Ucrania&nbsp;lleva m\u00e1s de cuatro&#46;&#46;&#46;<\/p>\n","protected":false},"author":1,"featured_media":166082,"comment_status":"closed","ping_status":"closed","sticky":false,"template":"","format":"standard","meta":{"_jetpack_memberships_contains_paid_content":false,"footnotes":"","jetpack_publicize_message":"","jetpack_publicize_feature_enabled":true,"jetpack_social_post_already_shared":true,"jetpack_social_options":{"image_generator_settings":{"template":"highway","default_image_id":0,"font":"","enabled":false},"version":2}},"categories":[43],"tags":[],"class_list":["post-166081","post","type-post","status-publish","format-standard","has-post-thumbnail","hentry","category-internacionales"],"yoast_head":"<!-- This site is optimized with the Yoast SEO plugin v27.3 - https:\/\/yoast.com\/product\/yoast-seo-wordpress\/ -->\n<title>La llamada Trump-Putin: un alto el fuego temporal en Ucrania y el uranio de Ir\u00e1n, sobre la mesa - Sarmiento24h<\/title>\n<meta name=\"robots\" content=\"index, follow, max-snippet:-1, max-image-preview:large, max-video-preview:-1\" \/>\n<link rel=\"canonical\" href=\"https:\/\/sarmiento24h.com\/?p=166081\" \/>\n<meta property=\"og:locale\" content=\"es_ES\" \/>\n<meta property=\"og:type\" content=\"article\" \/>\n<meta property=\"og:title\" content=\"La llamada Trump-Putin: un alto el fuego temporal en Ucrania y el uranio de Ir\u00e1n, sobre la mesa - Sarmiento24h\" \/>\n<meta property=\"og:description\" content=\"La guerra en Ucrania&nbsp;lleva m\u00e1s de cuatro&#046;&#046;&#046;\" \/>\n<meta property=\"og:url\" content=\"https:\/\/sarmiento24h.com\/?p=166081\" \/>\n<meta property=\"og:site_name\" content=\"Sarmiento24h\" \/>\n<meta property=\"article:publisher\" content=\"https:\/\/facebook.com\/s24hnoticias\" \/>\n<meta property=\"article:published_time\" content=\"2026-04-30T07:17:44+00:00\" \/>\n<meta property=\"og:image\" content=\"https:\/\/s.france24.com\/media\/display\/a207314c-1337-11f1-9e6b-005056bfb2b6\/w:980\/2026-02-05T170846Z-2010203872-RC2TFJAU6N9Z-RTRMADP-3-UKRAINE-CRISIS-PRISONERS-SWAP.jpg\" \/>\n<meta name=\"author\" content=\"sarmiento24h@gmail.com\" \/>\n<meta name=\"twitter:card\" content=\"summary_large_image\" \/>\n<meta name=\"twitter:creator\" content=\"@sarmiento24h\" \/>\n<meta name=\"twitter:site\" content=\"@sarmiento24h\" \/>\n<meta name=\"twitter:label1\" content=\"Escrito por\" \/>\n\t<meta name=\"twitter:data1\" content=\"sarmiento24h@gmail.com\" \/>\n\t<meta name=\"twitter:label2\" content=\"Tiempo de lectura\" \/>\n\t<meta name=\"twitter:data2\" content=\"4 minutos\" \/>\n<script type=\"application\/ld+json\" class=\"yoast-schema-graph\">{\"@context\":\"https:\\\/\\\/schema.org\",\"@graph\":[{\"@type\":\"Article\",\"@id\":\"https:\\\/\\\/sarmiento24h.com\\\/?p=166081#article\",\"isPartOf\":{\"@id\":\"https:\\\/\\\/sarmiento24h.com\\\/?p=166081\"},\"author\":{\"name\":\"sarmiento24h@gmail.com\",\"@id\":\"https:\\\/\\\/sarmiento24h.com\\\/#\\\/schema\\\/person\\\/d653a59725ad629a7e0429af7b939d4d\"},\"headline\":\"La llamada Trump-Putin: un alto el fuego temporal en Ucrania y el uranio de Ir\u00e1n, sobre la mesa\",\"datePublished\":\"2026-04-30T07:17:44+00:00\",\"mainEntityOfPage\":{\"@id\":\"https:\\\/\\\/sarmiento24h.com\\\/?p=166081\"},\"wordCount\":902,\"publisher\":{\"@id\":\"https:\\\/\\\/sarmiento24h.com\\\/#organization\"},\"image\":{\"@id\":\"https:\\\/\\\/sarmiento24h.com\\\/?p=166081#primaryimage\"},\"thumbnailUrl\":\"https:\\\/\\\/sarmiento24h.com\\\/wp-content\\\/uploads\\\/2026\\\/04\\\/la-llamada-trump-putin-un-alto-el-fuego-temporal-en-ucrania-y-el-uranio-de-iran-sobre-la-mesa.jpg\",\"articleSection\":[\"Internacionales\"],\"inLanguage\":\"es\"},{\"@type\":\"WebPage\",\"@id\":\"https:\\\/\\\/sarmiento24h.com\\\/?p=166081\",\"url\":\"https:\\\/\\\/sarmiento24h.com\\\/?p=166081\",\"name\":\"La llamada Trump-Putin: un alto el fuego temporal en Ucrania y el uranio de Ir\u00e1n, sobre la mesa - Sarmiento24h\",\"isPartOf\":{\"@id\":\"https:\\\/\\\/sarmiento24h.com\\\/#website\"},\"primaryImageOfPage\":{\"@id\":\"https:\\\/\\\/sarmiento24h.com\\\/?p=166081#primaryimage\"},\"image\":{\"@id\":\"https:\\\/\\\/sarmiento24h.com\\\/?p=166081#primaryimage\"},\"thumbnailUrl\":\"https:\\\/\\\/sarmiento24h.com\\\/wp-content\\\/uploads\\\/2026\\\/04\\\/la-llamada-trump-putin-un-alto-el-fuego-temporal-en-ucrania-y-el-uranio-de-iran-sobre-la-mesa.jpg\",\"datePublished\":\"2026-04-30T07:17:44+00:00\",\"breadcrumb\":{\"@id\":\"https:\\\/\\\/sarmiento24h.com\\\/?p=166081#breadcrumb\"},\"inLanguage\":\"es\",\"potentialAction\":[{\"@type\":\"ReadAction\",\"target\":[\"https:\\\/\\\/sarmiento24h.com\\\/?p=166081\"]}]},{\"@type\":\"ImageObject\",\"inLanguage\":\"es\",\"@id\":\"https:\\\/\\\/sarmiento24h.com\\\/?p=166081#primaryimage\",\"url\":\"https:\\\/\\\/sarmiento24h.com\\\/wp-content\\\/uploads\\\/2026\\\/04\\\/la-llamada-trump-putin-un-alto-el-fuego-temporal-en-ucrania-y-el-uranio-de-iran-sobre-la-mesa.jpg\",\"contentUrl\":\"https:\\\/\\\/sarmiento24h.com\\\/wp-content\\\/uploads\\\/2026\\\/04\\\/la-llamada-trump-putin-un-alto-el-fuego-temporal-en-ucrania-y-el-uranio-de-iran-sobre-la-mesa.jpg\",\"width\":980,\"height\":697},{\"@type\":\"BreadcrumbList\",\"@id\":\"https:\\\/\\\/sarmiento24h.com\\\/?p=166081#breadcrumb\",\"itemListElement\":[{\"@type\":\"ListItem\",\"position\":1,\"name\":\"Home\",\"item\":\"https:\\\/\\\/sarmiento24h.com\\\/\"},{\"@type\":\"ListItem\",\"position\":2,\"name\":\"La llamada Trump-Putin: un alto el fuego temporal en Ucrania y el uranio de Ir\u00e1n, sobre la mesa\"}]},{\"@type\":\"WebSite\",\"@id\":\"https:\\\/\\\/sarmiento24h.com\\\/#website\",\"url\":\"https:\\\/\\\/sarmiento24h.com\\\/\",\"name\":\"Sarmiento24h\",\"description\":\"\",\"publisher\":{\"@id\":\"https:\\\/\\\/sarmiento24h.com\\\/#organization\"},\"potentialAction\":[{\"@type\":\"SearchAction\",\"target\":{\"@type\":\"EntryPoint\",\"urlTemplate\":\"https:\\\/\\\/sarmiento24h.com\\\/?s={search_term_string}\"},\"query-input\":{\"@type\":\"PropertyValueSpecification\",\"valueRequired\":true,\"valueName\":\"search_term_string\"}}],\"inLanguage\":\"es\"},{\"@type\":\"Organization\",\"@id\":\"https:\\\/\\\/sarmiento24h.com\\\/#organization\",\"name\":\"Sarmiento24h\",\"url\":\"https:\\\/\\\/sarmiento24h.com\\\/\",\"logo\":{\"@type\":\"ImageObject\",\"inLanguage\":\"es\",\"@id\":\"https:\\\/\\\/sarmiento24h.com\\\/#\\\/schema\\\/logo\\\/image\\\/\",\"url\":\"https:\\\/\\\/sarmiento24h.com\\\/wp-content\\\/uploads\\\/2025\\\/12\\\/AddText_12-16-10.30.52.jpg\",\"contentUrl\":\"https:\\\/\\\/sarmiento24h.com\\\/wp-content\\\/uploads\\\/2025\\\/12\\\/AddText_12-16-10.30.52.jpg\",\"width\":1220,\"height\":324,\"caption\":\"Sarmiento24h\"},\"image\":{\"@id\":\"https:\\\/\\\/sarmiento24h.com\\\/#\\\/schema\\\/logo\\\/image\\\/\"},\"sameAs\":[\"https:\\\/\\\/facebook.com\\\/s24hnoticias\",\"https:\\\/\\\/x.com\\\/sarmiento24h\"]},{\"@type\":\"Person\",\"@id\":\"https:\\\/\\\/sarmiento24h.com\\\/#\\\/schema\\\/person\\\/d653a59725ad629a7e0429af7b939d4d\",\"name\":\"sarmiento24h@gmail.com\",\"image\":{\"@type\":\"ImageObject\",\"inLanguage\":\"es\",\"@id\":\"https:\\\/\\\/sarmiento24h.com\\\/wp-content\\\/litespeed\\\/avatar\\\/d02cbc4e23c747e6659cd45907173c8f.jpg?ver=1777157796\",\"url\":\"https:\\\/\\\/sarmiento24h.com\\\/wp-content\\\/litespeed\\\/avatar\\\/d02cbc4e23c747e6659cd45907173c8f.jpg?ver=1777157796\",\"contentUrl\":\"https:\\\/\\\/sarmiento24h.com\\\/wp-content\\\/litespeed\\\/avatar\\\/d02cbc4e23c747e6659cd45907173c8f.jpg?ver=1777157796\",\"caption\":\"sarmiento24h@gmail.com\"},\"sameAs\":[\"https:\\\/\\\/sarmiento24h.com\"],\"url\":\"https:\\\/\\\/sarmiento24h.com\\\/?author=1\"}]}<\/script>\n<!-- \/ Yoast SEO plugin. -->","yoast_head_json":{"title":"La llamada Trump-Putin: un alto el fuego temporal en Ucrania y el uranio de Ir\u00e1n, sobre la mesa - Sarmiento24h","robots":{"index":"index","follow":"follow","max-snippet":"max-snippet:-1","max-image-preview":"max-image-preview:large","max-video-preview":"max-video-preview:-1"},"canonical":"https:\/\/sarmiento24h.com\/?p=166081","og_locale":"es_ES","og_type":"article","og_title":"La llamada Trump-Putin: un alto el fuego temporal en Ucrania y el uranio de Ir\u00e1n, sobre la mesa - Sarmiento24h","og_description":"La guerra en Ucrania&nbsp;lleva m\u00e1s de cuatro&#46;&#46;&#46;","og_url":"https:\/\/sarmiento24h.com\/?p=166081","og_site_name":"Sarmiento24h","article_publisher":"https:\/\/facebook.com\/s24hnoticias","article_published_time":"2026-04-30T07:17:44+00:00","og_image":[{"url":"https:\/\/s.france24.com\/media\/display\/a207314c-1337-11f1-9e6b-005056bfb2b6\/w:980\/2026-02-05T170846Z-2010203872-RC2TFJAU6N9Z-RTRMADP-3-UKRAINE-CRISIS-PRISONERS-SWAP.jpg","type":"","width":"","height":""}],"author":"sarmiento24h@gmail.com","twitter_card":"summary_large_image","twitter_creator":"@sarmiento24h","twitter_site":"@sarmiento24h","twitter_misc":{"Escrito por":"sarmiento24h@gmail.com","Tiempo de lectura":"4 minutos"},"schema":{"@context":"https:\/\/schema.org","@graph":[{"@type":"Article","@id":"https:\/\/sarmiento24h.com\/?p=166081#article","isPartOf":{"@id":"https:\/\/sarmiento24h.com\/?p=166081"},"author":{"name":"sarmiento24h@gmail.com","@id":"https:\/\/sarmiento24h.com\/#\/schema\/person\/d653a59725ad629a7e0429af7b939d4d"},"headline":"La llamada Trump-Putin: un alto el fuego temporal en Ucrania y el uranio de Ir\u00e1n, sobre la mesa","datePublished":"2026-04-30T07:17:44+00:00","mainEntityOfPage":{"@id":"https:\/\/sarmiento24h.com\/?p=166081"},"wordCount":902,"publisher":{"@id":"https:\/\/sarmiento24h.com\/#organization"},"image":{"@id":"https:\/\/sarmiento24h.com\/?p=166081#primaryimage"},"thumbnailUrl":"https:\/\/sarmiento24h.com\/wp-content\/uploads\/2026\/04\/la-llamada-trump-putin-un-alto-el-fuego-temporal-en-ucrania-y-el-uranio-de-iran-sobre-la-mesa.jpg","articleSection":["Internacionales"],"inLanguage":"es"},{"@type":"WebPage","@id":"https:\/\/sarmiento24h.com\/?p=166081","url":"https:\/\/sarmiento24h.com\/?p=166081","name":"La llamada Trump-Putin: un alto el fuego temporal en Ucrania y el uranio de Ir\u00e1n, sobre la mesa - Sarmiento24h","isPartOf":{"@id":"https:\/\/sarmiento24h.com\/#website"},"primaryImageOfPage":{"@id":"https:\/\/sarmiento24h.com\/?p=166081#primaryimage"},"image":{"@id":"https:\/\/sarmiento24h.com\/?p=166081#primaryimage"},"thumbnailUrl":"https:\/\/sarmiento24h.com\/wp-content\/uploads\/2026\/04\/la-llamada-trump-putin-un-alto-el-fuego-temporal-en-ucrania-y-el-uranio-de-iran-sobre-la-mesa.jpg","datePublished":"2026-04-30T07:17:44+00:00","breadcrumb":{"@id":"https:\/\/sarmiento24h.com\/?p=166081#breadcrumb"},"inLanguage":"es","potentialAction":[{"@type":"ReadAction","target":["https:\/\/sarmiento24h.com\/?p=166081"]}]},{"@type":"ImageObject","inLanguage":"es","@id":"https:\/\/sarmiento24h.com\/?p=166081#primaryimage","url":"https:\/\/sarmiento24h.com\/wp-content\/uploads\/2026\/04\/la-llamada-trump-putin-un-alto-el-fuego-temporal-en-ucrania-y-el-uranio-de-iran-sobre-la-mesa.jpg","contentUrl":"https:\/\/sarmiento24h.com\/wp-content\/uploads\/2026\/04\/la-llamada-trump-putin-un-alto-el-fuego-temporal-en-ucrania-y-el-uranio-de-iran-sobre-la-mesa.jpg","width":980,"height":697},{"@type":"BreadcrumbList","@id":"https:\/\/sarmiento24h.com\/?p=166081#breadcrumb","itemListElement":[{"@type":"ListItem","position":1,"name":"Home","item":"https:\/\/sarmiento24h.com\/"},{"@type":"ListItem","position":2,"name":"La llamada Trump-Putin: un alto el fuego temporal en Ucrania y el uranio de Ir\u00e1n, sobre la mesa"}]},{"@type":"WebSite","@id":"https:\/\/sarmiento24h.com\/#website","url":"https:\/\/sarmiento24h.com\/","name":"Sarmiento24h","description":"","publisher":{"@id":"https:\/\/sarmiento24h.com\/#organization"},"potentialAction":[{"@type":"SearchAction","target":{"@type":"EntryPoint","urlTemplate":"https:\/\/sarmiento24h.com\/?s={search_term_string}"},"query-input":{"@type":"PropertyValueSpecification","valueRequired":true,"valueName":"search_term_string"}}],"inLanguage":"es"},{"@type":"Organization","@id":"https:\/\/sarmiento24h.com\/#organization","name":"Sarmiento24h","url":"https:\/\/sarmiento24h.com\/","logo":{"@type":"ImageObject","inLanguage":"es","@id":"https:\/\/sarmiento24h.com\/#\/schema\/logo\/image\/","url":"https:\/\/sarmiento24h.com\/wp-content\/uploads\/2025\/12\/AddText_12-16-10.30.52.jpg","contentUrl":"https:\/\/sarmiento24h.com\/wp-content\/uploads\/2025\/12\/AddText_12-16-10.30.52.jpg","width":1220,"height":324,"caption":"Sarmiento24h"},"image":{"@id":"https:\/\/sarmiento24h.com\/#\/schema\/logo\/image\/"},"sameAs":["https:\/\/facebook.com\/s24hnoticias","https:\/\/x.com\/sarmiento24h"]},{"@type":"Person","@id":"https:\/\/sarmiento24h.com\/#\/schema\/person\/d653a59725ad629a7e0429af7b939d4d","name":"sarmiento24h@gmail.com","image":{"@type":"ImageObject","inLanguage":"es","@id":"https:\/\/sarmiento24h.com\/wp-content\/litespeed\/avatar\/d02cbc4e23c747e6659cd45907173c8f.jpg?ver=1777157796","url":"https:\/\/sarmiento24h.com\/wp-content\/litespeed\/avatar\/d02cbc4e23c747e6659cd45907173c8f.jpg?ver=1777157796","contentUrl":"https:\/\/sarmiento24h.com\/wp-content\/litespeed\/avatar\/d02cbc4e23c747e6659cd45907173c8f.jpg?ver=1777157796","caption":"sarmiento24h@gmail.com"},"sameAs":["https:\/\/sarmiento24h.com"],"url":"https:\/\/sarmiento24h.com\/?author=1"}]}},"jetpack_publicize_connections":[],"jetpack_featured_media_url":"https:\/\/sarmiento24h.com\/wp-content\/uploads\/2026\/04\/la-llamada-trump-putin-un-alto-el-fuego-temporal-en-ucrania-y-el-uranio-de-iran-sobre-la-mesa.jpg","jetpack_sharing_enabled":true,"_links":{"self":[{"href":"https:\/\/sarmiento24h.com\/index.php?rest_route=\/wp\/v2\/posts\/166081","targetHints":{"allow":["GET"]}}],"collection":[{"href":"https:\/\/sarmiento24h.com\/index.php?rest_route=\/wp\/v2\/posts"}],"about":[{"href":"https:\/\/sarmiento24h.com\/index.php?rest_route=\/wp\/v2\/types\/post"}],"author":[{"embeddable":true,"href":"https:\/\/sarmiento24h.com\/index.php?rest_route=\/wp\/v2\/users\/1"}],"replies":[{"embeddable":true,"href":"https:\/\/sarmiento24h.com\/index.php?rest_route=%2Fwp%2Fv2%2Fcomments&post=166081"}],"version-history":[{"count":0,"href":"https:\/\/sarmiento24h.com\/index.php?rest_route=\/wp\/v2\/posts\/166081\/revisions"}],"wp:featuredmedia":[{"embeddable":true,"href":"https:\/\/sarmiento24h.com\/index.php?rest_route=\/wp\/v2\/media\/166082"}],"wp:attachment":[{"href":"https:\/\/sarmiento24h.com\/index.php?rest_route=%2Fwp%2Fv2%2Fmedia&parent=166081"}],"wp:term":[{"taxonomy":"category","embeddable":true,"href":"https:\/\/sarmiento24h.com\/index.php?rest_route=%2Fwp%2Fv2%2Fcategories&post=166081"},{"taxonomy":"post_tag","embeddable":true,"href":"https:\/\/sarmiento24h.com\/index.php?rest_route=%2Fwp%2Fv2%2Ftags&post=166081"}],"curies":[{"name":"wp","href":"https:\/\/api.w.org\/{rel}","templated":true}]}}