{"id":166202,"date":"2026-04-30T08:27:52","date_gmt":"2026-04-30T08:27:52","guid":{"rendered":"http:\/\/cba8085a-4456-11f1-a3e4-6fcf5b67cab8"},"modified":"2026-04-30T08:27:52","modified_gmt":"2026-04-30T08:27:52","slug":"israel-intercepta-la-flotilla-global-sumud-que-iba-a-gaza-175-activistas-detenidos-en-aguas-internacionales","status":"publish","type":"post","link":"https:\/\/sarmiento24h.com\/?p=166202","title":{"rendered":"Israel intercepta la Flotilla Global Sumud que iba a Gaza: 175 activistas detenidos en aguas internacionales"},"content":{"rendered":"<div readability=\"15\"> <time datetime=\"2026-04-30T08:22:38+00:00\">30\/04\/2026 &#8211; 10:22<\/time><\/p>\n<h2 aria-level=\"3\">El apag\u00f3n digital en Ir\u00e1n cumple dos meses y devasta el sector educativo<\/h2>\n<p>El bloqueo de internet en Ir\u00e1n ha alcanzado los 62 d\u00edas consecutivos, sumando un total de 1.464 horas de desconexi\u00f3n casi total para la poblaci\u00f3n civil. <\/p>\n<p>Seg\u00fan datos de NetBlocks, esta medida ha paralizado el sistema de ense\u00f1anza. Al devastar el acceso a las plataformas de conocimiento, el apag\u00f3n est\u00e1 obstaculizando de forma severa el desarrollo de la escolarizaci\u00f3n y la educaci\u00f3n superior en todo el pa\u00eds.<\/p>\n<\/p><\/div>\n<div readability=\"14\"> <time datetime=\"2026-04-30T07:24:35+00:00\">30\/04\/2026 &#8211; 09:24<\/time><\/p>\n<h2 aria-level=\"3\">El presidente de Ir\u00e1n afirm\u00f3 que el bloqueo naval de Estados Unidos est\u00e1 \u201ccondenado al fracaso\u201d<\/h2>\n<p>El presidente de Ir\u00e1n, Masoud Pezeshkian, afirm\u00f3 que un bloqueo naval estadounidense a los puertos iran\u00edes profundizar\u00eda las perturbaciones en el Golfo y no lograr\u00eda alcanzar sus objetivos.<\/p>\n<blockquote><p>\u00abCualquier intento de imponer un bloqueo mar\u00edtimo o restricciones es contrario al derecho internacional&#8230; y est\u00e1 condenado al fracaso\u00bb, declar\u00f3 Pezeshkian en un comunicado.<\/p><\/blockquote>\n<p>A\u00f1adi\u00f3 que tales medidas \u00abno solo no lograr\u00e1n mejorar la seguridad regional, sino que de hecho son una fuente de tensi\u00f3n y una alteraci\u00f3n de la estabilidad duradera en el Golfo P\u00e9rsico\u00bb.<\/p>\n<\/p><\/div>\n<div readability=\"13\"> <time datetime=\"2026-04-30T07:24:04+00:00\">30\/04\/2026 &#8211; 09:24<\/time><\/p>\n<h2 aria-level=\"3\">Israel afirma haber interceptado a 175 activistas de la flotilla con ayuda para Gaza <\/h2>\n<p>El ministerio de Asuntos Exteriores de Israel ha declarado que el ej\u00e9rcito israel\u00ed <strong>detuvo a unos 175 activistas a bordo de 20 barcos de una flotilla cargada de ayuda con destino a Gaza.<\/strong><\/p>\n<p><strong><span class=\"ql-cursor\">\ufeff<\/span><\/strong><\/p>\n<blockquote><p>\u00abAproximadamente 175 activistas de m\u00e1s de 20 barcos&#8230; se dirigen ahora pac\u00edficamente hacia Israel\u00bb, afirm\u00f3 el ministerio en un comunicado, que inclu\u00eda un video de los activistas a bordo de un buque de la armada israel\u00ed.<\/p><\/blockquote>\n<p>Israel controla todos los puntos de entrada a Gaza y ha sido acusado por las Naciones Unidas y ONG extranjeras de asfixiar el flujo de bienes hacia el territorio, provocando escasez desde el inicio de la guerra en octubre de 2023.<\/p>\n<\/p><\/div>\n<div readability=\"17\"> <time datetime=\"2026-04-30T07:21:32+00:00\">30\/04\/2026 &#8211; 09:21<\/time><\/p>\n<h2 aria-level=\"3\">Turqu\u00eda condena \u00abacto de pirater\u00eda\u00bb israel\u00ed a la Flotilla Global Sumud<\/h2>\n<p>El gobierno ha calificado como un \u00abacto de pirater\u00eda\u00bb la intervenci\u00f3n del ej\u00e9rcito israel\u00ed en aguas internacionales contra la Flotilla Global Sumud, que transportaba ayuda humanitaria hacia Gaza.<\/p>\n<p>Seg\u00fan el comunicado, esta agresi\u00f3n no solo viola los principios humanitarios y el derecho internacional, sino que tambi\u00e9n atenta contra la libertad de navegaci\u00f3n en alta mar. Ante la gravedad de los hechos, <strong>se ha solicitado una postura unificada de la comunidad internacional <\/strong>mientras se coordinan acciones para garantizar la seguridad de los pasajeros y ciudadanos a bordo.<\/p>\n<\/p><\/div>\n<div readability=\"21\"> <time datetime=\"2026-04-30T05:32:28+00:00\">30\/04\/2026 &#8211; 07:32<\/time><\/p>\n<h2 aria-level=\"3\">La OMS alerta sobre el aumento de ataques globales a la salud por el conflicto en Medio Oriente<\/h2>\n<p>La Organizaci\u00f3n Mundial de la Salud (OMS) ha alertado sobre un incremento global en las agresiones contra instalaciones y personal m\u00e9dico, cuya media diaria subi\u00f3 de 3.7 a 4.3 incidentes tras la intensificaci\u00f3n del conflicto en Medio Oriente a finales de febrero. <\/p>\n<p>De acuerdo con la OMS, las hostilidades han provocado el cierre de 50 centros de salud y da\u00f1os en otros 16 en la regi\u00f3n, destacando el caso de L\u00edbano con 149 ataques identificados y el de Ir\u00e1n con 26 reportes de agresiones. <\/p>\n<p>Mientras el organismo internacional<strong> denuncia que la infraestructura sanitaria se ha vuelto un objetivo estrat\u00e9gico, <\/strong>el gobierno de Israel sostiene que sus ataques se dirigen exclusivamente contra posiciones de Hezbol\u00e1. <\/p>\n<\/p><\/div>\n<div readability=\"28\"> <time datetime=\"2026-04-30T05:28:21+00:00\">30\/04\/2026 &#8211; 07:28<\/time><\/p>\n<h2 aria-level=\"3\">Organizadores de la flotilla de Gaza afirman estar rodeados por \u00abbarcos militares\u00bb israel\u00edes<\/h2>\n<p>Los organizadores de una flotilla que transporta activistas propalestinos con el objetivo de romper el bloqueo israel\u00ed en Gaza afirmaron que sus embarcaciones estaban rodeadas por \u00abbarcos militares\u00bb israel\u00edes.<\/p>\n<p>La flotilla,<strong> integrada por m\u00e1s de 50 embarcaciones, <\/strong>zarp\u00f3 en las \u00faltimas semanas desde Marsella en Francia, Barcelona en Espa\u00f1a y Siracusa en Italia.<\/p>\n<p>En una publicaci\u00f3n en la red social X durante la noche, la Global Sumud Flotilla se\u00f1al\u00f3 que barcos militares israel\u00edes hab\u00edan \u00abrodeado ilegalmente la flotilla en aguas internacionales y amenazado con secuestros y violencia\u00bb.<\/p>\n<p><strong>\u00abSe han perdido las comunicaciones con 11 embarcaciones\u00bb, a\u00f1adi\u00f3 la organizaci\u00f3n.<\/strong><\/p>\n<p>La flotilla se encuentra actualmente frente a las costas de Grecia, cerca de Creta, seg\u00fan el seguimiento en vivo de la organizaci\u00f3n en su sitio web.<\/p>\n<\/p><\/div>\n<div readability=\"22\"> <time datetime=\"2026-04-30T05:23:24+00:00\">30\/04\/2026 &#8211; 07:23<\/time><\/p>\n<h2 aria-level=\"3\">L\u00edder del Comando Central de EE. UU. informar\u00e1 a Trump el jueves sobre nuevas opciones militares en Ir\u00e1n (Axios)<\/h2>\n<p>El presidente de EE. UU., Donald Trump, recibir\u00e1 el jueves un informe sobre nuevos planes para una posible acci\u00f3n militar contra Ir\u00e1n por parte del l\u00edder del Comando Central de EE. UU., Brad Cooper. <\/p>\n<p>La sesi\u00f3n informativa tendr\u00e1 lugar el jueves, seg\u00fan el informe de Axios del mi\u00e9rcoles. La Casa Blanca no respondi\u00f3 de inmediato a una solicitud de comentarios.<\/p>\n<p>El CENTCOM <strong>ha preparado un plan para una oleada de ataques \u00abcortos y potentes\u00bb contra Ir\u00e1n, <\/strong>que probablemente incluya objetivos de infraestructura, inform\u00f3 Axios, citando fuentes.<\/p>\n<\/p><\/div>\n<div readability=\"19\"> <time datetime=\"2026-04-30T05:20:27+00:00\">30\/04\/2026 &#8211; 07:20<\/time><\/p>\n<h2 aria-level=\"3\">Donald Trump contempla una reducci\u00f3n de las fuerzas estadounidenses en Alemania<\/h2>\n<p>Donald Trump declar\u00f3 el mi\u00e9rcoles que contempla una reducci\u00f3n de las fuerzas armadas estadounidenses estacionadas en Alemania, tras tensos intercambios con el canciller alem\u00e1n a prop\u00f3sito de la guerra en Ir\u00e1n.<\/p>\n<p>\u00abSe tomar\u00e1 una decisi\u00f3n muy pronto\u00bb, escribi\u00f3 el presidente estadounidense en su plataforma Truth Social despu\u00e9s de que Friedrich Merz afirmara que \u00ablos estadounidenses (no ten\u00edan) visiblemente ninguna estrategia\u00bb en Ir\u00e1n. <\/p>\n<p>En respuesta, Donald Trump hab\u00eda acusado el martes a Friedrich Merz de \u00abno saber de qu\u00e9 estaba hablando\u00bb.<\/p>\n<p><img decoding=\"async\" src=\"https:\/\/arena-cdn-g.eu.getarena.im\/site-media\/661e9848fa496b0a97abf80099678da5563846bfb6a0560c5d8c5459.jpg\"><\/p>\n<\/p><\/div>\n<div readability=\"8\"> <time datetime=\"2026-04-30T05:17:01+00:00\">30\/04\/2026 &#8211; 07:17<\/time> <\/p>\n<p>Bienvenidos al cubrimiento de los hechos m\u00e1s relevantes de la jornada del 30 de abril relacionados con la guerra en Medio Oriente. <\/p>\n<\/p><\/div>\n","protected":false},"excerpt":{"rendered":"<p>30\/04\/2026 &#8211; 10:22 El apag\u00f3n digital en&#46;&#46;&#46;<\/p>\n","protected":false},"author":1,"featured_media":166203,"comment_status":"closed","ping_status":"closed","sticky":false,"template":"","format":"standard","meta":{"_jetpack_memberships_contains_paid_content":false,"footnotes":"","jetpack_publicize_message":"","jetpack_publicize_feature_enabled":true,"jetpack_social_post_already_shared":true,"jetpack_social_options":{"image_generator_settings":{"template":"highway","default_image_id":0,"font":"","enabled":false},"version":2}},"categories":[43],"tags":[],"class_list":["post-166202","post","type-post","status-publish","format-standard","has-post-thumbnail","hentry","category-internacionales"],"yoast_head":"<!-- This site is optimized with the Yoast SEO plugin v27.3 - https:\/\/yoast.com\/product\/yoast-seo-wordpress\/ -->\n<title>Israel intercepta la Flotilla Global Sumud que iba a Gaza: 175 activistas detenidos en aguas internacionales - Sarmiento24h<\/title>\n<meta name=\"robots\" content=\"index, follow, max-snippet:-1, max-image-preview:large, max-video-preview:-1\" \/>\n<link rel=\"canonical\" href=\"https:\/\/sarmiento24h.com\/?p=166202\" \/>\n<meta property=\"og:locale\" content=\"es_ES\" \/>\n<meta property=\"og:type\" content=\"article\" \/>\n<meta property=\"og:title\" content=\"Israel intercepta la Flotilla Global Sumud que iba a Gaza: 175 activistas detenidos en aguas internacionales - Sarmiento24h\" \/>\n<meta property=\"og:description\" content=\"30\/04\/2026 &#8211; 10:22 El apag\u00f3n digital en&#046;&#046;&#046;\" \/>\n<meta property=\"og:url\" content=\"https:\/\/sarmiento24h.com\/?p=166202\" \/>\n<meta property=\"og:site_name\" content=\"Sarmiento24h\" \/>\n<meta property=\"article:publisher\" content=\"https:\/\/facebook.com\/s24hnoticias\" \/>\n<meta property=\"article:published_time\" content=\"2026-04-30T08:27:52+00:00\" \/>\n<meta property=\"og:image\" content=\"https:\/\/arena-cdn-g.eu.getarena.im\/site-media\/661e9848fa496b0a97abf80099678da5563846bfb6a0560c5d8c5459.jpg\" \/>\n<meta name=\"author\" content=\"sarmiento24h@gmail.com\" \/>\n<meta name=\"twitter:card\" content=\"summary_large_image\" \/>\n<meta name=\"twitter:creator\" content=\"@sarmiento24h\" \/>\n<meta name=\"twitter:site\" content=\"@sarmiento24h\" \/>\n<meta name=\"twitter:label1\" content=\"Escrito por\" \/>\n\t<meta name=\"twitter:data1\" content=\"sarmiento24h@gmail.com\" \/>\n\t<meta name=\"twitter:label2\" content=\"Tiempo de lectura\" \/>\n\t<meta name=\"twitter:data2\" content=\"5 minutos\" \/>\n<script type=\"application\/ld+json\" class=\"yoast-schema-graph\">{\"@context\":\"https:\\\/\\\/schema.org\",\"@graph\":[{\"@type\":\"Article\",\"@id\":\"https:\\\/\\\/sarmiento24h.com\\\/?p=166202#article\",\"isPartOf\":{\"@id\":\"https:\\\/\\\/sarmiento24h.com\\\/?p=166202\"},\"author\":{\"name\":\"sarmiento24h@gmail.com\",\"@id\":\"https:\\\/\\\/sarmiento24h.com\\\/#\\\/schema\\\/person\\\/d653a59725ad629a7e0429af7b939d4d\"},\"headline\":\"Israel intercepta la Flotilla Global Sumud que iba a Gaza: 175 activistas detenidos en aguas internacionales\",\"datePublished\":\"2026-04-30T08:27:52+00:00\",\"mainEntityOfPage\":{\"@id\":\"https:\\\/\\\/sarmiento24h.com\\\/?p=166202\"},\"wordCount\":972,\"publisher\":{\"@id\":\"https:\\\/\\\/sarmiento24h.com\\\/#organization\"},\"image\":{\"@id\":\"https:\\\/\\\/sarmiento24h.com\\\/?p=166202#primaryimage\"},\"thumbnailUrl\":\"https:\\\/\\\/sarmiento24h.com\\\/wp-content\\\/uploads\\\/2026\\\/04\\\/israel-intercepta-la-flotilla-global-sumud-que-iba-a-gaza-175-activistas-detenidos-en-aguas-internacionales.png\",\"articleSection\":[\"Internacionales\"],\"inLanguage\":\"es\"},{\"@type\":\"WebPage\",\"@id\":\"https:\\\/\\\/sarmiento24h.com\\\/?p=166202\",\"url\":\"https:\\\/\\\/sarmiento24h.com\\\/?p=166202\",\"name\":\"Israel intercepta la Flotilla Global Sumud que iba a Gaza: 175 activistas detenidos en aguas internacionales - Sarmiento24h\",\"isPartOf\":{\"@id\":\"https:\\\/\\\/sarmiento24h.com\\\/#website\"},\"primaryImageOfPage\":{\"@id\":\"https:\\\/\\\/sarmiento24h.com\\\/?p=166202#primaryimage\"},\"image\":{\"@id\":\"https:\\\/\\\/sarmiento24h.com\\\/?p=166202#primaryimage\"},\"thumbnailUrl\":\"https:\\\/\\\/sarmiento24h.com\\\/wp-content\\\/uploads\\\/2026\\\/04\\\/israel-intercepta-la-flotilla-global-sumud-que-iba-a-gaza-175-activistas-detenidos-en-aguas-internacionales.png\",\"datePublished\":\"2026-04-30T08:27:52+00:00\",\"breadcrumb\":{\"@id\":\"https:\\\/\\\/sarmiento24h.com\\\/?p=166202#breadcrumb\"},\"inLanguage\":\"es\",\"potentialAction\":[{\"@type\":\"ReadAction\",\"target\":[\"https:\\\/\\\/sarmiento24h.com\\\/?p=166202\"]}]},{\"@type\":\"ImageObject\",\"inLanguage\":\"es\",\"@id\":\"https:\\\/\\\/sarmiento24h.com\\\/?p=166202#primaryimage\",\"url\":\"https:\\\/\\\/sarmiento24h.com\\\/wp-content\\\/uploads\\\/2026\\\/04\\\/israel-intercepta-la-flotilla-global-sumud-que-iba-a-gaza-175-activistas-detenidos-en-aguas-internacionales.png\",\"contentUrl\":\"https:\\\/\\\/sarmiento24h.com\\\/wp-content\\\/uploads\\\/2026\\\/04\\\/israel-intercepta-la-flotilla-global-sumud-que-iba-a-gaza-175-activistas-detenidos-en-aguas-internacionales.png\",\"width\":500,\"height\":250},{\"@type\":\"BreadcrumbList\",\"@id\":\"https:\\\/\\\/sarmiento24h.com\\\/?p=166202#breadcrumb\",\"itemListElement\":[{\"@type\":\"ListItem\",\"position\":1,\"name\":\"Home\",\"item\":\"https:\\\/\\\/sarmiento24h.com\\\/\"},{\"@type\":\"ListItem\",\"position\":2,\"name\":\"Israel intercepta la Flotilla Global Sumud que iba a Gaza: 175 activistas detenidos en aguas internacionales\"}]},{\"@type\":\"WebSite\",\"@id\":\"https:\\\/\\\/sarmiento24h.com\\\/#website\",\"url\":\"https:\\\/\\\/sarmiento24h.com\\\/\",\"name\":\"Sarmiento24h\",\"description\":\"\",\"publisher\":{\"@id\":\"https:\\\/\\\/sarmiento24h.com\\\/#organization\"},\"potentialAction\":[{\"@type\":\"SearchAction\",\"target\":{\"@type\":\"EntryPoint\",\"urlTemplate\":\"https:\\\/\\\/sarmiento24h.com\\\/?s={search_term_string}\"},\"query-input\":{\"@type\":\"PropertyValueSpecification\",\"valueRequired\":true,\"valueName\":\"search_term_string\"}}],\"inLanguage\":\"es\"},{\"@type\":\"Organization\",\"@id\":\"https:\\\/\\\/sarmiento24h.com\\\/#organization\",\"name\":\"Sarmiento24h\",\"url\":\"https:\\\/\\\/sarmiento24h.com\\\/\",\"logo\":{\"@type\":\"ImageObject\",\"inLanguage\":\"es\",\"@id\":\"https:\\\/\\\/sarmiento24h.com\\\/#\\\/schema\\\/logo\\\/image\\\/\",\"url\":\"https:\\\/\\\/sarmiento24h.com\\\/wp-content\\\/uploads\\\/2025\\\/12\\\/AddText_12-16-10.30.52.jpg\",\"contentUrl\":\"https:\\\/\\\/sarmiento24h.com\\\/wp-content\\\/uploads\\\/2025\\\/12\\\/AddText_12-16-10.30.52.jpg\",\"width\":1220,\"height\":324,\"caption\":\"Sarmiento24h\"},\"image\":{\"@id\":\"https:\\\/\\\/sarmiento24h.com\\\/#\\\/schema\\\/logo\\\/image\\\/\"},\"sameAs\":[\"https:\\\/\\\/facebook.com\\\/s24hnoticias\",\"https:\\\/\\\/x.com\\\/sarmiento24h\"]},{\"@type\":\"Person\",\"@id\":\"https:\\\/\\\/sarmiento24h.com\\\/#\\\/schema\\\/person\\\/d653a59725ad629a7e0429af7b939d4d\",\"name\":\"sarmiento24h@gmail.com\",\"image\":{\"@type\":\"ImageObject\",\"inLanguage\":\"es\",\"@id\":\"https:\\\/\\\/sarmiento24h.com\\\/wp-content\\\/litespeed\\\/avatar\\\/d02cbc4e23c747e6659cd45907173c8f.jpg?ver=1777157796\",\"url\":\"https:\\\/\\\/sarmiento24h.com\\\/wp-content\\\/litespeed\\\/avatar\\\/d02cbc4e23c747e6659cd45907173c8f.jpg?ver=1777157796\",\"contentUrl\":\"https:\\\/\\\/sarmiento24h.com\\\/wp-content\\\/litespeed\\\/avatar\\\/d02cbc4e23c747e6659cd45907173c8f.jpg?ver=1777157796\",\"caption\":\"sarmiento24h@gmail.com\"},\"sameAs\":[\"https:\\\/\\\/sarmiento24h.com\"],\"url\":\"https:\\\/\\\/sarmiento24h.com\\\/?author=1\"}]}<\/script>\n<!-- \/ Yoast SEO plugin. -->","yoast_head_json":{"title":"Israel intercepta la Flotilla Global Sumud que iba a Gaza: 175 activistas detenidos en aguas internacionales - Sarmiento24h","robots":{"index":"index","follow":"follow","max-snippet":"max-snippet:-1","max-image-preview":"max-image-preview:large","max-video-preview":"max-video-preview:-1"},"canonical":"https:\/\/sarmiento24h.com\/?p=166202","og_locale":"es_ES","og_type":"article","og_title":"Israel intercepta la Flotilla Global Sumud que iba a Gaza: 175 activistas detenidos en aguas internacionales - Sarmiento24h","og_description":"30\/04\/2026 &#8211; 10:22 El apag\u00f3n digital en&#46;&#46;&#46;","og_url":"https:\/\/sarmiento24h.com\/?p=166202","og_site_name":"Sarmiento24h","article_publisher":"https:\/\/facebook.com\/s24hnoticias","article_published_time":"2026-04-30T08:27:52+00:00","og_image":[{"url":"https:\/\/arena-cdn-g.eu.getarena.im\/site-media\/661e9848fa496b0a97abf80099678da5563846bfb6a0560c5d8c5459.jpg","type":"","width":"","height":""}],"author":"sarmiento24h@gmail.com","twitter_card":"summary_large_image","twitter_creator":"@sarmiento24h","twitter_site":"@sarmiento24h","twitter_misc":{"Escrito por":"sarmiento24h@gmail.com","Tiempo de lectura":"5 minutos"},"schema":{"@context":"https:\/\/schema.org","@graph":[{"@type":"Article","@id":"https:\/\/sarmiento24h.com\/?p=166202#article","isPartOf":{"@id":"https:\/\/sarmiento24h.com\/?p=166202"},"author":{"name":"sarmiento24h@gmail.com","@id":"https:\/\/sarmiento24h.com\/#\/schema\/person\/d653a59725ad629a7e0429af7b939d4d"},"headline":"Israel intercepta la Flotilla Global Sumud que iba a Gaza: 175 activistas detenidos en aguas internacionales","datePublished":"2026-04-30T08:27:52+00:00","mainEntityOfPage":{"@id":"https:\/\/sarmiento24h.com\/?p=166202"},"wordCount":972,"publisher":{"@id":"https:\/\/sarmiento24h.com\/#organization"},"image":{"@id":"https:\/\/sarmiento24h.com\/?p=166202#primaryimage"},"thumbnailUrl":"https:\/\/sarmiento24h.com\/wp-content\/uploads\/2026\/04\/israel-intercepta-la-flotilla-global-sumud-que-iba-a-gaza-175-activistas-detenidos-en-aguas-internacionales.png","articleSection":["Internacionales"],"inLanguage":"es"},{"@type":"WebPage","@id":"https:\/\/sarmiento24h.com\/?p=166202","url":"https:\/\/sarmiento24h.com\/?p=166202","name":"Israel intercepta la Flotilla Global Sumud que iba a Gaza: 175 activistas detenidos en aguas internacionales - Sarmiento24h","isPartOf":{"@id":"https:\/\/sarmiento24h.com\/#website"},"primaryImageOfPage":{"@id":"https:\/\/sarmiento24h.com\/?p=166202#primaryimage"},"image":{"@id":"https:\/\/sarmiento24h.com\/?p=166202#primaryimage"},"thumbnailUrl":"https:\/\/sarmiento24h.com\/wp-content\/uploads\/2026\/04\/israel-intercepta-la-flotilla-global-sumud-que-iba-a-gaza-175-activistas-detenidos-en-aguas-internacionales.png","datePublished":"2026-04-30T08:27:52+00:00","breadcrumb":{"@id":"https:\/\/sarmiento24h.com\/?p=166202#breadcrumb"},"inLanguage":"es","potentialAction":[{"@type":"ReadAction","target":["https:\/\/sarmiento24h.com\/?p=166202"]}]},{"@type":"ImageObject","inLanguage":"es","@id":"https:\/\/sarmiento24h.com\/?p=166202#primaryimage","url":"https:\/\/sarmiento24h.com\/wp-content\/uploads\/2026\/04\/israel-intercepta-la-flotilla-global-sumud-que-iba-a-gaza-175-activistas-detenidos-en-aguas-internacionales.png","contentUrl":"https:\/\/sarmiento24h.com\/wp-content\/uploads\/2026\/04\/israel-intercepta-la-flotilla-global-sumud-que-iba-a-gaza-175-activistas-detenidos-en-aguas-internacionales.png","width":500,"height":250},{"@type":"BreadcrumbList","@id":"https:\/\/sarmiento24h.com\/?p=166202#breadcrumb","itemListElement":[{"@type":"ListItem","position":1,"name":"Home","item":"https:\/\/sarmiento24h.com\/"},{"@type":"ListItem","position":2,"name":"Israel intercepta la Flotilla Global Sumud que iba a Gaza: 175 activistas detenidos en aguas internacionales"}]},{"@type":"WebSite","@id":"https:\/\/sarmiento24h.com\/#website","url":"https:\/\/sarmiento24h.com\/","name":"Sarmiento24h","description":"","publisher":{"@id":"https:\/\/sarmiento24h.com\/#organization"},"potentialAction":[{"@type":"SearchAction","target":{"@type":"EntryPoint","urlTemplate":"https:\/\/sarmiento24h.com\/?s={search_term_string}"},"query-input":{"@type":"PropertyValueSpecification","valueRequired":true,"valueName":"search_term_string"}}],"inLanguage":"es"},{"@type":"Organization","@id":"https:\/\/sarmiento24h.com\/#organization","name":"Sarmiento24h","url":"https:\/\/sarmiento24h.com\/","logo":{"@type":"ImageObject","inLanguage":"es","@id":"https:\/\/sarmiento24h.com\/#\/schema\/logo\/image\/","url":"https:\/\/sarmiento24h.com\/wp-content\/uploads\/2025\/12\/AddText_12-16-10.30.52.jpg","contentUrl":"https:\/\/sarmiento24h.com\/wp-content\/uploads\/2025\/12\/AddText_12-16-10.30.52.jpg","width":1220,"height":324,"caption":"Sarmiento24h"},"image":{"@id":"https:\/\/sarmiento24h.com\/#\/schema\/logo\/image\/"},"sameAs":["https:\/\/facebook.com\/s24hnoticias","https:\/\/x.com\/sarmiento24h"]},{"@type":"Person","@id":"https:\/\/sarmiento24h.com\/#\/schema\/person\/d653a59725ad629a7e0429af7b939d4d","name":"sarmiento24h@gmail.com","image":{"@type":"ImageObject","inLanguage":"es","@id":"https:\/\/sarmiento24h.com\/wp-content\/litespeed\/avatar\/d02cbc4e23c747e6659cd45907173c8f.jpg?ver=1777157796","url":"https:\/\/sarmiento24h.com\/wp-content\/litespeed\/avatar\/d02cbc4e23c747e6659cd45907173c8f.jpg?ver=1777157796","contentUrl":"https:\/\/sarmiento24h.com\/wp-content\/litespeed\/avatar\/d02cbc4e23c747e6659cd45907173c8f.jpg?ver=1777157796","caption":"sarmiento24h@gmail.com"},"sameAs":["https:\/\/sarmiento24h.com"],"url":"https:\/\/sarmiento24h.com\/?author=1"}]}},"jetpack_publicize_connections":[],"jetpack_featured_media_url":"https:\/\/sarmiento24h.com\/wp-content\/uploads\/2026\/04\/israel-intercepta-la-flotilla-global-sumud-que-iba-a-gaza-175-activistas-detenidos-en-aguas-internacionales.png","jetpack_sharing_enabled":true,"_links":{"self":[{"href":"https:\/\/sarmiento24h.com\/index.php?rest_route=\/wp\/v2\/posts\/166202","targetHints":{"allow":["GET"]}}],"collection":[{"href":"https:\/\/sarmiento24h.com\/index.php?rest_route=\/wp\/v2\/posts"}],"about":[{"href":"https:\/\/sarmiento24h.com\/index.php?rest_route=\/wp\/v2\/types\/post"}],"author":[{"embeddable":true,"href":"https:\/\/sarmiento24h.com\/index.php?rest_route=\/wp\/v2\/users\/1"}],"replies":[{"embeddable":true,"href":"https:\/\/sarmiento24h.com\/index.php?rest_route=%2Fwp%2Fv2%2Fcomments&post=166202"}],"version-history":[{"count":0,"href":"https:\/\/sarmiento24h.com\/index.php?rest_route=\/wp\/v2\/posts\/166202\/revisions"}],"wp:featuredmedia":[{"embeddable":true,"href":"https:\/\/sarmiento24h.com\/index.php?rest_route=\/wp\/v2\/media\/166203"}],"wp:attachment":[{"href":"https:\/\/sarmiento24h.com\/index.php?rest_route=%2Fwp%2Fv2%2Fmedia&parent=166202"}],"wp:term":[{"taxonomy":"category","embeddable":true,"href":"https:\/\/sarmiento24h.com\/index.php?rest_route=%2Fwp%2Fv2%2Fcategories&post=166202"},{"taxonomy":"post_tag","embeddable":true,"href":"https:\/\/sarmiento24h.com\/index.php?rest_route=%2Fwp%2Fv2%2Ftags&post=166202"}],"curies":[{"name":"wp","href":"https:\/\/api.w.org\/{rel}","templated":true}]}}