{"id":166319,"date":"2026-04-30T09:28:12","date_gmt":"2026-04-30T09:28:12","guid":{"rendered":"http:\/\/36adbe82-4444-11f1-8182-c340af94b2ce"},"modified":"2026-04-30T09:28:12","modified_gmt":"2026-04-30T09:28:12","slug":"de-santa-marta-a-tuvalu-asi-cerro-la-primera-conferencia-global-contra-los-combustibles-fosiles","status":"publish","type":"post","link":"https:\/\/sarmiento24h.com\/?p=166319","title":{"rendered":"De Santa Marta a Tuvalu: as\u00ed cerr\u00f3 la primera conferencia global contra los combustibles f\u00f3siles"},"content":{"rendered":"<div><img decoding=\"async\" src=\"https:\/\/s.france24.com\/media\/display\/356ed844-4444-11f1-96f3-005056bf30b7\/w:1280\/p:16x9\/49204113cb89a7dbc12c2ff0a73862211d354330.jpg\" class=\"ff-og-image-inserted\"><\/div>\n<p>La primera conferencia global para buscar una salida de las energ\u00edas f\u00f3siles ha llegado a su fin en Santa Marta, un puerto carbon\u00edfero en la costa <a href=\"https:\/\/www.france24.com\/es\/tag\/caribe\/\" target=\"_self\" class=\"gtm-add-suggested-tag\">Caribe<\/a> de <a href=\"https:\/\/www.france24.com\/es\/tag\/colombia\/\" target=\"_self\" class=\"gtm-add-suggested-tag\">Colombia<\/a>, pero \u00bfqu\u00e9 se impuls\u00f3 en la agenda?<\/p>\n<p>Aqu\u00ed algunas conclusiones:<\/p>\n<h2><strong>Hojas de Ruta<\/strong><\/h2>\n<p><a href=\"https:\/\/www.france24.com\/es\/tag\/francia\/\" target=\"_self\" class=\"gtm-add-suggested-tag\">Francia<\/a> llam\u00f3 la atenci\u00f3n en la apertura del evento al publicar una \u00abhoja de ruta\u00bb con detalles de su plan para eliminar todos los combustibles f\u00f3siles para 2050.<\/p>\n<p>Analistas dijeron que ning\u00fan otro pa\u00eds hab\u00eda publicado un derrotero tan claro e integral, lo que envi\u00f3 una importante se\u00f1al desde una de la econom\u00edas m\u00e1s avanzadas del mundo sobre sus metas en este aspecto.<\/p>\n<p>El revuelo caus\u00f3 cierto malestar en Santa Marta pues <strong>no existe una hoja de ruta definida de forma oficial, y <a href=\"https:\/\/www.france24.com\/es\/tag\/francia\/\" target=\"_self\" class=\"gtm-add-suggested-tag\">Francia<\/a> no anunci\u00f3 una nueva pol\u00edtica, sino compromisos ya existentes bajo un t\u00edtulo diferente.<\/strong><\/p>\n<p>Otros pa\u00edses se\u00f1alaron que tambi\u00e9n tienen preparados calendarios para eliminar el carb\u00f3n y otros combustibles, planes para la <a href=\"https:\/\/www.france24.com\/es\/tag\/descarbonizaci\u00f3n\/\" target=\"_self\" class=\"gtm-add-suggested-tag\">descarbonizaci\u00f3n<\/a> de la industria pesada y objetivos en el uso de energ\u00edas renovables.<\/p>\n<p>Leo Roberts, del centro de pensamiento E3G, dijo que una hoja de ruta debe ser guiada por la ciencia y hacer de la eliminaci\u00f3n progresiva de los combustibles f\u00f3siles un \u00abprincipio central de planificaci\u00f3n\u00bb en torno al cual graviten las dem\u00e1s pol\u00edticas.<\/p>\n<h2><strong>Ciencia \u00abSpaghetti\u00bb<\/strong><\/h2>\n<p>Uno de los resultados principales fue<strong> la creaci\u00f3n de un panel cient\u00edfico experto para asesorar a los gobiernos, ciudades y regiones en la <a href=\"https:\/\/www.france24.com\/es\/tag\/planeaci\u00f3n\/\" target=\"_self\" class=\"gtm-add-suggested-tag\">planeaci\u00f3n<\/a> de sus propias rutas <\/strong>de transici\u00f3n hacia el abandono de energ\u00edas f\u00f3siles.<\/p>\n<p>Carlos Nobre, renombrado climat\u00f3logo y cient\u00edfico de <a href=\"https:\/\/www.france24.com\/es\/tag\/brasil\/\" target=\"_self\" class=\"gtm-add-suggested-tag\">Brasil<\/a> y uno de los impulsores de dicho panel, dijo a la AFP que \u00abeste proveer\u00e1 todas las soluciones, para implementarlos y para financiarlos\u00bb.<\/p>\n<p>Al Panel Cient\u00edfico para la Transici\u00f3n Energ\u00e9tica Global se le apod\u00f3 graciosamente el grupo \u00abSpaghetti\u00bb por su acr\u00f3nimo en ingl\u00e9s: SPGET.<\/p>\n<h2><strong>Zonas libres de combustibles f\u00f3siles<\/strong><\/h2>\n<p>Impulsado por la sociedad civil, el concepto de \u00abZonas Libres de Combustibles F\u00f3siles\u00bb gana adeptos en las reuniones internacionales y encontr\u00f3 un terreno f\u00e9rtil en Santa Marta.<\/p>\n<p>El objetivo de estas zonas es designar territorios que, debido a su importancia ecol\u00f3gica, desde el Amazonas hasta la cuenca del Congo y la selva tropical indonesia est\u00e9n protegidas por los gobiernos para<strong> prohibir en ellas cualquier exploraci\u00f3n y extracci\u00f3n de hidrocarburos.<\/strong><\/p>\n<p>El grupo de expertos Earth Insight estima que <strong>existen 58 \u00e1reas protegidas de este tipo en todo el mundo.<\/strong><\/p>\n<p><a href=\"https:\/\/www.france24.com\/es\/tag\/colombia\/\" target=\"_self\" class=\"gtm-add-suggested-tag\">Colombia<\/a>, por ejemplo, prohibi\u00f3 la extracci\u00f3n de hidrocarburos y la <a href=\"https:\/\/www.france24.com\/es\/tag\/miner\u00eda\/\" target=\"_self\" class=\"gtm-add-suggested-tag\">miner\u00eda<\/a> en su regi\u00f3n amaz\u00f3nica el a\u00f1o pasado para \u00abdetener la expansi\u00f3n de la frontera extractiva\u00bb, dijo la ministra del Medio Ambiente, Irene V\u00e9lez Torres, anfitriona de la conferencia.<\/p>\n<h2><strong>Pr\u00f3xima conferencia en Tuvalu<\/strong><\/h2>\n<p>Colombia pas\u00f3 el testigo a<strong> <a href=\"https:\/\/www.france24.com\/es\/tag\/tuvalu\/\" target=\"_self\" class=\"gtm-add-suggested-tag\">Tuvalu<\/a>, un peque\u00f1o estado insular en los confines del oc\u00e9ano Pac\u00edfico, que alojar\u00e1 en 2027 la pr\u00f3xima conferencia<\/strong> para la eliminaci\u00f3n de combustibles f\u00f3siles.<\/p>\n<p>Tuvalu est\u00e1 seriamente amenazado por el aumento del nivel del mar y se ha convertido en una voz referente en el escenario internacional para pa\u00edses empobrecidos y en peligro por las consecuencias del cambio clim\u00e1tico.<\/p>\n<p>\u00abEste viaje que comenz\u00f3 aqu\u00ed, en un <a href=\"https:\/\/www.france24.com\/es\/tag\/puerto\/\" target=\"_self\" class=\"gtm-add-suggested-tag\">puerto<\/a> carbon\u00edfero del mar Caribe, ahora se dirige al oc\u00e9ano Pac\u00edfico\u00bb, dijo el ministro de Cambio Clim\u00e1tico de Tuvalu, Maina Talia.<\/p>\n<p>\u00abCreo que el hecho de que el Pac\u00edfico est\u00e9 lejos no puede ser una excusa\u00bb, dijo a la AFP Nikki Reisch, del Centro para el Derecho Ambiental Internacional, en Santa Marta.<\/p>\n<p>\u00abLos pa\u00edses insulares del Pac\u00edfico soportan constantemente la carga de acudir a otros foros e intentar que se escuche su voz\u00bb, afirm\u00f3.<\/p>\n","protected":false},"excerpt":{"rendered":"<p>La primera conferencia global para buscar una&#46;&#46;&#46;<\/p>\n","protected":false},"author":1,"featured_media":166320,"comment_status":"closed","ping_status":"closed","sticky":false,"template":"","format":"standard","meta":{"_jetpack_memberships_contains_paid_content":false,"footnotes":"","jetpack_publicize_message":"","jetpack_publicize_feature_enabled":true,"jetpack_social_post_already_shared":true,"jetpack_social_options":{"image_generator_settings":{"template":"highway","default_image_id":0,"font":"","enabled":false},"version":2}},"categories":[43],"tags":[],"class_list":["post-166319","post","type-post","status-publish","format-standard","has-post-thumbnail","hentry","category-internacionales"],"yoast_head":"<!-- This site is optimized with the Yoast SEO plugin v27.3 - https:\/\/yoast.com\/product\/yoast-seo-wordpress\/ -->\n<title>De Santa Marta a Tuvalu: as\u00ed cerr\u00f3 la primera conferencia global contra los combustibles f\u00f3siles - Sarmiento24h<\/title>\n<meta name=\"robots\" content=\"index, follow, max-snippet:-1, max-image-preview:large, max-video-preview:-1\" \/>\n<link rel=\"canonical\" href=\"https:\/\/sarmiento24h.com\/?p=166319\" \/>\n<meta property=\"og:locale\" content=\"es_ES\" \/>\n<meta property=\"og:type\" content=\"article\" \/>\n<meta property=\"og:title\" content=\"De Santa Marta a Tuvalu: as\u00ed cerr\u00f3 la primera conferencia global contra los combustibles f\u00f3siles - Sarmiento24h\" \/>\n<meta property=\"og:description\" content=\"La primera conferencia global para buscar una&#046;&#046;&#046;\" \/>\n<meta property=\"og:url\" content=\"https:\/\/sarmiento24h.com\/?p=166319\" \/>\n<meta property=\"og:site_name\" content=\"Sarmiento24h\" \/>\n<meta property=\"article:publisher\" content=\"https:\/\/facebook.com\/s24hnoticias\" \/>\n<meta property=\"article:published_time\" content=\"2026-04-30T09:28:12+00:00\" \/>\n<meta property=\"og:image\" content=\"https:\/\/s.france24.com\/media\/display\/356ed844-4444-11f1-96f3-005056bf30b7\/w:1280\/p:16x9\/49204113cb89a7dbc12c2ff0a73862211d354330.jpg\" \/>\n<meta name=\"author\" content=\"sarmiento24h@gmail.com\" \/>\n<meta name=\"twitter:card\" content=\"summary_large_image\" \/>\n<meta name=\"twitter:creator\" content=\"@sarmiento24h\" \/>\n<meta name=\"twitter:site\" content=\"@sarmiento24h\" \/>\n<meta name=\"twitter:label1\" content=\"Escrito por\" \/>\n\t<meta name=\"twitter:data1\" content=\"sarmiento24h@gmail.com\" \/>\n\t<meta name=\"twitter:label2\" content=\"Tiempo de lectura\" \/>\n\t<meta name=\"twitter:data2\" content=\"3 minutos\" \/>\n<script type=\"application\/ld+json\" class=\"yoast-schema-graph\">{\"@context\":\"https:\\\/\\\/schema.org\",\"@graph\":[{\"@type\":\"Article\",\"@id\":\"https:\\\/\\\/sarmiento24h.com\\\/?p=166319#article\",\"isPartOf\":{\"@id\":\"https:\\\/\\\/sarmiento24h.com\\\/?p=166319\"},\"author\":{\"name\":\"sarmiento24h@gmail.com\",\"@id\":\"https:\\\/\\\/sarmiento24h.com\\\/#\\\/schema\\\/person\\\/d653a59725ad629a7e0429af7b939d4d\"},\"headline\":\"De Santa Marta a Tuvalu: as\u00ed cerr\u00f3 la primera conferencia global contra los combustibles f\u00f3siles\",\"datePublished\":\"2026-04-30T09:28:12+00:00\",\"mainEntityOfPage\":{\"@id\":\"https:\\\/\\\/sarmiento24h.com\\\/?p=166319\"},\"wordCount\":664,\"publisher\":{\"@id\":\"https:\\\/\\\/sarmiento24h.com\\\/#organization\"},\"image\":{\"@id\":\"https:\\\/\\\/sarmiento24h.com\\\/?p=166319#primaryimage\"},\"thumbnailUrl\":\"https:\\\/\\\/sarmiento24h.com\\\/wp-content\\\/uploads\\\/2026\\\/04\\\/de-santa-marta-a-tuvalu-asi-cerro-la-primera-conferencia-global-contra-los-combustibles-fosiles.jpg\",\"articleSection\":[\"Internacionales\"],\"inLanguage\":\"es\"},{\"@type\":\"WebPage\",\"@id\":\"https:\\\/\\\/sarmiento24h.com\\\/?p=166319\",\"url\":\"https:\\\/\\\/sarmiento24h.com\\\/?p=166319\",\"name\":\"De Santa Marta a Tuvalu: as\u00ed cerr\u00f3 la primera conferencia global contra los combustibles f\u00f3siles - Sarmiento24h\",\"isPartOf\":{\"@id\":\"https:\\\/\\\/sarmiento24h.com\\\/#website\"},\"primaryImageOfPage\":{\"@id\":\"https:\\\/\\\/sarmiento24h.com\\\/?p=166319#primaryimage\"},\"image\":{\"@id\":\"https:\\\/\\\/sarmiento24h.com\\\/?p=166319#primaryimage\"},\"thumbnailUrl\":\"https:\\\/\\\/sarmiento24h.com\\\/wp-content\\\/uploads\\\/2026\\\/04\\\/de-santa-marta-a-tuvalu-asi-cerro-la-primera-conferencia-global-contra-los-combustibles-fosiles.jpg\",\"datePublished\":\"2026-04-30T09:28:12+00:00\",\"breadcrumb\":{\"@id\":\"https:\\\/\\\/sarmiento24h.com\\\/?p=166319#breadcrumb\"},\"inLanguage\":\"es\",\"potentialAction\":[{\"@type\":\"ReadAction\",\"target\":[\"https:\\\/\\\/sarmiento24h.com\\\/?p=166319\"]}]},{\"@type\":\"ImageObject\",\"inLanguage\":\"es\",\"@id\":\"https:\\\/\\\/sarmiento24h.com\\\/?p=166319#primaryimage\",\"url\":\"https:\\\/\\\/sarmiento24h.com\\\/wp-content\\\/uploads\\\/2026\\\/04\\\/de-santa-marta-a-tuvalu-asi-cerro-la-primera-conferencia-global-contra-los-combustibles-fosiles.jpg\",\"contentUrl\":\"https:\\\/\\\/sarmiento24h.com\\\/wp-content\\\/uploads\\\/2026\\\/04\\\/de-santa-marta-a-tuvalu-asi-cerro-la-primera-conferencia-global-contra-los-combustibles-fosiles.jpg\",\"width\":1280,\"height\":720},{\"@type\":\"BreadcrumbList\",\"@id\":\"https:\\\/\\\/sarmiento24h.com\\\/?p=166319#breadcrumb\",\"itemListElement\":[{\"@type\":\"ListItem\",\"position\":1,\"name\":\"Home\",\"item\":\"https:\\\/\\\/sarmiento24h.com\\\/\"},{\"@type\":\"ListItem\",\"position\":2,\"name\":\"De Santa Marta a Tuvalu: as\u00ed cerr\u00f3 la primera conferencia global contra los combustibles f\u00f3siles\"}]},{\"@type\":\"WebSite\",\"@id\":\"https:\\\/\\\/sarmiento24h.com\\\/#website\",\"url\":\"https:\\\/\\\/sarmiento24h.com\\\/\",\"name\":\"Sarmiento24h\",\"description\":\"\",\"publisher\":{\"@id\":\"https:\\\/\\\/sarmiento24h.com\\\/#organization\"},\"potentialAction\":[{\"@type\":\"SearchAction\",\"target\":{\"@type\":\"EntryPoint\",\"urlTemplate\":\"https:\\\/\\\/sarmiento24h.com\\\/?s={search_term_string}\"},\"query-input\":{\"@type\":\"PropertyValueSpecification\",\"valueRequired\":true,\"valueName\":\"search_term_string\"}}],\"inLanguage\":\"es\"},{\"@type\":\"Organization\",\"@id\":\"https:\\\/\\\/sarmiento24h.com\\\/#organization\",\"name\":\"Sarmiento24h\",\"url\":\"https:\\\/\\\/sarmiento24h.com\\\/\",\"logo\":{\"@type\":\"ImageObject\",\"inLanguage\":\"es\",\"@id\":\"https:\\\/\\\/sarmiento24h.com\\\/#\\\/schema\\\/logo\\\/image\\\/\",\"url\":\"https:\\\/\\\/sarmiento24h.com\\\/wp-content\\\/uploads\\\/2025\\\/12\\\/AddText_12-16-10.30.52.jpg\",\"contentUrl\":\"https:\\\/\\\/sarmiento24h.com\\\/wp-content\\\/uploads\\\/2025\\\/12\\\/AddText_12-16-10.30.52.jpg\",\"width\":1220,\"height\":324,\"caption\":\"Sarmiento24h\"},\"image\":{\"@id\":\"https:\\\/\\\/sarmiento24h.com\\\/#\\\/schema\\\/logo\\\/image\\\/\"},\"sameAs\":[\"https:\\\/\\\/facebook.com\\\/s24hnoticias\",\"https:\\\/\\\/x.com\\\/sarmiento24h\"]},{\"@type\":\"Person\",\"@id\":\"https:\\\/\\\/sarmiento24h.com\\\/#\\\/schema\\\/person\\\/d653a59725ad629a7e0429af7b939d4d\",\"name\":\"sarmiento24h@gmail.com\",\"image\":{\"@type\":\"ImageObject\",\"inLanguage\":\"es\",\"@id\":\"https:\\\/\\\/sarmiento24h.com\\\/wp-content\\\/litespeed\\\/avatar\\\/d02cbc4e23c747e6659cd45907173c8f.jpg?ver=1777157796\",\"url\":\"https:\\\/\\\/sarmiento24h.com\\\/wp-content\\\/litespeed\\\/avatar\\\/d02cbc4e23c747e6659cd45907173c8f.jpg?ver=1777157796\",\"contentUrl\":\"https:\\\/\\\/sarmiento24h.com\\\/wp-content\\\/litespeed\\\/avatar\\\/d02cbc4e23c747e6659cd45907173c8f.jpg?ver=1777157796\",\"caption\":\"sarmiento24h@gmail.com\"},\"sameAs\":[\"https:\\\/\\\/sarmiento24h.com\"],\"url\":\"https:\\\/\\\/sarmiento24h.com\\\/?author=1\"}]}<\/script>\n<!-- \/ Yoast SEO plugin. -->","yoast_head_json":{"title":"De Santa Marta a Tuvalu: as\u00ed cerr\u00f3 la primera conferencia global contra los combustibles f\u00f3siles - Sarmiento24h","robots":{"index":"index","follow":"follow","max-snippet":"max-snippet:-1","max-image-preview":"max-image-preview:large","max-video-preview":"max-video-preview:-1"},"canonical":"https:\/\/sarmiento24h.com\/?p=166319","og_locale":"es_ES","og_type":"article","og_title":"De Santa Marta a Tuvalu: as\u00ed cerr\u00f3 la primera conferencia global contra los combustibles f\u00f3siles - Sarmiento24h","og_description":"La primera conferencia global para buscar una&#46;&#46;&#46;","og_url":"https:\/\/sarmiento24h.com\/?p=166319","og_site_name":"Sarmiento24h","article_publisher":"https:\/\/facebook.com\/s24hnoticias","article_published_time":"2026-04-30T09:28:12+00:00","og_image":[{"url":"https:\/\/s.france24.com\/media\/display\/356ed844-4444-11f1-96f3-005056bf30b7\/w:1280\/p:16x9\/49204113cb89a7dbc12c2ff0a73862211d354330.jpg","type":"","width":"","height":""}],"author":"sarmiento24h@gmail.com","twitter_card":"summary_large_image","twitter_creator":"@sarmiento24h","twitter_site":"@sarmiento24h","twitter_misc":{"Escrito por":"sarmiento24h@gmail.com","Tiempo de lectura":"3 minutos"},"schema":{"@context":"https:\/\/schema.org","@graph":[{"@type":"Article","@id":"https:\/\/sarmiento24h.com\/?p=166319#article","isPartOf":{"@id":"https:\/\/sarmiento24h.com\/?p=166319"},"author":{"name":"sarmiento24h@gmail.com","@id":"https:\/\/sarmiento24h.com\/#\/schema\/person\/d653a59725ad629a7e0429af7b939d4d"},"headline":"De Santa Marta a Tuvalu: as\u00ed cerr\u00f3 la primera conferencia global contra los combustibles f\u00f3siles","datePublished":"2026-04-30T09:28:12+00:00","mainEntityOfPage":{"@id":"https:\/\/sarmiento24h.com\/?p=166319"},"wordCount":664,"publisher":{"@id":"https:\/\/sarmiento24h.com\/#organization"},"image":{"@id":"https:\/\/sarmiento24h.com\/?p=166319#primaryimage"},"thumbnailUrl":"https:\/\/sarmiento24h.com\/wp-content\/uploads\/2026\/04\/de-santa-marta-a-tuvalu-asi-cerro-la-primera-conferencia-global-contra-los-combustibles-fosiles.jpg","articleSection":["Internacionales"],"inLanguage":"es"},{"@type":"WebPage","@id":"https:\/\/sarmiento24h.com\/?p=166319","url":"https:\/\/sarmiento24h.com\/?p=166319","name":"De Santa Marta a Tuvalu: as\u00ed cerr\u00f3 la primera conferencia global contra los combustibles f\u00f3siles - Sarmiento24h","isPartOf":{"@id":"https:\/\/sarmiento24h.com\/#website"},"primaryImageOfPage":{"@id":"https:\/\/sarmiento24h.com\/?p=166319#primaryimage"},"image":{"@id":"https:\/\/sarmiento24h.com\/?p=166319#primaryimage"},"thumbnailUrl":"https:\/\/sarmiento24h.com\/wp-content\/uploads\/2026\/04\/de-santa-marta-a-tuvalu-asi-cerro-la-primera-conferencia-global-contra-los-combustibles-fosiles.jpg","datePublished":"2026-04-30T09:28:12+00:00","breadcrumb":{"@id":"https:\/\/sarmiento24h.com\/?p=166319#breadcrumb"},"inLanguage":"es","potentialAction":[{"@type":"ReadAction","target":["https:\/\/sarmiento24h.com\/?p=166319"]}]},{"@type":"ImageObject","inLanguage":"es","@id":"https:\/\/sarmiento24h.com\/?p=166319#primaryimage","url":"https:\/\/sarmiento24h.com\/wp-content\/uploads\/2026\/04\/de-santa-marta-a-tuvalu-asi-cerro-la-primera-conferencia-global-contra-los-combustibles-fosiles.jpg","contentUrl":"https:\/\/sarmiento24h.com\/wp-content\/uploads\/2026\/04\/de-santa-marta-a-tuvalu-asi-cerro-la-primera-conferencia-global-contra-los-combustibles-fosiles.jpg","width":1280,"height":720},{"@type":"BreadcrumbList","@id":"https:\/\/sarmiento24h.com\/?p=166319#breadcrumb","itemListElement":[{"@type":"ListItem","position":1,"name":"Home","item":"https:\/\/sarmiento24h.com\/"},{"@type":"ListItem","position":2,"name":"De Santa Marta a Tuvalu: as\u00ed cerr\u00f3 la primera conferencia global contra los combustibles f\u00f3siles"}]},{"@type":"WebSite","@id":"https:\/\/sarmiento24h.com\/#website","url":"https:\/\/sarmiento24h.com\/","name":"Sarmiento24h","description":"","publisher":{"@id":"https:\/\/sarmiento24h.com\/#organization"},"potentialAction":[{"@type":"SearchAction","target":{"@type":"EntryPoint","urlTemplate":"https:\/\/sarmiento24h.com\/?s={search_term_string}"},"query-input":{"@type":"PropertyValueSpecification","valueRequired":true,"valueName":"search_term_string"}}],"inLanguage":"es"},{"@type":"Organization","@id":"https:\/\/sarmiento24h.com\/#organization","name":"Sarmiento24h","url":"https:\/\/sarmiento24h.com\/","logo":{"@type":"ImageObject","inLanguage":"es","@id":"https:\/\/sarmiento24h.com\/#\/schema\/logo\/image\/","url":"https:\/\/sarmiento24h.com\/wp-content\/uploads\/2025\/12\/AddText_12-16-10.30.52.jpg","contentUrl":"https:\/\/sarmiento24h.com\/wp-content\/uploads\/2025\/12\/AddText_12-16-10.30.52.jpg","width":1220,"height":324,"caption":"Sarmiento24h"},"image":{"@id":"https:\/\/sarmiento24h.com\/#\/schema\/logo\/image\/"},"sameAs":["https:\/\/facebook.com\/s24hnoticias","https:\/\/x.com\/sarmiento24h"]},{"@type":"Person","@id":"https:\/\/sarmiento24h.com\/#\/schema\/person\/d653a59725ad629a7e0429af7b939d4d","name":"sarmiento24h@gmail.com","image":{"@type":"ImageObject","inLanguage":"es","@id":"https:\/\/sarmiento24h.com\/wp-content\/litespeed\/avatar\/d02cbc4e23c747e6659cd45907173c8f.jpg?ver=1777157796","url":"https:\/\/sarmiento24h.com\/wp-content\/litespeed\/avatar\/d02cbc4e23c747e6659cd45907173c8f.jpg?ver=1777157796","contentUrl":"https:\/\/sarmiento24h.com\/wp-content\/litespeed\/avatar\/d02cbc4e23c747e6659cd45907173c8f.jpg?ver=1777157796","caption":"sarmiento24h@gmail.com"},"sameAs":["https:\/\/sarmiento24h.com"],"url":"https:\/\/sarmiento24h.com\/?author=1"}]}},"jetpack_publicize_connections":[],"jetpack_featured_media_url":"https:\/\/sarmiento24h.com\/wp-content\/uploads\/2026\/04\/de-santa-marta-a-tuvalu-asi-cerro-la-primera-conferencia-global-contra-los-combustibles-fosiles.jpg","jetpack_sharing_enabled":true,"_links":{"self":[{"href":"https:\/\/sarmiento24h.com\/index.php?rest_route=\/wp\/v2\/posts\/166319","targetHints":{"allow":["GET"]}}],"collection":[{"href":"https:\/\/sarmiento24h.com\/index.php?rest_route=\/wp\/v2\/posts"}],"about":[{"href":"https:\/\/sarmiento24h.com\/index.php?rest_route=\/wp\/v2\/types\/post"}],"author":[{"embeddable":true,"href":"https:\/\/sarmiento24h.com\/index.php?rest_route=\/wp\/v2\/users\/1"}],"replies":[{"embeddable":true,"href":"https:\/\/sarmiento24h.com\/index.php?rest_route=%2Fwp%2Fv2%2Fcomments&post=166319"}],"version-history":[{"count":0,"href":"https:\/\/sarmiento24h.com\/index.php?rest_route=\/wp\/v2\/posts\/166319\/revisions"}],"wp:featuredmedia":[{"embeddable":true,"href":"https:\/\/sarmiento24h.com\/index.php?rest_route=\/wp\/v2\/media\/166320"}],"wp:attachment":[{"href":"https:\/\/sarmiento24h.com\/index.php?rest_route=%2Fwp%2Fv2%2Fmedia&parent=166319"}],"wp:term":[{"taxonomy":"category","embeddable":true,"href":"https:\/\/sarmiento24h.com\/index.php?rest_route=%2Fwp%2Fv2%2Fcategories&post=166319"},{"taxonomy":"post_tag","embeddable":true,"href":"https:\/\/sarmiento24h.com\/index.php?rest_route=%2Fwp%2Fv2%2Ftags&post=166319"}],"curies":[{"name":"wp","href":"https:\/\/api.w.org\/{rel}","templated":true}]}}