{"id":166435,"date":"2026-04-30T10:37:51","date_gmt":"2026-04-30T10:37:51","guid":{"rendered":"http:\/\/509f929e-447a-11f1-804b-472ed79b9c7e"},"modified":"2026-04-30T10:37:51","modified_gmt":"2026-04-30T10:37:51","slug":"la-libertad-de-prensa-mundial-cae-a-su-nivel-mas-bajo-en-25-anos-advierte-reporteros-sin-fronteras","status":"publish","type":"post","link":"https:\/\/sarmiento24h.com\/?p=166435","title":{"rendered":"La libertad de prensa mundial cae a su nivel m\u00e1s bajo en 25 a\u00f1os, advierte Reporteros Sin Fronteras"},"content":{"rendered":"<p>La clasificaci\u00f3n anual de la ONG, establecida en 2002, utiliza una escala de cinco puntos para evaluar el nivel de libertad de prensa en un pa\u00eds, que va desde \u00abmuy grave\u00bb hasta \u00abbueno\u00bb.<\/p>\n<p>El \u00edndice de este a\u00f1o revela una tendencia mundial hacia la restricci\u00f3n de las libertades de prensa.<\/p>\n<blockquote class=\"quote\" readability=\"9\">\n<p>\u00abPor primera vez en los 25 a\u00f1os de historia del \u00edndice, m\u00e1s de la mitad de los pa\u00edses del mundo entran ahora en las categor\u00edas de &#8216;dif\u00edcil&#8217; o &#8216;muy grave&#8217; para la libertad de prensa\u00bb, afirm\u00f3 RSF.<\/p>\n<\/blockquote>\n<p>La proporci\u00f3n de la poblaci\u00f3n que vive en un pa\u00eds donde la situaci\u00f3n de la libertad de prensa es \u00abbuena\u00bb <strong>se ha desplomado, pasando del 20% a \u00abmenos del 1%<\/strong>\u00ab, se\u00f1al\u00f3.<\/p>\n<p>Solo siete pa\u00edses del norte de <a href=\"https:\/\/www.france24.com\/es\/tag\/europa\/\" target=\"_self\" class=\"gtm-add-suggested-tag\">Europa<\/a> est\u00e1n clasificados como \u00abbuenos\u00bb, siendo <a href=\"https:\/\/www.france24.com\/es\/tag\/noruega\/\" target=\"_self\" class=\"gtm-add-suggested-tag\">Noruega<\/a> el que recibe la calificaci\u00f3n m\u00e1s alta. <a href=\"https:\/\/www.france24.com\/es\/tag\/francia\/\" target=\"_self\" class=\"gtm-add-suggested-tag\">Francia<\/a> ocupa el puesto 25, con una puntuaci\u00f3n \u00absatisfactoria\u00bb.<\/p>\n<blockquote class=\"quote\" readability=\"8\">\n<p>\u201cEn 25 a\u00f1os, la puntuaci\u00f3n media de todos los pa\u00edses estudiados nunca ha sido tan baja\u201d, afirm\u00f3 la ONG.<\/p>\n<\/blockquote>\n<p><a href=\"https:\/\/www.france24.com\/es\/tag\/estados-unidos\/\" target=\"_self\" class=\"gtm-add-suggested-tag\">Estados Unidos<\/a> recibi\u00f3 una calificaci\u00f3n de \u00abproblem\u00e1tica\u00bb y ha bajado siete puestos hasta el 64\u00ba, entre Botsuana y Panam\u00e1.<\/p>\n<p>La organizaci\u00f3n afirm\u00f3 que los ataques del presidente estadounidense <a href=\"https:\/\/www.france24.com\/es\/tag\/donald-trump\/\" target=\"_self\" class=\"gtm-add-suggested-tag\">Donald Trump<\/a> a la prensa se han vuelto \u201csistem\u00e1ticos\u201d, lo que ha dado lugar a incidentes como la detenci\u00f3n y posterior deportaci\u00f3n del periodista salvadore\u00f1o Mario Guevara, que informaba sobre las detenciones de <a href=\"https:\/\/www.france24.com\/es\/tag\/migrantes\/\" target=\"_self\" class=\"gtm-add-suggested-tag\">migrantes<\/a> en <a href=\"https:\/\/www.france24.com\/es\/tag\/estados-unidos\/\" target=\"_self\" class=\"gtm-add-suggested-tag\">Estados Unidos<\/a>.<\/p>\n<p>Trump tambi\u00e9n ha supervisado una reducci\u00f3n dr\u00e1stica de la financiaci\u00f3n para la radiodifusi\u00f3n internacional de Estados Unidos.<\/p>\n<div class=\"em-video-wrapper m-em-video\" data-media-video-wbmz193516-f24-es-20240503 data-wrapper-video-player data-show-hidden-video-player=\"WBMZ193516-F24-ES-20240503\" data-youtube-script>\n<div class=\"m-em-video__video\">\n<div class=\"o-em-consent \" readability=\"7\">\n<div class=\"o-em-consent__content\" readability=\"34\">\n<p class=\"o-em-consent__content__text\">Para mostrar este contenido de YouTube, debe autorizar las cookies de medici\u00f3n de audiencia y publicidad.<\/p>\n<p> <button class=\"a-master-button a-master-button--dark\" data-action=\"accept\"> Aceptar <svg class=\"a-svg a-svg--icon-check\"> <use xlink:href=\"\/build\/images\/svg\/sprite.c98bf387c90bc4a87186b0b783f15ba0.svg#icon-check\" href=\"\/build\/images\/svg\/sprite.c98bf387c90bc4a87186b0b783f15ba0.svg#icon-check\" \/> <\/svg> <\/button> <button class=\"a-link\" data-action=\"manage\">Gestionar mis opciones<i class=\"a-svg a-svg--icon-edit\"><\/i><\/button> <\/div>\n<\/div>\n<div class=\"o-em-adblock\" data-adblock-content readability=\"7\">\n<div class=\"o-em-adblock__content\" readability=\"34\">\n<p class=\"o-em-adblock__content__text\">Una extensi\u00f3n de tu navegador parece estar bloqueando la carga del reproductor de video. Para poder ver este contenido, debes desactivarla en este sitio.<\/p>\n<p> <button class=\"a-master-button a-master-button--dark\" data-action=\"reload\">Reintentar<\/button> <\/div>\n<\/div>\n<figure class=\"m-item-image m-item-image--16x9 m-item-image--has-caption\"> <picture class=\"a-picture a-picture--16x9\"><source type=\"image\/webp\" srcset=\"https:\/\/s.france24.com\/media\/display\/c11090f0-097b-11ef-8ba1-005056bfb2b6\/w:388\/p:16x9\/capture-74864502866352e2b6118d9.48345386.webp 388w, https:\/\/s.france24.com\/media\/display\/c11090f0-097b-11ef-8ba1-005056bfb2b6\/w:720\/p:16x9\/capture-74864502866352e2b6118d9.48345386.webp 720w, https:\/\/s.france24.com\/media\/display\/c11090f0-097b-11ef-8ba1-005056bfb2b6\/w:1024\/p:16x9\/capture-74864502866352e2b6118d9.48345386.webp 1024w\" sizes=\"(max-width: 639px) calc(100vw - 32px), (max-width: 1076px) calc(100vw - 44px), 850px\"><img fetchpriority=\"low\" decoding=\"async\" src=\"https:\/\/s.france24.com\/media\/display\/c11090f0-097b-11ef-8ba1-005056bfb2b6\/w:1024\/p:16x9\/capture-74864502866352e2b6118d9.48345386.jpg\" srcset=\"https:\/\/s.france24.com\/media\/display\/c11090f0-097b-11ef-8ba1-005056bfb2b6\/w:388\/p:16x9\/capture-74864502866352e2b6118d9.48345386.jpg 388w, https:\/\/s.france24.com\/media\/display\/c11090f0-097b-11ef-8ba1-005056bfb2b6\/w:720\/p:16x9\/capture-74864502866352e2b6118d9.48345386.jpg 720w, https:\/\/s.france24.com\/media\/display\/c11090f0-097b-11ef-8ba1-005056bfb2b6\/w:1024\/p:16x9\/capture-74864502866352e2b6118d9.48345386.jpg 1024w\" sizes=\"auto, (max-width: 639px) calc(100vw - 32px), (max-width: 1076px) calc(100vw - 44px), 850px\" width=\"1024\" height=\"576\" alt=\"libertad de prensa\" loading=\"lazy\" class=\"a-img \">\n<\/picture><figcaption class=\"a-figcaption\"> <span>libertad de prensa<\/span> <span>\u00a9 France 24<\/span> <\/figcaption><\/figure>\n<\/p><\/div>\n<\/p><\/div>\n<p>RSF tambi\u00e9n destac\u00f3 las ca\u00eddas dr\u00e1sticas de <strong><a href=\"https:\/\/www.france24.com\/es\/tag\/el-salvador\/\" target=\"_self\" class=\"gtm-add-suggested-tag\">El Salvador<\/a> (143\u00ba), que ha descendido 105 puestos desde 2014 <\/strong>tras el inicio de una guerra contra las bandas criminales Maras, y Georgia (135\u00ba), que ha ca\u00eddo 75 puestos desde 2020 debido a una \u201cescalada de la represi\u00f3n\u201d.<\/p>\n<p>El descenso m\u00e1s pronunciado en 2026 se atribuye a <strong><a href=\"https:\/\/www.france24.com\/es\/tag\/n\u00edger\/\" target=\"_self\" class=\"gtm-add-suggested-tag\">N\u00edger<\/a> (120\u00ba, 37 puestos menos) debido al \u201cdeterioro de la libertad de prensa en el Sahel durante varios a\u00f1os\u201d<\/strong>, en medio de \u201cataques de grupos armados y (las) juntas gobernantes\u201d, dijo RSF.<\/p>\n<p><a href=\"https:\/\/www.france24.com\/es\/tag\/arabia-saudita\/\" target=\"_self\" class=\"gtm-add-suggested-tag\">Arabia Saudita<\/a> (176\u00ba, 14 puestos menos), donde el columnista Turki al-Jasser fue ejecutado por el Estado en junio \u2013\u201cun hecho \u00fanico en el mundo\u201d\u2013 se sit\u00faa junto a <a href=\"https:\/\/www.france24.com\/es\/tag\/rusia\/\" target=\"_self\" class=\"gtm-add-suggested-tag\">Rusia<\/a>, Ir\u00e1n y China en la parte inferior de la clasificaci\u00f3n, que cierra Eritrea (180\u00ba).<\/p>\n<p>Por el contrario, <a href=\"https:\/\/www.france24.com\/es\/tag\/siria\/\" target=\"_self\" class=\"gtm-add-suggested-tag\">Siria<\/a> (141\u00ba) ha saltado 36 puestos tras la ca\u00edda del r\u00e9gimen de <a href=\"https:\/\/www.france24.com\/es\/tag\/bashar-al-assad\/\" target=\"_self\" class=\"gtm-add-suggested-tag\">Bashar al-Assad<\/a>.<\/p>\n","protected":false},"excerpt":{"rendered":"<p>La clasificaci\u00f3n anual de la ONG, establecida&#46;&#46;&#46;<\/p>\n","protected":false},"author":1,"featured_media":166436,"comment_status":"closed","ping_status":"closed","sticky":false,"template":"","format":"standard","meta":{"_jetpack_memberships_contains_paid_content":false,"footnotes":"","jetpack_publicize_message":"","jetpack_publicize_feature_enabled":true,"jetpack_social_post_already_shared":true,"jetpack_social_options":{"image_generator_settings":{"template":"highway","default_image_id":0,"font":"","enabled":false},"version":2}},"categories":[43],"tags":[],"class_list":["post-166435","post","type-post","status-publish","format-standard","has-post-thumbnail","hentry","category-internacionales"],"yoast_head":"<!-- This site is optimized with the Yoast SEO plugin v27.3 - https:\/\/yoast.com\/product\/yoast-seo-wordpress\/ -->\n<title>La libertad de prensa mundial cae a su nivel m\u00e1s bajo en 25 a\u00f1os, advierte Reporteros Sin Fronteras - Sarmiento24h<\/title>\n<meta name=\"robots\" content=\"index, follow, max-snippet:-1, max-image-preview:large, max-video-preview:-1\" \/>\n<link rel=\"canonical\" href=\"https:\/\/sarmiento24h.com\/?p=166435\" \/>\n<meta property=\"og:locale\" content=\"es_ES\" \/>\n<meta property=\"og:type\" content=\"article\" \/>\n<meta property=\"og:title\" content=\"La libertad de prensa mundial cae a su nivel m\u00e1s bajo en 25 a\u00f1os, advierte Reporteros Sin Fronteras - Sarmiento24h\" \/>\n<meta property=\"og:description\" content=\"La clasificaci\u00f3n anual de la ONG, establecida&#046;&#046;&#046;\" \/>\n<meta property=\"og:url\" content=\"https:\/\/sarmiento24h.com\/?p=166435\" \/>\n<meta property=\"og:site_name\" content=\"Sarmiento24h\" \/>\n<meta property=\"article:publisher\" content=\"https:\/\/facebook.com\/s24hnoticias\" \/>\n<meta property=\"article:published_time\" content=\"2026-04-30T10:37:51+00:00\" \/>\n<meta property=\"og:image\" content=\"https:\/\/s.france24.com\/media\/display\/c11090f0-097b-11ef-8ba1-005056bfb2b6\/w:1024\/p:16x9\/capture-74864502866352e2b6118d9.48345386.jpg\" \/>\n<meta name=\"author\" content=\"sarmiento24h@gmail.com\" \/>\n<meta name=\"twitter:card\" content=\"summary_large_image\" \/>\n<meta name=\"twitter:creator\" content=\"@sarmiento24h\" \/>\n<meta name=\"twitter:site\" content=\"@sarmiento24h\" \/>\n<meta name=\"twitter:label1\" content=\"Escrito por\" \/>\n\t<meta name=\"twitter:data1\" content=\"sarmiento24h@gmail.com\" \/>\n\t<meta name=\"twitter:label2\" content=\"Tiempo de lectura\" \/>\n\t<meta name=\"twitter:data2\" content=\"2 minutos\" \/>\n<script type=\"application\/ld+json\" class=\"yoast-schema-graph\">{\"@context\":\"https:\\\/\\\/schema.org\",\"@graph\":[{\"@type\":\"Article\",\"@id\":\"https:\\\/\\\/sarmiento24h.com\\\/?p=166435#article\",\"isPartOf\":{\"@id\":\"https:\\\/\\\/sarmiento24h.com\\\/?p=166435\"},\"author\":{\"name\":\"sarmiento24h@gmail.com\",\"@id\":\"https:\\\/\\\/sarmiento24h.com\\\/#\\\/schema\\\/person\\\/d653a59725ad629a7e0429af7b939d4d\"},\"headline\":\"La libertad de prensa mundial cae a su nivel m\u00e1s bajo en 25 a\u00f1os, advierte Reporteros Sin Fronteras\",\"datePublished\":\"2026-04-30T10:37:51+00:00\",\"mainEntityOfPage\":{\"@id\":\"https:\\\/\\\/sarmiento24h.com\\\/?p=166435\"},\"wordCount\":490,\"publisher\":{\"@id\":\"https:\\\/\\\/sarmiento24h.com\\\/#organization\"},\"image\":{\"@id\":\"https:\\\/\\\/sarmiento24h.com\\\/?p=166435#primaryimage\"},\"thumbnailUrl\":\"https:\\\/\\\/sarmiento24h.com\\\/wp-content\\\/uploads\\\/2026\\\/04\\\/la-libertad-de-prensa-mundial-cae-a-su-nivel-mas-bajo-en-25-anos-advierte-reporteros-sin-fronteras.jpg\",\"articleSection\":[\"Internacionales\"],\"inLanguage\":\"es\"},{\"@type\":\"WebPage\",\"@id\":\"https:\\\/\\\/sarmiento24h.com\\\/?p=166435\",\"url\":\"https:\\\/\\\/sarmiento24h.com\\\/?p=166435\",\"name\":\"La libertad de prensa mundial cae a su nivel m\u00e1s bajo en 25 a\u00f1os, advierte Reporteros Sin Fronteras - Sarmiento24h\",\"isPartOf\":{\"@id\":\"https:\\\/\\\/sarmiento24h.com\\\/#website\"},\"primaryImageOfPage\":{\"@id\":\"https:\\\/\\\/sarmiento24h.com\\\/?p=166435#primaryimage\"},\"image\":{\"@id\":\"https:\\\/\\\/sarmiento24h.com\\\/?p=166435#primaryimage\"},\"thumbnailUrl\":\"https:\\\/\\\/sarmiento24h.com\\\/wp-content\\\/uploads\\\/2026\\\/04\\\/la-libertad-de-prensa-mundial-cae-a-su-nivel-mas-bajo-en-25-anos-advierte-reporteros-sin-fronteras.jpg\",\"datePublished\":\"2026-04-30T10:37:51+00:00\",\"breadcrumb\":{\"@id\":\"https:\\\/\\\/sarmiento24h.com\\\/?p=166435#breadcrumb\"},\"inLanguage\":\"es\",\"potentialAction\":[{\"@type\":\"ReadAction\",\"target\":[\"https:\\\/\\\/sarmiento24h.com\\\/?p=166435\"]}]},{\"@type\":\"ImageObject\",\"inLanguage\":\"es\",\"@id\":\"https:\\\/\\\/sarmiento24h.com\\\/?p=166435#primaryimage\",\"url\":\"https:\\\/\\\/sarmiento24h.com\\\/wp-content\\\/uploads\\\/2026\\\/04\\\/la-libertad-de-prensa-mundial-cae-a-su-nivel-mas-bajo-en-25-anos-advierte-reporteros-sin-fronteras.jpg\",\"contentUrl\":\"https:\\\/\\\/sarmiento24h.com\\\/wp-content\\\/uploads\\\/2026\\\/04\\\/la-libertad-de-prensa-mundial-cae-a-su-nivel-mas-bajo-en-25-anos-advierte-reporteros-sin-fronteras.jpg\",\"width\":1024,\"height\":576},{\"@type\":\"BreadcrumbList\",\"@id\":\"https:\\\/\\\/sarmiento24h.com\\\/?p=166435#breadcrumb\",\"itemListElement\":[{\"@type\":\"ListItem\",\"position\":1,\"name\":\"Home\",\"item\":\"https:\\\/\\\/sarmiento24h.com\\\/\"},{\"@type\":\"ListItem\",\"position\":2,\"name\":\"La libertad de prensa mundial cae a su nivel m\u00e1s bajo en 25 a\u00f1os, advierte Reporteros Sin Fronteras\"}]},{\"@type\":\"WebSite\",\"@id\":\"https:\\\/\\\/sarmiento24h.com\\\/#website\",\"url\":\"https:\\\/\\\/sarmiento24h.com\\\/\",\"name\":\"Sarmiento24h\",\"description\":\"\",\"publisher\":{\"@id\":\"https:\\\/\\\/sarmiento24h.com\\\/#organization\"},\"potentialAction\":[{\"@type\":\"SearchAction\",\"target\":{\"@type\":\"EntryPoint\",\"urlTemplate\":\"https:\\\/\\\/sarmiento24h.com\\\/?s={search_term_string}\"},\"query-input\":{\"@type\":\"PropertyValueSpecification\",\"valueRequired\":true,\"valueName\":\"search_term_string\"}}],\"inLanguage\":\"es\"},{\"@type\":\"Organization\",\"@id\":\"https:\\\/\\\/sarmiento24h.com\\\/#organization\",\"name\":\"Sarmiento24h\",\"url\":\"https:\\\/\\\/sarmiento24h.com\\\/\",\"logo\":{\"@type\":\"ImageObject\",\"inLanguage\":\"es\",\"@id\":\"https:\\\/\\\/sarmiento24h.com\\\/#\\\/schema\\\/logo\\\/image\\\/\",\"url\":\"https:\\\/\\\/sarmiento24h.com\\\/wp-content\\\/uploads\\\/2025\\\/12\\\/AddText_12-16-10.30.52.jpg\",\"contentUrl\":\"https:\\\/\\\/sarmiento24h.com\\\/wp-content\\\/uploads\\\/2025\\\/12\\\/AddText_12-16-10.30.52.jpg\",\"width\":1220,\"height\":324,\"caption\":\"Sarmiento24h\"},\"image\":{\"@id\":\"https:\\\/\\\/sarmiento24h.com\\\/#\\\/schema\\\/logo\\\/image\\\/\"},\"sameAs\":[\"https:\\\/\\\/facebook.com\\\/s24hnoticias\",\"https:\\\/\\\/x.com\\\/sarmiento24h\"]},{\"@type\":\"Person\",\"@id\":\"https:\\\/\\\/sarmiento24h.com\\\/#\\\/schema\\\/person\\\/d653a59725ad629a7e0429af7b939d4d\",\"name\":\"sarmiento24h@gmail.com\",\"image\":{\"@type\":\"ImageObject\",\"inLanguage\":\"es\",\"@id\":\"https:\\\/\\\/sarmiento24h.com\\\/wp-content\\\/litespeed\\\/avatar\\\/d02cbc4e23c747e6659cd45907173c8f.jpg?ver=1777157796\",\"url\":\"https:\\\/\\\/sarmiento24h.com\\\/wp-content\\\/litespeed\\\/avatar\\\/d02cbc4e23c747e6659cd45907173c8f.jpg?ver=1777157796\",\"contentUrl\":\"https:\\\/\\\/sarmiento24h.com\\\/wp-content\\\/litespeed\\\/avatar\\\/d02cbc4e23c747e6659cd45907173c8f.jpg?ver=1777157796\",\"caption\":\"sarmiento24h@gmail.com\"},\"sameAs\":[\"https:\\\/\\\/sarmiento24h.com\"],\"url\":\"https:\\\/\\\/sarmiento24h.com\\\/?author=1\"}]}<\/script>\n<!-- \/ Yoast SEO plugin. -->","yoast_head_json":{"title":"La libertad de prensa mundial cae a su nivel m\u00e1s bajo en 25 a\u00f1os, advierte Reporteros Sin Fronteras - Sarmiento24h","robots":{"index":"index","follow":"follow","max-snippet":"max-snippet:-1","max-image-preview":"max-image-preview:large","max-video-preview":"max-video-preview:-1"},"canonical":"https:\/\/sarmiento24h.com\/?p=166435","og_locale":"es_ES","og_type":"article","og_title":"La libertad de prensa mundial cae a su nivel m\u00e1s bajo en 25 a\u00f1os, advierte Reporteros Sin Fronteras - Sarmiento24h","og_description":"La clasificaci\u00f3n anual de la ONG, establecida&#46;&#46;&#46;","og_url":"https:\/\/sarmiento24h.com\/?p=166435","og_site_name":"Sarmiento24h","article_publisher":"https:\/\/facebook.com\/s24hnoticias","article_published_time":"2026-04-30T10:37:51+00:00","og_image":[{"url":"https:\/\/s.france24.com\/media\/display\/c11090f0-097b-11ef-8ba1-005056bfb2b6\/w:1024\/p:16x9\/capture-74864502866352e2b6118d9.48345386.jpg","type":"","width":"","height":""}],"author":"sarmiento24h@gmail.com","twitter_card":"summary_large_image","twitter_creator":"@sarmiento24h","twitter_site":"@sarmiento24h","twitter_misc":{"Escrito por":"sarmiento24h@gmail.com","Tiempo de lectura":"2 minutos"},"schema":{"@context":"https:\/\/schema.org","@graph":[{"@type":"Article","@id":"https:\/\/sarmiento24h.com\/?p=166435#article","isPartOf":{"@id":"https:\/\/sarmiento24h.com\/?p=166435"},"author":{"name":"sarmiento24h@gmail.com","@id":"https:\/\/sarmiento24h.com\/#\/schema\/person\/d653a59725ad629a7e0429af7b939d4d"},"headline":"La libertad de prensa mundial cae a su nivel m\u00e1s bajo en 25 a\u00f1os, advierte Reporteros Sin Fronteras","datePublished":"2026-04-30T10:37:51+00:00","mainEntityOfPage":{"@id":"https:\/\/sarmiento24h.com\/?p=166435"},"wordCount":490,"publisher":{"@id":"https:\/\/sarmiento24h.com\/#organization"},"image":{"@id":"https:\/\/sarmiento24h.com\/?p=166435#primaryimage"},"thumbnailUrl":"https:\/\/sarmiento24h.com\/wp-content\/uploads\/2026\/04\/la-libertad-de-prensa-mundial-cae-a-su-nivel-mas-bajo-en-25-anos-advierte-reporteros-sin-fronteras.jpg","articleSection":["Internacionales"],"inLanguage":"es"},{"@type":"WebPage","@id":"https:\/\/sarmiento24h.com\/?p=166435","url":"https:\/\/sarmiento24h.com\/?p=166435","name":"La libertad de prensa mundial cae a su nivel m\u00e1s bajo en 25 a\u00f1os, advierte Reporteros Sin Fronteras - Sarmiento24h","isPartOf":{"@id":"https:\/\/sarmiento24h.com\/#website"},"primaryImageOfPage":{"@id":"https:\/\/sarmiento24h.com\/?p=166435#primaryimage"},"image":{"@id":"https:\/\/sarmiento24h.com\/?p=166435#primaryimage"},"thumbnailUrl":"https:\/\/sarmiento24h.com\/wp-content\/uploads\/2026\/04\/la-libertad-de-prensa-mundial-cae-a-su-nivel-mas-bajo-en-25-anos-advierte-reporteros-sin-fronteras.jpg","datePublished":"2026-04-30T10:37:51+00:00","breadcrumb":{"@id":"https:\/\/sarmiento24h.com\/?p=166435#breadcrumb"},"inLanguage":"es","potentialAction":[{"@type":"ReadAction","target":["https:\/\/sarmiento24h.com\/?p=166435"]}]},{"@type":"ImageObject","inLanguage":"es","@id":"https:\/\/sarmiento24h.com\/?p=166435#primaryimage","url":"https:\/\/sarmiento24h.com\/wp-content\/uploads\/2026\/04\/la-libertad-de-prensa-mundial-cae-a-su-nivel-mas-bajo-en-25-anos-advierte-reporteros-sin-fronteras.jpg","contentUrl":"https:\/\/sarmiento24h.com\/wp-content\/uploads\/2026\/04\/la-libertad-de-prensa-mundial-cae-a-su-nivel-mas-bajo-en-25-anos-advierte-reporteros-sin-fronteras.jpg","width":1024,"height":576},{"@type":"BreadcrumbList","@id":"https:\/\/sarmiento24h.com\/?p=166435#breadcrumb","itemListElement":[{"@type":"ListItem","position":1,"name":"Home","item":"https:\/\/sarmiento24h.com\/"},{"@type":"ListItem","position":2,"name":"La libertad de prensa mundial cae a su nivel m\u00e1s bajo en 25 a\u00f1os, advierte Reporteros Sin Fronteras"}]},{"@type":"WebSite","@id":"https:\/\/sarmiento24h.com\/#website","url":"https:\/\/sarmiento24h.com\/","name":"Sarmiento24h","description":"","publisher":{"@id":"https:\/\/sarmiento24h.com\/#organization"},"potentialAction":[{"@type":"SearchAction","target":{"@type":"EntryPoint","urlTemplate":"https:\/\/sarmiento24h.com\/?s={search_term_string}"},"query-input":{"@type":"PropertyValueSpecification","valueRequired":true,"valueName":"search_term_string"}}],"inLanguage":"es"},{"@type":"Organization","@id":"https:\/\/sarmiento24h.com\/#organization","name":"Sarmiento24h","url":"https:\/\/sarmiento24h.com\/","logo":{"@type":"ImageObject","inLanguage":"es","@id":"https:\/\/sarmiento24h.com\/#\/schema\/logo\/image\/","url":"https:\/\/sarmiento24h.com\/wp-content\/uploads\/2025\/12\/AddText_12-16-10.30.52.jpg","contentUrl":"https:\/\/sarmiento24h.com\/wp-content\/uploads\/2025\/12\/AddText_12-16-10.30.52.jpg","width":1220,"height":324,"caption":"Sarmiento24h"},"image":{"@id":"https:\/\/sarmiento24h.com\/#\/schema\/logo\/image\/"},"sameAs":["https:\/\/facebook.com\/s24hnoticias","https:\/\/x.com\/sarmiento24h"]},{"@type":"Person","@id":"https:\/\/sarmiento24h.com\/#\/schema\/person\/d653a59725ad629a7e0429af7b939d4d","name":"sarmiento24h@gmail.com","image":{"@type":"ImageObject","inLanguage":"es","@id":"https:\/\/sarmiento24h.com\/wp-content\/litespeed\/avatar\/d02cbc4e23c747e6659cd45907173c8f.jpg?ver=1777157796","url":"https:\/\/sarmiento24h.com\/wp-content\/litespeed\/avatar\/d02cbc4e23c747e6659cd45907173c8f.jpg?ver=1777157796","contentUrl":"https:\/\/sarmiento24h.com\/wp-content\/litespeed\/avatar\/d02cbc4e23c747e6659cd45907173c8f.jpg?ver=1777157796","caption":"sarmiento24h@gmail.com"},"sameAs":["https:\/\/sarmiento24h.com"],"url":"https:\/\/sarmiento24h.com\/?author=1"}]}},"jetpack_publicize_connections":[],"jetpack_featured_media_url":"https:\/\/sarmiento24h.com\/wp-content\/uploads\/2026\/04\/la-libertad-de-prensa-mundial-cae-a-su-nivel-mas-bajo-en-25-anos-advierte-reporteros-sin-fronteras.jpg","jetpack_sharing_enabled":true,"_links":{"self":[{"href":"https:\/\/sarmiento24h.com\/index.php?rest_route=\/wp\/v2\/posts\/166435","targetHints":{"allow":["GET"]}}],"collection":[{"href":"https:\/\/sarmiento24h.com\/index.php?rest_route=\/wp\/v2\/posts"}],"about":[{"href":"https:\/\/sarmiento24h.com\/index.php?rest_route=\/wp\/v2\/types\/post"}],"author":[{"embeddable":true,"href":"https:\/\/sarmiento24h.com\/index.php?rest_route=\/wp\/v2\/users\/1"}],"replies":[{"embeddable":true,"href":"https:\/\/sarmiento24h.com\/index.php?rest_route=%2Fwp%2Fv2%2Fcomments&post=166435"}],"version-history":[{"count":0,"href":"https:\/\/sarmiento24h.com\/index.php?rest_route=\/wp\/v2\/posts\/166435\/revisions"}],"wp:featuredmedia":[{"embeddable":true,"href":"https:\/\/sarmiento24h.com\/index.php?rest_route=\/wp\/v2\/media\/166436"}],"wp:attachment":[{"href":"https:\/\/sarmiento24h.com\/index.php?rest_route=%2Fwp%2Fv2%2Fmedia&parent=166435"}],"wp:term":[{"taxonomy":"category","embeddable":true,"href":"https:\/\/sarmiento24h.com\/index.php?rest_route=%2Fwp%2Fv2%2Fcategories&post=166435"},{"taxonomy":"post_tag","embeddable":true,"href":"https:\/\/sarmiento24h.com\/index.php?rest_route=%2Fwp%2Fv2%2Ftags&post=166435"}],"curies":[{"name":"wp","href":"https:\/\/api.w.org\/{rel}","templated":true}]}}