{"id":166680,"date":"2026-04-30T12:57:56","date_gmt":"2026-04-30T12:57:56","guid":{"rendered":"http:\/\/cba8085a-4456-11f1-a3e4-6fcf5b67cab8"},"modified":"2026-04-30T12:57:56","modified_gmt":"2026-04-30T12:57:56","slug":"el-lugar-de-los-estadounidenses-en-el-golfo-persico-esta-en-el-fondo-de-sus-aguas-afirma-mojtaba-jamenei","status":"publish","type":"post","link":"https:\/\/sarmiento24h.com\/?p=166680","title":{"rendered":"El lugar de los estadounidenses en el golfo P\u00e9rsico est\u00e1 \u00aben el fondo de sus aguas\u00bb, afirma Mojtaba Jamenei"},"content":{"rendered":"<p> <time datetime=\"2026-04-30T12:50:22+00:00\">30\/04\/2026 &#8211; 14:50<\/time><\/p>\n<h2 aria-level=\"3\">El petr\u00f3leo sube a su nivel m\u00e1s alto en cuatro a\u00f1os por la amenaza del cierre prolongado de Ormuz<\/h2>\n<\/p>\n<div readability=\"12\"> <time datetime=\"2026-04-30T12:40:59+00:00\">30\/04\/2026 &#8211; 14:40<\/time><\/p>\n<h2 aria-level=\"3\">\u00abLa inseguridad en el Golfo la provocan EE. UU. e Israel\u00bb: presidente iran\u00ed, Masoud Pezeshkian<\/h2>\n<p><strong>\u00abHay que detener y condenar la pirater\u00eda estadounidense contra los barcos iran\u00edes\u00bb, a<\/strong>greg\u00f3 el mandatario iran\u00ed en una conversaci\u00f3n con la primera ministra de Jap\u00f3n, Sanae Takaichi, citado por la agencia semioficial Mehr News.<\/p>\n<\/p><\/div>\n<div readability=\"18\"> <time datetime=\"2026-04-30T11:41:53+00:00\">30\/04\/2026 &#8211; 13:41<\/time><\/p>\n<h2 aria-level=\"3\">Friedrich Merz aboga por una alianza transatl\u00e1ntica fiable ante tensiones con Trump<\/h2>\n<p>El canciller alem\u00e1n Friedrich Merz abog\u00f3 por una \u00abasociaci\u00f3n transatl\u00e1ntica fiable\u00bb en medio de una disputa con el presidente de Estados Unidos, Donald Trump, por la guerra en Ir\u00e1n. <\/p>\n<p>Durante una visita a un campo de entrenamiento del ej\u00e9rcito, Merz se\u00f1al\u00f3 que, en tiempos turbulentos, <strong>su gesti\u00f3n mantiene una orientaci\u00f3n clara hacia una OTAN unida.<\/strong> Asimismo, el mandatario inst\u00f3 a Ir\u00e1n a sentarse a la mesa de negociaciones con Estados Unidos. <\/p>\n<\/p><\/div>\n<div readability=\"23\"> <time datetime=\"2026-04-30T11:02:33+00:00\">30\/04\/2026 &#8211; 13:02<\/time><\/p>\n<h2 aria-level=\"3\">El lugar de los estadounidenses en el golfo P\u00e9rsico es \u00aben el fondo de sus aguas\u00bb, afirma Mojtaba Jamenei<\/h2>\n<p>El l\u00edder supremo iran\u00ed declar\u00f3 que el \u00fanico lugar para los estadounidenses en el golfo P\u00e9rsico es \u00aben el fondo de sus aguas\u00bb, mientras el estrecho de Ormuz permanece bajo el control de Teher\u00e1n.<\/p>\n<p>El ayatol\u00e1 Mojtaba Jamenei se expres\u00f3 a trav\u00e9s de una declaraci\u00f3n escrita le\u00edda en voz alta en la televisi\u00f3n estatal iran\u00ed, como ha venido haciendo desde que asumi\u00f3 el cargo tras el ataque a\u00e9reo del 28 de febrero en el que muri\u00f3 su padre, el ayatol\u00e1 Al\u00ed Jamenei.<\/p>\n<p>Tambi\u00e9n afirm\u00f3 que<strong> la Rep\u00fablica Isl\u00e1mica proteger\u00e1 sus capacidades nucleares y de misiles como un activo nacional t<\/strong>ras lo que describi\u00f3 como una \u00abderrota vergonzosa\u00bb de Estados Unidos en Ir\u00e1n.<\/p>\n<p>Asimismo, <strong>sostuvo que la nueva gesti\u00f3n del estrecho de Ormuz traer\u00e1 calma, progreso y beneficios econ\u00f3micos a todas las naciones del Golfo.<\/strong><\/p>\n<\/p><\/div>\n<div readability=\"20\"> <time datetime=\"2026-04-30T10:19:14+00:00\">30\/04\/2026 &#8211; 12:19<\/time><\/p>\n<h2 aria-level=\"3\">Alto el fuego en L\u00edbano se extiende tres semanas: 951 desplazados registrados por la UNRWA<\/h2>\n<p>La Agencia de la ONU para los Refugiados de Palestina (UNRWA), recuerda que el alto el fuego entre Israel y L\u00edbano entr\u00f3 en vigor el 16 de abril y fue extendido por tres semanas adicionales el 23 de abril, tras una segunda reuni\u00f3n trilateral entre representantes de Israel, Estados Unidos y L\u00edbano anunciada por el presidente Donald Trump.<\/p>\n<p>La agencia, que opera dos refugios de emergencia en el pa\u00eds, inform\u00f3 que hasta el 28 de abril hab\u00eda registrado 951 personas desplazadas. Adem\u00e1s, tres de sus escuelas que operaban de forma remota reanudaron las clases presenciales. <\/p>\n<\/p><\/div>\n<div readability=\"18\"> <time datetime=\"2026-04-30T10:09:08+00:00\">30\/04\/2026 &#8211; 12:09<\/time><\/p>\n<h2 aria-level=\"3\">Nueve muertos tras una serie de bombardeos israel\u00edes en el sur del L\u00edbano<\/h2>\n<p>Seg\u00fan reportes de la cadena Al Jazeera, que cita a la Agencia Nacional de Noticias (NNA), al menos nueve personas perdieron la vida esta ma\u00f1ana durante una ofensiva a\u00e9rea israel\u00ed contra diversas localidades en el sur del L\u00edbano. <\/p>\n<p>Los ataques impactaron directamente sobre zonas residenciales, dejando tres fallecidos y siete heridos en Jebchit, cuatro v\u00edctimas mortales en Toul y otras dos en Harouf, donde el impacto de los proyectiles destruy\u00f3 varias viviendas y caus\u00f3 graves da\u00f1os estructurales en edificios civiles.<\/p>\n<\/p><\/div>\n<div readability=\"16\"> <time datetime=\"2026-04-30T09:23:33+00:00\">30\/04\/2026 &#8211; 11:23<\/time><\/p>\n<h2 aria-level=\"3\">Fabien Roussel denuncia el \u00absecuestro\u00bb de tripulantes de la Flotilla y pide intervenci\u00f3n del gobierno<\/h2>\n<p>El diputado franc\u00e9s y secretario general del Partido Comunista, Fabien Roussel, denunci\u00f3 en la red social X que parte de la Flotilla Global Sumud, incluida la embarcaci\u00f3n de su colega parlamentaria Rapha\u00eblle Primet, fue abordada por el ej\u00e9rcito israel\u00ed y que sus tripulantes fueron \u00absecuestrados\u00bb. Roussel afirm\u00f3 haber solicitado al ministro de Asuntos Exteriores, Jean-No\u00ebl Barrot, una intervenci\u00f3n inmediata para su liberaci\u00f3n.<\/p>\n<\/p><\/div>\n<div readability=\"15.606936416185\"> <time datetime=\"2026-04-30T08:49:10+00:00\">30\/04\/2026 &#8211; 10:49<\/time><\/p>\n<h2 aria-level=\"3\">El precio del petr\u00f3leo alcanza m\u00e1ximos de 2022 ante posible escalada militar de EE. UU. en Ir\u00e1n <\/h2>\n<p>El precio del crudo Brent se dispar\u00f3 hasta superar los 126 d\u00f3lares por barril, su nivel m\u00e1s alto desde la invasi\u00f3n rusa a Ucrania.<\/p>\n<p>Esto responder\u00eda al informe de Axios que afirma que el Mando Central de EE. UU. presentar\u00e1 al presidente Donald Trump planes para una ola de ataques \u00abcortos y potentes\u00bb contra infraestructura iran\u00ed. Tambi\u00e9n se mencion\u00f3 un bloqueo prolongado del&nbsp;<a href=\"https:\/\/www.france24.com\/es\/tag\/estrecho-de-ormuz\/\" rel=\"noopener noreferrer\" target=\"_blank\">estrecho de Ormuz<\/a>.&nbsp;<\/p>\n<p>Analistas advierten que la amenaza de una guerra extendida y el bloqueo mar\u00edtimo generan nerviosismo por su impacto directo en la inflaci\u00f3n y el suministro energ\u00e9tico.<\/p>\n<\/p><\/div>\n<div readability=\"15\"> <time datetime=\"2026-04-30T08:45:02+00:00\">30\/04\/2026 &#8211; 10:45<\/time><\/p>\n<h2 aria-level=\"3\">EE. UU. estar\u00eda buscando una nueva coalici\u00f3n para reactivar el tr\u00e1fico mar\u00edtimo en Ormuz (Wall Street Journal)<\/h2>\n<p>Estados Unidos est\u00e1 pidiendo a otros pa\u00edses que se unan a una nueva coalici\u00f3n internacional que permita a los barcos navegar por el estrecho de Ormuz, inform\u00f3 el mi\u00e9rcoles Wall Street Journal.<\/p>\n<p>La coalici\u00f3n propuesta denominada Estructura para la Libertad Mar\u00edtima compartir\u00eda informaci\u00f3n, coordinar\u00eda acciones diplom\u00e1ticas y ayudar\u00eda a aplicar sanciones, seg\u00fan informaci\u00f3n interna del Departamento de Estado.<\/p>\n<\/p><\/div>\n<div readability=\"12\"> <time datetime=\"2026-04-30T08:36:06+00:00\">30\/04\/2026 &#8211; 10:36<\/time><\/p>\n<h2 aria-level=\"3\">Albanese cuestiona la legalidad de Israel al incautar buques en aguas europeas<\/h2>\n<p>A trav\u00e9s de su cuenta de la red social X, la Relatora Especial de la ONU, Francesca Albanese, calific\u00f3 de \u00abalarma\u00bb que se permita a Israel incautar buques en aguas internacionales cerca de Europa y advirti\u00f3 que este acto de \u00abapartheid sin fronteras\u00bb deber\u00eda conmocionar a todo el continente.<\/p>\n<\/p><\/div>\n<div readability=\"15\"> <time datetime=\"2026-04-30T08:22:38+00:00\">30\/04\/2026 &#8211; 10:22<\/time><\/p>\n<h2 aria-level=\"3\">El apag\u00f3n digital en Ir\u00e1n cumple dos meses y devasta el sector educativo<\/h2>\n<p>El bloqueo de internet en Ir\u00e1n ha alcanzado los 62 d\u00edas consecutivos, sumando un total de 1.464 horas de desconexi\u00f3n casi total para la poblaci\u00f3n civil. <\/p>\n<p>Seg\u00fan datos de NetBlocks, esta medida ha paralizado el sistema de ense\u00f1anza. Al devastar el acceso a las plataformas de conocimiento, el apag\u00f3n est\u00e1 obstaculizando de forma severa el desarrollo de la escolarizaci\u00f3n y la educaci\u00f3n superior en todo el pa\u00eds.<\/p>\n<\/p><\/div>\n<div readability=\"14\"> <time datetime=\"2026-04-30T07:24:35+00:00\">30\/04\/2026 &#8211; 09:24<\/time><\/p>\n<h2 aria-level=\"3\">El presidente de Ir\u00e1n afirm\u00f3 que el bloqueo naval de Estados Unidos est\u00e1 \u201ccondenado al fracaso\u201d<\/h2>\n<p>El presidente de Ir\u00e1n, Masoud Pezeshkian, afirm\u00f3 que un bloqueo naval estadounidense a los puertos iran\u00edes profundizar\u00eda las perturbaciones en el Golfo y no lograr\u00eda alcanzar sus objetivos.<\/p>\n<blockquote><p>\u00abCualquier intento de imponer un bloqueo mar\u00edtimo o restricciones es contrario al derecho internacional&#8230; y est\u00e1 condenado al fracaso\u00bb, declar\u00f3 Pezeshkian en un comunicado.<\/p><\/blockquote>\n<p>A\u00f1adi\u00f3 que tales medidas \u00abno solo no lograr\u00e1n mejorar la seguridad regional, sino que de hecho son una fuente de tensi\u00f3n y una alteraci\u00f3n de la estabilidad duradera en el Golfo P\u00e9rsico\u00bb.<\/p>\n<\/p><\/div>\n<div readability=\"13\"> <time datetime=\"2026-04-30T07:24:04+00:00\">30\/04\/2026 &#8211; 09:24<\/time><\/p>\n<h2 aria-level=\"3\">Israel afirma haber interceptado a 175 activistas de la flotilla con ayuda para Gaza <\/h2>\n<p>El ministerio de Asuntos Exteriores de Israel ha declarado que el ej\u00e9rcito israel\u00ed <strong>detuvo a unos 175 activistas a bordo de 20 barcos de una flotilla cargada de ayuda con destino a Gaza.<\/strong><\/p>\n<p><strong><span class=\"ql-cursor\">\ufeff<\/span><\/strong><\/p>\n<blockquote><p>\u00abAproximadamente 175 activistas de m\u00e1s de 20 barcos&#8230; se dirigen ahora pac\u00edficamente hacia Israel\u00bb, afirm\u00f3 el ministerio en un comunicado, que inclu\u00eda un video de los activistas a bordo de un buque de la armada israel\u00ed.<\/p><\/blockquote>\n<p>Israel controla todos los puntos de entrada a Gaza y ha sido acusado por las Naciones Unidas y ONG extranjeras de asfixiar el flujo de bienes hacia el territorio, provocando escasez desde el inicio de la guerra en octubre de 2023.<\/p>\n<\/p><\/div>\n<div readability=\"17\"> <time datetime=\"2026-04-30T07:21:32+00:00\">30\/04\/2026 &#8211; 09:21<\/time><\/p>\n<h2 aria-level=\"3\">Turqu\u00eda condena \u00abacto de pirater\u00eda\u00bb israel\u00ed a la Flotilla Global Sumud<\/h2>\n<p>El gobierno ha calificado como un \u00abacto de pirater\u00eda\u00bb la intervenci\u00f3n del ej\u00e9rcito israel\u00ed en aguas internacionales contra la Flotilla Global Sumud, que transportaba ayuda humanitaria hacia Gaza.<\/p>\n<p>Seg\u00fan el comunicado, esta agresi\u00f3n no solo viola los principios humanitarios y el derecho internacional, sino que tambi\u00e9n atenta contra la libertad de navegaci\u00f3n en alta mar. Ante la gravedad de los hechos, <strong>se ha solicitado una postura unificada de la comunidad internacional <\/strong>mientras se coordinan acciones para garantizar la seguridad de los pasajeros y ciudadanos a bordo.<\/p>\n<\/p><\/div>\n<div readability=\"21\"> <time datetime=\"2026-04-30T05:32:28+00:00\">30\/04\/2026 &#8211; 07:32<\/time><\/p>\n<h2 aria-level=\"3\">La OMS alerta sobre el aumento de ataques globales a la salud por el conflicto en Medio Oriente<\/h2>\n<p>La Organizaci\u00f3n Mundial de la Salud (OMS) ha alertado sobre un incremento global en las agresiones contra instalaciones y personal m\u00e9dico, cuya media diaria subi\u00f3 de 3.7 a 4.3 incidentes tras la intensificaci\u00f3n del conflicto en Medio Oriente a finales de febrero. <\/p>\n<p>De acuerdo con la OMS, las hostilidades han provocado el cierre de 50 centros de salud y da\u00f1os en otros 16 en la regi\u00f3n, destacando el caso de L\u00edbano con 149 ataques identificados y el de Ir\u00e1n con 26 reportes de agresiones. <\/p>\n<p>Mientras el organismo internacional<strong> denuncia que la infraestructura sanitaria se ha vuelto un objetivo estrat\u00e9gico, <\/strong>el gobierno de Israel sostiene que sus ataques se dirigen exclusivamente contra posiciones de Hezbol\u00e1. <\/p>\n<\/p><\/div>\n<div readability=\"28\"> <time datetime=\"2026-04-30T05:28:21+00:00\">30\/04\/2026 &#8211; 07:28<\/time><\/p>\n<h2 aria-level=\"3\">Organizadores de la flotilla de Gaza afirman estar rodeados por \u00abbarcos militares\u00bb israel\u00edes<\/h2>\n<p>Los organizadores de una flotilla que transporta activistas propalestinos con el objetivo de romper el bloqueo israel\u00ed en Gaza afirmaron que sus embarcaciones estaban rodeadas por \u00abbarcos militares\u00bb israel\u00edes.<\/p>\n<p>La flotilla,<strong> integrada por m\u00e1s de 50 embarcaciones, <\/strong>zarp\u00f3 en las \u00faltimas semanas desde Marsella en Francia, Barcelona en Espa\u00f1a y Siracusa en Italia.<\/p>\n<p>En una publicaci\u00f3n en la red social X durante la noche, la Global Sumud Flotilla se\u00f1al\u00f3 que barcos militares israel\u00edes hab\u00edan \u00abrodeado ilegalmente la flotilla en aguas internacionales y amenazado con secuestros y violencia\u00bb.<\/p>\n<p><strong>\u00abSe han perdido las comunicaciones con 11 embarcaciones\u00bb, a\u00f1adi\u00f3 la organizaci\u00f3n.<\/strong><\/p>\n<p>La flotilla se encuentra actualmente frente a las costas de Grecia, cerca de Creta, seg\u00fan el seguimiento en vivo de la organizaci\u00f3n en su sitio web.<\/p>\n<\/p><\/div>\n<div readability=\"22\"> <time datetime=\"2026-04-30T05:23:24+00:00\">30\/04\/2026 &#8211; 07:23<\/time><\/p>\n<h2 aria-level=\"3\">L\u00edder del Comando Central de EE. UU. informar\u00e1 a Trump el jueves sobre nuevas opciones militares en Ir\u00e1n (Axios)<\/h2>\n<p>El presidente de EE. UU., Donald Trump, recibir\u00e1 el jueves un informe sobre nuevos planes para una posible acci\u00f3n militar contra Ir\u00e1n por parte del l\u00edder del Comando Central de EE. UU., Brad Cooper. <\/p>\n<p>La sesi\u00f3n informativa tendr\u00e1 lugar el jueves, seg\u00fan el informe de Axios del mi\u00e9rcoles. La Casa Blanca no respondi\u00f3 de inmediato a una solicitud de comentarios.<\/p>\n<p>El CENTCOM <strong>ha preparado un plan para una oleada de ataques \u00abcortos y potentes\u00bb contra Ir\u00e1n, <\/strong>que probablemente incluya objetivos de infraestructura, inform\u00f3 Axios, citando fuentes.<\/p>\n<\/p><\/div>\n<div readability=\"19\"> <time datetime=\"2026-04-30T05:20:27+00:00\">30\/04\/2026 &#8211; 07:20<\/time><\/p>\n<h2 aria-level=\"3\">Donald Trump contempla una reducci\u00f3n de las fuerzas estadounidenses en Alemania<\/h2>\n<p>Donald Trump declar\u00f3 el mi\u00e9rcoles que contempla una reducci\u00f3n de las fuerzas armadas estadounidenses estacionadas en Alemania, tras tensos intercambios con el canciller alem\u00e1n a prop\u00f3sito de la guerra en Ir\u00e1n.<\/p>\n<p>\u00abSe tomar\u00e1 una decisi\u00f3n muy pronto\u00bb, escribi\u00f3 el presidente estadounidense en su plataforma Truth Social despu\u00e9s de que Friedrich Merz afirmara que \u00ablos estadounidenses (no ten\u00edan) visiblemente ninguna estrategia\u00bb en Ir\u00e1n. <\/p>\n<p>En respuesta, Donald Trump hab\u00eda acusado el martes a Friedrich Merz de \u00abno saber de qu\u00e9 estaba hablando\u00bb.<\/p>\n<p><img decoding=\"async\" src=\"https:\/\/arena-cdn-g.eu.getarena.im\/site-media\/661e9848fa496b0a97abf80099678da5563846bfb6a0560c5d8c5459.jpg\"><\/p>\n<\/p><\/div>\n<div readability=\"8\"> <time datetime=\"2026-04-30T05:17:01+00:00\">30\/04\/2026 &#8211; 07:17<\/time> <\/p>\n<p>Bienvenidos al cubrimiento de los hechos m\u00e1s relevantes de la jornada del 30 de abril relacionados con la guerra en Medio Oriente. <\/p>\n<\/p><\/div>\n","protected":false},"excerpt":{"rendered":"<p>30\/04\/2026 &#8211; 14:50 El petr\u00f3leo sube a&#46;&#46;&#46;<\/p>\n","protected":false},"author":1,"featured_media":166681,"comment_status":"closed","ping_status":"closed","sticky":false,"template":"","format":"standard","meta":{"_jetpack_memberships_contains_paid_content":false,"footnotes":"","jetpack_publicize_message":"","jetpack_publicize_feature_enabled":true,"jetpack_social_post_already_shared":true,"jetpack_social_options":{"image_generator_settings":{"template":"highway","default_image_id":0,"font":"","enabled":false},"version":2}},"categories":[43],"tags":[],"class_list":["post-166680","post","type-post","status-publish","format-standard","has-post-thumbnail","hentry","category-internacionales"],"yoast_head":"<!-- This site is optimized with the Yoast SEO plugin v27.3 - https:\/\/yoast.com\/product\/yoast-seo-wordpress\/ -->\n<title>El lugar de los estadounidenses en el golfo P\u00e9rsico est\u00e1 &quot;en el fondo de sus aguas&quot;, afirma Mojtaba Jamenei - Sarmiento24h<\/title>\n<meta name=\"robots\" content=\"index, follow, max-snippet:-1, max-image-preview:large, max-video-preview:-1\" \/>\n<link rel=\"canonical\" href=\"https:\/\/sarmiento24h.com\/?p=166680\" \/>\n<meta property=\"og:locale\" content=\"es_ES\" \/>\n<meta property=\"og:type\" content=\"article\" \/>\n<meta property=\"og:title\" content=\"El lugar de los estadounidenses en el golfo P\u00e9rsico est\u00e1 &quot;en el fondo de sus aguas&quot;, afirma Mojtaba Jamenei - Sarmiento24h\" \/>\n<meta property=\"og:description\" content=\"30\/04\/2026 &#8211; 14:50 El petr\u00f3leo sube a&#046;&#046;&#046;\" \/>\n<meta property=\"og:url\" content=\"https:\/\/sarmiento24h.com\/?p=166680\" \/>\n<meta property=\"og:site_name\" content=\"Sarmiento24h\" \/>\n<meta property=\"article:publisher\" content=\"https:\/\/facebook.com\/s24hnoticias\" \/>\n<meta property=\"article:published_time\" content=\"2026-04-30T12:57:56+00:00\" \/>\n<meta property=\"og:image\" content=\"https:\/\/arena-cdn-g.eu.getarena.im\/site-media\/661e9848fa496b0a97abf80099678da5563846bfb6a0560c5d8c5459.jpg\" \/>\n<meta name=\"author\" content=\"sarmiento24h@gmail.com\" \/>\n<meta name=\"twitter:card\" content=\"summary_large_image\" \/>\n<meta name=\"twitter:creator\" content=\"@sarmiento24h\" \/>\n<meta name=\"twitter:site\" content=\"@sarmiento24h\" \/>\n<meta name=\"twitter:label1\" content=\"Escrito por\" \/>\n\t<meta name=\"twitter:data1\" content=\"sarmiento24h@gmail.com\" \/>\n\t<meta name=\"twitter:label2\" content=\"Tiempo de lectura\" \/>\n\t<meta name=\"twitter:data2\" content=\"9 minutos\" \/>\n<script type=\"application\/ld+json\" class=\"yoast-schema-graph\">{\"@context\":\"https:\\\/\\\/schema.org\",\"@graph\":[{\"@type\":\"Article\",\"@id\":\"https:\\\/\\\/sarmiento24h.com\\\/?p=166680#article\",\"isPartOf\":{\"@id\":\"https:\\\/\\\/sarmiento24h.com\\\/?p=166680\"},\"author\":{\"name\":\"sarmiento24h@gmail.com\",\"@id\":\"https:\\\/\\\/sarmiento24h.com\\\/#\\\/schema\\\/person\\\/d653a59725ad629a7e0429af7b939d4d\"},\"headline\":\"El lugar de los estadounidenses en el golfo P\u00e9rsico est\u00e1 \u00aben el fondo de sus aguas\u00bb, afirma Mojtaba Jamenei\",\"datePublished\":\"2026-04-30T12:57:56+00:00\",\"mainEntityOfPage\":{\"@id\":\"https:\\\/\\\/sarmiento24h.com\\\/?p=166680\"},\"wordCount\":1894,\"publisher\":{\"@id\":\"https:\\\/\\\/sarmiento24h.com\\\/#organization\"},\"image\":{\"@id\":\"https:\\\/\\\/sarmiento24h.com\\\/?p=166680#primaryimage\"},\"thumbnailUrl\":\"https:\\\/\\\/sarmiento24h.com\\\/wp-content\\\/uploads\\\/2026\\\/04\\\/el-lugar-de-los-estadounidenses-en-el-golfo-persico-esta-en-el-fondo-de-sus-aguas-afirma-mojtaba-jamenei.png\",\"articleSection\":[\"Internacionales\"],\"inLanguage\":\"es\"},{\"@type\":\"WebPage\",\"@id\":\"https:\\\/\\\/sarmiento24h.com\\\/?p=166680\",\"url\":\"https:\\\/\\\/sarmiento24h.com\\\/?p=166680\",\"name\":\"El lugar de los estadounidenses en el golfo P\u00e9rsico est\u00e1 \\\"en el fondo de sus aguas\\\", afirma Mojtaba Jamenei - Sarmiento24h\",\"isPartOf\":{\"@id\":\"https:\\\/\\\/sarmiento24h.com\\\/#website\"},\"primaryImageOfPage\":{\"@id\":\"https:\\\/\\\/sarmiento24h.com\\\/?p=166680#primaryimage\"},\"image\":{\"@id\":\"https:\\\/\\\/sarmiento24h.com\\\/?p=166680#primaryimage\"},\"thumbnailUrl\":\"https:\\\/\\\/sarmiento24h.com\\\/wp-content\\\/uploads\\\/2026\\\/04\\\/el-lugar-de-los-estadounidenses-en-el-golfo-persico-esta-en-el-fondo-de-sus-aguas-afirma-mojtaba-jamenei.png\",\"datePublished\":\"2026-04-30T12:57:56+00:00\",\"breadcrumb\":{\"@id\":\"https:\\\/\\\/sarmiento24h.com\\\/?p=166680#breadcrumb\"},\"inLanguage\":\"es\",\"potentialAction\":[{\"@type\":\"ReadAction\",\"target\":[\"https:\\\/\\\/sarmiento24h.com\\\/?p=166680\"]}]},{\"@type\":\"ImageObject\",\"inLanguage\":\"es\",\"@id\":\"https:\\\/\\\/sarmiento24h.com\\\/?p=166680#primaryimage\",\"url\":\"https:\\\/\\\/sarmiento24h.com\\\/wp-content\\\/uploads\\\/2026\\\/04\\\/el-lugar-de-los-estadounidenses-en-el-golfo-persico-esta-en-el-fondo-de-sus-aguas-afirma-mojtaba-jamenei.png\",\"contentUrl\":\"https:\\\/\\\/sarmiento24h.com\\\/wp-content\\\/uploads\\\/2026\\\/04\\\/el-lugar-de-los-estadounidenses-en-el-golfo-persico-esta-en-el-fondo-de-sus-aguas-afirma-mojtaba-jamenei.png\",\"width\":500,\"height\":250},{\"@type\":\"BreadcrumbList\",\"@id\":\"https:\\\/\\\/sarmiento24h.com\\\/?p=166680#breadcrumb\",\"itemListElement\":[{\"@type\":\"ListItem\",\"position\":1,\"name\":\"Home\",\"item\":\"https:\\\/\\\/sarmiento24h.com\\\/\"},{\"@type\":\"ListItem\",\"position\":2,\"name\":\"El lugar de los estadounidenses en el golfo P\u00e9rsico est\u00e1 \u00aben el fondo de sus aguas\u00bb, afirma Mojtaba Jamenei\"}]},{\"@type\":\"WebSite\",\"@id\":\"https:\\\/\\\/sarmiento24h.com\\\/#website\",\"url\":\"https:\\\/\\\/sarmiento24h.com\\\/\",\"name\":\"Sarmiento24h\",\"description\":\"\",\"publisher\":{\"@id\":\"https:\\\/\\\/sarmiento24h.com\\\/#organization\"},\"potentialAction\":[{\"@type\":\"SearchAction\",\"target\":{\"@type\":\"EntryPoint\",\"urlTemplate\":\"https:\\\/\\\/sarmiento24h.com\\\/?s={search_term_string}\"},\"query-input\":{\"@type\":\"PropertyValueSpecification\",\"valueRequired\":true,\"valueName\":\"search_term_string\"}}],\"inLanguage\":\"es\"},{\"@type\":\"Organization\",\"@id\":\"https:\\\/\\\/sarmiento24h.com\\\/#organization\",\"name\":\"Sarmiento24h\",\"url\":\"https:\\\/\\\/sarmiento24h.com\\\/\",\"logo\":{\"@type\":\"ImageObject\",\"inLanguage\":\"es\",\"@id\":\"https:\\\/\\\/sarmiento24h.com\\\/#\\\/schema\\\/logo\\\/image\\\/\",\"url\":\"https:\\\/\\\/sarmiento24h.com\\\/wp-content\\\/uploads\\\/2025\\\/12\\\/AddText_12-16-10.30.52.jpg\",\"contentUrl\":\"https:\\\/\\\/sarmiento24h.com\\\/wp-content\\\/uploads\\\/2025\\\/12\\\/AddText_12-16-10.30.52.jpg\",\"width\":1220,\"height\":324,\"caption\":\"Sarmiento24h\"},\"image\":{\"@id\":\"https:\\\/\\\/sarmiento24h.com\\\/#\\\/schema\\\/logo\\\/image\\\/\"},\"sameAs\":[\"https:\\\/\\\/facebook.com\\\/s24hnoticias\",\"https:\\\/\\\/x.com\\\/sarmiento24h\"]},{\"@type\":\"Person\",\"@id\":\"https:\\\/\\\/sarmiento24h.com\\\/#\\\/schema\\\/person\\\/d653a59725ad629a7e0429af7b939d4d\",\"name\":\"sarmiento24h@gmail.com\",\"image\":{\"@type\":\"ImageObject\",\"inLanguage\":\"es\",\"@id\":\"https:\\\/\\\/sarmiento24h.com\\\/wp-content\\\/litespeed\\\/avatar\\\/d02cbc4e23c747e6659cd45907173c8f.jpg?ver=1777157796\",\"url\":\"https:\\\/\\\/sarmiento24h.com\\\/wp-content\\\/litespeed\\\/avatar\\\/d02cbc4e23c747e6659cd45907173c8f.jpg?ver=1777157796\",\"contentUrl\":\"https:\\\/\\\/sarmiento24h.com\\\/wp-content\\\/litespeed\\\/avatar\\\/d02cbc4e23c747e6659cd45907173c8f.jpg?ver=1777157796\",\"caption\":\"sarmiento24h@gmail.com\"},\"sameAs\":[\"https:\\\/\\\/sarmiento24h.com\"],\"url\":\"https:\\\/\\\/sarmiento24h.com\\\/?author=1\"}]}<\/script>\n<!-- \/ Yoast SEO plugin. -->","yoast_head_json":{"title":"El lugar de los estadounidenses en el golfo P\u00e9rsico est\u00e1 \"en el fondo de sus aguas\", afirma Mojtaba Jamenei - Sarmiento24h","robots":{"index":"index","follow":"follow","max-snippet":"max-snippet:-1","max-image-preview":"max-image-preview:large","max-video-preview":"max-video-preview:-1"},"canonical":"https:\/\/sarmiento24h.com\/?p=166680","og_locale":"es_ES","og_type":"article","og_title":"El lugar de los estadounidenses en el golfo P\u00e9rsico est\u00e1 \"en el fondo de sus aguas\", afirma Mojtaba Jamenei - Sarmiento24h","og_description":"30\/04\/2026 &#8211; 14:50 El petr\u00f3leo sube a&#46;&#46;&#46;","og_url":"https:\/\/sarmiento24h.com\/?p=166680","og_site_name":"Sarmiento24h","article_publisher":"https:\/\/facebook.com\/s24hnoticias","article_published_time":"2026-04-30T12:57:56+00:00","og_image":[{"url":"https:\/\/arena-cdn-g.eu.getarena.im\/site-media\/661e9848fa496b0a97abf80099678da5563846bfb6a0560c5d8c5459.jpg","type":"","width":"","height":""}],"author":"sarmiento24h@gmail.com","twitter_card":"summary_large_image","twitter_creator":"@sarmiento24h","twitter_site":"@sarmiento24h","twitter_misc":{"Escrito por":"sarmiento24h@gmail.com","Tiempo de lectura":"9 minutos"},"schema":{"@context":"https:\/\/schema.org","@graph":[{"@type":"Article","@id":"https:\/\/sarmiento24h.com\/?p=166680#article","isPartOf":{"@id":"https:\/\/sarmiento24h.com\/?p=166680"},"author":{"name":"sarmiento24h@gmail.com","@id":"https:\/\/sarmiento24h.com\/#\/schema\/person\/d653a59725ad629a7e0429af7b939d4d"},"headline":"El lugar de los estadounidenses en el golfo P\u00e9rsico est\u00e1 \u00aben el fondo de sus aguas\u00bb, afirma Mojtaba Jamenei","datePublished":"2026-04-30T12:57:56+00:00","mainEntityOfPage":{"@id":"https:\/\/sarmiento24h.com\/?p=166680"},"wordCount":1894,"publisher":{"@id":"https:\/\/sarmiento24h.com\/#organization"},"image":{"@id":"https:\/\/sarmiento24h.com\/?p=166680#primaryimage"},"thumbnailUrl":"https:\/\/sarmiento24h.com\/wp-content\/uploads\/2026\/04\/el-lugar-de-los-estadounidenses-en-el-golfo-persico-esta-en-el-fondo-de-sus-aguas-afirma-mojtaba-jamenei.png","articleSection":["Internacionales"],"inLanguage":"es"},{"@type":"WebPage","@id":"https:\/\/sarmiento24h.com\/?p=166680","url":"https:\/\/sarmiento24h.com\/?p=166680","name":"El lugar de los estadounidenses en el golfo P\u00e9rsico est\u00e1 \"en el fondo de sus aguas\", afirma Mojtaba Jamenei - Sarmiento24h","isPartOf":{"@id":"https:\/\/sarmiento24h.com\/#website"},"primaryImageOfPage":{"@id":"https:\/\/sarmiento24h.com\/?p=166680#primaryimage"},"image":{"@id":"https:\/\/sarmiento24h.com\/?p=166680#primaryimage"},"thumbnailUrl":"https:\/\/sarmiento24h.com\/wp-content\/uploads\/2026\/04\/el-lugar-de-los-estadounidenses-en-el-golfo-persico-esta-en-el-fondo-de-sus-aguas-afirma-mojtaba-jamenei.png","datePublished":"2026-04-30T12:57:56+00:00","breadcrumb":{"@id":"https:\/\/sarmiento24h.com\/?p=166680#breadcrumb"},"inLanguage":"es","potentialAction":[{"@type":"ReadAction","target":["https:\/\/sarmiento24h.com\/?p=166680"]}]},{"@type":"ImageObject","inLanguage":"es","@id":"https:\/\/sarmiento24h.com\/?p=166680#primaryimage","url":"https:\/\/sarmiento24h.com\/wp-content\/uploads\/2026\/04\/el-lugar-de-los-estadounidenses-en-el-golfo-persico-esta-en-el-fondo-de-sus-aguas-afirma-mojtaba-jamenei.png","contentUrl":"https:\/\/sarmiento24h.com\/wp-content\/uploads\/2026\/04\/el-lugar-de-los-estadounidenses-en-el-golfo-persico-esta-en-el-fondo-de-sus-aguas-afirma-mojtaba-jamenei.png","width":500,"height":250},{"@type":"BreadcrumbList","@id":"https:\/\/sarmiento24h.com\/?p=166680#breadcrumb","itemListElement":[{"@type":"ListItem","position":1,"name":"Home","item":"https:\/\/sarmiento24h.com\/"},{"@type":"ListItem","position":2,"name":"El lugar de los estadounidenses en el golfo P\u00e9rsico est\u00e1 \u00aben el fondo de sus aguas\u00bb, afirma Mojtaba Jamenei"}]},{"@type":"WebSite","@id":"https:\/\/sarmiento24h.com\/#website","url":"https:\/\/sarmiento24h.com\/","name":"Sarmiento24h","description":"","publisher":{"@id":"https:\/\/sarmiento24h.com\/#organization"},"potentialAction":[{"@type":"SearchAction","target":{"@type":"EntryPoint","urlTemplate":"https:\/\/sarmiento24h.com\/?s={search_term_string}"},"query-input":{"@type":"PropertyValueSpecification","valueRequired":true,"valueName":"search_term_string"}}],"inLanguage":"es"},{"@type":"Organization","@id":"https:\/\/sarmiento24h.com\/#organization","name":"Sarmiento24h","url":"https:\/\/sarmiento24h.com\/","logo":{"@type":"ImageObject","inLanguage":"es","@id":"https:\/\/sarmiento24h.com\/#\/schema\/logo\/image\/","url":"https:\/\/sarmiento24h.com\/wp-content\/uploads\/2025\/12\/AddText_12-16-10.30.52.jpg","contentUrl":"https:\/\/sarmiento24h.com\/wp-content\/uploads\/2025\/12\/AddText_12-16-10.30.52.jpg","width":1220,"height":324,"caption":"Sarmiento24h"},"image":{"@id":"https:\/\/sarmiento24h.com\/#\/schema\/logo\/image\/"},"sameAs":["https:\/\/facebook.com\/s24hnoticias","https:\/\/x.com\/sarmiento24h"]},{"@type":"Person","@id":"https:\/\/sarmiento24h.com\/#\/schema\/person\/d653a59725ad629a7e0429af7b939d4d","name":"sarmiento24h@gmail.com","image":{"@type":"ImageObject","inLanguage":"es","@id":"https:\/\/sarmiento24h.com\/wp-content\/litespeed\/avatar\/d02cbc4e23c747e6659cd45907173c8f.jpg?ver=1777157796","url":"https:\/\/sarmiento24h.com\/wp-content\/litespeed\/avatar\/d02cbc4e23c747e6659cd45907173c8f.jpg?ver=1777157796","contentUrl":"https:\/\/sarmiento24h.com\/wp-content\/litespeed\/avatar\/d02cbc4e23c747e6659cd45907173c8f.jpg?ver=1777157796","caption":"sarmiento24h@gmail.com"},"sameAs":["https:\/\/sarmiento24h.com"],"url":"https:\/\/sarmiento24h.com\/?author=1"}]}},"jetpack_publicize_connections":[],"jetpack_featured_media_url":"https:\/\/sarmiento24h.com\/wp-content\/uploads\/2026\/04\/el-lugar-de-los-estadounidenses-en-el-golfo-persico-esta-en-el-fondo-de-sus-aguas-afirma-mojtaba-jamenei.png","jetpack_sharing_enabled":true,"_links":{"self":[{"href":"https:\/\/sarmiento24h.com\/index.php?rest_route=\/wp\/v2\/posts\/166680","targetHints":{"allow":["GET"]}}],"collection":[{"href":"https:\/\/sarmiento24h.com\/index.php?rest_route=\/wp\/v2\/posts"}],"about":[{"href":"https:\/\/sarmiento24h.com\/index.php?rest_route=\/wp\/v2\/types\/post"}],"author":[{"embeddable":true,"href":"https:\/\/sarmiento24h.com\/index.php?rest_route=\/wp\/v2\/users\/1"}],"replies":[{"embeddable":true,"href":"https:\/\/sarmiento24h.com\/index.php?rest_route=%2Fwp%2Fv2%2Fcomments&post=166680"}],"version-history":[{"count":0,"href":"https:\/\/sarmiento24h.com\/index.php?rest_route=\/wp\/v2\/posts\/166680\/revisions"}],"wp:featuredmedia":[{"embeddable":true,"href":"https:\/\/sarmiento24h.com\/index.php?rest_route=\/wp\/v2\/media\/166681"}],"wp:attachment":[{"href":"https:\/\/sarmiento24h.com\/index.php?rest_route=%2Fwp%2Fv2%2Fmedia&parent=166680"}],"wp:term":[{"taxonomy":"category","embeddable":true,"href":"https:\/\/sarmiento24h.com\/index.php?rest_route=%2Fwp%2Fv2%2Fcategories&post=166680"},{"taxonomy":"post_tag","embeddable":true,"href":"https:\/\/sarmiento24h.com\/index.php?rest_route=%2Fwp%2Fv2%2Ftags&post=166680"}],"curies":[{"name":"wp","href":"https:\/\/api.w.org\/{rel}","templated":true}]}}