{"id":166720,"date":"2026-04-30T12:58:15","date_gmt":"2026-04-30T12:58:15","guid":{"rendered":"http:\/\/almomento.net\/?p=1115781"},"modified":"2026-04-30T12:58:15","modified_gmt":"2026-04-30T12:58:15","slug":"celebran-actos-por-aniversario-intervencion-militar-eu-de-1965","status":"publish","type":"post","link":"https:\/\/sarmiento24h.com\/?p=166720","title":{"rendered":"Celebran actos por aniversario intervenci\u00f3n militar EU de 1965"},"content":{"rendered":"<p><span data-originalfontsize=\"14pt\" data-originalcomputedfontsize=\"18.666666\">SANTO DOMINGO.- Distintas entidades conmemoraron con diferentes actos este martes el 61.\u00b0 aniversario de la intervenci\u00f3n militar estadounidense del 28 de abril de 1965.<\/span><\/p>\n<p><span data-originalfontsize=\"14pt\" data-originalcomputedfontsize=\"18.666666\">El m\u00e1s significativo de ellos tuvo lugar en la explanada principal de <strong>la&nbsp; Universidad Aut\u00f3noma de Santo Domingo (UASD)<\/strong>, <\/span><span data-originalfontsize=\"14pt\" data-originalcomputedfontsize=\"18.666666\">encabezado por la vicerrectora de Extensi\u00f3n, Rosal\u00eda Sosa, quien pronunci\u00f3 un discurso en honor a los hombres y mujeres que participaron en los acontecimientos de abril de 1965, de los cuales resalt\u00f3 su lucha por la libertad y&nbsp; soberan\u00eda nacional.<\/span><\/p>\n<p><span data-originalfontsize=\"14pt\" data-originalcomputedfontsize=\"18.666666\"><img loading=\"lazy\" decoding=\"async\" class=\"alignleft size-medium wp-image-1115784\" src=\"https:\/\/almomento.net\/wp-content\/uploads\/2026\/04\/IMG_0205-300x241.jpeg\" alt width=\"300\" height=\"241\" srcset=\"https:\/\/almomento.net\/wp-content\/uploads\/2026\/04\/IMG_0205-300x241.jpeg 300w, https:\/\/almomento.net\/wp-content\/uploads\/2026\/04\/IMG_0205-118x95.jpeg 118w, https:\/\/almomento.net\/wp-content\/uploads\/2026\/04\/IMG_0205-312x250.jpeg 312w, https:\/\/almomento.net\/wp-content\/uploads\/2026\/04\/IMG_0205-274x220.jpeg 274w, https:\/\/almomento.net\/wp-content\/uploads\/2026\/04\/IMG_0205.jpeg 430w\" sizes=\"auto, (max-width: 300px) 100vw, 300px\"><\/span><\/p>\n<p><span data-originalfontsize=\"14pt\" data-originalcomputedfontsize=\"18.666666\"> Sosa destac\u00f3 que abril de 1965 represent\u00f3 m\u00e1s que un hecho hist\u00f3rico.&nbsp; Lo calific\u00f3 como \u201cun grito profundo, irreverente y valiente por el retorno a la constitucionalidad\u201d, proceso que tuvo como figura central al profesor Juan Bosch.<\/span><\/p>\n<p><span data-originalfontsize=\"14pt\" data-originalcomputedfontsize=\"18.666666\">Subray\u00f3 que el sacrificio de quienes participaron en la gesta no fue en vano, ya que sembr\u00f3 conciencia y fortaleci\u00f3 los valores democr\u00e1ticos en el pa\u00eds. <\/span><\/p>\n<p><span data-originalfontsize=\"14pt\" data-originalcomputedfontsize=\"18.666666\">Durante el acto, fueron izadas la bandera Nacional y de la UASD.&nbsp; Esta \u00faltima fue colocada a media asta como s\u00edmbolo del duelo universitario por los fallecidos durante esa&nbsp; fecha hist\u00f3rica. <\/span><\/p>\n<p><span data-originalfontsize=\"14pt\" data-originalcomputedfontsize=\"18.666666\">El exsecretario general de la academia, H\u00e9ctor Luis Mart\u00ednez, destac\u00f3 que la intervenci\u00f3n extranjera fue enfrentada con gallard\u00eda por la poblaci\u00f3n dominicana, que respondi\u00f3 de inmediato en defensa del honor y la dignidad del pa\u00eds.<\/span><\/p>\n<p><span data-originalfontsize=\"14pt\" data-originalcomputedfontsize=\"18.666666\">En la actividad estuvieron, adem\u00e1s de los mencionados, &nbsp;los exrectores de la UASD Roberto Reyna, Franklin Garc\u00eda Ferm\u00edn, Iv\u00e1n Grull\u00f3n as\u00ed como decanos, directores de escuelas, profesores, estudiantes y empleados.<\/span><\/p>\n<p><strong>ACTO PARTIDO DE LA LIBERACI\u00d3N DOMINICANA<\/strong><\/p>\n<p><span data-originalfontsize=\"14pt\" data-originalcomputedfontsize=\"18.666666\">El opositor Partido de la Liberaci\u00f3n Dominicana (PLD) tambi\u00e9n&nbsp; record\u00f3 el inicio de la segunda intervenci\u00f3n estadounidense en el pa\u00eds con un acto en su local principal, en esta capital, al que asistieron dirigentes de diferentes niveles de la organicaci\u00f3n.<\/span><\/p>\n<div class=\"heateor_sss_sharing_container heateor_sss_horizontal_sharing\" data-heateor-sss-href=\"https:\/\/almomento.net\/uasd-conmemora-el-61-aniversario-de-la-intervencion-militar-de-1965\/\" readability=\"7\">\n<p>Comp\u00e1rtelo en tus redes:<\/p>\n<\/div>\n<p> <!-- 468x60 --><br \/>\n<ins class=\"adsbygoogle\" data-ad-client=\"ca-pub-3511341636159665\" data-ad-slot=\"3538255450\"><\/ins> <!-- .entry-content --> <\/p>\n","protected":false},"excerpt":{"rendered":"<p>SANTO DOMINGO.- Distintas entidades conmemoraron con diferentes&#46;&#46;&#46;<\/p>\n","protected":false},"author":1,"featured_media":166721,"comment_status":"closed","ping_status":"closed","sticky":false,"template":"","format":"standard","meta":{"_jetpack_memberships_contains_paid_content":false,"footnotes":"","jetpack_publicize_message":"","jetpack_publicize_feature_enabled":true,"jetpack_social_post_already_shared":true,"jetpack_social_options":{"image_generator_settings":{"template":"highway","default_image_id":0,"font":"","enabled":false},"version":2}},"categories":[61],"tags":[],"class_list":["post-166720","post","type-post","status-publish","format-standard","has-post-thumbnail","hentry","category-politica"],"yoast_head":"<!-- This site is optimized with the Yoast SEO plugin v27.3 - https:\/\/yoast.com\/product\/yoast-seo-wordpress\/ -->\n<title>Celebran actos por aniversario intervenci\u00f3n militar EU de 1965 - Sarmiento24h<\/title>\n<meta name=\"robots\" content=\"index, follow, max-snippet:-1, max-image-preview:large, max-video-preview:-1\" \/>\n<link rel=\"canonical\" href=\"https:\/\/sarmiento24h.com\/?p=166720\" \/>\n<meta property=\"og:locale\" content=\"es_ES\" \/>\n<meta property=\"og:type\" content=\"article\" \/>\n<meta property=\"og:title\" content=\"Celebran actos por aniversario intervenci\u00f3n militar EU de 1965 - Sarmiento24h\" \/>\n<meta property=\"og:description\" content=\"SANTO DOMINGO.- Distintas entidades conmemoraron con diferentes&#046;&#046;&#046;\" \/>\n<meta property=\"og:url\" content=\"https:\/\/sarmiento24h.com\/?p=166720\" \/>\n<meta property=\"og:site_name\" content=\"Sarmiento24h\" \/>\n<meta property=\"article:publisher\" content=\"https:\/\/facebook.com\/s24hnoticias\" \/>\n<meta property=\"article:published_time\" content=\"2026-04-30T12:58:15+00:00\" \/>\n<meta name=\"author\" content=\"sarmiento24h@gmail.com\" \/>\n<meta name=\"twitter:card\" content=\"summary_large_image\" \/>\n<meta name=\"twitter:creator\" content=\"@sarmiento24h\" \/>\n<meta name=\"twitter:site\" content=\"@sarmiento24h\" \/>\n<meta name=\"twitter:label1\" content=\"Escrito por\" \/>\n\t<meta name=\"twitter:data1\" content=\"sarmiento24h@gmail.com\" \/>\n\t<meta name=\"twitter:label2\" content=\"Tiempo de lectura\" \/>\n\t<meta name=\"twitter:data2\" content=\"2 minutos\" \/>\n<script type=\"application\/ld+json\" class=\"yoast-schema-graph\">{\"@context\":\"https:\\\/\\\/schema.org\",\"@graph\":[{\"@type\":\"Article\",\"@id\":\"https:\\\/\\\/sarmiento24h.com\\\/?p=166720#article\",\"isPartOf\":{\"@id\":\"https:\\\/\\\/sarmiento24h.com\\\/?p=166720\"},\"author\":{\"name\":\"sarmiento24h@gmail.com\",\"@id\":\"https:\\\/\\\/sarmiento24h.com\\\/#\\\/schema\\\/person\\\/d653a59725ad629a7e0429af7b939d4d\"},\"headline\":\"Celebran actos por aniversario intervenci\u00f3n militar EU de 1965\",\"datePublished\":\"2026-04-30T12:58:15+00:00\",\"mainEntityOfPage\":{\"@id\":\"https:\\\/\\\/sarmiento24h.com\\\/?p=166720\"},\"wordCount\":334,\"publisher\":{\"@id\":\"https:\\\/\\\/sarmiento24h.com\\\/#organization\"},\"image\":{\"@id\":\"https:\\\/\\\/sarmiento24h.com\\\/?p=166720#primaryimage\"},\"thumbnailUrl\":\"https:\\\/\\\/sarmiento24h.com\\\/wp-content\\\/uploads\\\/2026\\\/04\\\/celebran-actos-por-aniversario-intervencion-militar-eu-de-1965.jpg\",\"articleSection\":[\"Politica\"],\"inLanguage\":\"es\"},{\"@type\":\"WebPage\",\"@id\":\"https:\\\/\\\/sarmiento24h.com\\\/?p=166720\",\"url\":\"https:\\\/\\\/sarmiento24h.com\\\/?p=166720\",\"name\":\"Celebran actos por aniversario intervenci\u00f3n militar EU de 1965 - Sarmiento24h\",\"isPartOf\":{\"@id\":\"https:\\\/\\\/sarmiento24h.com\\\/#website\"},\"primaryImageOfPage\":{\"@id\":\"https:\\\/\\\/sarmiento24h.com\\\/?p=166720#primaryimage\"},\"image\":{\"@id\":\"https:\\\/\\\/sarmiento24h.com\\\/?p=166720#primaryimage\"},\"thumbnailUrl\":\"https:\\\/\\\/sarmiento24h.com\\\/wp-content\\\/uploads\\\/2026\\\/04\\\/celebran-actos-por-aniversario-intervencion-militar-eu-de-1965.jpg\",\"datePublished\":\"2026-04-30T12:58:15+00:00\",\"breadcrumb\":{\"@id\":\"https:\\\/\\\/sarmiento24h.com\\\/?p=166720#breadcrumb\"},\"inLanguage\":\"es\",\"potentialAction\":[{\"@type\":\"ReadAction\",\"target\":[\"https:\\\/\\\/sarmiento24h.com\\\/?p=166720\"]}]},{\"@type\":\"ImageObject\",\"inLanguage\":\"es\",\"@id\":\"https:\\\/\\\/sarmiento24h.com\\\/?p=166720#primaryimage\",\"url\":\"https:\\\/\\\/sarmiento24h.com\\\/wp-content\\\/uploads\\\/2026\\\/04\\\/celebran-actos-por-aniversario-intervencion-militar-eu-de-1965.jpg\",\"contentUrl\":\"https:\\\/\\\/sarmiento24h.com\\\/wp-content\\\/uploads\\\/2026\\\/04\\\/celebran-actos-por-aniversario-intervencion-militar-eu-de-1965.jpg\",\"width\":300,\"height\":241},{\"@type\":\"BreadcrumbList\",\"@id\":\"https:\\\/\\\/sarmiento24h.com\\\/?p=166720#breadcrumb\",\"itemListElement\":[{\"@type\":\"ListItem\",\"position\":1,\"name\":\"Home\",\"item\":\"https:\\\/\\\/sarmiento24h.com\\\/\"},{\"@type\":\"ListItem\",\"position\":2,\"name\":\"Celebran actos por aniversario intervenci\u00f3n militar EU de 1965\"}]},{\"@type\":\"WebSite\",\"@id\":\"https:\\\/\\\/sarmiento24h.com\\\/#website\",\"url\":\"https:\\\/\\\/sarmiento24h.com\\\/\",\"name\":\"Sarmiento24h\",\"description\":\"\",\"publisher\":{\"@id\":\"https:\\\/\\\/sarmiento24h.com\\\/#organization\"},\"potentialAction\":[{\"@type\":\"SearchAction\",\"target\":{\"@type\":\"EntryPoint\",\"urlTemplate\":\"https:\\\/\\\/sarmiento24h.com\\\/?s={search_term_string}\"},\"query-input\":{\"@type\":\"PropertyValueSpecification\",\"valueRequired\":true,\"valueName\":\"search_term_string\"}}],\"inLanguage\":\"es\"},{\"@type\":\"Organization\",\"@id\":\"https:\\\/\\\/sarmiento24h.com\\\/#organization\",\"name\":\"Sarmiento24h\",\"url\":\"https:\\\/\\\/sarmiento24h.com\\\/\",\"logo\":{\"@type\":\"ImageObject\",\"inLanguage\":\"es\",\"@id\":\"https:\\\/\\\/sarmiento24h.com\\\/#\\\/schema\\\/logo\\\/image\\\/\",\"url\":\"https:\\\/\\\/sarmiento24h.com\\\/wp-content\\\/uploads\\\/2025\\\/12\\\/AddText_12-16-10.30.52.jpg\",\"contentUrl\":\"https:\\\/\\\/sarmiento24h.com\\\/wp-content\\\/uploads\\\/2025\\\/12\\\/AddText_12-16-10.30.52.jpg\",\"width\":1220,\"height\":324,\"caption\":\"Sarmiento24h\"},\"image\":{\"@id\":\"https:\\\/\\\/sarmiento24h.com\\\/#\\\/schema\\\/logo\\\/image\\\/\"},\"sameAs\":[\"https:\\\/\\\/facebook.com\\\/s24hnoticias\",\"https:\\\/\\\/x.com\\\/sarmiento24h\"]},{\"@type\":\"Person\",\"@id\":\"https:\\\/\\\/sarmiento24h.com\\\/#\\\/schema\\\/person\\\/d653a59725ad629a7e0429af7b939d4d\",\"name\":\"sarmiento24h@gmail.com\",\"image\":{\"@type\":\"ImageObject\",\"inLanguage\":\"es\",\"@id\":\"https:\\\/\\\/sarmiento24h.com\\\/wp-content\\\/litespeed\\\/avatar\\\/d02cbc4e23c747e6659cd45907173c8f.jpg?ver=1777157796\",\"url\":\"https:\\\/\\\/sarmiento24h.com\\\/wp-content\\\/litespeed\\\/avatar\\\/d02cbc4e23c747e6659cd45907173c8f.jpg?ver=1777157796\",\"contentUrl\":\"https:\\\/\\\/sarmiento24h.com\\\/wp-content\\\/litespeed\\\/avatar\\\/d02cbc4e23c747e6659cd45907173c8f.jpg?ver=1777157796\",\"caption\":\"sarmiento24h@gmail.com\"},\"sameAs\":[\"https:\\\/\\\/sarmiento24h.com\"],\"url\":\"https:\\\/\\\/sarmiento24h.com\\\/?author=1\"}]}<\/script>\n<!-- \/ Yoast SEO plugin. -->","yoast_head_json":{"title":"Celebran actos por aniversario intervenci\u00f3n militar EU de 1965 - Sarmiento24h","robots":{"index":"index","follow":"follow","max-snippet":"max-snippet:-1","max-image-preview":"max-image-preview:large","max-video-preview":"max-video-preview:-1"},"canonical":"https:\/\/sarmiento24h.com\/?p=166720","og_locale":"es_ES","og_type":"article","og_title":"Celebran actos por aniversario intervenci\u00f3n militar EU de 1965 - Sarmiento24h","og_description":"SANTO DOMINGO.- Distintas entidades conmemoraron con diferentes&#46;&#46;&#46;","og_url":"https:\/\/sarmiento24h.com\/?p=166720","og_site_name":"Sarmiento24h","article_publisher":"https:\/\/facebook.com\/s24hnoticias","article_published_time":"2026-04-30T12:58:15+00:00","author":"sarmiento24h@gmail.com","twitter_card":"summary_large_image","twitter_creator":"@sarmiento24h","twitter_site":"@sarmiento24h","twitter_misc":{"Escrito por":"sarmiento24h@gmail.com","Tiempo de lectura":"2 minutos"},"schema":{"@context":"https:\/\/schema.org","@graph":[{"@type":"Article","@id":"https:\/\/sarmiento24h.com\/?p=166720#article","isPartOf":{"@id":"https:\/\/sarmiento24h.com\/?p=166720"},"author":{"name":"sarmiento24h@gmail.com","@id":"https:\/\/sarmiento24h.com\/#\/schema\/person\/d653a59725ad629a7e0429af7b939d4d"},"headline":"Celebran actos por aniversario intervenci\u00f3n militar EU de 1965","datePublished":"2026-04-30T12:58:15+00:00","mainEntityOfPage":{"@id":"https:\/\/sarmiento24h.com\/?p=166720"},"wordCount":334,"publisher":{"@id":"https:\/\/sarmiento24h.com\/#organization"},"image":{"@id":"https:\/\/sarmiento24h.com\/?p=166720#primaryimage"},"thumbnailUrl":"https:\/\/sarmiento24h.com\/wp-content\/uploads\/2026\/04\/celebran-actos-por-aniversario-intervencion-militar-eu-de-1965.jpg","articleSection":["Politica"],"inLanguage":"es"},{"@type":"WebPage","@id":"https:\/\/sarmiento24h.com\/?p=166720","url":"https:\/\/sarmiento24h.com\/?p=166720","name":"Celebran actos por aniversario intervenci\u00f3n militar EU de 1965 - Sarmiento24h","isPartOf":{"@id":"https:\/\/sarmiento24h.com\/#website"},"primaryImageOfPage":{"@id":"https:\/\/sarmiento24h.com\/?p=166720#primaryimage"},"image":{"@id":"https:\/\/sarmiento24h.com\/?p=166720#primaryimage"},"thumbnailUrl":"https:\/\/sarmiento24h.com\/wp-content\/uploads\/2026\/04\/celebran-actos-por-aniversario-intervencion-militar-eu-de-1965.jpg","datePublished":"2026-04-30T12:58:15+00:00","breadcrumb":{"@id":"https:\/\/sarmiento24h.com\/?p=166720#breadcrumb"},"inLanguage":"es","potentialAction":[{"@type":"ReadAction","target":["https:\/\/sarmiento24h.com\/?p=166720"]}]},{"@type":"ImageObject","inLanguage":"es","@id":"https:\/\/sarmiento24h.com\/?p=166720#primaryimage","url":"https:\/\/sarmiento24h.com\/wp-content\/uploads\/2026\/04\/celebran-actos-por-aniversario-intervencion-militar-eu-de-1965.jpg","contentUrl":"https:\/\/sarmiento24h.com\/wp-content\/uploads\/2026\/04\/celebran-actos-por-aniversario-intervencion-militar-eu-de-1965.jpg","width":300,"height":241},{"@type":"BreadcrumbList","@id":"https:\/\/sarmiento24h.com\/?p=166720#breadcrumb","itemListElement":[{"@type":"ListItem","position":1,"name":"Home","item":"https:\/\/sarmiento24h.com\/"},{"@type":"ListItem","position":2,"name":"Celebran actos por aniversario intervenci\u00f3n militar EU de 1965"}]},{"@type":"WebSite","@id":"https:\/\/sarmiento24h.com\/#website","url":"https:\/\/sarmiento24h.com\/","name":"Sarmiento24h","description":"","publisher":{"@id":"https:\/\/sarmiento24h.com\/#organization"},"potentialAction":[{"@type":"SearchAction","target":{"@type":"EntryPoint","urlTemplate":"https:\/\/sarmiento24h.com\/?s={search_term_string}"},"query-input":{"@type":"PropertyValueSpecification","valueRequired":true,"valueName":"search_term_string"}}],"inLanguage":"es"},{"@type":"Organization","@id":"https:\/\/sarmiento24h.com\/#organization","name":"Sarmiento24h","url":"https:\/\/sarmiento24h.com\/","logo":{"@type":"ImageObject","inLanguage":"es","@id":"https:\/\/sarmiento24h.com\/#\/schema\/logo\/image\/","url":"https:\/\/sarmiento24h.com\/wp-content\/uploads\/2025\/12\/AddText_12-16-10.30.52.jpg","contentUrl":"https:\/\/sarmiento24h.com\/wp-content\/uploads\/2025\/12\/AddText_12-16-10.30.52.jpg","width":1220,"height":324,"caption":"Sarmiento24h"},"image":{"@id":"https:\/\/sarmiento24h.com\/#\/schema\/logo\/image\/"},"sameAs":["https:\/\/facebook.com\/s24hnoticias","https:\/\/x.com\/sarmiento24h"]},{"@type":"Person","@id":"https:\/\/sarmiento24h.com\/#\/schema\/person\/d653a59725ad629a7e0429af7b939d4d","name":"sarmiento24h@gmail.com","image":{"@type":"ImageObject","inLanguage":"es","@id":"https:\/\/sarmiento24h.com\/wp-content\/litespeed\/avatar\/d02cbc4e23c747e6659cd45907173c8f.jpg?ver=1777157796","url":"https:\/\/sarmiento24h.com\/wp-content\/litespeed\/avatar\/d02cbc4e23c747e6659cd45907173c8f.jpg?ver=1777157796","contentUrl":"https:\/\/sarmiento24h.com\/wp-content\/litespeed\/avatar\/d02cbc4e23c747e6659cd45907173c8f.jpg?ver=1777157796","caption":"sarmiento24h@gmail.com"},"sameAs":["https:\/\/sarmiento24h.com"],"url":"https:\/\/sarmiento24h.com\/?author=1"}]}},"jetpack_publicize_connections":[],"jetpack_featured_media_url":"https:\/\/sarmiento24h.com\/wp-content\/uploads\/2026\/04\/celebran-actos-por-aniversario-intervencion-militar-eu-de-1965.jpg","jetpack_sharing_enabled":true,"_links":{"self":[{"href":"https:\/\/sarmiento24h.com\/index.php?rest_route=\/wp\/v2\/posts\/166720","targetHints":{"allow":["GET"]}}],"collection":[{"href":"https:\/\/sarmiento24h.com\/index.php?rest_route=\/wp\/v2\/posts"}],"about":[{"href":"https:\/\/sarmiento24h.com\/index.php?rest_route=\/wp\/v2\/types\/post"}],"author":[{"embeddable":true,"href":"https:\/\/sarmiento24h.com\/index.php?rest_route=\/wp\/v2\/users\/1"}],"replies":[{"embeddable":true,"href":"https:\/\/sarmiento24h.com\/index.php?rest_route=%2Fwp%2Fv2%2Fcomments&post=166720"}],"version-history":[{"count":0,"href":"https:\/\/sarmiento24h.com\/index.php?rest_route=\/wp\/v2\/posts\/166720\/revisions"}],"wp:featuredmedia":[{"embeddable":true,"href":"https:\/\/sarmiento24h.com\/index.php?rest_route=\/wp\/v2\/media\/166721"}],"wp:attachment":[{"href":"https:\/\/sarmiento24h.com\/index.php?rest_route=%2Fwp%2Fv2%2Fmedia&parent=166720"}],"wp:term":[{"taxonomy":"category","embeddable":true,"href":"https:\/\/sarmiento24h.com\/index.php?rest_route=%2Fwp%2Fv2%2Fcategories&post=166720"},{"taxonomy":"post_tag","embeddable":true,"href":"https:\/\/sarmiento24h.com\/index.php?rest_route=%2Fwp%2Fv2%2Ftags&post=166720"}],"curies":[{"name":"wp","href":"https:\/\/api.w.org\/{rel}","templated":true}]}}