{"id":166774,"date":"2026-04-30T13:27:42","date_gmt":"2026-04-30T13:27:42","guid":{"rendered":"https:\/\/diariodigitalrd.com\/?p=701722"},"modified":"2026-04-30T13:27:42","modified_gmt":"2026-04-30T13:27:42","slug":"valdez-albizu-encabeza-entrega-de-premios-a-jovenes-economistas","status":"publish","type":"post","link":"https:\/\/sarmiento24h.com\/?p=166774","title":{"rendered":"Valdez Albizu encabeza entrega de premios a j\u00f3venes economistas"},"content":{"rendered":"<h2 class=\"wp-block-heading\">Competencia estudiantil impulsa inter\u00e9s en econom\u00eda nacional<\/h2>\n<p class=\"has-drop-cap has-medium-font-size\"><strong>Santo Domingo.<\/strong> \u2014 Con una participaci\u00f3n que sigue creciendo a\u00f1o tras a\u00f1o, el Banco Central de la Rep\u00fablica Dominicana celebr\u00f3 la premiaci\u00f3n de la d\u00e9cima tercera edici\u00f3n de la competencia acad\u00e9mica \u201cEconomistas del Futuro\u201d, un espacio que ya se ha convertido en referencia para estudiantes de secundaria interesados en la econom\u00eda.<\/p>\n<p><strong>El acto estuvo encabezado por el gobernador H\u00e9ctor Valdez Albizu, <\/strong>quien resalt\u00f3 el alcance que ha logrado el certamen desde su creaci\u00f3n. En total, 1,491 estudiantes de 497 centros educativos p\u00fablicos y privados han pasado por esta iniciativa, lo que refleja, seg\u00fan dijo, un inter\u00e9s cada vez mayor por comprender c\u00f3mo funcionan las finanzas y su impacto en la vida cotidiana.<\/p>\n<figure class=\"wp-block-image size-large\"><img loading=\"lazy\" decoding=\"async\" width=\"1024\" height=\"683\" src=\"https:\/\/diariodigitalrd.b-cdn.net\/2026\/04\/ValdezAlbizu-1024x683.jpg\" alt class=\"wp-image-701723\" srcset=\"https:\/\/diariodigitalrd.b-cdn.net\/2026\/04\/ValdezAlbizu-1024x683.jpg 1024w, https:\/\/diariodigitalrd.b-cdn.net\/2026\/04\/ValdezAlbizu-300x200.jpg 300w, https:\/\/diariodigitalrd.b-cdn.net\/2026\/04\/ValdezAlbizu-768x512.jpg 768w, https:\/\/diariodigitalrd.b-cdn.net\/2026\/04\/ValdezAlbizu-1536x1024.jpg 1536w, https:\/\/diariodigitalrd.b-cdn.net\/2026\/04\/ValdezAlbizu-2048x1365.jpg 2048w\" sizes=\"auto, (max-width: 1024px) 100vw, 1024px\"><figcaption class=\"wp-element-caption\">H\u00e9ctor Valdez Albizu, gobernador del Banco Central de Rep\u00fablica Dominicana.<br \/><\/figcaption><\/figure>\n<p>En esta edici\u00f3n, el tema central gir\u00f3 en torno a la relaci\u00f3n entre educaci\u00f3n y desarrollo econ\u00f3mico. Los participantes presentaron propuestas bajo el enfoque \u201cEstudiar para crecer: \u00bfC\u00f3mo la educaci\u00f3n impulsa el desarrollo econ\u00f3mico?\u201d, abordando el tema desde distintas perspectivas, muchas de ellas con un enfoque pr\u00e1ctico y cercano a la realidad del pa\u00eds.<\/p>\n<p class=\"has-medium-font-size\">Durante su intervenci\u00f3n, Valdez Albizu destac\u00f3 que este a\u00f1o se recibi\u00f3 la mayor cantidad de trabajos desde que inici\u00f3 la competencia, con 62 propuestas. Pero m\u00e1s all\u00e1 de la cifra, subray\u00f3 un cambio que considera significativo: el aumento de equipos provenientes de centros p\u00fablicos y de provincias fuera del Gran Santo Domingo.<\/p>\n<p>A su juicio, ese dato no es menor. Indica que el acceso a la educaci\u00f3n econ\u00f3mica comienza a distribuirse con mayor equidad. \u201cEsto es un paso firme hacia la inclusi\u00f3n financiera\u201d, expres\u00f3, al tiempo que insisti\u00f3 en que el conocimiento en estas \u00e1reas no debe limitarse por ubicaci\u00f3n geogr\u00e1fica o nivel socioecon\u00f3mico.<\/p>\n<p class=\"has-medium-font-size\">La competencia forma parte del programa Aula Central, una iniciativa del Banco Central orientada a fomentar la educaci\u00f3n econ\u00f3mica y financiera entre j\u00f3venes. La idea, en esencia, es sembrar inquietudes desde temprano y preparar a futuros profesionales con herramientas m\u00e1s s\u00f3lidas para enfrentar el mundo laboral.<\/p>\n<p>En cuanto a los resultados, el primer lugar fue otorgado al Instituto Salesiano Don Bosco. Su equipo, integrado por tres estudiantes, se destac\u00f3 por la claridad de su propuesta y por el manejo del tema. Como premio, cada integrante recibi\u00f3 una computadora port\u00e1til, mientras que el docente asesor recibi\u00f3 un incentivo econ\u00f3mico.<\/p>\n<p>El segundo puesto recay\u00f3 en el Colegio San Judas Tadeo, cuyos estudiantes tambi\u00e9n mostraron un alto nivel de an\u00e1lisis. En tanto, el tercer lugar fue para el International School of Santo Domingo. Adem\u00e1s, el Colegio Triumphare obtuvo una menci\u00f3n de honor.<\/p>\n<p class=\"has-medium-font-size\">El jurado, compuesto por t\u00e9cnicos y especialistas del Banco Central, valor\u00f3 especialmente la calidad de las investigaciones. As\u00ed lo expres\u00f3 Patricia P\u00e9rez, quien habl\u00f3 en nombre del equipo evaluador y resalt\u00f3 tanto la profundidad de los trabajos como la creatividad en las presentaciones.<\/p>\n<p>En representaci\u00f3n de los estudiantes, uno de los ganadores tom\u00f3 la palabra para agradecer la oportunidad. Su mensaje fue breve, pero dej\u00f3 claro el impacto de este tipo de iniciativas en la formaci\u00f3n de los j\u00f3venes.<\/p>\n<p>El evento cerr\u00f3 con la presencia de autoridades del Banco Central, familiares y representantes de los centros educativos, en un ambiente que combin\u00f3 formalidad con entusiasmo. Una se\u00f1al de que, m\u00e1s all\u00e1 de los premios, lo que se est\u00e1 construyendo es una nueva generaci\u00f3n interesada en entender y aportar al desarrollo econ\u00f3mico del pa\u00eds.<\/p>\n","protected":false},"excerpt":{"rendered":"<p>Competencia estudiantil impulsa inter\u00e9s en econom\u00eda nacional&#46;&#46;&#46;<\/p>\n","protected":false},"author":1,"featured_media":166775,"comment_status":"closed","ping_status":"closed","sticky":false,"template":"","format":"standard","meta":{"_jetpack_memberships_contains_paid_content":false,"footnotes":"","jetpack_publicize_message":"","jetpack_publicize_feature_enabled":true,"jetpack_social_post_already_shared":true,"jetpack_social_options":{"image_generator_settings":{"template":"highway","default_image_id":0,"font":"","enabled":false},"version":2}},"categories":[60],"tags":[],"class_list":["post-166774","post","type-post","status-publish","format-standard","has-post-thumbnail","hentry","category-economicas"],"yoast_head":"<!-- This site is optimized with the Yoast SEO plugin v27.3 - https:\/\/yoast.com\/product\/yoast-seo-wordpress\/ -->\n<title>Valdez Albizu encabeza entrega de premios a j\u00f3venes economistas - Sarmiento24h<\/title>\n<meta name=\"robots\" content=\"index, follow, max-snippet:-1, max-image-preview:large, max-video-preview:-1\" \/>\n<link rel=\"canonical\" href=\"https:\/\/sarmiento24h.com\/?p=166774\" \/>\n<meta property=\"og:locale\" content=\"es_ES\" \/>\n<meta property=\"og:type\" content=\"article\" \/>\n<meta property=\"og:title\" content=\"Valdez Albizu encabeza entrega de premios a j\u00f3venes economistas - Sarmiento24h\" \/>\n<meta property=\"og:description\" content=\"Competencia estudiantil impulsa inter\u00e9s en econom\u00eda nacional&#046;&#046;&#046;\" \/>\n<meta property=\"og:url\" content=\"https:\/\/sarmiento24h.com\/?p=166774\" \/>\n<meta property=\"og:site_name\" content=\"Sarmiento24h\" \/>\n<meta property=\"article:publisher\" content=\"https:\/\/facebook.com\/s24hnoticias\" \/>\n<meta property=\"article:published_time\" content=\"2026-04-30T13:27:42+00:00\" \/>\n<meta name=\"author\" content=\"sarmiento24h@gmail.com\" \/>\n<meta name=\"twitter:card\" content=\"summary_large_image\" \/>\n<meta name=\"twitter:creator\" content=\"@sarmiento24h\" \/>\n<meta name=\"twitter:site\" content=\"@sarmiento24h\" \/>\n<meta name=\"twitter:label1\" content=\"Escrito por\" \/>\n\t<meta name=\"twitter:data1\" content=\"sarmiento24h@gmail.com\" \/>\n\t<meta name=\"twitter:label2\" content=\"Tiempo de lectura\" \/>\n\t<meta name=\"twitter:data2\" content=\"3 minutos\" \/>\n<script type=\"application\/ld+json\" class=\"yoast-schema-graph\">{\"@context\":\"https:\\\/\\\/schema.org\",\"@graph\":[{\"@type\":\"Article\",\"@id\":\"https:\\\/\\\/sarmiento24h.com\\\/?p=166774#article\",\"isPartOf\":{\"@id\":\"https:\\\/\\\/sarmiento24h.com\\\/?p=166774\"},\"author\":{\"name\":\"sarmiento24h@gmail.com\",\"@id\":\"https:\\\/\\\/sarmiento24h.com\\\/#\\\/schema\\\/person\\\/d653a59725ad629a7e0429af7b939d4d\"},\"headline\":\"Valdez Albizu encabeza entrega de premios a j\u00f3venes economistas\",\"datePublished\":\"2026-04-30T13:27:42+00:00\",\"mainEntityOfPage\":{\"@id\":\"https:\\\/\\\/sarmiento24h.com\\\/?p=166774\"},\"wordCount\":624,\"publisher\":{\"@id\":\"https:\\\/\\\/sarmiento24h.com\\\/#organization\"},\"image\":{\"@id\":\"https:\\\/\\\/sarmiento24h.com\\\/?p=166774#primaryimage\"},\"thumbnailUrl\":\"https:\\\/\\\/sarmiento24h.com\\\/wp-content\\\/uploads\\\/2026\\\/04\\\/valdez-albizu-encabeza-entrega-de-premios-a-jovenes-economistas.jpg\",\"articleSection\":[\"Economicas\"],\"inLanguage\":\"es\"},{\"@type\":\"WebPage\",\"@id\":\"https:\\\/\\\/sarmiento24h.com\\\/?p=166774\",\"url\":\"https:\\\/\\\/sarmiento24h.com\\\/?p=166774\",\"name\":\"Valdez Albizu encabeza entrega de premios a j\u00f3venes economistas - Sarmiento24h\",\"isPartOf\":{\"@id\":\"https:\\\/\\\/sarmiento24h.com\\\/#website\"},\"primaryImageOfPage\":{\"@id\":\"https:\\\/\\\/sarmiento24h.com\\\/?p=166774#primaryimage\"},\"image\":{\"@id\":\"https:\\\/\\\/sarmiento24h.com\\\/?p=166774#primaryimage\"},\"thumbnailUrl\":\"https:\\\/\\\/sarmiento24h.com\\\/wp-content\\\/uploads\\\/2026\\\/04\\\/valdez-albizu-encabeza-entrega-de-premios-a-jovenes-economistas.jpg\",\"datePublished\":\"2026-04-30T13:27:42+00:00\",\"breadcrumb\":{\"@id\":\"https:\\\/\\\/sarmiento24h.com\\\/?p=166774#breadcrumb\"},\"inLanguage\":\"es\",\"potentialAction\":[{\"@type\":\"ReadAction\",\"target\":[\"https:\\\/\\\/sarmiento24h.com\\\/?p=166774\"]}]},{\"@type\":\"ImageObject\",\"inLanguage\":\"es\",\"@id\":\"https:\\\/\\\/sarmiento24h.com\\\/?p=166774#primaryimage\",\"url\":\"https:\\\/\\\/sarmiento24h.com\\\/wp-content\\\/uploads\\\/2026\\\/04\\\/valdez-albizu-encabeza-entrega-de-premios-a-jovenes-economistas.jpg\",\"contentUrl\":\"https:\\\/\\\/sarmiento24h.com\\\/wp-content\\\/uploads\\\/2026\\\/04\\\/valdez-albizu-encabeza-entrega-de-premios-a-jovenes-economistas.jpg\",\"width\":1024,\"height\":683},{\"@type\":\"BreadcrumbList\",\"@id\":\"https:\\\/\\\/sarmiento24h.com\\\/?p=166774#breadcrumb\",\"itemListElement\":[{\"@type\":\"ListItem\",\"position\":1,\"name\":\"Home\",\"item\":\"https:\\\/\\\/sarmiento24h.com\\\/\"},{\"@type\":\"ListItem\",\"position\":2,\"name\":\"Valdez Albizu encabeza entrega de premios a j\u00f3venes economistas\"}]},{\"@type\":\"WebSite\",\"@id\":\"https:\\\/\\\/sarmiento24h.com\\\/#website\",\"url\":\"https:\\\/\\\/sarmiento24h.com\\\/\",\"name\":\"Sarmiento24h\",\"description\":\"\",\"publisher\":{\"@id\":\"https:\\\/\\\/sarmiento24h.com\\\/#organization\"},\"potentialAction\":[{\"@type\":\"SearchAction\",\"target\":{\"@type\":\"EntryPoint\",\"urlTemplate\":\"https:\\\/\\\/sarmiento24h.com\\\/?s={search_term_string}\"},\"query-input\":{\"@type\":\"PropertyValueSpecification\",\"valueRequired\":true,\"valueName\":\"search_term_string\"}}],\"inLanguage\":\"es\"},{\"@type\":\"Organization\",\"@id\":\"https:\\\/\\\/sarmiento24h.com\\\/#organization\",\"name\":\"Sarmiento24h\",\"url\":\"https:\\\/\\\/sarmiento24h.com\\\/\",\"logo\":{\"@type\":\"ImageObject\",\"inLanguage\":\"es\",\"@id\":\"https:\\\/\\\/sarmiento24h.com\\\/#\\\/schema\\\/logo\\\/image\\\/\",\"url\":\"https:\\\/\\\/sarmiento24h.com\\\/wp-content\\\/uploads\\\/2025\\\/12\\\/AddText_12-16-10.30.52.jpg\",\"contentUrl\":\"https:\\\/\\\/sarmiento24h.com\\\/wp-content\\\/uploads\\\/2025\\\/12\\\/AddText_12-16-10.30.52.jpg\",\"width\":1220,\"height\":324,\"caption\":\"Sarmiento24h\"},\"image\":{\"@id\":\"https:\\\/\\\/sarmiento24h.com\\\/#\\\/schema\\\/logo\\\/image\\\/\"},\"sameAs\":[\"https:\\\/\\\/facebook.com\\\/s24hnoticias\",\"https:\\\/\\\/x.com\\\/sarmiento24h\"]},{\"@type\":\"Person\",\"@id\":\"https:\\\/\\\/sarmiento24h.com\\\/#\\\/schema\\\/person\\\/d653a59725ad629a7e0429af7b939d4d\",\"name\":\"sarmiento24h@gmail.com\",\"image\":{\"@type\":\"ImageObject\",\"inLanguage\":\"es\",\"@id\":\"https:\\\/\\\/sarmiento24h.com\\\/wp-content\\\/litespeed\\\/avatar\\\/d02cbc4e23c747e6659cd45907173c8f.jpg?ver=1777157796\",\"url\":\"https:\\\/\\\/sarmiento24h.com\\\/wp-content\\\/litespeed\\\/avatar\\\/d02cbc4e23c747e6659cd45907173c8f.jpg?ver=1777157796\",\"contentUrl\":\"https:\\\/\\\/sarmiento24h.com\\\/wp-content\\\/litespeed\\\/avatar\\\/d02cbc4e23c747e6659cd45907173c8f.jpg?ver=1777157796\",\"caption\":\"sarmiento24h@gmail.com\"},\"sameAs\":[\"https:\\\/\\\/sarmiento24h.com\"],\"url\":\"https:\\\/\\\/sarmiento24h.com\\\/?author=1\"}]}<\/script>\n<!-- \/ Yoast SEO plugin. -->","yoast_head_json":{"title":"Valdez Albizu encabeza entrega de premios a j\u00f3venes economistas - Sarmiento24h","robots":{"index":"index","follow":"follow","max-snippet":"max-snippet:-1","max-image-preview":"max-image-preview:large","max-video-preview":"max-video-preview:-1"},"canonical":"https:\/\/sarmiento24h.com\/?p=166774","og_locale":"es_ES","og_type":"article","og_title":"Valdez Albizu encabeza entrega de premios a j\u00f3venes economistas - Sarmiento24h","og_description":"Competencia estudiantil impulsa inter\u00e9s en econom\u00eda nacional&#46;&#46;&#46;","og_url":"https:\/\/sarmiento24h.com\/?p=166774","og_site_name":"Sarmiento24h","article_publisher":"https:\/\/facebook.com\/s24hnoticias","article_published_time":"2026-04-30T13:27:42+00:00","author":"sarmiento24h@gmail.com","twitter_card":"summary_large_image","twitter_creator":"@sarmiento24h","twitter_site":"@sarmiento24h","twitter_misc":{"Escrito por":"sarmiento24h@gmail.com","Tiempo de lectura":"3 minutos"},"schema":{"@context":"https:\/\/schema.org","@graph":[{"@type":"Article","@id":"https:\/\/sarmiento24h.com\/?p=166774#article","isPartOf":{"@id":"https:\/\/sarmiento24h.com\/?p=166774"},"author":{"name":"sarmiento24h@gmail.com","@id":"https:\/\/sarmiento24h.com\/#\/schema\/person\/d653a59725ad629a7e0429af7b939d4d"},"headline":"Valdez Albizu encabeza entrega de premios a j\u00f3venes economistas","datePublished":"2026-04-30T13:27:42+00:00","mainEntityOfPage":{"@id":"https:\/\/sarmiento24h.com\/?p=166774"},"wordCount":624,"publisher":{"@id":"https:\/\/sarmiento24h.com\/#organization"},"image":{"@id":"https:\/\/sarmiento24h.com\/?p=166774#primaryimage"},"thumbnailUrl":"https:\/\/sarmiento24h.com\/wp-content\/uploads\/2026\/04\/valdez-albizu-encabeza-entrega-de-premios-a-jovenes-economistas.jpg","articleSection":["Economicas"],"inLanguage":"es"},{"@type":"WebPage","@id":"https:\/\/sarmiento24h.com\/?p=166774","url":"https:\/\/sarmiento24h.com\/?p=166774","name":"Valdez Albizu encabeza entrega de premios a j\u00f3venes economistas - Sarmiento24h","isPartOf":{"@id":"https:\/\/sarmiento24h.com\/#website"},"primaryImageOfPage":{"@id":"https:\/\/sarmiento24h.com\/?p=166774#primaryimage"},"image":{"@id":"https:\/\/sarmiento24h.com\/?p=166774#primaryimage"},"thumbnailUrl":"https:\/\/sarmiento24h.com\/wp-content\/uploads\/2026\/04\/valdez-albizu-encabeza-entrega-de-premios-a-jovenes-economistas.jpg","datePublished":"2026-04-30T13:27:42+00:00","breadcrumb":{"@id":"https:\/\/sarmiento24h.com\/?p=166774#breadcrumb"},"inLanguage":"es","potentialAction":[{"@type":"ReadAction","target":["https:\/\/sarmiento24h.com\/?p=166774"]}]},{"@type":"ImageObject","inLanguage":"es","@id":"https:\/\/sarmiento24h.com\/?p=166774#primaryimage","url":"https:\/\/sarmiento24h.com\/wp-content\/uploads\/2026\/04\/valdez-albizu-encabeza-entrega-de-premios-a-jovenes-economistas.jpg","contentUrl":"https:\/\/sarmiento24h.com\/wp-content\/uploads\/2026\/04\/valdez-albizu-encabeza-entrega-de-premios-a-jovenes-economistas.jpg","width":1024,"height":683},{"@type":"BreadcrumbList","@id":"https:\/\/sarmiento24h.com\/?p=166774#breadcrumb","itemListElement":[{"@type":"ListItem","position":1,"name":"Home","item":"https:\/\/sarmiento24h.com\/"},{"@type":"ListItem","position":2,"name":"Valdez Albizu encabeza entrega de premios a j\u00f3venes economistas"}]},{"@type":"WebSite","@id":"https:\/\/sarmiento24h.com\/#website","url":"https:\/\/sarmiento24h.com\/","name":"Sarmiento24h","description":"","publisher":{"@id":"https:\/\/sarmiento24h.com\/#organization"},"potentialAction":[{"@type":"SearchAction","target":{"@type":"EntryPoint","urlTemplate":"https:\/\/sarmiento24h.com\/?s={search_term_string}"},"query-input":{"@type":"PropertyValueSpecification","valueRequired":true,"valueName":"search_term_string"}}],"inLanguage":"es"},{"@type":"Organization","@id":"https:\/\/sarmiento24h.com\/#organization","name":"Sarmiento24h","url":"https:\/\/sarmiento24h.com\/","logo":{"@type":"ImageObject","inLanguage":"es","@id":"https:\/\/sarmiento24h.com\/#\/schema\/logo\/image\/","url":"https:\/\/sarmiento24h.com\/wp-content\/uploads\/2025\/12\/AddText_12-16-10.30.52.jpg","contentUrl":"https:\/\/sarmiento24h.com\/wp-content\/uploads\/2025\/12\/AddText_12-16-10.30.52.jpg","width":1220,"height":324,"caption":"Sarmiento24h"},"image":{"@id":"https:\/\/sarmiento24h.com\/#\/schema\/logo\/image\/"},"sameAs":["https:\/\/facebook.com\/s24hnoticias","https:\/\/x.com\/sarmiento24h"]},{"@type":"Person","@id":"https:\/\/sarmiento24h.com\/#\/schema\/person\/d653a59725ad629a7e0429af7b939d4d","name":"sarmiento24h@gmail.com","image":{"@type":"ImageObject","inLanguage":"es","@id":"https:\/\/sarmiento24h.com\/wp-content\/litespeed\/avatar\/d02cbc4e23c747e6659cd45907173c8f.jpg?ver=1777157796","url":"https:\/\/sarmiento24h.com\/wp-content\/litespeed\/avatar\/d02cbc4e23c747e6659cd45907173c8f.jpg?ver=1777157796","contentUrl":"https:\/\/sarmiento24h.com\/wp-content\/litespeed\/avatar\/d02cbc4e23c747e6659cd45907173c8f.jpg?ver=1777157796","caption":"sarmiento24h@gmail.com"},"sameAs":["https:\/\/sarmiento24h.com"],"url":"https:\/\/sarmiento24h.com\/?author=1"}]}},"jetpack_publicize_connections":[],"jetpack_featured_media_url":"https:\/\/sarmiento24h.com\/wp-content\/uploads\/2026\/04\/valdez-albizu-encabeza-entrega-de-premios-a-jovenes-economistas.jpg","jetpack_sharing_enabled":true,"_links":{"self":[{"href":"https:\/\/sarmiento24h.com\/index.php?rest_route=\/wp\/v2\/posts\/166774","targetHints":{"allow":["GET"]}}],"collection":[{"href":"https:\/\/sarmiento24h.com\/index.php?rest_route=\/wp\/v2\/posts"}],"about":[{"href":"https:\/\/sarmiento24h.com\/index.php?rest_route=\/wp\/v2\/types\/post"}],"author":[{"embeddable":true,"href":"https:\/\/sarmiento24h.com\/index.php?rest_route=\/wp\/v2\/users\/1"}],"replies":[{"embeddable":true,"href":"https:\/\/sarmiento24h.com\/index.php?rest_route=%2Fwp%2Fv2%2Fcomments&post=166774"}],"version-history":[{"count":0,"href":"https:\/\/sarmiento24h.com\/index.php?rest_route=\/wp\/v2\/posts\/166774\/revisions"}],"wp:featuredmedia":[{"embeddable":true,"href":"https:\/\/sarmiento24h.com\/index.php?rest_route=\/wp\/v2\/media\/166775"}],"wp:attachment":[{"href":"https:\/\/sarmiento24h.com\/index.php?rest_route=%2Fwp%2Fv2%2Fmedia&parent=166774"}],"wp:term":[{"taxonomy":"category","embeddable":true,"href":"https:\/\/sarmiento24h.com\/index.php?rest_route=%2Fwp%2Fv2%2Fcategories&post=166774"},{"taxonomy":"post_tag","embeddable":true,"href":"https:\/\/sarmiento24h.com\/index.php?rest_route=%2Fwp%2Fv2%2Ftags&post=166774"}],"curies":[{"name":"wp","href":"https:\/\/api.w.org\/{rel}","templated":true}]}}