{"id":166811,"date":"2026-04-30T14:08:43","date_gmt":"2026-04-30T14:08:43","guid":{"rendered":"https:\/\/pinceldigital.do\/?p=67084"},"modified":"2026-04-30T14:08:43","modified_gmt":"2026-04-30T14:08:43","slug":"luis-miguel-de-camps-encabeza-encuentro-con-directores-regionales-y-distritales-para-impulsar-preparativos-del-inicio-del-ano-escolar-2026-2027","status":"publish","type":"post","link":"https:\/\/sarmiento24h.com\/?p=166811","title":{"rendered":"Luis Miguel De Camps encabeza encuentro con directores regionales y distritales para impulsar preparativos del inicio del a\u00f1o escolar 2026-2027"},"content":{"rendered":"<p>El ministro de Educaci\u00f3n, Luis Miguel de Camps, encabez\u00f3 este mi\u00e9rcoles un encuentro con directores de las 18 Regionales y los 122 Distritos Educativos del pa\u00eds, con el objetivo de coordinar y fortalecer las acciones de cara a la apertura del pr\u00f3ximo a\u00f1o escolar 2026-2027.<\/p>\n<p>Durante la jornada de trabajo, el ministro de Camps destac\u00f3 la importancia de estos espacios de di\u00e1logo y coordinaci\u00f3n para alinear esfuerzos entre los niveles central, regional y distrital, que garantizan una gesti\u00f3n m\u00e1s eficiente y centrada en los aprendizajes de los estudiantes.<\/p>\n<p>Explic\u00f3 que el inicio del a\u00f1o escolar constituye uno de los momentos m\u00e1s relevantes y de mayor atenci\u00f3n, no solo para los actores del sistema educativo, sino tambi\u00e9n para toda la sociedad.<\/p>\n<p>En ese sentido, se\u00f1al\u00f3 que el principal prop\u00f3sito del encuentro fue generar las mejores condiciones para que estudiantes, docentes y familias tengan la certeza de que la educaci\u00f3n se imparte y se recibe en un entorno adecuado y con los m\u00e1s altos est\u00e1ndares de calidad.<\/p>\n<p>\u201cLes motivamos a que se sientan orgullosos de formar parte de una instituci\u00f3n como el Ministerio de Educaci\u00f3n. Con ese sentimiento de pertenencia y empoderamiento, junto a sus corresponsabilidades, lograremos, sin lugar a dudas, que este proceso de organizaci\u00f3n y ejecuci\u00f3n del inicio del a\u00f1o escolar se traduzca en el mejor inicio de a\u00f1o escolar que haya tenido el pa\u00eds\u201d, manifest\u00f3 de Camps.<\/p>\n<p>Tambi\u00e9n, dijo que para lograr el \u00e9xito del nuevo periodo escolar, se&nbsp; cre\u00f3 una comisi\u00f3n especial, conforme a sus funciones, a fin de que asuman responsabilidades espec\u00edficas que solo pueden materializarse con la participaci\u00f3n de los directores regionales, distritales y de centros educativos.<\/p>\n<p>&nbsp;\u201cAspiramos a que muchas de estas responsabilidades de la comisi\u00f3n especial y sus subcomisiones se conviertan en acciones operativas, y no se limiten \u00fanicamente a momentos especiales o esfuerzos puntuales como este\u201d, enfatiz\u00f3.<\/p>\n<p>El titular educativo subray\u00f3 que la capacidad de resultados del Ministerio de Educaci\u00f3n no tiene comparaci\u00f3n con ninguna otra instituci\u00f3n, tanto por el alcance de su misi\u00f3n educativa como por su impacto en la sociedad, su capacidad de movilizaci\u00f3n y su incidencia en la vida nacional.<\/p>\n<p>De su lado, la viceministra de los Servicios T\u00e9cnicos y Pedag\u00f3gicos, Ancell Scheker, explic\u00f3 que la gesti\u00f3n educativa est\u00e1 centrada en resultados concretos, tanto en t\u00e9rminos de aprendizaje como en el acceso y la cobertura del sistema.&nbsp;<\/p>\n<p>Resalt\u00f3 la importancia de garantizar apoyos que promuevan el bienestar y la integraci\u00f3n de toda la comunidad educativa, al tiempo que dijo que la calidad del servicio tambi\u00e9n se mide por la atenci\u00f3n y la disposici\u00f3n hacia la ciudadan\u00eda.<\/p>\n<p>\u201cEs fundamental que entendamos que el \u00e9xito y la valoraci\u00f3n de nuestra gesti\u00f3n se miden por los resultados que logremos, tanto en el aprendizaje como en el acceso y la cobertura. Pero tambi\u00e9n se eval\u00faan por los apoyos que brindamos para el bienestar e integraci\u00f3n de la comunidad educativa, as\u00ed como por nuestra atenci\u00f3n y disposici\u00f3n en el servicio ciudadano\u201d, expres\u00f3.<\/p>\n<p>Sostuvo que el Ministerio ha creado un plan estrat\u00e9gico para este nuevo a\u00f1o escolar que contempla la creaci\u00f3n de ocho equipos de trabajos con sus objetivos de alcance, 17 estrategias a las que se les dar\u00e1 respuesta a trav\u00e9s de 71 macros actividades, un cronograma que define las instancias responsables, recursos y fecha de inicio de cada actividad.&nbsp;<\/p>\n<p>De igual modo, agreg\u00f3 que cuentan con 22 hitos claves que permitir\u00e1n un proceso de inicio de a\u00f1o escolar claro, medible y controlable, y por \u00faltimo, un plan de riesgo con posibles consecuencias y estrategias de mitigaci\u00f3n.&nbsp;<\/p>\n<p>Durante el encuentro, se abordaron aspectos clave como la implementaci\u00f3n de pol\u00edticas educativas, as\u00ed como el seguimiento a los programas pedag\u00f3gicos en curso, infraestructura escolar, mantenimiento correctivo, las diferentes etapas de la Evaluaci\u00f3n de Desempe\u00f1o Docente, as\u00ed como gesti\u00f3n de cupo escolar, para garantizar que ning\u00fan ni\u00f1o quede fuera de las aulas.<\/p>\n<p>En el evento estuvieron presentes, adem\u00e1s, los viceministros Francisco de \u00d3leo, de Acreditaci\u00f3n y Certificaci\u00f3n Docente; \u00d3scar Amarg\u00f3s, de Supervisi\u00f3n, Evaluaci\u00f3n y Control de la Calidad Educativa; y Ajacx Mercedes, de Planificaci\u00f3n y Desarrollo Educativo, junto a miembros de la Comisi\u00f3n Especial para la Apertura del A\u00f1o Escolar 2026-2027, directores de institutos descentralizados, representantes de distintas \u00e1reas t\u00e9cnicas y administrativas de la sede.<\/p>\n<figure class=\"wp-block-gallery has-nested-images columns-default is-cropped wp-block-gallery-1 is-layout-flex wp-block-gallery-is-layout-flex\">\n<figure class=\"wp-block-image size-large\"><img data-recalc-dims=\"1\" fetchpriority=\"high\" decoding=\"async\" width=\"696\" height=\"464\" data-id=\"67092\" src=\"https:\/\/i0.wp.com\/pinceldigital.do\/wp-content\/uploads\/2026\/04\/fca0a9dd-1427-4d84-93b7-da19f7e929ad.jpeg?resize=696%2C464&amp;ssl=1\" alt class=\"wp-image-67092\" srcset=\"https:\/\/i0.wp.com\/pinceldigital.do\/wp-content\/uploads\/2026\/04\/fca0a9dd-1427-4d84-93b7-da19f7e929ad.jpeg?w=696&amp;ssl=1 696w, https:\/\/i0.wp.com\/pinceldigital.do\/wp-content\/uploads\/2026\/04\/fca0a9dd-1427-4d84-93b7-da19f7e929ad.jpeg?resize=300%2C200&amp;ssl=1 300w, https:\/\/i0.wp.com\/pinceldigital.do\/wp-content\/uploads\/2026\/04\/fca0a9dd-1427-4d84-93b7-da19f7e929ad.jpeg?resize=630%2C420&amp;ssl=1 630w\" sizes=\"(max-width: 696px) 100vw, 696px\"><\/figure>\n<figure class=\"wp-block-image size-large\"><img loading=\"lazy\" data-recalc-dims=\"1\" decoding=\"async\" width=\"696\" height=\"464\" data-id=\"67093\" src=\"https:\/\/i0.wp.com\/pinceldigital.do\/wp-content\/uploads\/2026\/04\/119b961a-4b9f-4170-999f-c9894b7902b3.jpeg?resize=696%2C464&amp;ssl=1\" alt class=\"wp-image-67093\" srcset=\"https:\/\/i0.wp.com\/pinceldigital.do\/wp-content\/uploads\/2026\/04\/119b961a-4b9f-4170-999f-c9894b7902b3.jpeg?w=696&amp;ssl=1 696w, https:\/\/i0.wp.com\/pinceldigital.do\/wp-content\/uploads\/2026\/04\/119b961a-4b9f-4170-999f-c9894b7902b3.jpeg?resize=300%2C200&amp;ssl=1 300w, https:\/\/i0.wp.com\/pinceldigital.do\/wp-content\/uploads\/2026\/04\/119b961a-4b9f-4170-999f-c9894b7902b3.jpeg?resize=630%2C420&amp;ssl=1 630w\" sizes=\"auto, (max-width: 696px) 100vw, 696px\"><\/figure>\n<\/figure>\n","protected":false},"excerpt":{"rendered":"<p>El ministro de Educaci\u00f3n, Luis Miguel de&#46;&#46;&#46;<\/p>\n","protected":false},"author":1,"featured_media":166812,"comment_status":"closed","ping_status":"closed","sticky":false,"template":"","format":"standard","meta":{"_jetpack_memberships_contains_paid_content":false,"footnotes":"","jetpack_publicize_message":"","jetpack_publicize_feature_enabled":true,"jetpack_social_post_already_shared":true,"jetpack_social_options":{"image_generator_settings":{"template":"highway","default_image_id":0,"font":"","enabled":false},"version":2}},"categories":[42],"tags":[],"class_list":["post-166811","post","type-post","status-publish","format-standard","has-post-thumbnail","hentry","category-nacionales"],"yoast_head":"<!-- This site is optimized with the Yoast SEO plugin v27.3 - https:\/\/yoast.com\/product\/yoast-seo-wordpress\/ -->\n<title>Luis Miguel De Camps encabeza encuentro con directores regionales y distritales para impulsar preparativos del inicio del a\u00f1o escolar 2026-2027 - Sarmiento24h<\/title>\n<meta name=\"robots\" content=\"index, follow, max-snippet:-1, max-image-preview:large, max-video-preview:-1\" \/>\n<link rel=\"canonical\" href=\"https:\/\/sarmiento24h.com\/?p=166811\" \/>\n<meta property=\"og:locale\" content=\"es_ES\" \/>\n<meta property=\"og:type\" content=\"article\" \/>\n<meta property=\"og:title\" content=\"Luis Miguel De Camps encabeza encuentro con directores regionales y distritales para impulsar preparativos del inicio del a\u00f1o escolar 2026-2027 - Sarmiento24h\" \/>\n<meta property=\"og:description\" content=\"El ministro de Educaci\u00f3n, Luis Miguel de&#046;&#046;&#046;\" \/>\n<meta property=\"og:url\" content=\"https:\/\/sarmiento24h.com\/?p=166811\" \/>\n<meta property=\"og:site_name\" content=\"Sarmiento24h\" \/>\n<meta property=\"article:publisher\" content=\"https:\/\/facebook.com\/s24hnoticias\" \/>\n<meta property=\"article:published_time\" content=\"2026-04-30T14:08:43+00:00\" \/>\n<meta name=\"author\" content=\"sarmiento24h@gmail.com\" \/>\n<meta name=\"twitter:card\" content=\"summary_large_image\" \/>\n<meta name=\"twitter:creator\" content=\"@sarmiento24h\" \/>\n<meta name=\"twitter:site\" content=\"@sarmiento24h\" \/>\n<meta name=\"twitter:label1\" content=\"Escrito por\" \/>\n\t<meta name=\"twitter:data1\" content=\"sarmiento24h@gmail.com\" \/>\n\t<meta name=\"twitter:label2\" content=\"Tiempo de lectura\" \/>\n\t<meta name=\"twitter:data2\" content=\"4 minutos\" \/>\n<script type=\"application\/ld+json\" class=\"yoast-schema-graph\">{\"@context\":\"https:\\\/\\\/schema.org\",\"@graph\":[{\"@type\":\"Article\",\"@id\":\"https:\\\/\\\/sarmiento24h.com\\\/?p=166811#article\",\"isPartOf\":{\"@id\":\"https:\\\/\\\/sarmiento24h.com\\\/?p=166811\"},\"author\":{\"name\":\"sarmiento24h@gmail.com\",\"@id\":\"https:\\\/\\\/sarmiento24h.com\\\/#\\\/schema\\\/person\\\/d653a59725ad629a7e0429af7b939d4d\"},\"headline\":\"Luis Miguel De Camps encabeza encuentro con directores regionales y distritales para impulsar preparativos del inicio del a\u00f1o escolar 2026-2027\",\"datePublished\":\"2026-04-30T14:08:43+00:00\",\"mainEntityOfPage\":{\"@id\":\"https:\\\/\\\/sarmiento24h.com\\\/?p=166811\"},\"wordCount\":794,\"publisher\":{\"@id\":\"https:\\\/\\\/sarmiento24h.com\\\/#organization\"},\"image\":{\"@id\":\"https:\\\/\\\/sarmiento24h.com\\\/?p=166811#primaryimage\"},\"thumbnailUrl\":\"https:\\\/\\\/sarmiento24h.com\\\/wp-content\\\/uploads\\\/2026\\\/04\\\/luis-miguel-de-camps-encabeza-encuentro-con-directores-regionales-y-distritales-para-impulsar-preparativos-del-inicio-del-ano-escolar-2026-2027.jpg\",\"articleSection\":[\"Nacionales\"],\"inLanguage\":\"es\"},{\"@type\":\"WebPage\",\"@id\":\"https:\\\/\\\/sarmiento24h.com\\\/?p=166811\",\"url\":\"https:\\\/\\\/sarmiento24h.com\\\/?p=166811\",\"name\":\"Luis Miguel De Camps encabeza encuentro con directores regionales y distritales para impulsar preparativos del inicio del a\u00f1o escolar 2026-2027 - Sarmiento24h\",\"isPartOf\":{\"@id\":\"https:\\\/\\\/sarmiento24h.com\\\/#website\"},\"primaryImageOfPage\":{\"@id\":\"https:\\\/\\\/sarmiento24h.com\\\/?p=166811#primaryimage\"},\"image\":{\"@id\":\"https:\\\/\\\/sarmiento24h.com\\\/?p=166811#primaryimage\"},\"thumbnailUrl\":\"https:\\\/\\\/sarmiento24h.com\\\/wp-content\\\/uploads\\\/2026\\\/04\\\/luis-miguel-de-camps-encabeza-encuentro-con-directores-regionales-y-distritales-para-impulsar-preparativos-del-inicio-del-ano-escolar-2026-2027.jpg\",\"datePublished\":\"2026-04-30T14:08:43+00:00\",\"breadcrumb\":{\"@id\":\"https:\\\/\\\/sarmiento24h.com\\\/?p=166811#breadcrumb\"},\"inLanguage\":\"es\",\"potentialAction\":[{\"@type\":\"ReadAction\",\"target\":[\"https:\\\/\\\/sarmiento24h.com\\\/?p=166811\"]}]},{\"@type\":\"ImageObject\",\"inLanguage\":\"es\",\"@id\":\"https:\\\/\\\/sarmiento24h.com\\\/?p=166811#primaryimage\",\"url\":\"https:\\\/\\\/sarmiento24h.com\\\/wp-content\\\/uploads\\\/2026\\\/04\\\/luis-miguel-de-camps-encabeza-encuentro-con-directores-regionales-y-distritales-para-impulsar-preparativos-del-inicio-del-ano-escolar-2026-2027.jpg\",\"contentUrl\":\"https:\\\/\\\/sarmiento24h.com\\\/wp-content\\\/uploads\\\/2026\\\/04\\\/luis-miguel-de-camps-encabeza-encuentro-con-directores-regionales-y-distritales-para-impulsar-preparativos-del-inicio-del-ano-escolar-2026-2027.jpg\",\"width\":696,\"height\":464},{\"@type\":\"BreadcrumbList\",\"@id\":\"https:\\\/\\\/sarmiento24h.com\\\/?p=166811#breadcrumb\",\"itemListElement\":[{\"@type\":\"ListItem\",\"position\":1,\"name\":\"Home\",\"item\":\"https:\\\/\\\/sarmiento24h.com\\\/\"},{\"@type\":\"ListItem\",\"position\":2,\"name\":\"Luis Miguel De Camps encabeza encuentro con directores regionales y distritales para impulsar preparativos del inicio del a\u00f1o escolar 2026-2027\"}]},{\"@type\":\"WebSite\",\"@id\":\"https:\\\/\\\/sarmiento24h.com\\\/#website\",\"url\":\"https:\\\/\\\/sarmiento24h.com\\\/\",\"name\":\"Sarmiento24h\",\"description\":\"\",\"publisher\":{\"@id\":\"https:\\\/\\\/sarmiento24h.com\\\/#organization\"},\"potentialAction\":[{\"@type\":\"SearchAction\",\"target\":{\"@type\":\"EntryPoint\",\"urlTemplate\":\"https:\\\/\\\/sarmiento24h.com\\\/?s={search_term_string}\"},\"query-input\":{\"@type\":\"PropertyValueSpecification\",\"valueRequired\":true,\"valueName\":\"search_term_string\"}}],\"inLanguage\":\"es\"},{\"@type\":\"Organization\",\"@id\":\"https:\\\/\\\/sarmiento24h.com\\\/#organization\",\"name\":\"Sarmiento24h\",\"url\":\"https:\\\/\\\/sarmiento24h.com\\\/\",\"logo\":{\"@type\":\"ImageObject\",\"inLanguage\":\"es\",\"@id\":\"https:\\\/\\\/sarmiento24h.com\\\/#\\\/schema\\\/logo\\\/image\\\/\",\"url\":\"https:\\\/\\\/sarmiento24h.com\\\/wp-content\\\/uploads\\\/2025\\\/12\\\/AddText_12-16-10.30.52.jpg\",\"contentUrl\":\"https:\\\/\\\/sarmiento24h.com\\\/wp-content\\\/uploads\\\/2025\\\/12\\\/AddText_12-16-10.30.52.jpg\",\"width\":1220,\"height\":324,\"caption\":\"Sarmiento24h\"},\"image\":{\"@id\":\"https:\\\/\\\/sarmiento24h.com\\\/#\\\/schema\\\/logo\\\/image\\\/\"},\"sameAs\":[\"https:\\\/\\\/facebook.com\\\/s24hnoticias\",\"https:\\\/\\\/x.com\\\/sarmiento24h\"]},{\"@type\":\"Person\",\"@id\":\"https:\\\/\\\/sarmiento24h.com\\\/#\\\/schema\\\/person\\\/d653a59725ad629a7e0429af7b939d4d\",\"name\":\"sarmiento24h@gmail.com\",\"image\":{\"@type\":\"ImageObject\",\"inLanguage\":\"es\",\"@id\":\"https:\\\/\\\/sarmiento24h.com\\\/wp-content\\\/litespeed\\\/avatar\\\/d02cbc4e23c747e6659cd45907173c8f.jpg?ver=1777157796\",\"url\":\"https:\\\/\\\/sarmiento24h.com\\\/wp-content\\\/litespeed\\\/avatar\\\/d02cbc4e23c747e6659cd45907173c8f.jpg?ver=1777157796\",\"contentUrl\":\"https:\\\/\\\/sarmiento24h.com\\\/wp-content\\\/litespeed\\\/avatar\\\/d02cbc4e23c747e6659cd45907173c8f.jpg?ver=1777157796\",\"caption\":\"sarmiento24h@gmail.com\"},\"sameAs\":[\"https:\\\/\\\/sarmiento24h.com\"],\"url\":\"https:\\\/\\\/sarmiento24h.com\\\/?author=1\"}]}<\/script>\n<!-- \/ Yoast SEO plugin. -->","yoast_head_json":{"title":"Luis Miguel De Camps encabeza encuentro con directores regionales y distritales para impulsar preparativos del inicio del a\u00f1o escolar 2026-2027 - Sarmiento24h","robots":{"index":"index","follow":"follow","max-snippet":"max-snippet:-1","max-image-preview":"max-image-preview:large","max-video-preview":"max-video-preview:-1"},"canonical":"https:\/\/sarmiento24h.com\/?p=166811","og_locale":"es_ES","og_type":"article","og_title":"Luis Miguel De Camps encabeza encuentro con directores regionales y distritales para impulsar preparativos del inicio del a\u00f1o escolar 2026-2027 - Sarmiento24h","og_description":"El ministro de Educaci\u00f3n, Luis Miguel de&#46;&#46;&#46;","og_url":"https:\/\/sarmiento24h.com\/?p=166811","og_site_name":"Sarmiento24h","article_publisher":"https:\/\/facebook.com\/s24hnoticias","article_published_time":"2026-04-30T14:08:43+00:00","author":"sarmiento24h@gmail.com","twitter_card":"summary_large_image","twitter_creator":"@sarmiento24h","twitter_site":"@sarmiento24h","twitter_misc":{"Escrito por":"sarmiento24h@gmail.com","Tiempo de lectura":"4 minutos"},"schema":{"@context":"https:\/\/schema.org","@graph":[{"@type":"Article","@id":"https:\/\/sarmiento24h.com\/?p=166811#article","isPartOf":{"@id":"https:\/\/sarmiento24h.com\/?p=166811"},"author":{"name":"sarmiento24h@gmail.com","@id":"https:\/\/sarmiento24h.com\/#\/schema\/person\/d653a59725ad629a7e0429af7b939d4d"},"headline":"Luis Miguel De Camps encabeza encuentro con directores regionales y distritales para impulsar preparativos del inicio del a\u00f1o escolar 2026-2027","datePublished":"2026-04-30T14:08:43+00:00","mainEntityOfPage":{"@id":"https:\/\/sarmiento24h.com\/?p=166811"},"wordCount":794,"publisher":{"@id":"https:\/\/sarmiento24h.com\/#organization"},"image":{"@id":"https:\/\/sarmiento24h.com\/?p=166811#primaryimage"},"thumbnailUrl":"https:\/\/sarmiento24h.com\/wp-content\/uploads\/2026\/04\/luis-miguel-de-camps-encabeza-encuentro-con-directores-regionales-y-distritales-para-impulsar-preparativos-del-inicio-del-ano-escolar-2026-2027.jpg","articleSection":["Nacionales"],"inLanguage":"es"},{"@type":"WebPage","@id":"https:\/\/sarmiento24h.com\/?p=166811","url":"https:\/\/sarmiento24h.com\/?p=166811","name":"Luis Miguel De Camps encabeza encuentro con directores regionales y distritales para impulsar preparativos del inicio del a\u00f1o escolar 2026-2027 - Sarmiento24h","isPartOf":{"@id":"https:\/\/sarmiento24h.com\/#website"},"primaryImageOfPage":{"@id":"https:\/\/sarmiento24h.com\/?p=166811#primaryimage"},"image":{"@id":"https:\/\/sarmiento24h.com\/?p=166811#primaryimage"},"thumbnailUrl":"https:\/\/sarmiento24h.com\/wp-content\/uploads\/2026\/04\/luis-miguel-de-camps-encabeza-encuentro-con-directores-regionales-y-distritales-para-impulsar-preparativos-del-inicio-del-ano-escolar-2026-2027.jpg","datePublished":"2026-04-30T14:08:43+00:00","breadcrumb":{"@id":"https:\/\/sarmiento24h.com\/?p=166811#breadcrumb"},"inLanguage":"es","potentialAction":[{"@type":"ReadAction","target":["https:\/\/sarmiento24h.com\/?p=166811"]}]},{"@type":"ImageObject","inLanguage":"es","@id":"https:\/\/sarmiento24h.com\/?p=166811#primaryimage","url":"https:\/\/sarmiento24h.com\/wp-content\/uploads\/2026\/04\/luis-miguel-de-camps-encabeza-encuentro-con-directores-regionales-y-distritales-para-impulsar-preparativos-del-inicio-del-ano-escolar-2026-2027.jpg","contentUrl":"https:\/\/sarmiento24h.com\/wp-content\/uploads\/2026\/04\/luis-miguel-de-camps-encabeza-encuentro-con-directores-regionales-y-distritales-para-impulsar-preparativos-del-inicio-del-ano-escolar-2026-2027.jpg","width":696,"height":464},{"@type":"BreadcrumbList","@id":"https:\/\/sarmiento24h.com\/?p=166811#breadcrumb","itemListElement":[{"@type":"ListItem","position":1,"name":"Home","item":"https:\/\/sarmiento24h.com\/"},{"@type":"ListItem","position":2,"name":"Luis Miguel De Camps encabeza encuentro con directores regionales y distritales para impulsar preparativos del inicio del a\u00f1o escolar 2026-2027"}]},{"@type":"WebSite","@id":"https:\/\/sarmiento24h.com\/#website","url":"https:\/\/sarmiento24h.com\/","name":"Sarmiento24h","description":"","publisher":{"@id":"https:\/\/sarmiento24h.com\/#organization"},"potentialAction":[{"@type":"SearchAction","target":{"@type":"EntryPoint","urlTemplate":"https:\/\/sarmiento24h.com\/?s={search_term_string}"},"query-input":{"@type":"PropertyValueSpecification","valueRequired":true,"valueName":"search_term_string"}}],"inLanguage":"es"},{"@type":"Organization","@id":"https:\/\/sarmiento24h.com\/#organization","name":"Sarmiento24h","url":"https:\/\/sarmiento24h.com\/","logo":{"@type":"ImageObject","inLanguage":"es","@id":"https:\/\/sarmiento24h.com\/#\/schema\/logo\/image\/","url":"https:\/\/sarmiento24h.com\/wp-content\/uploads\/2025\/12\/AddText_12-16-10.30.52.jpg","contentUrl":"https:\/\/sarmiento24h.com\/wp-content\/uploads\/2025\/12\/AddText_12-16-10.30.52.jpg","width":1220,"height":324,"caption":"Sarmiento24h"},"image":{"@id":"https:\/\/sarmiento24h.com\/#\/schema\/logo\/image\/"},"sameAs":["https:\/\/facebook.com\/s24hnoticias","https:\/\/x.com\/sarmiento24h"]},{"@type":"Person","@id":"https:\/\/sarmiento24h.com\/#\/schema\/person\/d653a59725ad629a7e0429af7b939d4d","name":"sarmiento24h@gmail.com","image":{"@type":"ImageObject","inLanguage":"es","@id":"https:\/\/sarmiento24h.com\/wp-content\/litespeed\/avatar\/d02cbc4e23c747e6659cd45907173c8f.jpg?ver=1777157796","url":"https:\/\/sarmiento24h.com\/wp-content\/litespeed\/avatar\/d02cbc4e23c747e6659cd45907173c8f.jpg?ver=1777157796","contentUrl":"https:\/\/sarmiento24h.com\/wp-content\/litespeed\/avatar\/d02cbc4e23c747e6659cd45907173c8f.jpg?ver=1777157796","caption":"sarmiento24h@gmail.com"},"sameAs":["https:\/\/sarmiento24h.com"],"url":"https:\/\/sarmiento24h.com\/?author=1"}]}},"jetpack_publicize_connections":[],"jetpack_featured_media_url":"https:\/\/sarmiento24h.com\/wp-content\/uploads\/2026\/04\/luis-miguel-de-camps-encabeza-encuentro-con-directores-regionales-y-distritales-para-impulsar-preparativos-del-inicio-del-ano-escolar-2026-2027.jpg","jetpack_sharing_enabled":true,"_links":{"self":[{"href":"https:\/\/sarmiento24h.com\/index.php?rest_route=\/wp\/v2\/posts\/166811","targetHints":{"allow":["GET"]}}],"collection":[{"href":"https:\/\/sarmiento24h.com\/index.php?rest_route=\/wp\/v2\/posts"}],"about":[{"href":"https:\/\/sarmiento24h.com\/index.php?rest_route=\/wp\/v2\/types\/post"}],"author":[{"embeddable":true,"href":"https:\/\/sarmiento24h.com\/index.php?rest_route=\/wp\/v2\/users\/1"}],"replies":[{"embeddable":true,"href":"https:\/\/sarmiento24h.com\/index.php?rest_route=%2Fwp%2Fv2%2Fcomments&post=166811"}],"version-history":[{"count":0,"href":"https:\/\/sarmiento24h.com\/index.php?rest_route=\/wp\/v2\/posts\/166811\/revisions"}],"wp:featuredmedia":[{"embeddable":true,"href":"https:\/\/sarmiento24h.com\/index.php?rest_route=\/wp\/v2\/media\/166812"}],"wp:attachment":[{"href":"https:\/\/sarmiento24h.com\/index.php?rest_route=%2Fwp%2Fv2%2Fmedia&parent=166811"}],"wp:term":[{"taxonomy":"category","embeddable":true,"href":"https:\/\/sarmiento24h.com\/index.php?rest_route=%2Fwp%2Fv2%2Fcategories&post=166811"},{"taxonomy":"post_tag","embeddable":true,"href":"https:\/\/sarmiento24h.com\/index.php?rest_route=%2Fwp%2Fv2%2Ftags&post=166811"}],"curies":[{"name":"wp","href":"https:\/\/api.w.org\/{rel}","templated":true}]}}