{"id":166934,"date":"2026-04-30T15:17:48","date_gmt":"2026-04-30T15:17:48","guid":{"rendered":"http:\/\/befc7200-449f-11f1-be91-75e6d739afc7"},"modified":"2026-04-30T15:17:48","modified_gmt":"2026-04-30T15:17:48","slug":"el-mundo-vive-la-peor-crisis-energetica-de-su-historia-agencia-internacional-de-energia","status":"publish","type":"post","link":"https:\/\/sarmiento24h.com\/?p=166934","title":{"rendered":"\u00abEl mundo vive la peor crisis energ\u00e9tica de su historia\u00bb: Agencia Internacional de Energ\u00eda"},"content":{"rendered":"<div class=\"t-content__main-media\" data-media-video-8e0fb527-6d76-4843-8aab-de92d33a4190 data-wrapper-video-player data-show-hidden-video-player=\"8E0FB527-6D76-4843-8AAB-DE92D33A4190\" data-autoplay-video-link data-youtube-script>\n<div class=\"o-em-consent \" readability=\"7\">\n<div class=\"o-em-consent__content\" readability=\"9\">\n<p class=\"o-em-consent__content__text\">Para mostrar este contenido de YouTube, debe autorizar las cookies de medici\u00f3n de audiencia y publicidad.<\/p>\n<p> <button class=\"a-master-button a-master-button--dark\" data-action=\"accept\"> Aceptar <svg class=\"a-svg a-svg--icon-check\"> <use xlink:href=\"\/build\/images\/svg\/sprite.c98bf387c90bc4a87186b0b783f15ba0.svg#icon-check\" href=\"\/build\/images\/svg\/sprite.c98bf387c90bc4a87186b0b783f15ba0.svg#icon-check\" \/> <\/svg> <\/button> <button class=\"a-link\" data-action=\"manage\">Gestionar mis opciones<i class=\"a-svg a-svg--icon-edit\"><\/i><\/button> <\/div>\n<\/div>\n<div class=\"o-em-adblock\" data-adblock-content readability=\"7\">\n<div class=\"o-em-adblock__content\" readability=\"9\">\n<p class=\"o-em-adblock__content__text\">Una extensi\u00f3n de tu navegador parece estar bloqueando la carga del reproductor de video. Para poder ver este contenido, debes desactivarla en este sitio.<\/p>\n<p> <button class=\"a-master-button a-master-button--dark\" data-action=\"reload\">Reintentar<\/button> <\/div>\n<\/div>\n<figure class=\"m-item-image m-item-image--16x9 m-item-image--has-caption\"> <picture class=\"a-picture a-picture--16x9\"><source type=\"image\/webp\" srcset=\"https:\/\/s.france24.com\/media\/display\/791a433e-449f-11f1-84b5-005056bfb2b6\/w:388\/p:16x9\/AP26117766838638.webp 388w, https:\/\/s.france24.com\/media\/display\/791a433e-449f-11f1-84b5-005056bfb2b6\/w:720\/p:16x9\/AP26117766838638.webp 720w, https:\/\/s.france24.com\/media\/display\/791a433e-449f-11f1-84b5-005056bfb2b6\/w:1024\/p:16x9\/AP26117766838638.webp 1024w\" sizes=\"(max-width: 1076px) 100vw, 1012px\"><img fetchpriority=\"high\" decoding=\"auto\" src=\"https:\/\/s.france24.com\/media\/display\/791a433e-449f-11f1-84b5-005056bfb2b6\/w:1024\/p:16x9\/AP26117766838638.jpg\" srcset=\"https:\/\/s.france24.com\/media\/display\/791a433e-449f-11f1-84b5-005056bfb2b6\/w:388\/p:16x9\/AP26117766838638.jpg 388w, https:\/\/s.france24.com\/media\/display\/791a433e-449f-11f1-84b5-005056bfb2b6\/w:720\/p:16x9\/AP26117766838638.jpg 720w, https:\/\/s.france24.com\/media\/display\/791a433e-449f-11f1-84b5-005056bfb2b6\/w:1024\/p:16x9\/AP26117766838638.jpg 1024w\" sizes=\"(max-width: 1076px) 100vw, 1012px\" width=\"1024\" height=\"576\" alt=\"Una familia camina cerca de una manifestaci\u00f3n de Make Polluters Pay a lo largo del mar Caribe exigiendo que las compa\u00f1\u00edas petroleras paguen por la transici\u00f3n energ\u00e9tica durante una conferencia cercana destinada a dejar los combustibles f\u00f3siles el lunes 27 de abril de 2026, en Santa Marta, Colombia.\" loading=\"eager\" class=\"a-img \">\n<\/picture><figcaption class=\"a-figcaption\"> <span>Una familia camina cerca de una manifestaci\u00f3n de Make Polluters Pay a lo largo del mar Caribe exigiendo que las compa\u00f1\u00edas petroleras paguen por la transici\u00f3n energ\u00e9tica durante una conferencia cercana destinada a dejar los combustibles f\u00f3siles el lunes 27 de abril de 2026, en Santa Marta, Colombia.<\/span> <span>AP &#8211; Ivan Valencia<\/span> <\/figcaption><\/figure>\n<\/p><\/div>\n<div class=\"t-content__metadata\" readability=\"6\">\n<div class=\"t-content__dates\" readability=\"7\">\n<p class=\"m-pub-dates\"><span class=\"m-pub-dates__date\">Primera modificaci\u00f3n: <time datetime=\"2026-04-30T15:05:06+00:00\" pubdate=\"pubdate\">30\/04\/2026 &#8211; 17:05<\/time><\/span><\/p>\n<\/p><\/div>\n<p> <svg class=\"a-svg a-svg--icon-replay\"> <use xlink:href=\"\/build\/images\/svg\/sprite.c98bf387c90bc4a87186b0b783f15ba0.svg#icon-replay\" href=\"\/build\/images\/svg\/sprite.c98bf387c90bc4a87186b0b783f15ba0.svg#icon-replay\" \/> <\/svg> 06:13 min <\/p>\n<\/p><\/div>\n<div class=\"t-content__page-cta\">\n<div class=\"a-audio-player-btn a-audio-player-btn--skeleton a-audio-player-btn--cta\" data-root-audio-player-button data-short-lived-vue-app data-site-nav-close> <play-media v-bind:current-media=\"mediaId\" v-bind:is-player-playing=\"isPlayerPlaying\" media-id=\"BE_e88be1b1-c7fa-42eb-a218-49ad19598ad1\" v-on:emitted-click=\"playOrPause\" class=\"a-picto-play-pause a-master-button a-master-button--dark\" play-class=\"a-picto-play-pause--play\" pause-class=\"a-picto-play-pause--pause\" play-title pause-title page-url :smaller-icons=\"false\" :add-editions-automatically=\"false\" :is-live=\"false\" data-label> <template> <span class=\"a-audio-player-btn__label\">Escuchar (06:13 min) <\/span> <\/template> <span class=\"a-svg a-svg--icon-audio\"> <\/span> <template> <span class=\"a-svg a-svg--icon-pause\"> <\/span> <\/template> <\/play-media> <\/div>\n<\/p><\/div>\n<p> <a href=\"https:\/\/www.france24.com\/es\/programas\/econom%C3%ADa\/\" class=\"t-content__program m-program\"> <\/p>\n<p>Viene del show<\/p>\n<p> <svg class=\"a-svg a-svg--icon-caret-right a-svg--rotate-minus-90\"> <use xlink:href=\"\/build\/images\/svg\/sprite.c98bf387c90bc4a87186b0b783f15ba0.svg#icon-caret-down\" href=\"\/build\/images\/svg\/sprite.c98bf387c90bc4a87186b0b783f15ba0.svg#icon-caret-down\" \/> <\/svg> <picture class=\"a-picture a-picture--original\"> <img fetchpriority=\"low\" decoding=\"async\" src=\"https:\/\/s.france24.com\/media\/display\/9381fb92-100c-11ee-939f-005056bfb2b6\/ES-economia.svg\" srcset=\"https:\/\/s.france24.com\/media\/display\/9381fb92-100c-11ee-939f-005056bfb2b6\/ES-economia.svg\" alt=\"Econom\u00eda\" loading=\"eager\" class=\"a-img a-img--svg\">\n<\/picture> <\/a> <\/p>\n<p> <svg class=\"a-svg a-svg--icon-clock\"> <use xlink:href=\"\/build\/images\/svg\/sprite.c98bf387c90bc4a87186b0b783f15ba0.svg#icon-clock\" href=\"\/build\/images\/svg\/sprite.c98bf387c90bc4a87186b0b783f15ba0.svg#icon-clock\" \/> <\/svg> <span class=\"t-content__reading-time__label\">Tiempo de lectura<\/span> 1 min<\/p>\n<p class=\"t-content__chapo\"> Los precios del crudo Brent superaron los 125 d\u00f3lares el barril ante el temor de que se extienda a\u00fan m\u00e1s el bloqueo del estrecho de Ormuz y el aumento de tensiones en Medio Oriente. Se trata del mayor repunte desde 2022. La Agencia Internacional de Energ\u00eda advirti\u00f3 que el mundo vive \u00abla peor crisis energ\u00e9tica\u00bb, mientras bancos centrales mantienen tasas pese al avance de la inflaci\u00f3n. <\/p>\n<div class=\"t-content__authors t-content__authors--multiple\">\n<div class=\"m-from-author\"> <span class=\"m-from-author__by-label\"> Por: <\/span> <\/p>\n<div class=\"m-author m-author--small m-author--has-image\">\n<div class=\"m-author__image\"> <picture class=\"a-picture a-picture--1x1\"><source type=\"image\/webp\" srcset=\"https:\/\/s.france24.com\/media\/display\/c000bae4-02b4-11f1-a36b-005056a97e36\/w:177\/p:1x1\/Captura-de-pantalla-2026-02-05-a-la-s-12-04-15.webp 177w, https:\/\/s.france24.com\/media\/display\/c000bae4-02b4-11f1-a36b-005056a97e36\/w:388\/p:1x1\/Captura-de-pantalla-2026-02-05-a-la-s-12-04-15.webp 388w\" sizes=\"(max-width: 639px) 100px, 170px\"><img fetchpriority=\"low\" decoding=\"async\" src=\"https:\/\/s.france24.com\/media\/display\/c000bae4-02b4-11f1-a36b-005056a97e36\/w:388\/p:1x1\/Captura-de-pantalla-2026-02-05-a-la-s-12-04-15.png\" srcset=\"https:\/\/s.france24.com\/media\/display\/c000bae4-02b4-11f1-a36b-005056a97e36\/w:177\/p:1x1\/Captura-de-pantalla-2026-02-05-a-la-s-12-04-15.png 177w, https:\/\/s.france24.com\/media\/display\/c000bae4-02b4-11f1-a36b-005056a97e36\/w:388\/p:1x1\/Captura-de-pantalla-2026-02-05-a-la-s-12-04-15.png 388w\" sizes=\"auto, (max-width: 639px) 100px, 170px\" width=\"388\" height=\"388\" alt=\"Juan Pablo Lucum\u00ed\" loading=\"lazy\" class=\"a-img \">\n<\/picture> <\/div>\n<\/p><\/div>\n<\/p><\/div>\n<div class=\"m-from-author\"> <span class=\"m-from-author__by-label\"> V\u00eddeo por: <\/span> <\/p>\n<div class=\"m-author m-author--small m-author--has-image\">\n<div class=\"m-author__image\"> <picture class=\"a-picture a-picture--1x1\"><source type=\"image\/webp\" srcset=\"https:\/\/s.france24.com\/media\/display\/c000bae4-02b4-11f1-a36b-005056a97e36\/w:177\/p:1x1\/Captura-de-pantalla-2026-02-05-a-la-s-12-04-15.webp 177w, https:\/\/s.france24.com\/media\/display\/c000bae4-02b4-11f1-a36b-005056a97e36\/w:388\/p:1x1\/Captura-de-pantalla-2026-02-05-a-la-s-12-04-15.webp 388w\" sizes=\"(max-width: 639px) 100px, 170px\"><img fetchpriority=\"low\" decoding=\"async\" src=\"https:\/\/s.france24.com\/media\/display\/c000bae4-02b4-11f1-a36b-005056a97e36\/w:388\/p:1x1\/Captura-de-pantalla-2026-02-05-a-la-s-12-04-15.png\" srcset=\"https:\/\/s.france24.com\/media\/display\/c000bae4-02b4-11f1-a36b-005056a97e36\/w:177\/p:1x1\/Captura-de-pantalla-2026-02-05-a-la-s-12-04-15.png 177w, https:\/\/s.france24.com\/media\/display\/c000bae4-02b4-11f1-a36b-005056a97e36\/w:388\/p:1x1\/Captura-de-pantalla-2026-02-05-a-la-s-12-04-15.png 388w\" sizes=\"auto, (max-width: 639px) 100px, 170px\" width=\"388\" height=\"388\" alt=\"Juan Pablo Lucum\u00ed\" loading=\"lazy\" class=\"a-img \">\n<\/picture> <\/div>\n<\/p><\/div>\n<\/p><\/div>\n<\/p><\/div>\n","protected":false},"excerpt":{"rendered":"<p>Para mostrar este contenido de YouTube, debe&#46;&#46;&#46;<\/p>\n","protected":false},"author":1,"featured_media":166935,"comment_status":"closed","ping_status":"closed","sticky":false,"template":"","format":"standard","meta":{"_jetpack_memberships_contains_paid_content":false,"footnotes":"","jetpack_publicize_message":"","jetpack_publicize_feature_enabled":true,"jetpack_social_post_already_shared":true,"jetpack_social_options":{"image_generator_settings":{"template":"highway","default_image_id":0,"font":"","enabled":false},"version":2}},"categories":[43],"tags":[],"class_list":["post-166934","post","type-post","status-publish","format-standard","has-post-thumbnail","hentry","category-internacionales"],"yoast_head":"<!-- This site is optimized with the Yoast SEO plugin v27.3 - https:\/\/yoast.com\/product\/yoast-seo-wordpress\/ -->\n<title>&quot;El mundo vive la peor crisis energ\u00e9tica de su historia&quot;: Agencia Internacional de Energ\u00eda - Sarmiento24h<\/title>\n<meta name=\"robots\" content=\"index, follow, max-snippet:-1, max-image-preview:large, max-video-preview:-1\" \/>\n<link rel=\"canonical\" href=\"https:\/\/sarmiento24h.com\/?p=166934\" \/>\n<meta property=\"og:locale\" content=\"es_ES\" \/>\n<meta property=\"og:type\" content=\"article\" \/>\n<meta property=\"og:title\" content=\"&quot;El mundo vive la peor crisis energ\u00e9tica de su historia&quot;: Agencia Internacional de Energ\u00eda - Sarmiento24h\" \/>\n<meta property=\"og:description\" content=\"Para mostrar este contenido de YouTube, debe&#046;&#046;&#046;\" \/>\n<meta property=\"og:url\" content=\"https:\/\/sarmiento24h.com\/?p=166934\" \/>\n<meta property=\"og:site_name\" content=\"Sarmiento24h\" \/>\n<meta property=\"article:publisher\" content=\"https:\/\/facebook.com\/s24hnoticias\" \/>\n<meta property=\"article:published_time\" content=\"2026-04-30T15:17:48+00:00\" \/>\n<meta property=\"og:image\" content=\"https:\/\/s.france24.com\/media\/display\/791a433e-449f-11f1-84b5-005056bfb2b6\/w:1024\/p:16x9\/AP26117766838638.jpg\" \/>\n<meta name=\"author\" content=\"sarmiento24h@gmail.com\" \/>\n<meta name=\"twitter:card\" content=\"summary_large_image\" \/>\n<meta name=\"twitter:creator\" content=\"@sarmiento24h\" \/>\n<meta name=\"twitter:site\" content=\"@sarmiento24h\" \/>\n<meta name=\"twitter:label1\" content=\"Escrito por\" \/>\n\t<meta name=\"twitter:data1\" content=\"sarmiento24h@gmail.com\" \/>\n\t<meta name=\"twitter:label2\" content=\"Tiempo de lectura\" \/>\n\t<meta name=\"twitter:data2\" content=\"1 minuto\" \/>\n<script type=\"application\/ld+json\" class=\"yoast-schema-graph\">{\"@context\":\"https:\\\/\\\/schema.org\",\"@graph\":[{\"@type\":\"Article\",\"@id\":\"https:\\\/\\\/sarmiento24h.com\\\/?p=166934#article\",\"isPartOf\":{\"@id\":\"https:\\\/\\\/sarmiento24h.com\\\/?p=166934\"},\"author\":{\"name\":\"sarmiento24h@gmail.com\",\"@id\":\"https:\\\/\\\/sarmiento24h.com\\\/#\\\/schema\\\/person\\\/d653a59725ad629a7e0429af7b939d4d\"},\"headline\":\"\u00abEl mundo vive la peor crisis energ\u00e9tica de su historia\u00bb: Agencia Internacional de Energ\u00eda\",\"datePublished\":\"2026-04-30T15:17:48+00:00\",\"mainEntityOfPage\":{\"@id\":\"https:\\\/\\\/sarmiento24h.com\\\/?p=166934\"},\"wordCount\":206,\"publisher\":{\"@id\":\"https:\\\/\\\/sarmiento24h.com\\\/#organization\"},\"image\":{\"@id\":\"https:\\\/\\\/sarmiento24h.com\\\/?p=166934#primaryimage\"},\"thumbnailUrl\":\"https:\\\/\\\/sarmiento24h.com\\\/wp-content\\\/uploads\\\/2026\\\/04\\\/el-mundo-vive-la-peor-crisis-energetica-de-su-historia-agencia-internacional-de-energia.jpg\",\"articleSection\":[\"Internacionales\"],\"inLanguage\":\"es\"},{\"@type\":\"WebPage\",\"@id\":\"https:\\\/\\\/sarmiento24h.com\\\/?p=166934\",\"url\":\"https:\\\/\\\/sarmiento24h.com\\\/?p=166934\",\"name\":\"\\\"El mundo vive la peor crisis energ\u00e9tica de su historia\\\": Agencia Internacional de Energ\u00eda - Sarmiento24h\",\"isPartOf\":{\"@id\":\"https:\\\/\\\/sarmiento24h.com\\\/#website\"},\"primaryImageOfPage\":{\"@id\":\"https:\\\/\\\/sarmiento24h.com\\\/?p=166934#primaryimage\"},\"image\":{\"@id\":\"https:\\\/\\\/sarmiento24h.com\\\/?p=166934#primaryimage\"},\"thumbnailUrl\":\"https:\\\/\\\/sarmiento24h.com\\\/wp-content\\\/uploads\\\/2026\\\/04\\\/el-mundo-vive-la-peor-crisis-energetica-de-su-historia-agencia-internacional-de-energia.jpg\",\"datePublished\":\"2026-04-30T15:17:48+00:00\",\"breadcrumb\":{\"@id\":\"https:\\\/\\\/sarmiento24h.com\\\/?p=166934#breadcrumb\"},\"inLanguage\":\"es\",\"potentialAction\":[{\"@type\":\"ReadAction\",\"target\":[\"https:\\\/\\\/sarmiento24h.com\\\/?p=166934\"]}]},{\"@type\":\"ImageObject\",\"inLanguage\":\"es\",\"@id\":\"https:\\\/\\\/sarmiento24h.com\\\/?p=166934#primaryimage\",\"url\":\"https:\\\/\\\/sarmiento24h.com\\\/wp-content\\\/uploads\\\/2026\\\/04\\\/el-mundo-vive-la-peor-crisis-energetica-de-su-historia-agencia-internacional-de-energia.jpg\",\"contentUrl\":\"https:\\\/\\\/sarmiento24h.com\\\/wp-content\\\/uploads\\\/2026\\\/04\\\/el-mundo-vive-la-peor-crisis-energetica-de-su-historia-agencia-internacional-de-energia.jpg\",\"width\":1024,\"height\":576},{\"@type\":\"BreadcrumbList\",\"@id\":\"https:\\\/\\\/sarmiento24h.com\\\/?p=166934#breadcrumb\",\"itemListElement\":[{\"@type\":\"ListItem\",\"position\":1,\"name\":\"Home\",\"item\":\"https:\\\/\\\/sarmiento24h.com\\\/\"},{\"@type\":\"ListItem\",\"position\":2,\"name\":\"\u00abEl mundo vive la peor crisis energ\u00e9tica de su historia\u00bb: Agencia Internacional de Energ\u00eda\"}]},{\"@type\":\"WebSite\",\"@id\":\"https:\\\/\\\/sarmiento24h.com\\\/#website\",\"url\":\"https:\\\/\\\/sarmiento24h.com\\\/\",\"name\":\"Sarmiento24h\",\"description\":\"\",\"publisher\":{\"@id\":\"https:\\\/\\\/sarmiento24h.com\\\/#organization\"},\"potentialAction\":[{\"@type\":\"SearchAction\",\"target\":{\"@type\":\"EntryPoint\",\"urlTemplate\":\"https:\\\/\\\/sarmiento24h.com\\\/?s={search_term_string}\"},\"query-input\":{\"@type\":\"PropertyValueSpecification\",\"valueRequired\":true,\"valueName\":\"search_term_string\"}}],\"inLanguage\":\"es\"},{\"@type\":\"Organization\",\"@id\":\"https:\\\/\\\/sarmiento24h.com\\\/#organization\",\"name\":\"Sarmiento24h\",\"url\":\"https:\\\/\\\/sarmiento24h.com\\\/\",\"logo\":{\"@type\":\"ImageObject\",\"inLanguage\":\"es\",\"@id\":\"https:\\\/\\\/sarmiento24h.com\\\/#\\\/schema\\\/logo\\\/image\\\/\",\"url\":\"https:\\\/\\\/sarmiento24h.com\\\/wp-content\\\/uploads\\\/2025\\\/12\\\/AddText_12-16-10.30.52.jpg\",\"contentUrl\":\"https:\\\/\\\/sarmiento24h.com\\\/wp-content\\\/uploads\\\/2025\\\/12\\\/AddText_12-16-10.30.52.jpg\",\"width\":1220,\"height\":324,\"caption\":\"Sarmiento24h\"},\"image\":{\"@id\":\"https:\\\/\\\/sarmiento24h.com\\\/#\\\/schema\\\/logo\\\/image\\\/\"},\"sameAs\":[\"https:\\\/\\\/facebook.com\\\/s24hnoticias\",\"https:\\\/\\\/x.com\\\/sarmiento24h\"]},{\"@type\":\"Person\",\"@id\":\"https:\\\/\\\/sarmiento24h.com\\\/#\\\/schema\\\/person\\\/d653a59725ad629a7e0429af7b939d4d\",\"name\":\"sarmiento24h@gmail.com\",\"image\":{\"@type\":\"ImageObject\",\"inLanguage\":\"es\",\"@id\":\"https:\\\/\\\/sarmiento24h.com\\\/wp-content\\\/litespeed\\\/avatar\\\/d02cbc4e23c747e6659cd45907173c8f.jpg?ver=1777157796\",\"url\":\"https:\\\/\\\/sarmiento24h.com\\\/wp-content\\\/litespeed\\\/avatar\\\/d02cbc4e23c747e6659cd45907173c8f.jpg?ver=1777157796\",\"contentUrl\":\"https:\\\/\\\/sarmiento24h.com\\\/wp-content\\\/litespeed\\\/avatar\\\/d02cbc4e23c747e6659cd45907173c8f.jpg?ver=1777157796\",\"caption\":\"sarmiento24h@gmail.com\"},\"sameAs\":[\"https:\\\/\\\/sarmiento24h.com\"],\"url\":\"https:\\\/\\\/sarmiento24h.com\\\/?author=1\"}]}<\/script>\n<!-- \/ Yoast SEO plugin. -->","yoast_head_json":{"title":"\"El mundo vive la peor crisis energ\u00e9tica de su historia\": Agencia Internacional de Energ\u00eda - Sarmiento24h","robots":{"index":"index","follow":"follow","max-snippet":"max-snippet:-1","max-image-preview":"max-image-preview:large","max-video-preview":"max-video-preview:-1"},"canonical":"https:\/\/sarmiento24h.com\/?p=166934","og_locale":"es_ES","og_type":"article","og_title":"\"El mundo vive la peor crisis energ\u00e9tica de su historia\": Agencia Internacional de Energ\u00eda - Sarmiento24h","og_description":"Para mostrar este contenido de YouTube, debe&#46;&#46;&#46;","og_url":"https:\/\/sarmiento24h.com\/?p=166934","og_site_name":"Sarmiento24h","article_publisher":"https:\/\/facebook.com\/s24hnoticias","article_published_time":"2026-04-30T15:17:48+00:00","og_image":[{"url":"https:\/\/s.france24.com\/media\/display\/791a433e-449f-11f1-84b5-005056bfb2b6\/w:1024\/p:16x9\/AP26117766838638.jpg","type":"","width":"","height":""}],"author":"sarmiento24h@gmail.com","twitter_card":"summary_large_image","twitter_creator":"@sarmiento24h","twitter_site":"@sarmiento24h","twitter_misc":{"Escrito por":"sarmiento24h@gmail.com","Tiempo de lectura":"1 minuto"},"schema":{"@context":"https:\/\/schema.org","@graph":[{"@type":"Article","@id":"https:\/\/sarmiento24h.com\/?p=166934#article","isPartOf":{"@id":"https:\/\/sarmiento24h.com\/?p=166934"},"author":{"name":"sarmiento24h@gmail.com","@id":"https:\/\/sarmiento24h.com\/#\/schema\/person\/d653a59725ad629a7e0429af7b939d4d"},"headline":"\u00abEl mundo vive la peor crisis energ\u00e9tica de su historia\u00bb: Agencia Internacional de Energ\u00eda","datePublished":"2026-04-30T15:17:48+00:00","mainEntityOfPage":{"@id":"https:\/\/sarmiento24h.com\/?p=166934"},"wordCount":206,"publisher":{"@id":"https:\/\/sarmiento24h.com\/#organization"},"image":{"@id":"https:\/\/sarmiento24h.com\/?p=166934#primaryimage"},"thumbnailUrl":"https:\/\/sarmiento24h.com\/wp-content\/uploads\/2026\/04\/el-mundo-vive-la-peor-crisis-energetica-de-su-historia-agencia-internacional-de-energia.jpg","articleSection":["Internacionales"],"inLanguage":"es"},{"@type":"WebPage","@id":"https:\/\/sarmiento24h.com\/?p=166934","url":"https:\/\/sarmiento24h.com\/?p=166934","name":"\"El mundo vive la peor crisis energ\u00e9tica de su historia\": Agencia Internacional de Energ\u00eda - Sarmiento24h","isPartOf":{"@id":"https:\/\/sarmiento24h.com\/#website"},"primaryImageOfPage":{"@id":"https:\/\/sarmiento24h.com\/?p=166934#primaryimage"},"image":{"@id":"https:\/\/sarmiento24h.com\/?p=166934#primaryimage"},"thumbnailUrl":"https:\/\/sarmiento24h.com\/wp-content\/uploads\/2026\/04\/el-mundo-vive-la-peor-crisis-energetica-de-su-historia-agencia-internacional-de-energia.jpg","datePublished":"2026-04-30T15:17:48+00:00","breadcrumb":{"@id":"https:\/\/sarmiento24h.com\/?p=166934#breadcrumb"},"inLanguage":"es","potentialAction":[{"@type":"ReadAction","target":["https:\/\/sarmiento24h.com\/?p=166934"]}]},{"@type":"ImageObject","inLanguage":"es","@id":"https:\/\/sarmiento24h.com\/?p=166934#primaryimage","url":"https:\/\/sarmiento24h.com\/wp-content\/uploads\/2026\/04\/el-mundo-vive-la-peor-crisis-energetica-de-su-historia-agencia-internacional-de-energia.jpg","contentUrl":"https:\/\/sarmiento24h.com\/wp-content\/uploads\/2026\/04\/el-mundo-vive-la-peor-crisis-energetica-de-su-historia-agencia-internacional-de-energia.jpg","width":1024,"height":576},{"@type":"BreadcrumbList","@id":"https:\/\/sarmiento24h.com\/?p=166934#breadcrumb","itemListElement":[{"@type":"ListItem","position":1,"name":"Home","item":"https:\/\/sarmiento24h.com\/"},{"@type":"ListItem","position":2,"name":"\u00abEl mundo vive la peor crisis energ\u00e9tica de su historia\u00bb: Agencia Internacional de Energ\u00eda"}]},{"@type":"WebSite","@id":"https:\/\/sarmiento24h.com\/#website","url":"https:\/\/sarmiento24h.com\/","name":"Sarmiento24h","description":"","publisher":{"@id":"https:\/\/sarmiento24h.com\/#organization"},"potentialAction":[{"@type":"SearchAction","target":{"@type":"EntryPoint","urlTemplate":"https:\/\/sarmiento24h.com\/?s={search_term_string}"},"query-input":{"@type":"PropertyValueSpecification","valueRequired":true,"valueName":"search_term_string"}}],"inLanguage":"es"},{"@type":"Organization","@id":"https:\/\/sarmiento24h.com\/#organization","name":"Sarmiento24h","url":"https:\/\/sarmiento24h.com\/","logo":{"@type":"ImageObject","inLanguage":"es","@id":"https:\/\/sarmiento24h.com\/#\/schema\/logo\/image\/","url":"https:\/\/sarmiento24h.com\/wp-content\/uploads\/2025\/12\/AddText_12-16-10.30.52.jpg","contentUrl":"https:\/\/sarmiento24h.com\/wp-content\/uploads\/2025\/12\/AddText_12-16-10.30.52.jpg","width":1220,"height":324,"caption":"Sarmiento24h"},"image":{"@id":"https:\/\/sarmiento24h.com\/#\/schema\/logo\/image\/"},"sameAs":["https:\/\/facebook.com\/s24hnoticias","https:\/\/x.com\/sarmiento24h"]},{"@type":"Person","@id":"https:\/\/sarmiento24h.com\/#\/schema\/person\/d653a59725ad629a7e0429af7b939d4d","name":"sarmiento24h@gmail.com","image":{"@type":"ImageObject","inLanguage":"es","@id":"https:\/\/sarmiento24h.com\/wp-content\/litespeed\/avatar\/d02cbc4e23c747e6659cd45907173c8f.jpg?ver=1777157796","url":"https:\/\/sarmiento24h.com\/wp-content\/litespeed\/avatar\/d02cbc4e23c747e6659cd45907173c8f.jpg?ver=1777157796","contentUrl":"https:\/\/sarmiento24h.com\/wp-content\/litespeed\/avatar\/d02cbc4e23c747e6659cd45907173c8f.jpg?ver=1777157796","caption":"sarmiento24h@gmail.com"},"sameAs":["https:\/\/sarmiento24h.com"],"url":"https:\/\/sarmiento24h.com\/?author=1"}]}},"jetpack_publicize_connections":[],"jetpack_featured_media_url":"https:\/\/sarmiento24h.com\/wp-content\/uploads\/2026\/04\/el-mundo-vive-la-peor-crisis-energetica-de-su-historia-agencia-internacional-de-energia.jpg","jetpack_sharing_enabled":true,"_links":{"self":[{"href":"https:\/\/sarmiento24h.com\/index.php?rest_route=\/wp\/v2\/posts\/166934","targetHints":{"allow":["GET"]}}],"collection":[{"href":"https:\/\/sarmiento24h.com\/index.php?rest_route=\/wp\/v2\/posts"}],"about":[{"href":"https:\/\/sarmiento24h.com\/index.php?rest_route=\/wp\/v2\/types\/post"}],"author":[{"embeddable":true,"href":"https:\/\/sarmiento24h.com\/index.php?rest_route=\/wp\/v2\/users\/1"}],"replies":[{"embeddable":true,"href":"https:\/\/sarmiento24h.com\/index.php?rest_route=%2Fwp%2Fv2%2Fcomments&post=166934"}],"version-history":[{"count":0,"href":"https:\/\/sarmiento24h.com\/index.php?rest_route=\/wp\/v2\/posts\/166934\/revisions"}],"wp:featuredmedia":[{"embeddable":true,"href":"https:\/\/sarmiento24h.com\/index.php?rest_route=\/wp\/v2\/media\/166935"}],"wp:attachment":[{"href":"https:\/\/sarmiento24h.com\/index.php?rest_route=%2Fwp%2Fv2%2Fmedia&parent=166934"}],"wp:term":[{"taxonomy":"category","embeddable":true,"href":"https:\/\/sarmiento24h.com\/index.php?rest_route=%2Fwp%2Fv2%2Fcategories&post=166934"},{"taxonomy":"post_tag","embeddable":true,"href":"https:\/\/sarmiento24h.com\/index.php?rest_route=%2Fwp%2Fv2%2Ftags&post=166934"}],"curies":[{"name":"wp","href":"https:\/\/api.w.org\/{rel}","templated":true}]}}