{"id":166938,"date":"2026-04-30T15:28:11","date_gmt":"2026-04-30T15:28:11","guid":{"rendered":"https:\/\/noticiassin.com\/?p=1989263"},"modified":"2026-04-30T15:28:11","modified_gmt":"2026-04-30T15:28:11","slug":"conescyt-aprueba-reforma-educativa-y-nuevas-ofertas-academicas-en-republica-dominicana","status":"publish","type":"post","link":"https:\/\/sarmiento24h.com\/?p=166938","title":{"rendered":"CONESCyT aprueba reforma educativa y nuevas ofertas acad\u00e9micas en Rep\u00fablica Dominicana"},"content":{"rendered":"<div><img decoding=\"async\" src=\"https:\/\/multimedia.noticiassin.com\/wp-content\/uploads\/2026\/04\/conescyt-aprueba-reforma-educativa-y-nuevas-ofertas-academicas-en-republica-domi-20260430-152522-6Qd8-scaled-1200x675.jpeg\" class=\"ff-og-image-inserted\"><\/div>\n<p><strong>Santo Domingo<\/strong>. \u2013 El <strong>Consejo Nacional de Educaci\u00f3n Superior, Ciencia y Tecnolog\u00eda<\/strong> (<strong>CONESCyT<\/strong>) aprob\u00f3 por consenso y unanimidad los trabajos correspondientes a la reforma educativa impulsada por el Gobierno dominicano, durante su primera sesi\u00f3n ordinaria celebrada el 28 de abril de 2026, la cual fue presidida por el ministro de Educaci\u00f3n Superior, Ciencia y Tecnolog\u00eda, <strong>Rafael Santos Bad\u00eda<\/strong>.<\/p>\n<p>Esta decisi\u00f3n constituye un paso estrat\u00e9gico para la <strong>transformaci\u00f3n <\/strong>del sistema de educaci\u00f3n superior nacional, alineado con la necesidad de responder de manera efectiva a los desaf\u00edos del contexto global, caracterizado por profundos cambios geopol\u00edticos, acelerados avances tecnol\u00f3gicos y nuevas din\u00e1micas econ\u00f3micas.<\/p>\n<h2 class=\"wp-block-heading\">Nuevas ofertas acad\u00e9micas<\/h2>\n<p>En el marco de esta sesi\u00f3n, el <strong>CONESCyT<\/strong> tambi\u00e9n aprob\u00f3 la incorporaci\u00f3n de nuevas ofertas acad\u00e9micas, incluyendo programas t\u00e9cnicos superiores, licenciaturas y maestr\u00edas.<\/p>\n<p>Entre las propuestas aprobadas se destacan el T\u00e9cnico Superior en Animaci\u00f3n Digital, del <strong>Instituto Tecnol\u00f3gico de Las Am\u00e9ricas<\/strong>, y el T\u00e9cnico Superior en Agrimensura, de la <strong>Universidad Agroforestal Fernando Arturo de Meri\u00f1o<\/strong> (<strong>UAFAM<\/strong>). Asimismo, fueron autorizados programas acad\u00e9micos en Dise\u00f1o de Moda y Dise\u00f1o de Interiores, este \u00faltimo impulsado por el <strong>Instituto T\u00e9cnico Superior Mercy Jacquez<\/strong> (<strong>ITESUMJ<\/strong>).<\/p>\n<h2 class=\"wp-block-heading\">Visi\u00f3n de la reforma<\/h2>\n<p>Durante su intervenci\u00f3n, el ministro <strong>Rafael Santos Bad\u00eda<\/strong> resalt\u00f3 la importancia de avanzar hacia la construcci\u00f3n de un modelo educativo propio, contextualizado a las realidades y necesidades del pa\u00eds, que fortalezca la generaci\u00f3n, el uso y la difusi\u00f3n del conocimiento.<\/p>\n<ul class=\"wp-block-list\">\n<li>\u00abNosotros necesitamos construir un sistema educativo que <strong>ense\u00f1e<\/strong> conocimiento, que ense\u00f1e a la gente a utilizar el conocimiento y que ense\u00f1e a difundirlo\u201d, expres\u00f3.<\/li>\n<\/ul>\n<p>En ese sentido, se\u00f1al\u00f3 que el sistema educativo nacional debe responder de manera proactiva a las transformaciones que se producen en el \u00e1mbito <strong>internacional, <\/strong>promoviendo una formaci\u00f3n pertinente que garantice la preparaci\u00f3n integral del capital humano dominicano.<\/p>\n<p>Asimismo, destac\u00f3 la necesidad de una educaci\u00f3n orientada a la <strong>empleabilidad, l<\/strong>a innovaci\u00f3n y el desarrollo de competencias relevantes, a fin de asegurar que los egresados del sistema de educaci\u00f3n superior cuenten con las capacidades necesarias para su inserci\u00f3n efectiva en el mercado laboral actual y futuro.<\/p>\n<p>El ministro subray\u00f3 que la reforma educativa aprobada tiene como ejes fundamentales el fortalecimiento de la investigaci\u00f3n, la ciencia y la tecnolog\u00eda, as\u00ed como la consolidaci\u00f3n de un sistema de educaci\u00f3n superior m\u00e1s articulado, eficiente y orientado al desarrollo sostenible de <strong>Rep\u00fablica Dominicana<\/strong>.<\/p>\n<h2 class=\"wp-block-heading\">Participaci\u00f3n del Consejo<\/h2>\n<p>La sesi\u00f3n del <strong>CONESCyT<\/strong> cont\u00f3 con la participaci\u00f3n de sus miembros, presididos por el ministro <strong>Santos Bad\u00eda<\/strong>, e integrados por el padre <strong>Isaac Garc\u00eda<\/strong>, <strong>Wendy Ram\u00edrez<\/strong>, <strong>Jos\u00e9 Ram\u00f3n Hongu\u00edn<\/strong>, el reverendo <strong>Cecilio Espinal<\/strong>, <strong>Jos\u00e9 Leandro Aibar<\/strong>, <strong>Jos\u00e9 Hazin<\/strong>, <strong>Radham\u00e9s Silverio<\/strong>, <strong>V\u00e1zquez Espinoza<\/strong>, <strong>Yahaira Rosa<\/strong>.<\/p>\n<p>Tambi\u00e9n estuvieron presentes <strong>Yolanda Salazar<\/strong>, <strong>C\u00e9sar Guzm\u00e1n<\/strong>, <strong>Minerva Emilia Pereira<\/strong>, <strong>Osmar Olivo<\/strong>, <strong>Edison Franco<\/strong>, <strong>Israel Contreras<\/strong>, <strong>Modesto Cruz<\/strong>, <strong>Eladio Arnaud<\/strong>, <strong>Odalis Guillermo<\/strong>, <strong>Radham\u00e9s Mej\u00eda<\/strong>, <strong>Ram\u00f3n S\u00e1nchez<\/strong>, <strong>Francisco Viloria<\/strong>, <strong>Carmen Molina<\/strong>, <strong>Paula Disla<\/strong>, <strong>Otto Vargas<\/strong>, <strong>Genaro Rodr\u00edguez<\/strong>, <strong>Carmen Evaristo<\/strong> y <strong>\u00d3scar Amarg\u00f3s<\/strong>.<\/p>\n<p>La aprobaci\u00f3n de la reforma educativa y de la nueva oferta acad\u00e9mica se realiz\u00f3 conforme a los principios y mecanismos democr\u00e1ticos establecidos en el seno del <strong>Consejo<\/strong>, consolidando un proceso orientado a sentar las bases de una transformaci\u00f3n estructural y sostenible del sistema de educaci\u00f3n superior dominicano.<\/p>\n","protected":false},"excerpt":{"rendered":"<p>Santo Domingo. \u2013 El Consejo Nacional de&#46;&#46;&#46;<\/p>\n","protected":false},"author":1,"featured_media":166939,"comment_status":"closed","ping_status":"closed","sticky":false,"template":"","format":"standard","meta":{"_jetpack_memberships_contains_paid_content":false,"footnotes":"","jetpack_publicize_message":"","jetpack_publicize_feature_enabled":true,"jetpack_social_post_already_shared":true,"jetpack_social_options":{"image_generator_settings":{"template":"highway","default_image_id":0,"font":"","enabled":false},"version":2}},"categories":[42],"tags":[],"class_list":["post-166938","post","type-post","status-publish","format-standard","has-post-thumbnail","hentry","category-nacionales"],"yoast_head":"<!-- This site is optimized with the Yoast SEO plugin v27.3 - https:\/\/yoast.com\/product\/yoast-seo-wordpress\/ -->\n<title>CONESCyT aprueba reforma educativa y nuevas ofertas acad\u00e9micas en Rep\u00fablica Dominicana - Sarmiento24h<\/title>\n<meta name=\"robots\" content=\"index, follow, max-snippet:-1, max-image-preview:large, max-video-preview:-1\" \/>\n<link rel=\"canonical\" href=\"https:\/\/sarmiento24h.com\/?p=166938\" \/>\n<meta property=\"og:locale\" content=\"es_ES\" \/>\n<meta property=\"og:type\" content=\"article\" \/>\n<meta property=\"og:title\" content=\"CONESCyT aprueba reforma educativa y nuevas ofertas acad\u00e9micas en Rep\u00fablica Dominicana - Sarmiento24h\" \/>\n<meta property=\"og:description\" content=\"Santo Domingo. \u2013 El Consejo Nacional de&#046;&#046;&#046;\" \/>\n<meta property=\"og:url\" content=\"https:\/\/sarmiento24h.com\/?p=166938\" \/>\n<meta property=\"og:site_name\" content=\"Sarmiento24h\" \/>\n<meta property=\"article:publisher\" content=\"https:\/\/facebook.com\/s24hnoticias\" \/>\n<meta property=\"article:published_time\" content=\"2026-04-30T15:28:11+00:00\" \/>\n<meta property=\"og:image\" content=\"https:\/\/multimedia.noticiassin.com\/wp-content\/uploads\/2026\/04\/conescyt-aprueba-reforma-educativa-y-nuevas-ofertas-academicas-en-republica-domi-20260430-152522-6Qd8-scaled-1200x675.jpeg\" \/>\n<meta name=\"author\" content=\"sarmiento24h@gmail.com\" \/>\n<meta name=\"twitter:card\" content=\"summary_large_image\" \/>\n<meta name=\"twitter:creator\" content=\"@sarmiento24h\" \/>\n<meta name=\"twitter:site\" content=\"@sarmiento24h\" \/>\n<meta name=\"twitter:label1\" content=\"Escrito por\" \/>\n\t<meta name=\"twitter:data1\" content=\"sarmiento24h@gmail.com\" \/>\n\t<meta name=\"twitter:label2\" content=\"Tiempo de lectura\" \/>\n\t<meta name=\"twitter:data2\" content=\"3 minutos\" \/>\n<script type=\"application\/ld+json\" class=\"yoast-schema-graph\">{\"@context\":\"https:\\\/\\\/schema.org\",\"@graph\":[{\"@type\":\"Article\",\"@id\":\"https:\\\/\\\/sarmiento24h.com\\\/?p=166938#article\",\"isPartOf\":{\"@id\":\"https:\\\/\\\/sarmiento24h.com\\\/?p=166938\"},\"author\":{\"name\":\"sarmiento24h@gmail.com\",\"@id\":\"https:\\\/\\\/sarmiento24h.com\\\/#\\\/schema\\\/person\\\/d653a59725ad629a7e0429af7b939d4d\"},\"headline\":\"CONESCyT aprueba reforma educativa y nuevas ofertas acad\u00e9micas en Rep\u00fablica Dominicana\",\"datePublished\":\"2026-04-30T15:28:11+00:00\",\"mainEntityOfPage\":{\"@id\":\"https:\\\/\\\/sarmiento24h.com\\\/?p=166938\"},\"wordCount\":602,\"publisher\":{\"@id\":\"https:\\\/\\\/sarmiento24h.com\\\/#organization\"},\"image\":{\"@id\":\"https:\\\/\\\/sarmiento24h.com\\\/?p=166938#primaryimage\"},\"thumbnailUrl\":\"https:\\\/\\\/sarmiento24h.com\\\/wp-content\\\/uploads\\\/2026\\\/04\\\/conescyt-aprueba-reforma-educativa-y-nuevas-ofertas-academicas-en-republica-dominicana.jpg\",\"articleSection\":[\"Nacionales\"],\"inLanguage\":\"es\"},{\"@type\":\"WebPage\",\"@id\":\"https:\\\/\\\/sarmiento24h.com\\\/?p=166938\",\"url\":\"https:\\\/\\\/sarmiento24h.com\\\/?p=166938\",\"name\":\"CONESCyT aprueba reforma educativa y nuevas ofertas acad\u00e9micas en Rep\u00fablica Dominicana - Sarmiento24h\",\"isPartOf\":{\"@id\":\"https:\\\/\\\/sarmiento24h.com\\\/#website\"},\"primaryImageOfPage\":{\"@id\":\"https:\\\/\\\/sarmiento24h.com\\\/?p=166938#primaryimage\"},\"image\":{\"@id\":\"https:\\\/\\\/sarmiento24h.com\\\/?p=166938#primaryimage\"},\"thumbnailUrl\":\"https:\\\/\\\/sarmiento24h.com\\\/wp-content\\\/uploads\\\/2026\\\/04\\\/conescyt-aprueba-reforma-educativa-y-nuevas-ofertas-academicas-en-republica-dominicana.jpg\",\"datePublished\":\"2026-04-30T15:28:11+00:00\",\"breadcrumb\":{\"@id\":\"https:\\\/\\\/sarmiento24h.com\\\/?p=166938#breadcrumb\"},\"inLanguage\":\"es\",\"potentialAction\":[{\"@type\":\"ReadAction\",\"target\":[\"https:\\\/\\\/sarmiento24h.com\\\/?p=166938\"]}]},{\"@type\":\"ImageObject\",\"inLanguage\":\"es\",\"@id\":\"https:\\\/\\\/sarmiento24h.com\\\/?p=166938#primaryimage\",\"url\":\"https:\\\/\\\/sarmiento24h.com\\\/wp-content\\\/uploads\\\/2026\\\/04\\\/conescyt-aprueba-reforma-educativa-y-nuevas-ofertas-academicas-en-republica-dominicana.jpg\",\"contentUrl\":\"https:\\\/\\\/sarmiento24h.com\\\/wp-content\\\/uploads\\\/2026\\\/04\\\/conescyt-aprueba-reforma-educativa-y-nuevas-ofertas-academicas-en-republica-dominicana.jpg\",\"width\":1200,\"height\":675},{\"@type\":\"BreadcrumbList\",\"@id\":\"https:\\\/\\\/sarmiento24h.com\\\/?p=166938#breadcrumb\",\"itemListElement\":[{\"@type\":\"ListItem\",\"position\":1,\"name\":\"Home\",\"item\":\"https:\\\/\\\/sarmiento24h.com\\\/\"},{\"@type\":\"ListItem\",\"position\":2,\"name\":\"CONESCyT aprueba reforma educativa y nuevas ofertas acad\u00e9micas en Rep\u00fablica Dominicana\"}]},{\"@type\":\"WebSite\",\"@id\":\"https:\\\/\\\/sarmiento24h.com\\\/#website\",\"url\":\"https:\\\/\\\/sarmiento24h.com\\\/\",\"name\":\"Sarmiento24h\",\"description\":\"\",\"publisher\":{\"@id\":\"https:\\\/\\\/sarmiento24h.com\\\/#organization\"},\"potentialAction\":[{\"@type\":\"SearchAction\",\"target\":{\"@type\":\"EntryPoint\",\"urlTemplate\":\"https:\\\/\\\/sarmiento24h.com\\\/?s={search_term_string}\"},\"query-input\":{\"@type\":\"PropertyValueSpecification\",\"valueRequired\":true,\"valueName\":\"search_term_string\"}}],\"inLanguage\":\"es\"},{\"@type\":\"Organization\",\"@id\":\"https:\\\/\\\/sarmiento24h.com\\\/#organization\",\"name\":\"Sarmiento24h\",\"url\":\"https:\\\/\\\/sarmiento24h.com\\\/\",\"logo\":{\"@type\":\"ImageObject\",\"inLanguage\":\"es\",\"@id\":\"https:\\\/\\\/sarmiento24h.com\\\/#\\\/schema\\\/logo\\\/image\\\/\",\"url\":\"https:\\\/\\\/sarmiento24h.com\\\/wp-content\\\/uploads\\\/2025\\\/12\\\/AddText_12-16-10.30.52.jpg\",\"contentUrl\":\"https:\\\/\\\/sarmiento24h.com\\\/wp-content\\\/uploads\\\/2025\\\/12\\\/AddText_12-16-10.30.52.jpg\",\"width\":1220,\"height\":324,\"caption\":\"Sarmiento24h\"},\"image\":{\"@id\":\"https:\\\/\\\/sarmiento24h.com\\\/#\\\/schema\\\/logo\\\/image\\\/\"},\"sameAs\":[\"https:\\\/\\\/facebook.com\\\/s24hnoticias\",\"https:\\\/\\\/x.com\\\/sarmiento24h\"]},{\"@type\":\"Person\",\"@id\":\"https:\\\/\\\/sarmiento24h.com\\\/#\\\/schema\\\/person\\\/d653a59725ad629a7e0429af7b939d4d\",\"name\":\"sarmiento24h@gmail.com\",\"image\":{\"@type\":\"ImageObject\",\"inLanguage\":\"es\",\"@id\":\"https:\\\/\\\/sarmiento24h.com\\\/wp-content\\\/litespeed\\\/avatar\\\/d02cbc4e23c747e6659cd45907173c8f.jpg?ver=1777157796\",\"url\":\"https:\\\/\\\/sarmiento24h.com\\\/wp-content\\\/litespeed\\\/avatar\\\/d02cbc4e23c747e6659cd45907173c8f.jpg?ver=1777157796\",\"contentUrl\":\"https:\\\/\\\/sarmiento24h.com\\\/wp-content\\\/litespeed\\\/avatar\\\/d02cbc4e23c747e6659cd45907173c8f.jpg?ver=1777157796\",\"caption\":\"sarmiento24h@gmail.com\"},\"sameAs\":[\"https:\\\/\\\/sarmiento24h.com\"],\"url\":\"https:\\\/\\\/sarmiento24h.com\\\/?author=1\"}]}<\/script>\n<!-- \/ Yoast SEO plugin. -->","yoast_head_json":{"title":"CONESCyT aprueba reforma educativa y nuevas ofertas acad\u00e9micas en Rep\u00fablica Dominicana - Sarmiento24h","robots":{"index":"index","follow":"follow","max-snippet":"max-snippet:-1","max-image-preview":"max-image-preview:large","max-video-preview":"max-video-preview:-1"},"canonical":"https:\/\/sarmiento24h.com\/?p=166938","og_locale":"es_ES","og_type":"article","og_title":"CONESCyT aprueba reforma educativa y nuevas ofertas acad\u00e9micas en Rep\u00fablica Dominicana - Sarmiento24h","og_description":"Santo Domingo. \u2013 El Consejo Nacional de&#46;&#46;&#46;","og_url":"https:\/\/sarmiento24h.com\/?p=166938","og_site_name":"Sarmiento24h","article_publisher":"https:\/\/facebook.com\/s24hnoticias","article_published_time":"2026-04-30T15:28:11+00:00","og_image":[{"url":"https:\/\/multimedia.noticiassin.com\/wp-content\/uploads\/2026\/04\/conescyt-aprueba-reforma-educativa-y-nuevas-ofertas-academicas-en-republica-domi-20260430-152522-6Qd8-scaled-1200x675.jpeg","type":"","width":"","height":""}],"author":"sarmiento24h@gmail.com","twitter_card":"summary_large_image","twitter_creator":"@sarmiento24h","twitter_site":"@sarmiento24h","twitter_misc":{"Escrito por":"sarmiento24h@gmail.com","Tiempo de lectura":"3 minutos"},"schema":{"@context":"https:\/\/schema.org","@graph":[{"@type":"Article","@id":"https:\/\/sarmiento24h.com\/?p=166938#article","isPartOf":{"@id":"https:\/\/sarmiento24h.com\/?p=166938"},"author":{"name":"sarmiento24h@gmail.com","@id":"https:\/\/sarmiento24h.com\/#\/schema\/person\/d653a59725ad629a7e0429af7b939d4d"},"headline":"CONESCyT aprueba reforma educativa y nuevas ofertas acad\u00e9micas en Rep\u00fablica Dominicana","datePublished":"2026-04-30T15:28:11+00:00","mainEntityOfPage":{"@id":"https:\/\/sarmiento24h.com\/?p=166938"},"wordCount":602,"publisher":{"@id":"https:\/\/sarmiento24h.com\/#organization"},"image":{"@id":"https:\/\/sarmiento24h.com\/?p=166938#primaryimage"},"thumbnailUrl":"https:\/\/sarmiento24h.com\/wp-content\/uploads\/2026\/04\/conescyt-aprueba-reforma-educativa-y-nuevas-ofertas-academicas-en-republica-dominicana.jpg","articleSection":["Nacionales"],"inLanguage":"es"},{"@type":"WebPage","@id":"https:\/\/sarmiento24h.com\/?p=166938","url":"https:\/\/sarmiento24h.com\/?p=166938","name":"CONESCyT aprueba reforma educativa y nuevas ofertas acad\u00e9micas en Rep\u00fablica Dominicana - Sarmiento24h","isPartOf":{"@id":"https:\/\/sarmiento24h.com\/#website"},"primaryImageOfPage":{"@id":"https:\/\/sarmiento24h.com\/?p=166938#primaryimage"},"image":{"@id":"https:\/\/sarmiento24h.com\/?p=166938#primaryimage"},"thumbnailUrl":"https:\/\/sarmiento24h.com\/wp-content\/uploads\/2026\/04\/conescyt-aprueba-reforma-educativa-y-nuevas-ofertas-academicas-en-republica-dominicana.jpg","datePublished":"2026-04-30T15:28:11+00:00","breadcrumb":{"@id":"https:\/\/sarmiento24h.com\/?p=166938#breadcrumb"},"inLanguage":"es","potentialAction":[{"@type":"ReadAction","target":["https:\/\/sarmiento24h.com\/?p=166938"]}]},{"@type":"ImageObject","inLanguage":"es","@id":"https:\/\/sarmiento24h.com\/?p=166938#primaryimage","url":"https:\/\/sarmiento24h.com\/wp-content\/uploads\/2026\/04\/conescyt-aprueba-reforma-educativa-y-nuevas-ofertas-academicas-en-republica-dominicana.jpg","contentUrl":"https:\/\/sarmiento24h.com\/wp-content\/uploads\/2026\/04\/conescyt-aprueba-reforma-educativa-y-nuevas-ofertas-academicas-en-republica-dominicana.jpg","width":1200,"height":675},{"@type":"BreadcrumbList","@id":"https:\/\/sarmiento24h.com\/?p=166938#breadcrumb","itemListElement":[{"@type":"ListItem","position":1,"name":"Home","item":"https:\/\/sarmiento24h.com\/"},{"@type":"ListItem","position":2,"name":"CONESCyT aprueba reforma educativa y nuevas ofertas acad\u00e9micas en Rep\u00fablica Dominicana"}]},{"@type":"WebSite","@id":"https:\/\/sarmiento24h.com\/#website","url":"https:\/\/sarmiento24h.com\/","name":"Sarmiento24h","description":"","publisher":{"@id":"https:\/\/sarmiento24h.com\/#organization"},"potentialAction":[{"@type":"SearchAction","target":{"@type":"EntryPoint","urlTemplate":"https:\/\/sarmiento24h.com\/?s={search_term_string}"},"query-input":{"@type":"PropertyValueSpecification","valueRequired":true,"valueName":"search_term_string"}}],"inLanguage":"es"},{"@type":"Organization","@id":"https:\/\/sarmiento24h.com\/#organization","name":"Sarmiento24h","url":"https:\/\/sarmiento24h.com\/","logo":{"@type":"ImageObject","inLanguage":"es","@id":"https:\/\/sarmiento24h.com\/#\/schema\/logo\/image\/","url":"https:\/\/sarmiento24h.com\/wp-content\/uploads\/2025\/12\/AddText_12-16-10.30.52.jpg","contentUrl":"https:\/\/sarmiento24h.com\/wp-content\/uploads\/2025\/12\/AddText_12-16-10.30.52.jpg","width":1220,"height":324,"caption":"Sarmiento24h"},"image":{"@id":"https:\/\/sarmiento24h.com\/#\/schema\/logo\/image\/"},"sameAs":["https:\/\/facebook.com\/s24hnoticias","https:\/\/x.com\/sarmiento24h"]},{"@type":"Person","@id":"https:\/\/sarmiento24h.com\/#\/schema\/person\/d653a59725ad629a7e0429af7b939d4d","name":"sarmiento24h@gmail.com","image":{"@type":"ImageObject","inLanguage":"es","@id":"https:\/\/sarmiento24h.com\/wp-content\/litespeed\/avatar\/d02cbc4e23c747e6659cd45907173c8f.jpg?ver=1777157796","url":"https:\/\/sarmiento24h.com\/wp-content\/litespeed\/avatar\/d02cbc4e23c747e6659cd45907173c8f.jpg?ver=1777157796","contentUrl":"https:\/\/sarmiento24h.com\/wp-content\/litespeed\/avatar\/d02cbc4e23c747e6659cd45907173c8f.jpg?ver=1777157796","caption":"sarmiento24h@gmail.com"},"sameAs":["https:\/\/sarmiento24h.com"],"url":"https:\/\/sarmiento24h.com\/?author=1"}]}},"jetpack_publicize_connections":[],"jetpack_featured_media_url":"https:\/\/sarmiento24h.com\/wp-content\/uploads\/2026\/04\/conescyt-aprueba-reforma-educativa-y-nuevas-ofertas-academicas-en-republica-dominicana.jpg","jetpack_sharing_enabled":true,"_links":{"self":[{"href":"https:\/\/sarmiento24h.com\/index.php?rest_route=\/wp\/v2\/posts\/166938","targetHints":{"allow":["GET"]}}],"collection":[{"href":"https:\/\/sarmiento24h.com\/index.php?rest_route=\/wp\/v2\/posts"}],"about":[{"href":"https:\/\/sarmiento24h.com\/index.php?rest_route=\/wp\/v2\/types\/post"}],"author":[{"embeddable":true,"href":"https:\/\/sarmiento24h.com\/index.php?rest_route=\/wp\/v2\/users\/1"}],"replies":[{"embeddable":true,"href":"https:\/\/sarmiento24h.com\/index.php?rest_route=%2Fwp%2Fv2%2Fcomments&post=166938"}],"version-history":[{"count":0,"href":"https:\/\/sarmiento24h.com\/index.php?rest_route=\/wp\/v2\/posts\/166938\/revisions"}],"wp:featuredmedia":[{"embeddable":true,"href":"https:\/\/sarmiento24h.com\/index.php?rest_route=\/wp\/v2\/media\/166939"}],"wp:attachment":[{"href":"https:\/\/sarmiento24h.com\/index.php?rest_route=%2Fwp%2Fv2%2Fmedia&parent=166938"}],"wp:term":[{"taxonomy":"category","embeddable":true,"href":"https:\/\/sarmiento24h.com\/index.php?rest_route=%2Fwp%2Fv2%2Fcategories&post=166938"},{"taxonomy":"post_tag","embeddable":true,"href":"https:\/\/sarmiento24h.com\/index.php?rest_route=%2Fwp%2Fv2%2Ftags&post=166938"}],"curies":[{"name":"wp","href":"https:\/\/api.w.org\/{rel}","templated":true}]}}