{"id":167033,"date":"2026-04-30T16:27:31","date_gmt":"2026-04-30T16:27:31","guid":{"rendered":"http:\/\/d835b4b0-44a0-11f1-a51d-81e3567ac04d"},"modified":"2026-04-30T16:27:31","modified_gmt":"2026-04-30T16:27:31","slug":"podria-la-guerra-en-iran-convertirse-en-un-conflicto-prolongado-y-congelado-aj","status":"publish","type":"post","link":"https:\/\/sarmiento24h.com\/?p=167033","title":{"rendered":"\u00bfPodr\u00eda la guerra en Ir\u00e1n convertirse en un conflicto prolongado y congelado?: &#8216;AJ&#8217;"},"content":{"rendered":"<div class=\"m-master-tag\">\n<p> <span class=\"a-section-color\"><\/span> Medio Oriente <\/p>\n<\/p><\/div>\n<div class=\"t-content__main-media\" data-media-video-e3e10eca-8c24-4efb-a579-e5f5d12fe298 data-wrapper-video-player data-show-hidden-video-player=\"E3E10ECA-8C24-4EFB-A579-E5F5D12FE298\" data-autoplay-video-link data-youtube-script>\n<div class=\"o-em-consent \" readability=\"7\">\n<div class=\"o-em-consent__content\" readability=\"9\">\n<p class=\"o-em-consent__content__text\">Para mostrar este contenido de YouTube, debe autorizar las cookies de medici\u00f3n de audiencia y publicidad.<\/p>\n<p> <button class=\"a-master-button a-master-button--dark\" data-action=\"accept\"> Aceptar <svg class=\"a-svg a-svg--icon-check\"> <use xlink:href=\"\/build\/images\/svg\/sprite.c98bf387c90bc4a87186b0b783f15ba0.svg#icon-check\" href=\"\/build\/images\/svg\/sprite.c98bf387c90bc4a87186b0b783f15ba0.svg#icon-check\" \/> <\/svg> <\/button> <button class=\"a-link\" data-action=\"manage\">Gestionar mis opciones<i class=\"a-svg a-svg--icon-edit\"><\/i><\/button> <\/div>\n<\/div>\n<div class=\"o-em-adblock\" data-adblock-content readability=\"7\">\n<div class=\"o-em-adblock__content\" readability=\"9\">\n<p class=\"o-em-adblock__content__text\">Una extensi\u00f3n de tu navegador parece estar bloqueando la carga del reproductor de video. Para poder ver este contenido, debes desactivarla en este sitio.<\/p>\n<p> <button class=\"a-master-button a-master-button--dark\" data-action=\"reload\">Reintentar<\/button> <\/div>\n<\/div>\n<figure class=\"m-item-image m-item-image--16x9 m-item-image--has-caption\"> <picture class=\"a-picture a-picture--16x9\"><source type=\"image\/webp\" srcset=\"https:\/\/s.france24.com\/media\/display\/e20f594e-449d-11f1-8b86-005056bfb2b6\/w:388\/p:16x9\/ES-20260430-081328-082011-CS.webp 388w, https:\/\/s.france24.com\/media\/display\/e20f594e-449d-11f1-8b86-005056bfb2b6\/w:720\/p:16x9\/ES-20260430-081328-082011-CS.webp 720w, https:\/\/s.france24.com\/media\/display\/e20f594e-449d-11f1-8b86-005056bfb2b6\/w:1024\/p:16x9\/ES-20260430-081328-082011-CS.webp 1024w\" sizes=\"(max-width: 1076px) 100vw, 1012px\"><img fetchpriority=\"high\" decoding=\"auto\" src=\"https:\/\/s.france24.com\/media\/display\/e20f594e-449d-11f1-8b86-005056bfb2b6\/w:1024\/p:16x9\/ES-20260430-081328-082011-CS.jpg\" srcset=\"https:\/\/s.france24.com\/media\/display\/e20f594e-449d-11f1-8b86-005056bfb2b6\/w:388\/p:16x9\/ES-20260430-081328-082011-CS.jpg 388w, https:\/\/s.france24.com\/media\/display\/e20f594e-449d-11f1-8b86-005056bfb2b6\/w:720\/p:16x9\/ES-20260430-081328-082011-CS.jpg 720w, https:\/\/s.france24.com\/media\/display\/e20f594e-449d-11f1-8b86-005056bfb2b6\/w:1024\/p:16x9\/ES-20260430-081328-082011-CS.jpg 1024w\" sizes=\"(max-width: 1076px) 100vw, 1012px\" width=\"1024\" height=\"576\" alt=\"Guerra en Medio Oriente\" loading=\"eager\" class=\"a-img \">\n<\/picture><figcaption class=\"a-figcaption\"> <span>Guerra en Medio Oriente<\/span> <span>\u00a9 France 24<\/span> <\/figcaption><\/figure>\n<\/p><\/div>\n<div class=\"t-content__metadata\" readability=\"6\">\n<div class=\"t-content__dates\" readability=\"7\">\n<p class=\"m-pub-dates\"><span class=\"m-pub-dates__date\">Primera modificaci\u00f3n: <time datetime=\"2026-04-30T16:11:10+00:00\" pubdate=\"pubdate\">30\/04\/2026 &#8211; 18:11<\/time><\/span><\/p>\n<\/p><\/div>\n<p> <svg class=\"a-svg a-svg--icon-replay\"> <use xlink:href=\"\/build\/images\/svg\/sprite.c98bf387c90bc4a87186b0b783f15ba0.svg#icon-replay\" href=\"\/build\/images\/svg\/sprite.c98bf387c90bc4a87186b0b783f15ba0.svg#icon-replay\" \/> <\/svg> 06:43 min <\/p>\n<\/p><\/div>\n<div class=\"t-content__page-cta\">\n<div class=\"a-audio-player-btn a-audio-player-btn--skeleton a-audio-player-btn--cta\" data-root-audio-player-button data-short-lived-vue-app data-site-nav-close> <play-media v-bind:current-media=\"mediaId\" v-bind:is-player-playing=\"isPlayerPlaying\" media-id=\"BE_ab0f4086-7a85-449c-895a-f6a4ffca74e9\" v-on:emitted-click=\"playOrPause\" class=\"a-picto-play-pause a-master-button a-master-button--dark\" play-class=\"a-picto-play-pause--play\" pause-class=\"a-picto-play-pause--pause\" play-title pause-title page-url :smaller-icons=\"false\" :add-editions-automatically=\"false\" :is-live=\"false\" data-label> <template> <span class=\"a-audio-player-btn__label\">Escuchar (06:43 min) <\/span> <\/template> <span class=\"a-svg a-svg--icon-audio\"> <\/span> <template> <span class=\"a-svg a-svg--icon-pause\"> <\/span> <\/template> <\/play-media> <\/div>\n<\/p><\/div>\n<p> <a href=\"https:\/\/www.france24.com\/es\/programas\/revista-de-prensa\/\" class=\"t-content__program m-program\"> <\/p>\n<p>Viene del show<\/p>\n<p> <svg class=\"a-svg a-svg--icon-caret-right a-svg--rotate-minus-90\"> <use xlink:href=\"\/build\/images\/svg\/sprite.c98bf387c90bc4a87186b0b783f15ba0.svg#icon-caret-down\" href=\"\/build\/images\/svg\/sprite.c98bf387c90bc4a87186b0b783f15ba0.svg#icon-caret-down\" \/> <\/svg> <picture class=\"a-picture a-picture--original\"> <img fetchpriority=\"low\" decoding=\"async\" src=\"https:\/\/s.france24.com\/media\/display\/cfb3743c-09f5-11ee-8b83-005056bf30b7\/ES-revista-de-prensa.svg\" srcset=\"https:\/\/s.france24.com\/media\/display\/cfb3743c-09f5-11ee-8b83-005056bf30b7\/ES-revista-de-prensa.svg\" alt=\"Revista de prensa\" loading=\"eager\" class=\"a-img a-img--svg\">\n<\/picture> <\/a> <\/p>\n<p> <svg class=\"a-svg a-svg--icon-clock\"> <use xlink:href=\"\/build\/images\/svg\/sprite.c98bf387c90bc4a87186b0b783f15ba0.svg#icon-clock\" href=\"\/build\/images\/svg\/sprite.c98bf387c90bc4a87186b0b783f15ba0.svg#icon-clock\" \/> <\/svg> <span class=\"t-content__reading-time__label\">Tiempo de lectura<\/span> 1 min<\/p>\n<p class=\"t-content__chapo\"> Medios estadounidenses e israel\u00edes apuntan a que el congelamiento del conflicto en Medio Oriente se debe a la indecisi\u00f3n de Donald Trump entre si emprender una escalada militar o seguir el camino diplom\u00e1tico. &#8216;Al Jazeera&#8217; se\u00f1ala que un conflicto de baja intensidad, intercalado con ataques peri\u00f3dicos prolonga la inestabilidad regional y pertuba la econom\u00eda mundial. Adem\u00e1s, se\u00f1alan que las guerras extendidas suelen ser producto de un error de c\u00e1lculo o de una decisi\u00f3n deliberada. El medio se pregunta si en este caso se trata de un enfrentamiento b\u00e9lico iniciado por un mal c\u00e1lculo que ahora se prolonga por decisi\u00f3n de una de las partes. <\/p>\n<div class=\"t-content__authors\">\n<div class=\"m-from-author\"> <span class=\"m-from-author__by-label\"> Por: <\/span> <\/p>\n<div class=\"m-author m-author--small m-author--has-image\">\n<div class=\"m-author__image\"> <picture class=\"a-picture a-picture--1x1\"><source type=\"image\/webp\" srcset=\"https:\/\/s.france24.com\/media\/display\/3d5ecbc2-083a-11f1-a3dc-005056bf30b7\/w:177\/p:1x1\/Captura-de-pantalla-2026-02-12-a-la-s-12-42-29.webp 177w, https:\/\/s.france24.com\/media\/display\/3d5ecbc2-083a-11f1-a3dc-005056bf30b7\/w:388\/p:1x1\/Captura-de-pantalla-2026-02-12-a-la-s-12-42-29.webp 388w\" sizes=\"(max-width: 639px) 100px, 170px\"><img fetchpriority=\"low\" decoding=\"async\" src=\"https:\/\/s.france24.com\/media\/display\/3d5ecbc2-083a-11f1-a3dc-005056bf30b7\/w:388\/p:1x1\/Captura-de-pantalla-2026-02-12-a-la-s-12-42-29.png\" srcset=\"https:\/\/s.france24.com\/media\/display\/3d5ecbc2-083a-11f1-a3dc-005056bf30b7\/w:177\/p:1x1\/Captura-de-pantalla-2026-02-12-a-la-s-12-42-29.png 177w, https:\/\/s.france24.com\/media\/display\/3d5ecbc2-083a-11f1-a3dc-005056bf30b7\/w:388\/p:1x1\/Captura-de-pantalla-2026-02-12-a-la-s-12-42-29.png 388w\" sizes=\"auto, (max-width: 639px) 100px, 170px\" width=\"388\" height=\"388\" alt=\"Patricio Peralta\" loading=\"lazy\" class=\"a-img \">\n<\/picture> <\/div>\n<\/p><\/div>\n<\/p><\/div>\n<\/p><\/div>\n","protected":false},"excerpt":{"rendered":"<p>Medio Oriente Para mostrar este contenido de&#46;&#46;&#46;<\/p>\n","protected":false},"author":1,"featured_media":167034,"comment_status":"closed","ping_status":"closed","sticky":false,"template":"","format":"standard","meta":{"_jetpack_memberships_contains_paid_content":false,"footnotes":"","jetpack_publicize_message":"","jetpack_publicize_feature_enabled":true,"jetpack_social_post_already_shared":true,"jetpack_social_options":{"image_generator_settings":{"template":"highway","default_image_id":0,"font":"","enabled":false},"version":2}},"categories":[43],"tags":[],"class_list":["post-167033","post","type-post","status-publish","format-standard","has-post-thumbnail","hentry","category-internacionales"],"yoast_head":"<!-- This site is optimized with the Yoast SEO plugin v27.3 - https:\/\/yoast.com\/product\/yoast-seo-wordpress\/ -->\n<title>\u00bfPodr\u00eda la guerra en Ir\u00e1n convertirse en un conflicto prolongado y congelado?: &#039;AJ&#039; - Sarmiento24h<\/title>\n<meta name=\"robots\" content=\"index, follow, max-snippet:-1, max-image-preview:large, max-video-preview:-1\" \/>\n<link rel=\"canonical\" href=\"https:\/\/sarmiento24h.com\/?p=167033\" \/>\n<meta property=\"og:locale\" content=\"es_ES\" \/>\n<meta property=\"og:type\" content=\"article\" \/>\n<meta property=\"og:title\" content=\"\u00bfPodr\u00eda la guerra en Ir\u00e1n convertirse en un conflicto prolongado y congelado?: &#039;AJ&#039; - Sarmiento24h\" \/>\n<meta property=\"og:description\" content=\"Medio Oriente Para mostrar este contenido de&#046;&#046;&#046;\" \/>\n<meta property=\"og:url\" content=\"https:\/\/sarmiento24h.com\/?p=167033\" \/>\n<meta property=\"og:site_name\" content=\"Sarmiento24h\" \/>\n<meta property=\"article:publisher\" content=\"https:\/\/facebook.com\/s24hnoticias\" \/>\n<meta property=\"article:published_time\" content=\"2026-04-30T16:27:31+00:00\" \/>\n<meta property=\"og:image\" content=\"https:\/\/s.france24.com\/media\/display\/e20f594e-449d-11f1-8b86-005056bfb2b6\/w:1024\/p:16x9\/ES-20260430-081328-082011-CS.jpg\" \/>\n<meta name=\"author\" content=\"sarmiento24h@gmail.com\" \/>\n<meta name=\"twitter:card\" content=\"summary_large_image\" \/>\n<meta name=\"twitter:creator\" content=\"@sarmiento24h\" \/>\n<meta name=\"twitter:site\" content=\"@sarmiento24h\" \/>\n<meta name=\"twitter:label1\" content=\"Escrito por\" \/>\n\t<meta name=\"twitter:data1\" content=\"sarmiento24h@gmail.com\" \/>\n\t<meta name=\"twitter:label2\" content=\"Tiempo de lectura\" \/>\n\t<meta name=\"twitter:data2\" content=\"1 minuto\" \/>\n<script type=\"application\/ld+json\" class=\"yoast-schema-graph\">{\"@context\":\"https:\\\/\\\/schema.org\",\"@graph\":[{\"@type\":\"Article\",\"@id\":\"https:\\\/\\\/sarmiento24h.com\\\/?p=167033#article\",\"isPartOf\":{\"@id\":\"https:\\\/\\\/sarmiento24h.com\\\/?p=167033\"},\"author\":{\"name\":\"sarmiento24h@gmail.com\",\"@id\":\"https:\\\/\\\/sarmiento24h.com\\\/#\\\/schema\\\/person\\\/d653a59725ad629a7e0429af7b939d4d\"},\"headline\":\"\u00bfPodr\u00eda la guerra en Ir\u00e1n convertirse en un conflicto prolongado y congelado?: &#8216;AJ&#8217;\",\"datePublished\":\"2026-04-30T16:27:31+00:00\",\"mainEntityOfPage\":{\"@id\":\"https:\\\/\\\/sarmiento24h.com\\\/?p=167033\"},\"wordCount\":201,\"publisher\":{\"@id\":\"https:\\\/\\\/sarmiento24h.com\\\/#organization\"},\"image\":{\"@id\":\"https:\\\/\\\/sarmiento24h.com\\\/?p=167033#primaryimage\"},\"thumbnailUrl\":\"https:\\\/\\\/sarmiento24h.com\\\/wp-content\\\/uploads\\\/2026\\\/04\\\/podria-la-guerra-en-iran-convertirse-en-un-conflicto-prolongado-y-congelado-aj.jpg\",\"articleSection\":[\"Internacionales\"],\"inLanguage\":\"es\"},{\"@type\":\"WebPage\",\"@id\":\"https:\\\/\\\/sarmiento24h.com\\\/?p=167033\",\"url\":\"https:\\\/\\\/sarmiento24h.com\\\/?p=167033\",\"name\":\"\u00bfPodr\u00eda la guerra en Ir\u00e1n convertirse en un conflicto prolongado y congelado?: 'AJ' - Sarmiento24h\",\"isPartOf\":{\"@id\":\"https:\\\/\\\/sarmiento24h.com\\\/#website\"},\"primaryImageOfPage\":{\"@id\":\"https:\\\/\\\/sarmiento24h.com\\\/?p=167033#primaryimage\"},\"image\":{\"@id\":\"https:\\\/\\\/sarmiento24h.com\\\/?p=167033#primaryimage\"},\"thumbnailUrl\":\"https:\\\/\\\/sarmiento24h.com\\\/wp-content\\\/uploads\\\/2026\\\/04\\\/podria-la-guerra-en-iran-convertirse-en-un-conflicto-prolongado-y-congelado-aj.jpg\",\"datePublished\":\"2026-04-30T16:27:31+00:00\",\"breadcrumb\":{\"@id\":\"https:\\\/\\\/sarmiento24h.com\\\/?p=167033#breadcrumb\"},\"inLanguage\":\"es\",\"potentialAction\":[{\"@type\":\"ReadAction\",\"target\":[\"https:\\\/\\\/sarmiento24h.com\\\/?p=167033\"]}]},{\"@type\":\"ImageObject\",\"inLanguage\":\"es\",\"@id\":\"https:\\\/\\\/sarmiento24h.com\\\/?p=167033#primaryimage\",\"url\":\"https:\\\/\\\/sarmiento24h.com\\\/wp-content\\\/uploads\\\/2026\\\/04\\\/podria-la-guerra-en-iran-convertirse-en-un-conflicto-prolongado-y-congelado-aj.jpg\",\"contentUrl\":\"https:\\\/\\\/sarmiento24h.com\\\/wp-content\\\/uploads\\\/2026\\\/04\\\/podria-la-guerra-en-iran-convertirse-en-un-conflicto-prolongado-y-congelado-aj.jpg\",\"width\":1024,\"height\":576},{\"@type\":\"BreadcrumbList\",\"@id\":\"https:\\\/\\\/sarmiento24h.com\\\/?p=167033#breadcrumb\",\"itemListElement\":[{\"@type\":\"ListItem\",\"position\":1,\"name\":\"Home\",\"item\":\"https:\\\/\\\/sarmiento24h.com\\\/\"},{\"@type\":\"ListItem\",\"position\":2,\"name\":\"\u00bfPodr\u00eda la guerra en Ir\u00e1n convertirse en un conflicto prolongado y congelado?: &#8216;AJ&#8217;\"}]},{\"@type\":\"WebSite\",\"@id\":\"https:\\\/\\\/sarmiento24h.com\\\/#website\",\"url\":\"https:\\\/\\\/sarmiento24h.com\\\/\",\"name\":\"Sarmiento24h\",\"description\":\"\",\"publisher\":{\"@id\":\"https:\\\/\\\/sarmiento24h.com\\\/#organization\"},\"potentialAction\":[{\"@type\":\"SearchAction\",\"target\":{\"@type\":\"EntryPoint\",\"urlTemplate\":\"https:\\\/\\\/sarmiento24h.com\\\/?s={search_term_string}\"},\"query-input\":{\"@type\":\"PropertyValueSpecification\",\"valueRequired\":true,\"valueName\":\"search_term_string\"}}],\"inLanguage\":\"es\"},{\"@type\":\"Organization\",\"@id\":\"https:\\\/\\\/sarmiento24h.com\\\/#organization\",\"name\":\"Sarmiento24h\",\"url\":\"https:\\\/\\\/sarmiento24h.com\\\/\",\"logo\":{\"@type\":\"ImageObject\",\"inLanguage\":\"es\",\"@id\":\"https:\\\/\\\/sarmiento24h.com\\\/#\\\/schema\\\/logo\\\/image\\\/\",\"url\":\"https:\\\/\\\/sarmiento24h.com\\\/wp-content\\\/uploads\\\/2025\\\/12\\\/AddText_12-16-10.30.52.jpg\",\"contentUrl\":\"https:\\\/\\\/sarmiento24h.com\\\/wp-content\\\/uploads\\\/2025\\\/12\\\/AddText_12-16-10.30.52.jpg\",\"width\":1220,\"height\":324,\"caption\":\"Sarmiento24h\"},\"image\":{\"@id\":\"https:\\\/\\\/sarmiento24h.com\\\/#\\\/schema\\\/logo\\\/image\\\/\"},\"sameAs\":[\"https:\\\/\\\/facebook.com\\\/s24hnoticias\",\"https:\\\/\\\/x.com\\\/sarmiento24h\"]},{\"@type\":\"Person\",\"@id\":\"https:\\\/\\\/sarmiento24h.com\\\/#\\\/schema\\\/person\\\/d653a59725ad629a7e0429af7b939d4d\",\"name\":\"sarmiento24h@gmail.com\",\"image\":{\"@type\":\"ImageObject\",\"inLanguage\":\"es\",\"@id\":\"https:\\\/\\\/sarmiento24h.com\\\/wp-content\\\/litespeed\\\/avatar\\\/d02cbc4e23c747e6659cd45907173c8f.jpg?ver=1777157796\",\"url\":\"https:\\\/\\\/sarmiento24h.com\\\/wp-content\\\/litespeed\\\/avatar\\\/d02cbc4e23c747e6659cd45907173c8f.jpg?ver=1777157796\",\"contentUrl\":\"https:\\\/\\\/sarmiento24h.com\\\/wp-content\\\/litespeed\\\/avatar\\\/d02cbc4e23c747e6659cd45907173c8f.jpg?ver=1777157796\",\"caption\":\"sarmiento24h@gmail.com\"},\"sameAs\":[\"https:\\\/\\\/sarmiento24h.com\"],\"url\":\"https:\\\/\\\/sarmiento24h.com\\\/?author=1\"}]}<\/script>\n<!-- \/ Yoast SEO plugin. -->","yoast_head_json":{"title":"\u00bfPodr\u00eda la guerra en Ir\u00e1n convertirse en un conflicto prolongado y congelado?: 'AJ' - Sarmiento24h","robots":{"index":"index","follow":"follow","max-snippet":"max-snippet:-1","max-image-preview":"max-image-preview:large","max-video-preview":"max-video-preview:-1"},"canonical":"https:\/\/sarmiento24h.com\/?p=167033","og_locale":"es_ES","og_type":"article","og_title":"\u00bfPodr\u00eda la guerra en Ir\u00e1n convertirse en un conflicto prolongado y congelado?: 'AJ' - Sarmiento24h","og_description":"Medio Oriente Para mostrar este contenido de&#46;&#46;&#46;","og_url":"https:\/\/sarmiento24h.com\/?p=167033","og_site_name":"Sarmiento24h","article_publisher":"https:\/\/facebook.com\/s24hnoticias","article_published_time":"2026-04-30T16:27:31+00:00","og_image":[{"url":"https:\/\/s.france24.com\/media\/display\/e20f594e-449d-11f1-8b86-005056bfb2b6\/w:1024\/p:16x9\/ES-20260430-081328-082011-CS.jpg","type":"","width":"","height":""}],"author":"sarmiento24h@gmail.com","twitter_card":"summary_large_image","twitter_creator":"@sarmiento24h","twitter_site":"@sarmiento24h","twitter_misc":{"Escrito por":"sarmiento24h@gmail.com","Tiempo de lectura":"1 minuto"},"schema":{"@context":"https:\/\/schema.org","@graph":[{"@type":"Article","@id":"https:\/\/sarmiento24h.com\/?p=167033#article","isPartOf":{"@id":"https:\/\/sarmiento24h.com\/?p=167033"},"author":{"name":"sarmiento24h@gmail.com","@id":"https:\/\/sarmiento24h.com\/#\/schema\/person\/d653a59725ad629a7e0429af7b939d4d"},"headline":"\u00bfPodr\u00eda la guerra en Ir\u00e1n convertirse en un conflicto prolongado y congelado?: &#8216;AJ&#8217;","datePublished":"2026-04-30T16:27:31+00:00","mainEntityOfPage":{"@id":"https:\/\/sarmiento24h.com\/?p=167033"},"wordCount":201,"publisher":{"@id":"https:\/\/sarmiento24h.com\/#organization"},"image":{"@id":"https:\/\/sarmiento24h.com\/?p=167033#primaryimage"},"thumbnailUrl":"https:\/\/sarmiento24h.com\/wp-content\/uploads\/2026\/04\/podria-la-guerra-en-iran-convertirse-en-un-conflicto-prolongado-y-congelado-aj.jpg","articleSection":["Internacionales"],"inLanguage":"es"},{"@type":"WebPage","@id":"https:\/\/sarmiento24h.com\/?p=167033","url":"https:\/\/sarmiento24h.com\/?p=167033","name":"\u00bfPodr\u00eda la guerra en Ir\u00e1n convertirse en un conflicto prolongado y congelado?: 'AJ' - Sarmiento24h","isPartOf":{"@id":"https:\/\/sarmiento24h.com\/#website"},"primaryImageOfPage":{"@id":"https:\/\/sarmiento24h.com\/?p=167033#primaryimage"},"image":{"@id":"https:\/\/sarmiento24h.com\/?p=167033#primaryimage"},"thumbnailUrl":"https:\/\/sarmiento24h.com\/wp-content\/uploads\/2026\/04\/podria-la-guerra-en-iran-convertirse-en-un-conflicto-prolongado-y-congelado-aj.jpg","datePublished":"2026-04-30T16:27:31+00:00","breadcrumb":{"@id":"https:\/\/sarmiento24h.com\/?p=167033#breadcrumb"},"inLanguage":"es","potentialAction":[{"@type":"ReadAction","target":["https:\/\/sarmiento24h.com\/?p=167033"]}]},{"@type":"ImageObject","inLanguage":"es","@id":"https:\/\/sarmiento24h.com\/?p=167033#primaryimage","url":"https:\/\/sarmiento24h.com\/wp-content\/uploads\/2026\/04\/podria-la-guerra-en-iran-convertirse-en-un-conflicto-prolongado-y-congelado-aj.jpg","contentUrl":"https:\/\/sarmiento24h.com\/wp-content\/uploads\/2026\/04\/podria-la-guerra-en-iran-convertirse-en-un-conflicto-prolongado-y-congelado-aj.jpg","width":1024,"height":576},{"@type":"BreadcrumbList","@id":"https:\/\/sarmiento24h.com\/?p=167033#breadcrumb","itemListElement":[{"@type":"ListItem","position":1,"name":"Home","item":"https:\/\/sarmiento24h.com\/"},{"@type":"ListItem","position":2,"name":"\u00bfPodr\u00eda la guerra en Ir\u00e1n convertirse en un conflicto prolongado y congelado?: &#8216;AJ&#8217;"}]},{"@type":"WebSite","@id":"https:\/\/sarmiento24h.com\/#website","url":"https:\/\/sarmiento24h.com\/","name":"Sarmiento24h","description":"","publisher":{"@id":"https:\/\/sarmiento24h.com\/#organization"},"potentialAction":[{"@type":"SearchAction","target":{"@type":"EntryPoint","urlTemplate":"https:\/\/sarmiento24h.com\/?s={search_term_string}"},"query-input":{"@type":"PropertyValueSpecification","valueRequired":true,"valueName":"search_term_string"}}],"inLanguage":"es"},{"@type":"Organization","@id":"https:\/\/sarmiento24h.com\/#organization","name":"Sarmiento24h","url":"https:\/\/sarmiento24h.com\/","logo":{"@type":"ImageObject","inLanguage":"es","@id":"https:\/\/sarmiento24h.com\/#\/schema\/logo\/image\/","url":"https:\/\/sarmiento24h.com\/wp-content\/uploads\/2025\/12\/AddText_12-16-10.30.52.jpg","contentUrl":"https:\/\/sarmiento24h.com\/wp-content\/uploads\/2025\/12\/AddText_12-16-10.30.52.jpg","width":1220,"height":324,"caption":"Sarmiento24h"},"image":{"@id":"https:\/\/sarmiento24h.com\/#\/schema\/logo\/image\/"},"sameAs":["https:\/\/facebook.com\/s24hnoticias","https:\/\/x.com\/sarmiento24h"]},{"@type":"Person","@id":"https:\/\/sarmiento24h.com\/#\/schema\/person\/d653a59725ad629a7e0429af7b939d4d","name":"sarmiento24h@gmail.com","image":{"@type":"ImageObject","inLanguage":"es","@id":"https:\/\/sarmiento24h.com\/wp-content\/litespeed\/avatar\/d02cbc4e23c747e6659cd45907173c8f.jpg?ver=1777157796","url":"https:\/\/sarmiento24h.com\/wp-content\/litespeed\/avatar\/d02cbc4e23c747e6659cd45907173c8f.jpg?ver=1777157796","contentUrl":"https:\/\/sarmiento24h.com\/wp-content\/litespeed\/avatar\/d02cbc4e23c747e6659cd45907173c8f.jpg?ver=1777157796","caption":"sarmiento24h@gmail.com"},"sameAs":["https:\/\/sarmiento24h.com"],"url":"https:\/\/sarmiento24h.com\/?author=1"}]}},"jetpack_publicize_connections":[],"jetpack_featured_media_url":"https:\/\/sarmiento24h.com\/wp-content\/uploads\/2026\/04\/podria-la-guerra-en-iran-convertirse-en-un-conflicto-prolongado-y-congelado-aj.jpg","jetpack_sharing_enabled":true,"_links":{"self":[{"href":"https:\/\/sarmiento24h.com\/index.php?rest_route=\/wp\/v2\/posts\/167033","targetHints":{"allow":["GET"]}}],"collection":[{"href":"https:\/\/sarmiento24h.com\/index.php?rest_route=\/wp\/v2\/posts"}],"about":[{"href":"https:\/\/sarmiento24h.com\/index.php?rest_route=\/wp\/v2\/types\/post"}],"author":[{"embeddable":true,"href":"https:\/\/sarmiento24h.com\/index.php?rest_route=\/wp\/v2\/users\/1"}],"replies":[{"embeddable":true,"href":"https:\/\/sarmiento24h.com\/index.php?rest_route=%2Fwp%2Fv2%2Fcomments&post=167033"}],"version-history":[{"count":0,"href":"https:\/\/sarmiento24h.com\/index.php?rest_route=\/wp\/v2\/posts\/167033\/revisions"}],"wp:featuredmedia":[{"embeddable":true,"href":"https:\/\/sarmiento24h.com\/index.php?rest_route=\/wp\/v2\/media\/167034"}],"wp:attachment":[{"href":"https:\/\/sarmiento24h.com\/index.php?rest_route=%2Fwp%2Fv2%2Fmedia&parent=167033"}],"wp:term":[{"taxonomy":"category","embeddable":true,"href":"https:\/\/sarmiento24h.com\/index.php?rest_route=%2Fwp%2Fv2%2Fcategories&post=167033"},{"taxonomy":"post_tag","embeddable":true,"href":"https:\/\/sarmiento24h.com\/index.php?rest_route=%2Fwp%2Fv2%2Ftags&post=167033"}],"curies":[{"name":"wp","href":"https:\/\/api.w.org\/{rel}","templated":true}]}}