{"id":167209,"date":"2026-04-30T17:37:10","date_gmt":"2026-04-30T17:37:10","guid":{"rendered":"http:\/\/30fb29ba-44b8-11f1-970b-2b483453774f"},"modified":"2026-04-30T17:37:10","modified_gmt":"2026-04-30T17:37:10","slug":"trump-sopesa-reducir-tropas-de-ee-uu-en-alemania-que-probabilidad-hay-de-que-cumpla-la-amenaza","status":"publish","type":"post","link":"https:\/\/sarmiento24h.com\/?p=167209","title":{"rendered":"Trump sopesa reducir tropas de EE. UU. en Alemania: \u00bfqu\u00e9 probabilidad hay de que cumpla la amenaza?"},"content":{"rendered":"<p>Donald Trump vuelve a amenazar con retirar las tropas estadounidenses de Alemania, un aliado clave de la OTAN y la mayor econom\u00eda de la Uni\u00f3n Europea. Pero los europeos ya han o\u00eddo antes esa advertencia.<\/p>\n<p>Este jueves 30 de abril, el l\u00edder de la Casa Blanca arremeti\u00f3 de nuevo contra el canciller alem\u00e1n, Friedrich Merz, a quien pidi\u00f3 no \u201cinterferir\u201d en los asuntos relacionados con la guerra en Ir\u00e1n y acus\u00f3 de ser \u201cineficiente\u201d en la resoluci\u00f3n de la invasi\u00f3n rusa a Ucrania.<\/p>\n<p>\u201cEl Canciller de Alemania deber\u00eda dedicar m\u00e1s tiempo a poner fin a la guerra con Rusia\/Ucrania (\u00a1donde ha sido totalmente ineficaz!) y a solucionar los problemas de su pa\u00eds, especialmente en materia de inmigraci\u00f3n y energ\u00eda, y menos tiempo a interferir con quienes est\u00e1n eliminando la amenaza nuclear iran\u00ed, \u00a1convirtiendo as\u00ed al mundo, incluida Alemania, en un lugar m\u00e1s seguro!\u201d, public\u00f3 el mandatario estadounidense en su plataforma Truth Social.<\/p>\n<p>\u00bfLa raz\u00f3n del nuevo episodio de ira de Trump? Las amenazas del actual inquilino de la Casa Blanca llegaron despu\u00e9s de que Merz declarara esta semana que Estados Unidos estaba siendo \u00abhumillado\u00bb por Teher\u00e1n en las negociaciones para poner fin a la guerra, lanzada por Israel y Washington contra la Rep\u00fablica Isl\u00e1mica el pasado 28 de febrero y ahora bajo una fr\u00e1gil tregua.<\/p>\n<p>La nueva arremetida de Trump se produjo despu\u00e9s de amenazar con retirar tropas de EE. UU. de Alemania y tras criticar en repetidas ocasiones a la OTAN por su negativa a ayudar a Washington en el conflicto que inici\u00f3 hace dos meses. Fiel a su estilo, Trump hizo la nueva advertencia en sus redes sociales.<\/p>\n<p>\u00abEstados Unidos est\u00e1 estudiando y analizando la posible reducci\u00f3n de tropas en Alemania, y se tomar\u00e1 una decisi\u00f3n en los pr\u00f3ximos meses\u00bb, se\u00f1al\u00f3 en una publicaci\u00f3n el mi\u00e9rcoles 29 de abril.<\/p>\n<h2><strong>\u00bfQu\u00e9 responde Alemania ante la nueva amenaza de Trump?<\/strong><\/h2>\n<p>Durante su visita a Marruecos, el ministro de Asuntos Exteriores alem\u00e1n, Johann Wadephul, se\u00f1al\u00f3 que su Gobierno est\u00e1 preparado para dialogar con Washington sobre una reducci\u00f3n de tropas estadounidenses, pero que una retirada importante no est\u00e1 en discusi\u00f3n.<\/p>\n<p>En todo caso, Wadephul <strong>insisti\u00f3 en que Alemania est\u00e1 preparada para cualquier decisi\u00f3n de Estados Unidos, en medio de las amenazas de Donald Trump y las duras cr\u00edticas al canciller Friedrich Merz.<\/strong><\/p>\n<p>\u201cEstamos preparados para ello, lo estamos debatiendo detenidamente y con un esp\u00edritu de confianza en todos los organismos de la OTAN y esperamos decisiones de los estadounidenses al respecto\u201d, declar\u00f3 el ministro alem\u00e1n, citado por AFP.<\/p>\n<p>Cualquier decisi\u00f3n de este tipo \u201cse discutir\u00eda con nosotros y con otros, como corresponde entre aliados\u201d, agreg\u00f3.<\/p>\n<p>Si bien se mostr\u00f3 \u201ctranquilo\u201d ante la idea de una reducci\u00f3n del n\u00famero de tropas estadounidenses en territorio alem\u00e1n, Wadephul declar\u00f3 que las grandes bases estadounidenses en el pa\u00eds europeo \u201cno est\u00e1n en discusi\u00f3n en absoluto\u201d y a\u00f1adi\u00f3, por ejemplo, que la base a\u00e9rea de Ramstein tiene \u201cuna funci\u00f3n insustituible tanto para Estados Unidos como para nosotros\u201d.<\/p>\n<p>Merz, quien visit\u00f3 a las tropas el jueves en un campo de entrenamiento militar en M\u00fcnster, al norte de Alemania, no se refiri\u00f3 directamente a los comentarios de Trump, pero aludi\u00f3 a trabajar \u00abcodo con codo para el beneficio mutuo y en profunda solidaridad transatl\u00e1ntica\u00bb, y dijo que su gobierno ha \u00abhecho grandes esfuerzos para fortalecer la seguridad de Alemania\u00bb.<\/p>\n<h2><strong>\u00bfEst\u00e1 Europa preparada para un retiro de tropas de EE. UU.?<\/strong><\/h2>\n<p>El vol\u00e1til l\u00edder estadounidense lleva a\u00f1os considerando la posibilidad de reducir la presencia militar estadounidense en Alemania y sus reproches y amenazas se han elevado desde que los aliados de la OTAN se negaron a ayudarlo a atacar a Ir\u00e1n.&nbsp;<\/p>\n<p>L\u00edderes como el presidente de Francia, Emmanuel Macron, han insistido en que se trata de un conflicto que Trump decidi\u00f3 emprender junto a Israel sin consultarle a los aliados de la alianza transatl\u00e1ntica.<\/p>\n<p>Pero los socios de Estados Unidos en la OTAN se han estado preparando para una retirada de tropas estadounidenses desde poco despu\u00e9s de que la Administraci\u00f3n Trump asumiera el cargo. Una posibilidad m\u00e1s latente cuando Washington advirti\u00f3 que Europa tendr\u00eda que velar por su propia seguridad, y la de Ucrania, en el futuro.<\/p>\n<p>Un alto funcionario, que habl\u00f3 bajo condici\u00f3n de anonimato con la agencia de noticias estadounidense AP, se\u00f1al\u00f3 que Europa y Alemania, que recientemente anunci\u00f3 su nueva estrategia militar, est\u00e1n asumiendo una mayor responsabilidad en materia de seguridad en el continente.<\/p>\n<div class=\"m-em-image\">\n<figure class=\"m-item-image m-item-image--original m-item-image--has-caption\"> <picture class=\"a-picture a-picture--original\"><source type=\"image\/webp\" srcset=\"https:\/\/s.france24.com\/media\/display\/9685bc30-b4eb-11f0-a915-005056a90284\/w:246\/2025-10-29T091304Z-1212801423-RC2NXCACWHMC-RTRMADP-3-ROMANIA-SECURITY-USA.webp 246w, https:\/\/s.france24.com\/media\/display\/9685bc30-b4eb-11f0-a915-005056a90284\/w:388\/2025-10-29T091304Z-1212801423-RC2NXCACWHMC-RTRMADP-3-ROMANIA-SECURITY-USA.webp 388w, https:\/\/s.france24.com\/media\/display\/9685bc30-b4eb-11f0-a915-005056a90284\/w:720\/2025-10-29T091304Z-1212801423-RC2NXCACWHMC-RTRMADP-3-ROMANIA-SECURITY-USA.webp 720w, https:\/\/s.france24.com\/media\/display\/9685bc30-b4eb-11f0-a915-005056a90284\/w:980\/2025-10-29T091304Z-1212801423-RC2NXCACWHMC-RTRMADP-3-ROMANIA-SECURITY-USA.webp 980w\" sizes=\"(max-width: 1023px) calc(100vw - 32px), (min-width: 1024px) 850px\"><img fetchpriority=\"low\" decoding=\"async\" src=\"https:\/\/s.france24.com\/media\/display\/9685bc30-b4eb-11f0-a915-005056a90284\/w:980\/2025-10-29T091304Z-1212801423-RC2NXCACWHMC-RTRMADP-3-ROMANIA-SECURITY-USA.jpg\" srcset=\"https:\/\/s.france24.com\/media\/display\/9685bc30-b4eb-11f0-a915-005056a90284\/w:246\/2025-10-29T091304Z-1212801423-RC2NXCACWHMC-RTRMADP-3-ROMANIA-SECURITY-USA.jpg 246w, https:\/\/s.france24.com\/media\/display\/9685bc30-b4eb-11f0-a915-005056a90284\/w:388\/2025-10-29T091304Z-1212801423-RC2NXCACWHMC-RTRMADP-3-ROMANIA-SECURITY-USA.jpg 388w, https:\/\/s.france24.com\/media\/display\/9685bc30-b4eb-11f0-a915-005056a90284\/w:720\/2025-10-29T091304Z-1212801423-RC2NXCACWHMC-RTRMADP-3-ROMANIA-SECURITY-USA.jpg 720w, https:\/\/s.france24.com\/media\/display\/9685bc30-b4eb-11f0-a915-005056a90284\/w:980\/2025-10-29T091304Z-1212801423-RC2NXCACWHMC-RTRMADP-3-ROMANIA-SECURITY-USA.jpg 980w\" sizes=\"(max-width: 1023px) calc(100vw - 32px), (min-width: 1024px) 850px\" alt=\"Archivo: las tropas de la OTAN participan en el ejercicio &quot;Steadfast Dart 2025&quot; de la OTAN en el campo de entrenamiento de Smardan, cerca de Galati, Ruman\u00eda, el 19 de febrero de 2025.\" loading=\"lazy\" class=\"a-img \">\n<\/picture><figcaption class=\"a-figcaption\"> <span>Archivo: las tropas de la OTAN participan en el ejercicio \u00abSteadfast Dart 2025\u00bb de la OTAN en el campo de entrenamiento de Smardan, cerca de Galati, Ruman\u00eda, el 19 de febrero de 2025.<\/span> <span>via REUTERS &#8211; Eduard Vinatoru<\/span> <\/figcaption><\/figure>\n<\/p><\/div>\n<p>La fuente agreg\u00f3 que, por lo pronto, se desconoce cualquier conversaci\u00f3n entre Estados Unidos y Alemania u otros aliados sobre la posibilidad de reducir las fuerzas de Washington en territorio alem\u00e1n.<\/p>\n<p>Dependiendo de las operaciones, los ejercicios y las rotaciones de tropas, entre 80.000 y 100.000 militares estadounidenses suelen estar estacionados en Europa. Los aliados de la OTAN esperaban desde hace m\u00e1s de un a\u00f1o que las tropas estadounidenses desplegadas tras el inicio de la guerra de Rusia contra Ucrania en 2022 ser\u00edan las primeras en retirarse.<\/p>\n<p>Alemania alberga varias instalaciones militares estadounidenses, incluyendo los cuarteles generales de sus comandos europeo y africano, la base a\u00e9rea de Ramstein y un centro m\u00e9dico en Landstuhl, donde se atendi\u00f3 a los heridos de las guerras estadounidenses en lugares como Afganist\u00e1n e Irak. En Alemania tambi\u00e9n hay misiles nucleares estadounidenses estacionados.<\/p>\n<h2><strong>\u00bfCumplir\u00e1 Trump su amenaza?<\/strong><\/h2>\n<p>Ed Arnold, experto en seguridad europea del Royal United Services Institute de Londres, afirm\u00f3 que<strong> Estados Unidos obtiene muchos beneficios de su presencia en Alemania \u2014como log\u00edstica y apoyo para las operaciones de combate en Medio Oriente\u2014 y que es improbable que se retire.<\/strong><\/p>\n<p>Por su parte, Nico Lange, del Centro de An\u00e1lisis de Pol\u00edtica Europea, coincidi\u00f3 y se\u00f1al\u00f3 que <strong>hay aproximadamente 36.000 soldados estadounidenses en Alemania que sirven principalmente a los intereses de Estados Unidos, incluyendo \u00abla proyecci\u00f3n del poder estadounidense a nivel mundial\u00bb,<\/strong> en lugar de contribuir a la defensa de Alemania.<\/p>\n<p>Estados Unidos ha invertido \u00abfondos sustanciales\u00bb en infraestructura de alta calidad en Alemania, la cual no se puede trasladar de la noche a la ma\u00f1ana y <strong>un despliegue diferente le costar\u00eda a Estados Unidos una enorme cantidad de dinero, lo que requerir\u00eda que Trump obtuviera la aprobaci\u00f3n del Congreso<\/strong>, explic\u00f3 Lange.<\/p>\n<blockquote class=\"quote\" readability=\"5\">\n<p>\u00abHay una diferencia entre la perspectiva militar y la pol\u00edtica\u201d<\/p>\n<\/blockquote>\n<p>Ya en 2020, Trump anunci\u00f3 planes para retirar 11.900 soldados estadounidenses de Alemania, pero esto no se concret\u00f3, en parte porque el Congreso no proporcion\u00f3 los fondos necesarios y una retirada habr\u00eda requerido enormes inversiones en otros lugares. Por eso, la publicaci\u00f3n de Trump probablemente sea una \u201cbravuconada\u201d, describi\u00f3 Arnold.<\/p>\n<p>\u00abHay una diferencia entre la perspectiva militar y la pol\u00edtica (&#8230;) El problema con algunas de estas amenazas es que ya no resultan tan irritantes como hace un par de a\u00f1os\u00bb, subray\u00f3 Arnold.&nbsp;<\/p>\n<div class=\"m-em-image\">\n<figure class=\"m-item-image m-item-image--original m-item-image--has-caption\"> <picture class=\"a-picture a-picture--original\"><source type=\"image\/webp\" srcset=\"https:\/\/s.france24.com\/media\/display\/a05ac256-b4cc-11f0-9efe-005056bfb2b6\/w:246\/AP22071123490338.webp 246w, https:\/\/s.france24.com\/media\/display\/a05ac256-b4cc-11f0-9efe-005056bfb2b6\/w:388\/AP22071123490338.webp 388w, https:\/\/s.france24.com\/media\/display\/a05ac256-b4cc-11f0-9efe-005056bfb2b6\/w:720\/AP22071123490338.webp 720w, https:\/\/s.france24.com\/media\/display\/a05ac256-b4cc-11f0-9efe-005056bfb2b6\/w:980\/AP22071123490338.webp 980w\" sizes=\"(max-width: 1023px) calc(100vw - 32px), (min-width: 1024px) 850px\"><img fetchpriority=\"low\" decoding=\"async\" src=\"https:\/\/s.france24.com\/media\/display\/a05ac256-b4cc-11f0-9efe-005056bfb2b6\/w:980\/AP22071123490338.jpg\" srcset=\"https:\/\/s.france24.com\/media\/display\/a05ac256-b4cc-11f0-9efe-005056bfb2b6\/w:246\/AP22071123490338.jpg 246w, https:\/\/s.france24.com\/media\/display\/a05ac256-b4cc-11f0-9efe-005056bfb2b6\/w:388\/AP22071123490338.jpg 388w, https:\/\/s.france24.com\/media\/display\/a05ac256-b4cc-11f0-9efe-005056bfb2b6\/w:720\/AP22071123490338.jpg 720w, https:\/\/s.france24.com\/media\/display\/a05ac256-b4cc-11f0-9efe-005056bfb2b6\/w:980\/AP22071123490338.jpg 980w\" sizes=\"(max-width: 1023px) calc(100vw - 32px), (min-width: 1024px) 850px\" alt=\"Environ 130 soldats du bataillon de soutien logistique de la 87e division de l'arm\u00e9e am\u00e9ricaine, attendent d'embarquer dans un avion affr\u00e9t\u00e9 lors de leur d\u00e9ploiement en Europe, le 11 mars 2022, \u00e0 l'a\u00e9\" loading=\"lazy\" class=\"a-img \">\n<\/picture><figcaption class=\"a-figcaption\"> <span>Archivo: aproximadamente 130 soldados del batall\u00f3n de apoyo log\u00edstico de la 87.\u00aa Divisi\u00f3n del Ej\u00e9rcito de los Estados Unidos esperan para abordar un avi\u00f3n fletado durante su despliegue en Europa el 11 de marzo de 2022, en el aer\u00f3dromo militar Hunter en Savannah, Georgia.<\/span> <span>\u00a9 Stephen B. Morton\/AP<\/span> <\/figcaption><\/figure>\n<\/p><\/div>\n<p>El experto agreg\u00f3 que a Europa le preocupan m\u00e1s cuestiones como el redespliegue estadounidense de sistemas de misiles Patriot y municiones desde Alemania hacia Medio Oriente&nbsp; y las notificaciones a pa\u00edses de la OTAN, como Estonia y B\u00e9lgica, de que los pedidos de armas estadounidenses se retrasar\u00e1n debido a la prioridad que se le da a Estados Unidos.<\/p>\n<p>Pero la guerra de Estados Unidos e Israel contra Ir\u00e1n no ha hecho m\u00e1s que aumentar la probabilidad de una retirada, seg\u00fan las palabras de Trump, y se han celebrado numerosas reuniones entre funcionarios gubernamentales.<\/p>\n<h2><strong>\u00bfUn posible escenario que favorecer\u00eda a Rusia?<\/strong><\/h2>\n<p>Ya en octubre de 2025, Estados Unidos confirm\u00f3 que reducir\u00eda su presencia militar en las fronteras de la OTAN con Ucrania. La decisi\u00f3n de recortar entre 1.500 y 3.000 soldados se tom\u00f3 con poca antelaci\u00f3n y caus\u00f3 inquietud en Rumania, pa\u00eds aliado donde la organizaci\u00f3n militar opera una base a\u00e9rea.<\/p>\n<p>Mientras Rusia observa, la guerra con Ir\u00e1n sigue teniendo impacto. A principios del a\u00f1o pasado, la Administraci\u00f3n estadounidense inform\u00f3 a sus aliados que estaba revisando su postura militar en Europa y otras regiones. Los resultados de dicha revisi\u00f3n deb\u00edan hacerse p\u00fablicos a finales de 2025, pero a\u00fan no se han publicado.<\/p>\n<p>Sin embargo, Estados Unidos se comprometi\u00f3 a informar con antelaci\u00f3n a sus aliados sobre cualquier cambio para garantizar que no se cree ninguna brecha de seguridad en un momento en que Rusia se muestra cada vez m\u00e1s beligerante.<\/p>\n<p>Con Reuters, AP y medios locales<\/p>\n","protected":false},"excerpt":{"rendered":"<p>Donald Trump vuelve a amenazar con retirar&#46;&#46;&#46;<\/p>\n","protected":false},"author":1,"featured_media":167210,"comment_status":"closed","ping_status":"closed","sticky":false,"template":"","format":"standard","meta":{"_jetpack_memberships_contains_paid_content":false,"footnotes":"","jetpack_publicize_message":"","jetpack_publicize_feature_enabled":true,"jetpack_social_post_already_shared":true,"jetpack_social_options":{"image_generator_settings":{"template":"highway","default_image_id":0,"font":"","enabled":false},"version":2}},"categories":[43],"tags":[],"class_list":["post-167209","post","type-post","status-publish","format-standard","has-post-thumbnail","hentry","category-internacionales"],"yoast_head":"<!-- This site is optimized with the Yoast SEO plugin v27.3 - https:\/\/yoast.com\/product\/yoast-seo-wordpress\/ -->\n<title>Trump sopesa reducir tropas de EE. UU. en Alemania: \u00bfqu\u00e9 probabilidad hay de que cumpla la amenaza? - Sarmiento24h<\/title>\n<meta name=\"robots\" content=\"index, follow, max-snippet:-1, max-image-preview:large, max-video-preview:-1\" \/>\n<link rel=\"canonical\" href=\"https:\/\/sarmiento24h.com\/?p=167209\" \/>\n<meta property=\"og:locale\" content=\"es_ES\" \/>\n<meta property=\"og:type\" content=\"article\" \/>\n<meta property=\"og:title\" content=\"Trump sopesa reducir tropas de EE. UU. en Alemania: \u00bfqu\u00e9 probabilidad hay de que cumpla la amenaza? - Sarmiento24h\" \/>\n<meta property=\"og:description\" content=\"Donald Trump vuelve a amenazar con retirar&#046;&#046;&#046;\" \/>\n<meta property=\"og:url\" content=\"https:\/\/sarmiento24h.com\/?p=167209\" \/>\n<meta property=\"og:site_name\" content=\"Sarmiento24h\" \/>\n<meta property=\"article:publisher\" content=\"https:\/\/facebook.com\/s24hnoticias\" \/>\n<meta property=\"article:published_time\" content=\"2026-04-30T17:37:10+00:00\" \/>\n<meta property=\"og:image\" content=\"https:\/\/s.france24.com\/media\/display\/9685bc30-b4eb-11f0-a915-005056a90284\/w:980\/2025-10-29T091304Z-1212801423-RC2NXCACWHMC-RTRMADP-3-ROMANIA-SECURITY-USA.jpg\" \/>\n<meta name=\"author\" content=\"sarmiento24h@gmail.com\" \/>\n<meta name=\"twitter:card\" content=\"summary_large_image\" \/>\n<meta name=\"twitter:creator\" content=\"@sarmiento24h\" \/>\n<meta name=\"twitter:site\" content=\"@sarmiento24h\" \/>\n<meta name=\"twitter:label1\" content=\"Escrito por\" \/>\n\t<meta name=\"twitter:data1\" content=\"sarmiento24h@gmail.com\" \/>\n\t<meta name=\"twitter:label2\" content=\"Tiempo de lectura\" \/>\n\t<meta name=\"twitter:data2\" content=\"8 minutos\" \/>\n<script type=\"application\/ld+json\" class=\"yoast-schema-graph\">{\"@context\":\"https:\\\/\\\/schema.org\",\"@graph\":[{\"@type\":\"Article\",\"@id\":\"https:\\\/\\\/sarmiento24h.com\\\/?p=167209#article\",\"isPartOf\":{\"@id\":\"https:\\\/\\\/sarmiento24h.com\\\/?p=167209\"},\"author\":{\"name\":\"sarmiento24h@gmail.com\",\"@id\":\"https:\\\/\\\/sarmiento24h.com\\\/#\\\/schema\\\/person\\\/d653a59725ad629a7e0429af7b939d4d\"},\"headline\":\"Trump sopesa reducir tropas de EE. UU. en Alemania: \u00bfqu\u00e9 probabilidad hay de que cumpla la amenaza?\",\"datePublished\":\"2026-04-30T17:37:10+00:00\",\"mainEntityOfPage\":{\"@id\":\"https:\\\/\\\/sarmiento24h.com\\\/?p=167209\"},\"wordCount\":1553,\"publisher\":{\"@id\":\"https:\\\/\\\/sarmiento24h.com\\\/#organization\"},\"image\":{\"@id\":\"https:\\\/\\\/sarmiento24h.com\\\/?p=167209#primaryimage\"},\"thumbnailUrl\":\"https:\\\/\\\/sarmiento24h.com\\\/wp-content\\\/uploads\\\/2026\\\/04\\\/trump-sopesa-reducir-tropas-de-ee-uu-en-alemania-que-probabilidad-hay-de-que-cumpla-la-amenaza.jpg\",\"articleSection\":[\"Internacionales\"],\"inLanguage\":\"es\"},{\"@type\":\"WebPage\",\"@id\":\"https:\\\/\\\/sarmiento24h.com\\\/?p=167209\",\"url\":\"https:\\\/\\\/sarmiento24h.com\\\/?p=167209\",\"name\":\"Trump sopesa reducir tropas de EE. UU. en Alemania: \u00bfqu\u00e9 probabilidad hay de que cumpla la amenaza? - Sarmiento24h\",\"isPartOf\":{\"@id\":\"https:\\\/\\\/sarmiento24h.com\\\/#website\"},\"primaryImageOfPage\":{\"@id\":\"https:\\\/\\\/sarmiento24h.com\\\/?p=167209#primaryimage\"},\"image\":{\"@id\":\"https:\\\/\\\/sarmiento24h.com\\\/?p=167209#primaryimage\"},\"thumbnailUrl\":\"https:\\\/\\\/sarmiento24h.com\\\/wp-content\\\/uploads\\\/2026\\\/04\\\/trump-sopesa-reducir-tropas-de-ee-uu-en-alemania-que-probabilidad-hay-de-que-cumpla-la-amenaza.jpg\",\"datePublished\":\"2026-04-30T17:37:10+00:00\",\"breadcrumb\":{\"@id\":\"https:\\\/\\\/sarmiento24h.com\\\/?p=167209#breadcrumb\"},\"inLanguage\":\"es\",\"potentialAction\":[{\"@type\":\"ReadAction\",\"target\":[\"https:\\\/\\\/sarmiento24h.com\\\/?p=167209\"]}]},{\"@type\":\"ImageObject\",\"inLanguage\":\"es\",\"@id\":\"https:\\\/\\\/sarmiento24h.com\\\/?p=167209#primaryimage\",\"url\":\"https:\\\/\\\/sarmiento24h.com\\\/wp-content\\\/uploads\\\/2026\\\/04\\\/trump-sopesa-reducir-tropas-de-ee-uu-en-alemania-que-probabilidad-hay-de-que-cumpla-la-amenaza.jpg\",\"contentUrl\":\"https:\\\/\\\/sarmiento24h.com\\\/wp-content\\\/uploads\\\/2026\\\/04\\\/trump-sopesa-reducir-tropas-de-ee-uu-en-alemania-que-probabilidad-hay-de-que-cumpla-la-amenaza.jpg\",\"width\":980,\"height\":653},{\"@type\":\"BreadcrumbList\",\"@id\":\"https:\\\/\\\/sarmiento24h.com\\\/?p=167209#breadcrumb\",\"itemListElement\":[{\"@type\":\"ListItem\",\"position\":1,\"name\":\"Home\",\"item\":\"https:\\\/\\\/sarmiento24h.com\\\/\"},{\"@type\":\"ListItem\",\"position\":2,\"name\":\"Trump sopesa reducir tropas de EE. UU. en Alemania: \u00bfqu\u00e9 probabilidad hay de que cumpla la amenaza?\"}]},{\"@type\":\"WebSite\",\"@id\":\"https:\\\/\\\/sarmiento24h.com\\\/#website\",\"url\":\"https:\\\/\\\/sarmiento24h.com\\\/\",\"name\":\"Sarmiento24h\",\"description\":\"\",\"publisher\":{\"@id\":\"https:\\\/\\\/sarmiento24h.com\\\/#organization\"},\"potentialAction\":[{\"@type\":\"SearchAction\",\"target\":{\"@type\":\"EntryPoint\",\"urlTemplate\":\"https:\\\/\\\/sarmiento24h.com\\\/?s={search_term_string}\"},\"query-input\":{\"@type\":\"PropertyValueSpecification\",\"valueRequired\":true,\"valueName\":\"search_term_string\"}}],\"inLanguage\":\"es\"},{\"@type\":\"Organization\",\"@id\":\"https:\\\/\\\/sarmiento24h.com\\\/#organization\",\"name\":\"Sarmiento24h\",\"url\":\"https:\\\/\\\/sarmiento24h.com\\\/\",\"logo\":{\"@type\":\"ImageObject\",\"inLanguage\":\"es\",\"@id\":\"https:\\\/\\\/sarmiento24h.com\\\/#\\\/schema\\\/logo\\\/image\\\/\",\"url\":\"https:\\\/\\\/sarmiento24h.com\\\/wp-content\\\/uploads\\\/2025\\\/12\\\/AddText_12-16-10.30.52.jpg\",\"contentUrl\":\"https:\\\/\\\/sarmiento24h.com\\\/wp-content\\\/uploads\\\/2025\\\/12\\\/AddText_12-16-10.30.52.jpg\",\"width\":1220,\"height\":324,\"caption\":\"Sarmiento24h\"},\"image\":{\"@id\":\"https:\\\/\\\/sarmiento24h.com\\\/#\\\/schema\\\/logo\\\/image\\\/\"},\"sameAs\":[\"https:\\\/\\\/facebook.com\\\/s24hnoticias\",\"https:\\\/\\\/x.com\\\/sarmiento24h\"]},{\"@type\":\"Person\",\"@id\":\"https:\\\/\\\/sarmiento24h.com\\\/#\\\/schema\\\/person\\\/d653a59725ad629a7e0429af7b939d4d\",\"name\":\"sarmiento24h@gmail.com\",\"image\":{\"@type\":\"ImageObject\",\"inLanguage\":\"es\",\"@id\":\"https:\\\/\\\/sarmiento24h.com\\\/wp-content\\\/litespeed\\\/avatar\\\/d02cbc4e23c747e6659cd45907173c8f.jpg?ver=1777157796\",\"url\":\"https:\\\/\\\/sarmiento24h.com\\\/wp-content\\\/litespeed\\\/avatar\\\/d02cbc4e23c747e6659cd45907173c8f.jpg?ver=1777157796\",\"contentUrl\":\"https:\\\/\\\/sarmiento24h.com\\\/wp-content\\\/litespeed\\\/avatar\\\/d02cbc4e23c747e6659cd45907173c8f.jpg?ver=1777157796\",\"caption\":\"sarmiento24h@gmail.com\"},\"sameAs\":[\"https:\\\/\\\/sarmiento24h.com\"],\"url\":\"https:\\\/\\\/sarmiento24h.com\\\/?author=1\"}]}<\/script>\n<!-- \/ Yoast SEO plugin. -->","yoast_head_json":{"title":"Trump sopesa reducir tropas de EE. UU. en Alemania: \u00bfqu\u00e9 probabilidad hay de que cumpla la amenaza? - Sarmiento24h","robots":{"index":"index","follow":"follow","max-snippet":"max-snippet:-1","max-image-preview":"max-image-preview:large","max-video-preview":"max-video-preview:-1"},"canonical":"https:\/\/sarmiento24h.com\/?p=167209","og_locale":"es_ES","og_type":"article","og_title":"Trump sopesa reducir tropas de EE. UU. en Alemania: \u00bfqu\u00e9 probabilidad hay de que cumpla la amenaza? - Sarmiento24h","og_description":"Donald Trump vuelve a amenazar con retirar&#46;&#46;&#46;","og_url":"https:\/\/sarmiento24h.com\/?p=167209","og_site_name":"Sarmiento24h","article_publisher":"https:\/\/facebook.com\/s24hnoticias","article_published_time":"2026-04-30T17:37:10+00:00","og_image":[{"url":"https:\/\/s.france24.com\/media\/display\/9685bc30-b4eb-11f0-a915-005056a90284\/w:980\/2025-10-29T091304Z-1212801423-RC2NXCACWHMC-RTRMADP-3-ROMANIA-SECURITY-USA.jpg","type":"","width":"","height":""}],"author":"sarmiento24h@gmail.com","twitter_card":"summary_large_image","twitter_creator":"@sarmiento24h","twitter_site":"@sarmiento24h","twitter_misc":{"Escrito por":"sarmiento24h@gmail.com","Tiempo de lectura":"8 minutos"},"schema":{"@context":"https:\/\/schema.org","@graph":[{"@type":"Article","@id":"https:\/\/sarmiento24h.com\/?p=167209#article","isPartOf":{"@id":"https:\/\/sarmiento24h.com\/?p=167209"},"author":{"name":"sarmiento24h@gmail.com","@id":"https:\/\/sarmiento24h.com\/#\/schema\/person\/d653a59725ad629a7e0429af7b939d4d"},"headline":"Trump sopesa reducir tropas de EE. UU. en Alemania: \u00bfqu\u00e9 probabilidad hay de que cumpla la amenaza?","datePublished":"2026-04-30T17:37:10+00:00","mainEntityOfPage":{"@id":"https:\/\/sarmiento24h.com\/?p=167209"},"wordCount":1553,"publisher":{"@id":"https:\/\/sarmiento24h.com\/#organization"},"image":{"@id":"https:\/\/sarmiento24h.com\/?p=167209#primaryimage"},"thumbnailUrl":"https:\/\/sarmiento24h.com\/wp-content\/uploads\/2026\/04\/trump-sopesa-reducir-tropas-de-ee-uu-en-alemania-que-probabilidad-hay-de-que-cumpla-la-amenaza.jpg","articleSection":["Internacionales"],"inLanguage":"es"},{"@type":"WebPage","@id":"https:\/\/sarmiento24h.com\/?p=167209","url":"https:\/\/sarmiento24h.com\/?p=167209","name":"Trump sopesa reducir tropas de EE. UU. en Alemania: \u00bfqu\u00e9 probabilidad hay de que cumpla la amenaza? - Sarmiento24h","isPartOf":{"@id":"https:\/\/sarmiento24h.com\/#website"},"primaryImageOfPage":{"@id":"https:\/\/sarmiento24h.com\/?p=167209#primaryimage"},"image":{"@id":"https:\/\/sarmiento24h.com\/?p=167209#primaryimage"},"thumbnailUrl":"https:\/\/sarmiento24h.com\/wp-content\/uploads\/2026\/04\/trump-sopesa-reducir-tropas-de-ee-uu-en-alemania-que-probabilidad-hay-de-que-cumpla-la-amenaza.jpg","datePublished":"2026-04-30T17:37:10+00:00","breadcrumb":{"@id":"https:\/\/sarmiento24h.com\/?p=167209#breadcrumb"},"inLanguage":"es","potentialAction":[{"@type":"ReadAction","target":["https:\/\/sarmiento24h.com\/?p=167209"]}]},{"@type":"ImageObject","inLanguage":"es","@id":"https:\/\/sarmiento24h.com\/?p=167209#primaryimage","url":"https:\/\/sarmiento24h.com\/wp-content\/uploads\/2026\/04\/trump-sopesa-reducir-tropas-de-ee-uu-en-alemania-que-probabilidad-hay-de-que-cumpla-la-amenaza.jpg","contentUrl":"https:\/\/sarmiento24h.com\/wp-content\/uploads\/2026\/04\/trump-sopesa-reducir-tropas-de-ee-uu-en-alemania-que-probabilidad-hay-de-que-cumpla-la-amenaza.jpg","width":980,"height":653},{"@type":"BreadcrumbList","@id":"https:\/\/sarmiento24h.com\/?p=167209#breadcrumb","itemListElement":[{"@type":"ListItem","position":1,"name":"Home","item":"https:\/\/sarmiento24h.com\/"},{"@type":"ListItem","position":2,"name":"Trump sopesa reducir tropas de EE. UU. en Alemania: \u00bfqu\u00e9 probabilidad hay de que cumpla la amenaza?"}]},{"@type":"WebSite","@id":"https:\/\/sarmiento24h.com\/#website","url":"https:\/\/sarmiento24h.com\/","name":"Sarmiento24h","description":"","publisher":{"@id":"https:\/\/sarmiento24h.com\/#organization"},"potentialAction":[{"@type":"SearchAction","target":{"@type":"EntryPoint","urlTemplate":"https:\/\/sarmiento24h.com\/?s={search_term_string}"},"query-input":{"@type":"PropertyValueSpecification","valueRequired":true,"valueName":"search_term_string"}}],"inLanguage":"es"},{"@type":"Organization","@id":"https:\/\/sarmiento24h.com\/#organization","name":"Sarmiento24h","url":"https:\/\/sarmiento24h.com\/","logo":{"@type":"ImageObject","inLanguage":"es","@id":"https:\/\/sarmiento24h.com\/#\/schema\/logo\/image\/","url":"https:\/\/sarmiento24h.com\/wp-content\/uploads\/2025\/12\/AddText_12-16-10.30.52.jpg","contentUrl":"https:\/\/sarmiento24h.com\/wp-content\/uploads\/2025\/12\/AddText_12-16-10.30.52.jpg","width":1220,"height":324,"caption":"Sarmiento24h"},"image":{"@id":"https:\/\/sarmiento24h.com\/#\/schema\/logo\/image\/"},"sameAs":["https:\/\/facebook.com\/s24hnoticias","https:\/\/x.com\/sarmiento24h"]},{"@type":"Person","@id":"https:\/\/sarmiento24h.com\/#\/schema\/person\/d653a59725ad629a7e0429af7b939d4d","name":"sarmiento24h@gmail.com","image":{"@type":"ImageObject","inLanguage":"es","@id":"https:\/\/sarmiento24h.com\/wp-content\/litespeed\/avatar\/d02cbc4e23c747e6659cd45907173c8f.jpg?ver=1777157796","url":"https:\/\/sarmiento24h.com\/wp-content\/litespeed\/avatar\/d02cbc4e23c747e6659cd45907173c8f.jpg?ver=1777157796","contentUrl":"https:\/\/sarmiento24h.com\/wp-content\/litespeed\/avatar\/d02cbc4e23c747e6659cd45907173c8f.jpg?ver=1777157796","caption":"sarmiento24h@gmail.com"},"sameAs":["https:\/\/sarmiento24h.com"],"url":"https:\/\/sarmiento24h.com\/?author=1"}]}},"jetpack_publicize_connections":[],"jetpack_featured_media_url":"https:\/\/sarmiento24h.com\/wp-content\/uploads\/2026\/04\/trump-sopesa-reducir-tropas-de-ee-uu-en-alemania-que-probabilidad-hay-de-que-cumpla-la-amenaza.jpg","jetpack_sharing_enabled":true,"_links":{"self":[{"href":"https:\/\/sarmiento24h.com\/index.php?rest_route=\/wp\/v2\/posts\/167209","targetHints":{"allow":["GET"]}}],"collection":[{"href":"https:\/\/sarmiento24h.com\/index.php?rest_route=\/wp\/v2\/posts"}],"about":[{"href":"https:\/\/sarmiento24h.com\/index.php?rest_route=\/wp\/v2\/types\/post"}],"author":[{"embeddable":true,"href":"https:\/\/sarmiento24h.com\/index.php?rest_route=\/wp\/v2\/users\/1"}],"replies":[{"embeddable":true,"href":"https:\/\/sarmiento24h.com\/index.php?rest_route=%2Fwp%2Fv2%2Fcomments&post=167209"}],"version-history":[{"count":0,"href":"https:\/\/sarmiento24h.com\/index.php?rest_route=\/wp\/v2\/posts\/167209\/revisions"}],"wp:featuredmedia":[{"embeddable":true,"href":"https:\/\/sarmiento24h.com\/index.php?rest_route=\/wp\/v2\/media\/167210"}],"wp:attachment":[{"href":"https:\/\/sarmiento24h.com\/index.php?rest_route=%2Fwp%2Fv2%2Fmedia&parent=167209"}],"wp:term":[{"taxonomy":"category","embeddable":true,"href":"https:\/\/sarmiento24h.com\/index.php?rest_route=%2Fwp%2Fv2%2Fcategories&post=167209"},{"taxonomy":"post_tag","embeddable":true,"href":"https:\/\/sarmiento24h.com\/index.php?rest_route=%2Fwp%2Fv2%2Ftags&post=167209"}],"curies":[{"name":"wp","href":"https:\/\/api.w.org\/{rel}","templated":true}]}}