{"id":167334,"date":"2026-04-30T18:56:48","date_gmt":"2026-04-30T18:56:48","guid":{"rendered":"https:\/\/diariodigitalrd.com\/?p=701804"},"modified":"2026-04-30T18:56:48","modified_gmt":"2026-04-30T18:56:48","slug":"empresarios-destacan-economia-y-oportunidades-para-hub-industrial-competitivo","status":"publish","type":"post","link":"https:\/\/sarmiento24h.com\/?p=167334","title":{"rendered":"Empresarios destacan econom\u00eda y oportunidades para hub industrial competitivo"},"content":{"rendered":"<div><img decoding=\"async\" src=\"https:\/\/diariodigitalrd.b-cdn.net\/2026\/04\/Asociacion-de-Industrias-2.jpg\" class=\"ff-og-image-inserted\"><\/div>\n<p><strong>Cifras econ\u00f3micas respaldan crecimiento del sector industrial con proyecci\u00f3n regional<\/strong><\/p>\n<p class=\"has-drop-cap has-medium-font-size\"><strong>En un acto encabezado por el presidente Luis Abinader, el titular de la Asociaci\u00f3n de Industrias de la Rep\u00fablica Dominicana (AIRD), Julio Brache, resalt\u00f3 el dinamismo econ\u00f3mico del pa\u00eds y su potencial para consolidarse como un hub industrial y log\u00edstico en la regi\u00f3n.<br \/><\/strong>Brache afirm\u00f3 que la econom\u00eda dominicana mantiene un ritmo sostenido de expansi\u00f3n, citando datos del Banco Central que ubican el crecimiento interanual en <strong>m\u00e1s de 5.1 %<\/strong>, el m\u00e1s alto en los \u00faltimos 11 meses.&nbsp;<\/p>\n<p>Indic\u00f3 que la manufactura local creci\u00f3 cerca de un 4 %, mientras las zonas francas alcanzaron un <strong>7 %<\/strong>, consolidando un desempe\u00f1o positivo en el primer trimestre de 2026.<\/p>\n<p><a href=\"https:\/\/diariodigitalrd.com\/2026\/03\/20\/las-cifras-que-incidira-en-el-presupuesto-y-la-economia-dominicana-en-el-2026.html\/\">Las cifras que incidir\u00e1n en el presupuesto y la econom\u00eda dominicana en el 2026<\/a><\/p>\n<p>Asimismo, destac\u00f3 que las exportaciones superaron los <strong>3,736.9 millones de d\u00f3lares<\/strong> entre enero y marzo, reflejando un aumento superior al 18 % respecto al mismo per\u00edodo del a\u00f1o anterior. Estas cifras, sumadas a recaudaciones fiscales de doble d\u00edgito, evidencian \u2014seg\u00fan el dirigente empresarial\u2014 la <strong>fortaleza del aparato productivo<\/strong> nacional.<\/p>\n<p>En el \u00e1mbito agroindustrial, subray\u00f3 la producci\u00f3n r\u00e9cord de arroz en 2025, con m\u00e1s de 14 millones de quintales, lo que posiciona al pa\u00eds como l\u00edder regional y garantiza el abastecimiento interno.<\/p>\n<p class=\"has-medium-font-size\"><strong>Industria busca consolidar competitividad y formalidad<\/strong><\/p>\n<p>El presidente de la AIRD sostuvo que la industria constituye un pilar esencial para el desarrollo, al generar <strong>empleo formal<\/strong>, valor agregado y encadenamientos productivos que dinamizan m\u00faltiples sectores.<\/p>\n<p>En ese sentido, se\u00f1al\u00f3 que el pa\u00eds enfrenta retos clave, como fortalecer la formalidad, mejorar el entorno regulatorio y reducir costos operativos. Consider\u00f3 que la regulaci\u00f3n debe ser clara y coherente, promoviendo <strong>transparencia y confianza<\/strong> sin afectar la competitividad.<\/p>\n<p><a href=\"https:\/\/diariodigitalrd.com\/2026\/02\/08\/la-economia-rd-enfrenta-limites-que-exigen-decisiones-estructurales-urgentes.html\/\">La econom\u00eda RD enfrenta l\u00edmites que exigen decisiones estructurales urgentes<\/a><\/p>\n<p>Brache tambi\u00e9n destac\u00f3 las oportunidades derivadas del <strong>nearshoring<\/strong> y la reconfiguraci\u00f3n de las cadenas globales de valor, factores que podr\u00edan atraer inversi\u00f3n extranjera y posicionar al pa\u00eds como un proveedor confiable en mercados internacionales.<\/p>\n<p>Durante el evento, el economista Roberto Despradel present\u00f3 un estudio sobre el tejido productivo industrial, destacando los efectos multiplicadores del sector en la econom\u00eda.<\/p>\n<p>El vicepresidente ejecutivo de la AIRD, Mario E. Pujols, abog\u00f3 por fortalecer la competencia justa y garantizar el cumplimiento de normativas que protejan tanto al consumidor como al sector formal.<\/p>\n<p><a href=\"https:\/\/diariodigitalrd.com\/2026\/03\/03\/magin-diaz-anuncia-plan-para-dinamizar-economia-dominicana.html\/\">Mag\u00edn D\u00edaz anuncia plan para dinamizar econom\u00eda dominicana<\/a><\/p>\n<p>El acto reuni\u00f3 a autoridades gubernamentales, representantes del sector financiero y l\u00edderes empresariales, quienes coincidieron en la necesidad de articular esfuerzos entre el sector p\u00fablico y privado para impulsar una econom\u00eda m\u00e1s <strong>competitiva, sostenible y diversificada<\/strong>.<\/p>\n<p>La AIRD reafirm\u00f3 su compromiso de continuar promoviendo pol\u00edticas que consoliden el desarrollo industrial y contribuyan al crecimiento econ\u00f3mico del pa\u00eds.<\/p>\n","protected":false},"excerpt":{"rendered":"<p>Cifras econ\u00f3micas respaldan crecimiento del sector industrial&#46;&#46;&#46;<\/p>\n","protected":false},"author":1,"featured_media":167335,"comment_status":"closed","ping_status":"closed","sticky":false,"template":"","format":"standard","meta":{"_jetpack_memberships_contains_paid_content":false,"footnotes":"","jetpack_publicize_message":"","jetpack_publicize_feature_enabled":true,"jetpack_social_post_already_shared":true,"jetpack_social_options":{"image_generator_settings":{"template":"highway","default_image_id":0,"font":"","enabled":false},"version":2}},"categories":[60],"tags":[],"class_list":["post-167334","post","type-post","status-publish","format-standard","has-post-thumbnail","hentry","category-economicas"],"yoast_head":"<!-- This site is optimized with the Yoast SEO plugin v27.3 - https:\/\/yoast.com\/product\/yoast-seo-wordpress\/ -->\n<title>Empresarios destacan econom\u00eda y oportunidades para hub industrial competitivo - Sarmiento24h<\/title>\n<meta name=\"robots\" content=\"index, follow, max-snippet:-1, max-image-preview:large, max-video-preview:-1\" \/>\n<link rel=\"canonical\" href=\"https:\/\/sarmiento24h.com\/?p=167334\" \/>\n<meta property=\"og:locale\" content=\"es_ES\" \/>\n<meta property=\"og:type\" content=\"article\" \/>\n<meta property=\"og:title\" content=\"Empresarios destacan econom\u00eda y oportunidades para hub industrial competitivo - Sarmiento24h\" \/>\n<meta property=\"og:description\" content=\"Cifras econ\u00f3micas respaldan crecimiento del sector industrial&#046;&#046;&#046;\" \/>\n<meta property=\"og:url\" content=\"https:\/\/sarmiento24h.com\/?p=167334\" \/>\n<meta property=\"og:site_name\" content=\"Sarmiento24h\" \/>\n<meta property=\"article:publisher\" content=\"https:\/\/facebook.com\/s24hnoticias\" \/>\n<meta property=\"article:published_time\" content=\"2026-04-30T18:56:48+00:00\" \/>\n<meta property=\"og:image\" content=\"https:\/\/diariodigitalrd.b-cdn.net\/2026\/04\/Asociacion-de-Industrias-2.jpg\" \/>\n<meta name=\"author\" content=\"sarmiento24h@gmail.com\" \/>\n<meta name=\"twitter:card\" content=\"summary_large_image\" \/>\n<meta name=\"twitter:creator\" content=\"@sarmiento24h\" \/>\n<meta name=\"twitter:site\" content=\"@sarmiento24h\" \/>\n<meta name=\"twitter:label1\" content=\"Escrito por\" \/>\n\t<meta name=\"twitter:data1\" content=\"sarmiento24h@gmail.com\" \/>\n\t<meta name=\"twitter:label2\" content=\"Tiempo de lectura\" \/>\n\t<meta name=\"twitter:data2\" content=\"2 minutos\" \/>\n<script type=\"application\/ld+json\" class=\"yoast-schema-graph\">{\"@context\":\"https:\\\/\\\/schema.org\",\"@graph\":[{\"@type\":\"Article\",\"@id\":\"https:\\\/\\\/sarmiento24h.com\\\/?p=167334#article\",\"isPartOf\":{\"@id\":\"https:\\\/\\\/sarmiento24h.com\\\/?p=167334\"},\"author\":{\"name\":\"sarmiento24h@gmail.com\",\"@id\":\"https:\\\/\\\/sarmiento24h.com\\\/#\\\/schema\\\/person\\\/d653a59725ad629a7e0429af7b939d4d\"},\"headline\":\"Empresarios destacan econom\u00eda y oportunidades para hub industrial competitivo\",\"datePublished\":\"2026-04-30T18:56:48+00:00\",\"mainEntityOfPage\":{\"@id\":\"https:\\\/\\\/sarmiento24h.com\\\/?p=167334\"},\"wordCount\":493,\"publisher\":{\"@id\":\"https:\\\/\\\/sarmiento24h.com\\\/#organization\"},\"image\":{\"@id\":\"https:\\\/\\\/sarmiento24h.com\\\/?p=167334#primaryimage\"},\"thumbnailUrl\":\"https:\\\/\\\/sarmiento24h.com\\\/wp-content\\\/uploads\\\/2026\\\/04\\\/empresarios-destacan-economia-y-oportunidades-para-hub-industrial-competitivo.jpg\",\"articleSection\":[\"Economicas\"],\"inLanguage\":\"es\"},{\"@type\":\"WebPage\",\"@id\":\"https:\\\/\\\/sarmiento24h.com\\\/?p=167334\",\"url\":\"https:\\\/\\\/sarmiento24h.com\\\/?p=167334\",\"name\":\"Empresarios destacan econom\u00eda y oportunidades para hub industrial competitivo - Sarmiento24h\",\"isPartOf\":{\"@id\":\"https:\\\/\\\/sarmiento24h.com\\\/#website\"},\"primaryImageOfPage\":{\"@id\":\"https:\\\/\\\/sarmiento24h.com\\\/?p=167334#primaryimage\"},\"image\":{\"@id\":\"https:\\\/\\\/sarmiento24h.com\\\/?p=167334#primaryimage\"},\"thumbnailUrl\":\"https:\\\/\\\/sarmiento24h.com\\\/wp-content\\\/uploads\\\/2026\\\/04\\\/empresarios-destacan-economia-y-oportunidades-para-hub-industrial-competitivo.jpg\",\"datePublished\":\"2026-04-30T18:56:48+00:00\",\"breadcrumb\":{\"@id\":\"https:\\\/\\\/sarmiento24h.com\\\/?p=167334#breadcrumb\"},\"inLanguage\":\"es\",\"potentialAction\":[{\"@type\":\"ReadAction\",\"target\":[\"https:\\\/\\\/sarmiento24h.com\\\/?p=167334\"]}]},{\"@type\":\"ImageObject\",\"inLanguage\":\"es\",\"@id\":\"https:\\\/\\\/sarmiento24h.com\\\/?p=167334#primaryimage\",\"url\":\"https:\\\/\\\/sarmiento24h.com\\\/wp-content\\\/uploads\\\/2026\\\/04\\\/empresarios-destacan-economia-y-oportunidades-para-hub-industrial-competitivo.jpg\",\"contentUrl\":\"https:\\\/\\\/sarmiento24h.com\\\/wp-content\\\/uploads\\\/2026\\\/04\\\/empresarios-destacan-economia-y-oportunidades-para-hub-industrial-competitivo.jpg\",\"width\":727,\"height\":444},{\"@type\":\"BreadcrumbList\",\"@id\":\"https:\\\/\\\/sarmiento24h.com\\\/?p=167334#breadcrumb\",\"itemListElement\":[{\"@type\":\"ListItem\",\"position\":1,\"name\":\"Home\",\"item\":\"https:\\\/\\\/sarmiento24h.com\\\/\"},{\"@type\":\"ListItem\",\"position\":2,\"name\":\"Empresarios destacan econom\u00eda y oportunidades para hub industrial competitivo\"}]},{\"@type\":\"WebSite\",\"@id\":\"https:\\\/\\\/sarmiento24h.com\\\/#website\",\"url\":\"https:\\\/\\\/sarmiento24h.com\\\/\",\"name\":\"Sarmiento24h\",\"description\":\"\",\"publisher\":{\"@id\":\"https:\\\/\\\/sarmiento24h.com\\\/#organization\"},\"potentialAction\":[{\"@type\":\"SearchAction\",\"target\":{\"@type\":\"EntryPoint\",\"urlTemplate\":\"https:\\\/\\\/sarmiento24h.com\\\/?s={search_term_string}\"},\"query-input\":{\"@type\":\"PropertyValueSpecification\",\"valueRequired\":true,\"valueName\":\"search_term_string\"}}],\"inLanguage\":\"es\"},{\"@type\":\"Organization\",\"@id\":\"https:\\\/\\\/sarmiento24h.com\\\/#organization\",\"name\":\"Sarmiento24h\",\"url\":\"https:\\\/\\\/sarmiento24h.com\\\/\",\"logo\":{\"@type\":\"ImageObject\",\"inLanguage\":\"es\",\"@id\":\"https:\\\/\\\/sarmiento24h.com\\\/#\\\/schema\\\/logo\\\/image\\\/\",\"url\":\"https:\\\/\\\/sarmiento24h.com\\\/wp-content\\\/uploads\\\/2025\\\/12\\\/AddText_12-16-10.30.52.jpg\",\"contentUrl\":\"https:\\\/\\\/sarmiento24h.com\\\/wp-content\\\/uploads\\\/2025\\\/12\\\/AddText_12-16-10.30.52.jpg\",\"width\":1220,\"height\":324,\"caption\":\"Sarmiento24h\"},\"image\":{\"@id\":\"https:\\\/\\\/sarmiento24h.com\\\/#\\\/schema\\\/logo\\\/image\\\/\"},\"sameAs\":[\"https:\\\/\\\/facebook.com\\\/s24hnoticias\",\"https:\\\/\\\/x.com\\\/sarmiento24h\"]},{\"@type\":\"Person\",\"@id\":\"https:\\\/\\\/sarmiento24h.com\\\/#\\\/schema\\\/person\\\/d653a59725ad629a7e0429af7b939d4d\",\"name\":\"sarmiento24h@gmail.com\",\"image\":{\"@type\":\"ImageObject\",\"inLanguage\":\"es\",\"@id\":\"https:\\\/\\\/sarmiento24h.com\\\/wp-content\\\/litespeed\\\/avatar\\\/d02cbc4e23c747e6659cd45907173c8f.jpg?ver=1777157796\",\"url\":\"https:\\\/\\\/sarmiento24h.com\\\/wp-content\\\/litespeed\\\/avatar\\\/d02cbc4e23c747e6659cd45907173c8f.jpg?ver=1777157796\",\"contentUrl\":\"https:\\\/\\\/sarmiento24h.com\\\/wp-content\\\/litespeed\\\/avatar\\\/d02cbc4e23c747e6659cd45907173c8f.jpg?ver=1777157796\",\"caption\":\"sarmiento24h@gmail.com\"},\"sameAs\":[\"https:\\\/\\\/sarmiento24h.com\"],\"url\":\"https:\\\/\\\/sarmiento24h.com\\\/?author=1\"}]}<\/script>\n<!-- \/ Yoast SEO plugin. -->","yoast_head_json":{"title":"Empresarios destacan econom\u00eda y oportunidades para hub industrial competitivo - Sarmiento24h","robots":{"index":"index","follow":"follow","max-snippet":"max-snippet:-1","max-image-preview":"max-image-preview:large","max-video-preview":"max-video-preview:-1"},"canonical":"https:\/\/sarmiento24h.com\/?p=167334","og_locale":"es_ES","og_type":"article","og_title":"Empresarios destacan econom\u00eda y oportunidades para hub industrial competitivo - Sarmiento24h","og_description":"Cifras econ\u00f3micas respaldan crecimiento del sector industrial&#46;&#46;&#46;","og_url":"https:\/\/sarmiento24h.com\/?p=167334","og_site_name":"Sarmiento24h","article_publisher":"https:\/\/facebook.com\/s24hnoticias","article_published_time":"2026-04-30T18:56:48+00:00","og_image":[{"url":"https:\/\/diariodigitalrd.b-cdn.net\/2026\/04\/Asociacion-de-Industrias-2.jpg","type":"","width":"","height":""}],"author":"sarmiento24h@gmail.com","twitter_card":"summary_large_image","twitter_creator":"@sarmiento24h","twitter_site":"@sarmiento24h","twitter_misc":{"Escrito por":"sarmiento24h@gmail.com","Tiempo de lectura":"2 minutos"},"schema":{"@context":"https:\/\/schema.org","@graph":[{"@type":"Article","@id":"https:\/\/sarmiento24h.com\/?p=167334#article","isPartOf":{"@id":"https:\/\/sarmiento24h.com\/?p=167334"},"author":{"name":"sarmiento24h@gmail.com","@id":"https:\/\/sarmiento24h.com\/#\/schema\/person\/d653a59725ad629a7e0429af7b939d4d"},"headline":"Empresarios destacan econom\u00eda y oportunidades para hub industrial competitivo","datePublished":"2026-04-30T18:56:48+00:00","mainEntityOfPage":{"@id":"https:\/\/sarmiento24h.com\/?p=167334"},"wordCount":493,"publisher":{"@id":"https:\/\/sarmiento24h.com\/#organization"},"image":{"@id":"https:\/\/sarmiento24h.com\/?p=167334#primaryimage"},"thumbnailUrl":"https:\/\/sarmiento24h.com\/wp-content\/uploads\/2026\/04\/empresarios-destacan-economia-y-oportunidades-para-hub-industrial-competitivo.jpg","articleSection":["Economicas"],"inLanguage":"es"},{"@type":"WebPage","@id":"https:\/\/sarmiento24h.com\/?p=167334","url":"https:\/\/sarmiento24h.com\/?p=167334","name":"Empresarios destacan econom\u00eda y oportunidades para hub industrial competitivo - Sarmiento24h","isPartOf":{"@id":"https:\/\/sarmiento24h.com\/#website"},"primaryImageOfPage":{"@id":"https:\/\/sarmiento24h.com\/?p=167334#primaryimage"},"image":{"@id":"https:\/\/sarmiento24h.com\/?p=167334#primaryimage"},"thumbnailUrl":"https:\/\/sarmiento24h.com\/wp-content\/uploads\/2026\/04\/empresarios-destacan-economia-y-oportunidades-para-hub-industrial-competitivo.jpg","datePublished":"2026-04-30T18:56:48+00:00","breadcrumb":{"@id":"https:\/\/sarmiento24h.com\/?p=167334#breadcrumb"},"inLanguage":"es","potentialAction":[{"@type":"ReadAction","target":["https:\/\/sarmiento24h.com\/?p=167334"]}]},{"@type":"ImageObject","inLanguage":"es","@id":"https:\/\/sarmiento24h.com\/?p=167334#primaryimage","url":"https:\/\/sarmiento24h.com\/wp-content\/uploads\/2026\/04\/empresarios-destacan-economia-y-oportunidades-para-hub-industrial-competitivo.jpg","contentUrl":"https:\/\/sarmiento24h.com\/wp-content\/uploads\/2026\/04\/empresarios-destacan-economia-y-oportunidades-para-hub-industrial-competitivo.jpg","width":727,"height":444},{"@type":"BreadcrumbList","@id":"https:\/\/sarmiento24h.com\/?p=167334#breadcrumb","itemListElement":[{"@type":"ListItem","position":1,"name":"Home","item":"https:\/\/sarmiento24h.com\/"},{"@type":"ListItem","position":2,"name":"Empresarios destacan econom\u00eda y oportunidades para hub industrial competitivo"}]},{"@type":"WebSite","@id":"https:\/\/sarmiento24h.com\/#website","url":"https:\/\/sarmiento24h.com\/","name":"Sarmiento24h","description":"","publisher":{"@id":"https:\/\/sarmiento24h.com\/#organization"},"potentialAction":[{"@type":"SearchAction","target":{"@type":"EntryPoint","urlTemplate":"https:\/\/sarmiento24h.com\/?s={search_term_string}"},"query-input":{"@type":"PropertyValueSpecification","valueRequired":true,"valueName":"search_term_string"}}],"inLanguage":"es"},{"@type":"Organization","@id":"https:\/\/sarmiento24h.com\/#organization","name":"Sarmiento24h","url":"https:\/\/sarmiento24h.com\/","logo":{"@type":"ImageObject","inLanguage":"es","@id":"https:\/\/sarmiento24h.com\/#\/schema\/logo\/image\/","url":"https:\/\/sarmiento24h.com\/wp-content\/uploads\/2025\/12\/AddText_12-16-10.30.52.jpg","contentUrl":"https:\/\/sarmiento24h.com\/wp-content\/uploads\/2025\/12\/AddText_12-16-10.30.52.jpg","width":1220,"height":324,"caption":"Sarmiento24h"},"image":{"@id":"https:\/\/sarmiento24h.com\/#\/schema\/logo\/image\/"},"sameAs":["https:\/\/facebook.com\/s24hnoticias","https:\/\/x.com\/sarmiento24h"]},{"@type":"Person","@id":"https:\/\/sarmiento24h.com\/#\/schema\/person\/d653a59725ad629a7e0429af7b939d4d","name":"sarmiento24h@gmail.com","image":{"@type":"ImageObject","inLanguage":"es","@id":"https:\/\/sarmiento24h.com\/wp-content\/litespeed\/avatar\/d02cbc4e23c747e6659cd45907173c8f.jpg?ver=1777157796","url":"https:\/\/sarmiento24h.com\/wp-content\/litespeed\/avatar\/d02cbc4e23c747e6659cd45907173c8f.jpg?ver=1777157796","contentUrl":"https:\/\/sarmiento24h.com\/wp-content\/litespeed\/avatar\/d02cbc4e23c747e6659cd45907173c8f.jpg?ver=1777157796","caption":"sarmiento24h@gmail.com"},"sameAs":["https:\/\/sarmiento24h.com"],"url":"https:\/\/sarmiento24h.com\/?author=1"}]}},"jetpack_publicize_connections":[],"jetpack_featured_media_url":"https:\/\/sarmiento24h.com\/wp-content\/uploads\/2026\/04\/empresarios-destacan-economia-y-oportunidades-para-hub-industrial-competitivo.jpg","jetpack_sharing_enabled":true,"_links":{"self":[{"href":"https:\/\/sarmiento24h.com\/index.php?rest_route=\/wp\/v2\/posts\/167334","targetHints":{"allow":["GET"]}}],"collection":[{"href":"https:\/\/sarmiento24h.com\/index.php?rest_route=\/wp\/v2\/posts"}],"about":[{"href":"https:\/\/sarmiento24h.com\/index.php?rest_route=\/wp\/v2\/types\/post"}],"author":[{"embeddable":true,"href":"https:\/\/sarmiento24h.com\/index.php?rest_route=\/wp\/v2\/users\/1"}],"replies":[{"embeddable":true,"href":"https:\/\/sarmiento24h.com\/index.php?rest_route=%2Fwp%2Fv2%2Fcomments&post=167334"}],"version-history":[{"count":0,"href":"https:\/\/sarmiento24h.com\/index.php?rest_route=\/wp\/v2\/posts\/167334\/revisions"}],"wp:featuredmedia":[{"embeddable":true,"href":"https:\/\/sarmiento24h.com\/index.php?rest_route=\/wp\/v2\/media\/167335"}],"wp:attachment":[{"href":"https:\/\/sarmiento24h.com\/index.php?rest_route=%2Fwp%2Fv2%2Fmedia&parent=167334"}],"wp:term":[{"taxonomy":"category","embeddable":true,"href":"https:\/\/sarmiento24h.com\/index.php?rest_route=%2Fwp%2Fv2%2Fcategories&post=167334"},{"taxonomy":"post_tag","embeddable":true,"href":"https:\/\/sarmiento24h.com\/index.php?rest_route=%2Fwp%2Fv2%2Ftags&post=167334"}],"curies":[{"name":"wp","href":"https:\/\/api.w.org\/{rel}","templated":true}]}}