{"id":167342,"date":"2026-04-30T18:56:58","date_gmt":"2026-04-30T18:56:58","guid":{"rendered":"https:\/\/pinceldigital.do\/?p=67128"},"modified":"2026-04-30T18:56:58","modified_gmt":"2026-04-30T18:56:58","slug":"dida-e-intec-inician-diplomado-en-seguridad-social-gestion-del-aseguramiento-y-economia-de-la-salud","status":"publish","type":"post","link":"https:\/\/sarmiento24h.com\/?p=167342","title":{"rendered":"DIDA e INTEC inician diplomado en Seguridad Social, Gesti\u00f3n del Aseguramiento y Econom\u00eda de la Salud"},"content":{"rendered":"<p>La Direcci\u00f3n General de Informaci\u00f3n y Defensa de los Afiliados a la Seguridad Social (DIDA), en coordinaci\u00f3n con el Instituto Tecnol\u00f3gico de Santo Domingo (INTEC), dej\u00f3 formalmente iniciado el diplomado \u201cSeguridad Social, Gesti\u00f3n del Aseguramiento y Econom\u00eda de la Salud\u201d, una propuesta acad\u00e9mica orientada a fortalecer las capacidades t\u00e9cnicas de profesionales vinculados al sistema de protecci\u00f3n social en salud.<\/p>\n<p>El programa est\u00e1 dirigido a profesionales de la salud, recursos humanos, administraci\u00f3n p\u00fablica, derecho, trabajo social y econom\u00eda, as\u00ed como a funcionarios de instituciones p\u00fablicas y privadas relacionadas con el Sistema Dominicano de Seguridad Social (SDSS) y colaboradores que realizan labores de orientaci\u00f3n, atenci\u00f3n y defensa de los afiliados.<\/p>\n<p>Asimismo, el diplomado cuenta con una participaci\u00f3n diversa que refleja el car\u00e1cter tripartito del sistema, integrando estudiantes que representan a los sectores empleador, sindical, laboral y gubernamental. Esta composici\u00f3n tambi\u00e9n incluye profesionales de distintas \u00e1reas, lo que enriquece el intercambio de experiencias y perspectivas en torno a la seguridad social.<\/p>\n<p>Durante el acto de apertura, el director general de la DIDA, El\u00edas B\u00e1ez, destac\u00f3 que esta iniciativa responde al compromiso institucional de formar multiplicadores del conocimiento en seguridad social.<br \/>\u201cNo queremos estudiantes pasivos; queremos profesionales que se apropien del conocimiento y lo multipliquen en la ciudadan\u00eda. Adem\u00e1s, apostamos por la formaci\u00f3n de administradores y prestadores de la salud, con la finalidad de fortalecer el buen funcionamiento del sector salud, entendiendo que la inversi\u00f3n en su educaci\u00f3n proviene del esfuerzo de cada contribuyente\u201d, expres\u00f3 B\u00e1ez.<\/p>\n<p>De su lado, Carlos Reyes G\u00f3mez, director de Educaci\u00f3n Permanente de INTEC, valor\u00f3 la alianza interinstitucional y se\u00f1al\u00f3 que este diplomado constituye el primer resultado concreto del convenio firmado entre ambas entidades, con potencial para abrir paso a nuevos proyectos acad\u00e9micos y de investigaci\u00f3n conjunta.<\/p>\n<p>El coordinador del programa, Pedro Luis Castellanos, present\u00f3 los objetivos, la estructura acad\u00e9mica y el cuerpo docente del diplomado, resaltando su enfoque integral en temas como aseguramiento en salud, econom\u00eda de la salud, riesgos laborales, innovaci\u00f3n tecnol\u00f3gica, inteligencia artificial y gobernanza institucional.<\/p>\n<p>La formaci\u00f3n tendr\u00e1 una duraci\u00f3n de tres meses, en modalidad presencial, y estar\u00e1 estructurada en siete m\u00f3dulos. Su contenido abarca desde la introducci\u00f3n a la seguridad social y el an\u00e1lisis econ\u00f3mico de los sistemas de pensiones, hasta el Seguro Familiar de Salud, la Atenci\u00f3n Primaria en Salud, los riesgos laborales, la innovaci\u00f3n, la tecnolog\u00eda, la inteligencia artificial y los desaf\u00edos actuales del SDSS.<\/p>\n<p>El diplomado tambi\u00e9n contempla clases participativas, an\u00e1lisis de casos reales, simulaciones pr\u00e1cticas, trabajo colaborativo y un proyecto final integrador enfocado en la soluci\u00f3n de problem\u00e1ticas del sistema.<\/p>\n<p>La actividad fue realizada en el Aula Seminario del Edificio de Medicina de INTEC, con la participaci\u00f3n de autoridades acad\u00e9micas, representantes del sector salud y profesionales interesados en ampliar sus conocimientos sobre seguridad social, aseguramiento y defensa de los derechos de los afiliados.<\/p>\n<figure class=\"wp-block-gallery has-nested-images columns-default is-cropped wp-block-gallery-1 is-layout-flex wp-block-gallery-is-layout-flex\">\n<figure class=\"wp-block-image size-large\"><img loading=\"lazy\" decoding=\"async\" data-recalc-dims=\"1\" width=\"696\" height=\"464\" data-id=\"67140\" src=\"https:\/\/i0.wp.com\/pinceldigital.do\/wp-content\/uploads\/2026\/04\/3011e9cb-0add-4708-9082-1d4840a8c9ed.jpeg?resize=696%2C464&amp;ssl=1\" alt class=\"wp-image-67140\" srcset=\"https:\/\/i0.wp.com\/pinceldigital.do\/wp-content\/uploads\/2026\/04\/3011e9cb-0add-4708-9082-1d4840a8c9ed.jpeg?w=696&amp;ssl=1 696w, https:\/\/i0.wp.com\/pinceldigital.do\/wp-content\/uploads\/2026\/04\/3011e9cb-0add-4708-9082-1d4840a8c9ed.jpeg?resize=300%2C200&amp;ssl=1 300w, https:\/\/i0.wp.com\/pinceldigital.do\/wp-content\/uploads\/2026\/04\/3011e9cb-0add-4708-9082-1d4840a8c9ed.jpeg?resize=630%2C420&amp;ssl=1 630w\" sizes=\"auto, (max-width: 696px) 100vw, 696px\"><\/figure>\n<figure class=\"wp-block-image size-large\"><img loading=\"lazy\" decoding=\"async\" data-recalc-dims=\"1\" width=\"696\" height=\"443\" data-id=\"67139\" src=\"https:\/\/i0.wp.com\/pinceldigital.do\/wp-content\/uploads\/2026\/04\/de6634af-c9e9-4128-beb6-c1043f92d5e2.jpeg?resize=696%2C443&amp;ssl=1\" alt class=\"wp-image-67139\" srcset=\"https:\/\/i0.wp.com\/pinceldigital.do\/wp-content\/uploads\/2026\/04\/de6634af-c9e9-4128-beb6-c1043f92d5e2.jpeg?w=696&amp;ssl=1 696w, https:\/\/i0.wp.com\/pinceldigital.do\/wp-content\/uploads\/2026\/04\/de6634af-c9e9-4128-beb6-c1043f92d5e2.jpeg?resize=300%2C191&amp;ssl=1 300w, https:\/\/i0.wp.com\/pinceldigital.do\/wp-content\/uploads\/2026\/04\/de6634af-c9e9-4128-beb6-c1043f92d5e2.jpeg?resize=660%2C420&amp;ssl=1 660w\" sizes=\"auto, (max-width: 696px) 100vw, 696px\"><\/figure>\n<\/figure>\n","protected":false},"excerpt":{"rendered":"<p>La Direcci\u00f3n General de Informaci\u00f3n y Defensa&#46;&#46;&#46;<\/p>\n","protected":false},"author":1,"featured_media":167343,"comment_status":"closed","ping_status":"closed","sticky":false,"template":"","format":"standard","meta":{"_jetpack_memberships_contains_paid_content":false,"footnotes":"","jetpack_publicize_message":"","jetpack_publicize_feature_enabled":true,"jetpack_social_post_already_shared":true,"jetpack_social_options":{"image_generator_settings":{"template":"highway","default_image_id":0,"font":"","enabled":false},"version":2}},"categories":[42],"tags":[],"class_list":["post-167342","post","type-post","status-publish","format-standard","has-post-thumbnail","hentry","category-nacionales"],"yoast_head":"<!-- This site is optimized with the Yoast SEO plugin v27.3 - https:\/\/yoast.com\/product\/yoast-seo-wordpress\/ -->\n<title>DIDA e INTEC inician diplomado en Seguridad Social, Gesti\u00f3n del Aseguramiento y Econom\u00eda de la Salud - Sarmiento24h<\/title>\n<meta name=\"robots\" content=\"index, follow, max-snippet:-1, max-image-preview:large, max-video-preview:-1\" \/>\n<link rel=\"canonical\" href=\"https:\/\/sarmiento24h.com\/?p=167342\" \/>\n<meta property=\"og:locale\" content=\"es_ES\" \/>\n<meta property=\"og:type\" content=\"article\" \/>\n<meta property=\"og:title\" content=\"DIDA e INTEC inician diplomado en Seguridad Social, Gesti\u00f3n del Aseguramiento y Econom\u00eda de la Salud - Sarmiento24h\" \/>\n<meta property=\"og:description\" content=\"La Direcci\u00f3n General de Informaci\u00f3n y Defensa&#046;&#046;&#046;\" \/>\n<meta property=\"og:url\" content=\"https:\/\/sarmiento24h.com\/?p=167342\" \/>\n<meta property=\"og:site_name\" content=\"Sarmiento24h\" \/>\n<meta property=\"article:publisher\" content=\"https:\/\/facebook.com\/s24hnoticias\" \/>\n<meta property=\"article:published_time\" content=\"2026-04-30T18:56:58+00:00\" \/>\n<meta name=\"author\" content=\"sarmiento24h@gmail.com\" \/>\n<meta name=\"twitter:card\" content=\"summary_large_image\" \/>\n<meta name=\"twitter:creator\" content=\"@sarmiento24h\" \/>\n<meta name=\"twitter:site\" content=\"@sarmiento24h\" \/>\n<meta name=\"twitter:label1\" content=\"Escrito por\" \/>\n\t<meta name=\"twitter:data1\" content=\"sarmiento24h@gmail.com\" \/>\n\t<meta name=\"twitter:label2\" content=\"Tiempo de lectura\" \/>\n\t<meta name=\"twitter:data2\" content=\"3 minutos\" \/>\n<script type=\"application\/ld+json\" class=\"yoast-schema-graph\">{\"@context\":\"https:\\\/\\\/schema.org\",\"@graph\":[{\"@type\":\"Article\",\"@id\":\"https:\\\/\\\/sarmiento24h.com\\\/?p=167342#article\",\"isPartOf\":{\"@id\":\"https:\\\/\\\/sarmiento24h.com\\\/?p=167342\"},\"author\":{\"name\":\"sarmiento24h@gmail.com\",\"@id\":\"https:\\\/\\\/sarmiento24h.com\\\/#\\\/schema\\\/person\\\/d653a59725ad629a7e0429af7b939d4d\"},\"headline\":\"DIDA e INTEC inician diplomado en Seguridad Social, Gesti\u00f3n del Aseguramiento y Econom\u00eda de la Salud\",\"datePublished\":\"2026-04-30T18:56:58+00:00\",\"mainEntityOfPage\":{\"@id\":\"https:\\\/\\\/sarmiento24h.com\\\/?p=167342\"},\"wordCount\":533,\"publisher\":{\"@id\":\"https:\\\/\\\/sarmiento24h.com\\\/#organization\"},\"image\":{\"@id\":\"https:\\\/\\\/sarmiento24h.com\\\/?p=167342#primaryimage\"},\"thumbnailUrl\":\"https:\\\/\\\/sarmiento24h.com\\\/wp-content\\\/uploads\\\/2026\\\/04\\\/dida-e-intec-inician-diplomado-en-seguridad-social-gestion-del-aseguramiento-y-economia-de-la-salud.jpg\",\"articleSection\":[\"Nacionales\"],\"inLanguage\":\"es\"},{\"@type\":\"WebPage\",\"@id\":\"https:\\\/\\\/sarmiento24h.com\\\/?p=167342\",\"url\":\"https:\\\/\\\/sarmiento24h.com\\\/?p=167342\",\"name\":\"DIDA e INTEC inician diplomado en Seguridad Social, Gesti\u00f3n del Aseguramiento y Econom\u00eda de la Salud - Sarmiento24h\",\"isPartOf\":{\"@id\":\"https:\\\/\\\/sarmiento24h.com\\\/#website\"},\"primaryImageOfPage\":{\"@id\":\"https:\\\/\\\/sarmiento24h.com\\\/?p=167342#primaryimage\"},\"image\":{\"@id\":\"https:\\\/\\\/sarmiento24h.com\\\/?p=167342#primaryimage\"},\"thumbnailUrl\":\"https:\\\/\\\/sarmiento24h.com\\\/wp-content\\\/uploads\\\/2026\\\/04\\\/dida-e-intec-inician-diplomado-en-seguridad-social-gestion-del-aseguramiento-y-economia-de-la-salud.jpg\",\"datePublished\":\"2026-04-30T18:56:58+00:00\",\"breadcrumb\":{\"@id\":\"https:\\\/\\\/sarmiento24h.com\\\/?p=167342#breadcrumb\"},\"inLanguage\":\"es\",\"potentialAction\":[{\"@type\":\"ReadAction\",\"target\":[\"https:\\\/\\\/sarmiento24h.com\\\/?p=167342\"]}]},{\"@type\":\"ImageObject\",\"inLanguage\":\"es\",\"@id\":\"https:\\\/\\\/sarmiento24h.com\\\/?p=167342#primaryimage\",\"url\":\"https:\\\/\\\/sarmiento24h.com\\\/wp-content\\\/uploads\\\/2026\\\/04\\\/dida-e-intec-inician-diplomado-en-seguridad-social-gestion-del-aseguramiento-y-economia-de-la-salud.jpg\",\"contentUrl\":\"https:\\\/\\\/sarmiento24h.com\\\/wp-content\\\/uploads\\\/2026\\\/04\\\/dida-e-intec-inician-diplomado-en-seguridad-social-gestion-del-aseguramiento-y-economia-de-la-salud.jpg\",\"width\":696,\"height\":464},{\"@type\":\"BreadcrumbList\",\"@id\":\"https:\\\/\\\/sarmiento24h.com\\\/?p=167342#breadcrumb\",\"itemListElement\":[{\"@type\":\"ListItem\",\"position\":1,\"name\":\"Home\",\"item\":\"https:\\\/\\\/sarmiento24h.com\\\/\"},{\"@type\":\"ListItem\",\"position\":2,\"name\":\"DIDA e INTEC inician diplomado en Seguridad Social, Gesti\u00f3n del Aseguramiento y Econom\u00eda de la Salud\"}]},{\"@type\":\"WebSite\",\"@id\":\"https:\\\/\\\/sarmiento24h.com\\\/#website\",\"url\":\"https:\\\/\\\/sarmiento24h.com\\\/\",\"name\":\"Sarmiento24h\",\"description\":\"\",\"publisher\":{\"@id\":\"https:\\\/\\\/sarmiento24h.com\\\/#organization\"},\"potentialAction\":[{\"@type\":\"SearchAction\",\"target\":{\"@type\":\"EntryPoint\",\"urlTemplate\":\"https:\\\/\\\/sarmiento24h.com\\\/?s={search_term_string}\"},\"query-input\":{\"@type\":\"PropertyValueSpecification\",\"valueRequired\":true,\"valueName\":\"search_term_string\"}}],\"inLanguage\":\"es\"},{\"@type\":\"Organization\",\"@id\":\"https:\\\/\\\/sarmiento24h.com\\\/#organization\",\"name\":\"Sarmiento24h\",\"url\":\"https:\\\/\\\/sarmiento24h.com\\\/\",\"logo\":{\"@type\":\"ImageObject\",\"inLanguage\":\"es\",\"@id\":\"https:\\\/\\\/sarmiento24h.com\\\/#\\\/schema\\\/logo\\\/image\\\/\",\"url\":\"https:\\\/\\\/sarmiento24h.com\\\/wp-content\\\/uploads\\\/2025\\\/12\\\/AddText_12-16-10.30.52.jpg\",\"contentUrl\":\"https:\\\/\\\/sarmiento24h.com\\\/wp-content\\\/uploads\\\/2025\\\/12\\\/AddText_12-16-10.30.52.jpg\",\"width\":1220,\"height\":324,\"caption\":\"Sarmiento24h\"},\"image\":{\"@id\":\"https:\\\/\\\/sarmiento24h.com\\\/#\\\/schema\\\/logo\\\/image\\\/\"},\"sameAs\":[\"https:\\\/\\\/facebook.com\\\/s24hnoticias\",\"https:\\\/\\\/x.com\\\/sarmiento24h\"]},{\"@type\":\"Person\",\"@id\":\"https:\\\/\\\/sarmiento24h.com\\\/#\\\/schema\\\/person\\\/d653a59725ad629a7e0429af7b939d4d\",\"name\":\"sarmiento24h@gmail.com\",\"image\":{\"@type\":\"ImageObject\",\"inLanguage\":\"es\",\"@id\":\"https:\\\/\\\/sarmiento24h.com\\\/wp-content\\\/litespeed\\\/avatar\\\/d02cbc4e23c747e6659cd45907173c8f.jpg?ver=1777157796\",\"url\":\"https:\\\/\\\/sarmiento24h.com\\\/wp-content\\\/litespeed\\\/avatar\\\/d02cbc4e23c747e6659cd45907173c8f.jpg?ver=1777157796\",\"contentUrl\":\"https:\\\/\\\/sarmiento24h.com\\\/wp-content\\\/litespeed\\\/avatar\\\/d02cbc4e23c747e6659cd45907173c8f.jpg?ver=1777157796\",\"caption\":\"sarmiento24h@gmail.com\"},\"sameAs\":[\"https:\\\/\\\/sarmiento24h.com\"],\"url\":\"https:\\\/\\\/sarmiento24h.com\\\/?author=1\"}]}<\/script>\n<!-- \/ Yoast SEO plugin. -->","yoast_head_json":{"title":"DIDA e INTEC inician diplomado en Seguridad Social, Gesti\u00f3n del Aseguramiento y Econom\u00eda de la Salud - Sarmiento24h","robots":{"index":"index","follow":"follow","max-snippet":"max-snippet:-1","max-image-preview":"max-image-preview:large","max-video-preview":"max-video-preview:-1"},"canonical":"https:\/\/sarmiento24h.com\/?p=167342","og_locale":"es_ES","og_type":"article","og_title":"DIDA e INTEC inician diplomado en Seguridad Social, Gesti\u00f3n del Aseguramiento y Econom\u00eda de la Salud - Sarmiento24h","og_description":"La Direcci\u00f3n General de Informaci\u00f3n y Defensa&#46;&#46;&#46;","og_url":"https:\/\/sarmiento24h.com\/?p=167342","og_site_name":"Sarmiento24h","article_publisher":"https:\/\/facebook.com\/s24hnoticias","article_published_time":"2026-04-30T18:56:58+00:00","author":"sarmiento24h@gmail.com","twitter_card":"summary_large_image","twitter_creator":"@sarmiento24h","twitter_site":"@sarmiento24h","twitter_misc":{"Escrito por":"sarmiento24h@gmail.com","Tiempo de lectura":"3 minutos"},"schema":{"@context":"https:\/\/schema.org","@graph":[{"@type":"Article","@id":"https:\/\/sarmiento24h.com\/?p=167342#article","isPartOf":{"@id":"https:\/\/sarmiento24h.com\/?p=167342"},"author":{"name":"sarmiento24h@gmail.com","@id":"https:\/\/sarmiento24h.com\/#\/schema\/person\/d653a59725ad629a7e0429af7b939d4d"},"headline":"DIDA e INTEC inician diplomado en Seguridad Social, Gesti\u00f3n del Aseguramiento y Econom\u00eda de la Salud","datePublished":"2026-04-30T18:56:58+00:00","mainEntityOfPage":{"@id":"https:\/\/sarmiento24h.com\/?p=167342"},"wordCount":533,"publisher":{"@id":"https:\/\/sarmiento24h.com\/#organization"},"image":{"@id":"https:\/\/sarmiento24h.com\/?p=167342#primaryimage"},"thumbnailUrl":"https:\/\/sarmiento24h.com\/wp-content\/uploads\/2026\/04\/dida-e-intec-inician-diplomado-en-seguridad-social-gestion-del-aseguramiento-y-economia-de-la-salud.jpg","articleSection":["Nacionales"],"inLanguage":"es"},{"@type":"WebPage","@id":"https:\/\/sarmiento24h.com\/?p=167342","url":"https:\/\/sarmiento24h.com\/?p=167342","name":"DIDA e INTEC inician diplomado en Seguridad Social, Gesti\u00f3n del Aseguramiento y Econom\u00eda de la Salud - Sarmiento24h","isPartOf":{"@id":"https:\/\/sarmiento24h.com\/#website"},"primaryImageOfPage":{"@id":"https:\/\/sarmiento24h.com\/?p=167342#primaryimage"},"image":{"@id":"https:\/\/sarmiento24h.com\/?p=167342#primaryimage"},"thumbnailUrl":"https:\/\/sarmiento24h.com\/wp-content\/uploads\/2026\/04\/dida-e-intec-inician-diplomado-en-seguridad-social-gestion-del-aseguramiento-y-economia-de-la-salud.jpg","datePublished":"2026-04-30T18:56:58+00:00","breadcrumb":{"@id":"https:\/\/sarmiento24h.com\/?p=167342#breadcrumb"},"inLanguage":"es","potentialAction":[{"@type":"ReadAction","target":["https:\/\/sarmiento24h.com\/?p=167342"]}]},{"@type":"ImageObject","inLanguage":"es","@id":"https:\/\/sarmiento24h.com\/?p=167342#primaryimage","url":"https:\/\/sarmiento24h.com\/wp-content\/uploads\/2026\/04\/dida-e-intec-inician-diplomado-en-seguridad-social-gestion-del-aseguramiento-y-economia-de-la-salud.jpg","contentUrl":"https:\/\/sarmiento24h.com\/wp-content\/uploads\/2026\/04\/dida-e-intec-inician-diplomado-en-seguridad-social-gestion-del-aseguramiento-y-economia-de-la-salud.jpg","width":696,"height":464},{"@type":"BreadcrumbList","@id":"https:\/\/sarmiento24h.com\/?p=167342#breadcrumb","itemListElement":[{"@type":"ListItem","position":1,"name":"Home","item":"https:\/\/sarmiento24h.com\/"},{"@type":"ListItem","position":2,"name":"DIDA e INTEC inician diplomado en Seguridad Social, Gesti\u00f3n del Aseguramiento y Econom\u00eda de la Salud"}]},{"@type":"WebSite","@id":"https:\/\/sarmiento24h.com\/#website","url":"https:\/\/sarmiento24h.com\/","name":"Sarmiento24h","description":"","publisher":{"@id":"https:\/\/sarmiento24h.com\/#organization"},"potentialAction":[{"@type":"SearchAction","target":{"@type":"EntryPoint","urlTemplate":"https:\/\/sarmiento24h.com\/?s={search_term_string}"},"query-input":{"@type":"PropertyValueSpecification","valueRequired":true,"valueName":"search_term_string"}}],"inLanguage":"es"},{"@type":"Organization","@id":"https:\/\/sarmiento24h.com\/#organization","name":"Sarmiento24h","url":"https:\/\/sarmiento24h.com\/","logo":{"@type":"ImageObject","inLanguage":"es","@id":"https:\/\/sarmiento24h.com\/#\/schema\/logo\/image\/","url":"https:\/\/sarmiento24h.com\/wp-content\/uploads\/2025\/12\/AddText_12-16-10.30.52.jpg","contentUrl":"https:\/\/sarmiento24h.com\/wp-content\/uploads\/2025\/12\/AddText_12-16-10.30.52.jpg","width":1220,"height":324,"caption":"Sarmiento24h"},"image":{"@id":"https:\/\/sarmiento24h.com\/#\/schema\/logo\/image\/"},"sameAs":["https:\/\/facebook.com\/s24hnoticias","https:\/\/x.com\/sarmiento24h"]},{"@type":"Person","@id":"https:\/\/sarmiento24h.com\/#\/schema\/person\/d653a59725ad629a7e0429af7b939d4d","name":"sarmiento24h@gmail.com","image":{"@type":"ImageObject","inLanguage":"es","@id":"https:\/\/sarmiento24h.com\/wp-content\/litespeed\/avatar\/d02cbc4e23c747e6659cd45907173c8f.jpg?ver=1777157796","url":"https:\/\/sarmiento24h.com\/wp-content\/litespeed\/avatar\/d02cbc4e23c747e6659cd45907173c8f.jpg?ver=1777157796","contentUrl":"https:\/\/sarmiento24h.com\/wp-content\/litespeed\/avatar\/d02cbc4e23c747e6659cd45907173c8f.jpg?ver=1777157796","caption":"sarmiento24h@gmail.com"},"sameAs":["https:\/\/sarmiento24h.com"],"url":"https:\/\/sarmiento24h.com\/?author=1"}]}},"jetpack_publicize_connections":[],"jetpack_featured_media_url":"https:\/\/sarmiento24h.com\/wp-content\/uploads\/2026\/04\/dida-e-intec-inician-diplomado-en-seguridad-social-gestion-del-aseguramiento-y-economia-de-la-salud.jpg","jetpack_sharing_enabled":true,"_links":{"self":[{"href":"https:\/\/sarmiento24h.com\/index.php?rest_route=\/wp\/v2\/posts\/167342","targetHints":{"allow":["GET"]}}],"collection":[{"href":"https:\/\/sarmiento24h.com\/index.php?rest_route=\/wp\/v2\/posts"}],"about":[{"href":"https:\/\/sarmiento24h.com\/index.php?rest_route=\/wp\/v2\/types\/post"}],"author":[{"embeddable":true,"href":"https:\/\/sarmiento24h.com\/index.php?rest_route=\/wp\/v2\/users\/1"}],"replies":[{"embeddable":true,"href":"https:\/\/sarmiento24h.com\/index.php?rest_route=%2Fwp%2Fv2%2Fcomments&post=167342"}],"version-history":[{"count":0,"href":"https:\/\/sarmiento24h.com\/index.php?rest_route=\/wp\/v2\/posts\/167342\/revisions"}],"wp:featuredmedia":[{"embeddable":true,"href":"https:\/\/sarmiento24h.com\/index.php?rest_route=\/wp\/v2\/media\/167343"}],"wp:attachment":[{"href":"https:\/\/sarmiento24h.com\/index.php?rest_route=%2Fwp%2Fv2%2Fmedia&parent=167342"}],"wp:term":[{"taxonomy":"category","embeddable":true,"href":"https:\/\/sarmiento24h.com\/index.php?rest_route=%2Fwp%2Fv2%2Fcategories&post=167342"},{"taxonomy":"post_tag","embeddable":true,"href":"https:\/\/sarmiento24h.com\/index.php?rest_route=%2Fwp%2Fv2%2Ftags&post=167342"}],"curies":[{"name":"wp","href":"https:\/\/api.w.org\/{rel}","templated":true}]}}