{"id":167377,"date":"2026-04-30T18:57:15","date_gmt":"2026-04-30T18:57:15","guid":{"rendered":"https:\/\/noticiassin.com\/?p=1989374"},"modified":"2026-04-30T18:57:15","modified_gmt":"2026-04-30T18:57:15","slug":"digeig-premia-periodismo-de-datos-en-cierre-de-la-semana-de-la-etica-2026","status":"publish","type":"post","link":"https:\/\/sarmiento24h.com\/?p=167377","title":{"rendered":"Digeig premia periodismo de datos en cierre de la Semana de la \u00c9tica 2026"},"content":{"rendered":"<div><img decoding=\"async\" src=\"https:\/\/multimedia.noticiassin.com\/wp-content\/uploads\/2026\/04\/digeig-concluye-semana-de-la-etica-2026-con-la-entrega-del-premio-nacional-de-pe-20260430-182655-vRir-1200x675.jpg\" class=\"ff-og-image-inserted\"><\/div>\n<p><strong>Santo Domingo<\/strong>. \u2013 La <strong>Direcci\u00f3n General de \u00c9tica e Integridad Gubernamental<\/strong> <strong>(Digeig<\/strong>) entreg\u00f3 la s\u00e9ptima edici\u00f3n del Premio Nacional de Periodismo de Datos, reafirmando su compromiso con la promoci\u00f3n de la transparencia, el acceso a la informaci\u00f3n p\u00fablica y el fortalecimiento de un periodismo basado en evidencia.<\/p>\n<p>La actividad, concebida como uno de los actos centrales de clausura de esta jornada nacional dedicada a los valores \u00e9ticos, sirvi\u00f3 de escenario para<strong> reconocer<\/strong> trabajos period\u00edsticos de alto impacto social, sustentados en el an\u00e1lisis de datos con \u00e9tica e integridad y el uso de fuentes oficiales del Estado dominicano.<\/p>\n<ul class=\"wp-block-list\">\n<li>La directora general de la <strong><strong>Digeig<\/strong><\/strong>, <strong>Milagros Ortiz Bosch<\/strong>, resalt\u00f3 que el periodismo de datos constituye una herramienta fundamental para fortalecer la democracia y la confianza ciudadana en las instituciones p\u00fablicas.<\/li>\n<\/ul>\n<p>\u00abCuando la informaci\u00f3n p\u00fablica se transforma en conocimiento \u00fatil para la ciudadan\u00eda, se fortalece la transparencia y se consolida una democracia m\u00e1s participativa. El periodismo de datos permite que la verdad se sustente en hechos verificables y no en percepciones\u00bb, expres\u00f3 <strong>Ortiz Bosch<\/strong>.<\/p>\n<p>Asimismo, afirm\u00f3 que \u201cdesde la <strong><strong>Digeig<\/strong><\/strong> seguimos impulsando mecanismos que garanticen el acceso a la informaci\u00f3n, cumpliendo as\u00ed el derecho que tiene el ciudadano a buscar informaciones y el deber del gobierno de informar\u201d.<\/p>\n<p>Con <strong>Periodismo de Datos<\/strong> se fortalece la cultura de transparencia en la <strong>Rep\u00fablica Dominicana<\/strong>, fomentando el uso de herramientas como el <strong>Portal de Datos Abiertos<\/strong>, los portales de transparencia institucional y el <strong>Sistema de Acceso a la Informaci\u00f3n (SAIP)<\/strong>.<\/p>\n<p>A trav\u00e9s de estos mecanismos, la <strong>DIGEIG<\/strong> impulsa el ejercicio del derecho ciudadano a saber y el deber del <strong>Estado<\/strong> de rendir cuentas.<\/p>\n<p>El responsable de Datos Abiertos <strong><strong>Digeig<\/strong><\/strong>, <strong>Jos\u00e9 \u00c1ngel Reynoso<\/strong>. Durante el evento tambi\u00e9n se presentaron los avances en la evoluci\u00f3n y cumplimiento de los Planes de Apertura de Datos de la <strong>Rep\u00fablica Dominicana<\/strong>, destacando mejoras en la disponibilidad, calidad y uso estrat\u00e9gico de la informaci\u00f3n p\u00fablica.<\/p>\n<p>Asimismo, fueron reconocidas diversas instituciones por su <strong>cumplimiento d<\/strong>e est\u00e1ndares de transparencia, como parte de un esfuerzo continuo por consolidar una gesti\u00f3n p\u00fablica m\u00e1s abierta, eficiente y responsable.<\/p>\n<p><a href=\"http:\/\/datos.gob.do\/\" target=\"_blank\" rel=\"noreferrer noopener\"><strong>Datos.gob.do<\/strong><\/a> es una plataforma que permite explorar la informaci\u00f3n a trav\u00e9s de diversas categor\u00edas tem\u00e1ticas, facilitando el acceso a datos organizados seg\u00fan \u00e1reas de inter\u00e9s. Entre ellas se destacan <strong>Gesti\u00f3n P\u00fablica<\/strong>, con 387 conjuntos; <strong>Sociedad y bienestar<\/strong>, con 245; <strong>Econom\u00eda<\/strong>, con 103; y <strong>Salud<\/strong>, con 61.<\/p>\n<h2 class=\"wp-block-heading\">Ganadores del premio<\/h2>\n<p>El m\u00e1ximo galard\u00f3n, en la categor\u00eda Diamante, fue otorgado a la periodista <strong>Eliana Ledesma<\/strong>, por su investigaci\u00f3n&nbsp;<em>\u201cIglesias fueron exoneradas de casi RD$300 millones en impuestos por veh\u00edculos\u201d<\/em>. El trabajo revela que, en los \u00faltimos cuatro a\u00f1os, distintas iglesias han importado unidades por m\u00e1s de RD$713 millones, incluyendo veh\u00edculos de lujo, benefici\u00e1ndose de exenciones fiscales contempladas en el r\u00e9gimen vigente.<\/p>\n<p>El segundo lugar fue para el periodista <strong>Joan Vallejo<\/strong>, con el reportaje&nbsp;<em>\u201cFeminicidio en cifras: tragedia humana y econ\u00f3mica que estremece a la sociedad\u201d<\/em>, publicado en el peri\u00f3dico&nbsp;<em><strong>El Dinero<\/strong><\/em>. La investigaci\u00f3n documenta que, solo en el primer semestre de 2025, se registraron 37,094 denuncias por violencia de g\u00e9nero, intrafamiliar y delitos sexuales, seg\u00fan datos oficiales.<\/p>\n<p>En la categor\u00eda Plata fue reconocido el periodista <strong>Luis Flores<\/strong>, por su trabajo&nbsp;<em>\u201cPersonas con discapacidad y empleo: inclusi\u00f3n que genera valor\u201d<\/em>, tambi\u00e9n difundido en&nbsp;<em><strong>El Dinero<\/strong><\/em>.<\/p>\n<p>El reportaje analiza las barreras que enfrentan las personas con discapacidad para acceder al empleo formal, en un <strong>contexto<\/strong> donde cerca de 478,300 ciudadanos viven con alguna condici\u00f3n, a pesar de la existencia de leyes que promueven su inclusi\u00f3n laboral.<\/p>\n<p>Con esta s\u00e9ptima edici\u00f3n, celebrada como acto de cierre de la Semana de la \u00c9tica 2026, la <strong>DIGEIG<\/strong> reafirma su rol como promotora de la integridad, la participaci\u00f3n ciudadana y la rendici\u00f3n de cuentas, impulsando un periodismo de datos que contribuya a una sociedad m\u00e1s informada, cr\u00edtica y democr\u00e1tica.<\/p>\n<h2 class=\"wp-block-heading\">Instituciones reconocidas<\/h2>\n<p>En ese orden, fueron reconocidas&nbsp;las instituciones que se destacan por la relevancia de los datos liberados, garantizar el derecho ciudadano al libre acceso a la informaci\u00f3n p\u00fablica y por la relevancia de los datos p\u00fablicos liberados en formatos abiertos en el <strong>Portal Nacional de Datos Abiertos de la Rep\u00fablica Dominicana<\/strong>.<\/p>\n<p>Las instituciones reconocidas fueron: el <strong>Instituto Dominicano de Aviaci\u00f3n Civil<\/strong> (<strong>IDAC<\/strong>), el <strong>Servicio Nacional de Protecci\u00f3n Ambiental<\/strong> (<strong>Senpa<\/strong>), el <strong>Cuerpo Especializado de Seguridad Portuaria<\/strong> (<strong>Cesep<\/strong>), la <strong>Direcci\u00f3n Nacional de Control de Drogas<\/strong> (<strong>DNCD<\/strong>) y el <strong>Servicio Geol\u00f3gico Nacional<\/strong> (<strong>SGN<\/strong>).<\/p>\n","protected":false},"excerpt":{"rendered":"<p>Santo Domingo. \u2013 La Direcci\u00f3n General de&#46;&#46;&#46;<\/p>\n","protected":false},"author":1,"featured_media":167378,"comment_status":"closed","ping_status":"closed","sticky":false,"template":"","format":"standard","meta":{"_jetpack_memberships_contains_paid_content":false,"footnotes":"","jetpack_publicize_message":"","jetpack_publicize_feature_enabled":true,"jetpack_social_post_already_shared":true,"jetpack_social_options":{"image_generator_settings":{"template":"highway","default_image_id":0,"font":"","enabled":false},"version":2}},"categories":[42],"tags":[],"class_list":["post-167377","post","type-post","status-publish","format-standard","has-post-thumbnail","hentry","category-nacionales"],"yoast_head":"<!-- This site is optimized with the Yoast SEO plugin v27.3 - https:\/\/yoast.com\/product\/yoast-seo-wordpress\/ -->\n<title>Digeig premia periodismo de datos en cierre de la Semana de la \u00c9tica 2026 - Sarmiento24h<\/title>\n<meta name=\"robots\" content=\"index, follow, max-snippet:-1, max-image-preview:large, max-video-preview:-1\" \/>\n<link rel=\"canonical\" href=\"https:\/\/sarmiento24h.com\/?p=167377\" \/>\n<meta property=\"og:locale\" content=\"es_ES\" \/>\n<meta property=\"og:type\" content=\"article\" \/>\n<meta property=\"og:title\" content=\"Digeig premia periodismo de datos en cierre de la Semana de la \u00c9tica 2026 - Sarmiento24h\" \/>\n<meta property=\"og:description\" content=\"Santo Domingo. \u2013 La Direcci\u00f3n General de&#046;&#046;&#046;\" \/>\n<meta property=\"og:url\" content=\"https:\/\/sarmiento24h.com\/?p=167377\" \/>\n<meta property=\"og:site_name\" content=\"Sarmiento24h\" \/>\n<meta property=\"article:publisher\" content=\"https:\/\/facebook.com\/s24hnoticias\" \/>\n<meta property=\"article:published_time\" content=\"2026-04-30T18:57:15+00:00\" \/>\n<meta property=\"og:image\" content=\"https:\/\/multimedia.noticiassin.com\/wp-content\/uploads\/2026\/04\/digeig-concluye-semana-de-la-etica-2026-con-la-entrega-del-premio-nacional-de-pe-20260430-182655-vRir-1200x675.jpg\" \/>\n<meta name=\"author\" content=\"sarmiento24h@gmail.com\" \/>\n<meta name=\"twitter:card\" content=\"summary_large_image\" \/>\n<meta name=\"twitter:creator\" content=\"@sarmiento24h\" \/>\n<meta name=\"twitter:site\" content=\"@sarmiento24h\" \/>\n<meta name=\"twitter:label1\" content=\"Escrito por\" \/>\n\t<meta name=\"twitter:data1\" content=\"sarmiento24h@gmail.com\" \/>\n\t<meta name=\"twitter:label2\" content=\"Tiempo de lectura\" \/>\n\t<meta name=\"twitter:data2\" content=\"4 minutos\" \/>\n<script type=\"application\/ld+json\" class=\"yoast-schema-graph\">{\"@context\":\"https:\\\/\\\/schema.org\",\"@graph\":[{\"@type\":\"Article\",\"@id\":\"https:\\\/\\\/sarmiento24h.com\\\/?p=167377#article\",\"isPartOf\":{\"@id\":\"https:\\\/\\\/sarmiento24h.com\\\/?p=167377\"},\"author\":{\"name\":\"sarmiento24h@gmail.com\",\"@id\":\"https:\\\/\\\/sarmiento24h.com\\\/#\\\/schema\\\/person\\\/d653a59725ad629a7e0429af7b939d4d\"},\"headline\":\"Digeig premia periodismo de datos en cierre de la Semana de la \u00c9tica 2026\",\"datePublished\":\"2026-04-30T18:57:15+00:00\",\"mainEntityOfPage\":{\"@id\":\"https:\\\/\\\/sarmiento24h.com\\\/?p=167377\"},\"wordCount\":797,\"publisher\":{\"@id\":\"https:\\\/\\\/sarmiento24h.com\\\/#organization\"},\"image\":{\"@id\":\"https:\\\/\\\/sarmiento24h.com\\\/?p=167377#primaryimage\"},\"thumbnailUrl\":\"https:\\\/\\\/sarmiento24h.com\\\/wp-content\\\/uploads\\\/2026\\\/04\\\/digeig-premia-periodismo-de-datos-en-cierre-de-la-semana-de-la-etica-2026.jpg\",\"articleSection\":[\"Nacionales\"],\"inLanguage\":\"es\"},{\"@type\":\"WebPage\",\"@id\":\"https:\\\/\\\/sarmiento24h.com\\\/?p=167377\",\"url\":\"https:\\\/\\\/sarmiento24h.com\\\/?p=167377\",\"name\":\"Digeig premia periodismo de datos en cierre de la Semana de la \u00c9tica 2026 - Sarmiento24h\",\"isPartOf\":{\"@id\":\"https:\\\/\\\/sarmiento24h.com\\\/#website\"},\"primaryImageOfPage\":{\"@id\":\"https:\\\/\\\/sarmiento24h.com\\\/?p=167377#primaryimage\"},\"image\":{\"@id\":\"https:\\\/\\\/sarmiento24h.com\\\/?p=167377#primaryimage\"},\"thumbnailUrl\":\"https:\\\/\\\/sarmiento24h.com\\\/wp-content\\\/uploads\\\/2026\\\/04\\\/digeig-premia-periodismo-de-datos-en-cierre-de-la-semana-de-la-etica-2026.jpg\",\"datePublished\":\"2026-04-30T18:57:15+00:00\",\"breadcrumb\":{\"@id\":\"https:\\\/\\\/sarmiento24h.com\\\/?p=167377#breadcrumb\"},\"inLanguage\":\"es\",\"potentialAction\":[{\"@type\":\"ReadAction\",\"target\":[\"https:\\\/\\\/sarmiento24h.com\\\/?p=167377\"]}]},{\"@type\":\"ImageObject\",\"inLanguage\":\"es\",\"@id\":\"https:\\\/\\\/sarmiento24h.com\\\/?p=167377#primaryimage\",\"url\":\"https:\\\/\\\/sarmiento24h.com\\\/wp-content\\\/uploads\\\/2026\\\/04\\\/digeig-premia-periodismo-de-datos-en-cierre-de-la-semana-de-la-etica-2026.jpg\",\"contentUrl\":\"https:\\\/\\\/sarmiento24h.com\\\/wp-content\\\/uploads\\\/2026\\\/04\\\/digeig-premia-periodismo-de-datos-en-cierre-de-la-semana-de-la-etica-2026.jpg\",\"width\":1200,\"height\":675},{\"@type\":\"BreadcrumbList\",\"@id\":\"https:\\\/\\\/sarmiento24h.com\\\/?p=167377#breadcrumb\",\"itemListElement\":[{\"@type\":\"ListItem\",\"position\":1,\"name\":\"Home\",\"item\":\"https:\\\/\\\/sarmiento24h.com\\\/\"},{\"@type\":\"ListItem\",\"position\":2,\"name\":\"Digeig premia periodismo de datos en cierre de la Semana de la \u00c9tica 2026\"}]},{\"@type\":\"WebSite\",\"@id\":\"https:\\\/\\\/sarmiento24h.com\\\/#website\",\"url\":\"https:\\\/\\\/sarmiento24h.com\\\/\",\"name\":\"Sarmiento24h\",\"description\":\"\",\"publisher\":{\"@id\":\"https:\\\/\\\/sarmiento24h.com\\\/#organization\"},\"potentialAction\":[{\"@type\":\"SearchAction\",\"target\":{\"@type\":\"EntryPoint\",\"urlTemplate\":\"https:\\\/\\\/sarmiento24h.com\\\/?s={search_term_string}\"},\"query-input\":{\"@type\":\"PropertyValueSpecification\",\"valueRequired\":true,\"valueName\":\"search_term_string\"}}],\"inLanguage\":\"es\"},{\"@type\":\"Organization\",\"@id\":\"https:\\\/\\\/sarmiento24h.com\\\/#organization\",\"name\":\"Sarmiento24h\",\"url\":\"https:\\\/\\\/sarmiento24h.com\\\/\",\"logo\":{\"@type\":\"ImageObject\",\"inLanguage\":\"es\",\"@id\":\"https:\\\/\\\/sarmiento24h.com\\\/#\\\/schema\\\/logo\\\/image\\\/\",\"url\":\"https:\\\/\\\/sarmiento24h.com\\\/wp-content\\\/uploads\\\/2025\\\/12\\\/AddText_12-16-10.30.52.jpg\",\"contentUrl\":\"https:\\\/\\\/sarmiento24h.com\\\/wp-content\\\/uploads\\\/2025\\\/12\\\/AddText_12-16-10.30.52.jpg\",\"width\":1220,\"height\":324,\"caption\":\"Sarmiento24h\"},\"image\":{\"@id\":\"https:\\\/\\\/sarmiento24h.com\\\/#\\\/schema\\\/logo\\\/image\\\/\"},\"sameAs\":[\"https:\\\/\\\/facebook.com\\\/s24hnoticias\",\"https:\\\/\\\/x.com\\\/sarmiento24h\"]},{\"@type\":\"Person\",\"@id\":\"https:\\\/\\\/sarmiento24h.com\\\/#\\\/schema\\\/person\\\/d653a59725ad629a7e0429af7b939d4d\",\"name\":\"sarmiento24h@gmail.com\",\"image\":{\"@type\":\"ImageObject\",\"inLanguage\":\"es\",\"@id\":\"https:\\\/\\\/sarmiento24h.com\\\/wp-content\\\/litespeed\\\/avatar\\\/d02cbc4e23c747e6659cd45907173c8f.jpg?ver=1777157796\",\"url\":\"https:\\\/\\\/sarmiento24h.com\\\/wp-content\\\/litespeed\\\/avatar\\\/d02cbc4e23c747e6659cd45907173c8f.jpg?ver=1777157796\",\"contentUrl\":\"https:\\\/\\\/sarmiento24h.com\\\/wp-content\\\/litespeed\\\/avatar\\\/d02cbc4e23c747e6659cd45907173c8f.jpg?ver=1777157796\",\"caption\":\"sarmiento24h@gmail.com\"},\"sameAs\":[\"https:\\\/\\\/sarmiento24h.com\"],\"url\":\"https:\\\/\\\/sarmiento24h.com\\\/?author=1\"}]}<\/script>\n<!-- \/ Yoast SEO plugin. -->","yoast_head_json":{"title":"Digeig premia periodismo de datos en cierre de la Semana de la \u00c9tica 2026 - Sarmiento24h","robots":{"index":"index","follow":"follow","max-snippet":"max-snippet:-1","max-image-preview":"max-image-preview:large","max-video-preview":"max-video-preview:-1"},"canonical":"https:\/\/sarmiento24h.com\/?p=167377","og_locale":"es_ES","og_type":"article","og_title":"Digeig premia periodismo de datos en cierre de la Semana de la \u00c9tica 2026 - Sarmiento24h","og_description":"Santo Domingo. \u2013 La Direcci\u00f3n General de&#46;&#46;&#46;","og_url":"https:\/\/sarmiento24h.com\/?p=167377","og_site_name":"Sarmiento24h","article_publisher":"https:\/\/facebook.com\/s24hnoticias","article_published_time":"2026-04-30T18:57:15+00:00","og_image":[{"url":"https:\/\/multimedia.noticiassin.com\/wp-content\/uploads\/2026\/04\/digeig-concluye-semana-de-la-etica-2026-con-la-entrega-del-premio-nacional-de-pe-20260430-182655-vRir-1200x675.jpg","type":"","width":"","height":""}],"author":"sarmiento24h@gmail.com","twitter_card":"summary_large_image","twitter_creator":"@sarmiento24h","twitter_site":"@sarmiento24h","twitter_misc":{"Escrito por":"sarmiento24h@gmail.com","Tiempo de lectura":"4 minutos"},"schema":{"@context":"https:\/\/schema.org","@graph":[{"@type":"Article","@id":"https:\/\/sarmiento24h.com\/?p=167377#article","isPartOf":{"@id":"https:\/\/sarmiento24h.com\/?p=167377"},"author":{"name":"sarmiento24h@gmail.com","@id":"https:\/\/sarmiento24h.com\/#\/schema\/person\/d653a59725ad629a7e0429af7b939d4d"},"headline":"Digeig premia periodismo de datos en cierre de la Semana de la \u00c9tica 2026","datePublished":"2026-04-30T18:57:15+00:00","mainEntityOfPage":{"@id":"https:\/\/sarmiento24h.com\/?p=167377"},"wordCount":797,"publisher":{"@id":"https:\/\/sarmiento24h.com\/#organization"},"image":{"@id":"https:\/\/sarmiento24h.com\/?p=167377#primaryimage"},"thumbnailUrl":"https:\/\/sarmiento24h.com\/wp-content\/uploads\/2026\/04\/digeig-premia-periodismo-de-datos-en-cierre-de-la-semana-de-la-etica-2026.jpg","articleSection":["Nacionales"],"inLanguage":"es"},{"@type":"WebPage","@id":"https:\/\/sarmiento24h.com\/?p=167377","url":"https:\/\/sarmiento24h.com\/?p=167377","name":"Digeig premia periodismo de datos en cierre de la Semana de la \u00c9tica 2026 - Sarmiento24h","isPartOf":{"@id":"https:\/\/sarmiento24h.com\/#website"},"primaryImageOfPage":{"@id":"https:\/\/sarmiento24h.com\/?p=167377#primaryimage"},"image":{"@id":"https:\/\/sarmiento24h.com\/?p=167377#primaryimage"},"thumbnailUrl":"https:\/\/sarmiento24h.com\/wp-content\/uploads\/2026\/04\/digeig-premia-periodismo-de-datos-en-cierre-de-la-semana-de-la-etica-2026.jpg","datePublished":"2026-04-30T18:57:15+00:00","breadcrumb":{"@id":"https:\/\/sarmiento24h.com\/?p=167377#breadcrumb"},"inLanguage":"es","potentialAction":[{"@type":"ReadAction","target":["https:\/\/sarmiento24h.com\/?p=167377"]}]},{"@type":"ImageObject","inLanguage":"es","@id":"https:\/\/sarmiento24h.com\/?p=167377#primaryimage","url":"https:\/\/sarmiento24h.com\/wp-content\/uploads\/2026\/04\/digeig-premia-periodismo-de-datos-en-cierre-de-la-semana-de-la-etica-2026.jpg","contentUrl":"https:\/\/sarmiento24h.com\/wp-content\/uploads\/2026\/04\/digeig-premia-periodismo-de-datos-en-cierre-de-la-semana-de-la-etica-2026.jpg","width":1200,"height":675},{"@type":"BreadcrumbList","@id":"https:\/\/sarmiento24h.com\/?p=167377#breadcrumb","itemListElement":[{"@type":"ListItem","position":1,"name":"Home","item":"https:\/\/sarmiento24h.com\/"},{"@type":"ListItem","position":2,"name":"Digeig premia periodismo de datos en cierre de la Semana de la \u00c9tica 2026"}]},{"@type":"WebSite","@id":"https:\/\/sarmiento24h.com\/#website","url":"https:\/\/sarmiento24h.com\/","name":"Sarmiento24h","description":"","publisher":{"@id":"https:\/\/sarmiento24h.com\/#organization"},"potentialAction":[{"@type":"SearchAction","target":{"@type":"EntryPoint","urlTemplate":"https:\/\/sarmiento24h.com\/?s={search_term_string}"},"query-input":{"@type":"PropertyValueSpecification","valueRequired":true,"valueName":"search_term_string"}}],"inLanguage":"es"},{"@type":"Organization","@id":"https:\/\/sarmiento24h.com\/#organization","name":"Sarmiento24h","url":"https:\/\/sarmiento24h.com\/","logo":{"@type":"ImageObject","inLanguage":"es","@id":"https:\/\/sarmiento24h.com\/#\/schema\/logo\/image\/","url":"https:\/\/sarmiento24h.com\/wp-content\/uploads\/2025\/12\/AddText_12-16-10.30.52.jpg","contentUrl":"https:\/\/sarmiento24h.com\/wp-content\/uploads\/2025\/12\/AddText_12-16-10.30.52.jpg","width":1220,"height":324,"caption":"Sarmiento24h"},"image":{"@id":"https:\/\/sarmiento24h.com\/#\/schema\/logo\/image\/"},"sameAs":["https:\/\/facebook.com\/s24hnoticias","https:\/\/x.com\/sarmiento24h"]},{"@type":"Person","@id":"https:\/\/sarmiento24h.com\/#\/schema\/person\/d653a59725ad629a7e0429af7b939d4d","name":"sarmiento24h@gmail.com","image":{"@type":"ImageObject","inLanguage":"es","@id":"https:\/\/sarmiento24h.com\/wp-content\/litespeed\/avatar\/d02cbc4e23c747e6659cd45907173c8f.jpg?ver=1777157796","url":"https:\/\/sarmiento24h.com\/wp-content\/litespeed\/avatar\/d02cbc4e23c747e6659cd45907173c8f.jpg?ver=1777157796","contentUrl":"https:\/\/sarmiento24h.com\/wp-content\/litespeed\/avatar\/d02cbc4e23c747e6659cd45907173c8f.jpg?ver=1777157796","caption":"sarmiento24h@gmail.com"},"sameAs":["https:\/\/sarmiento24h.com"],"url":"https:\/\/sarmiento24h.com\/?author=1"}]}},"jetpack_publicize_connections":[],"jetpack_featured_media_url":"https:\/\/sarmiento24h.com\/wp-content\/uploads\/2026\/04\/digeig-premia-periodismo-de-datos-en-cierre-de-la-semana-de-la-etica-2026.jpg","jetpack_sharing_enabled":true,"_links":{"self":[{"href":"https:\/\/sarmiento24h.com\/index.php?rest_route=\/wp\/v2\/posts\/167377","targetHints":{"allow":["GET"]}}],"collection":[{"href":"https:\/\/sarmiento24h.com\/index.php?rest_route=\/wp\/v2\/posts"}],"about":[{"href":"https:\/\/sarmiento24h.com\/index.php?rest_route=\/wp\/v2\/types\/post"}],"author":[{"embeddable":true,"href":"https:\/\/sarmiento24h.com\/index.php?rest_route=\/wp\/v2\/users\/1"}],"replies":[{"embeddable":true,"href":"https:\/\/sarmiento24h.com\/index.php?rest_route=%2Fwp%2Fv2%2Fcomments&post=167377"}],"version-history":[{"count":0,"href":"https:\/\/sarmiento24h.com\/index.php?rest_route=\/wp\/v2\/posts\/167377\/revisions"}],"wp:featuredmedia":[{"embeddable":true,"href":"https:\/\/sarmiento24h.com\/index.php?rest_route=\/wp\/v2\/media\/167378"}],"wp:attachment":[{"href":"https:\/\/sarmiento24h.com\/index.php?rest_route=%2Fwp%2Fv2%2Fmedia&parent=167377"}],"wp:term":[{"taxonomy":"category","embeddable":true,"href":"https:\/\/sarmiento24h.com\/index.php?rest_route=%2Fwp%2Fv2%2Fcategories&post=167377"},{"taxonomy":"post_tag","embeddable":true,"href":"https:\/\/sarmiento24h.com\/index.php?rest_route=%2Fwp%2Fv2%2Ftags&post=167377"}],"curies":[{"name":"wp","href":"https:\/\/api.w.org\/{rel}","templated":true}]}}