{"id":167471,"date":"2026-04-30T19:56:59","date_gmt":"2026-04-30T19:56:59","guid":{"rendered":"http:\/\/b05584ca-44aa-11f1-8990-75bd93a6e990"},"modified":"2026-04-30T19:56:59","modified_gmt":"2026-04-30T19:56:59","slug":"el-parlamento-britanico-le-da-un-respiro-a-starmer-resistira-finalmente-su-gobierno","status":"publish","type":"post","link":"https:\/\/sarmiento24h.com\/?p=167471","title":{"rendered":"El Parlamento brit\u00e1nico le da un respiro a\u00a0Starmer: \u00bfresistir\u00e1 finalmente su Gobierno?"},"content":{"rendered":"<p>M\u00e1s de cinco horas de debate en la C\u00e1mara de los Comunes (C\u00e1mara Baja) le llev\u00f3 al <a href=\"https:\/\/www.france24.com\/es\/europa\/20260428-el-parlamento-brit\u00e1nico-vota-si-investiga-a-keir-starmer-por-el-nombramiento-de-mandelson\" target=\"_self\">primer ministro brit\u00e1nico,&nbsp;Keir&nbsp;Starmer,<\/a> demostrar la disciplina de la enorme mayor\u00eda de su bloque parlamentario. <a href=\"https:\/\/www.france24.com\/es\/europa\/20260428-el-parlamento-brit\u00e1nico-vota-si-investiga-a-keir-starmer-por-el-nombramiento-de-mandelson\" target=\"_self\">El resultado: el rechazo a la moci\u00f3n presentada por el Partido Conservador para someter al mandatario al Comit\u00e9 de Privilegios<\/a> -un tribunal \u00e9tico de la casa legislativa-.<\/p>\n<p>Starmer afrontaba esta moci\u00f3n por una presunta falsedad ante el recinto&nbsp;en el proceso de&nbsp;designaci\u00f3n&nbsp;como embajador en Washington del exministro&nbsp;<a href=\"https:\/\/www.france24.com\/es\/europa\/20260223-qui\u00e9n-es-peter-mandelson-el-veterano-pol\u00edtico-laborista-detenido-en-reino-unido-por-sus-nexos-con-epstein\" target=\"_self\">Peter Mandelson<\/a>, en el centro de la pol\u00e9mica por sus v\u00ednculos con el fallecido pederasta <a href=\"https:\/\/www.france24.com\/es\/tag\/jeffrey-epstein\/\" target=\"_self\">Jeffrey Epstein.<\/a><\/p>\n<p>Para la din\u00e1mica pol\u00edtica del<a href=\"https:\/\/www.france24.com\/es\/tag\/reino-unido\/\" target=\"_self\"> Reino Unido<\/a>, mentir en el Parlamento&nbsp;es considerado una infracci\u00f3n grave y un \u00abdesprecio\u00bb a la c\u00e1mara,&nbsp;algo que&nbsp;tradicionalmente desemboca en una dimisi\u00f3n.&nbsp;<\/p>\n<div class=\"m-em-image\">\n<figure class=\"m-item-image m-item-image--original m-item-image--has-caption\"> <picture class=\"a-picture a-picture--original\"><source type=\"image\/webp\" srcset=\"https:\/\/s.france24.com\/media\/display\/245c9d34-44c6-11f1-b6d7-005056bf30b7\/w:246\/2026-04-29T151720Z-1248195501-RC2ZYKA1Y57W-RTRMADP-3-BRITAIN-POLITICS-PMQS.webp 246w, https:\/\/s.france24.com\/media\/display\/245c9d34-44c6-11f1-b6d7-005056bf30b7\/w:388\/2026-04-29T151720Z-1248195501-RC2ZYKA1Y57W-RTRMADP-3-BRITAIN-POLITICS-PMQS.webp 388w, https:\/\/s.france24.com\/media\/display\/245c9d34-44c6-11f1-b6d7-005056bf30b7\/w:720\/2026-04-29T151720Z-1248195501-RC2ZYKA1Y57W-RTRMADP-3-BRITAIN-POLITICS-PMQS.webp 720w, https:\/\/s.france24.com\/media\/display\/245c9d34-44c6-11f1-b6d7-005056bf30b7\/w:980\/2026-04-29T151720Z-1248195501-RC2ZYKA1Y57W-RTRMADP-3-BRITAIN-POLITICS-PMQS.webp 980w\" sizes=\"(max-width: 1023px) calc(100vw - 32px), (min-width: 1024px) 850px\"><img fetchpriority=\"low\" decoding=\"async\" src=\"https:\/\/s.france24.com\/media\/display\/245c9d34-44c6-11f1-b6d7-005056bf30b7\/w:980\/2026-04-29T151720Z-1248195501-RC2ZYKA1Y57W-RTRMADP-3-BRITAIN-POLITICS-PMQS.jpg\" srcset=\"https:\/\/s.france24.com\/media\/display\/245c9d34-44c6-11f1-b6d7-005056bf30b7\/w:246\/2026-04-29T151720Z-1248195501-RC2ZYKA1Y57W-RTRMADP-3-BRITAIN-POLITICS-PMQS.jpg 246w, https:\/\/s.france24.com\/media\/display\/245c9d34-44c6-11f1-b6d7-005056bf30b7\/w:388\/2026-04-29T151720Z-1248195501-RC2ZYKA1Y57W-RTRMADP-3-BRITAIN-POLITICS-PMQS.jpg 388w, https:\/\/s.france24.com\/media\/display\/245c9d34-44c6-11f1-b6d7-005056bf30b7\/w:720\/2026-04-29T151720Z-1248195501-RC2ZYKA1Y57W-RTRMADP-3-BRITAIN-POLITICS-PMQS.jpg 720w, https:\/\/s.france24.com\/media\/display\/245c9d34-44c6-11f1-b6d7-005056bf30b7\/w:980\/2026-04-29T151720Z-1248195501-RC2ZYKA1Y57W-RTRMADP-3-BRITAIN-POLITICS-PMQS.jpg 980w\" sizes=\"(max-width: 1023px) calc(100vw - 32px), (min-width: 1024px) 850px\" alt=\"El primer ministro brit\u00e1nico, Keir Starmer, interviene durante la sesi\u00f3n de preguntas en la C\u00e1mara de los Comunes en Londres, Reino Unido, el 29 de abril de 2026.\" loading=\"lazy\" class=\"a-img \">\n<\/picture><figcaption class=\"a-figcaption\"> <span>El primer ministro brit\u00e1nico, Keir Starmer, interviene durante la sesi\u00f3n de preguntas en la C\u00e1mara de los Comunes en Londres, Reino Unido, el 29 de abril de 2026.<\/span> <span>\u00a9 C\u00e1mara de los Comunes\/Imagen v\u00eda Reuters<\/span> <\/figcaption><\/figure>\n<\/p><\/div>\n<p>Sobre Starmer pesaba el fantasma de lo que ocurri\u00f3 con el&nbsp;ex primer ministro&nbsp;<a href=\"https:\/\/www.france24.com\/es\/europa\/20220707-boris-johnson-primer-ministro-reino-unido\" target=\"_self\">Boris Johnson<\/a>. El&nbsp;conservador&nbsp;renunci\u00f3&nbsp;en 2023 tras conocerse las conclusiones del informe del Comit\u00e9 de Privilegios&nbsp;sobre<a href=\"https:\/\/www.france24.com\/es\/europa\/20231206-partygate-boris-johnson-pide-disculpas-y-asegura-que-subestim\u00f3-enormemente-la-pandemia\" target=\"_self\">&nbsp;fiestas celebradas en&nbsp;Downing&nbsp;Street durante la pandemia de Covid-19.<\/a><\/p>\n<p>En el caso de Starmer, la iniciativa de la lideresa del opositor Partido Conservador,&nbsp;Kemi&nbsp;Badenoch, recibi\u00f3 335 votos en contra y 223 a favor. Una victoria para el primer ministro que deja algunos puntos suspensivos.&nbsp;&nbsp;<\/p>\n<p class=\"a-read-more\"><span class=\"a-read-more__label\">Leer tambi\u00e9n<\/span><a href=\"https:\/\/www.france24.com\/es\/europa\/20260428-el-parlamento-brit\u00e1nico-vota-si-investiga-a-keir-starmer-por-el-nombramiento-de-mandelson\" target=\"_self\" class=\"a-read-more__link\">El Parlamento brit\u00e1nico rechaza investigar a Starmer por el nombramiento de Mandelson<\/a><\/p>\n<h2><strong>\u00abUna buena noticia que no se sabe cu\u00e1nto va a durar\u00bb<\/strong><\/h2>\n<p>Desde la Universidad de Bath, <a href=\"https:\/\/www.france24.com\/es\/video\/20260209-est\u00e1-en-riesgo-el-futuro-pol\u00edtico-de-keir-starmer-por-el-esc\u00e1ndalo-epstein\" target=\"_self\">Juan Pablo Ferrero, profesor de Pol\u00edtica y Estudios Internacionales<\/a>,&nbsp;afirma a France 24 en Espa\u00f1ol: \u201cEn&nbsp;principio es una buena noticia para&nbsp;Starmer,&nbsp;que no se sabe cu\u00e1nto va a durar&nbsp;en un gobierno que viene de crisis en crisis\u201d. Seg\u00fan el especialista, <a href=\"https:\/\/www.youtube.com\/watch?v=jNjhifsdjKA\" target=\"_blank\">el caso de Peter&nbsp;Madelson&nbsp;\u201cle peg\u00f3 muy mal\u201d a un gobierno que muestra una ca\u00edda en las encuestas<\/a> y que \u201cno encuentra su propia identidad pol\u00edtica\u201d.&nbsp;&nbsp;<\/p>\n<div class=\"em-video-wrapper m-em-video\" data-media-video-wbmz387866-f24-es-20260430 data-wrapper-video-player data-show-hidden-video-player=\"WBMZ387866-F24-ES-20260430\" data-youtube-script>\n<div class=\"m-em-video__video\">\n<div class=\"o-em-consent \" readability=\"7\">\n<div class=\"o-em-consent__content\" readability=\"34\">\n<p class=\"o-em-consent__content__text\">Para mostrar este contenido de YouTube, debe autorizar las cookies de medici\u00f3n de audiencia y publicidad.<\/p>\n<p> <button class=\"a-master-button a-master-button--dark\" data-action=\"accept\"> Aceptar <svg class=\"a-svg a-svg--icon-check\"> <use xlink:href=\"\/build\/images\/svg\/sprite.c98bf387c90bc4a87186b0b783f15ba0.svg#icon-check\" href=\"\/build\/images\/svg\/sprite.c98bf387c90bc4a87186b0b783f15ba0.svg#icon-check\" \/> <\/svg> <\/button> <button class=\"a-link\" data-action=\"manage\">Gestionar mis opciones<i class=\"a-svg a-svg--icon-edit\"><\/i><\/button> <\/div>\n<\/div>\n<div class=\"o-em-adblock\" data-adblock-content readability=\"7\">\n<div class=\"o-em-adblock__content\" readability=\"34\">\n<p class=\"o-em-adblock__content__text\">Una extensi\u00f3n de tu navegador parece estar bloqueando la carga del reproductor de video. Para poder ver este contenido, debes desactivarla en este sitio.<\/p>\n<p> <button class=\"a-master-button a-master-button--dark\" data-action=\"reload\">Reintentar<\/button> <\/div>\n<\/div>\n<figure class=\"m-item-image m-item-image--16x9 m-item-image--has-caption\"> <picture class=\"a-picture a-picture--16x9\"><source type=\"image\/webp\" srcset=\"https:\/\/s.france24.com\/media\/display\/2496097a-0605-11f1-b0fb-005056a97e36\/w:388\/p:16x9\/ES-20260209-131749-132720-CS.webp 388w, https:\/\/s.france24.com\/media\/display\/2496097a-0605-11f1-b0fb-005056a97e36\/w:720\/p:16x9\/ES-20260209-131749-132720-CS.webp 720w, https:\/\/s.france24.com\/media\/display\/2496097a-0605-11f1-b0fb-005056a97e36\/w:1024\/p:16x9\/ES-20260209-131749-132720-CS.webp 1024w\" sizes=\"(max-width: 639px) calc(100vw - 32px), (max-width: 1076px) calc(100vw - 44px), 850px\"><img fetchpriority=\"low\" decoding=\"async\" src=\"https:\/\/s.france24.com\/media\/display\/2496097a-0605-11f1-b0fb-005056a97e36\/w:1024\/p:16x9\/ES-20260209-131749-132720-CS.jpg\" srcset=\"https:\/\/s.france24.com\/media\/display\/2496097a-0605-11f1-b0fb-005056a97e36\/w:388\/p:16x9\/ES-20260209-131749-132720-CS.jpg 388w, https:\/\/s.france24.com\/media\/display\/2496097a-0605-11f1-b0fb-005056a97e36\/w:720\/p:16x9\/ES-20260209-131749-132720-CS.jpg 720w, https:\/\/s.france24.com\/media\/display\/2496097a-0605-11f1-b0fb-005056a97e36\/w:1024\/p:16x9\/ES-20260209-131749-132720-CS.jpg 1024w\" sizes=\"auto, (max-width: 639px) calc(100vw - 32px), (max-width: 1076px) calc(100vw - 44px), 850px\" width=\"1024\" height=\"576\" alt loading=\"lazy\" class=\"a-img \">\n<\/picture><figcaption class=\"a-figcaption\"> <span>\u00a9 France 24<\/span> <\/figcaption><\/figure>\n<\/p><\/div>\n<\/p><\/div>\n<p>En la Universidad de Liverpool,&nbsp;tambi\u00e9n consultado por France 24 en Espa\u00f1ol<a href=\"https:\/\/www.liverpool.ac.uk\/people\/raul-gomez-martinez\" target=\"_blank\">,&nbsp;Ra\u00fal G\u00f3mez, profesor asociado de Ciencias&nbsp;Pol\u00edticas,<\/a> considera que la decisi\u00f3n del Parlamento brit\u00e1nico le da \u201cun bal\u00f3n de aire\u201d al primer ministro porque <strong>la investigaci\u00f3n \u201chabr\u00eda sido&nbsp;muy inc\u00f3moda para \u00e9l&nbsp;de cara a la opini\u00f3n p\u00fablica. <\/strong>Lo&nbsp;habr\u00eda puesto en una situaci\u00f3n muy complicada&nbsp;al&nbsp;pasar&nbsp;por&nbsp;cierto escrutinio y&nbsp;declarar en un comit\u00e9 acerca de lo que pas\u00f3\u201d.&nbsp;<\/p>\n<p class=\"a-read-more\"><span class=\"a-read-more__label\">Leer tambi\u00e9n<\/span><a href=\"https:\/\/www.france24.com\/es\/minuto-a-minuto\/20260428-starmer-se-libra-de-una-investigaci\u00f3n-por-nombrar-al-embajador-vinculado-a-epstein\" target=\"_self\" class=\"a-read-more__link\">Starmer se libra de una investigaci\u00f3n por nombrar al embajador vinculado a Epstein<\/a><\/p>\n<h2><strong>\u00bfC\u00f3mo se benefician los conservadores y la extrema derecha?&nbsp;<\/strong><\/h2>\n<p>El triunfo de los laboristas en la C\u00e1mara de los Comunes se configura como un l\u00edmite para los opositores, pero no parece tener un efecto similar para el <a href=\"https:\/\/www.france24.com\/es\/tag\/partido-conservador\/\" target=\"_self\">Partido Conservador<\/a> y para<a href=\"https:\/\/www.france24.com\/es\/tag\/reform-uk\/\" target=\"_self\">&nbsp;Reform&nbsp;UK<\/a>, la formaci\u00f3n de extrema derecha que muestra un crecimiento en las encuestas.&nbsp;<\/p>\n<blockquote class=\"quote\" readability=\"9\">\n<p>\u201cLos conservadores est\u00e1n tratando de reagruparse&nbsp;y&nbsp;de encontrar&nbsp;una nueva&nbsp;narrativa&nbsp;despu\u00e9s de una hegemon\u00eda de muchos a\u00f1os en el gobierno.&nbsp;Con&nbsp;lo cual,&nbsp;est\u00e1n en reconstrucci\u00f3n\u201d, apunta Ferrero.&nbsp;&nbsp;<\/p>\n<\/blockquote>\n<p>Con respecto a&nbsp;<a href=\"https:\/\/www.france24.com\/es\/tag\/reform-uk\/\" target=\"_self\">Reform&nbsp;UK<\/a>, destaca que \u201casoma como una disrupci\u00f3n\u201d que podr\u00eda provocar una \u201crevoluci\u00f3n pol\u00edtica\u201d en el sistema bipartidista que impera en <a href=\"https:\/\/www.france24.com\/es\/tag\/reino-unido\/\" target=\"_self\">Reino Unido<\/a>. Adem\u00e1s, observa una profesionalizaci\u00f3n&nbsp;de su dirigencia&nbsp;que implic\u00f3 un cuidado en las incorporaciones al partido, una purga de las figuras \u201cm\u00e1s impresentables\u201d y un cuidado especial por las estrategias&nbsp;comunicacionales&nbsp;y electorales.&nbsp;&nbsp;<\/p>\n<div class=\"m-em-image\">\n<figure class=\"m-item-image m-item-image--original m-item-image--has-caption\"> <picture class=\"a-picture a-picture--original\"><source type=\"image\/webp\" srcset=\"https:\/\/s.france24.com\/media\/display\/1fbb3e9e-2f59-11f0-877f-005056a97e36\/w:246\/0bbbb1f9724dcf79be2b01a6bb9d440032d1b32c.webp 246w, https:\/\/s.france24.com\/media\/display\/1fbb3e9e-2f59-11f0-877f-005056a97e36\/w:388\/0bbbb1f9724dcf79be2b01a6bb9d440032d1b32c.webp 388w, https:\/\/s.france24.com\/media\/display\/1fbb3e9e-2f59-11f0-877f-005056a97e36\/w:720\/0bbbb1f9724dcf79be2b01a6bb9d440032d1b32c.webp 720w, https:\/\/s.france24.com\/media\/display\/1fbb3e9e-2f59-11f0-877f-005056a97e36\/w:980\/0bbbb1f9724dcf79be2b01a6bb9d440032d1b32c.webp 980w\" sizes=\"(max-width: 1023px) calc(100vw - 32px), (min-width: 1024px) 850px\"><img fetchpriority=\"low\" decoding=\"async\" src=\"https:\/\/s.france24.com\/media\/display\/1fbb3e9e-2f59-11f0-877f-005056a97e36\/w:980\/0bbbb1f9724dcf79be2b01a6bb9d440032d1b32c.jpg\" srcset=\"https:\/\/s.france24.com\/media\/display\/1fbb3e9e-2f59-11f0-877f-005056a97e36\/w:246\/0bbbb1f9724dcf79be2b01a6bb9d440032d1b32c.jpg 246w, https:\/\/s.france24.com\/media\/display\/1fbb3e9e-2f59-11f0-877f-005056a97e36\/w:388\/0bbbb1f9724dcf79be2b01a6bb9d440032d1b32c.jpg 388w, https:\/\/s.france24.com\/media\/display\/1fbb3e9e-2f59-11f0-877f-005056a97e36\/w:720\/0bbbb1f9724dcf79be2b01a6bb9d440032d1b32c.jpg 720w, https:\/\/s.france24.com\/media\/display\/1fbb3e9e-2f59-11f0-877f-005056a97e36\/w:980\/0bbbb1f9724dcf79be2b01a6bb9d440032d1b32c.jpg 980w\" sizes=\"(max-width: 1023px) calc(100vw - 32px), (min-width: 1024px) 850px\" alt=\"Nigel Farage (centro), l\u00edder del partido Reform UK, celebra la victoria de Sarah Pochin, candidata del partido, en las elecciones parciales de la circunscripci\u00f3n de Runcorn &amp; Helsby, en Widnes, al noroeste de Inglaterra, el 2 de mayo de 2025.\" loading=\"lazy\" class=\"a-img \">\n<\/picture><figcaption class=\"a-figcaption\"> <span>Nigel Farage (centro), l\u00edder del partido Reform UK, celebra la victoria de Sarah Pochin, candidata del partido, en las elecciones parciales de la circunscripci\u00f3n de Runcorn &amp; Helsby, en Widnes, al noroeste de Inglaterra, el 2 de mayo de 2025.<\/span> <span>\u00a9 AFP<\/span> <\/figcaption><\/figure>\n<\/p><\/div>\n<p>Al mismo tiempo se\u00f1ala&nbsp;un matiz sobre la formaci\u00f3n liderada por <a href=\"https:\/\/www.france24.com\/es\/tag\/nigel-farage\/\" target=\"_self\">Nigel&nbsp;Farage<\/a>: \u201cTampoco les conviene que el Gobierno de&nbsp;Starmer&nbsp;colapse completamente.&nbsp;Les conviene&nbsp;un gobierno&nbsp;d\u00e9bil y que llegue a su final&nbsp;mientras&nbsp;ellos contin\u00faan&nbsp;consolid\u00e1ndose como partido que puede formar gobierno\u201d.&nbsp;<\/p>\n<p><strong>Para G\u00f3mez, este proceso ayuda a la extrema derecha porque \u201ctodo lo que afecte al&nbsp;Partido Laborista&nbsp;le puede beneficiar\u201d<\/strong>, aunque aclara que<a href=\"https:\/\/www.france24.com\/es\/programas\/en-foco\/20251201-reino-unido-la-migraci\u00f3n-polariza-al-pa\u00eds-mientras-el-partido-de-extrema-derecha-gana-terreno\" target=\"_self\"> las prioridades de&nbsp;Reform&nbsp;UK se vinculan con la pol\u00edtica migratoria.<\/a><\/p>\n<p>\u201cEs&nbsp;muy probable que la extrema derecha crezca bastante&nbsp;en las pr\u00f3ximas elecciones&nbsp;porque los dem\u00e1s partidos dentro&nbsp;del&nbsp;espectro de la derecha, particularmente los conservadores,&nbsp;est\u00e1n muy d\u00e9biles\u201d, analiza.&nbsp;<\/p>\n<p>Ferrero tambi\u00e9n visualiza que el Partido Verde se podr\u00eda beneficiar de la crisis del primer ministro y resalta el carisma de su&nbsp;figura en&nbsp;el&nbsp;Parlamento,&nbsp;<a href=\"https:\/\/x.com\/ZackPolanski\/status\/1978868684601893111\" target=\"_blank\">Zack Polanski<\/a>.&nbsp;<\/p>\n<div class=\"m-em-image\">\n<figure class=\"m-item-image m-item-image--original m-item-image--has-caption\"> <picture class=\"a-picture a-picture--original\"><source type=\"image\/webp\" srcset=\"https:\/\/s.france24.com\/media\/display\/5b64d48a-44b8-11f1-b799-005056a97e36\/w:246\/8023419268001w.webp 246w, https:\/\/s.france24.com\/media\/display\/5b64d48a-44b8-11f1-b799-005056a97e36\/w:388\/8023419268001w.webp 388w, https:\/\/s.france24.com\/media\/display\/5b64d48a-44b8-11f1-b799-005056a97e36\/w:720\/8023419268001w.webp 720w, https:\/\/s.france24.com\/media\/display\/5b64d48a-44b8-11f1-b799-005056a97e36\/w:980\/8023419268001w.webp 980w\" sizes=\"(max-width: 1023px) calc(100vw - 32px), (min-width: 1024px) 850px\"><img fetchpriority=\"low\" decoding=\"async\" src=\"https:\/\/s.france24.com\/media\/display\/5b64d48a-44b8-11f1-b799-005056a97e36\/w:980\/8023419268001w.jpg\" srcset=\"https:\/\/s.france24.com\/media\/display\/5b64d48a-44b8-11f1-b799-005056a97e36\/w:246\/8023419268001w.jpg 246w, https:\/\/s.france24.com\/media\/display\/5b64d48a-44b8-11f1-b799-005056a97e36\/w:388\/8023419268001w.jpg 388w, https:\/\/s.france24.com\/media\/display\/5b64d48a-44b8-11f1-b799-005056a97e36\/w:720\/8023419268001w.jpg 720w, https:\/\/s.france24.com\/media\/display\/5b64d48a-44b8-11f1-b799-005056a97e36\/w:980\/8023419268001w.jpg 980w\" sizes=\"(max-width: 1023px) calc(100vw - 32px), (min-width: 1024px) 850px\" alt=\"Archivo. El l\u00edder del Partido Verde Brit\u00e1nico Zack Polanski (c) asiste a la marcha 'Together Against the Far Right', el 28 de marzo de 2026, convocada para &quot;frenar a la extrema derecha&quot; y que discurri\u00f3 por Londres en un ambiente festivo por algunas de las arterias m\u00e1s c\u00e9ntricas de la capital brit\u00e1nica, en lo que result\u00f3 una de las mayores manifestaciones de los \u00faltimos a\u00f1os.\" loading=\"lazy\" class=\"a-img \">\n<\/picture><figcaption class=\"a-figcaption\"> <span>Archivo. El l\u00edder del Partido Verde Brit\u00e1nico Zack Polanski (c) asiste a la marcha &#8216;Together Against the Far Right&#8217;, el 28 de marzo de 2026, convocada para \u00abfrenar a la extrema derecha\u00bb y que discurri\u00f3 por Londres en un ambiente festivo por algunas de las arterias m\u00e1s c\u00e9ntricas de la capital brit\u00e1nica, en lo que result\u00f3 una de las mayores manifestaciones de los \u00faltimos a\u00f1os.<\/span> <span>\u00a9 EFE &#8211; Andy Rain<\/span> <\/figcaption><\/figure>\n<\/p><\/div>\n<p>\u00abComunicacionalmente es muy eficaz,&nbsp;sabe utilizar las redes sociales&nbsp;y es&nbsp;bastante provocador. Ahora los verdes dejaron de hablar solamente del medio ambiente y hablan de la justicia social, de que los trabajadores no tienen acceso a cuestiones b\u00e1sicas que antes s\u00ed\u201d, enfatiza.<\/p>\n<p class=\"a-read-more\"><span class=\"a-read-more__label\">Leer tambi\u00e9n<\/span><a href=\"https:\/\/www.france24.com\/es\/programas\/en-foco\/20251201-reino-unido-la-migraci\u00f3n-polariza-al-pa\u00eds-mientras-el-partido-de-extrema-derecha-gana-terreno\" target=\"_self\" class=\"a-read-more__link\">Reino Unido: la migraci\u00f3n polariza al pa\u00eds mientras el partido de extrema derecha gana terreno<\/a><\/p>\n<h2><strong>\u00bfUn gobierno laborista sin&nbsp;Starmer?&nbsp;<\/strong><\/h2>\n<p>Uno de los logros m\u00e1s importantes de Starmer en este triunfo parlamentario fue imponer una disciplina partidaria que oblig\u00f3 a los diputados rebeldes&nbsp;de su formaci\u00f3n&nbsp;a apoyarlo.&nbsp;De todas formas, la subordinaci\u00f3n interna no fue&nbsp;total porque&nbsp;<strong>catorce&nbsp;parlamentarios&nbsp;laboristas se rebelaron contra el Gobierno y votaron a favor de iniciar la pesquisa contra&nbsp;el inquilino de&nbsp;Downing&nbsp;Street.&nbsp;&nbsp;<\/strong><\/p>\n<div class=\"em-video-wrapper m-em-video\" data-media-video-wbmz387868-f24-es-20260430 data-wrapper-video-player data-show-hidden-video-player=\"WBMZ387868-F24-ES-20260430\" data-youtube-script>\n<div class=\"m-em-video__video\">\n<div class=\"o-em-consent \" readability=\"7\">\n<div class=\"o-em-consent__content\" readability=\"34\">\n<p class=\"o-em-consent__content__text\">Para mostrar este contenido de YouTube, debe autorizar las cookies de medici\u00f3n de audiencia y publicidad.<\/p>\n<p> <button class=\"a-master-button a-master-button--dark\" data-action=\"accept\"> Aceptar <svg class=\"a-svg a-svg--icon-check\"> <use xlink:href=\"\/build\/images\/svg\/sprite.c98bf387c90bc4a87186b0b783f15ba0.svg#icon-check\" href=\"\/build\/images\/svg\/sprite.c98bf387c90bc4a87186b0b783f15ba0.svg#icon-check\" \/> <\/svg> <\/button> <button class=\"a-link\" data-action=\"manage\">Gestionar mis opciones<i class=\"a-svg a-svg--icon-edit\"><\/i><\/button> <\/div>\n<\/div>\n<div class=\"o-em-adblock\" data-adblock-content readability=\"7\">\n<div class=\"o-em-adblock__content\" readability=\"34\">\n<p class=\"o-em-adblock__content__text\">Una extensi\u00f3n de tu navegador parece estar bloqueando la carga del reproductor de video. Para poder ver este contenido, debes desactivarla en este sitio.<\/p>\n<p> <button class=\"a-master-button a-master-button--dark\" data-action=\"reload\">Reintentar<\/button> <\/div>\n<\/div>\n<figure class=\"m-item-image m-item-image--16x9 m-item-image--has-caption\"> <picture class=\"a-picture a-picture--16x9\"><source type=\"image\/webp\" srcset=\"https:\/\/s.france24.com\/media\/display\/e86e5768-3d22-11f1-a531-005056bfb2b6\/w:388\/p:16x9\/ES-20260420-191303-191504-CS.webp 388w, https:\/\/s.france24.com\/media\/display\/e86e5768-3d22-11f1-a531-005056bfb2b6\/w:720\/p:16x9\/ES-20260420-191303-191504-CS.webp 720w, https:\/\/s.france24.com\/media\/display\/e86e5768-3d22-11f1-a531-005056bfb2b6\/w:1024\/p:16x9\/ES-20260420-191303-191504-CS.webp 1024w\" sizes=\"(max-width: 639px) calc(100vw - 32px), (max-width: 1076px) calc(100vw - 44px), 850px\"><img fetchpriority=\"low\" decoding=\"async\" src=\"https:\/\/s.france24.com\/media\/display\/e86e5768-3d22-11f1-a531-005056bfb2b6\/w:1024\/p:16x9\/ES-20260420-191303-191504-CS.jpg\" srcset=\"https:\/\/s.france24.com\/media\/display\/e86e5768-3d22-11f1-a531-005056bfb2b6\/w:388\/p:16x9\/ES-20260420-191303-191504-CS.jpg 388w, https:\/\/s.france24.com\/media\/display\/e86e5768-3d22-11f1-a531-005056bfb2b6\/w:720\/p:16x9\/ES-20260420-191303-191504-CS.jpg 720w, https:\/\/s.france24.com\/media\/display\/e86e5768-3d22-11f1-a531-005056bfb2b6\/w:1024\/p:16x9\/ES-20260420-191303-191504-CS.jpg 1024w\" sizes=\"auto, (max-width: 639px) calc(100vw - 32px), (max-width: 1076px) calc(100vw - 44px), 850px\" width=\"1024\" height=\"576\" alt loading=\"lazy\" class=\"a-img \">\n<\/picture><figcaption class=\"a-figcaption\"> <span>\u00a9 France 24<\/span> <\/figcaption><\/figure>\n<\/p><\/div>\n<\/p><\/div>\n<p>En el caso de los que se sometieron a la disciplina partidaria,&nbsp;cuestionaron la imposici\u00f3n y sugirieron&nbsp;que debe ser el propio&nbsp;Starmer&nbsp;el que&nbsp;proponga&nbsp;voluntariamente su caso al Comit\u00e9 de Privilegios para \u00ablimpiar su nombre\u00bb.&nbsp;<\/p>\n<blockquote class=\"quote\" readability=\"8\">\n<p>\u201cDentro&nbsp;del Partido Laborista hay varias facciones que est\u00e1n jugando un poco a ver hasta qu\u00e9 punto se podr\u00eda reemplazar a&nbsp;Starmer&nbsp;antes de las siguientes elecciones\u201d, explica el profesor de la Universidad de Liverpool.<\/p>\n<\/blockquote>\n<p>En tanto, su colega de&nbsp;la Universidad de Bath sostiene que el voto de la bancada laborista es&nbsp;una reacci\u00f3n t\u00e1ctica m\u00e1s que estrat\u00e9gica: <strong>\u201cTodos&nbsp;evaluaron que una crisis de&nbsp;Starmer&nbsp;significar\u00eda tambi\u00e9n una crisis de ellos mismos\u201d.&nbsp;<\/strong><\/p>\n<p><a href=\"https:\/\/www.instagram.com\/andyburnhamgm\/\" target=\"_blank\">Andy Burnham,<\/a> alcalde del Gran Manchester, era el nombre que sonaba como un posible sucesor de&nbsp;Starmer.&nbsp;Intent\u00f3 ser&nbsp;el candidato laborista en la elecci\u00f3n por la circunscripci\u00f3n inglesa de&nbsp;Gorton&nbsp;&amp; Denton, que&nbsp;hab\u00eda quedado&nbsp;vacante tras la reciente dimisi\u00f3n de su diputado, Andrew&nbsp;Gwynne. Pero, el&nbsp;Comit\u00e9&nbsp;Ejecutivo&nbsp;Nacional del partido&nbsp;en el Gobierno&nbsp;brit\u00e1nico (NEC,&nbsp;por sus siglas en&nbsp;ingl\u00e9s)&nbsp;bloque\u00f3&nbsp;sus&nbsp;aspiraciones al no autorizar su candidatura&nbsp;en la&nbsp;elecci\u00f3n parcial.<\/p>\n<div class=\"em-video-wrapper m-em-video\" data-media-video-wbmz387870-f24-es-20260430 data-wrapper-video-player data-show-hidden-video-player=\"WBMZ387870-F24-ES-20260430\" data-youtube-script>\n<div class=\"m-em-video__video\">\n<div class=\"o-em-consent \" readability=\"7\">\n<div class=\"o-em-consent__content\" readability=\"34\">\n<p class=\"o-em-consent__content__text\">Para mostrar este contenido de YouTube, debe autorizar las cookies de medici\u00f3n de audiencia y publicidad.<\/p>\n<p> <button class=\"a-master-button a-master-button--dark\" data-action=\"accept\"> Aceptar <svg class=\"a-svg a-svg--icon-check\"> <use xlink:href=\"\/build\/images\/svg\/sprite.c98bf387c90bc4a87186b0b783f15ba0.svg#icon-check\" href=\"\/build\/images\/svg\/sprite.c98bf387c90bc4a87186b0b783f15ba0.svg#icon-check\" \/> <\/svg> <\/button> <button class=\"a-link\" data-action=\"manage\">Gestionar mis opciones<i class=\"a-svg a-svg--icon-edit\"><\/i><\/button> <\/div>\n<\/div>\n<div class=\"o-em-adblock\" data-adblock-content readability=\"7\">\n<div class=\"o-em-adblock__content\" readability=\"34\">\n<p class=\"o-em-adblock__content__text\">Una extensi\u00f3n de tu navegador parece estar bloqueando la carga del reproductor de video. Para poder ver este contenido, debes desactivarla en este sitio.<\/p>\n<p> <button class=\"a-master-button a-master-button--dark\" data-action=\"reload\">Reintentar<\/button> <\/div>\n<\/div>\n<figure class=\"m-item-image m-item-image--16x9 m-item-image--has-caption\"> <picture class=\"a-picture a-picture--16x9\"><source type=\"image\/webp\" srcset=\"https:\/\/s.france24.com\/media\/display\/23b953c8-3ad4-11f1-a292-005056a97e36\/w:388\/p:16x9\/ES-20260417-190743-190921-CS.webp 388w, https:\/\/s.france24.com\/media\/display\/23b953c8-3ad4-11f1-a292-005056a97e36\/w:720\/p:16x9\/ES-20260417-190743-190921-CS.webp 720w, https:\/\/s.france24.com\/media\/display\/23b953c8-3ad4-11f1-a292-005056a97e36\/w:1024\/p:16x9\/ES-20260417-190743-190921-CS.webp 1024w\" sizes=\"(max-width: 639px) calc(100vw - 32px), (max-width: 1076px) calc(100vw - 44px), 850px\"><img fetchpriority=\"low\" decoding=\"async\" src=\"https:\/\/s.france24.com\/media\/display\/23b953c8-3ad4-11f1-a292-005056a97e36\/w:1024\/p:16x9\/ES-20260417-190743-190921-CS.jpg\" srcset=\"https:\/\/s.france24.com\/media\/display\/23b953c8-3ad4-11f1-a292-005056a97e36\/w:388\/p:16x9\/ES-20260417-190743-190921-CS.jpg 388w, https:\/\/s.france24.com\/media\/display\/23b953c8-3ad4-11f1-a292-005056a97e36\/w:720\/p:16x9\/ES-20260417-190743-190921-CS.jpg 720w, https:\/\/s.france24.com\/media\/display\/23b953c8-3ad4-11f1-a292-005056a97e36\/w:1024\/p:16x9\/ES-20260417-190743-190921-CS.jpg 1024w\" sizes=\"auto, (max-width: 639px) calc(100vw - 32px), (max-width: 1076px) calc(100vw - 44px), 850px\" width=\"1024\" height=\"576\" alt loading=\"lazy\" class=\"a-img \">\n<\/picture><figcaption class=\"a-figcaption\"> <span>\u00a9 France 24<\/span> <\/figcaption><\/figure>\n<\/p><\/div>\n<\/p><\/div>\n<p>\u201cEs&nbsp;una persona dentro del centro pol\u00edtico del laborismo que ten\u00eda alguna chance de competirle el liderazgo. Ahora no aparece nadie.&nbsp;Entonces, los miembros del Parlamento&nbsp;no&nbsp;van&nbsp;a&nbsp;deshacerse de&nbsp;Starmer&nbsp;hasta que no haya tambi\u00e9n&nbsp;otro&nbsp;l\u00edder que vaya a asumir\u201d, advierte Ferrero.&nbsp;<\/p>\n<p>Con respecto al mediano plazo,&nbsp;el profesor de Pol\u00edtica y Estudios Internacionales&nbsp;da cuenta de una mayor\u00eda dentro de la formaci\u00f3n laborista que \u201ccomienza a elevar la voz con respecto a la posibilidad de cambiar&nbsp;por un&nbsp;liderazgo&nbsp;que se mantendr\u00eda dentro del centro\u201d.&nbsp;<\/p>\n<p>La expresiones&nbsp;por la izquierda o la derecha dentro de los laboristas no parecen tener lugar&nbsp;en&nbsp;la formaci\u00f3n y estas quedaron relegadas a la creaci\u00f3n de nuevos partidos que,&nbsp;por ahora,&nbsp;est\u00e1n en los m\u00e1rgenes del sistema pol\u00edtico.<\/p>\n<p class=\"a-read-more\"><span class=\"a-read-more__label\">Leer tambi\u00e9n<\/span><a href=\"https:\/\/www.france24.com\/es\/programas\/revista-de-prensa\/20260209-keir-starmer-lucha-por-retomar-el-control-del-partido-laborista-the-guardian\" target=\"_self\" class=\"a-read-more__link\">Keir Starmer \u00ablucha\u00bb por retomar el control del Partido Laborista: &#8216;The Guardian<\/a><\/p>\n<h2><strong>El 7 de mayo ser\u00e1 el&nbsp;pr\u00f3ximo test&nbsp;<\/strong><\/h2>\n<p><strong>El pr\u00f3ximo 7 de mayo habr\u00e1 elecciones locales en Inglaterra y regionales en Escocia y Gales<\/strong>. Aunque suelen tener un peso las tem\u00e1ticas&nbsp;dom\u00e9sticas, las preferencias de los sufragantes ser\u00e1n&nbsp;un test&nbsp;para&nbsp;medir&nbsp;el alcance de&nbsp;la\u202fdebacle del Partido Laborista que pronostican las encuestas&nbsp;y el nivel de crecimiento que&nbsp;podr\u00edan&nbsp;tener&nbsp;Reform&nbsp;UK y el Partido Verde.&nbsp;&nbsp;<\/p>\n<p>La suerte de los laboristas marcar\u00e1 tambi\u00e9n el nivel de tensi\u00f3n entre las corrientes internas y la posibilidad de un recambio en el liderazgo del partido oficialista.<\/p>\n<div class=\"m-em-image\">\n<figure class=\"m-item-image m-item-image--original m-item-image--has-caption\"> <picture class=\"a-picture a-picture--original\"><source type=\"image\/webp\" srcset=\"https:\/\/s.france24.com\/media\/display\/190cbc96-ccef-11ec-8e09-005056bfb2b6\/w:246\/000_329H62C.webp 246w, https:\/\/s.france24.com\/media\/display\/190cbc96-ccef-11ec-8e09-005056bfb2b6\/w:388\/000_329H62C.webp 388w, https:\/\/s.france24.com\/media\/display\/190cbc96-ccef-11ec-8e09-005056bfb2b6\/w:720\/000_329H62C.webp 720w, https:\/\/s.france24.com\/media\/display\/190cbc96-ccef-11ec-8e09-005056bfb2b6\/w:980\/000_329H62C.webp 980w\" sizes=\"(max-width: 1023px) calc(100vw - 32px), (min-width: 1024px) 850px\"><img fetchpriority=\"low\" decoding=\"async\" src=\"https:\/\/s.france24.com\/media\/display\/190cbc96-ccef-11ec-8e09-005056bfb2b6\/w:980\/000_329H62C.jpg\" srcset=\"https:\/\/s.france24.com\/media\/display\/190cbc96-ccef-11ec-8e09-005056bfb2b6\/w:246\/000_329H62C.jpg 246w, https:\/\/s.france24.com\/media\/display\/190cbc96-ccef-11ec-8e09-005056bfb2b6\/w:388\/000_329H62C.jpg 388w, https:\/\/s.france24.com\/media\/display\/190cbc96-ccef-11ec-8e09-005056bfb2b6\/w:720\/000_329H62C.jpg 720w, https:\/\/s.france24.com\/media\/display\/190cbc96-ccef-11ec-8e09-005056bfb2b6\/w:980\/000_329H62C.jpg 980w\" sizes=\"(max-width: 1023px) calc(100vw - 32px), (min-width: 1024px) 850px\" alt=\"Archivo. Un colegio electoral en una escuela de Lees, Inglaterra, el jueves 5 de mayo de 2022.\" loading=\"lazy\" class=\"a-img \">\n<\/picture><figcaption class=\"a-figcaption\"> <span>Archivo. Un colegio electoral en una escuela de Lees, Inglaterra, el jueves 5 de mayo de 2022.<\/span> <span>\u00a9 Oli Scarff, AFP<\/span> <\/figcaption><\/figure>\n<\/p><\/div>\n<p>G\u00f3mez estima unas elecciones locales&nbsp;que&nbsp;pueden&nbsp;desmotivar la participaci\u00f3n de votantes desilusionados con&nbsp;Starmer. Por eso interpreta que \u201cel interrogante&nbsp;es qu\u00e9 pasar\u00e1 en unas elecciones m\u00e1s importantes, donde los votantes tengan que elegir entre la extrema derecha&nbsp;o&nbsp;lo que sea que evite que gane la extrema derecha\u00bb.<\/p>\n<p>\u00abEntonces, en&nbsp;ese&nbsp;caso, yo creo que la situaci\u00f3n&nbsp;va&nbsp;a cambiar bastante\u201d, puntualiza.<\/p>\n","protected":false},"excerpt":{"rendered":"<p>M\u00e1s de cinco horas de debate en&#46;&#46;&#46;<\/p>\n","protected":false},"author":1,"featured_media":167472,"comment_status":"closed","ping_status":"closed","sticky":false,"template":"","format":"standard","meta":{"_jetpack_memberships_contains_paid_content":false,"footnotes":"","jetpack_publicize_message":"","jetpack_publicize_feature_enabled":true,"jetpack_social_post_already_shared":true,"jetpack_social_options":{"image_generator_settings":{"template":"highway","default_image_id":0,"font":"","enabled":false},"version":2}},"categories":[43],"tags":[],"class_list":["post-167471","post","type-post","status-publish","format-standard","has-post-thumbnail","hentry","category-internacionales"],"yoast_head":"<!-- This site is optimized with the Yoast SEO plugin v27.3 - https:\/\/yoast.com\/product\/yoast-seo-wordpress\/ -->\n<title>El Parlamento brit\u00e1nico le da un respiro a\u00a0Starmer: \u00bfresistir\u00e1 finalmente su Gobierno? - Sarmiento24h<\/title>\n<meta name=\"robots\" content=\"index, follow, max-snippet:-1, max-image-preview:large, max-video-preview:-1\" \/>\n<link rel=\"canonical\" href=\"https:\/\/sarmiento24h.com\/?p=167471\" \/>\n<meta property=\"og:locale\" content=\"es_ES\" \/>\n<meta property=\"og:type\" content=\"article\" \/>\n<meta property=\"og:title\" content=\"El Parlamento brit\u00e1nico le da un respiro a\u00a0Starmer: \u00bfresistir\u00e1 finalmente su Gobierno? - Sarmiento24h\" \/>\n<meta property=\"og:description\" content=\"M\u00e1s de cinco horas de debate en&#046;&#046;&#046;\" \/>\n<meta property=\"og:url\" content=\"https:\/\/sarmiento24h.com\/?p=167471\" \/>\n<meta property=\"og:site_name\" content=\"Sarmiento24h\" \/>\n<meta property=\"article:publisher\" content=\"https:\/\/facebook.com\/s24hnoticias\" \/>\n<meta property=\"article:published_time\" content=\"2026-04-30T19:56:59+00:00\" \/>\n<meta property=\"og:image\" content=\"https:\/\/s.france24.com\/media\/display\/245c9d34-44c6-11f1-b6d7-005056bf30b7\/w:980\/2026-04-29T151720Z-1248195501-RC2ZYKA1Y57W-RTRMADP-3-BRITAIN-POLITICS-PMQS.jpg\" \/>\n<meta name=\"author\" content=\"sarmiento24h@gmail.com\" \/>\n<meta name=\"twitter:card\" content=\"summary_large_image\" \/>\n<meta name=\"twitter:creator\" content=\"@sarmiento24h\" \/>\n<meta name=\"twitter:site\" content=\"@sarmiento24h\" \/>\n<meta name=\"twitter:label1\" content=\"Escrito por\" \/>\n\t<meta name=\"twitter:data1\" content=\"sarmiento24h@gmail.com\" \/>\n\t<meta name=\"twitter:label2\" content=\"Tiempo de lectura\" \/>\n\t<meta name=\"twitter:data2\" content=\"10 minutos\" \/>\n<script type=\"application\/ld+json\" class=\"yoast-schema-graph\">{\"@context\":\"https:\\\/\\\/schema.org\",\"@graph\":[{\"@type\":\"Article\",\"@id\":\"https:\\\/\\\/sarmiento24h.com\\\/?p=167471#article\",\"isPartOf\":{\"@id\":\"https:\\\/\\\/sarmiento24h.com\\\/?p=167471\"},\"author\":{\"name\":\"sarmiento24h@gmail.com\",\"@id\":\"https:\\\/\\\/sarmiento24h.com\\\/#\\\/schema\\\/person\\\/d653a59725ad629a7e0429af7b939d4d\"},\"headline\":\"El Parlamento brit\u00e1nico le da un respiro a\u00a0Starmer: \u00bfresistir\u00e1 finalmente su Gobierno?\",\"datePublished\":\"2026-04-30T19:56:59+00:00\",\"mainEntityOfPage\":{\"@id\":\"https:\\\/\\\/sarmiento24h.com\\\/?p=167471\"},\"wordCount\":1920,\"publisher\":{\"@id\":\"https:\\\/\\\/sarmiento24h.com\\\/#organization\"},\"image\":{\"@id\":\"https:\\\/\\\/sarmiento24h.com\\\/?p=167471#primaryimage\"},\"thumbnailUrl\":\"https:\\\/\\\/sarmiento24h.com\\\/wp-content\\\/uploads\\\/2026\\\/04\\\/el-parlamento-britanico-le-da-un-respiro-a-starmer-resistira-finalmente-su-gobierno.jpg\",\"articleSection\":[\"Internacionales\"],\"inLanguage\":\"es\"},{\"@type\":\"WebPage\",\"@id\":\"https:\\\/\\\/sarmiento24h.com\\\/?p=167471\",\"url\":\"https:\\\/\\\/sarmiento24h.com\\\/?p=167471\",\"name\":\"El Parlamento brit\u00e1nico le da un respiro a\u00a0Starmer: \u00bfresistir\u00e1 finalmente su Gobierno? - Sarmiento24h\",\"isPartOf\":{\"@id\":\"https:\\\/\\\/sarmiento24h.com\\\/#website\"},\"primaryImageOfPage\":{\"@id\":\"https:\\\/\\\/sarmiento24h.com\\\/?p=167471#primaryimage\"},\"image\":{\"@id\":\"https:\\\/\\\/sarmiento24h.com\\\/?p=167471#primaryimage\"},\"thumbnailUrl\":\"https:\\\/\\\/sarmiento24h.com\\\/wp-content\\\/uploads\\\/2026\\\/04\\\/el-parlamento-britanico-le-da-un-respiro-a-starmer-resistira-finalmente-su-gobierno.jpg\",\"datePublished\":\"2026-04-30T19:56:59+00:00\",\"breadcrumb\":{\"@id\":\"https:\\\/\\\/sarmiento24h.com\\\/?p=167471#breadcrumb\"},\"inLanguage\":\"es\",\"potentialAction\":[{\"@type\":\"ReadAction\",\"target\":[\"https:\\\/\\\/sarmiento24h.com\\\/?p=167471\"]}]},{\"@type\":\"ImageObject\",\"inLanguage\":\"es\",\"@id\":\"https:\\\/\\\/sarmiento24h.com\\\/?p=167471#primaryimage\",\"url\":\"https:\\\/\\\/sarmiento24h.com\\\/wp-content\\\/uploads\\\/2026\\\/04\\\/el-parlamento-britanico-le-da-un-respiro-a-starmer-resistira-finalmente-su-gobierno.jpg\",\"contentUrl\":\"https:\\\/\\\/sarmiento24h.com\\\/wp-content\\\/uploads\\\/2026\\\/04\\\/el-parlamento-britanico-le-da-un-respiro-a-starmer-resistira-finalmente-su-gobierno.jpg\",\"width\":980,\"height\":653},{\"@type\":\"BreadcrumbList\",\"@id\":\"https:\\\/\\\/sarmiento24h.com\\\/?p=167471#breadcrumb\",\"itemListElement\":[{\"@type\":\"ListItem\",\"position\":1,\"name\":\"Home\",\"item\":\"https:\\\/\\\/sarmiento24h.com\\\/\"},{\"@type\":\"ListItem\",\"position\":2,\"name\":\"El Parlamento brit\u00e1nico le da un respiro a\u00a0Starmer: \u00bfresistir\u00e1 finalmente su Gobierno?\"}]},{\"@type\":\"WebSite\",\"@id\":\"https:\\\/\\\/sarmiento24h.com\\\/#website\",\"url\":\"https:\\\/\\\/sarmiento24h.com\\\/\",\"name\":\"Sarmiento24h\",\"description\":\"\",\"publisher\":{\"@id\":\"https:\\\/\\\/sarmiento24h.com\\\/#organization\"},\"potentialAction\":[{\"@type\":\"SearchAction\",\"target\":{\"@type\":\"EntryPoint\",\"urlTemplate\":\"https:\\\/\\\/sarmiento24h.com\\\/?s={search_term_string}\"},\"query-input\":{\"@type\":\"PropertyValueSpecification\",\"valueRequired\":true,\"valueName\":\"search_term_string\"}}],\"inLanguage\":\"es\"},{\"@type\":\"Organization\",\"@id\":\"https:\\\/\\\/sarmiento24h.com\\\/#organization\",\"name\":\"Sarmiento24h\",\"url\":\"https:\\\/\\\/sarmiento24h.com\\\/\",\"logo\":{\"@type\":\"ImageObject\",\"inLanguage\":\"es\",\"@id\":\"https:\\\/\\\/sarmiento24h.com\\\/#\\\/schema\\\/logo\\\/image\\\/\",\"url\":\"https:\\\/\\\/sarmiento24h.com\\\/wp-content\\\/uploads\\\/2025\\\/12\\\/AddText_12-16-10.30.52.jpg\",\"contentUrl\":\"https:\\\/\\\/sarmiento24h.com\\\/wp-content\\\/uploads\\\/2025\\\/12\\\/AddText_12-16-10.30.52.jpg\",\"width\":1220,\"height\":324,\"caption\":\"Sarmiento24h\"},\"image\":{\"@id\":\"https:\\\/\\\/sarmiento24h.com\\\/#\\\/schema\\\/logo\\\/image\\\/\"},\"sameAs\":[\"https:\\\/\\\/facebook.com\\\/s24hnoticias\",\"https:\\\/\\\/x.com\\\/sarmiento24h\"]},{\"@type\":\"Person\",\"@id\":\"https:\\\/\\\/sarmiento24h.com\\\/#\\\/schema\\\/person\\\/d653a59725ad629a7e0429af7b939d4d\",\"name\":\"sarmiento24h@gmail.com\",\"image\":{\"@type\":\"ImageObject\",\"inLanguage\":\"es\",\"@id\":\"https:\\\/\\\/sarmiento24h.com\\\/wp-content\\\/litespeed\\\/avatar\\\/d02cbc4e23c747e6659cd45907173c8f.jpg?ver=1777157796\",\"url\":\"https:\\\/\\\/sarmiento24h.com\\\/wp-content\\\/litespeed\\\/avatar\\\/d02cbc4e23c747e6659cd45907173c8f.jpg?ver=1777157796\",\"contentUrl\":\"https:\\\/\\\/sarmiento24h.com\\\/wp-content\\\/litespeed\\\/avatar\\\/d02cbc4e23c747e6659cd45907173c8f.jpg?ver=1777157796\",\"caption\":\"sarmiento24h@gmail.com\"},\"sameAs\":[\"https:\\\/\\\/sarmiento24h.com\"],\"url\":\"https:\\\/\\\/sarmiento24h.com\\\/?author=1\"}]}<\/script>\n<!-- \/ Yoast SEO plugin. -->","yoast_head_json":{"title":"El Parlamento brit\u00e1nico le da un respiro a\u00a0Starmer: \u00bfresistir\u00e1 finalmente su Gobierno? - Sarmiento24h","robots":{"index":"index","follow":"follow","max-snippet":"max-snippet:-1","max-image-preview":"max-image-preview:large","max-video-preview":"max-video-preview:-1"},"canonical":"https:\/\/sarmiento24h.com\/?p=167471","og_locale":"es_ES","og_type":"article","og_title":"El Parlamento brit\u00e1nico le da un respiro a\u00a0Starmer: \u00bfresistir\u00e1 finalmente su Gobierno? - Sarmiento24h","og_description":"M\u00e1s de cinco horas de debate en&#46;&#46;&#46;","og_url":"https:\/\/sarmiento24h.com\/?p=167471","og_site_name":"Sarmiento24h","article_publisher":"https:\/\/facebook.com\/s24hnoticias","article_published_time":"2026-04-30T19:56:59+00:00","og_image":[{"url":"https:\/\/s.france24.com\/media\/display\/245c9d34-44c6-11f1-b6d7-005056bf30b7\/w:980\/2026-04-29T151720Z-1248195501-RC2ZYKA1Y57W-RTRMADP-3-BRITAIN-POLITICS-PMQS.jpg","type":"","width":"","height":""}],"author":"sarmiento24h@gmail.com","twitter_card":"summary_large_image","twitter_creator":"@sarmiento24h","twitter_site":"@sarmiento24h","twitter_misc":{"Escrito por":"sarmiento24h@gmail.com","Tiempo de lectura":"10 minutos"},"schema":{"@context":"https:\/\/schema.org","@graph":[{"@type":"Article","@id":"https:\/\/sarmiento24h.com\/?p=167471#article","isPartOf":{"@id":"https:\/\/sarmiento24h.com\/?p=167471"},"author":{"name":"sarmiento24h@gmail.com","@id":"https:\/\/sarmiento24h.com\/#\/schema\/person\/d653a59725ad629a7e0429af7b939d4d"},"headline":"El Parlamento brit\u00e1nico le da un respiro a\u00a0Starmer: \u00bfresistir\u00e1 finalmente su Gobierno?","datePublished":"2026-04-30T19:56:59+00:00","mainEntityOfPage":{"@id":"https:\/\/sarmiento24h.com\/?p=167471"},"wordCount":1920,"publisher":{"@id":"https:\/\/sarmiento24h.com\/#organization"},"image":{"@id":"https:\/\/sarmiento24h.com\/?p=167471#primaryimage"},"thumbnailUrl":"https:\/\/sarmiento24h.com\/wp-content\/uploads\/2026\/04\/el-parlamento-britanico-le-da-un-respiro-a-starmer-resistira-finalmente-su-gobierno.jpg","articleSection":["Internacionales"],"inLanguage":"es"},{"@type":"WebPage","@id":"https:\/\/sarmiento24h.com\/?p=167471","url":"https:\/\/sarmiento24h.com\/?p=167471","name":"El Parlamento brit\u00e1nico le da un respiro a\u00a0Starmer: \u00bfresistir\u00e1 finalmente su Gobierno? - Sarmiento24h","isPartOf":{"@id":"https:\/\/sarmiento24h.com\/#website"},"primaryImageOfPage":{"@id":"https:\/\/sarmiento24h.com\/?p=167471#primaryimage"},"image":{"@id":"https:\/\/sarmiento24h.com\/?p=167471#primaryimage"},"thumbnailUrl":"https:\/\/sarmiento24h.com\/wp-content\/uploads\/2026\/04\/el-parlamento-britanico-le-da-un-respiro-a-starmer-resistira-finalmente-su-gobierno.jpg","datePublished":"2026-04-30T19:56:59+00:00","breadcrumb":{"@id":"https:\/\/sarmiento24h.com\/?p=167471#breadcrumb"},"inLanguage":"es","potentialAction":[{"@type":"ReadAction","target":["https:\/\/sarmiento24h.com\/?p=167471"]}]},{"@type":"ImageObject","inLanguage":"es","@id":"https:\/\/sarmiento24h.com\/?p=167471#primaryimage","url":"https:\/\/sarmiento24h.com\/wp-content\/uploads\/2026\/04\/el-parlamento-britanico-le-da-un-respiro-a-starmer-resistira-finalmente-su-gobierno.jpg","contentUrl":"https:\/\/sarmiento24h.com\/wp-content\/uploads\/2026\/04\/el-parlamento-britanico-le-da-un-respiro-a-starmer-resistira-finalmente-su-gobierno.jpg","width":980,"height":653},{"@type":"BreadcrumbList","@id":"https:\/\/sarmiento24h.com\/?p=167471#breadcrumb","itemListElement":[{"@type":"ListItem","position":1,"name":"Home","item":"https:\/\/sarmiento24h.com\/"},{"@type":"ListItem","position":2,"name":"El Parlamento brit\u00e1nico le da un respiro a\u00a0Starmer: \u00bfresistir\u00e1 finalmente su Gobierno?"}]},{"@type":"WebSite","@id":"https:\/\/sarmiento24h.com\/#website","url":"https:\/\/sarmiento24h.com\/","name":"Sarmiento24h","description":"","publisher":{"@id":"https:\/\/sarmiento24h.com\/#organization"},"potentialAction":[{"@type":"SearchAction","target":{"@type":"EntryPoint","urlTemplate":"https:\/\/sarmiento24h.com\/?s={search_term_string}"},"query-input":{"@type":"PropertyValueSpecification","valueRequired":true,"valueName":"search_term_string"}}],"inLanguage":"es"},{"@type":"Organization","@id":"https:\/\/sarmiento24h.com\/#organization","name":"Sarmiento24h","url":"https:\/\/sarmiento24h.com\/","logo":{"@type":"ImageObject","inLanguage":"es","@id":"https:\/\/sarmiento24h.com\/#\/schema\/logo\/image\/","url":"https:\/\/sarmiento24h.com\/wp-content\/uploads\/2025\/12\/AddText_12-16-10.30.52.jpg","contentUrl":"https:\/\/sarmiento24h.com\/wp-content\/uploads\/2025\/12\/AddText_12-16-10.30.52.jpg","width":1220,"height":324,"caption":"Sarmiento24h"},"image":{"@id":"https:\/\/sarmiento24h.com\/#\/schema\/logo\/image\/"},"sameAs":["https:\/\/facebook.com\/s24hnoticias","https:\/\/x.com\/sarmiento24h"]},{"@type":"Person","@id":"https:\/\/sarmiento24h.com\/#\/schema\/person\/d653a59725ad629a7e0429af7b939d4d","name":"sarmiento24h@gmail.com","image":{"@type":"ImageObject","inLanguage":"es","@id":"https:\/\/sarmiento24h.com\/wp-content\/litespeed\/avatar\/d02cbc4e23c747e6659cd45907173c8f.jpg?ver=1777157796","url":"https:\/\/sarmiento24h.com\/wp-content\/litespeed\/avatar\/d02cbc4e23c747e6659cd45907173c8f.jpg?ver=1777157796","contentUrl":"https:\/\/sarmiento24h.com\/wp-content\/litespeed\/avatar\/d02cbc4e23c747e6659cd45907173c8f.jpg?ver=1777157796","caption":"sarmiento24h@gmail.com"},"sameAs":["https:\/\/sarmiento24h.com"],"url":"https:\/\/sarmiento24h.com\/?author=1"}]}},"jetpack_publicize_connections":[],"jetpack_featured_media_url":"https:\/\/sarmiento24h.com\/wp-content\/uploads\/2026\/04\/el-parlamento-britanico-le-da-un-respiro-a-starmer-resistira-finalmente-su-gobierno.jpg","jetpack_sharing_enabled":true,"_links":{"self":[{"href":"https:\/\/sarmiento24h.com\/index.php?rest_route=\/wp\/v2\/posts\/167471","targetHints":{"allow":["GET"]}}],"collection":[{"href":"https:\/\/sarmiento24h.com\/index.php?rest_route=\/wp\/v2\/posts"}],"about":[{"href":"https:\/\/sarmiento24h.com\/index.php?rest_route=\/wp\/v2\/types\/post"}],"author":[{"embeddable":true,"href":"https:\/\/sarmiento24h.com\/index.php?rest_route=\/wp\/v2\/users\/1"}],"replies":[{"embeddable":true,"href":"https:\/\/sarmiento24h.com\/index.php?rest_route=%2Fwp%2Fv2%2Fcomments&post=167471"}],"version-history":[{"count":0,"href":"https:\/\/sarmiento24h.com\/index.php?rest_route=\/wp\/v2\/posts\/167471\/revisions"}],"wp:featuredmedia":[{"embeddable":true,"href":"https:\/\/sarmiento24h.com\/index.php?rest_route=\/wp\/v2\/media\/167472"}],"wp:attachment":[{"href":"https:\/\/sarmiento24h.com\/index.php?rest_route=%2Fwp%2Fv2%2Fmedia&parent=167471"}],"wp:term":[{"taxonomy":"category","embeddable":true,"href":"https:\/\/sarmiento24h.com\/index.php?rest_route=%2Fwp%2Fv2%2Fcategories&post=167471"},{"taxonomy":"post_tag","embeddable":true,"href":"https:\/\/sarmiento24h.com\/index.php?rest_route=%2Fwp%2Fv2%2Ftags&post=167471"}],"curies":[{"name":"wp","href":"https:\/\/api.w.org\/{rel}","templated":true}]}}