{"id":167597,"date":"2026-04-30T21:07:35","date_gmt":"2026-04-30T21:07:35","guid":{"rendered":"https:\/\/pinceldigital.do\/?p=67151"},"modified":"2026-04-30T21:07:35","modified_gmt":"2026-04-30T21:07:35","slug":"ministerio-de-salud-fortalece-esquema-de-vacunacion-infantil-con-vacuna-tetravalente-acelular","status":"publish","type":"post","link":"https:\/\/sarmiento24h.com\/?p=167597","title":{"rendered":"Ministerio de Salud fortalece esquema de vacunaci\u00f3n infantil con vacuna tetravalente acelular"},"content":{"rendered":"<p><em>Santo Domingo. \u2013<\/em> Con el objetivo de proteger la salud de la ni\u00f1ez, el Ministerio de Salud introdujo la vacuna tetravalente acelular al esquema nacional de vacunaci\u00f3n, como parte de las actividades de la 24\u00aa Semana de Vacunaci\u00f3n en las Am\u00e9ricas (SVA) 2026 y la 15\u00aa Semana Mundial de la Inmunizaci\u00f3n.<\/p>\n<p>Este biol\u00f3gico, que se aplicar\u00e1 de forma gratuita, permite proteger, en una sola dosis, contra difteria, t\u00e9tanos, tos ferina y polio, facilitando el acceso y completando el esquema de vacunaci\u00f3n contra estas enfermedades en ni\u00f1os menores de 5 a\u00f1os, iniciado con la hexavalente acelular, una medida que impacta directamente en la reducci\u00f3n de enfermedades prevenibles.<\/p>\n<p>El ministro de Salud, V\u00edctor Atallah, destac\u00f3 que esta vacuna representa un paso importante para garantizar una cobertura m\u00e1s equitativa y fortalecer la protecci\u00f3n de la infancia, como parte de un esfuerzo sostenido del Gobierno para garantizar el derecho a la salud, reducir riesgos y salvar vidas.<\/p>\n<p>\u201cIncorporar esta vacuna significa m\u00e1s acceso, m\u00e1s protecci\u00f3n y menos riesgos para la ni\u00f1ez, especialmente en los sectores m\u00e1s vulnerables. Nos permite ampliar la protecci\u00f3n y facilitar que m\u00e1s infantes completen su vacunaci\u00f3n a tiempo\u201d.<\/p>\n<p>De su lado, el director ejecutivo del Servicio Nacional de Salud (SNS), Julio Landr\u00f3n, consider\u00f3 que la vacunaci\u00f3n es un pilar fundamental para la prevenci\u00f3n de enfermedades y la protecci\u00f3n de vidas.<\/p>\n<p>\u201cAsumimos con responsabilidad nuestro rol en el fortalecimiento del Programa de Inmunizaci\u00f3n, trabajando de manera continua para garantizar que cada ni\u00f1a, ni\u00f1o y ciudadano acceda de forma oportuna y equitativa a las vacunas que requiere\u201d, asegur\u00f3.<\/p>\n<p>La representante de la Organizaci\u00f3n Panamericana de la Salud, Alba Mar\u00eda Ropero \u00c1lvarez, felicit\u00f3 al pa\u00eds por la r\u00e1pida incorporaci\u00f3n de nuevos biol\u00f3gicos y los avances hacia los Objetivos de Desarrollo Sostenible para reducir la mortalidad neonatal, destacando la cobertura de vacunaci\u00f3n, aunque persisten desaf\u00edos.<\/p>\n<p>\u201cFelicito al pa\u00eds por proteger sus logros de vacunaci\u00f3n y la r\u00e1pida incorporaci\u00f3n de biol\u00f3gicos; aunque persisten desaf\u00edos, como mejorar la adherencia en embarazadas, clave para reducir la mortalidad neonatal. En ese sentido, incorporar la vacuna contra el virus sincitial respiratorio tendr\u00eda un impacto significativo\u201d, dijo Ropero.<\/p>\n<p>La directora de Inmunoprevenibles por Vacunas (DIV), Aida Luc\u00eda Vargas, destac\u00f3 los avances en vacunas y el apoyo de la OPS y de los equipos t\u00e9cnicos.<\/p>\n<p>Durante la actividad, se reconoci\u00f3 a personalidades y colaboradores por su apoyo a la promoci\u00f3n de la vacunaci\u00f3n y al fortalecimiento del programa de inmunizaci\u00f3n.<\/p>\n<p>Bajo el lema \u201cTu decisi\u00f3n marca la diferencia. Inmunizaci\u00f3n para todos\u201d, la jornada contempla acciones intensivas de vacunaci\u00f3n en comunidades, con \u00e9nfasis en ni\u00f1os menores de siete a\u00f1os y en zonas de dif\u00edcil acceso, a trav\u00e9s de m\u00e1s de 1,350 puestos fijos, brigadas m\u00f3viles y visitas domiciliarias.<\/p>\n<p>El lanzamiento se realiz\u00f3 en el Hospital Pedi\u00e1trico Robert Reid Cabral, donde la directora del centro, Mabel Jones, agradeci\u00f3 la incorporaci\u00f3n de la vacuna en un hospital que recibe en consulta a unos 3,000 ni\u00f1os por mes.<\/p>\n<figure class=\"wp-block-gallery has-nested-images columns-default is-cropped wp-block-gallery-1 is-layout-flex wp-block-gallery-is-layout-flex\">\n<figure class=\"wp-block-image size-large\"><img loading=\"lazy\" decoding=\"async\" data-recalc-dims=\"1\" width=\"696\" height=\"464\" data-id=\"67155\" src=\"https:\/\/i0.wp.com\/pinceldigital.do\/wp-content\/uploads\/2026\/04\/7ff56975-ef49-4aa2-8814-149337ea91de.jpeg?resize=696%2C464&amp;ssl=1\" alt class=\"wp-image-67155\" srcset=\"https:\/\/i0.wp.com\/pinceldigital.do\/wp-content\/uploads\/2026\/04\/7ff56975-ef49-4aa2-8814-149337ea91de.jpeg?w=696&amp;ssl=1 696w, https:\/\/i0.wp.com\/pinceldigital.do\/wp-content\/uploads\/2026\/04\/7ff56975-ef49-4aa2-8814-149337ea91de.jpeg?resize=300%2C200&amp;ssl=1 300w, https:\/\/i0.wp.com\/pinceldigital.do\/wp-content\/uploads\/2026\/04\/7ff56975-ef49-4aa2-8814-149337ea91de.jpeg?resize=630%2C420&amp;ssl=1 630w\" sizes=\"auto, (max-width: 696px) 100vw, 696px\"><\/figure>\n<figure class=\"wp-block-image size-large\"><img loading=\"lazy\" decoding=\"async\" data-recalc-dims=\"1\" width=\"696\" height=\"464\" data-id=\"67154\" src=\"https:\/\/i0.wp.com\/pinceldigital.do\/wp-content\/uploads\/2026\/04\/5f67efe3-40aa-4a56-9779-c6732e1715b0.jpeg?resize=696%2C464&amp;ssl=1\" alt class=\"wp-image-67154\" srcset=\"https:\/\/i0.wp.com\/pinceldigital.do\/wp-content\/uploads\/2026\/04\/5f67efe3-40aa-4a56-9779-c6732e1715b0.jpeg?w=696&amp;ssl=1 696w, https:\/\/i0.wp.com\/pinceldigital.do\/wp-content\/uploads\/2026\/04\/5f67efe3-40aa-4a56-9779-c6732e1715b0.jpeg?resize=300%2C200&amp;ssl=1 300w, https:\/\/i0.wp.com\/pinceldigital.do\/wp-content\/uploads\/2026\/04\/5f67efe3-40aa-4a56-9779-c6732e1715b0.jpeg?resize=630%2C420&amp;ssl=1 630w\" sizes=\"auto, (max-width: 696px) 100vw, 696px\"><\/figure>\n<figure class=\"wp-block-image size-large\"><img loading=\"lazy\" decoding=\"async\" data-recalc-dims=\"1\" width=\"696\" height=\"464\" data-id=\"67152\" src=\"https:\/\/i0.wp.com\/pinceldigital.do\/wp-content\/uploads\/2026\/04\/52266f9c-16cf-4127-abbc-f4b499068e52.jpeg?resize=696%2C464&amp;ssl=1\" alt class=\"wp-image-67152\" srcset=\"https:\/\/i0.wp.com\/pinceldigital.do\/wp-content\/uploads\/2026\/04\/52266f9c-16cf-4127-abbc-f4b499068e52.jpeg?w=696&amp;ssl=1 696w, https:\/\/i0.wp.com\/pinceldigital.do\/wp-content\/uploads\/2026\/04\/52266f9c-16cf-4127-abbc-f4b499068e52.jpeg?resize=300%2C200&amp;ssl=1 300w, https:\/\/i0.wp.com\/pinceldigital.do\/wp-content\/uploads\/2026\/04\/52266f9c-16cf-4127-abbc-f4b499068e52.jpeg?resize=630%2C420&amp;ssl=1 630w\" sizes=\"auto, (max-width: 696px) 100vw, 696px\"><\/figure>\n<figure class=\"wp-block-image size-large\"><img decoding=\"async\" data-recalc-dims=\"1\" loading=\"lazy\" width=\"696\" height=\"464\" data-id=\"67153\" src=\"https:\/\/i0.wp.com\/pinceldigital.do\/wp-content\/uploads\/2026\/04\/4c9bcd00-b18f-4f2d-a0a0-344fbebb2bf6.jpeg?resize=696%2C464&amp;ssl=1\" alt class=\"wp-image-67153\" srcset=\"https:\/\/i0.wp.com\/pinceldigital.do\/wp-content\/uploads\/2026\/04\/4c9bcd00-b18f-4f2d-a0a0-344fbebb2bf6.jpeg?w=696&amp;ssl=1 696w, https:\/\/i0.wp.com\/pinceldigital.do\/wp-content\/uploads\/2026\/04\/4c9bcd00-b18f-4f2d-a0a0-344fbebb2bf6.jpeg?resize=300%2C200&amp;ssl=1 300w, https:\/\/i0.wp.com\/pinceldigital.do\/wp-content\/uploads\/2026\/04\/4c9bcd00-b18f-4f2d-a0a0-344fbebb2bf6.jpeg?resize=630%2C420&amp;ssl=1 630w\" sizes=\"auto, (max-width: 696px) 100vw, 696px\"><\/figure>\n<\/figure>\n","protected":false},"excerpt":{"rendered":"<p>Santo Domingo. \u2013 Con el objetivo de&#46;&#46;&#46;<\/p>\n","protected":false},"author":1,"featured_media":167598,"comment_status":"closed","ping_status":"closed","sticky":false,"template":"","format":"standard","meta":{"_jetpack_memberships_contains_paid_content":false,"footnotes":"","jetpack_publicize_message":"","jetpack_publicize_feature_enabled":true,"jetpack_social_post_already_shared":true,"jetpack_social_options":{"image_generator_settings":{"template":"highway","default_image_id":0,"font":"","enabled":false},"version":2}},"categories":[42,64],"tags":[],"class_list":["post-167597","post","type-post","status-publish","format-standard","has-post-thumbnail","hentry","category-nacionales","category-salud"],"yoast_head":"<!-- This site is optimized with the Yoast SEO plugin v27.3 - https:\/\/yoast.com\/product\/yoast-seo-wordpress\/ -->\n<title>Ministerio de Salud fortalece esquema de vacunaci\u00f3n infantil con vacuna tetravalente acelular - Sarmiento24h<\/title>\n<meta name=\"robots\" content=\"index, follow, max-snippet:-1, max-image-preview:large, max-video-preview:-1\" \/>\n<link rel=\"canonical\" href=\"https:\/\/sarmiento24h.com\/?p=167597\" \/>\n<meta property=\"og:locale\" content=\"es_ES\" \/>\n<meta property=\"og:type\" content=\"article\" \/>\n<meta property=\"og:title\" content=\"Ministerio de Salud fortalece esquema de vacunaci\u00f3n infantil con vacuna tetravalente acelular - Sarmiento24h\" \/>\n<meta property=\"og:description\" content=\"Santo Domingo. \u2013 Con el objetivo de&#046;&#046;&#046;\" \/>\n<meta property=\"og:url\" content=\"https:\/\/sarmiento24h.com\/?p=167597\" \/>\n<meta property=\"og:site_name\" content=\"Sarmiento24h\" \/>\n<meta property=\"article:publisher\" content=\"https:\/\/facebook.com\/s24hnoticias\" \/>\n<meta property=\"article:published_time\" content=\"2026-04-30T21:07:35+00:00\" \/>\n<meta name=\"author\" content=\"sarmiento24h@gmail.com\" \/>\n<meta name=\"twitter:card\" content=\"summary_large_image\" \/>\n<meta name=\"twitter:creator\" content=\"@sarmiento24h\" \/>\n<meta name=\"twitter:site\" content=\"@sarmiento24h\" \/>\n<meta name=\"twitter:label1\" content=\"Escrito por\" \/>\n\t<meta name=\"twitter:data1\" content=\"sarmiento24h@gmail.com\" \/>\n\t<meta name=\"twitter:label2\" content=\"Tiempo de lectura\" \/>\n\t<meta name=\"twitter:data2\" content=\"3 minutos\" \/>\n<script type=\"application\/ld+json\" class=\"yoast-schema-graph\">{\"@context\":\"https:\\\/\\\/schema.org\",\"@graph\":[{\"@type\":\"Article\",\"@id\":\"https:\\\/\\\/sarmiento24h.com\\\/?p=167597#article\",\"isPartOf\":{\"@id\":\"https:\\\/\\\/sarmiento24h.com\\\/?p=167597\"},\"author\":{\"name\":\"sarmiento24h@gmail.com\",\"@id\":\"https:\\\/\\\/sarmiento24h.com\\\/#\\\/schema\\\/person\\\/d653a59725ad629a7e0429af7b939d4d\"},\"headline\":\"Ministerio de Salud fortalece esquema de vacunaci\u00f3n infantil con vacuna tetravalente acelular\",\"datePublished\":\"2026-04-30T21:07:35+00:00\",\"mainEntityOfPage\":{\"@id\":\"https:\\\/\\\/sarmiento24h.com\\\/?p=167597\"},\"wordCount\":550,\"publisher\":{\"@id\":\"https:\\\/\\\/sarmiento24h.com\\\/#organization\"},\"image\":{\"@id\":\"https:\\\/\\\/sarmiento24h.com\\\/?p=167597#primaryimage\"},\"thumbnailUrl\":\"https:\\\/\\\/sarmiento24h.com\\\/wp-content\\\/uploads\\\/2026\\\/04\\\/ministerio-de-salud-fortalece-esquema-de-vacunacion-infantil-con-vacuna-tetravalente-acelular.jpg\",\"articleSection\":[\"Nacionales\",\"Salud\"],\"inLanguage\":\"es\"},{\"@type\":\"WebPage\",\"@id\":\"https:\\\/\\\/sarmiento24h.com\\\/?p=167597\",\"url\":\"https:\\\/\\\/sarmiento24h.com\\\/?p=167597\",\"name\":\"Ministerio de Salud fortalece esquema de vacunaci\u00f3n infantil con vacuna tetravalente acelular - Sarmiento24h\",\"isPartOf\":{\"@id\":\"https:\\\/\\\/sarmiento24h.com\\\/#website\"},\"primaryImageOfPage\":{\"@id\":\"https:\\\/\\\/sarmiento24h.com\\\/?p=167597#primaryimage\"},\"image\":{\"@id\":\"https:\\\/\\\/sarmiento24h.com\\\/?p=167597#primaryimage\"},\"thumbnailUrl\":\"https:\\\/\\\/sarmiento24h.com\\\/wp-content\\\/uploads\\\/2026\\\/04\\\/ministerio-de-salud-fortalece-esquema-de-vacunacion-infantil-con-vacuna-tetravalente-acelular.jpg\",\"datePublished\":\"2026-04-30T21:07:35+00:00\",\"breadcrumb\":{\"@id\":\"https:\\\/\\\/sarmiento24h.com\\\/?p=167597#breadcrumb\"},\"inLanguage\":\"es\",\"potentialAction\":[{\"@type\":\"ReadAction\",\"target\":[\"https:\\\/\\\/sarmiento24h.com\\\/?p=167597\"]}]},{\"@type\":\"ImageObject\",\"inLanguage\":\"es\",\"@id\":\"https:\\\/\\\/sarmiento24h.com\\\/?p=167597#primaryimage\",\"url\":\"https:\\\/\\\/sarmiento24h.com\\\/wp-content\\\/uploads\\\/2026\\\/04\\\/ministerio-de-salud-fortalece-esquema-de-vacunacion-infantil-con-vacuna-tetravalente-acelular.jpg\",\"contentUrl\":\"https:\\\/\\\/sarmiento24h.com\\\/wp-content\\\/uploads\\\/2026\\\/04\\\/ministerio-de-salud-fortalece-esquema-de-vacunacion-infantil-con-vacuna-tetravalente-acelular.jpg\",\"width\":696,\"height\":464},{\"@type\":\"BreadcrumbList\",\"@id\":\"https:\\\/\\\/sarmiento24h.com\\\/?p=167597#breadcrumb\",\"itemListElement\":[{\"@type\":\"ListItem\",\"position\":1,\"name\":\"Home\",\"item\":\"https:\\\/\\\/sarmiento24h.com\\\/\"},{\"@type\":\"ListItem\",\"position\":2,\"name\":\"Ministerio de Salud fortalece esquema de vacunaci\u00f3n infantil con vacuna tetravalente acelular\"}]},{\"@type\":\"WebSite\",\"@id\":\"https:\\\/\\\/sarmiento24h.com\\\/#website\",\"url\":\"https:\\\/\\\/sarmiento24h.com\\\/\",\"name\":\"Sarmiento24h\",\"description\":\"\",\"publisher\":{\"@id\":\"https:\\\/\\\/sarmiento24h.com\\\/#organization\"},\"potentialAction\":[{\"@type\":\"SearchAction\",\"target\":{\"@type\":\"EntryPoint\",\"urlTemplate\":\"https:\\\/\\\/sarmiento24h.com\\\/?s={search_term_string}\"},\"query-input\":{\"@type\":\"PropertyValueSpecification\",\"valueRequired\":true,\"valueName\":\"search_term_string\"}}],\"inLanguage\":\"es\"},{\"@type\":\"Organization\",\"@id\":\"https:\\\/\\\/sarmiento24h.com\\\/#organization\",\"name\":\"Sarmiento24h\",\"url\":\"https:\\\/\\\/sarmiento24h.com\\\/\",\"logo\":{\"@type\":\"ImageObject\",\"inLanguage\":\"es\",\"@id\":\"https:\\\/\\\/sarmiento24h.com\\\/#\\\/schema\\\/logo\\\/image\\\/\",\"url\":\"https:\\\/\\\/sarmiento24h.com\\\/wp-content\\\/uploads\\\/2025\\\/12\\\/AddText_12-16-10.30.52.jpg\",\"contentUrl\":\"https:\\\/\\\/sarmiento24h.com\\\/wp-content\\\/uploads\\\/2025\\\/12\\\/AddText_12-16-10.30.52.jpg\",\"width\":1220,\"height\":324,\"caption\":\"Sarmiento24h\"},\"image\":{\"@id\":\"https:\\\/\\\/sarmiento24h.com\\\/#\\\/schema\\\/logo\\\/image\\\/\"},\"sameAs\":[\"https:\\\/\\\/facebook.com\\\/s24hnoticias\",\"https:\\\/\\\/x.com\\\/sarmiento24h\"]},{\"@type\":\"Person\",\"@id\":\"https:\\\/\\\/sarmiento24h.com\\\/#\\\/schema\\\/person\\\/d653a59725ad629a7e0429af7b939d4d\",\"name\":\"sarmiento24h@gmail.com\",\"image\":{\"@type\":\"ImageObject\",\"inLanguage\":\"es\",\"@id\":\"https:\\\/\\\/sarmiento24h.com\\\/wp-content\\\/litespeed\\\/avatar\\\/d02cbc4e23c747e6659cd45907173c8f.jpg?ver=1777157796\",\"url\":\"https:\\\/\\\/sarmiento24h.com\\\/wp-content\\\/litespeed\\\/avatar\\\/d02cbc4e23c747e6659cd45907173c8f.jpg?ver=1777157796\",\"contentUrl\":\"https:\\\/\\\/sarmiento24h.com\\\/wp-content\\\/litespeed\\\/avatar\\\/d02cbc4e23c747e6659cd45907173c8f.jpg?ver=1777157796\",\"caption\":\"sarmiento24h@gmail.com\"},\"sameAs\":[\"https:\\\/\\\/sarmiento24h.com\"],\"url\":\"https:\\\/\\\/sarmiento24h.com\\\/?author=1\"}]}<\/script>\n<!-- \/ Yoast SEO plugin. -->","yoast_head_json":{"title":"Ministerio de Salud fortalece esquema de vacunaci\u00f3n infantil con vacuna tetravalente acelular - Sarmiento24h","robots":{"index":"index","follow":"follow","max-snippet":"max-snippet:-1","max-image-preview":"max-image-preview:large","max-video-preview":"max-video-preview:-1"},"canonical":"https:\/\/sarmiento24h.com\/?p=167597","og_locale":"es_ES","og_type":"article","og_title":"Ministerio de Salud fortalece esquema de vacunaci\u00f3n infantil con vacuna tetravalente acelular - Sarmiento24h","og_description":"Santo Domingo. \u2013 Con el objetivo de&#46;&#46;&#46;","og_url":"https:\/\/sarmiento24h.com\/?p=167597","og_site_name":"Sarmiento24h","article_publisher":"https:\/\/facebook.com\/s24hnoticias","article_published_time":"2026-04-30T21:07:35+00:00","author":"sarmiento24h@gmail.com","twitter_card":"summary_large_image","twitter_creator":"@sarmiento24h","twitter_site":"@sarmiento24h","twitter_misc":{"Escrito por":"sarmiento24h@gmail.com","Tiempo de lectura":"3 minutos"},"schema":{"@context":"https:\/\/schema.org","@graph":[{"@type":"Article","@id":"https:\/\/sarmiento24h.com\/?p=167597#article","isPartOf":{"@id":"https:\/\/sarmiento24h.com\/?p=167597"},"author":{"name":"sarmiento24h@gmail.com","@id":"https:\/\/sarmiento24h.com\/#\/schema\/person\/d653a59725ad629a7e0429af7b939d4d"},"headline":"Ministerio de Salud fortalece esquema de vacunaci\u00f3n infantil con vacuna tetravalente acelular","datePublished":"2026-04-30T21:07:35+00:00","mainEntityOfPage":{"@id":"https:\/\/sarmiento24h.com\/?p=167597"},"wordCount":550,"publisher":{"@id":"https:\/\/sarmiento24h.com\/#organization"},"image":{"@id":"https:\/\/sarmiento24h.com\/?p=167597#primaryimage"},"thumbnailUrl":"https:\/\/sarmiento24h.com\/wp-content\/uploads\/2026\/04\/ministerio-de-salud-fortalece-esquema-de-vacunacion-infantil-con-vacuna-tetravalente-acelular.jpg","articleSection":["Nacionales","Salud"],"inLanguage":"es"},{"@type":"WebPage","@id":"https:\/\/sarmiento24h.com\/?p=167597","url":"https:\/\/sarmiento24h.com\/?p=167597","name":"Ministerio de Salud fortalece esquema de vacunaci\u00f3n infantil con vacuna tetravalente acelular - Sarmiento24h","isPartOf":{"@id":"https:\/\/sarmiento24h.com\/#website"},"primaryImageOfPage":{"@id":"https:\/\/sarmiento24h.com\/?p=167597#primaryimage"},"image":{"@id":"https:\/\/sarmiento24h.com\/?p=167597#primaryimage"},"thumbnailUrl":"https:\/\/sarmiento24h.com\/wp-content\/uploads\/2026\/04\/ministerio-de-salud-fortalece-esquema-de-vacunacion-infantil-con-vacuna-tetravalente-acelular.jpg","datePublished":"2026-04-30T21:07:35+00:00","breadcrumb":{"@id":"https:\/\/sarmiento24h.com\/?p=167597#breadcrumb"},"inLanguage":"es","potentialAction":[{"@type":"ReadAction","target":["https:\/\/sarmiento24h.com\/?p=167597"]}]},{"@type":"ImageObject","inLanguage":"es","@id":"https:\/\/sarmiento24h.com\/?p=167597#primaryimage","url":"https:\/\/sarmiento24h.com\/wp-content\/uploads\/2026\/04\/ministerio-de-salud-fortalece-esquema-de-vacunacion-infantil-con-vacuna-tetravalente-acelular.jpg","contentUrl":"https:\/\/sarmiento24h.com\/wp-content\/uploads\/2026\/04\/ministerio-de-salud-fortalece-esquema-de-vacunacion-infantil-con-vacuna-tetravalente-acelular.jpg","width":696,"height":464},{"@type":"BreadcrumbList","@id":"https:\/\/sarmiento24h.com\/?p=167597#breadcrumb","itemListElement":[{"@type":"ListItem","position":1,"name":"Home","item":"https:\/\/sarmiento24h.com\/"},{"@type":"ListItem","position":2,"name":"Ministerio de Salud fortalece esquema de vacunaci\u00f3n infantil con vacuna tetravalente acelular"}]},{"@type":"WebSite","@id":"https:\/\/sarmiento24h.com\/#website","url":"https:\/\/sarmiento24h.com\/","name":"Sarmiento24h","description":"","publisher":{"@id":"https:\/\/sarmiento24h.com\/#organization"},"potentialAction":[{"@type":"SearchAction","target":{"@type":"EntryPoint","urlTemplate":"https:\/\/sarmiento24h.com\/?s={search_term_string}"},"query-input":{"@type":"PropertyValueSpecification","valueRequired":true,"valueName":"search_term_string"}}],"inLanguage":"es"},{"@type":"Organization","@id":"https:\/\/sarmiento24h.com\/#organization","name":"Sarmiento24h","url":"https:\/\/sarmiento24h.com\/","logo":{"@type":"ImageObject","inLanguage":"es","@id":"https:\/\/sarmiento24h.com\/#\/schema\/logo\/image\/","url":"https:\/\/sarmiento24h.com\/wp-content\/uploads\/2025\/12\/AddText_12-16-10.30.52.jpg","contentUrl":"https:\/\/sarmiento24h.com\/wp-content\/uploads\/2025\/12\/AddText_12-16-10.30.52.jpg","width":1220,"height":324,"caption":"Sarmiento24h"},"image":{"@id":"https:\/\/sarmiento24h.com\/#\/schema\/logo\/image\/"},"sameAs":["https:\/\/facebook.com\/s24hnoticias","https:\/\/x.com\/sarmiento24h"]},{"@type":"Person","@id":"https:\/\/sarmiento24h.com\/#\/schema\/person\/d653a59725ad629a7e0429af7b939d4d","name":"sarmiento24h@gmail.com","image":{"@type":"ImageObject","inLanguage":"es","@id":"https:\/\/sarmiento24h.com\/wp-content\/litespeed\/avatar\/d02cbc4e23c747e6659cd45907173c8f.jpg?ver=1777157796","url":"https:\/\/sarmiento24h.com\/wp-content\/litespeed\/avatar\/d02cbc4e23c747e6659cd45907173c8f.jpg?ver=1777157796","contentUrl":"https:\/\/sarmiento24h.com\/wp-content\/litespeed\/avatar\/d02cbc4e23c747e6659cd45907173c8f.jpg?ver=1777157796","caption":"sarmiento24h@gmail.com"},"sameAs":["https:\/\/sarmiento24h.com"],"url":"https:\/\/sarmiento24h.com\/?author=1"}]}},"jetpack_publicize_connections":[],"jetpack_featured_media_url":"https:\/\/sarmiento24h.com\/wp-content\/uploads\/2026\/04\/ministerio-de-salud-fortalece-esquema-de-vacunacion-infantil-con-vacuna-tetravalente-acelular.jpg","jetpack_sharing_enabled":true,"_links":{"self":[{"href":"https:\/\/sarmiento24h.com\/index.php?rest_route=\/wp\/v2\/posts\/167597","targetHints":{"allow":["GET"]}}],"collection":[{"href":"https:\/\/sarmiento24h.com\/index.php?rest_route=\/wp\/v2\/posts"}],"about":[{"href":"https:\/\/sarmiento24h.com\/index.php?rest_route=\/wp\/v2\/types\/post"}],"author":[{"embeddable":true,"href":"https:\/\/sarmiento24h.com\/index.php?rest_route=\/wp\/v2\/users\/1"}],"replies":[{"embeddable":true,"href":"https:\/\/sarmiento24h.com\/index.php?rest_route=%2Fwp%2Fv2%2Fcomments&post=167597"}],"version-history":[{"count":0,"href":"https:\/\/sarmiento24h.com\/index.php?rest_route=\/wp\/v2\/posts\/167597\/revisions"}],"wp:featuredmedia":[{"embeddable":true,"href":"https:\/\/sarmiento24h.com\/index.php?rest_route=\/wp\/v2\/media\/167598"}],"wp:attachment":[{"href":"https:\/\/sarmiento24h.com\/index.php?rest_route=%2Fwp%2Fv2%2Fmedia&parent=167597"}],"wp:term":[{"taxonomy":"category","embeddable":true,"href":"https:\/\/sarmiento24h.com\/index.php?rest_route=%2Fwp%2Fv2%2Fcategories&post=167597"},{"taxonomy":"post_tag","embeddable":true,"href":"https:\/\/sarmiento24h.com\/index.php?rest_route=%2Fwp%2Fv2%2Ftags&post=167597"}],"curies":[{"name":"wp","href":"https:\/\/api.w.org\/{rel}","templated":true}]}}