{"id":167721,"date":"2026-04-30T22:17:18","date_gmt":"2026-04-30T22:17:18","guid":{"rendered":"http:\/\/e6a7d398-44e1-11f1-8915-c1627bcd7a26"},"modified":"2026-04-30T22:17:18","modified_gmt":"2026-04-30T22:17:18","slug":"amenaza-terrorista-grave-reino-unido-eleva-nivel-de-alerta-ante-aumento-del-antisemitismo","status":"publish","type":"post","link":"https:\/\/sarmiento24h.com\/?p=167721","title":{"rendered":"Amenaza terrorista grave: Reino Unido eleva nivel de alerta ante aumento del antisemitismo"},"content":{"rendered":"<p>El Gobierno del <a href=\"https:\/\/www.france24.com\/es\/tag\/reino-unido\/\" target=\"_self\" class=\"gtm-add-suggested-tag\">Reino Unido<\/a> declar\u00f3 el 30 de abril que el pa\u00eds se enfrenta a una emergencia de antisemitismo y se comprometi\u00f3 a reforzar la seguridad de las comunidades jud\u00edas, tras una serie de incendios provocados y un doble apu\u00f1alamiento que han despertado el miedo y la indignaci\u00f3n.<\/p>\n<p>El nivel oficial de amenaza terrorista del pa\u00eds se elev\u00f3 de \u00absustancial\u00bb a \u00abgrave\u00bb tras el apu\u00f1alamiento ocurrido el mi\u00e9rcoles en Londres, que la polic\u00eda ha calificado de acto terrorista con posibles v\u00ednculos con <a href=\"https:\/\/www.france24.com\/es\/tag\/ir\u00e1n\/\" target=\"_self\" class=\"gtm-add-suggested-tag\">Ir\u00e1n<\/a>.<\/p>\n<p>\u00abGrave\u00bb es el segundo nivel m\u00e1s alto en una escala de cinco puntos y significa que las agencias de inteligencia consideran muy probable que se produzca un atentado en los pr\u00f3ximos seis meses.<\/p>\n<p>El primer ministro <a href=\"https:\/\/www.france24.com\/es\/tag\/keir-starmer\/\" target=\"_self\" class=\"gtm-add-suggested-tag\">Keir Starmer<\/a> afirm\u00f3 que su Gobierno \u00abhar\u00e1 todo lo que est\u00e9 en su mano para erradicar este odio\u00bb despu\u00e9s de que dos hombres jud\u00edos, de 34 y 76 a\u00f1os, resultaran gravemente heridos en un apu\u00f1alamiento en Golders Green, una zona del norte de <a href=\"https:\/\/www.france24.com\/es\/tag\/londres\/\" target=\"_self\" class=\"gtm-add-suggested-tag\">Londres<\/a> que es el epicentro de la comunidad jud\u00eda brit\u00e1nica. Ambos se encuentran en condici\u00f3n estable.<\/p>\n<div id=\"em-WBMZ387944-F24-ES-20260501\" class=\"m-em-flash\" data-xtwitter-script><figcaption class=\"a-figcaption\"> <\/figcaption><div class=\"o-em-consent \" readability=\"7\">\n<div class=\"o-em-consent__content\" readability=\"34\">\n<p class=\"o-em-consent__content__text\">Para mostrar este contenido de X (Twitter), debe autorizar las cookies de medici\u00f3n de audiencia y publicidad.<\/p>\n<p> <button class=\"a-master-button a-master-button--dark\" data-action=\"accept\"> Aceptar <svg class=\"a-svg a-svg--icon-check\"> <use xlink:href=\"\/build\/images\/svg\/sprite.c98bf387c90bc4a87186b0b783f15ba0.svg#icon-check\" href=\"\/build\/images\/svg\/sprite.c98bf387c90bc4a87186b0b783f15ba0.svg#icon-check\" \/> <\/svg> <\/button> <button class=\"a-link\" data-action=\"manage\">Gestionar mis opciones<i class=\"a-svg a-svg--icon-edit\"><\/i><\/button> <\/div>\n<\/div>\n<\/div>\n<p>Sin embargo, algunos miembros de la comunidad dirigieron su ira contra el Gobierno, al que acusan de no hacer frente al antisemitismo. Starmer fue abucheado por unos 100 manifestantes que portaban pancartas con el lema \u00abKeir Starmer, perseguidor de jud\u00edos\u00bb cuando visit\u00f3 Golders Green el jueves.<\/p>\n<p>El primer ministro respondi\u00f3 diciendo: \u00abEntiendo perfectamente los altos niveles de ansiedad y preocupaci\u00f3n que existen\u00bb.<\/p>\n<blockquote class=\"quote\" readability=\"12.395348837209\">\n<p>\u00abEl antisemitismo es un odio muy, muy antiguo. La historia demuestra que sus ra\u00edces son profundas y que, si se le da la espalda, vuelve a crecer\u00bb, afirm\u00f3 durante una declaraci\u00f3n televisada desde el n\u00famero 10 de <a href=\"https:\/\/www.france24.com\/es\/tag\/downing-street\/\" target=\"_self\" class=\"gtm-add-suggested-tag\">Downing Street<\/a>. \u00abSin embargo, hay demasiadas personas en este pa\u00eds que lo minimizan\u00bb.<\/p>\n<\/blockquote>\n<p>La polic\u00eda ha detenido a un hombre de 45 a\u00f1os como sospechoso de intento de asesinato por el ataque. Los detectives est\u00e1n trabajando para determinar el motivo y si existe alg\u00fan v\u00ednculo con agentes iran\u00edes.<\/p>\n<p>El sospechoso, cuyo nombre no se ha revelado, ten\u00eda \u00abantecedentes de violencia grave y problemas de salud mental\u00bb, seg\u00fan la polic\u00eda. En 2020, fue derivado al programa gubernamental Prevent, que intenta alejar a las personas del extremismo. La polic\u00eda afirm\u00f3 que su expediente se cerr\u00f3 m\u00e1s tarde ese mismo a\u00f1o y no revel\u00f3 el motivo de la derivaci\u00f3n.<\/p>\n<h2><strong>Incendios, apu\u00f1alamiento y odio creciente<\/strong><\/h2>\n<p>La comunidad jud\u00eda brit\u00e1nica, que cuenta con unas 300.000 personas, se ha enfrentado a un aumento de los ataques tanto en Internet como en las calles.<\/p>\n<p>El n\u00famero de incidentes antisemitas denunciados en todo el Reino Unido se ha disparado desde la ofensiva perpetrada por militantes liderados por <a href=\"https:\/\/www.france24.com\/es\/tag\/ham\u00e1s-1\/\" target=\"_self\" class=\"gtm-add-suggested-tag\">Ham\u00e1s<\/a> contra el sur de <a href=\"https:\/\/www.france24.com\/es\/tag\/israel\/\" target=\"_self\" class=\"gtm-add-suggested-tag\">Israel<\/a> el <a href=\"https:\/\/www.france24.com\/es\/tag\/7-de-octubre-de-2023\/\" target=\"_self\" class=\"gtm-add-suggested-tag\">7 de octubre de 2023<\/a> y la posterior <a href=\"https:\/\/www.france24.com\/es\/tag\/guerra-en-gaza\/\" target=\"_self\" class=\"gtm-add-suggested-tag\">guerra en Gaza<\/a>, seg\u00fan la organizaci\u00f3n ben\u00e9fica Community Security Trust.<\/p>\n<p>En octubre, un agresor embisti\u00f3 con su coche a un grupo de personas reunidas frente a una sinagoga de M\u00e1nchester durante el Yom Kippur y apu\u00f1al\u00f3 mortalmente a un hombre. Otro hombre muri\u00f3 durante el ataque tras recibir un disparo accidental de la polic\u00eda.<\/p>\n<div class=\"em-video-wrapper m-em-video\" data-media-video-wbmz382310-f24-es-20260407 data-wrapper-video-player data-show-hidden-video-player=\"WBMZ382310-F24-ES-20260407\" data-youtube-script>\n<div class=\"m-em-video__video\">\n<div class=\"o-em-consent \" readability=\"7\">\n<div class=\"o-em-consent__content\" readability=\"34\">\n<p class=\"o-em-consent__content__text\">Para mostrar este contenido de YouTube, debe autorizar las cookies de medici\u00f3n de audiencia y publicidad.<\/p>\n<p> <button class=\"a-master-button a-master-button--dark\" data-action=\"accept\"> Aceptar <svg class=\"a-svg a-svg--icon-check\"> <use xlink:href=\"\/build\/images\/svg\/sprite.c98bf387c90bc4a87186b0b783f15ba0.svg#icon-check\" href=\"\/build\/images\/svg\/sprite.c98bf387c90bc4a87186b0b783f15ba0.svg#icon-check\" \/> <\/svg> <\/button> <button class=\"a-link\" data-action=\"manage\">Gestionar mis opciones<i class=\"a-svg a-svg--icon-edit\"><\/i><\/button> <\/div>\n<\/div>\n<div class=\"o-em-adblock\" data-adblock-content readability=\"7\">\n<div class=\"o-em-adblock__content\" readability=\"34\">\n<p class=\"o-em-adblock__content__text\">Una extensi\u00f3n de tu navegador parece estar bloqueando la carga del reproductor de video. Para poder ver este contenido, debes desactivarla en este sitio.<\/p>\n<p> <button class=\"a-master-button a-master-button--dark\" data-action=\"reload\">Reintentar<\/button> <\/div>\n<\/div>\n<figure class=\"m-item-image m-item-image--16x9 m-item-image--has-caption\"> <picture class=\"a-picture a-picture--16x9\"><source type=\"image\/webp\" srcset=\"https:\/\/s.france24.com\/media\/display\/2ffc1ca6-9ff2-11f0-9169-005056bf30b7\/w:388\/p:16x9\/ES-20251002-183458-183648-CS.webp 388w, https:\/\/s.france24.com\/media\/display\/2ffc1ca6-9ff2-11f0-9169-005056bf30b7\/w:720\/p:16x9\/ES-20251002-183458-183648-CS.webp 720w, https:\/\/s.france24.com\/media\/display\/2ffc1ca6-9ff2-11f0-9169-005056bf30b7\/w:1024\/p:16x9\/ES-20251002-183458-183648-CS.webp 1024w\" sizes=\"(max-width: 639px) calc(100vw - 32px), (max-width: 1076px) calc(100vw - 44px), 850px\"><img fetchpriority=\"low\" decoding=\"async\" src=\"https:\/\/s.france24.com\/media\/display\/2ffc1ca6-9ff2-11f0-9169-005056bf30b7\/w:1024\/p:16x9\/ES-20251002-183458-183648-CS.jpg\" srcset=\"https:\/\/s.france24.com\/media\/display\/2ffc1ca6-9ff2-11f0-9169-005056bf30b7\/w:388\/p:16x9\/ES-20251002-183458-183648-CS.jpg 388w, https:\/\/s.france24.com\/media\/display\/2ffc1ca6-9ff2-11f0-9169-005056bf30b7\/w:720\/p:16x9\/ES-20251002-183458-183648-CS.jpg 720w, https:\/\/s.france24.com\/media\/display\/2ffc1ca6-9ff2-11f0-9169-005056bf30b7\/w:1024\/p:16x9\/ES-20251002-183458-183648-CS.jpg 1024w\" sizes=\"auto, (max-width: 639px) calc(100vw - 32px), (max-width: 1076px) calc(100vw - 44px), 850px\" width=\"1024\" height=\"576\" alt loading=\"lazy\" class=\"a-img \">\n<\/picture><figcaption class=\"a-figcaption\"> <span>\u00a9 France 24<\/span> <\/figcaption><\/figure>\n<\/p><\/div>\n<\/p><\/div>\n<p>Desde el inicio de la guerra con <a href=\"https:\/\/www.france24.com\/es\/tag\/ir\u00e1n\/\" target=\"_self\" class=\"gtm-add-suggested-tag\">Ir\u00e1n<\/a> el 28 de febrero, se ha producido una serie de incendios provocados en sinagogas y otros lugares jud\u00edos de Londres, as\u00ed como contra opositores al Gobierno iran\u00ed.<\/p>\n<p>La polic\u00eda afirma que se ha detenido a 28 personas en relaci\u00f3n con esos ataques, que no causaron heridos. Se ha imputado a varios de ellos y un adolescente ha sido condenado tras declararse culpable.<\/p>\n<h2><strong>Siguiendo el rastro de Ir\u00e1n<\/strong><\/h2>\n<p>Varios ataques incendiarios han sido reivindicados en Internet en nombre de Harakat Ashab al-Yamin al-Islamia.<\/p>\n<p>El Gobierno de Israel ha descrito a este grupo, cuyo nombre significa \u00abMovimiento Isl\u00e1mico de los Compa\u00f1eros de la Derecha\u00bb, como una organizaci\u00f3n de reciente creaci\u00f3n con presuntos v\u00ednculos con \u00abun grupo af\u00edn a Ir\u00e1n\u00bb que tambi\u00e9n ha reivindicado ataques contra sinagogas en B\u00e9lgica y los Pa\u00edses Bajos.<\/p>\n<p>Una publicaci\u00f3n en l\u00ednea bajo el mismo nombre tambi\u00e9n se atribuy\u00f3 el apu\u00f1alamiento del mi\u00e9rcoles. La ministra del Interior, Shabana Mahmood, afirm\u00f3 que las autoridades estaban investigando si esa reivindicaci\u00f3n era cre\u00edble u \u00aboportunista\u00bb.<\/p>\n<p>Los expertos en seguridad afirman que esas reivindicaciones deben tratarse con cautela, pero el Reino Unido ha acusado a Ir\u00e1n de utilizar intermediarios criminales para llevar a cabo ataques en suelo europeo dirigidos contra medios de comunicaci\u00f3n de la oposici\u00f3n iran\u00ed y la comunidad jud\u00eda.<\/p>\n<div class=\"em-video-wrapper m-em-video\" data-media-video-wbmz387945-f24-es-20260501 data-wrapper-video-player data-show-hidden-video-player=\"WBMZ387945-F24-ES-20260501\" data-youtube-script>\n<div class=\"m-em-video__video\">\n<div class=\"o-em-consent \" readability=\"7\">\n<div class=\"o-em-consent__content\" readability=\"34\">\n<p class=\"o-em-consent__content__text\">Para mostrar este contenido de YouTube, debe autorizar las cookies de medici\u00f3n de audiencia y publicidad.<\/p>\n<p> <button class=\"a-master-button a-master-button--dark\" data-action=\"accept\"> Aceptar <svg class=\"a-svg a-svg--icon-check\"> <use xlink:href=\"\/build\/images\/svg\/sprite.c98bf387c90bc4a87186b0b783f15ba0.svg#icon-check\" href=\"\/build\/images\/svg\/sprite.c98bf387c90bc4a87186b0b783f15ba0.svg#icon-check\" \/> <\/svg> <\/button> <button class=\"a-link\" data-action=\"manage\">Gestionar mis opciones<i class=\"a-svg a-svg--icon-edit\"><\/i><\/button> <\/div>\n<\/div>\n<div class=\"o-em-adblock\" data-adblock-content readability=\"7\">\n<div class=\"o-em-adblock__content\" readability=\"34\">\n<p class=\"o-em-adblock__content__text\">Una extensi\u00f3n de tu navegador parece estar bloqueando la carga del reproductor de video. Para poder ver este contenido, debes desactivarla en este sitio.<\/p>\n<p> <button class=\"a-master-button a-master-button--dark\" data-action=\"reload\">Reintentar<\/button> <\/div>\n<\/div>\n<figure class=\"m-item-image m-item-image--16x9 m-item-image--has-caption\"> <picture class=\"a-picture a-picture--16x9\"><source type=\"image\/webp\" srcset=\"https:\/\/s.france24.com\/media\/display\/8846aa78-7e11-11f0-9b22-005056a90284\/w:388\/p:16x9\/Espagnol-2025-08-20T21-06-51-320Z.webp 388w, https:\/\/s.france24.com\/media\/display\/8846aa78-7e11-11f0-9b22-005056a90284\/w:720\/p:16x9\/Espagnol-2025-08-20T21-06-51-320Z.webp 720w, https:\/\/s.france24.com\/media\/display\/8846aa78-7e11-11f0-9b22-005056a90284\/w:1024\/p:16x9\/Espagnol-2025-08-20T21-06-51-320Z.webp 1024w\" sizes=\"(max-width: 639px) calc(100vw - 32px), (max-width: 1076px) calc(100vw - 44px), 850px\"><img fetchpriority=\"low\" decoding=\"async\" src=\"https:\/\/s.france24.com\/media\/display\/8846aa78-7e11-11f0-9b22-005056a90284\/w:1024\/p:16x9\/Espagnol-2025-08-20T21-06-51-320Z.jpg\" srcset=\"https:\/\/s.france24.com\/media\/display\/8846aa78-7e11-11f0-9b22-005056a90284\/w:388\/p:16x9\/Espagnol-2025-08-20T21-06-51-320Z.jpg 388w, https:\/\/s.france24.com\/media\/display\/8846aa78-7e11-11f0-9b22-005056a90284\/w:720\/p:16x9\/Espagnol-2025-08-20T21-06-51-320Z.jpg 720w, https:\/\/s.france24.com\/media\/display\/8846aa78-7e11-11f0-9b22-005056a90284\/w:1024\/p:16x9\/Espagnol-2025-08-20T21-06-51-320Z.jpg 1024w\" sizes=\"auto, (max-width: 639px) calc(100vw - 32px), (max-width: 1076px) calc(100vw - 44px), 850px\" width=\"1024\" height=\"576\" alt=\"Londres: miembro del grupo de rap Kneecap acusado de terrorismo comparece ante tribunal\" loading=\"lazy\" class=\"a-img \">\n<\/picture><figcaption class=\"a-figcaption\"> <span>Londres: miembro del grupo de rap Kneecap acusado de terrorismo comparece ante tribunal<\/span> <span>\u00a9 France 24<\/span> <\/figcaption><\/figure>\n<\/p><\/div>\n<\/p><\/div>\n<p>El servicio de inteligencia nacional brit\u00e1nico MI5 afirma que se frustraron m\u00e1s de 20 complots \u00abpotencialmente letales\u00bb respaldados por Ir\u00e1n en el a\u00f1o que finaliz\u00f3 en octubre.<\/p>\n<p>El Gobierno se\u00f1al\u00f3 que el aumento del nivel de amenaza no se deb\u00eda \u00fanicamente al ataque de Golders Green, sino tambi\u00e9n al mayor peligro \u00abderivado de la amenaza terrorista islamista y de <a href=\"https:\/\/www.france24.com\/es\/tag\/extrema-derecha\/\" target=\"_self\" class=\"gtm-add-suggested-tag\">extrema derecha<\/a> por parte de individuos y peque\u00f1os grupos con base en el Reino Unido\u00bb.<\/p>\n<p>El nivel de amenaza se mantuvo en \u00abgrave\u00bb durante gran parte del periodo comprendido entre 2014 y febrero de 2022, cuando se rebaj\u00f3 a \u00absustancial\u00bb.<\/p>\n<p>El subcomisario Laurence Taylor, jefe de la unidad antiterrorista de la Polic\u00eda Metropolitana, afirm\u00f3 que \u00abestamos observando una amenaza elevada contra personas e instituciones jud\u00edas e israel\u00edes en el Reino Unido. Tambi\u00e9n nos enfrentamos a una situaci\u00f3n mundial impredecible que tiene consecuencias m\u00e1s cercanas a casa, incluidas amenazas f\u00edsicas por parte de actores vinculados al Estado\u00bb.<\/p>\n<h2><strong>El Gobierno bajo presi\u00f3n<\/strong><\/h2>\n<p>Starmer prometi\u00f3 que los ataques recibir\u00edan una respuesta \u00abr\u00e1pida y visible\u00bb por parte de la justicia penal. Mahmood afirm\u00f3 que est\u00e1 tratando el antisemitismo como \u00abuna emergencia\u00bb, y lo describi\u00f3 como el principal problema de seguridad al que se enfrenta.<\/p>\n<p>El Gobierno anunci\u00f3 25 millones de libras (34 millones de d\u00f3lares) para aumentar las patrullas policiales y la protecci\u00f3n en torno a sinagogas, escuelas y centros comunitarios, y Starmer afirm\u00f3 que los tribunales acelerar\u00edan las sentencias por ataques antisemitas como medida disuasoria.<\/p>\n<p>Sin embargo, algunos jud\u00edos y otras personas afirman que el Gobierno ha permitido que se fomente un clima de antisemitismo.<\/p>\n<p>Afirman que las protestas a favor de Palestina, que se celebran regularmente desde octubre de 2023, han ido m\u00e1s all\u00e1 de la cr\u00edtica a las acciones de Israel, para fomentar un clima de intimidaci\u00f3n y odio contra los jud\u00edos.<\/p>\n<div class=\"em-video-wrapper m-em-video\" data-media-video-wbmz387943-f24-es-20260501 data-wrapper-video-player data-show-hidden-video-player=\"WBMZ387943-F24-ES-20260501\" data-youtube-script>\n<div class=\"m-em-video__video\">\n<div class=\"o-em-consent \" readability=\"7\">\n<div class=\"o-em-consent__content\" readability=\"34\">\n<p class=\"o-em-consent__content__text\">Para mostrar este contenido de YouTube, debe autorizar las cookies de medici\u00f3n de audiencia y publicidad.<\/p>\n<p> <button class=\"a-master-button a-master-button--dark\" data-action=\"accept\"> Aceptar <svg class=\"a-svg a-svg--icon-check\"> <use xlink:href=\"\/build\/images\/svg\/sprite.c98bf387c90bc4a87186b0b783f15ba0.svg#icon-check\" href=\"\/build\/images\/svg\/sprite.c98bf387c90bc4a87186b0b783f15ba0.svg#icon-check\" \/> <\/svg> <\/button> <button class=\"a-link\" data-action=\"manage\">Gestionar mis opciones<i class=\"a-svg a-svg--icon-edit\"><\/i><\/button> <\/div>\n<\/div>\n<div class=\"o-em-adblock\" data-adblock-content readability=\"7\">\n<div class=\"o-em-adblock__content\" readability=\"34\">\n<p class=\"o-em-adblock__content__text\">Una extensi\u00f3n de tu navegador parece estar bloqueando la carga del reproductor de video. Para poder ver este contenido, debes desactivarla en este sitio.<\/p>\n<p> <button class=\"a-master-button a-master-button--dark\" data-action=\"reload\">Reintentar<\/button> <\/div>\n<\/div>\n<figure class=\"m-item-image m-item-image--16x9 m-item-image--has-caption\"> <picture class=\"a-picture a-picture--16x9\"><source type=\"image\/webp\" srcset=\"https:\/\/s.france24.com\/media\/display\/216e9c56-757a-11f0-a1ea-005056a97e36\/w:388\/p:16x9\/ES-20250809-180827-181010-CS.webp 388w, https:\/\/s.france24.com\/media\/display\/216e9c56-757a-11f0-a1ea-005056a97e36\/w:720\/p:16x9\/ES-20250809-180827-181010-CS.webp 720w, https:\/\/s.france24.com\/media\/display\/216e9c56-757a-11f0-a1ea-005056a97e36\/w:1024\/p:16x9\/ES-20250809-180827-181010-CS.webp 1024w\" sizes=\"(max-width: 639px) calc(100vw - 32px), (max-width: 1076px) calc(100vw - 44px), 850px\"><img fetchpriority=\"low\" decoding=\"async\" src=\"https:\/\/s.france24.com\/media\/display\/216e9c56-757a-11f0-a1ea-005056a97e36\/w:1024\/p:16x9\/ES-20250809-180827-181010-CS.jpg\" srcset=\"https:\/\/s.france24.com\/media\/display\/216e9c56-757a-11f0-a1ea-005056a97e36\/w:388\/p:16x9\/ES-20250809-180827-181010-CS.jpg 388w, https:\/\/s.france24.com\/media\/display\/216e9c56-757a-11f0-a1ea-005056a97e36\/w:720\/p:16x9\/ES-20250809-180827-181010-CS.jpg 720w, https:\/\/s.france24.com\/media\/display\/216e9c56-757a-11f0-a1ea-005056a97e36\/w:1024\/p:16x9\/ES-20250809-180827-181010-CS.jpg 1024w\" sizes=\"auto, (max-width: 639px) calc(100vw - 32px), (max-width: 1076px) calc(100vw - 44px), 850px\" width=\"1024\" height=\"576\" alt loading=\"lazy\" class=\"a-img \">\n<\/picture><figcaption class=\"a-figcaption\"> <span>\u00a9 France 24<\/span> <\/figcaption><\/figure>\n<\/p><\/div>\n<\/p><\/div>\n<p>Las protestas han sido en su gran mayor\u00eda pac\u00edficas, pero hay quien afirma que consignas como \u00abdel r\u00edo al mar, Palestina ser\u00e1 libre\u00bb incitan al odio contra los jud\u00edos. Algunos manifestantes han sido detenidos por mostrar su apoyo a Ham\u00e1s, una organizaci\u00f3n prohibida en el Reino Unido.<\/p>\n<p>Jonathan Hall, el responsable gubernamental encargado de revisar la legislaci\u00f3n antiterrorista, pidi\u00f3 que se prohibieran temporalmente las marchas a favor de Palestina, alegando que hab\u00edan contribuido a \u00abfomentar\u00bb el antisemitismo.<\/p>\n<p>El Gobierno no ha respaldado la prohibici\u00f3n, pero Starmer afirm\u00f3 que los manifestantes que utilizaran la frase \u00abglobalizar la intifada\u00bb \u2014considerada por algunos como una llamada a atacar a los jud\u00edos\u2014 deber\u00edan ser procesados.<\/p>\n<p>Starmer afirm\u00f3 que el Gobierno acelerar\u00eda la concesi\u00f3n de poderes \u00abpara hacer frente a la amenaza maligna que plantean Estados como Ir\u00e1n, porque sabemos a ciencia cierta que quieren hacer da\u00f1o a los jud\u00edos brit\u00e1nicos\u00bb.<\/p>\n","protected":false},"excerpt":{"rendered":"<p>El Gobierno del Reino Unido declar\u00f3 el&#46;&#46;&#46;<\/p>\n","protected":false},"author":1,"featured_media":167722,"comment_status":"closed","ping_status":"closed","sticky":false,"template":"","format":"standard","meta":{"_jetpack_memberships_contains_paid_content":false,"footnotes":"","jetpack_publicize_message":"","jetpack_publicize_feature_enabled":true,"jetpack_social_post_already_shared":true,"jetpack_social_options":{"image_generator_settings":{"template":"highway","default_image_id":0,"font":"","enabled":false},"version":2}},"categories":[43],"tags":[],"class_list":["post-167721","post","type-post","status-publish","format-standard","has-post-thumbnail","hentry","category-internacionales"],"yoast_head":"<!-- This site is optimized with the Yoast SEO plugin v27.3 - https:\/\/yoast.com\/product\/yoast-seo-wordpress\/ -->\n<title>Amenaza terrorista grave: Reino Unido eleva nivel de alerta ante aumento del antisemitismo - Sarmiento24h<\/title>\n<meta name=\"robots\" content=\"index, follow, max-snippet:-1, max-image-preview:large, max-video-preview:-1\" \/>\n<link rel=\"canonical\" href=\"https:\/\/sarmiento24h.com\/?p=167721\" \/>\n<meta property=\"og:locale\" content=\"es_ES\" \/>\n<meta property=\"og:type\" content=\"article\" \/>\n<meta property=\"og:title\" content=\"Amenaza terrorista grave: Reino Unido eleva nivel de alerta ante aumento del antisemitismo - Sarmiento24h\" \/>\n<meta property=\"og:description\" content=\"El Gobierno del Reino Unido declar\u00f3 el&#046;&#046;&#046;\" \/>\n<meta property=\"og:url\" content=\"https:\/\/sarmiento24h.com\/?p=167721\" \/>\n<meta property=\"og:site_name\" content=\"Sarmiento24h\" \/>\n<meta property=\"article:publisher\" content=\"https:\/\/facebook.com\/s24hnoticias\" \/>\n<meta property=\"article:published_time\" content=\"2026-04-30T22:17:18+00:00\" \/>\n<meta property=\"og:image\" content=\"https:\/\/s.france24.com\/media\/display\/2ffc1ca6-9ff2-11f0-9169-005056bf30b7\/w:1024\/p:16x9\/ES-20251002-183458-183648-CS.jpg\" \/>\n<meta name=\"author\" content=\"sarmiento24h@gmail.com\" \/>\n<meta name=\"twitter:card\" content=\"summary_large_image\" \/>\n<meta name=\"twitter:creator\" content=\"@sarmiento24h\" \/>\n<meta name=\"twitter:site\" content=\"@sarmiento24h\" \/>\n<meta name=\"twitter:label1\" content=\"Escrito por\" \/>\n\t<meta name=\"twitter:data1\" content=\"sarmiento24h@gmail.com\" \/>\n\t<meta name=\"twitter:label2\" content=\"Tiempo de lectura\" \/>\n\t<meta name=\"twitter:data2\" content=\"7 minutos\" \/>\n<script type=\"application\/ld+json\" class=\"yoast-schema-graph\">{\"@context\":\"https:\\\/\\\/schema.org\",\"@graph\":[{\"@type\":\"Article\",\"@id\":\"https:\\\/\\\/sarmiento24h.com\\\/?p=167721#article\",\"isPartOf\":{\"@id\":\"https:\\\/\\\/sarmiento24h.com\\\/?p=167721\"},\"author\":{\"name\":\"sarmiento24h@gmail.com\",\"@id\":\"https:\\\/\\\/sarmiento24h.com\\\/#\\\/schema\\\/person\\\/d653a59725ad629a7e0429af7b939d4d\"},\"headline\":\"Amenaza terrorista grave: Reino Unido eleva nivel de alerta ante aumento del antisemitismo\",\"datePublished\":\"2026-04-30T22:17:18+00:00\",\"mainEntityOfPage\":{\"@id\":\"https:\\\/\\\/sarmiento24h.com\\\/?p=167721\"},\"wordCount\":1461,\"publisher\":{\"@id\":\"https:\\\/\\\/sarmiento24h.com\\\/#organization\"},\"image\":{\"@id\":\"https:\\\/\\\/sarmiento24h.com\\\/?p=167721#primaryimage\"},\"thumbnailUrl\":\"https:\\\/\\\/sarmiento24h.com\\\/wp-content\\\/uploads\\\/2026\\\/04\\\/amenaza-terrorista-grave-reino-unido-eleva-nivel-de-alerta-ante-aumento-del-antisemitismo.jpg\",\"articleSection\":[\"Internacionales\"],\"inLanguage\":\"es\"},{\"@type\":\"WebPage\",\"@id\":\"https:\\\/\\\/sarmiento24h.com\\\/?p=167721\",\"url\":\"https:\\\/\\\/sarmiento24h.com\\\/?p=167721\",\"name\":\"Amenaza terrorista grave: Reino Unido eleva nivel de alerta ante aumento del antisemitismo - Sarmiento24h\",\"isPartOf\":{\"@id\":\"https:\\\/\\\/sarmiento24h.com\\\/#website\"},\"primaryImageOfPage\":{\"@id\":\"https:\\\/\\\/sarmiento24h.com\\\/?p=167721#primaryimage\"},\"image\":{\"@id\":\"https:\\\/\\\/sarmiento24h.com\\\/?p=167721#primaryimage\"},\"thumbnailUrl\":\"https:\\\/\\\/sarmiento24h.com\\\/wp-content\\\/uploads\\\/2026\\\/04\\\/amenaza-terrorista-grave-reino-unido-eleva-nivel-de-alerta-ante-aumento-del-antisemitismo.jpg\",\"datePublished\":\"2026-04-30T22:17:18+00:00\",\"breadcrumb\":{\"@id\":\"https:\\\/\\\/sarmiento24h.com\\\/?p=167721#breadcrumb\"},\"inLanguage\":\"es\",\"potentialAction\":[{\"@type\":\"ReadAction\",\"target\":[\"https:\\\/\\\/sarmiento24h.com\\\/?p=167721\"]}]},{\"@type\":\"ImageObject\",\"inLanguage\":\"es\",\"@id\":\"https:\\\/\\\/sarmiento24h.com\\\/?p=167721#primaryimage\",\"url\":\"https:\\\/\\\/sarmiento24h.com\\\/wp-content\\\/uploads\\\/2026\\\/04\\\/amenaza-terrorista-grave-reino-unido-eleva-nivel-de-alerta-ante-aumento-del-antisemitismo.jpg\",\"contentUrl\":\"https:\\\/\\\/sarmiento24h.com\\\/wp-content\\\/uploads\\\/2026\\\/04\\\/amenaza-terrorista-grave-reino-unido-eleva-nivel-de-alerta-ante-aumento-del-antisemitismo.jpg\",\"width\":1024,\"height\":576},{\"@type\":\"BreadcrumbList\",\"@id\":\"https:\\\/\\\/sarmiento24h.com\\\/?p=167721#breadcrumb\",\"itemListElement\":[{\"@type\":\"ListItem\",\"position\":1,\"name\":\"Home\",\"item\":\"https:\\\/\\\/sarmiento24h.com\\\/\"},{\"@type\":\"ListItem\",\"position\":2,\"name\":\"Amenaza terrorista grave: Reino Unido eleva nivel de alerta ante aumento del antisemitismo\"}]},{\"@type\":\"WebSite\",\"@id\":\"https:\\\/\\\/sarmiento24h.com\\\/#website\",\"url\":\"https:\\\/\\\/sarmiento24h.com\\\/\",\"name\":\"Sarmiento24h\",\"description\":\"\",\"publisher\":{\"@id\":\"https:\\\/\\\/sarmiento24h.com\\\/#organization\"},\"potentialAction\":[{\"@type\":\"SearchAction\",\"target\":{\"@type\":\"EntryPoint\",\"urlTemplate\":\"https:\\\/\\\/sarmiento24h.com\\\/?s={search_term_string}\"},\"query-input\":{\"@type\":\"PropertyValueSpecification\",\"valueRequired\":true,\"valueName\":\"search_term_string\"}}],\"inLanguage\":\"es\"},{\"@type\":\"Organization\",\"@id\":\"https:\\\/\\\/sarmiento24h.com\\\/#organization\",\"name\":\"Sarmiento24h\",\"url\":\"https:\\\/\\\/sarmiento24h.com\\\/\",\"logo\":{\"@type\":\"ImageObject\",\"inLanguage\":\"es\",\"@id\":\"https:\\\/\\\/sarmiento24h.com\\\/#\\\/schema\\\/logo\\\/image\\\/\",\"url\":\"https:\\\/\\\/sarmiento24h.com\\\/wp-content\\\/uploads\\\/2025\\\/12\\\/AddText_12-16-10.30.52.jpg\",\"contentUrl\":\"https:\\\/\\\/sarmiento24h.com\\\/wp-content\\\/uploads\\\/2025\\\/12\\\/AddText_12-16-10.30.52.jpg\",\"width\":1220,\"height\":324,\"caption\":\"Sarmiento24h\"},\"image\":{\"@id\":\"https:\\\/\\\/sarmiento24h.com\\\/#\\\/schema\\\/logo\\\/image\\\/\"},\"sameAs\":[\"https:\\\/\\\/facebook.com\\\/s24hnoticias\",\"https:\\\/\\\/x.com\\\/sarmiento24h\"]},{\"@type\":\"Person\",\"@id\":\"https:\\\/\\\/sarmiento24h.com\\\/#\\\/schema\\\/person\\\/d653a59725ad629a7e0429af7b939d4d\",\"name\":\"sarmiento24h@gmail.com\",\"image\":{\"@type\":\"ImageObject\",\"inLanguage\":\"es\",\"@id\":\"https:\\\/\\\/sarmiento24h.com\\\/wp-content\\\/litespeed\\\/avatar\\\/d02cbc4e23c747e6659cd45907173c8f.jpg?ver=1777157796\",\"url\":\"https:\\\/\\\/sarmiento24h.com\\\/wp-content\\\/litespeed\\\/avatar\\\/d02cbc4e23c747e6659cd45907173c8f.jpg?ver=1777157796\",\"contentUrl\":\"https:\\\/\\\/sarmiento24h.com\\\/wp-content\\\/litespeed\\\/avatar\\\/d02cbc4e23c747e6659cd45907173c8f.jpg?ver=1777157796\",\"caption\":\"sarmiento24h@gmail.com\"},\"sameAs\":[\"https:\\\/\\\/sarmiento24h.com\"],\"url\":\"https:\\\/\\\/sarmiento24h.com\\\/?author=1\"}]}<\/script>\n<!-- \/ Yoast SEO plugin. -->","yoast_head_json":{"title":"Amenaza terrorista grave: Reino Unido eleva nivel de alerta ante aumento del antisemitismo - Sarmiento24h","robots":{"index":"index","follow":"follow","max-snippet":"max-snippet:-1","max-image-preview":"max-image-preview:large","max-video-preview":"max-video-preview:-1"},"canonical":"https:\/\/sarmiento24h.com\/?p=167721","og_locale":"es_ES","og_type":"article","og_title":"Amenaza terrorista grave: Reino Unido eleva nivel de alerta ante aumento del antisemitismo - Sarmiento24h","og_description":"El Gobierno del Reino Unido declar\u00f3 el&#46;&#46;&#46;","og_url":"https:\/\/sarmiento24h.com\/?p=167721","og_site_name":"Sarmiento24h","article_publisher":"https:\/\/facebook.com\/s24hnoticias","article_published_time":"2026-04-30T22:17:18+00:00","og_image":[{"url":"https:\/\/s.france24.com\/media\/display\/2ffc1ca6-9ff2-11f0-9169-005056bf30b7\/w:1024\/p:16x9\/ES-20251002-183458-183648-CS.jpg","type":"","width":"","height":""}],"author":"sarmiento24h@gmail.com","twitter_card":"summary_large_image","twitter_creator":"@sarmiento24h","twitter_site":"@sarmiento24h","twitter_misc":{"Escrito por":"sarmiento24h@gmail.com","Tiempo de lectura":"7 minutos"},"schema":{"@context":"https:\/\/schema.org","@graph":[{"@type":"Article","@id":"https:\/\/sarmiento24h.com\/?p=167721#article","isPartOf":{"@id":"https:\/\/sarmiento24h.com\/?p=167721"},"author":{"name":"sarmiento24h@gmail.com","@id":"https:\/\/sarmiento24h.com\/#\/schema\/person\/d653a59725ad629a7e0429af7b939d4d"},"headline":"Amenaza terrorista grave: Reino Unido eleva nivel de alerta ante aumento del antisemitismo","datePublished":"2026-04-30T22:17:18+00:00","mainEntityOfPage":{"@id":"https:\/\/sarmiento24h.com\/?p=167721"},"wordCount":1461,"publisher":{"@id":"https:\/\/sarmiento24h.com\/#organization"},"image":{"@id":"https:\/\/sarmiento24h.com\/?p=167721#primaryimage"},"thumbnailUrl":"https:\/\/sarmiento24h.com\/wp-content\/uploads\/2026\/04\/amenaza-terrorista-grave-reino-unido-eleva-nivel-de-alerta-ante-aumento-del-antisemitismo.jpg","articleSection":["Internacionales"],"inLanguage":"es"},{"@type":"WebPage","@id":"https:\/\/sarmiento24h.com\/?p=167721","url":"https:\/\/sarmiento24h.com\/?p=167721","name":"Amenaza terrorista grave: Reino Unido eleva nivel de alerta ante aumento del antisemitismo - Sarmiento24h","isPartOf":{"@id":"https:\/\/sarmiento24h.com\/#website"},"primaryImageOfPage":{"@id":"https:\/\/sarmiento24h.com\/?p=167721#primaryimage"},"image":{"@id":"https:\/\/sarmiento24h.com\/?p=167721#primaryimage"},"thumbnailUrl":"https:\/\/sarmiento24h.com\/wp-content\/uploads\/2026\/04\/amenaza-terrorista-grave-reino-unido-eleva-nivel-de-alerta-ante-aumento-del-antisemitismo.jpg","datePublished":"2026-04-30T22:17:18+00:00","breadcrumb":{"@id":"https:\/\/sarmiento24h.com\/?p=167721#breadcrumb"},"inLanguage":"es","potentialAction":[{"@type":"ReadAction","target":["https:\/\/sarmiento24h.com\/?p=167721"]}]},{"@type":"ImageObject","inLanguage":"es","@id":"https:\/\/sarmiento24h.com\/?p=167721#primaryimage","url":"https:\/\/sarmiento24h.com\/wp-content\/uploads\/2026\/04\/amenaza-terrorista-grave-reino-unido-eleva-nivel-de-alerta-ante-aumento-del-antisemitismo.jpg","contentUrl":"https:\/\/sarmiento24h.com\/wp-content\/uploads\/2026\/04\/amenaza-terrorista-grave-reino-unido-eleva-nivel-de-alerta-ante-aumento-del-antisemitismo.jpg","width":1024,"height":576},{"@type":"BreadcrumbList","@id":"https:\/\/sarmiento24h.com\/?p=167721#breadcrumb","itemListElement":[{"@type":"ListItem","position":1,"name":"Home","item":"https:\/\/sarmiento24h.com\/"},{"@type":"ListItem","position":2,"name":"Amenaza terrorista grave: Reino Unido eleva nivel de alerta ante aumento del antisemitismo"}]},{"@type":"WebSite","@id":"https:\/\/sarmiento24h.com\/#website","url":"https:\/\/sarmiento24h.com\/","name":"Sarmiento24h","description":"","publisher":{"@id":"https:\/\/sarmiento24h.com\/#organization"},"potentialAction":[{"@type":"SearchAction","target":{"@type":"EntryPoint","urlTemplate":"https:\/\/sarmiento24h.com\/?s={search_term_string}"},"query-input":{"@type":"PropertyValueSpecification","valueRequired":true,"valueName":"search_term_string"}}],"inLanguage":"es"},{"@type":"Organization","@id":"https:\/\/sarmiento24h.com\/#organization","name":"Sarmiento24h","url":"https:\/\/sarmiento24h.com\/","logo":{"@type":"ImageObject","inLanguage":"es","@id":"https:\/\/sarmiento24h.com\/#\/schema\/logo\/image\/","url":"https:\/\/sarmiento24h.com\/wp-content\/uploads\/2025\/12\/AddText_12-16-10.30.52.jpg","contentUrl":"https:\/\/sarmiento24h.com\/wp-content\/uploads\/2025\/12\/AddText_12-16-10.30.52.jpg","width":1220,"height":324,"caption":"Sarmiento24h"},"image":{"@id":"https:\/\/sarmiento24h.com\/#\/schema\/logo\/image\/"},"sameAs":["https:\/\/facebook.com\/s24hnoticias","https:\/\/x.com\/sarmiento24h"]},{"@type":"Person","@id":"https:\/\/sarmiento24h.com\/#\/schema\/person\/d653a59725ad629a7e0429af7b939d4d","name":"sarmiento24h@gmail.com","image":{"@type":"ImageObject","inLanguage":"es","@id":"https:\/\/sarmiento24h.com\/wp-content\/litespeed\/avatar\/d02cbc4e23c747e6659cd45907173c8f.jpg?ver=1777157796","url":"https:\/\/sarmiento24h.com\/wp-content\/litespeed\/avatar\/d02cbc4e23c747e6659cd45907173c8f.jpg?ver=1777157796","contentUrl":"https:\/\/sarmiento24h.com\/wp-content\/litespeed\/avatar\/d02cbc4e23c747e6659cd45907173c8f.jpg?ver=1777157796","caption":"sarmiento24h@gmail.com"},"sameAs":["https:\/\/sarmiento24h.com"],"url":"https:\/\/sarmiento24h.com\/?author=1"}]}},"jetpack_publicize_connections":[],"jetpack_featured_media_url":"https:\/\/sarmiento24h.com\/wp-content\/uploads\/2026\/04\/amenaza-terrorista-grave-reino-unido-eleva-nivel-de-alerta-ante-aumento-del-antisemitismo.jpg","jetpack_sharing_enabled":true,"_links":{"self":[{"href":"https:\/\/sarmiento24h.com\/index.php?rest_route=\/wp\/v2\/posts\/167721","targetHints":{"allow":["GET"]}}],"collection":[{"href":"https:\/\/sarmiento24h.com\/index.php?rest_route=\/wp\/v2\/posts"}],"about":[{"href":"https:\/\/sarmiento24h.com\/index.php?rest_route=\/wp\/v2\/types\/post"}],"author":[{"embeddable":true,"href":"https:\/\/sarmiento24h.com\/index.php?rest_route=\/wp\/v2\/users\/1"}],"replies":[{"embeddable":true,"href":"https:\/\/sarmiento24h.com\/index.php?rest_route=%2Fwp%2Fv2%2Fcomments&post=167721"}],"version-history":[{"count":0,"href":"https:\/\/sarmiento24h.com\/index.php?rest_route=\/wp\/v2\/posts\/167721\/revisions"}],"wp:featuredmedia":[{"embeddable":true,"href":"https:\/\/sarmiento24h.com\/index.php?rest_route=\/wp\/v2\/media\/167722"}],"wp:attachment":[{"href":"https:\/\/sarmiento24h.com\/index.php?rest_route=%2Fwp%2Fv2%2Fmedia&parent=167721"}],"wp:term":[{"taxonomy":"category","embeddable":true,"href":"https:\/\/sarmiento24h.com\/index.php?rest_route=%2Fwp%2Fv2%2Fcategories&post=167721"},{"taxonomy":"post_tag","embeddable":true,"href":"https:\/\/sarmiento24h.com\/index.php?rest_route=%2Fwp%2Fv2%2Ftags&post=167721"}],"curies":[{"name":"wp","href":"https:\/\/api.w.org\/{rel}","templated":true}]}}